{"id":95514,"date":"2025-12-12T08:19:10","date_gmt":"2025-12-12T08:19:10","guid":{"rendered":"https:\/\/www.shqiperia.com\/blog\/?p=95514"},"modified":"2025-12-12T08:19:10","modified_gmt":"2025-12-12T08:19:10","slug":"kuvendi-miraton-ligjin-per-rivleresimin-e-pasurive-te-paluajtshme-me-tatimin-5-ndikimi-tek-pronat-e-shqiptareve","status":"publish","type":"post","link":"https:\/\/www.shqiperia.com\/blog\/kuvendi-miraton-ligjin-per-rivleresimin-e-pasurive-te-paluajtshme-me-tatimin-5-ndikimi-tek-pronat-e-shqiptareve\/","title":{"rendered":"Kuvendi miraton ligjin p\u00ebr rivler\u00ebsimin e pasurive t\u00eb paluajtshme me tatimin 5 %, ndikimi tek pronat e shqiptar\u00ebve"},"content":{"rendered":"<p><img data-recalc-dims=\"1\" loading=\"lazy\" decoding=\"async\" data-attachment-id=\"95515\" data-permalink=\"https:\/\/www.shqiperia.com\/blog\/kuvendi-miraton-ligjin-per-rivleresimin-e-pasurive-te-paluajtshme-me-tatimin-5-ndikimi-tek-pronat-e-shqiptareve\/900-0-bigstock-tirana-albania-june-a-310037863-990x556-1\/\" data-orig-file=\"https:\/\/i0.wp.com\/www.shqiperia.com\/blog\/wp-content\/uploads\/2025\/12\/900-0-bigstock-tirana-albania-june-a-310037863-990x556-1.jpg?fit=900%2C505&amp;ssl=1\" data-orig-size=\"900,505\" data-comments-opened=\"1\" data-image-meta=\"{&quot;aperture&quot;:&quot;0&quot;,&quot;credit&quot;:&quot;&quot;,&quot;camera&quot;:&quot;&quot;,&quot;caption&quot;:&quot;&quot;,&quot;created_timestamp&quot;:&quot;0&quot;,&quot;copyright&quot;:&quot;&quot;,&quot;focal_length&quot;:&quot;0&quot;,&quot;iso&quot;:&quot;0&quot;,&quot;shutter_speed&quot;:&quot;0&quot;,&quot;title&quot;:&quot;&quot;,&quot;orientation&quot;:&quot;0&quot;}\" data-image-title=\"900-0-bigstock-tirana-albania-june-a-310037863-990&#215;556-1\" data-image-description=\"\" data-image-caption=\"\" data-medium-file=\"https:\/\/i0.wp.com\/www.shqiperia.com\/blog\/wp-content\/uploads\/2025\/12\/900-0-bigstock-tirana-albania-june-a-310037863-990x556-1.jpg?fit=300%2C168&amp;ssl=1\" data-large-file=\"https:\/\/i0.wp.com\/www.shqiperia.com\/blog\/wp-content\/uploads\/2025\/12\/900-0-bigstock-tirana-albania-june-a-310037863-990x556-1.jpg?fit=900%2C505&amp;ssl=1\" class=\"alignnone  wp-image-95515\" alt=\"\" src=\"https:\/\/i0.wp.com\/www.shqiperia.com\/blog\/wp-content\/uploads\/2025\/12\/900-0-bigstock-tirana-albania-june-a-310037863-990x556-1.jpg?resize=611%2C342&#038;ssl=1\" width=\"611\" height=\"342\" srcset=\"https:\/\/i0.wp.com\/www.shqiperia.com\/blog\/wp-content\/uploads\/2025\/12\/900-0-bigstock-tirana-albania-june-a-310037863-990x556-1.jpg?resize=300%2C168&amp;ssl=1 300w, https:\/\/i0.wp.com\/www.shqiperia.com\/blog\/wp-content\/uploads\/2025\/12\/900-0-bigstock-tirana-albania-june-a-310037863-990x556-1.jpg?resize=768%2C431&amp;ssl=1 768w, https:\/\/i0.wp.com\/www.shqiperia.com\/blog\/wp-content\/uploads\/2025\/12\/900-0-bigstock-tirana-albania-june-a-310037863-990x556-1.jpg?resize=450%2C253&amp;ssl=1 450w, https:\/\/i0.wp.com\/www.shqiperia.com\/blog\/wp-content\/uploads\/2025\/12\/900-0-bigstock-tirana-albania-june-a-310037863-990x556-1.jpg?resize=600%2C337&amp;ssl=1 600w, https:\/\/i0.wp.com\/www.shqiperia.com\/blog\/wp-content\/uploads\/2025\/12\/900-0-bigstock-tirana-albania-june-a-310037863-990x556-1.jpg?resize=400%2C224&amp;ssl=1 400w, https:\/\/i0.wp.com\/www.shqiperia.com\/blog\/wp-content\/uploads\/2025\/12\/900-0-bigstock-tirana-albania-june-a-310037863-990x556-1.jpg?w=900&amp;ssl=1 900w\" sizes=\"auto, (max-width: 611px) 100vw, 611px\" \/><\/p>\n<p class=\"title-post\"><span>12 Dhjetor 2025<\/span><\/p>\n<p class=\"title-post\"><span>Kuvendi ka miratuar projektligjin \u201cP\u00ebr rivler\u00ebsimin e pasurive t\u00eb paluajtshme\u201d me 76 vota pro dhe 22 kund\u00ebr. Sipas paket\u00ebs s\u00eb re, t\u00eb gjith\u00eb qytetar\u00ebt q\u00eb do t\u00eb rivler\u00ebsojn\u00eb pronat e tyre do t\u00eb p\u00ebrfshihen n\u00eb nj\u00eb tatim 5%.<\/span><\/p>\n<div>\n<div class=\"spot-im-replies-count\" data-post-id=\"eu706720\">\n<p data-start=\"315\" data-end=\"576\">Opozita k\u00ebrkoi q\u00eb p\u00ebr familjet kjo norm\u00eb t\u00eb ishte vet\u00ebm 2%, por ministri i Financave theksoi gjat\u00eb seanc\u00ebs se ulja nuk \u00ebsht\u00eb e mundur, pasi p\u00ebr her\u00eb t\u00eb par\u00eb do t\u00eb njihet amortizimi apo vjet\u00ebrsia e banesave, element q\u00eb sipas tij justifikon nivelin 5% t\u00eb tatimit.<img loading=\"lazy\" decoding=\"async\" class=\"td-animation-stack-type0-2\" alt=\"\" src=\"https:\/\/ads.euronews.al\/www\/delivery\/lg.php?bannerid=0&amp;campaignid=0&amp;zoneid=16&amp;loc=https%3A%2F%2Feuronews.al%2Fkuvendi-miraton-ligjin-per-rivleresimin-e-pasurive-te-paluajtshme-me-tatimin-5%2F&amp;referer=https%3A%2F%2Feuronews.al%2Fjust-in%2F&amp;cb=6d1f8ad7ba\" width=\"0\" height=\"0\" data-pin-no-hover=\"true\" \/><\/p>\n<p data-start=\"578\" data-end=\"803\">Gjithashtu, shumica rr\u00ebzoi amendamentet e deputetit Erion Bra\u00e7e, i cili propozonte nj\u00eb norm\u00eb tatimore 3% p\u00ebr zonat jo-rezidenciale, si edhe p\u00ebrfshirjen n\u00eb p\u00ebrfitime t\u00eb banesave q\u00eb ndodhen n\u00eb proces legalizimi ose regjistrimi.<\/p>\n<p data-start=\"805\" data-end=\"1114\">Sipas ligjit t\u00eb ri, nga janari deri n\u00eb dhjetor 2026 do t\u00eb zhvillohet nj\u00eb fushat\u00eb komb\u00ebtare p\u00ebr rivler\u00ebsimin e pasurive t\u00eb paluajtshme. Tatimi do t\u00eb jet\u00eb 5% mbi diferenc\u00ebn mes vler\u00ebs s\u00eb regjistruar n\u00eb kadast\u00ebr dhe asaj t\u00eb shitjes, ndryshe nga sistemi aktual q\u00eb parashikon tatim 15% n\u00eb momentin e transaksionit.<\/p>\n<p data-start=\"1116\" data-end=\"1268\" data-is-last-node=\"\" data-is-only-node=\"\">Kjo norm\u00eb, e cila aplikohet nj\u00ebsoj p\u00ebr individ\u00ebt dhe bizneset, konsiderohet si m\u00eb e larta e vendosur ndonj\u00ebher\u00eb p\u00ebr procesin e rivler\u00ebsimit t\u00eb pasurive.<\/p>\n<\/div>\n<\/div>\n","protected":false},"excerpt":{"rendered":"<p>12 Dhjetor 2025 Kuvendi ka miratuar projektligjin \u201cP\u00ebr rivler\u00ebsimin e pasurive t\u00eb paluajtshme\u201d me 76 vota pro dhe 22 kund\u00ebr. Sipas paket\u00ebs s\u00eb re, t\u00eb gjith\u00eb qytetar\u00ebt q\u00eb do t\u00eb rivler\u00ebsojn\u00eb pronat e tyre do t\u00eb p\u00ebrfshihen n\u00eb nj\u00eb tatim 5%. Opozita k\u00ebrkoi q\u00eb p\u00ebr familjet kjo norm\u00eb t\u00eb ishte vet\u00ebm 2%, por ministri i [&hellip;]<\/p>\n","protected":false},"author":9,"featured_media":95515,"comment_status":"open","ping_status":"open","sticky":false,"template":"","format":"standard","meta":{"jetpack_post_was_ever_published":false,"_jetpack_newsletter_access":"","_jetpack_dont_email_post_to_subs":false,"_jetpack_newsletter_tier_id":0,"_jetpack_memberships_contains_paywalled_content":false,"_jetpack_memberships_contains_paid_content":false,"footnotes":"","jetpack_publicize_message":"","jetpack_publicize_feature_enabled":true,"jetpack_social_post_already_shared":true,"jetpack_social_options":{"image_generator_settings":{"template":"highway","default_image_id":0,"font":"","enabled":false},"version":2}},"categories":[27,1,2],"tags":[],"class_list":["post-95514","post","type-post","status-publish","format-standard","has-post-thumbnail","hentry","category-blogu-i-udhetarit","category-njoftime-shtypi","category-politika"],"jetpack_publicize_connections":[],"jetpack_featured_media_url":"https:\/\/i0.wp.com\/www.shqiperia.com\/blog\/wp-content\/uploads\/2025\/12\/900-0-bigstock-tirana-albania-june-a-310037863-990x556-1.jpg?fit=900%2C505&ssl=1","jetpack_sharing_enabled":true,"jetpack_shortlink":"https:\/\/wp.me\/p5Z6wp-oQy","jetpack-related-posts":[{"id":81148,"url":"https:\/\/www.shqiperia.com\/blog\/projektligji-i-ri-per-rivleresimin-e-pronave-a-do-te-rriten-cmimet-e-apartamenteve-ne-tirane\/","url_meta":{"origin":95514,"position":0},"title":"Projektligji i ri p\u00ebr rivler\u00ebsimin e pronave: &#8211; A do t\u00eb rriten \u00e7mimet e apartamenteve n\u00eb Tiran\u00eb?","author":"Kurt Farka","date":"May 18, 2024","format":false,"excerpt":"18 Maji 2024 Nj\u00eb rivler\u00ebsim tjet\u00ebr i pronave, por me nj\u00eb norm\u00eb tatimi 5-fish m\u00eb t\u00eb vog\u00ebl ka ngritur aludimet e nj\u00eb l\u00ebvizje t\u00eb mundshme t\u00eb \u00e7mimeve p\u00ebr tregun e pasurive t\u00eb paluajtshme. Ekspert\u00ebt e tregut imobiliar\u00eb tregojn\u00eb se ky proces mund t\u00eb prek vet\u00ebm nj\u00eb kategori apartamentesh. \u201cNe mendojm\u00eb\u2026","rel":"","context":"In &quot;Blogu i Udh\u00ebtarit&quot;","block_context":{"text":"Blogu i Udh\u00ebtarit","link":"https:\/\/www.shqiperia.com\/blog\/category\/blogu-i-udhetarit\/"},"img":{"alt_text":"","src":"https:\/\/i0.wp.com\/www.shqiperia.com\/blog\/wp-content\/uploads\/2024\/05\/IMG_0306-jpeg.jpg?fit=672%2C375&ssl=1&resize=350%2C200","width":350,"height":200,"srcset":"https:\/\/i0.wp.com\/www.shqiperia.com\/blog\/wp-content\/uploads\/2024\/05\/IMG_0306-jpeg.jpg?fit=672%2C375&ssl=1&resize=350%2C200 1x, https:\/\/i0.wp.com\/www.shqiperia.com\/blog\/wp-content\/uploads\/2024\/05\/IMG_0306-jpeg.jpg?fit=672%2C375&ssl=1&resize=525%2C300 1.5x"},"classes":[]},{"id":39257,"url":"https:\/\/www.shqiperia.com\/blog\/pastrim-parash-ne-kohe-pandemie-aktiviteti-i-pasurive-te-paluajtshme-arrin-rekord-historik\/","url_meta":{"origin":95514,"position":1},"title":"Pastrim parash n\u00eb koh\u00eb pandemie, aktiviteti i pasurive t\u00eb paluajtshme arrin rekord historik","author":"Kurt Farka","date":"October 5, 2020","format":false,"excerpt":"Pastrim parash n\u00eb koh\u00eb pandemie, aktiviteti i pasurive t\u00eb paluajtshme arrin rekord historik 5 TETOR 2020 N\u00ebse ka pasur nj\u00eb sektor q\u00eb nuk ka pushuar asnj\u00eb dit\u00eb gjat\u00eb kulmit t\u00eb pandemis\u00eb, kur pothuajse t\u00eb gjith\u00eb ishin t\u00eb mbyllur n\u00eb sht\u00ebpi, vet\u00ebm pak dyqane ishin hapur dhe bankat punon me orar\u2026","rel":"","context":"In &quot;Blogu i Udh\u00ebtarit&quot;","block_context":{"text":"Blogu i Udh\u00ebtarit","link":"https:\/\/www.shqiperia.com\/blog\/category\/blogu-i-udhetarit\/"},"img":{"alt_text":"","src":"https:\/\/i0.wp.com\/www.shqiperia.com\/blog\/wp-content\/uploads\/2020\/10\/640-0-5f7aaf159b247.jpg?fit=640%2C351&ssl=1&resize=350%2C200","width":350,"height":200,"srcset":"https:\/\/i0.wp.com\/www.shqiperia.com\/blog\/wp-content\/uploads\/2020\/10\/640-0-5f7aaf159b247.jpg?fit=640%2C351&ssl=1&resize=350%2C200 1x, https:\/\/i0.wp.com\/www.shqiperia.com\/blog\/wp-content\/uploads\/2020\/10\/640-0-5f7aaf159b247.jpg?fit=640%2C351&ssl=1&resize=525%2C300 1.5x"},"classes":[]},{"id":78338,"url":"https:\/\/www.shqiperia.com\/blog\/frike-nga-flluskat-financiare-banka-e-shqiperise-me-rregullore-te-re-per-kredite\/","url_meta":{"origin":95514,"position":2},"title":"Frik\u00eb nga \u201cflluskat financiare\u201d! &#8211; Banka e Shqip\u00ebris\u00eb me rregullore t\u00eb re p\u00ebr kredit\u00eb","author":"Kurt Farka","date":"February 16, 2024","format":false,"excerpt":"16 Shkurt 2024 Banka e Shqip\u00ebris\u00eb ka miratuar nj\u00eb rregullore t\u00eb n\u00eb t\u00eb cil\u00ebn parashikon t\u00eb forcoj\u00eb kontrollin dhe kriteret p\u00ebr dh\u00ebnien e kredive n\u00eb pasurit\u00eb e paluajtshme. K\u00ebshtu n\u00eb vendimin e botuar n\u00eb fletoren zyrtare institucioni monetar i k\u00ebrkon bankave t\u00eb nivelit t\u00eb dyt\u00eb q\u00eb nga 24 marsi i\u2026","rel":"","context":"In &quot;Blogu i Udh\u00ebtarit&quot;","block_context":{"text":"Blogu i Udh\u00ebtarit","link":"https:\/\/www.shqiperia.com\/blog\/category\/blogu-i-udhetarit\/"},"img":{"alt_text":"","src":"https:\/\/i0.wp.com\/www.shqiperia.com\/blog\/wp-content\/uploads\/2024\/02\/1682620074_banka-1.jpg?fit=1200%2C675&ssl=1&resize=350%2C200","width":350,"height":200,"srcset":"https:\/\/i0.wp.com\/www.shqiperia.com\/blog\/wp-content\/uploads\/2024\/02\/1682620074_banka-1.jpg?fit=1200%2C675&ssl=1&resize=350%2C200 1x, https:\/\/i0.wp.com\/www.shqiperia.com\/blog\/wp-content\/uploads\/2024\/02\/1682620074_banka-1.jpg?fit=1200%2C675&ssl=1&resize=525%2C300 1.5x, https:\/\/i0.wp.com\/www.shqiperia.com\/blog\/wp-content\/uploads\/2024\/02\/1682620074_banka-1.jpg?fit=1200%2C675&ssl=1&resize=700%2C400 2x, https:\/\/i0.wp.com\/www.shqiperia.com\/blog\/wp-content\/uploads\/2024\/02\/1682620074_banka-1.jpg?fit=1200%2C675&ssl=1&resize=1050%2C600 3x"},"classes":[]},{"id":63251,"url":"https:\/\/www.shqiperia.com\/blog\/fmn-paralajmeron-per-rreziqet-qe-mund-te-vijne-nga-bumi-i-ndertimit-te-pallateve-dhe-pasurive-te-paluajtshme-ne-shqiperi\/","url_meta":{"origin":95514,"position":3},"title":"FMN paralajm\u00ebron p\u00ebr rreziqet q\u00eb mund t\u00eb vijn\u00eb nga bumi i nd\u00ebrtimit te pallateve dhe pasurive t\u00eb paluajtshme n\u00eb Shqip\u00ebri","author":"Kurt Farka","date":"October 13, 2022","format":false,"excerpt":"13 Tetor 2022 Fondi Monetar Nd\u00ebrkomb\u00ebtar (FMN), n\u00eb deklarat\u00ebn e fundit p\u00ebr Shqip\u00ebrin\u00eb, ka k\u00ebshilluar q\u00eb t\u00eb tregohet kujdes p\u00ebr ndikimin q\u00eb mund t\u00eb ket\u00eb vrulli i nd\u00ebrtimeve dhe zgjerimi i tregut t\u00eb pasurive t\u00eb paluajtshme n\u00eb stabilitetin e sektorit financiar. \u201cNe b\u00ebjm\u00eb thirrje p\u00ebr monitorim nga af\u00ebr dhe menaxhim\u2026","rel":"","context":"In &quot;Blogu i Udh\u00ebtarit&quot;","block_context":{"text":"Blogu i Udh\u00ebtarit","link":"https:\/\/www.shqiperia.com\/blog\/category\/blogu-i-udhetarit\/"},"img":{"alt_text":"","src":"https:\/\/i0.wp.com\/www.shqiperia.com\/blog\/wp-content\/uploads\/2022\/10\/vlcsnap-2021-12-09-17h47m16s369-1068x601-1.png?fit=1068%2C601&ssl=1&resize=350%2C200","width":350,"height":200,"srcset":"https:\/\/i0.wp.com\/www.shqiperia.com\/blog\/wp-content\/uploads\/2022\/10\/vlcsnap-2021-12-09-17h47m16s369-1068x601-1.png?fit=1068%2C601&ssl=1&resize=350%2C200 1x, https:\/\/i0.wp.com\/www.shqiperia.com\/blog\/wp-content\/uploads\/2022\/10\/vlcsnap-2021-12-09-17h47m16s369-1068x601-1.png?fit=1068%2C601&ssl=1&resize=525%2C300 1.5x, https:\/\/i0.wp.com\/www.shqiperia.com\/blog\/wp-content\/uploads\/2022\/10\/vlcsnap-2021-12-09-17h47m16s369-1068x601-1.png?fit=1068%2C601&ssl=1&resize=700%2C400 2x, https:\/\/i0.wp.com\/www.shqiperia.com\/blog\/wp-content\/uploads\/2022\/10\/vlcsnap-2021-12-09-17h47m16s369-1068x601-1.png?fit=1068%2C601&ssl=1&resize=1050%2C600 3x"},"classes":[]},{"id":54097,"url":"https:\/\/www.shqiperia.com\/blog\/arber-brahaj-ekspert-i-pasurive-te-paluajtshme-qirate-e-apartamenteve-ne-tirane-jane-rritur-deri-20\/","url_meta":{"origin":95514,"position":4},"title":"Arber Brahaj Ekspert i Pasurive t\u00eb Paluajtshme: &#8211; Qirat\u00eb e apartamenteve n\u00eb Tiran\u00eb jan\u00eb rritur deri 20%,","author":"Kurt Farka","date":"February 16, 2022","format":false,"excerpt":"Arber Brahaj Ekspert i Pasurive t\u00eb Paluajtshme: - Qirat\u00eb e apartamenteve n\u00eb Tiran\u00eb jan\u00eb rritur deri 20%, 16 Shkurt 2022 T\u00eb gjesh sht\u00ebpi me qira ekonomike n\u00eb Tiran\u00eb \u00ebsht\u00eb e pamundur dhe sipas ekspert\u00ebve t\u00eb pasurive t\u00eb paluajtshme shtrenjtimi deri n\u00eb 20 % m\u00eb shum\u00eb ka ndodhur p\u00ebr shkak t\u00eb\u2026","rel":"","context":"In &quot;Blogu i Udh\u00ebtarit&quot;","block_context":{"text":"Blogu i Udh\u00ebtarit","link":"https:\/\/www.shqiperia.com\/blog\/category\/blogu-i-udhetarit\/"},"img":{"alt_text":"","src":"https:\/\/i0.wp.com\/www.shqiperia.com\/blog\/wp-content\/uploads\/2022\/02\/Arber-Brahaj-eksperti-i-pasurive-te-paluajtshme.jpg?fit=747%2C397&ssl=1&resize=350%2C200","width":350,"height":200,"srcset":"https:\/\/i0.wp.com\/www.shqiperia.com\/blog\/wp-content\/uploads\/2022\/02\/Arber-Brahaj-eksperti-i-pasurive-te-paluajtshme.jpg?fit=747%2C397&ssl=1&resize=350%2C200 1x, https:\/\/i0.wp.com\/www.shqiperia.com\/blog\/wp-content\/uploads\/2022\/02\/Arber-Brahaj-eksperti-i-pasurive-te-paluajtshme.jpg?fit=747%2C397&ssl=1&resize=525%2C300 1.5x, https:\/\/i0.wp.com\/www.shqiperia.com\/blog\/wp-content\/uploads\/2022\/02\/Arber-Brahaj-eksperti-i-pasurive-te-paluajtshme.jpg?fit=747%2C397&ssl=1&resize=700%2C400 2x"},"classes":[]},{"id":70120,"url":"https:\/\/www.shqiperia.com\/blog\/a-eshte-2023-nje-kohe-e-mire-per-te-investuar-ne-pasuri-te-paluajtshme\/","url_meta":{"origin":95514,"position":5},"title":"A \u00ebsht\u00eb 2023 nj\u00eb koh\u00eb e mir\u00eb p\u00ebr t\u00eb investuar n\u00eb pasuri t\u00eb paluajtshme?!","author":"Kurt Farka","date":"March 26, 2023","format":false,"excerpt":"26 Mars 2023 Investimi n\u00eb pasuri t\u00eb paluajtshme mund t\u00eb jet\u00eb nj\u00eb metod\u00eb e shk\u00eblqyer p\u00ebr t\u00eb nd\u00ebrtuar shum\u00eb pasuri pik\u00ebrisht tani n\u00eb vitin 2023. Mendoni p\u00ebr pasurit\u00eb e paluajtshme si nj\u00eb investim afatgjat\u00eb pasi tregu i banesave \u00ebsht\u00eb aktualisht jasht\u00eb kontrollit. Jo vet\u00ebm q\u00eb \u00e7mimet e pronave po rriten\u2026","rel":"","context":"In &quot;Blogu i Udh\u00ebtarit&quot;","block_context":{"text":"Blogu i Udh\u00ebtarit","link":"https:\/\/www.shqiperia.com\/blog\/category\/blogu-i-udhetarit\/"},"img":{"alt_text":"","src":"https:\/\/i0.wp.com\/www.shqiperia.com\/blog\/wp-content\/uploads\/2023\/03\/shtepi-scaled-e1675259325443-765x383-1.jpg?fit=765%2C383&ssl=1&resize=350%2C200","width":350,"height":200,"srcset":"https:\/\/i0.wp.com\/www.shqiperia.com\/blog\/wp-content\/uploads\/2023\/03\/shtepi-scaled-e1675259325443-765x383-1.jpg?fit=765%2C383&ssl=1&resize=350%2C200 1x, https:\/\/i0.wp.com\/www.shqiperia.com\/blog\/wp-content\/uploads\/2023\/03\/shtepi-scaled-e1675259325443-765x383-1.jpg?fit=765%2C383&ssl=1&resize=525%2C300 1.5x, https:\/\/i0.wp.com\/www.shqiperia.com\/blog\/wp-content\/uploads\/2023\/03\/shtepi-scaled-e1675259325443-765x383-1.jpg?fit=765%2C383&ssl=1&resize=700%2C400 2x"},"classes":[]}],"_links":{"self":[{"href":"https:\/\/www.shqiperia.com\/blog\/wp-json\/wp\/v2\/posts\/95514","targetHints":{"allow":["GET"]}}],"collection":[{"href":"https:\/\/www.shqiperia.com\/blog\/wp-json\/wp\/v2\/posts"}],"about":[{"href":"https:\/\/www.shqiperia.com\/blog\/wp-json\/wp\/v2\/types\/post"}],"author":[{"embeddable":true,"href":"https:\/\/www.shqiperia.com\/blog\/wp-json\/wp\/v2\/users\/9"}],"replies":[{"embeddable":true,"href":"https:\/\/www.shqiperia.com\/blog\/wp-json\/wp\/v2\/comments?post=95514"}],"version-history":[{"count":1,"href":"https:\/\/www.shqiperia.com\/blog\/wp-json\/wp\/v2\/posts\/95514\/revisions"}],"predecessor-version":[{"id":95516,"href":"https:\/\/www.shqiperia.com\/blog\/wp-json\/wp\/v2\/posts\/95514\/revisions\/95516"}],"wp:featuredmedia":[{"embeddable":true,"href":"https:\/\/www.shqiperia.com\/blog\/wp-json\/wp\/v2\/media\/95515"}],"wp:attachment":[{"href":"https:\/\/www.shqiperia.com\/blog\/wp-json\/wp\/v2\/media?parent=95514"}],"wp:term":[{"taxonomy":"category","embeddable":true,"href":"https:\/\/www.shqiperia.com\/blog\/wp-json\/wp\/v2\/categories?post=95514"},{"taxonomy":"post_tag","embeddable":true,"href":"https:\/\/www.shqiperia.com\/blog\/wp-json\/wp\/v2\/tags?post=95514"}],"curies":[{"name":"wp","href":"https:\/\/api.w.org\/{rel}","templated":true}]}}