{"id":95510,"date":"2025-12-11T06:17:43","date_gmt":"2025-12-11T06:17:43","guid":{"rendered":"https:\/\/www.shqiperia.com\/blog\/?p=95510"},"modified":"2025-12-11T06:17:43","modified_gmt":"2025-12-11T06:17:43","slug":"kryeministri-spanjoll-situata-dramatike-e-palestinezeve-nuk-duhet-harruar","status":"publish","type":"post","link":"https:\/\/www.shqiperia.com\/blog\/kryeministri-spanjoll-situata-dramatike-e-palestinezeve-nuk-duhet-harruar\/","title":{"rendered":"Kryeministri spanjoll: &#8211; Situata dramatike e palestinez\u00ebve nuk duhet harruar"},"content":{"rendered":"<p><img data-recalc-dims=\"1\" loading=\"lazy\" decoding=\"async\" data-attachment-id=\"95511\" data-permalink=\"https:\/\/www.shqiperia.com\/blog\/kryeministri-spanjoll-situata-dramatike-e-palestinezeve-nuk-duhet-harruar\/xrwma-pedro-1\/\" data-orig-file=\"https:\/\/i0.wp.com\/www.shqiperia.com\/blog\/wp-content\/uploads\/2025\/12\/xrwma-pedro-1.webp?fit=1168%2C656&amp;ssl=1\" data-orig-size=\"1168,656\" data-comments-opened=\"1\" data-image-meta=\"{&quot;aperture&quot;:&quot;0&quot;,&quot;credit&quot;:&quot;&quot;,&quot;camera&quot;:&quot;&quot;,&quot;caption&quot;:&quot;&quot;,&quot;created_timestamp&quot;:&quot;0&quot;,&quot;copyright&quot;:&quot;&quot;,&quot;focal_length&quot;:&quot;0&quot;,&quot;iso&quot;:&quot;0&quot;,&quot;shutter_speed&quot;:&quot;0&quot;,&quot;title&quot;:&quot;&quot;,&quot;orientation&quot;:&quot;0&quot;}\" data-image-title=\"xrwma-pedro-1\" data-image-description=\"\" data-image-caption=\"\" data-medium-file=\"https:\/\/i0.wp.com\/www.shqiperia.com\/blog\/wp-content\/uploads\/2025\/12\/xrwma-pedro-1.webp?fit=300%2C168&amp;ssl=1\" data-large-file=\"https:\/\/i0.wp.com\/www.shqiperia.com\/blog\/wp-content\/uploads\/2025\/12\/xrwma-pedro-1.webp?fit=1024%2C575&amp;ssl=1\" class=\"alignnone  wp-image-95511\" alt=\"\" src=\"https:\/\/i0.wp.com\/www.shqiperia.com\/blog\/wp-content\/uploads\/2025\/12\/xrwma-pedro-1.webp?resize=707%2C396&#038;ssl=1\" width=\"707\" height=\"396\" srcset=\"https:\/\/i0.wp.com\/www.shqiperia.com\/blog\/wp-content\/uploads\/2025\/12\/xrwma-pedro-1.webp?resize=300%2C168&amp;ssl=1 300w, https:\/\/i0.wp.com\/www.shqiperia.com\/blog\/wp-content\/uploads\/2025\/12\/xrwma-pedro-1.webp?resize=1024%2C575&amp;ssl=1 1024w, https:\/\/i0.wp.com\/www.shqiperia.com\/blog\/wp-content\/uploads\/2025\/12\/xrwma-pedro-1.webp?resize=768%2C431&amp;ssl=1 768w, https:\/\/i0.wp.com\/www.shqiperia.com\/blog\/wp-content\/uploads\/2025\/12\/xrwma-pedro-1.webp?resize=450%2C253&amp;ssl=1 450w, https:\/\/i0.wp.com\/www.shqiperia.com\/blog\/wp-content\/uploads\/2025\/12\/xrwma-pedro-1.webp?resize=600%2C337&amp;ssl=1 600w, https:\/\/i0.wp.com\/www.shqiperia.com\/blog\/wp-content\/uploads\/2025\/12\/xrwma-pedro-1.webp?resize=400%2C225&amp;ssl=1 400w, https:\/\/i0.wp.com\/www.shqiperia.com\/blog\/wp-content\/uploads\/2025\/12\/xrwma-pedro-1.webp?w=1168&amp;ssl=1 1168w\" sizes=\"auto, (max-width: 707px) 100vw, 707px\" \/><\/p>\n<p>11 Dhjetor 2025<\/p>\n<p>Kryeministri spanjoll Pedro Sanchez ka reaguar p\u00ebr situat\u00ebn e v\u00ebshtir\u00eb n\u00eb Palestin\u00eb. Sanchez ka b\u00ebr\u00eb thirrje q\u00eb situata t\u00eb mos lihet pas dor\u00ebs, pasi gjendja e palestinez\u00ebve \u00ebsht\u00eb shum\u00eb dramatike.<\/p>\n<p>K\u00ebto deklarata i ka mbajtur gjat\u00eb nj\u00eb takimi q\u00eb zhvilloi n\u00eb Madrid me Presidentin e Autoritetit Palestinez, Mahmoud Abbas.<\/p>\n<p>Duke q\u00ebndruar edhe nj\u00eb her\u00eb n\u00eb favor t\u00eb zgjidhjes me dy shtete p\u00ebr t\u2019i dh\u00ebn\u00eb fund konfliktit midis izraelit\u00ebve dhe palestinez\u00ebve, Sanchez u zotua se nuk do t\u00eb hesht\u00eb duke theksuar palestinez nuk duhet t\u00eb harrohet.<\/p>\n<p>\u201cPo, ekziston nj\u00eb marr\u00ebveshje arm\u00ebpushimi, por kjo marr\u00ebveshje duhet t\u00eb jet\u00eb reale, jo fiktive. Kjo \u00ebsht\u00eb arsyeja pse ne nuk do t\u00eb pushojm\u00eb derisa t\u00eb ndalen sulmet kund\u00ebr popullsis\u00eb dhe t\u00eb mos ket\u00eb m\u00eb viktima\u201d, vazhdoi ai.<\/p>\n<div class=\"trc_related_container tbl-trecs-container trc_spotlight_widget trc_elastic trc_elastic_sc-ma-balkanweb\" id=\"taboola-sponsored-mid-article\" data-placement-name=\"Sponsored Mid Article\">\n<div id=\"vtaboola-sponsored-mid-article-video\"><\/div>\n<\/div>\n<p>Kryeministri spanjoll siguroi gjithashtu se mb\u00ebshtet Autoritetin Palestinez, i cili duhet t\u00eb \u201cluaj\u00eb nj\u00eb rol qendror dhe themelor n\u00eb formimin e mekanizmave qeveritar\u00eb q\u00eb do t\u00eb p\u00ebrcaktojn\u00eb t\u00eb ardhmen e popullit palestinez\u201d.<\/p>\n","protected":false},"excerpt":{"rendered":"<p>11 Dhjetor 2025 Kryeministri spanjoll Pedro Sanchez ka reaguar p\u00ebr situat\u00ebn e v\u00ebshtir\u00eb n\u00eb Palestin\u00eb. Sanchez ka b\u00ebr\u00eb thirrje q\u00eb situata t\u00eb mos lihet pas dor\u00ebs, pasi gjendja e palestinez\u00ebve \u00ebsht\u00eb shum\u00eb dramatike. K\u00ebto deklarata i ka mbajtur gjat\u00eb nj\u00eb takimi q\u00eb zhvilloi n\u00eb Madrid me Presidentin e Autoritetit Palestinez, Mahmoud Abbas. Duke q\u00ebndruar edhe [&hellip;]<\/p>\n","protected":false},"author":9,"featured_media":95511,"comment_status":"open","ping_status":"open","sticky":false,"template":"","format":"standard","meta":{"jetpack_post_was_ever_published":false,"_jetpack_newsletter_access":"","_jetpack_dont_email_post_to_subs":false,"_jetpack_newsletter_tier_id":0,"_jetpack_memberships_contains_paywalled_content":false,"_jetpack_memberships_contains_paid_content":false,"footnotes":"","jetpack_publicize_message":"","jetpack_publicize_feature_enabled":true,"jetpack_social_post_already_shared":true,"jetpack_social_options":{"image_generator_settings":{"template":"highway","default_image_id":0,"font":"","enabled":false},"version":2}},"categories":[27,1,2,35],"tags":[],"class_list":["post-95510","post","type-post","status-publish","format-standard","has-post-thumbnail","hentry","category-blogu-i-udhetarit","category-njoftime-shtypi","category-politika","category-shoqerore"],"jetpack_publicize_connections":[],"jetpack_featured_media_url":"https:\/\/i0.wp.com\/www.shqiperia.com\/blog\/wp-content\/uploads\/2025\/12\/xrwma-pedro-1.webp?fit=1168%2C656&ssl=1","jetpack_sharing_enabled":true,"jetpack_shortlink":"https:\/\/wp.me\/p5Z6wp-oQu","jetpack-related-posts":[{"id":89059,"url":"https:\/\/www.shqiperia.com\/blog\/vendet-e-be-kundershtojne-planin-per-zhvendosjen-e-palestinezeve-nga-gaza-mbeshtesin-zgjidhjen-me-dy-shtete-ne-rajon\/","url_meta":{"origin":95510,"position":0},"title":"Vendet e BE kund\u00ebrshtojn\u00eb planin p\u00ebr zhvendosjen e palestinez\u00ebve nga Gaza. &#8211; Mb\u00ebshtesin zgjidhjen me dy shtete n\u00eb rajon","author":"Kurt Farka","date":"February 5, 2025","format":false,"excerpt":"5 Shkurt 2025 Propozimi i Donald Trump p\u00ebr t\u00eb \u201cmarr\u00eb n\u00eb dor\u00eb\u201d Gaz\u00ebn dhe zhvendosur 1.8 milion\u00eb palestinez\u00eb p\u00ebr ta kthyer enklav\u00ebn e shkat\u00ebrruar n\u00eb \u201cRivier\u00ebn e Lindjes s\u00eb Mesme\u201d \u00ebsht\u00eb p\u00ebrballur me kritika dhe skepticiz\u00ebm t\u00eb fort\u00eb nga vendet evropiane, t\u00eb cilat paralajm\u00ebruan se ideja do t\u00eb ishte e\u2026","rel":"","context":"In &quot;Blogu i Udh\u00ebtarit&quot;","block_context":{"text":"Blogu i Udh\u00ebtarit","link":"https:\/\/www.shqiperia.com\/blog\/category\/blogu-i-udhetarit\/"},"img":{"alt_text":"","src":"https:\/\/i0.wp.com\/www.shqiperia.com\/blog\/wp-content\/uploads\/2025\/02\/palestinezet-768x512-1-675x450-1.jpg?fit=675%2C450&ssl=1&resize=350%2C200","width":350,"height":200,"srcset":"https:\/\/i0.wp.com\/www.shqiperia.com\/blog\/wp-content\/uploads\/2025\/02\/palestinezet-768x512-1-675x450-1.jpg?fit=675%2C450&ssl=1&resize=350%2C200 1x, https:\/\/i0.wp.com\/www.shqiperia.com\/blog\/wp-content\/uploads\/2025\/02\/palestinezet-768x512-1-675x450-1.jpg?fit=675%2C450&ssl=1&resize=525%2C300 1.5x"},"classes":[]},{"id":89029,"url":"https:\/\/www.shqiperia.com\/blog\/trump-kerkoi-zhvendosjen-e-palestinezeve-nga-gaza-reagojne-ashper-vendet-arabe\/","url_meta":{"origin":95510,"position":1},"title":"Trump k\u00ebrkoi zhvendosjen e palestinez\u00ebve nga Gaza. &#8211; Reagojn\u00eb ashp\u00ebr vendet arabe","author":"Kurt Farka","date":"February 5, 2025","format":false,"excerpt":"5 Shkurt 2025 T\u00eb mart\u00ebn, ish-presidenti amerikan Donald Trump u takua me kryeministrin izraelit Benjamin Netanyahu dhe gjat\u00eb nj\u00eb konference me gazetar\u00ebtpropozoi q\u00eb palestinez\u00ebt t\u00eb largoheshin nga Gaza p\u00ebr t\u2019u strehuar n\u00eb Jordanin\u00eb fqinje, Egjipt dhe vende t\u00eb tjera t\u00eb rajonit. Trump argumentoi se, n\u00ebse marr\u00ebveshjet e zhvendosjes do t\u00eb\u2026","rel":"","context":"In &quot;Blogu i Udh\u00ebtarit&quot;","block_context":{"text":"Blogu i Udh\u00ebtarit","link":"https:\/\/www.shqiperia.com\/blog\/category\/blogu-i-udhetarit\/"},"img":{"alt_text":"","src":"https:\/\/i0.wp.com\/www.shqiperia.com\/blog\/wp-content\/uploads\/2025\/02\/Trump-2.jpg?fit=892%2C516&ssl=1&resize=350%2C200","width":350,"height":200,"srcset":"https:\/\/i0.wp.com\/www.shqiperia.com\/blog\/wp-content\/uploads\/2025\/02\/Trump-2.jpg?fit=892%2C516&ssl=1&resize=350%2C200 1x, https:\/\/i0.wp.com\/www.shqiperia.com\/blog\/wp-content\/uploads\/2025\/02\/Trump-2.jpg?fit=892%2C516&ssl=1&resize=525%2C300 1.5x, https:\/\/i0.wp.com\/www.shqiperia.com\/blog\/wp-content\/uploads\/2025\/02\/Trump-2.jpg?fit=892%2C516&ssl=1&resize=700%2C400 2x"},"classes":[]},{"id":23594,"url":"https:\/\/www.shqiperia.com\/blog\/ambasadori-spanjoll-shqiptare-mos-lejoni-te-qeveriseni-nga-ambasadore\/","url_meta":{"origin":95510,"position":2},"title":"Ambasadori Spanjoll: Shqiptar\u00eb, mos lejoni t\u00eb qeveriseni nga ambasador\u00eb&#8230;","author":"Kurt Farka","date":"July 26, 2019","format":false,"excerpt":"Ambasadori Spanjoll: Shqiptar\u00eb, mos lejoni t\u00eb qeveriseni nga ambasador\u00eb... 26\/07\/2019 Ambasadori spanjoll n\u00eb vendin ton\u00eb,Vicente Canelles Montero ka komentuar nga Kor\u00e7a kriz\u00ebn politike n\u00eb vend. Ai ka deklaruar se duhet t\u00eb dialogojn\u00eb pal\u00ebt politike n\u00eb vend. \u201cShqip\u00ebria duhet t\u00eb vendos\u00eb vet\u00eb sesi t\u00eb dal\u00eb nga kjo kriz\u00eb. N\u00eb Spanj\u00eb situata\u2026","rel":"","context":"In &quot;Blogu i Udh\u00ebtarit&quot;","block_context":{"text":"Blogu i Udh\u00ebtarit","link":"https:\/\/www.shqiperia.com\/blog\/category\/blogu-i-udhetarit\/"},"img":{"alt_text":"","src":"https:\/\/i0.wp.com\/www.shqiperia.com\/blog\/wp-content\/uploads\/2019\/07\/auto_auto_Vicente_Canelles_Montero15641258631564131121.jpg?fit=832%2C459&ssl=1&resize=350%2C200","width":350,"height":200,"srcset":"https:\/\/i0.wp.com\/www.shqiperia.com\/blog\/wp-content\/uploads\/2019\/07\/auto_auto_Vicente_Canelles_Montero15641258631564131121.jpg?fit=832%2C459&ssl=1&resize=350%2C200 1x, https:\/\/i0.wp.com\/www.shqiperia.com\/blog\/wp-content\/uploads\/2019\/07\/auto_auto_Vicente_Canelles_Montero15641258631564131121.jpg?fit=832%2C459&ssl=1&resize=525%2C300 1.5x, https:\/\/i0.wp.com\/www.shqiperia.com\/blog\/wp-content\/uploads\/2019\/07\/auto_auto_Vicente_Canelles_Montero15641258631564131121.jpg?fit=832%2C459&ssl=1&resize=700%2C400 2x"},"classes":[]},{"id":89115,"url":"https:\/\/www.shqiperia.com\/blog\/izraeli-udhezon-ushtrine-te-pergatise-plane-per-largimin-e-palestinezeve-nga-gaza\/","url_meta":{"origin":95510,"position":3},"title":"Izraeli udh\u00ebzon ushtrin\u00eb t\u00eb p\u00ebrgatis\u00eb plane p\u00ebr largimin e palestinez\u00ebve nga Gaza","author":"Kurt Farka","date":"February 6, 2025","format":false,"excerpt":"6 Shkurt 2025 Ministri i Mbrojtjes izraelit tha se ka udh\u00ebzuar ushtrin\u00eb q\u00eb t\u00eb p\u00ebrgatis\u00eb plane q\u00eb nj\u00eb num\u00ebr i madh i palestinez\u00ebve t\u00eb largohen \u201cn\u00eb m\u00ebnyr\u00eb vullnetare\u201d nga Rripi i Gaz\u00ebs, n\u00eb linj\u00eb me propozimin e presidentit amerikan, Donald Trump, p\u00ebr territorin e shkat\u00ebrruar nga lufta. Ministri izraelit i\u2026","rel":"","context":"In &quot;Blogu i Udh\u00ebtarit&quot;","block_context":{"text":"Blogu i Udh\u00ebtarit","link":"https:\/\/www.shqiperia.com\/blog\/category\/blogu-i-udhetarit\/"},"img":{"alt_text":"","src":"https:\/\/i0.wp.com\/www.shqiperia.com\/blog\/wp-content\/uploads\/2025\/02\/640-0-7622f499213430c8df81e7805073d3be.jpg?fit=640%2C360&ssl=1&resize=350%2C200","width":350,"height":200,"srcset":"https:\/\/i0.wp.com\/www.shqiperia.com\/blog\/wp-content\/uploads\/2025\/02\/640-0-7622f499213430c8df81e7805073d3be.jpg?fit=640%2C360&ssl=1&resize=350%2C200 1x, https:\/\/i0.wp.com\/www.shqiperia.com\/blog\/wp-content\/uploads\/2025\/02\/640-0-7622f499213430c8df81e7805073d3be.jpg?fit=640%2C360&ssl=1&resize=525%2C300 1.5x"},"classes":[]},{"id":88765,"url":"https:\/\/www.shqiperia.com\/blog\/kemi-te-bejme-me-pastrim-etnik-te-paster-goxhaj-jane-3-plane-per-levizjen-e-palestinezeve\/","url_meta":{"origin":95510,"position":4},"title":"&#8221;Kemi t\u00eb b\u00ebjm\u00eb me &#8216;pastrim etnik&#8217; t\u00eb past\u00ebr&#8221;. Goxhaj: &#8211; Jan\u00eb 3 plane p\u00ebr l\u00ebvizjen e palestinez\u00ebve","author":"Kurt Farka","date":"January 28, 2025","format":false,"excerpt":"28 Janar 2025 Ish-luft\u00ebtari i U\u00c7K, Dritan Goxhaj i ftuar n\u00eb emisionin \u2018\u2019Ora e Betit\u2019\u2019 n\u00eb Ora Ne\u00ebs u shpreh se p\u00ebrsa i p\u00ebrket palestinez\u00ebve n\u00eb Gaza kemi t\u00eb b\u00ebjm\u00eb me nj\u00eb pastrim etnik t\u00eb past\u00ebr dhe se jan\u00eb tre plane p\u00ebr l\u00ebvizjen e palestinez\u00ebve. Goxhaj:\u00a0Nuk \u00ebsht\u00eb \u00e7\u00ebshtje lidhje shpirt\u00ebrore\u2026","rel":"","context":"In &quot;Blogu i Udh\u00ebtarit&quot;","block_context":{"text":"Blogu i Udh\u00ebtarit","link":"https:\/\/www.shqiperia.com\/blog\/category\/blogu-i-udhetarit\/"},"img":{"alt_text":"","src":"https:\/\/i0.wp.com\/www.shqiperia.com\/blog\/wp-content\/uploads\/2025\/01\/Goxhaj-1.jpg?fit=851%2C501&ssl=1&resize=350%2C200","width":350,"height":200,"srcset":"https:\/\/i0.wp.com\/www.shqiperia.com\/blog\/wp-content\/uploads\/2025\/01\/Goxhaj-1.jpg?fit=851%2C501&ssl=1&resize=350%2C200 1x, https:\/\/i0.wp.com\/www.shqiperia.com\/blog\/wp-content\/uploads\/2025\/01\/Goxhaj-1.jpg?fit=851%2C501&ssl=1&resize=525%2C300 1.5x, https:\/\/i0.wp.com\/www.shqiperia.com\/blog\/wp-content\/uploads\/2025\/01\/Goxhaj-1.jpg?fit=851%2C501&ssl=1&resize=700%2C400 2x"},"classes":[]},{"id":63780,"url":"https:\/\/www.shqiperia.com\/blog\/kryeministri-rama-pranon-se-deri-me-sot-top-channel-it-i-ka-dhene-favoret-qe-ka-kerkuar-ylli-manjani-kjo-eshte-situata-dramatike-qe-perjetone-shoqeria-jone\/","url_meta":{"origin":95510,"position":5},"title":"Kryeministri Rama pranon se deri m\u00eb sot Top Channel-it i ka dh\u00ebn\u00eb favoret q\u00eb ka k\u00ebrkuar?! Ylli Manjani: &#8211; Kjo \u00ebsht\u00eb situata\u00a0dramatike q\u00eb p\u00ebrjetone shoq\u00ebria jone","author":"Kurt Farka","date":"October 31, 2022","format":false,"excerpt":"30 Tetor 2022 Ish-ministri i Drejt\u00ebsis\u00eb, Ylli Manjani n\u00eb nj\u00eb postim n\u00eb rrjetet sociale ka analizuar reagimit e fundit t\u00eb kryeministrit Rama, ku ky i fundit goditur Top Channel duke shkruar se k\u00ebrkon nxitje kund\u00ebr qeveris\u00eb p\u00ebr shkak se do favore t\u00eb paligjshme. Manjani shkruan se kjo \u00ebsht\u00eb situata m\u00eb\u2026","rel":"","context":"In &quot;Blogu i Udh\u00ebtarit&quot;","block_context":{"text":"Blogu i Udh\u00ebtarit","link":"https:\/\/www.shqiperia.com\/blog\/category\/blogu-i-udhetarit\/"},"img":{"alt_text":"","src":"https:\/\/i0.wp.com\/www.shqiperia.com\/blog\/wp-content\/uploads\/2022\/10\/Edi-Ramas-300x169.jpg?resize=350%2C200&ssl=1","width":350,"height":200,"srcset":"https:\/\/i0.wp.com\/www.shqiperia.com\/blog\/wp-content\/uploads\/2022\/10\/Edi-Ramas-300x169.jpg?resize=350%2C200&ssl=1 1x, https:\/\/i0.wp.com\/www.shqiperia.com\/blog\/wp-content\/uploads\/2022\/10\/Edi-Ramas-300x169.jpg?resize=525%2C300&ssl=1 1.5x"},"classes":[]}],"_links":{"self":[{"href":"https:\/\/www.shqiperia.com\/blog\/wp-json\/wp\/v2\/posts\/95510","targetHints":{"allow":["GET"]}}],"collection":[{"href":"https:\/\/www.shqiperia.com\/blog\/wp-json\/wp\/v2\/posts"}],"about":[{"href":"https:\/\/www.shqiperia.com\/blog\/wp-json\/wp\/v2\/types\/post"}],"author":[{"embeddable":true,"href":"https:\/\/www.shqiperia.com\/blog\/wp-json\/wp\/v2\/users\/9"}],"replies":[{"embeddable":true,"href":"https:\/\/www.shqiperia.com\/blog\/wp-json\/wp\/v2\/comments?post=95510"}],"version-history":[{"count":1,"href":"https:\/\/www.shqiperia.com\/blog\/wp-json\/wp\/v2\/posts\/95510\/revisions"}],"predecessor-version":[{"id":95512,"href":"https:\/\/www.shqiperia.com\/blog\/wp-json\/wp\/v2\/posts\/95510\/revisions\/95512"}],"wp:featuredmedia":[{"embeddable":true,"href":"https:\/\/www.shqiperia.com\/blog\/wp-json\/wp\/v2\/media\/95511"}],"wp:attachment":[{"href":"https:\/\/www.shqiperia.com\/blog\/wp-json\/wp\/v2\/media?parent=95510"}],"wp:term":[{"taxonomy":"category","embeddable":true,"href":"https:\/\/www.shqiperia.com\/blog\/wp-json\/wp\/v2\/categories?post=95510"},{"taxonomy":"post_tag","embeddable":true,"href":"https:\/\/www.shqiperia.com\/blog\/wp-json\/wp\/v2\/tags?post=95510"}],"curies":[{"name":"wp","href":"https:\/\/api.w.org\/{rel}","templated":true}]}}