{"id":95506,"date":"2025-12-11T06:12:29","date_gmt":"2025-12-11T06:12:29","guid":{"rendered":"https:\/\/www.shqiperia.com\/blog\/?p=95506"},"modified":"2025-12-11T06:12:29","modified_gmt":"2025-12-11T06:12:29","slug":"mithat-havari-protesta-e-lapajt-simbol-tmerron-ramen","status":"publish","type":"post","link":"https:\/\/www.shqiperia.com\/blog\/mithat-havari-protesta-e-lapajt-simbol-tmerron-ramen\/","title":{"rendered":"Mit\u2019hat Havari: &#8211; Protesta e Lapajt? Simbol, tmerron Ram\u00ebn!"},"content":{"rendered":"<div id=\"attachment_95508\" style=\"width: 608px\" class=\"wp-caption alignnone\"><img data-recalc-dims=\"1\" loading=\"lazy\" decoding=\"async\" aria-describedby=\"caption-attachment-95508\" data-attachment-id=\"95508\" data-permalink=\"https:\/\/www.shqiperia.com\/blog\/mithat-havari-protesta-e-lapajt-simbol-tmerron-ramen\/mithat-havari-2\/\" data-orig-file=\"https:\/\/i0.wp.com\/www.shqiperia.com\/blog\/wp-content\/uploads\/2025\/12\/Mithat-Havari.jpg?fit=1113%2C613&amp;ssl=1\" data-orig-size=\"1113,613\" data-comments-opened=\"1\" data-image-meta=\"{&quot;aperture&quot;:&quot;0&quot;,&quot;credit&quot;:&quot;Redaksia&quot;,&quot;camera&quot;:&quot;&quot;,&quot;caption&quot;:&quot;&quot;,&quot;created_timestamp&quot;:&quot;1765404361&quot;,&quot;copyright&quot;:&quot;&quot;,&quot;focal_length&quot;:&quot;0&quot;,&quot;iso&quot;:&quot;0&quot;,&quot;shutter_speed&quot;:&quot;0&quot;,&quot;title&quot;:&quot;&quot;,&quot;orientation&quot;:&quot;0&quot;}\" data-image-title=\"Mit\u2019hat Havari\" data-image-description=\"\" data-image-caption=\"&lt;p&gt;Mit\u2019hat Havari&lt;\/p&gt;\n\" data-medium-file=\"https:\/\/i0.wp.com\/www.shqiperia.com\/blog\/wp-content\/uploads\/2025\/12\/Mithat-Havari.jpg?fit=300%2C165&amp;ssl=1\" data-large-file=\"https:\/\/i0.wp.com\/www.shqiperia.com\/blog\/wp-content\/uploads\/2025\/12\/Mithat-Havari.jpg?fit=1024%2C564&amp;ssl=1\" class=\" wp-image-95508\" alt=\"\" src=\"https:\/\/i0.wp.com\/www.shqiperia.com\/blog\/wp-content\/uploads\/2025\/12\/Mithat-Havari.jpg?resize=598%2C329&#038;ssl=1\" width=\"598\" height=\"329\" srcset=\"https:\/\/i0.wp.com\/www.shqiperia.com\/blog\/wp-content\/uploads\/2025\/12\/Mithat-Havari.jpg?resize=300%2C165&amp;ssl=1 300w, https:\/\/i0.wp.com\/www.shqiperia.com\/blog\/wp-content\/uploads\/2025\/12\/Mithat-Havari.jpg?resize=1024%2C564&amp;ssl=1 1024w, https:\/\/i0.wp.com\/www.shqiperia.com\/blog\/wp-content\/uploads\/2025\/12\/Mithat-Havari.jpg?resize=768%2C423&amp;ssl=1 768w, https:\/\/i0.wp.com\/www.shqiperia.com\/blog\/wp-content\/uploads\/2025\/12\/Mithat-Havari.jpg?resize=450%2C248&amp;ssl=1 450w, https:\/\/i0.wp.com\/www.shqiperia.com\/blog\/wp-content\/uploads\/2025\/12\/Mithat-Havari.jpg?resize=600%2C330&amp;ssl=1 600w, https:\/\/i0.wp.com\/www.shqiperia.com\/blog\/wp-content\/uploads\/2025\/12\/Mithat-Havari.jpg?resize=400%2C220&amp;ssl=1 400w, https:\/\/i0.wp.com\/www.shqiperia.com\/blog\/wp-content\/uploads\/2025\/12\/Mithat-Havari.jpg?w=1113&amp;ssl=1 1113w\" sizes=\"auto, (max-width: 598px) 100vw, 598px\" \/><p id=\"caption-attachment-95508\" class=\"wp-caption-text\">Mit\u2019hat Havari<\/p><\/div>\n<p>11 Dhjetor 2025<\/p>\n<p>I ftuar n\u00eb<span>\u00a0<\/span><strong>\u201cOponenc\u00eb\u201d<\/strong><span>\u00a0<\/span>n\u00eb News24, ish-drejtuesi i Policis\u00eb s\u00eb Tiran\u00ebs, Mit\u2019hat Havari foli p\u00ebr nj\u00eb s\u00ebr\u00eb zhvillimesh t\u00eb r\u00ebnd\u00ebsishme n\u00eb vend. N\u00eb fokus t\u00eb bised\u00ebs n\u00eb studio, Havari u ndal edhe te 21 janari dhe skandalet e korrupsionit t\u00eb qeveris\u00eb Rama. Ai thekson se me gjith\u00eb skandalet q\u00eb kan\u00eb ndodhur do ta detyrojn\u00eb popullin t\u00eb p\u00ebrs\u00ebrisin nj\u00eb tjet\u00ebr 21 janar.<\/p>\n<p>\u201cKur flitet p\u00ebr miliona asaj vajz\u00ebs nuk i b\u00ebn t\u00ebrr syri. K\u00ebto veprime q\u00eb po b\u00ebjn\u00eb e detyrojn\u00eb k\u00ebt\u00eb popull t\u00eb p\u00ebrs\u00ebritet nj\u00eb \u201c21 janar\u201d. P\u00ebrderisa sa shtetin nuk e ke t\u00eb besuesh\u00ebm, policin\u00eb nuk e ka t\u00eb besueshme. K\u00ebta nuk jan\u00eb t\u00eb hapur p\u00ebr qytetar\u00ebt. Situata \u00ebsht\u00eb kaotike dhe situata kaotike politike reflekton direkt te jeta e njer\u00ebzve. Situata e tyre \u00ebsht\u00eb e r\u00ebnd\u00eb. Jan\u00eb me dhjet\u00ebra t\u00eb arrestuar. Nuk \u00ebsht\u00eb nj\u00eb apo dy\u201d, tha ai.<\/p>\n<p>Ai komentoi edhe protest\u00ebn e Adriatik Lapajt p\u00ebrpara Kryeministris\u00eb.<\/p>\n<p>Ish-drejtori i Policis\u00eb tha se ajo protest\u00eb \u00ebsht\u00eb nj\u00eb simbol dhe se sipas tij \u00ebsht\u00eb nj\u00eb tmerr p\u00ebr Ram\u00ebn, sepse q\u00ebndresa merr v\u00ebmendjen nga t\u00eb gjith\u00eb,.<\/p>\n<div class=\"trc_related_container tbl-trecs-container trc_spotlight_widget trc_elastic trc_elastic_sc-ma-balkanweb\" id=\"taboola-sponsored-mid-article\" data-placement-name=\"Sponsored Mid Article\">\n<div id=\"vtaboola-sponsored-mid-article-video\"><\/div>\n<\/div>\n<p>\u201cAi me at\u00eb karrige \u00ebsht\u00eb simbol Dhe kur e sheh Rama tmerrohet. Ai k\u00ebrkon t\u00eb ngrihen, t\u00eb ket\u00eb reagim . \u00c7do autokraci ka nj\u00eb fund sado e gjat\u00eb q\u00eb t\u00eb jet\u00eb. Por lum ai q\u00eb e mbyll karrier\u00ebn me dinjitet\u201d, tha ai.<\/p>\n<div><a target=\"_blank\" href=\"https:\/\/www.facebook.com\/groups\/709747609433811\/\" rel=\"noopener\"> Balkanweb<\/a><\/div>\n","protected":false},"excerpt":{"rendered":"<p>11 Dhjetor 2025 I ftuar n\u00eb\u00a0\u201cOponenc\u00eb\u201d\u00a0n\u00eb News24, ish-drejtuesi i Policis\u00eb s\u00eb Tiran\u00ebs, Mit\u2019hat Havari foli p\u00ebr nj\u00eb s\u00ebr\u00eb zhvillimesh t\u00eb r\u00ebnd\u00ebsishme n\u00eb vend. N\u00eb fokus t\u00eb bised\u00ebs n\u00eb studio, Havari u ndal edhe te 21 janari dhe skandalet e korrupsionit t\u00eb qeveris\u00eb Rama. Ai thekson se me gjith\u00eb skandalet q\u00eb kan\u00eb ndodhur do ta detyrojn\u00eb [&hellip;]<\/p>\n","protected":false},"author":9,"featured_media":95508,"comment_status":"open","ping_status":"open","sticky":false,"template":"","format":"standard","meta":{"jetpack_post_was_ever_published":false,"_jetpack_newsletter_access":"","_jetpack_dont_email_post_to_subs":false,"_jetpack_newsletter_tier_id":0,"_jetpack_memberships_contains_paywalled_content":false,"_jetpack_memberships_contains_paid_content":false,"footnotes":"","jetpack_publicize_message":"","jetpack_publicize_feature_enabled":true,"jetpack_social_post_already_shared":true,"jetpack_social_options":{"image_generator_settings":{"template":"highway","default_image_id":0,"font":"","enabled":false},"version":2}},"categories":[27,1,35],"tags":[],"class_list":["post-95506","post","type-post","status-publish","format-standard","has-post-thumbnail","hentry","category-blogu-i-udhetarit","category-njoftime-shtypi","category-shoqerore"],"jetpack_publicize_connections":[],"jetpack_featured_media_url":"https:\/\/i0.wp.com\/www.shqiperia.com\/blog\/wp-content\/uploads\/2025\/12\/Mithat-Havari.jpg?fit=1113%2C613&ssl=1","jetpack_sharing_enabled":true,"jetpack_shortlink":"https:\/\/wp.me\/p5Z6wp-oQq","jetpack-related-posts":[{"id":2695,"url":"https:\/\/www.shqiperia.com\/blog\/2695-2\/","url_meta":{"origin":95506,"position":0},"title":"Testamenti Dhe Varri i Mit\u2019hat Frash\u00ebrit","author":"Kurt Farka","date":"February 8, 2018","format":false,"excerpt":"SHKRUAN: DR. SKENDER MURTEZANI Mit\u2019hat Frash\u00ebri Sh\u00ebrb\u00ebtor i Kombit: Njeriu q\u00eb adhuroi librin dhe dashuroi Kombin, meriton q\u00eb eshtrat e tij t\u00eb pushojn\u00eb n\u00eb kopshtin e libraris\u00eb dhe arkivit q\u00eb ia fali Atdheut . Mithat Frash\u00ebri \u00ebsht\u00eb kolosi I fundit i Frash\u00ebrllinjve. Sa m\u00eb shum\u00eb lexon p\u00ebr veprimtarin\u00eb e tij\u2026","rel":"","context":"In &quot;Blogu i Udh\u00ebtarit&quot;","block_context":{"text":"Blogu i Udh\u00ebtarit","link":"https:\/\/www.shqiperia.com\/blog\/category\/blogu-i-udhetarit\/"},"img":{"alt_text":"","src":"https:\/\/i0.wp.com\/www.shqiperia.com\/blog\/wp-content\/uploads\/2018\/02\/mithat-Frasheri.jpg?fit=640%2C483&ssl=1&resize=350%2C200","width":350,"height":200,"srcset":"https:\/\/i0.wp.com\/www.shqiperia.com\/blog\/wp-content\/uploads\/2018\/02\/mithat-Frasheri.jpg?fit=640%2C483&ssl=1&resize=350%2C200 1x, https:\/\/i0.wp.com\/www.shqiperia.com\/blog\/wp-content\/uploads\/2018\/02\/mithat-Frasheri.jpg?fit=640%2C483&ssl=1&resize=525%2C300 1.5x"},"classes":[]},{"id":17313,"url":"https:\/\/www.shqiperia.com\/blog\/rrezimi-i-vendimit-per-dritan-dajtin-mithat-havari-policia-ne-gjendje-deshperuese-hajdarmataj-te-merren-masa-ndaj-gjyqtareve\/","url_meta":{"origin":95506,"position":1},"title":"Rr\u00ebzimi i vendimit p\u00ebr Dritan Dajtin\/ Mit&#8217;hat Havari: &#8211; Policia n\u00eb gjendje d\u00ebshp\u00ebruese. Hajdarmataj: &#8211; T\u00eb merren masa ndaj gjyqtar\u00ebve. &#8211;","author":"Kurt Farka","date":"February 13, 2019","format":false,"excerpt":"Rr\u00ebzimi i vendimit p\u00ebr Dritan Dajtin\/ Mit'hat Havari: - Policia n\u00eb gjendje d\u00ebshp\u00ebruese. Hajdarmataj: - T\u00eb merren masa ndaj gjyqtar\u00ebve. - : 12 Shkurt 2019. P\u00ebr Mit'hat Havarin, ky vendim i Gjykat\u00ebs ka demotivuar pun\u00ebn e Policis\u00eb s\u00eb Shtetit, nd\u00ebrsa paralajm\u00ebron se Dritan Dajti do jet\u00eb s\u00ebrish i rreziksh\u00ebm edhe\u2026","rel":"","context":"In &quot;Blogu i Udh\u00ebtarit&quot;","block_context":{"text":"Blogu i Udh\u00ebtarit","link":"https:\/\/www.shqiperia.com\/blog\/category\/blogu-i-udhetarit\/"},"img":{"alt_text":"","src":"https:\/\/i0.wp.com\/www.shqiperia.com\/blog\/wp-content\/uploads\/2019\/02\/Mithat-Havari-300x167.jpg?resize=350%2C200","width":350,"height":200},"classes":[]},{"id":13717,"url":"https:\/\/www.shqiperia.com\/blog\/mithat-frasheri-njeri-me-kulture-te-thelle-e-me-bindje-liberale-politikan-me-orientim-perendimor-nuk-do-ta-katandiste-shqipnine-ne-ate-gjendje-ku-e-la-komunizmi-ne-vitin-1990\/","url_meta":{"origin":95506,"position":2},"title":"Mit\u2019hat Frash\u00ebri, njeri me kultur\u00eb t\u00eb thell\u00eb e me bindje liberale, politikan me orientim per\u00ebndimor nuk do ta katandiste Shqipnin\u00eb n\u00eb at\u00eb gjendje ku e la komunizmi n\u00eb vitin 1990. &#8211;","author":"Kurt Farka","date":"November 14, 2018","format":false,"excerpt":"Mit\u2019hat Frash\u00ebri, njeri me kultur\u00eb t\u00eb thell\u00eb e me bindje liberale, politikan me orientim per\u00ebndimor nuk do ta katandiste Shqipnin\u00eb n\u00eb at\u00eb gjendje ku e la komunizmi n\u00eb vitin 1990. - Nga: Ardian Ndreca. - Mend\u00ebsia komuniste nuk pranon figurat si Mit\u2019hat Frash\u00ebri e madje kthimin e eshtnave t\u00eb tija\u2026","rel":"","context":"In &quot;Histori&quot;","block_context":{"text":"Histori","link":"https:\/\/www.shqiperia.com\/blog\/category\/histori\/"},"img":{"alt_text":"","src":"https:\/\/i0.wp.com\/www.shqiperia.com\/blog\/wp-content\/uploads\/2018\/11\/Mithat-Frasheri-2.jpg?fit=521%2C315&ssl=1&resize=350%2C200","width":350,"height":200},"classes":[]},{"id":65713,"url":"https:\/\/www.shqiperia.com\/blog\/rivendoset-busti-i-mithat-frasherit-ne-parkun-e-tiranes\/","url_meta":{"origin":95506,"position":3},"title":"Rivendoset busti i Mit\u2019hat Frash\u00ebrit n\u00eb Parkun e Tiranes","author":"Kurt Farka","date":"December 27, 2022","format":false,"excerpt":"27 Dhjetor 2022 Bashkia e Tiran\u00ebs ka rehabilituar n\u00eb koh\u00eb rekord bustin e Mit\u2019hat Frash\u00ebrit n\u00eb Parkun e Liqenit. Kryebashkiaku Erion Veliaj ka publikuar fotot e bustit q\u00eb \u00ebsht\u00eb rivendosur nd\u00ebrsa thekson se do t\u00eb ket\u00eb zero toleranc\u00eb p\u00ebr vandalizmin n\u00eb qytet. \u201cRehabilitohet busti i Mithat Frasherit ne Parkun e\u2026","rel":"","context":"In &quot;Histori&quot;","block_context":{"text":"Histori","link":"https:\/\/www.shqiperia.com\/blog\/category\/histori\/"},"img":{"alt_text":"","src":"https:\/\/i0.wp.com\/www.shqiperia.com\/blog\/wp-content\/uploads\/2022\/12\/Rivendoset-busti-i-Mithat-Frasherit-ne-Parkun-e-Tiranes.jpg?fit=640%2C360&ssl=1&resize=350%2C200","width":350,"height":200,"srcset":"https:\/\/i0.wp.com\/www.shqiperia.com\/blog\/wp-content\/uploads\/2022\/12\/Rivendoset-busti-i-Mithat-Frasherit-ne-Parkun-e-Tiranes.jpg?fit=640%2C360&ssl=1&resize=350%2C200 1x, https:\/\/i0.wp.com\/www.shqiperia.com\/blog\/wp-content\/uploads\/2022\/12\/Rivendoset-busti-i-Mithat-Frasherit-ne-Parkun-e-Tiranes.jpg?fit=640%2C360&ssl=1&resize=525%2C300 1.5x"},"classes":[]},{"id":46902,"url":"https:\/\/www.shqiperia.com\/blog\/dita-boterore-e-librit-ekspozohen-thesaret-e-sekuestruara-gjate-regjimit-komunist-te-mithat-frasherit\/","url_meta":{"origin":95506,"position":4},"title":"Dita Bot\u00ebrore e Librit.\u00a0 &#8211; Ekspozohen \u2018thesaret\u2019 e sekuestruara gjat\u00eb regjimit komunist t\u00eb Mit\u2019hat Frash\u00ebrit","author":"Kurt Farka","date":"April 24, 2021","format":false,"excerpt":"Dita Bot\u00ebrore e Librit.\u00a0 - Ekspozohen \u2018thesaret\u2019 e sekuestruara gjat\u00eb regjimit komunist t\u00eb Mit\u2019hat Frash\u00ebrit Nga Valeria Dedaj 23 Prill 2014 N\u00eb Dit\u00ebn Bot\u00ebrore t\u00eb Librit edhe e t\u00eb Drejt\u00ebs s\u00eb Autorit n\u00eb Bibliotek\u00ebn Komb\u00ebtare \u00ebsht\u00eb \u00e7elur ekspozita me libra t\u00eb sekuestruar gjat\u00eb regjimit komunist n\u00eb Bibliotek\u00ebn personale t\u00eb Lumo\u2026","rel":"","context":"In &quot;Arte&quot;","block_context":{"text":"Arte","link":"https:\/\/www.shqiperia.com\/blog\/category\/arte\/"},"img":{"alt_text":"","src":"https:\/\/i0.wp.com\/www.shqiperia.com\/blog\/wp-content\/uploads\/2021\/04\/1619186695_w.jpg?fit=539%2C305&ssl=1&resize=350%2C200","width":350,"height":200,"srcset":"https:\/\/i0.wp.com\/www.shqiperia.com\/blog\/wp-content\/uploads\/2021\/04\/1619186695_w.jpg?fit=539%2C305&ssl=1&resize=350%2C200 1x, https:\/\/i0.wp.com\/www.shqiperia.com\/blog\/wp-content\/uploads\/2021\/04\/1619186695_w.jpg?fit=539%2C305&ssl=1&resize=525%2C300 1.5x"},"classes":[]},{"id":53039,"url":"https:\/\/www.shqiperia.com\/blog\/infektime-rekord-a-do-te-mbyllen-shkollat-pergjigjet-rakacolli\/","url_meta":{"origin":95506,"position":5},"title":"Infektime rekord. &#8211; A do t\u00eb mbyllen shkollat? P\u00ebrgjigjet Rakacolli","author":"Kurt Farka","date":"January 13, 2022","format":false,"excerpt":"Infektime rekord. - A do t\u00eb mbyllen shkollat? P\u00ebrgjigjet Rakacolli 13 JANAR 2022 Shqip\u00ebria \u00ebsht\u00eb duke kaluar nj\u00eb situat\u00eb problematike sa i p\u00ebrket numrit t\u00eb infektimeve me koronavirus, edhe pse p\u00ebr fat t\u00eb mir\u00eb kjo nuk \u00ebsht\u00eb reflektuar me rritje t\u00eb shtrimeve n\u00eb spitale apo t\u00eb rasteve fatale. Aktualisht vendi\u2026","rel":"","context":"In &quot;Blogu i Udh\u00ebtarit&quot;","block_context":{"text":"Blogu i Udh\u00ebtarit","link":"https:\/\/www.shqiperia.com\/blog\/category\/blogu-i-udhetarit\/"},"img":{"alt_text":"","src":"https:\/\/i0.wp.com\/www.shqiperia.com\/blog\/wp-content\/uploads\/2022\/01\/640-0-61dff81ce3671.jpg?fit=640%2C336&ssl=1&resize=350%2C200","width":350,"height":200,"srcset":"https:\/\/i0.wp.com\/www.shqiperia.com\/blog\/wp-content\/uploads\/2022\/01\/640-0-61dff81ce3671.jpg?fit=640%2C336&ssl=1&resize=350%2C200 1x, https:\/\/i0.wp.com\/www.shqiperia.com\/blog\/wp-content\/uploads\/2022\/01\/640-0-61dff81ce3671.jpg?fit=640%2C336&ssl=1&resize=525%2C300 1.5x"},"classes":[]}],"_links":{"self":[{"href":"https:\/\/www.shqiperia.com\/blog\/wp-json\/wp\/v2\/posts\/95506","targetHints":{"allow":["GET"]}}],"collection":[{"href":"https:\/\/www.shqiperia.com\/blog\/wp-json\/wp\/v2\/posts"}],"about":[{"href":"https:\/\/www.shqiperia.com\/blog\/wp-json\/wp\/v2\/types\/post"}],"author":[{"embeddable":true,"href":"https:\/\/www.shqiperia.com\/blog\/wp-json\/wp\/v2\/users\/9"}],"replies":[{"embeddable":true,"href":"https:\/\/www.shqiperia.com\/blog\/wp-json\/wp\/v2\/comments?post=95506"}],"version-history":[{"count":1,"href":"https:\/\/www.shqiperia.com\/blog\/wp-json\/wp\/v2\/posts\/95506\/revisions"}],"predecessor-version":[{"id":95509,"href":"https:\/\/www.shqiperia.com\/blog\/wp-json\/wp\/v2\/posts\/95506\/revisions\/95509"}],"wp:featuredmedia":[{"embeddable":true,"href":"https:\/\/www.shqiperia.com\/blog\/wp-json\/wp\/v2\/media\/95508"}],"wp:attachment":[{"href":"https:\/\/www.shqiperia.com\/blog\/wp-json\/wp\/v2\/media?parent=95506"}],"wp:term":[{"taxonomy":"category","embeddable":true,"href":"https:\/\/www.shqiperia.com\/blog\/wp-json\/wp\/v2\/categories?post=95506"},{"taxonomy":"post_tag","embeddable":true,"href":"https:\/\/www.shqiperia.com\/blog\/wp-json\/wp\/v2\/tags?post=95506"}],"curies":[{"name":"wp","href":"https:\/\/api.w.org\/{rel}","templated":true}]}}