{"id":95503,"date":"2025-12-11T06:00:06","date_gmt":"2025-12-11T06:00:06","guid":{"rendered":"https:\/\/www.shqiperia.com\/blog\/?p=95503"},"modified":"2025-12-11T06:00:06","modified_gmt":"2025-12-11T06:00:06","slug":"adriatik-lapaj-sfidues-nuk-largohem-nga-sheshi-bashkimi-masiv-i-qytetareve-mund-ta-rrezoje-qeverine","status":"publish","type":"post","link":"https:\/\/www.shqiperia.com\/blog\/adriatik-lapaj-sfidues-nuk-largohem-nga-sheshi-bashkimi-masiv-i-qytetareve-mund-ta-rrezoje-qeverine\/","title":{"rendered":"Adriatik Lapaj sfidues\/ Nuk largohem nga sheshi, bashkimi masiv i qytetar\u00ebve mund ta rr\u00ebzoj\u00eb qeverin\u00eb"},"content":{"rendered":"<p><img data-recalc-dims=\"1\" loading=\"lazy\" decoding=\"async\" data-attachment-id=\"95504\" data-permalink=\"https:\/\/www.shqiperia.com\/blog\/adriatik-lapaj-sfidues-nuk-largohem-nga-sheshi-bashkimi-masiv-i-qytetareve-mund-ta-rrezoje-qeverine\/capture-516-1\/\" data-orig-file=\"https:\/\/i0.wp.com\/www.shqiperia.com\/blog\/wp-content\/uploads\/2025\/12\/Capture-516-1.jpg?fit=491%2C365&amp;ssl=1\" data-orig-size=\"491,365\" data-comments-opened=\"1\" data-image-meta=\"{&quot;aperture&quot;:&quot;0&quot;,&quot;credit&quot;:&quot;Elmaz&quot;,&quot;camera&quot;:&quot;&quot;,&quot;caption&quot;:&quot;&quot;,&quot;created_timestamp&quot;:&quot;1765407023&quot;,&quot;copyright&quot;:&quot;&quot;,&quot;focal_length&quot;:&quot;0&quot;,&quot;iso&quot;:&quot;0&quot;,&quot;shutter_speed&quot;:&quot;0&quot;,&quot;title&quot;:&quot;&quot;,&quot;orientation&quot;:&quot;0&quot;}\" data-image-title=\"Capture-516 (1)\" data-image-description=\"\" data-image-caption=\"\" data-medium-file=\"https:\/\/i0.wp.com\/www.shqiperia.com\/blog\/wp-content\/uploads\/2025\/12\/Capture-516-1.jpg?fit=300%2C223&amp;ssl=1\" data-large-file=\"https:\/\/i0.wp.com\/www.shqiperia.com\/blog\/wp-content\/uploads\/2025\/12\/Capture-516-1.jpg?fit=491%2C365&amp;ssl=1\" class=\"alignnone  wp-image-95504\" alt=\"\" src=\"https:\/\/i0.wp.com\/www.shqiperia.com\/blog\/wp-content\/uploads\/2025\/12\/Capture-516-1.jpg?resize=476%2C354&#038;ssl=1\" width=\"476\" height=\"354\" srcset=\"https:\/\/i0.wp.com\/www.shqiperia.com\/blog\/wp-content\/uploads\/2025\/12\/Capture-516-1.jpg?resize=300%2C223&amp;ssl=1 300w, https:\/\/i0.wp.com\/www.shqiperia.com\/blog\/wp-content\/uploads\/2025\/12\/Capture-516-1.jpg?resize=450%2C335&amp;ssl=1 450w, https:\/\/i0.wp.com\/www.shqiperia.com\/blog\/wp-content\/uploads\/2025\/12\/Capture-516-1.jpg?resize=400%2C297&amp;ssl=1 400w, https:\/\/i0.wp.com\/www.shqiperia.com\/blog\/wp-content\/uploads\/2025\/12\/Capture-516-1.jpg?w=491&amp;ssl=1 491w\" sizes=\"auto, (max-width: 476px) 100vw, 476px\" \/><\/p>\n<p>11 Dhjetor 2025<\/p>\n<p>Kreu i Shqip\u00ebria B\u00ebhet, Adriatik Lapaj foli n\u00eb lidhje direkte nga sheshi p\u00ebrpara kryeministris\u00eb ku ndodhet prej dy dit\u00ebsh pa u larguar duke protestuar.<\/p>\n<p>Lapaj thot\u00eb se nuk largohet nga sheshi pa dh\u00ebn\u00eb dor\u00ebheqjen kryeministri Edi Rama.<\/p>\n<p>Sipas tij, n\u00ebse njer\u00ebzit bashkohen procesi shkurtohet dhe Rama do detyrohet t\u00eb largohet.<\/p>\n<p>K\u00ebt\u00eb betej\u00eb, Lapaj tha se po e b\u00ebn p\u00ebr f\u00ebmij\u00ebt e k\u00ebtij vendi dhe p\u00ebr t\u00eb jetuar pjes\u00ebn e mbetur t\u00eb jet\u00ebs n\u00eb nj\u00eb vend normal.<\/p>\n<p>Adriatik Lapaj: Ka dy variante. P\u00ebr t\u00eb hequr nuk m\u00eb heqin dot. Se do vij prap\u00eb. Lodhen kot. S\u2019ka si t\u00eb m\u00eb heqin. Do vij prap\u00eb. Nuk m\u00eb mbajn\u00eb dot mbyllur. E para, fillon merr se un\u00eb e kam b\u00ebr\u00eb dhe her\u00eb tjet\u00ebr nuk kam ndjenjur nat\u00ebn me protest\u00ebn e \u00e7mimeve. K\u00ebsaj here e b\u00ebj duke ndenjur 24 or\u00eb. E para njer\u00ebzit bashkohen m\u00eb shpejt dhe procesi shkurtohet. N\u00ebse ka bashkim masivisht Edi Rama detyrohet t\u00eb jap\u00eb dor\u00ebheqje n\u00ebse populli i Tiran\u00ebs zbret n\u00eb bulevard dhe nuk ik\u00ebn pa dh\u00ebn\u00eb dor\u00ebheqje. Do ishte varianti m\u00eb i mir\u00eb p\u00ebr shqiptar\u00ebt. E dyta, qytetar\u00ebt nuk ndjejn\u00eb ndryshimin p\u00ebr k\u00ebt\u00eb vend dhe vijojn\u00eb me festat dhe ne q\u00ebndrojm\u00eb s\u00eb bashku me 30 t\u00eb rinj n\u00eb shesh, q\u00ebndrojm\u00eb aq sa t\u00eb na mbajn\u00eb limitet biologjike, do e thot\u00eb trupi. Nuk \u00ebsht\u00eb kauza ime, \u00ebsht\u00eb kauza e \u00e7do qytetari n\u00eb k\u00ebt\u00eb vend.<\/p>\n<p>\u00cbsht\u00eb \u00e7\u00ebshtja e nj\u00eb populli q\u00eb vidhet dhe tallet. Po sakrifikoj p\u00ebr ti l\u00ebn\u00eb vajz\u00ebs sime dhe f\u00ebmij\u00ebve t\u00eb k\u00ebtij vendi. Q\u00eb ti l\u00ebm\u00eb nj\u00eb vend normal. Pjes\u00ebn q\u00eb m\u00eb ka mbetur t\u00eb jet\u00ebs ta jetoj n\u00eb nj\u00eb vend normal. Ku ai q\u00eb do t\u00eb garoj\u00eb ka mund\u00ebsi t\u00eb garoj\u00eb dhe nuk i vidhet haku dhe merita. Nuk luftoj p\u00ebr gj\u00ebra t\u00eb jasht\u00ebzakonshme, luftoj p\u00ebr nj\u00eb republik\u00eb normale.<\/p>\n<p>Ajo q\u00eb mund t\u00eb b\u00ebjm\u00eb ne k\u00ebtu \u00ebsht\u00eb kjo q\u00eb po b\u00ebjm\u00eb. N\u00eb lidhje me grev\u00ebn do ishe i gatsh\u00ebm ti t\u00eb vij\u00eb ne grev\u00eb? Ngelet nj\u00eb opsion i mundsh\u00ebm.<\/p>\n","protected":false},"excerpt":{"rendered":"<p>11 Dhjetor 2025 Kreu i Shqip\u00ebria B\u00ebhet, Adriatik Lapaj foli n\u00eb lidhje direkte nga sheshi p\u00ebrpara kryeministris\u00eb ku ndodhet prej dy dit\u00ebsh pa u larguar duke protestuar. Lapaj thot\u00eb se nuk largohet nga sheshi pa dh\u00ebn\u00eb dor\u00ebheqjen kryeministri Edi Rama. Sipas tij, n\u00ebse njer\u00ebzit bashkohen procesi shkurtohet dhe Rama do detyrohet t\u00eb largohet. K\u00ebt\u00eb betej\u00eb, [&hellip;]<\/p>\n","protected":false},"author":9,"featured_media":95504,"comment_status":"open","ping_status":"open","sticky":false,"template":"","format":"standard","meta":{"jetpack_post_was_ever_published":false,"_jetpack_newsletter_access":"","_jetpack_dont_email_post_to_subs":false,"_jetpack_newsletter_tier_id":0,"_jetpack_memberships_contains_paywalled_content":false,"_jetpack_memberships_contains_paid_content":false,"footnotes":"","jetpack_publicize_message":"","jetpack_publicize_feature_enabled":true,"jetpack_social_post_already_shared":true,"jetpack_social_options":{"image_generator_settings":{"template":"highway","default_image_id":0,"font":"","enabled":false},"version":2}},"categories":[27,1],"tags":[],"class_list":["post-95503","post","type-post","status-publish","format-standard","has-post-thumbnail","hentry","category-blogu-i-udhetarit","category-njoftime-shtypi"],"jetpack_publicize_connections":[],"jetpack_featured_media_url":"https:\/\/i0.wp.com\/www.shqiperia.com\/blog\/wp-content\/uploads\/2025\/12\/Capture-516-1.jpg?fit=491%2C365&ssl=1","jetpack_sharing_enabled":true,"jetpack_shortlink":"https:\/\/wp.me\/p5Z6wp-oQn","jetpack-related-posts":[{"id":77175,"url":"https:\/\/www.shqiperia.com\/blog\/adriatik-lapaj-nese-rama-do-me-propozonte-per-minister\/","url_meta":{"origin":95503,"position":0},"title":"Adriatik Lapaj: &#8211; N\u00ebse Rama do m\u00eb propozonte p\u00ebr minist\u00ebr, . &#8230;","author":"Kurt Farka","date":"January 12, 2024","format":false,"excerpt":"12 Janar 2024 Zonj\u00ebn Pirdeni e kam pasur profesore, e njoh mir\u00eb. - \u00cbsht\u00eb nj\u00eb vajz\u00eb e jasht\u00ebzakonshme dhe un\u00eb nuk b\u00ebj dot politik\u00eb me njer\u00ebzit. Koordinatori i l\u00ebvizjes \u201cShqip\u00ebria B\u00ebhet\u201d Adriatik Lapaj \u00ebsht\u00eb shprehur se n\u00ebse formula e sistemit politik nuk ndryshon situata n\u00eb vend do t\u00eb mbetet e\u2026","rel":"","context":"In &quot;Blogu i Udh\u00ebtarit&quot;","block_context":{"text":"Blogu i Udh\u00ebtarit","link":"https:\/\/www.shqiperia.com\/blog\/category\/blogu-i-udhetarit\/"},"img":{"alt_text":"","src":"https:\/\/i0.wp.com\/www.shqiperia.com\/blog\/wp-content\/uploads\/2024\/01\/Adriatik-Lapaj.jpeg?fit=709%2C375&ssl=1&resize=350%2C200","width":350,"height":200,"srcset":"https:\/\/i0.wp.com\/www.shqiperia.com\/blog\/wp-content\/uploads\/2024\/01\/Adriatik-Lapaj.jpeg?fit=709%2C375&ssl=1&resize=350%2C200 1x, https:\/\/i0.wp.com\/www.shqiperia.com\/blog\/wp-content\/uploads\/2024\/01\/Adriatik-Lapaj.jpeg?fit=709%2C375&ssl=1&resize=525%2C300 1.5x, https:\/\/i0.wp.com\/www.shqiperia.com\/blog\/wp-content\/uploads\/2024\/01\/Adriatik-Lapaj.jpeg?fit=709%2C375&ssl=1&resize=700%2C400 2x"},"classes":[]},{"id":95861,"url":"https:\/\/www.shqiperia.com\/blog\/lapaj-vendoset-te-kryeministria-duhet-bashkim-pertej-flamujve-politike-rama-nuk-largohet-me-turizem-protestash\/","url_meta":{"origin":95503,"position":1},"title":"Lapaj vendoset te Kryeministria: &#8211; Duhet bashkim p\u00ebrtej flamujve politike. &#8211; Rama nuk largohet me \u2018turiz\u00ebm protestash\u2019","author":"Kurt Farka","date":"December 22, 2025","format":false,"excerpt":"22 Dhjetor 2025 Kreu i L\u00ebvizjes \u201cShqip\u00ebria B\u00ebhet\u201d Adriatik Lapaj pas p\u00ebrfundimit t\u00eb protest\u00ebs s\u00eb Berish\u00ebs, \u00ebsht\u00eb vendosur te Kryeministria. Gjat\u00eb fjal\u00ebs s\u00eb tij Lapaj tha se Rama dhe regjimi i tij nuk mundet dot me kapsolla. Ai b\u00ebri thirrje p\u00ebr rezistenc\u00eb dhe protesta masive. \u201cP\u00ebr dy or\u00eb hym\u00eb n\u00eb\u2026","rel":"","context":"In &quot;Blogu i Udh\u00ebtarit&quot;","block_context":{"text":"Blogu i Udh\u00ebtarit","link":"https:\/\/www.shqiperia.com\/blog\/category\/blogu-i-udhetarit\/"},"img":{"alt_text":"","src":"https:\/\/i0.wp.com\/www.shqiperia.com\/blog\/wp-content\/uploads\/2025\/12\/Lapaj-Berisha-rotated.jpg?fit=900%2C498&ssl=1&resize=350%2C200","width":350,"height":200,"srcset":"https:\/\/i0.wp.com\/www.shqiperia.com\/blog\/wp-content\/uploads\/2025\/12\/Lapaj-Berisha-rotated.jpg?fit=900%2C498&ssl=1&resize=350%2C200 1x, https:\/\/i0.wp.com\/www.shqiperia.com\/blog\/wp-content\/uploads\/2025\/12\/Lapaj-Berisha-rotated.jpg?fit=900%2C498&ssl=1&resize=525%2C300 1.5x, https:\/\/i0.wp.com\/www.shqiperia.com\/blog\/wp-content\/uploads\/2025\/12\/Lapaj-Berisha-rotated.jpg?fit=900%2C498&ssl=1&resize=700%2C400 2x"},"classes":[]},{"id":96320,"url":"https:\/\/www.shqiperia.com\/blog\/adriatik-lapaj-une-ja-kam-fajin-ballukut-pse-vjedh-53-mln-eurot-e-tunelit\/","url_meta":{"origin":95503,"position":2},"title":"Adriatik Lapaj: &#8211; Un\u00eb ja kam fajin Ballukut pse vjedh 53 mln eurot e tunelit?!","author":"Kurt Farka","date":"January 6, 2026","format":false,"excerpt":"6 Janar 2026 Nd\u00ebrsa akuzoi Policin\u00eb e Shtetit p\u00ebr ushtrim dhune dhe k\u00ebrc\u00ebnime, si dhe qeverin\u00eb p\u00ebr presione t\u00eb vazhdueshme dhe moslejimin e protest\u00ebs demokratike para Kryeministris\u00eb n\u00eb bulevard, kreu i Shqip\u00ebria B\u00ebhet akuzoi mazhoranc\u00ebn p\u00ebr skandalet e m\u00ebdha korruptive q\u00eb po hetohen nga Prokuroria e Posa\u00e7me. Ai kujtoi aferat\u2026","rel":"","context":"In &quot;Blogu i Udh\u00ebtarit&quot;","block_context":{"text":"Blogu i Udh\u00ebtarit","link":"https:\/\/www.shqiperia.com\/blog\/category\/blogu-i-udhetarit\/"},"img":{"alt_text":"","src":"https:\/\/i0.wp.com\/www.shqiperia.com\/blog\/wp-content\/uploads\/2026\/01\/adriatik-lapaj11.jpg?fit=918%2C514&ssl=1&resize=350%2C200","width":350,"height":200,"srcset":"https:\/\/i0.wp.com\/www.shqiperia.com\/blog\/wp-content\/uploads\/2026\/01\/adriatik-lapaj11.jpg?fit=918%2C514&ssl=1&resize=350%2C200 1x, https:\/\/i0.wp.com\/www.shqiperia.com\/blog\/wp-content\/uploads\/2026\/01\/adriatik-lapaj11.jpg?fit=918%2C514&ssl=1&resize=525%2C300 1.5x, https:\/\/i0.wp.com\/www.shqiperia.com\/blog\/wp-content\/uploads\/2026\/01\/adriatik-lapaj11.jpg?fit=918%2C514&ssl=1&resize=700%2C400 2x"},"classes":[]},{"id":92204,"url":"https:\/\/www.shqiperia.com\/blog\/fare-e-keqe-adriatik-lapaj-i-pergjigjet-serish-rames-ti-nuk-do-jesh-kryeminister\/","url_meta":{"origin":95503,"position":3},"title":"\u201cFar\u00eb e keqe\u201d- Adriatik Lapaj i p\u00ebrgjigjet s\u00ebrish Ram\u00ebs: &#8211; Ti nuk do jesh kryeminist\u00ebr!","author":"Kurt Farka","date":"May 4, 2025","format":false,"excerpt":"4 Maji 2025 Kryetari i Koalicionit, Shqip\u00ebria b\u00ebhet-Nisma, Adriatik Lapaj i \u00ebsht\u00eb p\u00ebrgjigjur kryeministrit Edi Rama, pasi ky i fundit cil\u00ebsoi partit\u00eb e reja si \u201cfar\u00eb e keqe\u201d. Lapaj shprehet se Rama nuk do t\u00eb jet\u00eb kryeminist\u00ebr pas 11 majit. \u201cP\u00ebrpos se i pangopur, \u00ebsht\u00eb dhe mosmir\u00ebnjoh\u00ebs. Pasi u b\u00eb\u2026","rel":"","context":"In &quot;Blogu i Udh\u00ebtarit&quot;","block_context":{"text":"Blogu i Udh\u00ebtarit","link":"https:\/\/www.shqiperia.com\/blog\/category\/blogu-i-udhetarit\/"},"img":{"alt_text":"","src":"https:\/\/i0.wp.com\/www.shqiperia.com\/blog\/wp-content\/uploads\/2025\/05\/640-0-deaddd42f1a58fe5aded2609e6feff4f.jpg?fit=640%2C355&ssl=1&resize=350%2C200","width":350,"height":200,"srcset":"https:\/\/i0.wp.com\/www.shqiperia.com\/blog\/wp-content\/uploads\/2025\/05\/640-0-deaddd42f1a58fe5aded2609e6feff4f.jpg?fit=640%2C355&ssl=1&resize=350%2C200 1x, https:\/\/i0.wp.com\/www.shqiperia.com\/blog\/wp-content\/uploads\/2025\/05\/640-0-deaddd42f1a58fe5aded2609e6feff4f.jpg?fit=640%2C355&ssl=1&resize=525%2C300 1.5x"},"classes":[]},{"id":95789,"url":"https:\/\/www.shqiperia.com\/blog\/aktori-i-njohur-viktor-zhusti-ka-reaguar-pas-publikimit-te-nje-fotografie-me-kreun-e-levizjes-shqiperia-behet-pergjigjet-adriatik-lapaj\/","url_meta":{"origin":95503,"position":4},"title":"Aktori i njohur Viktor Zhusti ka reaguar pas publikimit t\u00eb nj\u00eb fotografie me kreun e l\u00ebvizjes \u201cShqip\u00ebria B\u00ebhet\u201d. Pergjigjet Adriatik Lapaj","author":"Kurt Farka","date":"December 21, 2025","format":false,"excerpt":"21 Dhjetor 2025 Reagimi i plot\u00eb i Viktor Zhustit: Eh, mor LLAPA\u2026 Nuk di a t\u00eb kam sjell\u00eb ndonj\u00eb t\u00eb mir\u00eb me d\u00ebshir\u00ebn q\u00eb t\u00eb b\u00ebje nj\u00eb foto private, kur isha duke kaluar p\u00ebr n\u00eb sht\u00ebpi mbas shfaqjes, por mua, ve\u00e7 d\u00ebm e shqet\u00ebsim m\u00eb ke sjell\u00eb. Pranova t\u00eb beje\u2026","rel":"","context":"In &quot;Blogu i Udh\u00ebtarit&quot;","block_context":{"text":"Blogu i Udh\u00ebtarit","link":"https:\/\/www.shqiperia.com\/blog\/category\/blogu-i-udhetarit\/"},"img":{"alt_text":"","src":"https:\/\/i0.wp.com\/www.shqiperia.com\/blog\/wp-content\/uploads\/2025\/12\/Capture-14-644x375_sd.webp?fit=1200%2C675&ssl=1&resize=350%2C200","width":350,"height":200,"srcset":"https:\/\/i0.wp.com\/www.shqiperia.com\/blog\/wp-content\/uploads\/2025\/12\/Capture-14-644x375_sd.webp?fit=1200%2C675&ssl=1&resize=350%2C200 1x, https:\/\/i0.wp.com\/www.shqiperia.com\/blog\/wp-content\/uploads\/2025\/12\/Capture-14-644x375_sd.webp?fit=1200%2C675&ssl=1&resize=525%2C300 1.5x, https:\/\/i0.wp.com\/www.shqiperia.com\/blog\/wp-content\/uploads\/2025\/12\/Capture-14-644x375_sd.webp?fit=1200%2C675&ssl=1&resize=700%2C400 2x, https:\/\/i0.wp.com\/www.shqiperia.com\/blog\/wp-content\/uploads\/2025\/12\/Capture-14-644x375_sd.webp?fit=1200%2C675&ssl=1&resize=1050%2C600 3x"},"classes":[]},{"id":95732,"url":"https:\/\/www.shqiperia.com\/blog\/adritatik-lapaj-koha-qe-brezi-i-ri-te-bashkohet\/","url_meta":{"origin":95503,"position":5},"title":"Adritatik Lapaj:  &#8211; Koha q\u00eb brezi i ri t\u00eb bashkohet","author":"Kurt Farka","date":"December 20, 2025","format":false,"excerpt":"20 Dhjetor 2025 Kreu i L\u00ebvizjes \u201cShqip\u00ebria B\u00ebhet\u201d, Adriatik Lapaj n\u00eb protest\u00ebn para Kryeministris\u00eb ka k\u00ebrkuar dor\u00ebheqjen e kreut t\u00eb qeveris\u00eb, Edi Rama. Lapaj ftoi qytetar\u00ebt t\u2019i bashkohen n\u00eb tubim, nd\u00ebrsa theksoi se kryeministri nuk i ka mbajtur premtimet e b\u00ebra. Ai u shpreh se \u201cnuk tremben nga procedimet penale\u201d,\u2026","rel":"","context":"In &quot;Blogu i Udh\u00ebtarit&quot;","block_context":{"text":"Blogu i Udh\u00ebtarit","link":"https:\/\/www.shqiperia.com\/blog\/category\/blogu-i-udhetarit\/"},"img":{"alt_text":"","src":"https:\/\/i0.wp.com\/www.shqiperia.com\/blog\/wp-content\/uploads\/2025\/12\/proteste-lapaj.jpg?fit=1200%2C601&ssl=1&resize=350%2C200","width":350,"height":200,"srcset":"https:\/\/i0.wp.com\/www.shqiperia.com\/blog\/wp-content\/uploads\/2025\/12\/proteste-lapaj.jpg?fit=1200%2C601&ssl=1&resize=350%2C200 1x, https:\/\/i0.wp.com\/www.shqiperia.com\/blog\/wp-content\/uploads\/2025\/12\/proteste-lapaj.jpg?fit=1200%2C601&ssl=1&resize=525%2C300 1.5x, https:\/\/i0.wp.com\/www.shqiperia.com\/blog\/wp-content\/uploads\/2025\/12\/proteste-lapaj.jpg?fit=1200%2C601&ssl=1&resize=700%2C400 2x, https:\/\/i0.wp.com\/www.shqiperia.com\/blog\/wp-content\/uploads\/2025\/12\/proteste-lapaj.jpg?fit=1200%2C601&ssl=1&resize=1050%2C600 3x"},"classes":[]}],"_links":{"self":[{"href":"https:\/\/www.shqiperia.com\/blog\/wp-json\/wp\/v2\/posts\/95503","targetHints":{"allow":["GET"]}}],"collection":[{"href":"https:\/\/www.shqiperia.com\/blog\/wp-json\/wp\/v2\/posts"}],"about":[{"href":"https:\/\/www.shqiperia.com\/blog\/wp-json\/wp\/v2\/types\/post"}],"author":[{"embeddable":true,"href":"https:\/\/www.shqiperia.com\/blog\/wp-json\/wp\/v2\/users\/9"}],"replies":[{"embeddable":true,"href":"https:\/\/www.shqiperia.com\/blog\/wp-json\/wp\/v2\/comments?post=95503"}],"version-history":[{"count":1,"href":"https:\/\/www.shqiperia.com\/blog\/wp-json\/wp\/v2\/posts\/95503\/revisions"}],"predecessor-version":[{"id":95505,"href":"https:\/\/www.shqiperia.com\/blog\/wp-json\/wp\/v2\/posts\/95503\/revisions\/95505"}],"wp:featuredmedia":[{"embeddable":true,"href":"https:\/\/www.shqiperia.com\/blog\/wp-json\/wp\/v2\/media\/95504"}],"wp:attachment":[{"href":"https:\/\/www.shqiperia.com\/blog\/wp-json\/wp\/v2\/media?parent=95503"}],"wp:term":[{"taxonomy":"category","embeddable":true,"href":"https:\/\/www.shqiperia.com\/blog\/wp-json\/wp\/v2\/categories?post=95503"},{"taxonomy":"post_tag","embeddable":true,"href":"https:\/\/www.shqiperia.com\/blog\/wp-json\/wp\/v2\/tags?post=95503"}],"curies":[{"name":"wp","href":"https:\/\/api.w.org\/{rel}","templated":true}]}}