{"id":95495,"date":"2025-12-10T05:06:10","date_gmt":"2025-12-10T05:06:10","guid":{"rendered":"https:\/\/www.shqiperia.com\/blog\/?p=95495"},"modified":"2025-12-10T05:06:10","modified_gmt":"2025-12-10T05:06:10","slug":"takse-dashurie-dhe-rregulla-te-reja-per-ballkonin-e-zhulietes-ne-verona","status":"publish","type":"post","link":"https:\/\/www.shqiperia.com\/blog\/takse-dashurie-dhe-rregulla-te-reja-per-ballkonin-e-zhulietes-ne-verona\/","title":{"rendered":"&#8220;Taks\u00eb dashurie&#8221; dhe rregulla t\u00eb reja p\u00ebr ballkonin e Zhuliet\u00ebs n\u00eb Verona"},"content":{"rendered":"<div id=\"attachment_95496\" style=\"width: 665px\" class=\"wp-caption alignnone\"><img data-recalc-dims=\"1\" loading=\"lazy\" decoding=\"async\" aria-describedby=\"caption-attachment-95496\" data-attachment-id=\"95496\" data-permalink=\"https:\/\/www.shqiperia.com\/blog\/takse-dashurie-dhe-rregulla-te-reja-per-ballkonin-e-zhulietes-ne-verona\/verona-ballkoni-i-zhulietes\/\" data-orig-file=\"https:\/\/i0.wp.com\/www.shqiperia.com\/blog\/wp-content\/uploads\/2025\/12\/Verona-Ballkoni-i-Zhulietes.jpg?fit=640%2C336&amp;ssl=1\" data-orig-size=\"640,336\" data-comments-opened=\"1\" data-image-meta=\"{&quot;aperture&quot;:&quot;0&quot;,&quot;credit&quot;:&quot;&quot;,&quot;camera&quot;:&quot;&quot;,&quot;caption&quot;:&quot;&quot;,&quot;created_timestamp&quot;:&quot;0&quot;,&quot;copyright&quot;:&quot;&quot;,&quot;focal_length&quot;:&quot;0&quot;,&quot;iso&quot;:&quot;0&quot;,&quot;shutter_speed&quot;:&quot;0&quot;,&quot;title&quot;:&quot;&quot;,&quot;orientation&quot;:&quot;0&quot;}\" data-image-title=\"Verona Ballkoni i Zhulietes\" data-image-description=\"\" data-image-caption=\"&lt;p&gt;Verona Ballkoni i Zhulietes&lt;\/p&gt;\n\" data-medium-file=\"https:\/\/i0.wp.com\/www.shqiperia.com\/blog\/wp-content\/uploads\/2025\/12\/Verona-Ballkoni-i-Zhulietes.jpg?fit=300%2C158&amp;ssl=1\" data-large-file=\"https:\/\/i0.wp.com\/www.shqiperia.com\/blog\/wp-content\/uploads\/2025\/12\/Verona-Ballkoni-i-Zhulietes.jpg?fit=640%2C336&amp;ssl=1\" class=\" wp-image-95496\" alt=\"\" src=\"https:\/\/i0.wp.com\/www.shqiperia.com\/blog\/wp-content\/uploads\/2025\/12\/Verona-Ballkoni-i-Zhulietes.jpg?resize=655%2C345&#038;ssl=1\" width=\"655\" height=\"345\" srcset=\"https:\/\/i0.wp.com\/www.shqiperia.com\/blog\/wp-content\/uploads\/2025\/12\/Verona-Ballkoni-i-Zhulietes.jpg?resize=300%2C158&amp;ssl=1 300w, https:\/\/i0.wp.com\/www.shqiperia.com\/blog\/wp-content\/uploads\/2025\/12\/Verona-Ballkoni-i-Zhulietes.jpg?resize=450%2C236&amp;ssl=1 450w, https:\/\/i0.wp.com\/www.shqiperia.com\/blog\/wp-content\/uploads\/2025\/12\/Verona-Ballkoni-i-Zhulietes.jpg?resize=600%2C315&amp;ssl=1 600w, https:\/\/i0.wp.com\/www.shqiperia.com\/blog\/wp-content\/uploads\/2025\/12\/Verona-Ballkoni-i-Zhulietes.jpg?resize=400%2C210&amp;ssl=1 400w, https:\/\/i0.wp.com\/www.shqiperia.com\/blog\/wp-content\/uploads\/2025\/12\/Verona-Ballkoni-i-Zhulietes.jpg?w=640&amp;ssl=1 640w\" sizes=\"auto, (max-width: 655px) 100vw, 655px\" \/><p id=\"caption-attachment-95496\" class=\"wp-caption-text\">Verona Ballkoni i Zhulietes<\/p><\/div>\n<p>10 Dhjetor 2025<\/p>\n<p>P\u00ebr t\u2019u ngjitur n\u00eb ballkonin e Zhuliet\u00ebs dhe p\u00ebr t\u00eb p\u00ebrk\u00ebdhelur statuj\u00ebn e t\u00eb dashur\u00ebs s\u00eb Romeos, tani ka nj\u00eb taks\u00eb.<\/p>\n<p>Mediat italian\u00eb kan\u00eb raportuar se vizitor\u00ebt duhet t\u00eb paguajn\u00eb 12 euro, sipas vendimit t\u00eb Veron\u00ebs, duke e transformuar nd\u00ebrtes\u00ebn romantike n\u00eb zem\u00ebr t\u00eb qytetit n\u00eb nj\u00eb lloj fortese, me hyrje t\u00eb kufizuar.<\/p>\n<p>Futja e t\u00eb ashtuquajtur\u00ebs &#8220;taks\u00eb dashurie&#8221; do t\u00eb jet\u00eb n\u00eb fuqi deri m\u00eb 6 janar, p\u00ebr hyrjen n\u00eb oborr dhe ballkon.<\/p>\n<p>T\u00eb gjith\u00eb u rreshtuan, p\u00ebr t\u00eb p\u00ebrjetuar nga af\u00ebr, pes\u00eb shekuj m\u00eb von\u00eb, mitin e t\u00eb dashuruarve me yje t\u00eb kryq\u00ebzuar, t\u00eb famsh\u00ebm n\u00eb t\u00eb gjith\u00eb bot\u00ebn fal\u00eb kryevepr\u00ebs s\u00eb Shekspirit.<\/p>\n<p>\u00cbsht\u00eb ende nj\u00eb destinacion i paharruesh\u00ebm p\u00ebr turmat e turist\u00ebve, q\u00eb k\u00ebrkojn\u00eb nj\u00eb fotografi, nj\u00eb kujtim t\u00eb \u00ebmb\u00ebl p\u00ebr ta marr\u00eb me vete n\u00eb sht\u00ebpi.<\/p>\n<p>Shkurt, \u00ebsht\u00eb \u00ebndrra e dashuris\u00eb, dhe \u00e7far\u00eb r\u00ebnd\u00ebsie ka n\u00ebse \u00ebsht\u00eb vet\u00ebm imagjinat\u00eb?<\/p>\n<p>Sht\u00ebpia dhe ballkoni nuk jan\u00eb gj\u00eb tjet\u00ebr ve\u00e7se fiction, por duhet t\u00eb paguash gjithsesi, edhe p\u00ebr t\u00eb prekur gjoksin prej bronzi t\u00eb statuj\u00ebs s\u00eb Zhuliet\u00ebs, p\u00ebr t\u00eb par\u00eb tarrac\u00ebn ose p\u00ebr t\u00eb vizituar muzeun.<\/p>\n<p>Mediat italiane b\u00ebjn\u00eb t\u00eb ditur se jan\u00eb vendosur gjithashtu rregulla t\u00eb tjera.<\/p>\n<p>Nuk lejohen m\u00eb shum\u00eb se 1,460 vizitor\u00eb n\u00eb dit\u00eb.<\/p>\n<p>Numri i personave n\u00eb dhoma n\u00eb \u00e7do koh\u00eb \u00ebsht\u00eb zvog\u00ebluar n\u00eb 45, me nd\u00ebrrime 15-minut\u00ebshe.<\/p>\n<p>\u00cbsht\u00eb vendosur nj\u00eb limit prej gjasht\u00ebdhjet\u00eb sekondash p\u00ebr \u00e7iftet q\u00eb b\u00ebjn\u00eb selfie.<\/p>\n","protected":false},"excerpt":{"rendered":"<p>10 Dhjetor 2025 P\u00ebr t\u2019u ngjitur n\u00eb ballkonin e Zhuliet\u00ebs dhe p\u00ebr t\u00eb p\u00ebrk\u00ebdhelur statuj\u00ebn e t\u00eb dashur\u00ebs s\u00eb Romeos, tani ka nj\u00eb taks\u00eb. Mediat italian\u00eb kan\u00eb raportuar se vizitor\u00ebt duhet t\u00eb paguajn\u00eb 12 euro, sipas vendimit t\u00eb Veron\u00ebs, duke e transformuar nd\u00ebrtes\u00ebn romantike n\u00eb zem\u00ebr t\u00eb qytetit n\u00eb nj\u00eb lloj fortese, me hyrje t\u00eb [&hellip;]<\/p>\n","protected":false},"author":9,"featured_media":95496,"comment_status":"open","ping_status":"open","sticky":false,"template":"","format":"standard","meta":{"jetpack_post_was_ever_published":false,"_jetpack_newsletter_access":"","_jetpack_dont_email_post_to_subs":false,"_jetpack_newsletter_tier_id":0,"_jetpack_memberships_contains_paywalled_content":false,"_jetpack_memberships_contains_paid_content":false,"footnotes":"","jetpack_publicize_message":"","jetpack_publicize_feature_enabled":true,"jetpack_social_post_already_shared":true,"jetpack_social_options":{"image_generator_settings":{"template":"highway","default_image_id":0,"font":"","enabled":false},"version":2}},"categories":[85,10,1,86],"tags":[],"class_list":["post-95495","post","type-post","status-publish","format-standard","has-post-thumbnail","hentry","category-histori","category-kultura","category-njoftime-shtypi","category-trashegimi-kulturore"],"jetpack_publicize_connections":[],"jetpack_featured_media_url":"https:\/\/i0.wp.com\/www.shqiperia.com\/blog\/wp-content\/uploads\/2025\/12\/Verona-Ballkoni-i-Zhulietes.jpg?fit=640%2C336&ssl=1","jetpack_sharing_enabled":true,"jetpack_shortlink":"https:\/\/wp.me\/p5Z6wp-oQf","jetpack-related-posts":[{"id":6758,"url":"https:\/\/www.shqiperia.com\/blog\/vize-dhe-me-pagese-per-te-hyre-ne-tirane-edhe-me-tra\/","url_meta":{"origin":95495,"position":0},"title":"Viz\u00eb dhe me pages\u00eb per te hyre ne Tirane, edhe me tra! &#8211;","author":"Kurt Farka","date":"April 20, 2018","format":false,"excerpt":"Nga Dritan Kaba Viz\u00eb dhe me pages\u00eb per te hyre ne Tirane, edhe me tra! - Dikur kryetar bashkie Rama i cil\u00ebsonte \u00e7e\u00e7en\u00eb, q\u00eb duhet t\u00eb hyjn\u00eb me viz\u00eb n\u00eb Tiran\u00eb. Sot qe ka tepsin\u00eb i vet\u00ebm, ja arriti t\u2019i vendos\u00eb viza verilindjes s\u00eb Shqip\u00ebris\u00eb dhe gjysm\u00ebs tjet\u00ebr t\u00eb kombit,\u2026","rel":"","context":"In &quot;Shoqerore&quot;","block_context":{"text":"Shoqerore","link":"https:\/\/www.shqiperia.com\/blog\/category\/shoqerore\/"},"img":{"alt_text":"","src":"https:\/\/i0.wp.com\/www.shqiperia.com\/blog\/wp-content\/uploads\/2018\/04\/kalimash.jpg?fit=548%2C340&ssl=1&resize=350%2C200","width":350,"height":200,"srcset":"https:\/\/i0.wp.com\/www.shqiperia.com\/blog\/wp-content\/uploads\/2018\/04\/kalimash.jpg?fit=548%2C340&ssl=1&resize=350%2C200 1x, https:\/\/i0.wp.com\/www.shqiperia.com\/blog\/wp-content\/uploads\/2018\/04\/kalimash.jpg?fit=548%2C340&ssl=1&resize=525%2C300 1.5x"},"classes":[]},{"id":63465,"url":"https:\/\/www.shqiperia.com\/blog\/rama-i-shqetesuar-qe-nga-viti-2013-nuk-jane-rritur-asnjehere-pagat-e-ministrave-pagat-e-deputeteve-takse-te-jashtezakonshme-ndaj-kompanive-te-prodhimit-te-energjise\/","url_meta":{"origin":95495,"position":1},"title":"Rama i shqetesuar: &#8211; Q\u00eb nga viti 2013 nuk jan\u00eb rritur asnj\u00ebher\u00eb pagat e ministrave, pagat e deputet\u00ebve. &#8211; Taks\u00eb t\u00eb jasht\u00ebzakonshme ndaj kompanive t\u00eb prodhimit t\u00eb energjis\u00eb","author":"Kurt Farka","date":"October 21, 2022","format":false,"excerpt":"21 Tetor 2022 Kryeministri Rama u shpreh i vendosur se do t\u00eb vendosi nj\u00eb taks\u00eb t\u00eb jasht\u00ebzakonshme ndaj kompanive t\u00eb prodhimit t\u00eb energjis\u00eb dhe se t\u00eb ardhurat do t\u2019i p\u00ebrdor\u00eb p\u00ebr t\u00eb ndihmuar shtresat n\u00eb nevoj\u00eb. Gjat\u00eb nj\u00eb takimi me qytetar\u00ebt n\u00eb Elbasan Rama deklaroi se kjo politik\u00eb vjen pasi\u2026","rel":"","context":"In &quot;Blogu i Udh\u00ebtarit&quot;","block_context":{"text":"Blogu i Udh\u00ebtarit","link":"https:\/\/www.shqiperia.com\/blog\/category\/blogu-i-udhetarit\/"},"img":{"alt_text":"","src":"https:\/\/i0.wp.com\/www.shqiperia.com\/blog\/wp-content\/uploads\/2022\/10\/rama.jpg?fit=935%2C600&ssl=1&resize=350%2C200","width":350,"height":200,"srcset":"https:\/\/i0.wp.com\/www.shqiperia.com\/blog\/wp-content\/uploads\/2022\/10\/rama.jpg?fit=935%2C600&ssl=1&resize=350%2C200 1x, https:\/\/i0.wp.com\/www.shqiperia.com\/blog\/wp-content\/uploads\/2022\/10\/rama.jpg?fit=935%2C600&ssl=1&resize=525%2C300 1.5x, https:\/\/i0.wp.com\/www.shqiperia.com\/blog\/wp-content\/uploads\/2022\/10\/rama.jpg?fit=935%2C600&ssl=1&resize=700%2C400 2x"},"classes":[]},{"id":63470,"url":"https:\/\/www.shqiperia.com\/blog\/63470-2\/","url_meta":{"origin":95495,"position":2},"title":"Rama i shqetesuar: \u2013 Q\u00eb\u2026","author":"Kurt Farka","date":"October 21, 2022","format":false,"excerpt":"Rama i shqetesuar: \u2013 Q\u00eb nga viti 2013 nuk jan\u00eb rritur asnj\u00ebher\u00eb pagat e ministrave, pagat e deputet\u00ebve. \u2013 Taks\u00eb t\u00eb jasht\u00ebzakonshme ndaj kompanive t\u00eb prodhimit t\u00eb energjis\u00eb \u00a0Kurt Farka\u00a0on October 21, 2022 21 Tetor 2022 Kryeministri Rama u shpreh i vendosur se do t\u00eb vendosi nj\u00eb taks\u00eb t\u00eb jasht\u00ebzakonshme\u2026","rel":"","context":"In &quot;Kultura&quot;","block_context":{"text":"Kultura","link":"https:\/\/www.shqiperia.com\/blog\/category\/kultura\/"},"img":{"alt_text":"","src":"https:\/\/i0.wp.com\/www.shqiperia.com\/blog\/wp-content\/uploads\/2022\/10\/rama.jpg?resize=350%2C200&ssl=1","width":350,"height":200,"srcset":"https:\/\/i0.wp.com\/www.shqiperia.com\/blog\/wp-content\/uploads\/2022\/10\/rama.jpg?resize=350%2C200&ssl=1 1x, https:\/\/i0.wp.com\/www.shqiperia.com\/blog\/wp-content\/uploads\/2022\/10\/rama.jpg?resize=525%2C300&ssl=1 1.5x"},"classes":[]},{"id":8402,"url":"https:\/\/www.shqiperia.com\/blog\/hotelet-me-5-yje-zero-takse-fermeret-do-te-duhet-te-paguajne-edhe-mbi-3000-euro-taksa-e-nderteses\/","url_meta":{"origin":95495,"position":3},"title":"Hotelet me 5 yje zero takse, fermer\u00ebt, do t\u00eb duhet t\u00eb paguajn\u00eb edhe mbi 3,000 euro. Taksa e nd\u00ebrtes\u00ebs. &#8211;","author":"Kurt Farka","date":"June 5, 2018","format":false,"excerpt":"Hotelet me 5 yje zero takse, fermer\u00ebt, do t\u00eb duhet t\u00eb paguajn\u00eb edhe mbi 3,000 euro. Taksa e nd\u00ebrtes\u00ebs. - Hotelet me 5 yje, status special, jan\u00eb kategoria e vetme e biznesit q\u00eb p\u00ebrjashtohet nga taksa e nd\u00ebrtes\u00ebs. Kjo ishte nj\u00eb nxitje q\u00eb qeveria vendosi ta jepte mes shum\u00eb t\u00eb\u2026","rel":"","context":"In &quot;Blogu i Udh\u00ebtarit&quot;","block_context":{"text":"Blogu i Udh\u00ebtarit","link":"https:\/\/www.shqiperia.com\/blog\/category\/blogu-i-udhetarit\/"},"img":{"alt_text":"","src":"https:\/\/i0.wp.com\/www.shqiperia.com\/blog\/wp-content\/uploads\/2018\/06\/a4f2dbd5403196affc5bc9bfda0b69ac_XL.jpg?fit=800%2C587&ssl=1&resize=350%2C200","width":350,"height":200,"srcset":"https:\/\/i0.wp.com\/www.shqiperia.com\/blog\/wp-content\/uploads\/2018\/06\/a4f2dbd5403196affc5bc9bfda0b69ac_XL.jpg?fit=800%2C587&ssl=1&resize=350%2C200 1x, https:\/\/i0.wp.com\/www.shqiperia.com\/blog\/wp-content\/uploads\/2018\/06\/a4f2dbd5403196affc5bc9bfda0b69ac_XL.jpg?fit=800%2C587&ssl=1&resize=525%2C300 1.5x, https:\/\/i0.wp.com\/www.shqiperia.com\/blog\/wp-content\/uploads\/2018\/06\/a4f2dbd5403196affc5bc9bfda0b69ac_XL.jpg?fit=800%2C587&ssl=1&resize=700%2C400 2x"},"classes":[]},{"id":6730,"url":"https:\/\/www.shqiperia.com\/blog\/a-do-kete-taks-nga-bashkia-per-varrezat-e-deshmoreve\/","url_meta":{"origin":95495,"position":4},"title":"A do kete  taks nga Bashkia per Varrezat e Deshmoreve!.-","author":"Kurt Farka","date":"April 20, 2018","format":false,"excerpt":"A do kete\u00a0 taks nga Bashkia per Varrezat e Deshmoreve.- Nd\u00ebrkoh\u00eb, n\u00eb disa portale, t\u00eb h\u00ebn\u00ebn qarkulloi nj\u00eb lajm n\u00eb lidhje me nj\u00eb iniciativ\u00eb t\u00eb Bashkis\u00eb Tiran\u00eb p\u00ebr dh\u00ebnien e administrimit t\u00eb varrezave t\u00eb d\u00ebshmor\u00ebve operator\u00ebve privat\u00eb, n\u00ebp\u00ebrmjet modelit t\u00eb PPP-ve klasike, duke ngarkuar n\u00eb faturat e ujit t\u00eb qytetar\u00ebve\u2026","rel":"","context":"In &quot;Njoftime Shtypi&quot;","block_context":{"text":"Njoftime Shtypi","link":"https:\/\/www.shqiperia.com\/blog\/category\/njoftime-shtypi\/"},"img":{"alt_text":"","src":"https:\/\/i0.wp.com\/www.shqiperia.com\/blog\/wp-content\/uploads\/2018\/04\/qeni.jpg?fit=1024%2C719&ssl=1&resize=350%2C200","width":350,"height":200,"srcset":"https:\/\/i0.wp.com\/www.shqiperia.com\/blog\/wp-content\/uploads\/2018\/04\/qeni.jpg?fit=1024%2C719&ssl=1&resize=350%2C200 1x, https:\/\/i0.wp.com\/www.shqiperia.com\/blog\/wp-content\/uploads\/2018\/04\/qeni.jpg?fit=1024%2C719&ssl=1&resize=525%2C300 1.5x, https:\/\/i0.wp.com\/www.shqiperia.com\/blog\/wp-content\/uploads\/2018\/04\/qeni.jpg?fit=1024%2C719&ssl=1&resize=700%2C400 2x"},"classes":[]},{"id":8801,"url":"https:\/\/www.shqiperia.com\/blog\/takse-gjithe-familjeve-per-4-5-familje\/","url_meta":{"origin":95495,"position":5},"title":"Taks\u00eb gjith\u00eb familjeve p\u00ebr 4-5 FAMILJE?! &#8211;","author":"Kurt Farka","date":"June 18, 2018","format":false,"excerpt":"Taks\u00eb gjith\u00eb familjeve p\u00ebr 4-5 FAMILJE?!- Nga Lutfi Dervishi.- Atyre q\u00eb kan\u00eb m\u00eb shum\u00eb do t\u2019u jepet, atyre q\u00eb s\u2019kan\u00eb do t\u2019u merret edhe ajo q\u00eb kan\u00eb\u201d Gjat\u00eb pothuaj 30 viteve pune n\u00eb media nuk kisha menduar se shkall\u00ebn m\u00eb t\u00eb lart\u00eb t\u00eb humorit dhe paradoksit do ta gjeja n\u00eb\u2026","rel":"","context":"In &quot;Politika&quot;","block_context":{"text":"Politika","link":"https:\/\/www.shqiperia.com\/blog\/category\/politika\/"},"img":{"alt_text":"","src":"https:\/\/i0.wp.com\/www.shqiperia.com\/blog\/wp-content\/uploads\/2018\/06\/bujar-kapexhiu-905x395.jpg?fit=905%2C395&ssl=1&resize=350%2C200","width":350,"height":200,"srcset":"https:\/\/i0.wp.com\/www.shqiperia.com\/blog\/wp-content\/uploads\/2018\/06\/bujar-kapexhiu-905x395.jpg?fit=905%2C395&ssl=1&resize=350%2C200 1x, https:\/\/i0.wp.com\/www.shqiperia.com\/blog\/wp-content\/uploads\/2018\/06\/bujar-kapexhiu-905x395.jpg?fit=905%2C395&ssl=1&resize=525%2C300 1.5x, https:\/\/i0.wp.com\/www.shqiperia.com\/blog\/wp-content\/uploads\/2018\/06\/bujar-kapexhiu-905x395.jpg?fit=905%2C395&ssl=1&resize=700%2C400 2x"},"classes":[]}],"_links":{"self":[{"href":"https:\/\/www.shqiperia.com\/blog\/wp-json\/wp\/v2\/posts\/95495","targetHints":{"allow":["GET"]}}],"collection":[{"href":"https:\/\/www.shqiperia.com\/blog\/wp-json\/wp\/v2\/posts"}],"about":[{"href":"https:\/\/www.shqiperia.com\/blog\/wp-json\/wp\/v2\/types\/post"}],"author":[{"embeddable":true,"href":"https:\/\/www.shqiperia.com\/blog\/wp-json\/wp\/v2\/users\/9"}],"replies":[{"embeddable":true,"href":"https:\/\/www.shqiperia.com\/blog\/wp-json\/wp\/v2\/comments?post=95495"}],"version-history":[{"count":1,"href":"https:\/\/www.shqiperia.com\/blog\/wp-json\/wp\/v2\/posts\/95495\/revisions"}],"predecessor-version":[{"id":95497,"href":"https:\/\/www.shqiperia.com\/blog\/wp-json\/wp\/v2\/posts\/95495\/revisions\/95497"}],"wp:featuredmedia":[{"embeddable":true,"href":"https:\/\/www.shqiperia.com\/blog\/wp-json\/wp\/v2\/media\/95496"}],"wp:attachment":[{"href":"https:\/\/www.shqiperia.com\/blog\/wp-json\/wp\/v2\/media?parent=95495"}],"wp:term":[{"taxonomy":"category","embeddable":true,"href":"https:\/\/www.shqiperia.com\/blog\/wp-json\/wp\/v2\/categories?post=95495"},{"taxonomy":"post_tag","embeddable":true,"href":"https:\/\/www.shqiperia.com\/blog\/wp-json\/wp\/v2\/tags?post=95495"}],"curies":[{"name":"wp","href":"https:\/\/api.w.org\/{rel}","templated":true}]}}