{"id":95492,"date":"2025-12-10T05:02:24","date_gmt":"2025-12-10T05:02:24","guid":{"rendered":"https:\/\/www.shqiperia.com\/blog\/?p=95492"},"modified":"2025-12-10T05:02:24","modified_gmt":"2025-12-10T05:02:24","slug":"mehmeti-pagat-e-mesuesve-me-te-uleta-se-te-sanitareve","status":"publish","type":"post","link":"https:\/\/www.shqiperia.com\/blog\/mehmeti-pagat-e-mesuesve-me-te-uleta-se-te-sanitareve\/","title":{"rendered":"Mehmeti: &#8211; Pagat e m\u00ebsuesve m\u00eb t\u00eb ul\u00ebta se t\u00eb sanitareve"},"content":{"rendered":"<p><img data-recalc-dims=\"1\" loading=\"lazy\" decoding=\"async\" data-attachment-id=\"95493\" data-permalink=\"https:\/\/www.shqiperia.com\/blog\/mehmeti-pagat-e-mesuesve-me-te-uleta-se-te-sanitareve\/600-388-whatsapp-image-2025-12-09-at-71323-pm-2-1765306528\/\" data-orig-file=\"https:\/\/i0.wp.com\/www.shqiperia.com\/blog\/wp-content\/uploads\/2025\/12\/600-388-whatsapp-image-2025-12-09-at-71323-pm-2-1765306528.jpeg?fit=600%2C388&amp;ssl=1\" data-orig-size=\"600,388\" data-comments-opened=\"1\" data-image-meta=\"{&quot;aperture&quot;:&quot;0&quot;,&quot;credit&quot;:&quot;&quot;,&quot;camera&quot;:&quot;&quot;,&quot;caption&quot;:&quot;&quot;,&quot;created_timestamp&quot;:&quot;0&quot;,&quot;copyright&quot;:&quot;&quot;,&quot;focal_length&quot;:&quot;0&quot;,&quot;iso&quot;:&quot;0&quot;,&quot;shutter_speed&quot;:&quot;0&quot;,&quot;title&quot;:&quot;&quot;,&quot;orientation&quot;:&quot;0&quot;}\" data-image-title=\"-600-388-whatsapp-image-2025-12-09-at-71323-pm-2-1765306528\" data-image-description=\"\" data-image-caption=\"\" data-medium-file=\"https:\/\/i0.wp.com\/www.shqiperia.com\/blog\/wp-content\/uploads\/2025\/12\/600-388-whatsapp-image-2025-12-09-at-71323-pm-2-1765306528.jpeg?fit=300%2C194&amp;ssl=1\" data-large-file=\"https:\/\/i0.wp.com\/www.shqiperia.com\/blog\/wp-content\/uploads\/2025\/12\/600-388-whatsapp-image-2025-12-09-at-71323-pm-2-1765306528.jpeg?fit=600%2C388&amp;ssl=1\" class=\"alignnone  wp-image-95493\" alt=\"\" src=\"https:\/\/i0.wp.com\/www.shqiperia.com\/blog\/wp-content\/uploads\/2025\/12\/600-388-whatsapp-image-2025-12-09-at-71323-pm-2-1765306528.jpeg?resize=653%2C422&#038;ssl=1\" width=\"653\" height=\"422\" srcset=\"https:\/\/i0.wp.com\/www.shqiperia.com\/blog\/wp-content\/uploads\/2025\/12\/600-388-whatsapp-image-2025-12-09-at-71323-pm-2-1765306528.jpeg?resize=300%2C194&amp;ssl=1 300w, https:\/\/i0.wp.com\/www.shqiperia.com\/blog\/wp-content\/uploads\/2025\/12\/600-388-whatsapp-image-2025-12-09-at-71323-pm-2-1765306528.jpeg?resize=450%2C291&amp;ssl=1 450w, https:\/\/i0.wp.com\/www.shqiperia.com\/blog\/wp-content\/uploads\/2025\/12\/600-388-whatsapp-image-2025-12-09-at-71323-pm-2-1765306528.jpeg?resize=400%2C259&amp;ssl=1 400w, https:\/\/i0.wp.com\/www.shqiperia.com\/blog\/wp-content\/uploads\/2025\/12\/600-388-whatsapp-image-2025-12-09-at-71323-pm-2-1765306528.jpeg?w=600&amp;ssl=1 600w\" sizes=\"auto, (max-width: 653px) 100vw, 653px\" \/><\/p>\n<p>10 Dhjetor 2025<\/p>\n<p>Eksperti i arsimit, Ndri\u00e7im Mehmeti, ka ngritur shqet\u00ebsimin p\u00ebr mosbalancimin e pagave n\u00eb institucionet arsimore gjat\u00eb intervist\u00ebs s\u00eb tij n\u00eb emisionin \u201cEpiqend\u00ebr\u201d t\u00eb moderatores s\u00eb Ora News, Sonila Musai.<\/p>\n<p>Ai theksoi se situata aktuale krijon nj\u00eb situat\u00eb paradoksale dhe demotivon m\u00ebsuesit e rinj: \u201cN\u00ebse paguan 52 mij\u00eb lek\u00eb nj\u00eb sanitare, me gjith\u00eb respektin q\u00eb kam, q\u00eb nuk ka asnj\u00eb p\u00ebrgjegj\u00ebsi dhe asnj\u00eb shkollim, dhe paguan 48 mij\u00eb lek\u00eb nj\u00eb m\u00ebsues, di\u00e7ka nuk shkon,\u201d tha Mehmeti.<\/p>\n<p>Nj\u00eb sistem elitar nuk mund t\u00eb funksionoj\u00eb n\u00eb k\u00ebt\u00eb m\u00ebnyr\u00eb, n\u00ebnvizoi eksperti, duke k\u00ebrkuar rishikim t\u00eb politikave t\u00eb pagave n\u00eb arsim.<\/p>\n","protected":false},"excerpt":{"rendered":"<p>10 Dhjetor 2025 Eksperti i arsimit, Ndri\u00e7im Mehmeti, ka ngritur shqet\u00ebsimin p\u00ebr mosbalancimin e pagave n\u00eb institucionet arsimore gjat\u00eb intervist\u00ebs s\u00eb tij n\u00eb emisionin \u201cEpiqend\u00ebr\u201d t\u00eb moderatores s\u00eb Ora News, Sonila Musai. Ai theksoi se situata aktuale krijon nj\u00eb situat\u00eb paradoksale dhe demotivon m\u00ebsuesit e rinj: \u201cN\u00ebse paguan 52 mij\u00eb lek\u00eb nj\u00eb sanitare, me gjith\u00eb [&hellip;]<\/p>\n","protected":false},"author":9,"featured_media":95493,"comment_status":"open","ping_status":"open","sticky":false,"template":"","format":"standard","meta":{"jetpack_post_was_ever_published":false,"_jetpack_newsletter_access":"","_jetpack_dont_email_post_to_subs":false,"_jetpack_newsletter_tier_id":0,"_jetpack_memberships_contains_paywalled_content":false,"_jetpack_memberships_contains_paid_content":false,"footnotes":"","jetpack_publicize_message":"","jetpack_publicize_feature_enabled":true,"jetpack_social_post_already_shared":true,"jetpack_social_options":{"image_generator_settings":{"template":"highway","default_image_id":0,"font":"","enabled":false},"version":2}},"categories":[27,1,2,35],"tags":[],"class_list":["post-95492","post","type-post","status-publish","format-standard","has-post-thumbnail","hentry","category-blogu-i-udhetarit","category-njoftime-shtypi","category-politika","category-shoqerore"],"jetpack_publicize_connections":[],"jetpack_featured_media_url":"https:\/\/i0.wp.com\/www.shqiperia.com\/blog\/wp-content\/uploads\/2025\/12\/600-388-whatsapp-image-2025-12-09-at-71323-pm-2-1765306528.jpeg?fit=600%2C388&ssl=1","jetpack_sharing_enabled":true,"jetpack_shortlink":"https:\/\/wp.me\/p5Z6wp-oQc","jetpack-related-posts":[{"id":20166,"url":"https:\/\/www.shqiperia.com\/blog\/instat-nje-shqiperi-e-varfer-me-paga-qesharake\/","url_meta":{"origin":95492,"position":0},"title":"Instat: Nj\u00eb Shqip\u00ebri e varf\u00ebr me paga \u201cqesharake\u201d. &#8211;","author":"Kurt Farka","date":"April 25, 2019","format":false,"excerpt":"Instat: Nj\u00eb Shqip\u00ebri e varf\u00ebr me paga \u201cqesharake\u201d. - Nj\u00eb e kat\u00ebrta e t\u00eb pun\u00ebsuarve q\u00eb paguan sigurime shoq\u00ebrore gjat\u00eb vitit t\u00eb kaluar deklaruan paga 24 mij\u00eb lek\u00eb n\u00eb muaj, sipas t\u00eb dh\u00ebnave t\u00eb INSTSAT referuar list\u00eb-pagesave n\u00eb tatime. N\u00eb raport me fundin e vitit 2017, sipas Monitor, numri i\u2026","rel":"","context":"In &quot;Blogu i Udh\u00ebtarit&quot;","block_context":{"text":"Blogu i Udh\u00ebtarit","link":"https:\/\/www.shqiperia.com\/blog\/category\/blogu-i-udhetarit\/"},"img":{"alt_text":"","src":"https:\/\/i0.wp.com\/www.shqiperia.com\/blog\/wp-content\/uploads\/2019\/04\/Nj%C3%AB-Shqip%C3%ABri-e-varf%C3%ABr-me-paga-%E2%80%9Cqesharake%E2%80%9D.jpeg?fit=905%2C395&ssl=1&resize=350%2C200","width":350,"height":200,"srcset":"https:\/\/i0.wp.com\/www.shqiperia.com\/blog\/wp-content\/uploads\/2019\/04\/Nj%C3%AB-Shqip%C3%ABri-e-varf%C3%ABr-me-paga-%E2%80%9Cqesharake%E2%80%9D.jpeg?fit=905%2C395&ssl=1&resize=350%2C200 1x, https:\/\/i0.wp.com\/www.shqiperia.com\/blog\/wp-content\/uploads\/2019\/04\/Nj%C3%AB-Shqip%C3%ABri-e-varf%C3%ABr-me-paga-%E2%80%9Cqesharake%E2%80%9D.jpeg?fit=905%2C395&ssl=1&resize=525%2C300 1.5x, https:\/\/i0.wp.com\/www.shqiperia.com\/blog\/wp-content\/uploads\/2019\/04\/Nj%C3%AB-Shqip%C3%ABri-e-varf%C3%ABr-me-paga-%E2%80%9Cqesharake%E2%80%9D.jpeg?fit=905%2C395&ssl=1&resize=700%2C400 2x"},"classes":[]},{"id":82015,"url":"https:\/\/www.shqiperia.com\/blog\/pensionistet-mund-te-perfitojne-120-mije-leke-vetem-me-nje-veprim-pensionet-rriten-nese-shkurtohet-numri-i-punonjesve-ne-shtet\/","url_meta":{"origin":95492,"position":1},"title":"Pensionist\u00ebt mund t\u00eb p\u00ebrfitojn\u00eb 120 mij\u00eb lek\u00eb vet\u00ebm me nj\u00eb veprim.. &#8211; Pensionet rriten n\u00ebse shkurtohet numri i punonj\u00ebsve n\u00eb shtet.","author":"Kurt Farka","date":"June 21, 2024","format":false,"excerpt":"21 Qershor 2021 Eksperti i njohur Kujtim Hoxha ka folur p\u00ebr planin q\u00eb ka qeveria p\u00ebr rritjen e pensioneve. N\u00eb nj\u00eb reagim p\u00ebr gazet\u00ebn \u201cSOT\u201d, Z.Hoxha i pyetur n\u00ebse rritja e pagave n\u00eb administrat\u00eb do t\u00eb ndikoj\u00eb edhe te pensionet shprehet se kjo gj\u00eb shihet si thik\u00eb me dy presa.\u2026","rel":"","context":"In &quot;Blogu i Udh\u00ebtarit&quot;","block_context":{"text":"Blogu i Udh\u00ebtarit","link":"https:\/\/www.shqiperia.com\/blog\/category\/blogu-i-udhetarit\/"},"img":{"alt_text":"","src":"https:\/\/i0.wp.com\/www.shqiperia.com\/blog\/wp-content\/uploads\/2024\/06\/21oSfMA2-pensioni.jpg?fit=741%2C486&ssl=1&resize=350%2C200","width":350,"height":200,"srcset":"https:\/\/i0.wp.com\/www.shqiperia.com\/blog\/wp-content\/uploads\/2024\/06\/21oSfMA2-pensioni.jpg?fit=741%2C486&ssl=1&resize=350%2C200 1x, https:\/\/i0.wp.com\/www.shqiperia.com\/blog\/wp-content\/uploads\/2024\/06\/21oSfMA2-pensioni.jpg?fit=741%2C486&ssl=1&resize=525%2C300 1.5x, https:\/\/i0.wp.com\/www.shqiperia.com\/blog\/wp-content\/uploads\/2024\/06\/21oSfMA2-pensioni.jpg?fit=741%2C486&ssl=1&resize=700%2C400 2x"},"classes":[]},{"id":15048,"url":"https:\/\/www.shqiperia.com\/blog\/kim-mehmeti-argumentoi-qendrimin-e-tij-se-pse-nuk-mbeshtet-dialogun-e-rames-me-studentet\/","url_meta":{"origin":95492,"position":2},"title":"Kim Mehmeti argumentoi q\u00ebndrimin e tij se pse nuk mb\u00ebshtet dialogun e Ram\u00ebs me student\u00ebt. &#8211;","author":"Kurt Farka","date":"December 20, 2018","format":false,"excerpt":"Kim Mehmeti argumentoi q\u00ebndrimin e tij se pse nuk mb\u00ebshtet dialogun e Ram\u00ebs me student\u00ebt. - 19 December 2018 Shkrimtari dhe publicisti Kim Mehmeti i sheh dhe i diferencon pengmarr\u00ebsit, mendimtar\u00ebt dhe m\u00ebkatar\u00ebt shqiptar\u00eb t\u00eb Shqip\u00ebris\u00eb. Kim Mehmeti: Kemi nisur dekad\u00ebn e tret\u00eb ku jetojm\u00eb vet\u00ebm me g\u00ebnjeshtra dhe premtime\u2026","rel":"","context":"In &quot;Blogu i Udh\u00ebtarit&quot;","block_context":{"text":"Blogu i Udh\u00ebtarit","link":"https:\/\/www.shqiperia.com\/blog\/category\/blogu-i-udhetarit\/"},"img":{"alt_text":"","src":"https:\/\/i0.wp.com\/www.shqiperia.com\/blog\/wp-content\/uploads\/2018\/12\/Kim-Mehmeti.jpg?fit=800%2C472&ssl=1&resize=350%2C200","width":350,"height":200,"srcset":"https:\/\/i0.wp.com\/www.shqiperia.com\/blog\/wp-content\/uploads\/2018\/12\/Kim-Mehmeti.jpg?fit=800%2C472&ssl=1&resize=350%2C200 1x, https:\/\/i0.wp.com\/www.shqiperia.com\/blog\/wp-content\/uploads\/2018\/12\/Kim-Mehmeti.jpg?fit=800%2C472&ssl=1&resize=525%2C300 1.5x, https:\/\/i0.wp.com\/www.shqiperia.com\/blog\/wp-content\/uploads\/2018\/12\/Kim-Mehmeti.jpg?fit=800%2C472&ssl=1&resize=700%2C400 2x"},"classes":[]},{"id":74197,"url":"https:\/\/www.shqiperia.com\/blog\/gjykata-kushtetuese-7-deri-8-milione-leke-rroge-debatet-ne-komisionin-e-ligjeve\/","url_meta":{"origin":95492,"position":3},"title":"Gjykata Kushtetuese 7 deri 8 milion\u00eb lek\u00eb rrog\u00eb. &#8211; Debatet n\u00eb Komisionin e Ligjeve","author":"Kurt Farka","date":"September 13, 2023","format":false,"excerpt":"13 Shtator 2023 Nj\u00eb projektligj i Ministris\u00eb s\u00eb Drejt\u00ebsis\u00eb p\u00ebr rritjen e pagave t\u00eb gjyqtar\u00ebve kushtetues u miratua n\u00eb Komisionin e Ligjeve, nd\u00ebrsa u ngrit\u00ebn pik\u00ebpyetje p\u00ebr diferenc\u00ebn e madhe me pjes\u00ebn tjet\u00ebr t\u00eb gjyq\u00ebsorit dhe konfliktin e mundsh\u00ebm t\u00eb interesit me qeverin\u00eb. Komisioni p\u00ebr C\u00ebshtjet Ligjore miratoi t\u00eb mart\u00ebn\u2026","rel":"","context":"In &quot;Blogu i Udh\u00ebtarit&quot;","block_context":{"text":"Blogu i Udh\u00ebtarit","link":"https:\/\/www.shqiperia.com\/blog\/category\/blogu-i-udhetarit\/"},"img":{"alt_text":"","src":"https:\/\/i0.wp.com\/www.shqiperia.com\/blog\/wp-content\/uploads\/2023\/09\/Gjykata-Kushtetuese-1-1.jpg?fit=700%2C467&ssl=1&resize=350%2C200","width":350,"height":200,"srcset":"https:\/\/i0.wp.com\/www.shqiperia.com\/blog\/wp-content\/uploads\/2023\/09\/Gjykata-Kushtetuese-1-1.jpg?fit=700%2C467&ssl=1&resize=350%2C200 1x, https:\/\/i0.wp.com\/www.shqiperia.com\/blog\/wp-content\/uploads\/2023\/09\/Gjykata-Kushtetuese-1-1.jpg?fit=700%2C467&ssl=1&resize=525%2C300 1.5x, https:\/\/i0.wp.com\/www.shqiperia.com\/blog\/wp-content\/uploads\/2023\/09\/Gjykata-Kushtetuese-1-1.jpg?fit=700%2C467&ssl=1&resize=700%2C400 2x"},"classes":[]},{"id":57170,"url":"https:\/\/www.shqiperia.com\/blog\/ndahet-nga-jeta-shevqeti-mehmeti-qe-ruante-koleksionin-thesar-i-trashegimise-kulturore\/","url_meta":{"origin":95492,"position":4},"title":"Ndahet nga jeta Shevqeti Mehmeti q\u00eb ruante koleksionin-thesar i trash\u00ebgimis\u00eb kulturore","author":"Kurt Farka","date":"April 25, 2022","format":false,"excerpt":"Ndahet nga jeta Shevqeti Mehmeti q\u00eb ruante koleksionin-thesar i trash\u00ebgimis\u00eb kulturore 20 prill 2022 \u2026\u201dVetem numri i fotografive kalon n\u00eb 200 mij\u00eb, \u2026\u201d. N\u00eb profesionin e tij primar si mjek specialist i urologjis\u00eb, ishte em\u00ebr i shquar edhe p\u00ebr pasionin e tij n\u00eb koleksionimin e artefakteve, e ve\u00e7mas p\u00ebr muzeun\u2026","rel":"","context":"In &quot;Blogu i Udh\u00ebtarit&quot;","block_context":{"text":"Blogu i Udh\u00ebtarit","link":"https:\/\/www.shqiperia.com\/blog\/category\/blogu-i-udhetarit\/"},"img":{"alt_text":"","src":"https:\/\/i0.wp.com\/www.shqiperia.com\/blog\/wp-content\/uploads\/2022\/04\/Ndahet-nga-jeta-Shevqeti-Mehmeti-qe-ruante-koleksionin-thesarin-e-trashegimise-kulturore.jpg?fit=900%2C456&ssl=1&resize=350%2C200","width":350,"height":200,"srcset":"https:\/\/i0.wp.com\/www.shqiperia.com\/blog\/wp-content\/uploads\/2022\/04\/Ndahet-nga-jeta-Shevqeti-Mehmeti-qe-ruante-koleksionin-thesarin-e-trashegimise-kulturore.jpg?fit=900%2C456&ssl=1&resize=350%2C200 1x, https:\/\/i0.wp.com\/www.shqiperia.com\/blog\/wp-content\/uploads\/2022\/04\/Ndahet-nga-jeta-Shevqeti-Mehmeti-qe-ruante-koleksionin-thesarin-e-trashegimise-kulturore.jpg?fit=900%2C456&ssl=1&resize=525%2C300 1.5x, https:\/\/i0.wp.com\/www.shqiperia.com\/blog\/wp-content\/uploads\/2022\/04\/Ndahet-nga-jeta-Shevqeti-Mehmeti-qe-ruante-koleksionin-thesarin-e-trashegimise-kulturore.jpg?fit=900%2C456&ssl=1&resize=700%2C400 2x"},"classes":[]},{"id":27117,"url":"https:\/\/www.shqiperia.com\/blog\/shqiperine-nuk-e-demtojne-armiqte-e-jashtem-por-patriotet-e-brendshem-te-rilindjes-kim-mehmeti-piktori-beri-shtet-qe-te\/","url_meta":{"origin":95492,"position":5},"title":"\u201cShqip\u00ebrin\u00eb nuk e d\u00ebmtojn\u00eb armiqt\u00eb e jasht\u00ebm, por patriot\u00ebt e brendsh\u00ebm t\u00eb \u2018Rilindjes\u2019\u201d- Kim Mehmeti: Piktori b\u00ebri shtet q\u00eb t\u00eb\u2026","author":"Kurt Farka","date":"October 18, 2019","format":false,"excerpt":"\u201cShqip\u00ebrin\u00eb nuk e d\u00ebmtojn\u00eb armiqt\u00eb e jasht\u00ebm, por patriot\u00ebt e brendsh\u00ebm t\u00eb \u2018Rilindjes\u2019\u201d- Kim Mehmeti: Piktori b\u00ebri shtet q\u00eb t\u00eb\u2026 18 tetor 2019 Analisti i njohur, Kim Mehmeti ka reaguar ndaj vendimit t\u00eb pritsh\u00ebm t\u00eb BE-s\u00eb p\u00ebr t\u00eb mos \u00e7elur negociatat me Shqip\u00ebrin\u00eb. Sipas tij problemi i Shqip\u00ebris\u00eb nuk \u00ebsht\u00eb\u2026","rel":"","context":"In &quot;Blogu i Udh\u00ebtarit&quot;","block_context":{"text":"Blogu i Udh\u00ebtarit","link":"https:\/\/www.shqiperia.com\/blog\/category\/blogu-i-udhetarit\/"},"img":{"alt_text":"","src":"https:\/\/i0.wp.com\/www.shqiperia.com\/blog\/wp-content\/uploads\/2019\/10\/Kim-mehmeti-Rama-tusk-Copy.jpg?fit=600%2C298&ssl=1&resize=350%2C200","width":350,"height":200,"srcset":"https:\/\/i0.wp.com\/www.shqiperia.com\/blog\/wp-content\/uploads\/2019\/10\/Kim-mehmeti-Rama-tusk-Copy.jpg?fit=600%2C298&ssl=1&resize=350%2C200 1x, https:\/\/i0.wp.com\/www.shqiperia.com\/blog\/wp-content\/uploads\/2019\/10\/Kim-mehmeti-Rama-tusk-Copy.jpg?fit=600%2C298&ssl=1&resize=525%2C300 1.5x"},"classes":[]}],"_links":{"self":[{"href":"https:\/\/www.shqiperia.com\/blog\/wp-json\/wp\/v2\/posts\/95492","targetHints":{"allow":["GET"]}}],"collection":[{"href":"https:\/\/www.shqiperia.com\/blog\/wp-json\/wp\/v2\/posts"}],"about":[{"href":"https:\/\/www.shqiperia.com\/blog\/wp-json\/wp\/v2\/types\/post"}],"author":[{"embeddable":true,"href":"https:\/\/www.shqiperia.com\/blog\/wp-json\/wp\/v2\/users\/9"}],"replies":[{"embeddable":true,"href":"https:\/\/www.shqiperia.com\/blog\/wp-json\/wp\/v2\/comments?post=95492"}],"version-history":[{"count":1,"href":"https:\/\/www.shqiperia.com\/blog\/wp-json\/wp\/v2\/posts\/95492\/revisions"}],"predecessor-version":[{"id":95494,"href":"https:\/\/www.shqiperia.com\/blog\/wp-json\/wp\/v2\/posts\/95492\/revisions\/95494"}],"wp:featuredmedia":[{"embeddable":true,"href":"https:\/\/www.shqiperia.com\/blog\/wp-json\/wp\/v2\/media\/95493"}],"wp:attachment":[{"href":"https:\/\/www.shqiperia.com\/blog\/wp-json\/wp\/v2\/media?parent=95492"}],"wp:term":[{"taxonomy":"category","embeddable":true,"href":"https:\/\/www.shqiperia.com\/blog\/wp-json\/wp\/v2\/categories?post=95492"},{"taxonomy":"post_tag","embeddable":true,"href":"https:\/\/www.shqiperia.com\/blog\/wp-json\/wp\/v2\/tags?post=95492"}],"curies":[{"name":"wp","href":"https:\/\/api.w.org\/{rel}","templated":true}]}}