{"id":95488,"date":"2025-12-09T21:40:10","date_gmt":"2025-12-09T21:40:10","guid":{"rendered":"https:\/\/www.shqiperia.com\/blog\/?p=95488"},"modified":"2025-12-09T21:40:10","modified_gmt":"2025-12-09T21:40:10","slug":"tryeza-e-agron-shehajt-per-drejtesine-balluku-vodhi-50-mln-euro-me-nje-mesazh-fati-saj-eshte-vendosur-ne-do-mblidhemi-per-shqiperine","status":"publish","type":"post","link":"https:\/\/www.shqiperia.com\/blog\/tryeza-e-agron-shehajt-per-drejtesine-balluku-vodhi-50-mln-euro-me-nje-mesazh-fati-saj-eshte-vendosur-ne-do-mblidhemi-per-shqiperine\/","title":{"rendered":"Tryeza e Agron Shehajt p\u00ebr drejt\u00ebsin\u00eb: Balluku vodhi 50 mln euro me nj\u00eb mesazh! Fati saj \u00ebsht\u00eb vendosur, ne do mblidhemi p\u00ebr Shqip\u00ebrin\u00eb"},"content":{"rendered":"<div id=\"attachment_95490\" style=\"width: 606px\" class=\"wp-caption alignnone\"><img data-recalc-dims=\"1\" loading=\"lazy\" decoding=\"async\" aria-describedby=\"caption-attachment-95490\" data-attachment-id=\"95490\" data-permalink=\"https:\/\/www.shqiperia.com\/blog\/tryeza-e-agron-shehajt-per-drejtesine-balluku-vodhi-50-mln-euro-me-nje-mesazh-fati-saj-eshte-vendosur-ne-do-mblidhemi-per-shqiperine\/agron-shehaj-10\/\" data-orig-file=\"https:\/\/i0.wp.com\/www.shqiperia.com\/blog\/wp-content\/uploads\/2025\/12\/agron-shehaj.jpg?fit=881%2C612&amp;ssl=1\" data-orig-size=\"881,612\" data-comments-opened=\"1\" data-image-meta=\"{&quot;aperture&quot;:&quot;0&quot;,&quot;credit&quot;:&quot;&quot;,&quot;camera&quot;:&quot;&quot;,&quot;caption&quot;:&quot;&quot;,&quot;created_timestamp&quot;:&quot;0&quot;,&quot;copyright&quot;:&quot;&quot;,&quot;focal_length&quot;:&quot;0&quot;,&quot;iso&quot;:&quot;0&quot;,&quot;shutter_speed&quot;:&quot;0&quot;,&quot;title&quot;:&quot;&quot;,&quot;orientation&quot;:&quot;0&quot;}\" data-image-title=\"agron shehaj\" data-image-description=\"\" data-image-caption=\"&lt;p&gt;agron shehaj&lt;\/p&gt;\n\" data-medium-file=\"https:\/\/i0.wp.com\/www.shqiperia.com\/blog\/wp-content\/uploads\/2025\/12\/agron-shehaj.jpg?fit=300%2C208&amp;ssl=1\" data-large-file=\"https:\/\/i0.wp.com\/www.shqiperia.com\/blog\/wp-content\/uploads\/2025\/12\/agron-shehaj.jpg?fit=881%2C612&amp;ssl=1\" class=\" wp-image-95490\" alt=\"\" src=\"https:\/\/i0.wp.com\/www.shqiperia.com\/blog\/wp-content\/uploads\/2025\/12\/agron-shehaj.jpg?resize=596%2C413&#038;ssl=1\" width=\"596\" height=\"413\" srcset=\"https:\/\/i0.wp.com\/www.shqiperia.com\/blog\/wp-content\/uploads\/2025\/12\/agron-shehaj.jpg?resize=300%2C208&amp;ssl=1 300w, https:\/\/i0.wp.com\/www.shqiperia.com\/blog\/wp-content\/uploads\/2025\/12\/agron-shehaj.jpg?resize=768%2C534&amp;ssl=1 768w, https:\/\/i0.wp.com\/www.shqiperia.com\/blog\/wp-content\/uploads\/2025\/12\/agron-shehaj.jpg?resize=450%2C313&amp;ssl=1 450w, https:\/\/i0.wp.com\/www.shqiperia.com\/blog\/wp-content\/uploads\/2025\/12\/agron-shehaj.jpg?resize=600%2C417&amp;ssl=1 600w, https:\/\/i0.wp.com\/www.shqiperia.com\/blog\/wp-content\/uploads\/2025\/12\/agron-shehaj.jpg?resize=400%2C278&amp;ssl=1 400w, https:\/\/i0.wp.com\/www.shqiperia.com\/blog\/wp-content\/uploads\/2025\/12\/agron-shehaj.jpg?w=881&amp;ssl=1 881w\" sizes=\"auto, (max-width: 596px) 100vw, 596px\" \/><p id=\"caption-attachment-95490\" class=\"wp-caption-text\">agron shehaj<\/p><\/div>\n<p><strong>9 Dhjetor 2025<\/strong><\/p>\n<p><strong>Kreu i Partis\u00eb Mund\u00ebsia, Agron Shehaj nes\u00ebr do t\u00eb mbledh\u00eb nj\u00eb tryez\u00eb ku do paraqes\u00eb nj\u00eb platform\u00eb n\u00eb mbrojtje t\u00eb drejt\u00ebsis\u00eb. N\u00eb studion e News24 ai zbuloi m\u00eb shum\u00eb nga kjo nis\u00ebm.<\/strong><\/p>\n<p><em>\u201cSulmi i sot\u00ebm i Edi Ram\u00ebs i kujton 1600 euro q\u00eb k\u00ebrkojn\u00eb. Mund t\u00eb jet\u00eb dhe shpifje e Edi Ram\u00ebs. Nuk i b\u00ebn p\u00ebrshtypje 50 mln euro q\u00eb vodhi Belinda Balluku me nj\u00eb mesazh se tha ashtu kam nj\u00eb ndjesi. Nuk i b\u00ebn p\u00ebrshtypje. I b\u00ebn p\u00ebrshtypje 1600 euro. Prokuroria ka k\u00ebrkuar fonde se ka shum\u00eb pun\u00eb, dhe Edi Rama \u00ebsht\u00eb nj\u00eb nd\u00ebr arsyet q\u00eb kan\u00eb pun\u00eb se po vjedhin. Qeveria i ka dh\u00ebn\u00eb jo sa kan\u00eb q\u00eb k\u00ebrkuar por m\u00eb pak. P\u00ebr vite thon\u00eb se mazhoranca \u00ebsht\u00eb n\u00eb kah t\u00eb drejt\u00ebsis\u00eb, tjet\u00ebr gj\u00eb thon\u00eb, tjet\u00ebr b\u00ebjn\u00eb.\u201d<\/em><\/p>\n<p>Deputeti u shpreh se ndodhemi n\u00eb nj\u00eb moment t\u00eb r\u00ebnd\u00ebsish\u00ebm, teksa t\u00eb korruptuarit po dalin para drejt\u00ebsis\u00eb, por kjo e fundit po sulmohet nga politika e vjet\u00ebr.<\/p>\n<p><em>\u201cNe duhet t\u00eb pyesim veten, \u00e7far\u00eb mund t\u00eb b\u00ebjm\u00eb m\u00eb shum\u00eb. Jo t\u00eb k\u00ebrkojm\u00eb llogari pse nuk protestojn\u00eb shqiptar\u00ebt. Duhet t\u00eb jesh i besuesh\u00ebm, n\u00ebse nuk inspiron dhe t\u00eb shohin si shpres\u00eb nuk kan\u00eb p\u00ebr t\u00eb ndjekur. \u00cbsht\u00eb nj\u00eb moment i r\u00ebnd\u00ebsish\u00ebm. Ka nj\u00eb kakofoni n\u00ebp\u00ebr media. Jan\u00eb mediat, b\u00ebjn\u00eb gjith\u00e7ka p\u00ebr t\u00eb \u00e7oroditur. Faktet jan\u00eb q\u00eb m\u00eb n\u00eb fund n\u00eb Shqip\u00ebri t\u00eb korruptuarit po dalin para drejt\u00ebsis\u00eb. K\u00ebto dit\u00eb jan\u00eb jasht\u00ebzakonisht t\u00eb mira p\u00ebr Shqip\u00ebrin\u00eb. Shqiptar\u00ebt m\u00eb n\u00eb fund shikojn\u00eb drit\u00eb n\u00eb fund t\u00eb tunelit.\u201d<\/em><\/p>\n<p>Sakaq, u ndal edhe tek zv.kryeministrja Belinda Balluku, q\u00eb p\u00ebr Shehajn nuk shkojn\u00eb argumentet e Ram\u00ebs se nuk e shkarkon pasi nuk ka kush t\u00eb hedh\u00eb firmat p\u00ebr linj\u00ebn ajrore Kanada-Shqip\u00ebri.<\/p>\n<p><em>\u201cMjafton t\u00eb z\u00ebvend\u00ebsoj\u00eb at\u00eb ministre. Nuk ka ministre tjet\u00ebr q\u00eb t\u00eb hedh\u00eb firm\u00ebn n\u00eb vend t\u00eb Belinda Balluku?! \u00cbsht\u00eb nj\u00eb moment historik. Kjo nuk ka t\u00eb b\u00ebj\u00eb as me Veliajn, as me Belinda Ballukun, as me Edi Ram\u00ebn. \u00cbsht\u00eb p\u00ebr Shqip\u00ebrin\u00eb. P\u00ebr ta b\u00ebr\u00eb pjes\u00eb t\u00eb vendeve per\u00ebndimore. Fati i tyre \u00ebsht\u00eb vendosur.<\/em><\/p>\n<p><em>Edi Rama mund t\u00eb shpik\u00eb fushata denigruese ndaj SPAK, por fati i tyre \u00ebsht\u00eb vendosur. \u00cbsht\u00eb vendosur jasht\u00eb. Edi Rama e ka t\u00eb ardhmen ose n\u00eb arrati, ose n\u00eb burg. Ne duhet t\u00eb mendojm\u00eb p\u00ebr t\u00eb ardhmen. Si \u00ebsht\u00eb drejtimi, puna q\u00eb duhet t\u00eb b\u00ebjm\u00eb? Ky \u00ebsht\u00eb hapi i par\u00eb. Do vazhdojm\u00eb me diskutime t\u00eb tjera. Nuk mund t\u00eb vazhdojm\u00eb secili p\u00ebr hesap t\u00eb vet.\u201d<\/em><\/p>\n","protected":false},"excerpt":{"rendered":"<p>9 Dhjetor 2025 Kreu i Partis\u00eb Mund\u00ebsia, Agron Shehaj nes\u00ebr do t\u00eb mbledh\u00eb nj\u00eb tryez\u00eb ku do paraqes\u00eb nj\u00eb platform\u00eb n\u00eb mbrojtje t\u00eb drejt\u00ebsis\u00eb. N\u00eb studion e News24 ai zbuloi m\u00eb shum\u00eb nga kjo nis\u00ebm. \u201cSulmi i sot\u00ebm i Edi Ram\u00ebs i kujton 1600 euro q\u00eb k\u00ebrkojn\u00eb. Mund t\u00eb jet\u00eb dhe shpifje e Edi Ram\u00ebs. [&hellip;]<\/p>\n","protected":false},"author":9,"featured_media":95490,"comment_status":"open","ping_status":"open","sticky":false,"template":"","format":"standard","meta":{"jetpack_post_was_ever_published":false,"_jetpack_newsletter_access":"","_jetpack_dont_email_post_to_subs":false,"_jetpack_newsletter_tier_id":0,"_jetpack_memberships_contains_paywalled_content":false,"_jetpack_memberships_contains_paid_content":false,"footnotes":"","jetpack_publicize_message":"","jetpack_publicize_feature_enabled":true,"jetpack_social_post_already_shared":true,"jetpack_social_options":{"image_generator_settings":{"template":"highway","default_image_id":0,"font":"","enabled":false},"version":2}},"categories":[27,2],"tags":[],"class_list":["post-95488","post","type-post","status-publish","format-standard","has-post-thumbnail","hentry","category-blogu-i-udhetarit","category-politika"],"jetpack_publicize_connections":[],"jetpack_featured_media_url":"https:\/\/i0.wp.com\/www.shqiperia.com\/blog\/wp-content\/uploads\/2025\/12\/agron-shehaj.jpg?fit=881%2C612&ssl=1","jetpack_sharing_enabled":true,"jetpack_shortlink":"https:\/\/wp.me\/p5Z6wp-oQ8","jetpack-related-posts":[{"id":94618,"url":"https:\/\/www.shqiperia.com\/blog\/afera-e-tunelit-te-llogarase-berisha-rama-doli-cullak-para-shqiptareve-lubi-balluku-vodhi-50-mln-euro-ne-bashkepunim-me-te\/","url_meta":{"origin":95488,"position":0},"title":"Afera e tunelit t\u00eb Llogaras\u00eb, Berisha: Rama doli \u201ccullak\u201d para shqiptar\u00ebve, lubi Balluku vodhi 50 mln euro n\u00eb bashk\u00ebpunim me t\u00eb","author":"Kurt Farka","date":"November 3, 2025","format":false,"excerpt":"3 Nentor 2025 Lideri i opozit\u00ebs Sali Berisha, n\u00eb nj\u00eb prononcim p\u00ebr mediat u ndal dhe tek afera e tunelit t\u00eb Llogaras\u00eb p\u00ebr t\u00eb cil\u00ebn SPAK ka marr\u00eb t\u00eb pandehur zv\/kryeministren Belinda Balluku. Berisha tha se pla\u00e7kitja e 50 mln eurove \u00ebsht\u00eb b\u00ebr\u00eb nga Balluku n\u00eb bashk\u00ebpunim me Edi Ram\u00ebn.\u2026","rel":"","context":"In &quot;Blogu i Udh\u00ebtarit&quot;","block_context":{"text":"Blogu i Udh\u00ebtarit","link":"https:\/\/www.shqiperia.com\/blog\/category\/blogu-i-udhetarit\/"},"img":{"alt_text":"","src":"https:\/\/i0.wp.com\/www.shqiperia.com\/blog\/wp-content\/uploads\/2025\/11\/EFERFERFREF-1.jpg?fit=1200%2C675&ssl=1&resize=350%2C200","width":350,"height":200,"srcset":"https:\/\/i0.wp.com\/www.shqiperia.com\/blog\/wp-content\/uploads\/2025\/11\/EFERFERFREF-1.jpg?fit=1200%2C675&ssl=1&resize=350%2C200 1x, https:\/\/i0.wp.com\/www.shqiperia.com\/blog\/wp-content\/uploads\/2025\/11\/EFERFERFREF-1.jpg?fit=1200%2C675&ssl=1&resize=525%2C300 1.5x, https:\/\/i0.wp.com\/www.shqiperia.com\/blog\/wp-content\/uploads\/2025\/11\/EFERFERFREF-1.jpg?fit=1200%2C675&ssl=1&resize=700%2C400 2x, https:\/\/i0.wp.com\/www.shqiperia.com\/blog\/wp-content\/uploads\/2025\/11\/EFERFERFREF-1.jpg?fit=1200%2C675&ssl=1&resize=1050%2C600 3x"},"classes":[]},{"id":95625,"url":"https:\/\/www.shqiperia.com\/blog\/agron-shehaj-rama-po-kupton-qe-i-ka-ardhur-radha\/","url_meta":{"origin":95488,"position":1},"title":"Agron Shehaj: Rama po kupton q\u00eb i ka ardhur radha","author":"Kurt Farka","date":"December 16, 2025","format":false,"excerpt":"16 Dhjetor 2025 Kryetari i Partis\u00eb Mund\u00ebsia, Agron Shehaj ka reaguar pas k\u00ebrkes\u00ebs q\u00eb Prokuroria e Posa\u00e7me kund\u00ebr Korrupsionit SPAK b\u00ebri n\u00eb Kuvendin e Shqip\u00ebris\u00eb p\u00ebr heqjen e imunitetit t\u00eb deputetit p\u00ebr zv.kryeministren e Shqip\u00ebris\u00eb Belinda Balluku, gj\u00eb q\u00eb i hap rrug\u00ebn mas\u00ebs s\u00eb arrestit ndaj saj. N\u00eb nj\u00eb reagim\u2026","rel":"","context":"In &quot;Blogu i Udh\u00ebtarit&quot;","block_context":{"text":"Blogu i Udh\u00ebtarit","link":"https:\/\/www.shqiperia.com\/blog\/category\/blogu-i-udhetarit\/"},"img":{"alt_text":"","src":"https:\/\/i0.wp.com\/www.shqiperia.com\/blog\/wp-content\/uploads\/2025\/12\/326d1fbd-5517-4e67-a871-820e43d8669c-603x450-1.jpg?fit=603%2C450&ssl=1&resize=350%2C200","width":350,"height":200,"srcset":"https:\/\/i0.wp.com\/www.shqiperia.com\/blog\/wp-content\/uploads\/2025\/12\/326d1fbd-5517-4e67-a871-820e43d8669c-603x450-1.jpg?fit=603%2C450&ssl=1&resize=350%2C200 1x, https:\/\/i0.wp.com\/www.shqiperia.com\/blog\/wp-content\/uploads\/2025\/12\/326d1fbd-5517-4e67-a871-820e43d8669c-603x450-1.jpg?fit=603%2C450&ssl=1&resize=525%2C300 1.5x"},"classes":[]},{"id":94665,"url":"https:\/\/www.shqiperia.com\/blog\/agron-shehaj-imagjinoni-ne-duart-e-kujt-jane-parate-e-qytetareve-shqiptare-ne-duart-e-nje-bande\/","url_meta":{"origin":95488,"position":2},"title":"Agron Shehaj: &#8211; Imagjinoni n\u00eb duart e kujt jan\u00eb parat\u00eb e qytetar\u00ebve shqiptar\u00eb. N\u00eb duart e nj\u00eb bande.","author":"Kurt Farka","date":"November 5, 2025","format":false,"excerpt":"5 Nentor 2025 Kryetari i Partis\u00eb Mund\u00ebsia, Agron Shehaj, reagoi pas rrjedhjes t\u00eb p\u00ebrgjimeve q\u00eb, sipas tij, zbulojn\u00eb m\u00ebnyr\u00ebn se si z\u00ebvend\u00ebskryeministrja Belinda Balluku, n\u00eb bashk\u00ebpunim me drejtorin e ARRSH-s\u00eb Evis Berberi dhe me miratimin e Edi Ram\u00ebs, kan\u00eb vjedhur me tenderin e tunelit t\u00eb Llogaras\u00eb. Shehaj tha se komunikimet\u2026","rel":"","context":"In &quot;Blogu i Udh\u00ebtarit&quot;","block_context":{"text":"Blogu i Udh\u00ebtarit","link":"https:\/\/www.shqiperia.com\/blog\/category\/blogu-i-udhetarit\/"},"img":{"alt_text":"","src":"https:\/\/i0.wp.com\/www.shqiperia.com\/blog\/wp-content\/uploads\/2025\/11\/rama-veliaj-balluku.png?fit=806%2C476&ssl=1&resize=350%2C200","width":350,"height":200,"srcset":"https:\/\/i0.wp.com\/www.shqiperia.com\/blog\/wp-content\/uploads\/2025\/11\/rama-veliaj-balluku.png?fit=806%2C476&ssl=1&resize=350%2C200 1x, https:\/\/i0.wp.com\/www.shqiperia.com\/blog\/wp-content\/uploads\/2025\/11\/rama-veliaj-balluku.png?fit=806%2C476&ssl=1&resize=525%2C300 1.5x, https:\/\/i0.wp.com\/www.shqiperia.com\/blog\/wp-content\/uploads\/2025\/11\/rama-veliaj-balluku.png?fit=806%2C476&ssl=1&resize=700%2C400 2x"},"classes":[]},{"id":95770,"url":"https:\/\/www.shqiperia.com\/blog\/zhdukja-e-veres-miliona-euro-nga-kantina-e-ergys-agasit-shehaj-imagjinoni-sesi-i-prish-provat-belinda-balluku\/","url_meta":{"origin":95488,"position":3},"title":"Zhdukja e ver\u00ebs miliona euro nga kantina e Ergys Agasit, Shehaj: &#8211; Imagjinoni sesi i prish provat Belinda Balluku!","author":"Kurt Farka","date":"December 21, 2025","format":false,"excerpt":"21 Dgjetor 2025 Kryetari i Partis\u00eb \u201cMund\u00ebsia\u201d dhe deputeti Agron Shehaj, ka denoncuar publikisht nj\u00eb rast, q\u00eb sipas tij, d\u00ebshmon bashk\u00ebpunimin e hapur mes krimit t\u00eb organizuar dhe institucioneve shtet\u00ebrore, lidhur me zhdukjen e ver\u00ebs miliona euro nga kantina e Ergys Agasit. Sipas Shehajt, disa dit\u00eb m\u00eb par\u00eb prokuroria ka\u2026","rel":"","context":"In &quot;Blogu i Udh\u00ebtarit&quot;","block_context":{"text":"Blogu i Udh\u00ebtarit","link":"https:\/\/www.shqiperia.com\/blog\/category\/blogu-i-udhetarit\/"},"img":{"alt_text":"","src":"https:\/\/i0.wp.com\/www.shqiperia.com\/blog\/wp-content\/uploads\/2025\/12\/agron-shehaj-nga-kuvendi.jpeg?fit=1200%2C800&ssl=1&resize=350%2C200","width":350,"height":200,"srcset":"https:\/\/i0.wp.com\/www.shqiperia.com\/blog\/wp-content\/uploads\/2025\/12\/agron-shehaj-nga-kuvendi.jpeg?fit=1200%2C800&ssl=1&resize=350%2C200 1x, https:\/\/i0.wp.com\/www.shqiperia.com\/blog\/wp-content\/uploads\/2025\/12\/agron-shehaj-nga-kuvendi.jpeg?fit=1200%2C800&ssl=1&resize=525%2C300 1.5x, https:\/\/i0.wp.com\/www.shqiperia.com\/blog\/wp-content\/uploads\/2025\/12\/agron-shehaj-nga-kuvendi.jpeg?fit=1200%2C800&ssl=1&resize=700%2C400 2x, https:\/\/i0.wp.com\/www.shqiperia.com\/blog\/wp-content\/uploads\/2025\/12\/agron-shehaj-nga-kuvendi.jpeg?fit=1200%2C800&ssl=1&resize=1050%2C600 3x"},"classes":[]},{"id":75420,"url":"https:\/\/www.shqiperia.com\/blog\/agron-shehaj-kujdes-rama-eshte-si-gadafi\/","url_meta":{"origin":95488,"position":4},"title":"Agron Shehaj: &#8211; Kujdes! Rama \u00ebsht\u00eb si Gadafi","author":"Kurt Farka","date":"November 8, 2023","format":false,"excerpt":"8 Nentor 2023 \u201cAjo q\u00eb n\u00eb Per\u00ebndim ju shihni si nj\u00eb kryeminist\u00ebr i ndritur dhe per\u00ebndimor, k\u00ebtu n\u00eb Shqip\u00ebri sillet si nj\u00eb despot i vog\u00ebl ballkanik. Dhe ai nuk ka asnj\u00eb interes t\u00eb sjell\u00eb Tiran\u00ebn n\u00eb BE\u201d, thot\u00eb p\u00ebr Il Foglio, parlamentari Agron Shehaj. Deputeti i zgjedhur n\u00eb 2021 nga\u2026","rel":"","context":"In &quot;Blogu i Udh\u00ebtarit&quot;","block_context":{"text":"Blogu i Udh\u00ebtarit","link":"https:\/\/www.shqiperia.com\/blog\/category\/blogu-i-udhetarit\/"},"img":{"alt_text":"","src":"https:\/\/i0.wp.com\/www.shqiperia.com\/blog\/wp-content\/uploads\/2023\/11\/640-0-8fc6f1dc80e6f5cb253a0aa25d4d9ebc.jpg?fit=640%2C336&ssl=1&resize=350%2C200","width":350,"height":200,"srcset":"https:\/\/i0.wp.com\/www.shqiperia.com\/blog\/wp-content\/uploads\/2023\/11\/640-0-8fc6f1dc80e6f5cb253a0aa25d4d9ebc.jpg?fit=640%2C336&ssl=1&resize=350%2C200 1x, https:\/\/i0.wp.com\/www.shqiperia.com\/blog\/wp-content\/uploads\/2023\/11\/640-0-8fc6f1dc80e6f5cb253a0aa25d4d9ebc.jpg?fit=640%2C336&ssl=1&resize=525%2C300 1.5x"},"classes":[]},{"id":64378,"url":"https:\/\/www.shqiperia.com\/blog\/agron-shehaj-publikon-dokumentin-porti-i-durresit-eshte-nje-biznes-familjar\/","url_meta":{"origin":95488,"position":5},"title":"Agron Shehaj publikon DOKUMENTIN: &#8211; Porti i Durr\u00ebsit \u00ebsht\u00eb nj\u00eb biznes familjar.","author":"Kurt Farka","date":"November 15, 2022","format":false,"excerpt":"15 Nentor 2022 Deputeti i PD-s\u00eb Agron Shehaj ka denoncuar afer\u00ebn 2.1 miliard\u00eb t\u00eb Portit t\u00eb Durr\u00ebsit, ku sipas tij kryeministri Edi Rama ka mashtruar publikisht shqiptar\u00ebt pasi ky projekt rezulton thjesht nj\u00eb biznes familjar. \"Si\u00e7 d\u00ebshmohet qart\u00eb nga kjo foto, Alabbar rezulton t\u00eb ket\u00eb 40 p\u00ebr qind t\u00eb aksioneve\u2026","rel":"","context":"In &quot;Blogu i Udh\u00ebtarit&quot;","block_context":{"text":"Blogu i Udh\u00ebtarit","link":"https:\/\/www.shqiperia.com\/blog\/category\/blogu-i-udhetarit\/"},"img":{"alt_text":"","src":"https:\/\/i0.wp.com\/www.shqiperia.com\/blog\/wp-content\/uploads\/2022\/11\/640-0-8fc6f1dc80e6f5cb253a0aa25d4d9ebc.jpg?fit=640%2C336&ssl=1&resize=350%2C200","width":350,"height":200,"srcset":"https:\/\/i0.wp.com\/www.shqiperia.com\/blog\/wp-content\/uploads\/2022\/11\/640-0-8fc6f1dc80e6f5cb253a0aa25d4d9ebc.jpg?fit=640%2C336&ssl=1&resize=350%2C200 1x, https:\/\/i0.wp.com\/www.shqiperia.com\/blog\/wp-content\/uploads\/2022\/11\/640-0-8fc6f1dc80e6f5cb253a0aa25d4d9ebc.jpg?fit=640%2C336&ssl=1&resize=525%2C300 1.5x"},"classes":[]}],"_links":{"self":[{"href":"https:\/\/www.shqiperia.com\/blog\/wp-json\/wp\/v2\/posts\/95488","targetHints":{"allow":["GET"]}}],"collection":[{"href":"https:\/\/www.shqiperia.com\/blog\/wp-json\/wp\/v2\/posts"}],"about":[{"href":"https:\/\/www.shqiperia.com\/blog\/wp-json\/wp\/v2\/types\/post"}],"author":[{"embeddable":true,"href":"https:\/\/www.shqiperia.com\/blog\/wp-json\/wp\/v2\/users\/9"}],"replies":[{"embeddable":true,"href":"https:\/\/www.shqiperia.com\/blog\/wp-json\/wp\/v2\/comments?post=95488"}],"version-history":[{"count":1,"href":"https:\/\/www.shqiperia.com\/blog\/wp-json\/wp\/v2\/posts\/95488\/revisions"}],"predecessor-version":[{"id":95491,"href":"https:\/\/www.shqiperia.com\/blog\/wp-json\/wp\/v2\/posts\/95488\/revisions\/95491"}],"wp:featuredmedia":[{"embeddable":true,"href":"https:\/\/www.shqiperia.com\/blog\/wp-json\/wp\/v2\/media\/95490"}],"wp:attachment":[{"href":"https:\/\/www.shqiperia.com\/blog\/wp-json\/wp\/v2\/media?parent=95488"}],"wp:term":[{"taxonomy":"category","embeddable":true,"href":"https:\/\/www.shqiperia.com\/blog\/wp-json\/wp\/v2\/categories?post=95488"},{"taxonomy":"post_tag","embeddable":true,"href":"https:\/\/www.shqiperia.com\/blog\/wp-json\/wp\/v2\/tags?post=95488"}],"curies":[{"name":"wp","href":"https:\/\/api.w.org\/{rel}","templated":true}]}}