{"id":95485,"date":"2025-12-09T07:08:56","date_gmt":"2025-12-09T07:08:56","guid":{"rendered":"https:\/\/www.shqiperia.com\/blog\/?p=95485"},"modified":"2025-12-09T07:08:56","modified_gmt":"2025-12-09T07:08:56","slug":"birn-hija-e-kremlinit-pas-baba-vanges-si-shperndahen-profecite-e-rreme-ne-mediat-shqiptare","status":"publish","type":"post","link":"https:\/\/www.shqiperia.com\/blog\/birn-hija-e-kremlinit-pas-baba-vanges-si-shperndahen-profecite-e-rreme-ne-mediat-shqiptare\/","title":{"rendered":"BIRN: Hija e Kremlinit pas Baba Vang\u00ebs. Si shp\u00ebrndahen \u201cprofecit\u00eb\u201d e rreme n\u00eb mediat shqiptare"},"content":{"rendered":"<div id=\"attachment_95486\" style=\"width: 647px\" class=\"wp-caption alignnone\"><img data-recalc-dims=\"1\" loading=\"lazy\" decoding=\"async\" aria-describedby=\"caption-attachment-95486\" data-attachment-id=\"95486\" data-permalink=\"https:\/\/www.shqiperia.com\/blog\/birn-hija-e-kremlinit-pas-baba-vanges-si-shperndahen-profecite-e-rreme-ne-mediat-shqiptare\/bab-vanga\/\" data-orig-file=\"https:\/\/i0.wp.com\/www.shqiperia.com\/blog\/wp-content\/uploads\/2025\/12\/Bab-Vanga.jpg?fit=542%2C378&amp;ssl=1\" data-orig-size=\"542,378\" data-comments-opened=\"1\" data-image-meta=\"{&quot;aperture&quot;:&quot;0&quot;,&quot;credit&quot;:&quot;&quot;,&quot;camera&quot;:&quot;&quot;,&quot;caption&quot;:&quot;&quot;,&quot;created_timestamp&quot;:&quot;0&quot;,&quot;copyright&quot;:&quot;&quot;,&quot;focal_length&quot;:&quot;0&quot;,&quot;iso&quot;:&quot;0&quot;,&quot;shutter_speed&quot;:&quot;0&quot;,&quot;title&quot;:&quot;&quot;,&quot;orientation&quot;:&quot;0&quot;}\" data-image-title=\"Bab Vanga\" data-image-description=\"\" data-image-caption=\"&lt;p&gt;Bab Vanga&lt;\/p&gt;\n\" data-medium-file=\"https:\/\/i0.wp.com\/www.shqiperia.com\/blog\/wp-content\/uploads\/2025\/12\/Bab-Vanga.jpg?fit=300%2C209&amp;ssl=1\" data-large-file=\"https:\/\/i0.wp.com\/www.shqiperia.com\/blog\/wp-content\/uploads\/2025\/12\/Bab-Vanga.jpg?fit=542%2C378&amp;ssl=1\" class=\" wp-image-95486\" alt=\"\" src=\"https:\/\/i0.wp.com\/www.shqiperia.com\/blog\/wp-content\/uploads\/2025\/12\/Bab-Vanga.jpg?resize=637%2C444&#038;ssl=1\" width=\"637\" height=\"444\" srcset=\"https:\/\/i0.wp.com\/www.shqiperia.com\/blog\/wp-content\/uploads\/2025\/12\/Bab-Vanga.jpg?resize=300%2C209&amp;ssl=1 300w, https:\/\/i0.wp.com\/www.shqiperia.com\/blog\/wp-content\/uploads\/2025\/12\/Bab-Vanga.jpg?resize=450%2C314&amp;ssl=1 450w, https:\/\/i0.wp.com\/www.shqiperia.com\/blog\/wp-content\/uploads\/2025\/12\/Bab-Vanga.jpg?resize=400%2C279&amp;ssl=1 400w, https:\/\/i0.wp.com\/www.shqiperia.com\/blog\/wp-content\/uploads\/2025\/12\/Bab-Vanga.jpg?w=542&amp;ssl=1 542w\" sizes=\"auto, (max-width: 637px) 100vw, 637px\" \/><p id=\"caption-attachment-95486\" class=\"wp-caption-text\">Bab Vanga<\/p><\/div>\n<p><span>9 Dhjetor 2025<\/span><\/p>\n<p><span>Ekspert\u00ebt paralajm\u00ebrojn\u00eb se cikli vjetor i lajmeve apokaliptike mbi \u201cprofecit\u00eb\u201d e Baba Vang\u00ebs nuk \u00ebsht\u00eb thjesht kuriozitet, por pjes\u00eb e nj\u00eb agjende dezinformuese q\u00eb gjen terren pjellor n\u00eb portalet dhe ekranet e Tiran\u00ebs.<\/span><\/p>\n<p><strong>Nga: Vladimir Karaj | BIRN<\/strong><\/p>\n<p>M\u00eb 3 dhjetor, Agjencia Telegrafike Shqiptare pyeti n\u00eb nj\u00eb titull t\u00eb publikuar n\u00eb faqen e par\u00eb t\u00eb saj n\u00eb internet: \u201cA do t\u00eb b\u00ebhet realitet profecia e Baba Vang\u00ebs q\u00eb mund t\u00eb ndryshoj\u00eb bot\u00ebn n\u00eb vitin 2026?\u201d. P\u00ebrgjigja \u00ebsht\u00eb e thjesht\u00eb: Jo!<\/p>\n<p>Edhe pse nuk ekziston asnj\u00eb prov\u00eb q\u00eb Baba Vanga, nj\u00eb mistike bullgare me emrin Vangeliya Pandeva Gushterova, t\u00eb ket\u00eb b\u00ebr\u00eb ndonj\u00eb parashikim t\u00eb shkruar gjat\u00eb jet\u00ebs s\u00eb saj, n\u00eb mediat shqiptare, p\u00ebrfshi edhe ato publike, gjen me dhjet\u00ebra artikuj p\u00ebr profecit\u00eb e supozuara t\u00eb saj.<\/p>\n<p>K\u00ebto teori konspirative qarkullojn\u00eb vit pas viti, p\u00ebrgjith\u00ebsisht t\u00eb p\u00ebrkthyera nga media tabloide dhe pa asnj\u00eb kontroll editorial.<\/p>\n<p>Publikimet q\u00eb citojn\u00eb Baba Vang\u00ebn jan\u00eb t\u00eb mbushura me paralajm\u00ebrime p\u00ebr katastrofa; takimin e shum\u00ebpritur me alien\u00ebt; profeci p\u00ebr zhdukjen e Europ\u00ebs dhe r\u00ebni\u00ebn e bot\u00ebs n\u00ebn sundimin e Vladimir Putinit.<\/p>\n<p>Studiuesit i shikojn\u00eb raportime t\u00eb tilla si pjes\u00eb t\u00eb fushatave dezinformuese apo narrativash t\u00eb rreme, t\u00eb cilat lidhen sipas tyre, n\u00eb nj\u00eb m\u00ebnyr\u00eb ose tjet\u00ebr me propagand\u00ebn e shp\u00ebrndar\u00eb nga Kremlini.<\/p>\n<p>Erlis \u00c7ela, studiues i medias dhe komunikimit, v\u00ebren ndotje masive t\u00eb informacionit p\u00ebrmes dezinformimit t\u00eb maskuar si kuriozitet, nj\u00eb fenomen sipas tij i rreziksh\u00ebm.<\/p>\n<p>\u201cKy rrezik ka t\u00eb b\u00ebj\u00eb me faktin se profecit\u00eb mistike dhe narrativat apokaliptike, t\u00eb cilat i serviren publikut si lajme, p\u00ebrdoren shpesh si instrument p\u00ebr p\u00ebrhapjen e propagand\u00ebs,\u201d tha \u00c7ela p\u00ebr BIRN.<\/p>\n<p>Edhe Viola Keta, eksperte e verifikimit t\u00eb fakteve, i sheh k\u00ebto publikime si pjes\u00eb agjendash.<\/p>\n<p>\u201cLajme t\u00eb tilla, me personazhe t\u00eb veshur me misticiz\u00ebm, spekulime dhe t\u00eb pav\u00ebrteta, duke shfryt\u00ebzuar emocionalitetin e njer\u00ebzve dhe q\u00eb p\u00ebrhapen n\u00eb m\u00ebnyr\u00eb t\u00eb p\u00ebrs\u00ebritur, sidomos n\u00eb prag t\u00eb eventeve me interes global, me shum\u00eb shanse jan\u00eb pjes\u00eb e agjendave q\u00eb k\u00ebrkojn\u00eb destabilitet dhe konfuzion,\u201d theksoi Keta.<\/p>\n<p><strong>\u201cE v\u00ebrteta\u201d sipas Baba Vang\u00ebs<\/strong><\/p>\n<p>Vangeliya Pandeva Gushterova [1911-1996], e njohur ndryshe si Baba Vanga ishte nj\u00eb mistike dhe sh\u00ebruese e verb\u00ebr bullgare, e cila gjat\u00eb regjimit komunist u instrumentalizua nga shteti dhe me gjas\u00eb, dyshohet se u p\u00ebrdor nga sh\u00ebrbimet sekrete p\u00ebrmes Institutit t\u00eb Sugjestologjis\u00eb.<\/p>\n<p>Ajo njihet edhe p\u00ebr shkak t\u00eb lidhjes me Lyudmila Zhivkov\u00ebn, vajz\u00ebn e diktatorit bullgar Todor Zhivkov.<\/p>\n<p>N\u00eb vitet \u201980, Vanga priste vizitor\u00eb edhe udh\u00ebheq\u00ebs t\u00eb Bashkimit Sovjetik dhe takimet e saj menaxhoheshin deri n\u00eb detaje nga shteti, i cili merrte edhe nj\u00eb tarif\u00eb simbolike nga vizitor\u00ebt.<\/p>\n<p>Kjo ka ngjallur spekulime, por fakti \u00ebsht\u00eb q\u00eb p\u00ebr parashikimet q\u00eb ndante me vizitor\u00ebt ajo merrte nj\u00eb rrog\u00eb nga regjimi i Zhivkovit.<\/p>\n<p>Edhe pse sot njihet globalisht p\u00ebr parashikime gjeopolitike dhe apokaliptike, mbesa e saj, Krasimira Stoyanova, burimi m\u00eb i besuesh\u00ebm biografik rreth Vang\u00ebs, shkroi se n\u00eb realitet ajo jepte kryesisht k\u00ebshilla personale sh\u00ebndet\u00ebsore dhe nuk ka l\u00ebn\u00eb asnj\u00eb profeci t\u00eb shkruar. Ajo jetoi pjes\u00ebn m\u00eb t\u00eb madhe t\u00eb jet\u00ebs s\u00eb saj n\u00eb zon\u00ebn e Rupites n\u00eb malet Kozhuh t\u00eb Bullgaris\u00eb dhe vdiq n\u00eb Sofje m\u00eb 11 gusht 1996.<\/p>\n<p>Shumica e parashikimeve q\u00eb i atribuohen vit pas viti besohet se jan\u00eb trillime t\u00eb m\u00ebvonshme, prej individ\u00ebsh, interpretuesish, prej tabloid\u00ebve dhe me raste edhe prej propagand\u00ebs ruse, t\u00eb cilat p\u00ebrdorin emrin e saj p\u00ebr t\u00eb p\u00ebrhapur dezinformim dhe frik\u00eb.<\/p>\n<p>Studimi akademik \u201cMediums, Media, and Mediated \u2018Post\u2019-Truth: Baba Vanga in the Russian Imagination\u201d (Medium\u00ebt, Media dhe \u2018Post\u2019-e V\u00ebrteta e Nd\u00ebrmjet\u00ebsuar: Baba Vanga n\u00eb Imagjinat\u00ebn Ruse) nga Mary Neuburger dhe Adam Hanzel nga Universiteti i Teksasit n\u00eb Austin, ilustron se si figura e Baba Vang\u00ebs po p\u00ebrdoret p\u00ebr propagand\u00eb dhe p\u00ebr t\u00eb krijuar narrativa pro-ruse.<\/p>\n<p>Studiuesit thon\u00eb se \u201cn\u00eb t\u00eb shumt\u00ebn e rasteve, \u201ce v\u00ebrteta\u201d sipas Vang\u00ebs \u00ebsht\u00eb e dobishme p\u00ebr regjimin e Putinit\u201d dhe v\u00ebn\u00eb n\u00eb dukje se shpesh \u201cprofecit\u00eb\u201d vijn\u00eb nga media af\u00ebr pushtetit, por ato mund t\u00eb jen\u00eb edhe shpikje sporadike q\u00eb besohen masivisht p\u00ebr shkak t\u00eb statusit t\u00eb Vang\u00ebs.<\/p>\n<p>Nd\u00ebrsa v\u00ebn\u00eb n\u00eb dukje se kjo nuk \u00ebsht\u00eb di\u00e7ka e kontrolluar direkt nga Kremlini, pasi kushdo mund t\u00eb prodhoj\u00eb nj\u00eb profeci t\u00eb re n\u00eb em\u00ebr t\u00eb Vang\u00ebs, studiuesit theksojn\u00eb se ajo i shkon p\u00ebr shtat regjimit, sidomos kur parashikohen suksese t\u00eb mundshme t\u00eb presidentit Putin.<\/p>\n<p>Bitter \u00cbinter, nj\u00eb revist\u00eb e publikuar n\u00eb Torino q\u00eb shkruan p\u00ebr t\u00eb drejtat e njeriut dhe lirit\u00eb fetare, shpjegon se n\u00eb fakt Baba Vanga ishte e njohur n\u00eb Bullgari jo p\u00ebr parashikimet gjeopolitike, por p\u00ebr k\u00ebshillat p\u00ebr sh\u00ebndetin e atyre q\u00eb shkonin ta vizitonin. Pak a shum\u00eb si ata q\u00eb \u201clexojn\u00eb\u201d filxhanin e kafes\u00eb apo p\u00ebll\u00ebmb\u00ebn e dor\u00ebs.<\/p>\n<p>Megjithat\u00eb, revista v\u00eb n\u00eb dukje se media n\u00eb Rusi si \u201cKomsomolskaya Pravda\u201d, nj\u00eb gazet\u00eb pran\u00eb regjimit, e p\u00ebrs\u00ebrisin her\u00eb pas here \u201cprofecin\u00eb\u201d e \u201cPutinit q\u00eb kontrollon bot\u00ebn\u201d. Profecia fillimisht shoq\u00ebroi fitoren e Putinit n\u00eb zgjedhjet e vitit 2018 (di\u00e7ka krejt\u00ebsisht e pritshme) dhe u ripublikua n\u00eb vitin 2022 p\u00ebr t\u00eb inkurajuar pushtimin e Ukrain\u00ebs.<\/p>\n<p>Zakonisht ky \u201cparashikim\u201d dhe ato q\u00eb sinjalizojn\u00eb fundin e Per\u00ebndimit, p\u00ebr t\u2019u b\u00ebr\u00eb t\u00eb p\u00ebrtypshme, shoq\u00ebrohen me informacione shtes\u00eb mbi arritjet n\u00eb shkenc\u00eb, motin e keq dhe katastrofa natyrore n\u00eb pjes\u00eb t\u00eb ndryshme t\u00eb bot\u00ebs.<\/p>\n<p>Nj\u00eb studim i BIRN i vitit 2024 mbi \u201cShp\u00ebrndarjen e narrativave dezinformuese kund\u00ebr NATO-s dhe BE-s\u00eb nga aktor\u00eb kund\u00ebrshtar\u00eb n\u00eb median shqiptare\u201d gjeti se Vanga dhe misticizmi rreth saj ishte nj\u00eb prej m\u00ebnyrave se si narrativat pro Putin dhe kund\u00ebr BE apo NATO p\u00ebrfundonin te lexuesi shqiptar.<\/p>\n<p>\u201cMegjith\u00ebse nj\u00eb figur\u00eb jo politike, parashikimet e Baba Vang\u00ebs shpesh p\u00ebrdoren nga mediat konspirative dhe dezinformuese p\u00ebr t\u00eb p\u00ebrforcuar narrativa t\u00eb caktuara edhe kund\u00ebr NATO-s dhe BE-s\u00eb\u201d, thuhet n\u00eb studim.<\/p>\n<p><strong>Laundromat p\u00ebr lajme t\u00eb rreme<\/strong><\/p>\n<p>Pavar\u00ebsisht se profecit\u00eb p\u00ebrg\u00ebnjeshtrohen vit pas viti, mediat n\u00eb shqip duke ndjekur p\u00ebrgjith\u00ebsisht verb\u00ebrisht tabloid\u00ebt britanik\u00eb, i riprodhojn\u00eb ato pa asnj\u00eb ndryshim. K\u00ebshtu, \u201cprofecia\u201d se Europa do marr\u00eb fund n\u00eb vitin 2024 dhe m\u00eb pas n\u00eb vitin 2025, ndahen nga t\u00eb nj\u00ebjtat media pa reflektuar.<\/p>\n<p>Mes mediave q\u00eb i publikojn\u00eb profecit\u00eb e Baba Vang\u00ebs jan\u00eb edhe televizione komb\u00ebtare si Top-Channel apo TV Klan, t\u00eb cilat i p\u00ebrkthejn\u00eb p\u00ebrgjith\u00ebsisht nga Daily Mail. Materiale t\u00eb ngjashme gjen edhe n\u00eb media t\u00eb tjera t\u00eb njohura n\u00eb vend si Eurone\u00ebs, Panorama, Shqiptarja.com.<\/p>\n<p>T\u00eb maskuara si kuriozitete, k\u00ebto tekste me tituj \u201cclick-bait\u201d p\u00ebr fundin e bot\u00ebs dhe katastrofa apo mrekulli, b\u00ebhen jasht\u00ebzakonisht virale af\u00ebr fundit t\u00eb \u00e7do viti. P\u00ebr t\u00eb qen\u00eb t\u00eb besuesh\u00ebm, artikujt shoq\u00ebrohen me \u201cparashikime t\u00eb suksesshme\u201d, edhe pse askush nuk \u00ebsht\u00eb n\u00eb gjendje t\u2019i verifikoj\u00eb ato.<\/p>\n<p>Kjo form\u00eb e ripublikimit njihet si laundromat i lajmeve t\u00eb rreme. Procesi fillon kryesisht me nj\u00eb burim anonim n\u00eb rrjete sociale, p\u00ebrcillet n\u00eb tabloide dhe mb\u00ebrrin copy-paste n\u00eb media n\u00eb Shqip\u00ebri, p\u00ebrfshi agjenci publike q\u00eb nuk kan\u00eb nevoj\u00eb p\u00ebr \u201cclick-bait\u201d pasi paguhen nga buxheti i shtetit dhe jo nga reklamat.<\/p>\n<p>\u201cP\u00ebr fat t\u00eb keq konstatoj se k\u00ebto lloj lajmesh jan\u00eb b\u00ebr\u00eb rutin\u00eb n\u00eb media shqiptare. Shum\u00eb prej portaleve nuk jan\u00eb t\u00eb interesuara p\u00ebr t\u00eb filtruar narrativat propagandistike q\u00eb kamuflohen n\u00eb k\u00ebto publikime,\u201d tha Erlis \u00c7ela.<\/p>\n<p>\u201cP\u00ebr mua \u00ebsht\u00eb tep\u00ebr shqet\u00ebsues fakti q\u00eb nj\u00eb media publike, e cila mb\u00ebshtetet nga taksapaguesit dhe nuk funksionon me logjik\u00ebn e medias komerciale, publikon lajme q\u00eb synojn\u00eb t\u00eb nxisin klikimet dhe q\u00eb nuk kan\u00eb asnj\u00eb fakt t\u00eb verifikuar,\u201d shtoi ai.<\/p>\n<p>Pavar\u00ebsisht munges\u00ebs s\u00eb burimeve reale, madje n\u00eb munges\u00eb totale t\u00eb burimit t\u00eb \u201cprofecis\u00eb\u201d, referenca nga nj\u00ebra media n\u00eb tjetr\u00ebn rrezikon t\u00eb shihet nga publiku si informacion i besuesh\u00ebm.<\/p>\n<p>Sipas Ket\u00ebs, lexuesit e kan\u00eb gjithnj\u00eb e m\u00eb t\u00eb v\u00ebshtir\u00eb q\u00eb t\u00eb dallojn\u00eb informacionin real mes numrit t\u00eb madh t\u00eb publikimeve spekulative.<\/p>\n<p>\u201cTjet\u00ebr gj\u00eb e r\u00ebnd\u00ebsishme, sa i nd\u00ebrgjegjsh\u00ebm \u00ebsht\u00eb publiku se media nga e cila \u00ebsht\u00eb marr\u00eb ky lajm, njihet p\u00ebr lajme spekulative dhe sensacionale dhe me nj\u00eb qasje antiemigracion, q\u00eb lidhet m\u00eb tutje me politik\u00ebn q\u00eb frym\u00ebzon k\u00ebt\u00eb qasje,\u201d p\u00ebrfundoi Keta.<\/p>\n<div class=\"post-copyright\"><\/div>\n","protected":false},"excerpt":{"rendered":"<p>9 Dhjetor 2025 Ekspert\u00ebt paralajm\u00ebrojn\u00eb se cikli vjetor i lajmeve apokaliptike mbi \u201cprofecit\u00eb\u201d e Baba Vang\u00ebs nuk \u00ebsht\u00eb thjesht kuriozitet, por pjes\u00eb e nj\u00eb agjende dezinformuese q\u00eb gjen terren pjellor n\u00eb portalet dhe ekranet e Tiran\u00ebs. Nga: Vladimir Karaj | BIRN M\u00eb 3 dhjetor, Agjencia Telegrafike Shqiptare pyeti n\u00eb nj\u00eb titull t\u00eb publikuar n\u00eb faqen [&hellip;]<\/p>\n","protected":false},"author":9,"featured_media":95486,"comment_status":"open","ping_status":"open","sticky":false,"template":"","format":"standard","meta":{"jetpack_post_was_ever_published":false,"_jetpack_newsletter_access":"","_jetpack_dont_email_post_to_subs":false,"_jetpack_newsletter_tier_id":0,"_jetpack_memberships_contains_paywalled_content":false,"_jetpack_memberships_contains_paid_content":false,"footnotes":"","jetpack_publicize_message":"","jetpack_publicize_feature_enabled":true,"jetpack_social_post_already_shared":true,"jetpack_social_options":{"image_generator_settings":{"template":"highway","default_image_id":0,"font":"","enabled":false},"version":2}},"categories":[27,85,1,14],"tags":[],"class_list":["post-95485","post","type-post","status-publish","format-standard","has-post-thumbnail","hentry","category-blogu-i-udhetarit","category-histori","category-njoftime-shtypi","category-press-releases"],"jetpack_publicize_connections":[],"jetpack_featured_media_url":"https:\/\/i0.wp.com\/www.shqiperia.com\/blog\/wp-content\/uploads\/2025\/12\/Bab-Vanga.jpg?fit=542%2C378&ssl=1","jetpack_sharing_enabled":true,"jetpack_shortlink":"https:\/\/wp.me\/p5Z6wp-oQ5","jetpack-related-posts":[{"id":52165,"url":"https:\/\/www.shqiperia.com\/blog\/uria-e-rende-dhe-nje-pandemi-e-re-parashikimi-bombe-i-baba-vanges-per-vitin-2022-do-shfaqet-nje-virus-i-rrezikshem-qe-do-te-perhapet-shume-shpejt-duke-cuar-ne-vdekjen-e-njerezve-dhe-kafs\/","url_meta":{"origin":95485,"position":0},"title":"Uria e r\u00ebnd\u00eb dhe nj\u00eb pandemi e re! Parashikimi \u201cBOMB\u00cb&#8221; i Baba Vang\u00ebs p\u00ebr vitin 2022: Do shfaqet nj\u00eb virus i rreziksh\u00ebm q\u00eb do t\u00eb p\u00ebrhapet shum\u00eb shpejt, duke \u00e7uar n\u00eb vdekjen e njer\u00ebzve dhe kafsh\u00ebve! Ja ku do e ket\u00eb origjin\u00ebn","author":"Kurt Farka","date":"December 9, 2021","format":false,"excerpt":"Parashikimi \u201cBOMB\u00cb\" i Baba Vang\u00ebs p\u00ebr vitin 2022: Do shfaqet nj\u00eb virus i rreziksh\u00ebm q\u00eb do t\u00eb p\u00ebrhapet shum\u00eb shpejt, duke \u00e7uar n\u00eb vdekjen e njer\u00ebzve dhe kafsh\u00ebve! Ja ku do e ket\u00eb origjin\u00ebn.. - Uria e r\u00ebnd\u00eb dhe nj\u00eb pandemi e re! 9 DHJETOR 2021 Baba Vanga, e cila\u2026","rel":"","context":"In &quot;Press Releases&quot;","block_context":{"text":"Press Releases","link":"https:\/\/www.shqiperia.com\/blog\/category\/press-releases\/"},"img":{"alt_text":"","src":"https:\/\/i0.wp.com\/www.shqiperia.com\/blog\/wp-content\/uploads\/2021\/12\/Baba-Vanga-e-quajtur-Nostradamus-i-Ballkanit.jpg?fit=800%2C420&ssl=1&resize=350%2C200","width":350,"height":200,"srcset":"https:\/\/i0.wp.com\/www.shqiperia.com\/blog\/wp-content\/uploads\/2021\/12\/Baba-Vanga-e-quajtur-Nostradamus-i-Ballkanit.jpg?fit=800%2C420&ssl=1&resize=350%2C200 1x, https:\/\/i0.wp.com\/www.shqiperia.com\/blog\/wp-content\/uploads\/2021\/12\/Baba-Vanga-e-quajtur-Nostradamus-i-Ballkanit.jpg?fit=800%2C420&ssl=1&resize=525%2C300 1.5x, https:\/\/i0.wp.com\/www.shqiperia.com\/blog\/wp-content\/uploads\/2021\/12\/Baba-Vanga-e-quajtur-Nostradamus-i-Ballkanit.jpg?fit=800%2C420&ssl=1&resize=700%2C400 2x"},"classes":[]},{"id":81368,"url":"https:\/\/www.shqiperia.com\/blog\/gazetari-i-njohur-thumbon-edi-ramen-shpresoj-qe-te-mos-perdore-profecite-e-sazan-gurit-per-anglishten\/","url_meta":{"origin":95485,"position":1},"title":"Gazetari i njohur \u2018thumbon\u2019 Edi Ramen: &#8211; Shpresoj q\u00eb t\u00eb mos p\u00ebrdor\u00eb profecit\u00eb e Sazan Gurit p\u00ebr anglishten","author":"Kurt Farka","date":"May 26, 2024","format":false,"excerpt":"26 Maji 2024 Gazetari shqiptar Arben Manaj, i cili jeton n\u00eb Mbret\u00ebrin\u00eb e Bashkuar, ka komentuar takimin e \u00a0kryeministrit Edi Rama me emigrant\u00ebt shqiptar\u00eb n\u00eb Britanin\u00eb e Madhe. I ftuar n\u00eb nj\u00eb program televiziv Manaj tha se ai nuk e di dhe se \u00ebsht\u00eb nj\u00eb histori tjet\u00ebr se \u00e7far\u00eb mund\u2026","rel":"","context":"In &quot;Blogu i Udh\u00ebtarit&quot;","block_context":{"text":"Blogu i Udh\u00ebtarit","link":"https:\/\/www.shqiperia.com\/blog\/category\/blogu-i-udhetarit\/"},"img":{"alt_text":"","src":"https:\/\/i0.wp.com\/www.shqiperia.com\/blog\/wp-content\/uploads\/2024\/05\/196117386_3047299295493353_8837247964216065948_n.jpg?fit=640%2C405&ssl=1&resize=350%2C200","width":350,"height":200,"srcset":"https:\/\/i0.wp.com\/www.shqiperia.com\/blog\/wp-content\/uploads\/2024\/05\/196117386_3047299295493353_8837247964216065948_n.jpg?fit=640%2C405&ssl=1&resize=350%2C200 1x, https:\/\/i0.wp.com\/www.shqiperia.com\/blog\/wp-content\/uploads\/2024\/05\/196117386_3047299295493353_8837247964216065948_n.jpg?fit=640%2C405&ssl=1&resize=525%2C300 1.5x"},"classes":[]},{"id":96208,"url":"https:\/\/www.shqiperia.com\/blog\/parashikimet-e-nostradamusit-per-vitin-2026-nje-e-ardhme-e-nderlikuar-per-njerezimin\/","url_meta":{"origin":95485,"position":2},"title":"Parashikimet e Nostradamusit p\u00ebr vitin 2026, nj\u00eb e ardhme e nd\u00ebrlikuar p\u00ebr njer\u00ebzimin","author":"Kurt Farka","date":"December 29, 2025","format":false,"excerpt":"29 Dhjetor 2025 Parashikimet e Nostradamusit p\u00ebr vitin 2026 p\u00ebrshkruajn\u00eb nj\u00eb t\u00eb ardhme t\u00eb nd\u00ebrlikuar p\u00ebr njer\u00ebzimin. Profecit\u00eb e k\u00ebtij astrologu dhe farmacisti t\u00eb shquar francez, i cili jetoi n\u00eb shekullin e 16-t\u00eb, jan\u00eb t\u00eb r\u00ebnd\u00ebsishme p\u00ebr disa pasi ka parashikuar, n\u00eb m\u00ebnyr\u00eb relative dhe me paqart\u00ebsin\u00eb e tij t\u00eb\u2026","rel":"","context":"In &quot;Press Releases&quot;","block_context":{"text":"Press Releases","link":"https:\/\/www.shqiperia.com\/blog\/category\/press-releases\/"},"img":{"alt_text":"","src":"https:\/\/i0.wp.com\/www.shqiperia.com\/blog\/wp-content\/uploads\/2025\/12\/640-0-e2136d8c93f82dfcf0566216ca8d4ea5.webp?fit=640%2C427&ssl=1&resize=350%2C200","width":350,"height":200,"srcset":"https:\/\/i0.wp.com\/www.shqiperia.com\/blog\/wp-content\/uploads\/2025\/12\/640-0-e2136d8c93f82dfcf0566216ca8d4ea5.webp?fit=640%2C427&ssl=1&resize=350%2C200 1x, https:\/\/i0.wp.com\/www.shqiperia.com\/blog\/wp-content\/uploads\/2025\/12\/640-0-e2136d8c93f82dfcf0566216ca8d4ea5.webp?fit=640%2C427&ssl=1&resize=525%2C300 1.5x"},"classes":[]},{"id":42069,"url":"https:\/\/www.shqiperia.com\/blog\/skandali-i-investiguar-nga-birn-dhenia-e-laboratoreve-me-koncesion-frenon-betejen-e-shqiperise-ndaj-covid-19\/","url_meta":{"origin":95485,"position":3},"title":"Skandali i investiguar nga BIRN: &#8211; Dh\u00ebnia e laborator\u00ebve me koncesion frenon betej\u00ebn e Shqip\u00ebris\u00eb ndaj COVID-19","author":"Kurt Farka","date":"December 19, 2020","format":false,"excerpt":"Skandali i investiguar nga BIRN: - Dh\u00ebnia e laborator\u00ebve me koncesion frenon betej\u00ebn e Shqip\u00ebris\u00eb ndaj COVID-19 Zbatimi i kontrat\u00ebs s\u00eb partneritetit publik privat t\u00eb sh\u00ebrbimit t\u00eb laborator\u00ebve n\u00eb mesin e pandemis\u00eb ka penguar rritjen e kapaciteteve t\u00eb testimit ndaj COVID-19, nd\u00ebrkoh\u00eb q\u00eb mjek\u00ebt dhe ekspert\u00ebt paralajm\u00ebrojn\u00eb efekte afatgjata n\u00eb\u2026","rel":"","context":"In &quot;Blogu i Udh\u00ebtarit&quot;","block_context":{"text":"Blogu i Udh\u00ebtarit","link":"https:\/\/www.shqiperia.com\/blog\/category\/blogu-i-udhetarit\/"},"img":{"alt_text":"","src":"https:\/\/i0.wp.com\/www.shqiperia.com\/blog\/wp-content\/uploads\/2020\/12\/koncensionet-e-lab-960x600-1-750x375-1.jpg?fit=750%2C375&ssl=1&resize=350%2C200","width":350,"height":200,"srcset":"https:\/\/i0.wp.com\/www.shqiperia.com\/blog\/wp-content\/uploads\/2020\/12\/koncensionet-e-lab-960x600-1-750x375-1.jpg?fit=750%2C375&ssl=1&resize=350%2C200 1x, https:\/\/i0.wp.com\/www.shqiperia.com\/blog\/wp-content\/uploads\/2020\/12\/koncensionet-e-lab-960x600-1-750x375-1.jpg?fit=750%2C375&ssl=1&resize=525%2C300 1.5x, https:\/\/i0.wp.com\/www.shqiperia.com\/blog\/wp-content\/uploads\/2020\/12\/koncensionet-e-lab-960x600-1-750x375-1.jpg?fit=750%2C375&ssl=1&resize=700%2C400 2x"},"classes":[]},{"id":84837,"url":"https:\/\/www.shqiperia.com\/blog\/shtet-si-vatikani-per-bektashinjte-ne-tirane-reagon-baba-mondi\/","url_meta":{"origin":95485,"position":4},"title":"Shtet si Vatikani p\u00ebr bektashinjt\u00eb n\u00eb Tiran\u00eb, reagon Baba Mondi","author":"Kurt Farka","date":"September 22, 2024","format":false,"excerpt":"22 Shtator 2024 ... Ne nuk e kemi k\u00ebrkuar dhe nuk pretendojm\u00eb t\u00eb krijojm\u00eb nj\u00eb shtet Mysliman. Nisma \u00ebsht\u00eb t\u00ebr\u00ebsisht e kryeministrit Rama \u201cNa ka befasuar\u201d. Ky ishte komenti i par\u00eb q\u00eb Kryegjyshi Bot\u00ebror i Bektashinjve, Haxhi Dede Edmond Brahimaj n\u00eb lidhje me lajmin q\u00eb qarkullon prej paradites s\u00eb sotme\u2026","rel":"","context":"In &quot;Blogu i Udh\u00ebtarit&quot;","block_context":{"text":"Blogu i Udh\u00ebtarit","link":"https:\/\/www.shqiperia.com\/blog\/category\/blogu-i-udhetarit\/"},"img":{"alt_text":"","src":"https:\/\/i0.wp.com\/www.shqiperia.com\/blog\/wp-content\/uploads\/2024\/09\/900-0-1726947847xcollage-1-195.jpg?fit=900%2C600&ssl=1&resize=350%2C200","width":350,"height":200,"srcset":"https:\/\/i0.wp.com\/www.shqiperia.com\/blog\/wp-content\/uploads\/2024\/09\/900-0-1726947847xcollage-1-195.jpg?fit=900%2C600&ssl=1&resize=350%2C200 1x, https:\/\/i0.wp.com\/www.shqiperia.com\/blog\/wp-content\/uploads\/2024\/09\/900-0-1726947847xcollage-1-195.jpg?fit=900%2C600&ssl=1&resize=525%2C300 1.5x, https:\/\/i0.wp.com\/www.shqiperia.com\/blog\/wp-content\/uploads\/2024\/09\/900-0-1726947847xcollage-1-195.jpg?fit=900%2C600&ssl=1&resize=700%2C400 2x"},"classes":[]},{"id":58152,"url":"https:\/\/www.shqiperia.com\/blog\/investigimi-i-birn-ja-cili-eshte-vendi-ku-kriminelet-shqiptare-urdherojne-vrasje-dhe-drejtojne-trafikun-nderkombetar-te-droges-si-gjejne-strehe-te-sigurt-ne-dubai\/","url_meta":{"origin":95485,"position":5},"title":"Investigimi i BIRN\/ Ja cili \u00ebsht\u00eb vendi ku kriminel\u00ebt shqiptar\u00eb urdh\u00ebrojn\u00eb vrasje dhe drejtojn\u00eb trafikun nd\u00ebrkomb\u00ebtar t\u00eb drog\u00ebs! &#8211; Si gjejn\u00eb streh\u00eb t\u00eb sigurt ne Dubai","author":"Kurt Farka","date":"May 26, 2022","format":false,"excerpt":"26 MAJ 2022 N\u00eb dhjetor 2020, Prokuroria Speciale kund\u00ebr Korrupsionit dhe Krimit t\u00eb Organizuar, e sapokrijuar e Shqip\u00ebris\u00eb, SPAK, b\u00ebri l\u00ebvizjen e saj kund\u00ebr t\u00eb ashtuquajtur\u00ebs \u201cbanda e Durr\u00ebsit\u201d, nj\u00eb klan i fuqish\u00ebm kriminal me qend\u00ebr n\u00eb qytetin bregdetar shqiptar t\u00eb Durr\u00ebsit. SPAK akuzoi an\u00ebtar\u00ebt kryesor\u00eb t\u00eb band\u00ebs p\u00ebr p\u00ebrfshirje\u2026","rel":"","context":"In &quot;Blogu i Udh\u00ebtarit&quot;","block_context":{"text":"Blogu i Udh\u00ebtarit","link":"https:\/\/www.shqiperia.com\/blog\/category\/blogu-i-udhetarit\/"},"img":{"alt_text":"","src":"https:\/\/i0.wp.com\/www.shqiperia.com\/blog\/wp-content\/uploads\/2022\/05\/800-0-72b1d6ec24f00551117c88e34314f657.jpg?fit=760%2C397&ssl=1&resize=350%2C200","width":350,"height":200,"srcset":"https:\/\/i0.wp.com\/www.shqiperia.com\/blog\/wp-content\/uploads\/2022\/05\/800-0-72b1d6ec24f00551117c88e34314f657.jpg?fit=760%2C397&ssl=1&resize=350%2C200 1x, https:\/\/i0.wp.com\/www.shqiperia.com\/blog\/wp-content\/uploads\/2022\/05\/800-0-72b1d6ec24f00551117c88e34314f657.jpg?fit=760%2C397&ssl=1&resize=525%2C300 1.5x, https:\/\/i0.wp.com\/www.shqiperia.com\/blog\/wp-content\/uploads\/2022\/05\/800-0-72b1d6ec24f00551117c88e34314f657.jpg?fit=760%2C397&ssl=1&resize=700%2C400 2x"},"classes":[]}],"_links":{"self":[{"href":"https:\/\/www.shqiperia.com\/blog\/wp-json\/wp\/v2\/posts\/95485","targetHints":{"allow":["GET"]}}],"collection":[{"href":"https:\/\/www.shqiperia.com\/blog\/wp-json\/wp\/v2\/posts"}],"about":[{"href":"https:\/\/www.shqiperia.com\/blog\/wp-json\/wp\/v2\/types\/post"}],"author":[{"embeddable":true,"href":"https:\/\/www.shqiperia.com\/blog\/wp-json\/wp\/v2\/users\/9"}],"replies":[{"embeddable":true,"href":"https:\/\/www.shqiperia.com\/blog\/wp-json\/wp\/v2\/comments?post=95485"}],"version-history":[{"count":1,"href":"https:\/\/www.shqiperia.com\/blog\/wp-json\/wp\/v2\/posts\/95485\/revisions"}],"predecessor-version":[{"id":95487,"href":"https:\/\/www.shqiperia.com\/blog\/wp-json\/wp\/v2\/posts\/95485\/revisions\/95487"}],"wp:featuredmedia":[{"embeddable":true,"href":"https:\/\/www.shqiperia.com\/blog\/wp-json\/wp\/v2\/media\/95486"}],"wp:attachment":[{"href":"https:\/\/www.shqiperia.com\/blog\/wp-json\/wp\/v2\/media?parent=95485"}],"wp:term":[{"taxonomy":"category","embeddable":true,"href":"https:\/\/www.shqiperia.com\/blog\/wp-json\/wp\/v2\/categories?post=95485"},{"taxonomy":"post_tag","embeddable":true,"href":"https:\/\/www.shqiperia.com\/blog\/wp-json\/wp\/v2\/tags?post=95485"}],"curies":[{"name":"wp","href":"https:\/\/api.w.org\/{rel}","templated":true}]}}