{"id":94429,"date":"2025-10-26T23:50:33","date_gmt":"2025-10-26T23:50:33","guid":{"rendered":"https:\/\/www.shqiperia.com\/blog\/?p=94429"},"modified":"2025-10-26T23:51:10","modified_gmt":"2025-10-26T23:51:10","slug":"opinion-kush-po-pergjohet-ne-shqiperi-23-tetor-2025","status":"publish","type":"post","link":"https:\/\/www.shqiperia.com\/blog\/opinion-kush-po-pergjohet-ne-shqiperi-23-tetor-2025\/","title":{"rendered":"&#8220;Opinion&#8221;- Kush po pergjohet ne Shqiperi? &#8211; 23 Tetor 2025"},"content":{"rendered":"<div class=\"xdj266r x14z9mp xat24cr x1lziwak x1vvkbs x126k92a\">\n<div><\/div>\n<div><img data-recalc-dims=\"1\" loading=\"lazy\" decoding=\"async\" data-attachment-id=\"94431\" data-permalink=\"https:\/\/www.shqiperia.com\/blog\/opinion-kush-po-pergjohet-ne-shqiperi-23-tetor-2025\/571224409_10238116018380098_7736253020586774108_n-2\/\" data-orig-file=\"https:\/\/i0.wp.com\/www.shqiperia.com\/blog\/wp-content\/uploads\/2025\/10\/571224409_10238116018380098_7736253020586774108_n-1.jpg?fit=1790%2C1090&amp;ssl=1\" data-orig-size=\"1790,1090\" data-comments-opened=\"1\" data-image-meta=\"{&quot;aperture&quot;:&quot;0&quot;,&quot;credit&quot;:&quot;&quot;,&quot;camera&quot;:&quot;&quot;,&quot;caption&quot;:&quot;&quot;,&quot;created_timestamp&quot;:&quot;0&quot;,&quot;copyright&quot;:&quot;&quot;,&quot;focal_length&quot;:&quot;0&quot;,&quot;iso&quot;:&quot;0&quot;,&quot;shutter_speed&quot;:&quot;0&quot;,&quot;title&quot;:&quot;&quot;,&quot;orientation&quot;:&quot;0&quot;}\" data-image-title=\"571224409_10238116018380098_7736253020586774108_n\" data-image-description=\"\" data-image-caption=\"\" data-medium-file=\"https:\/\/i0.wp.com\/www.shqiperia.com\/blog\/wp-content\/uploads\/2025\/10\/571224409_10238116018380098_7736253020586774108_n-1.jpg?fit=300%2C183&amp;ssl=1\" data-large-file=\"https:\/\/i0.wp.com\/www.shqiperia.com\/blog\/wp-content\/uploads\/2025\/10\/571224409_10238116018380098_7736253020586774108_n-1.jpg?fit=1024%2C624&amp;ssl=1\" class=\"alignnone wp-image-94431\" alt=\"\" src=\"https:\/\/i0.wp.com\/www.shqiperia.com\/blog\/wp-content\/uploads\/2025\/10\/571224409_10238116018380098_7736253020586774108_n-1.jpg?resize=687%2C419&#038;ssl=1\" width=\"687\" height=\"419\" srcset=\"https:\/\/i0.wp.com\/www.shqiperia.com\/blog\/wp-content\/uploads\/2025\/10\/571224409_10238116018380098_7736253020586774108_n-1.jpg?resize=300%2C183&amp;ssl=1 300w, https:\/\/i0.wp.com\/www.shqiperia.com\/blog\/wp-content\/uploads\/2025\/10\/571224409_10238116018380098_7736253020586774108_n-1.jpg?resize=1024%2C624&amp;ssl=1 1024w, https:\/\/i0.wp.com\/www.shqiperia.com\/blog\/wp-content\/uploads\/2025\/10\/571224409_10238116018380098_7736253020586774108_n-1.jpg?resize=768%2C468&amp;ssl=1 768w, https:\/\/i0.wp.com\/www.shqiperia.com\/blog\/wp-content\/uploads\/2025\/10\/571224409_10238116018380098_7736253020586774108_n-1.jpg?resize=1536%2C935&amp;ssl=1 1536w, https:\/\/i0.wp.com\/www.shqiperia.com\/blog\/wp-content\/uploads\/2025\/10\/571224409_10238116018380098_7736253020586774108_n-1.jpg?resize=450%2C274&amp;ssl=1 450w, https:\/\/i0.wp.com\/www.shqiperia.com\/blog\/wp-content\/uploads\/2025\/10\/571224409_10238116018380098_7736253020586774108_n-1.jpg?resize=600%2C365&amp;ssl=1 600w, https:\/\/i0.wp.com\/www.shqiperia.com\/blog\/wp-content\/uploads\/2025\/10\/571224409_10238116018380098_7736253020586774108_n-1.jpg?resize=1500%2C913&amp;ssl=1 1500w, https:\/\/i0.wp.com\/www.shqiperia.com\/blog\/wp-content\/uploads\/2025\/10\/571224409_10238116018380098_7736253020586774108_n-1.jpg?resize=1300%2C792&amp;ssl=1 1300w, https:\/\/i0.wp.com\/www.shqiperia.com\/blog\/wp-content\/uploads\/2025\/10\/571224409_10238116018380098_7736253020586774108_n-1.jpg?resize=400%2C244&amp;ssl=1 400w, https:\/\/i0.wp.com\/www.shqiperia.com\/blog\/wp-content\/uploads\/2025\/10\/571224409_10238116018380098_7736253020586774108_n-1.jpg?w=1790&amp;ssl=1 1790w\" sizes=\"auto, (max-width: 687px) 100vw, 687px\" \/><\/div>\n<div><\/div>\n<div>27 Tetor 2025<\/div>\n<div><\/div>\n<div>Kur shteti akuzohet p\u00ebr p\u00ebrgjimet dhe hesht !<\/div>\n<\/div>\n<div class=\"x14z9mp xat24cr x1lziwak x1vvkbs xtlvy1s x126k92a\">\n<div>Deklarata e deputetit t\u00eb PD, Saimir Korreshi, n\u00eb emisionin \u201cOpinion\u201d t\u00eb dat\u00ebs 23 tetor \u00ebsht\u00eb nj\u00eb nga akuzat m\u00eb t\u00eb r\u00ebnda q\u00eb i b\u00ebhen shtetit shqiptar ! Ai deklaroi se ishte informuar q\u00eb n\u00eb ambientet e AKEP-it ka q\u00ebn\u00eb vendosur nj\u00eb aparatur\u00eb p\u00ebrgjimi, q\u00eb me justifikimin e \u201cmbylljes s\u00eb TikTok-ut\u201d ka p\u00ebrgjuar prokuror\u00eb, task-forca dhe zyrtar\u00eb t\u00eb tjer\u00eb&#8230;.<\/div>\n<div>N\u00eb vijim t\u00eb k\u00ebtij debati, nga nj\u00eb individ i prezantuar si ekspert i aparaturave <span class=\"html-span xdj266r x14z9mp xat24cr x1lziwak xexx8yu xyri2b x18d9i69 x1c1uobl x1hl2dhg x16tdsg8 x1vvkbs\"><a class=\"html-a xdj266r x14z9mp xat24cr x1lziwak xexx8yu xyri2b x18d9i69 x1c1uobl x1hl2dhg x16tdsg8 x1vvkbs\"><\/a><\/span>p\u00ebrgjuese, u tha<\/div>\n<div>se pas nj\u00eb viti pajisjet jan\u00eb marr\u00eb nga kompania izraelite, duke d\u00ebrguar me to edhe t\u00eb dh\u00ebnat e shqiptar\u00ebve jasht\u00eb vendit.<\/div>\n<div>N\u00eb \u00e7do shtet serioz, kjo deklarat\u00eb do t\u00eb kishte ngritur menj\u00ebher\u00eb n\u00eb k\u00ebmb\u00eb institucionet, hetimet dhe transparenc\u00ebn publike, tek ne heshtje totale ! Asnj\u00eb reagim nga AKEP, nga institucionet e tjera, apo nga organet e drejt\u00ebsis\u00eb.<\/div>\n<div>Nj\u00eb heshtje q\u00eb ul\u00ebrin.Shteti n\u00eb raste t\u00eb tilla reagon menj\u00ebher\u00eb dhe sqaron t\u00eb v\u00ebrtet\u00ebn, pasi kemi t\u00eb b\u00ebjm\u00eb me sigurin\u00eb komb\u00ebtare, privat\u00ebsin\u00eb qytetare dhe sovranitetin e vendit. Kjo \u00ebsht\u00eb arsyeja pse themi<\/div>\n<div>q\u00eb \u00ebsht\u00eb krejt e papranueshme mungesa e reagimit shtet\u00ebror ! Nj\u00eb indiferenc\u00eb e till\u00eb shkat\u00ebrron besimin e qytetar\u00ebve tek shteti.N\u00eb nj\u00eb vend demokratik, kur akuzohet p\u00ebr p\u00ebrgjime, shteti flet, n\u00eb Shqip\u00ebri hesht !<\/div>\n<div>Fatura e heshtjes n\u00eb raste t\u00eb tilla \u00ebsht\u00eb shum\u00eb e r\u00ebnd\u00eb n\u00eb raportet e besimit qytetar\u00eb &#8211; shtet ! Shqiptar\u00ebt kan\u00eb nevoj\u00eb p\u00ebr shtetin si p\u00ebr ajrin dhe drit\u00ebn !<\/div>\n<\/div>\n","protected":false},"excerpt":{"rendered":"<p>27 Tetor 2025 Kur shteti akuzohet p\u00ebr p\u00ebrgjimet dhe hesht ! Deklarata e deputetit t\u00eb PD, Saimir Korreshi, n\u00eb emisionin \u201cOpinion\u201d t\u00eb dat\u00ebs 23 tetor \u00ebsht\u00eb nj\u00eb nga akuzat m\u00eb t\u00eb r\u00ebnda q\u00eb i b\u00ebhen shtetit shqiptar ! Ai deklaroi se ishte informuar q\u00eb n\u00eb ambientet e AKEP-it ka q\u00ebn\u00eb vendosur nj\u00eb aparatur\u00eb p\u00ebrgjimi, q\u00eb [&hellip;]<\/p>\n","protected":false},"author":9,"featured_media":94431,"comment_status":"open","ping_status":"open","sticky":false,"template":"","format":"standard","meta":{"jetpack_post_was_ever_published":false,"_jetpack_newsletter_access":"","_jetpack_dont_email_post_to_subs":false,"_jetpack_newsletter_tier_id":0,"_jetpack_memberships_contains_paywalled_content":false,"_jetpack_memberships_contains_paid_content":false,"footnotes":"","jetpack_publicize_message":"","jetpack_publicize_feature_enabled":true,"jetpack_social_post_already_shared":true,"jetpack_social_options":{"image_generator_settings":{"template":"highway","default_image_id":0,"font":"","enabled":false},"version":2}},"categories":[27,1],"tags":[],"class_list":["post-94429","post","type-post","status-publish","format-standard","has-post-thumbnail","hentry","category-blogu-i-udhetarit","category-njoftime-shtypi"],"jetpack_publicize_connections":[],"jetpack_featured_media_url":"https:\/\/i0.wp.com\/www.shqiperia.com\/blog\/wp-content\/uploads\/2025\/10\/571224409_10238116018380098_7736253020586774108_n-1.jpg?fit=1790%2C1090&ssl=1","jetpack_sharing_enabled":true,"jetpack_shortlink":"https:\/\/wp.me\/p5Z6wp-oz3","jetpack-related-posts":[{"id":96602,"url":"https:\/\/www.shqiperia.com\/blog\/vijon-shpopullimi-kerkesat-per-azil-nga-shqiptaret-ne-be-u-rriten-serish-ne-tetor-2025-niveli-me-i-larte\/","url_meta":{"origin":94429,"position":0},"title":"Vijon shpopullimi\/ K\u00ebrkesat p\u00ebr azil nga shqiptar\u00ebt n\u00eb BE u rrit\u00ebn s\u00ebrish n\u00eb tetor 2025, niveli m\u00eb i lart\u00eb&#8230;","author":"Kurt Farka","date":"January 15, 2026","format":false,"excerpt":"15 Janar 2026 Pavar\u00ebsisht rritjes s\u00eb tetorit, p\u00ebr 10 mujorin 2025, aplikimet p\u00ebr mbrojtje nd\u00ebrkomb\u00ebtare kan\u00eb qen\u00eb n\u00eb r\u00ebnie. P\u00ebr periudh\u00ebn janar-tetor ishin gjithsej 4345 persona q\u00eb k\u00ebrkuan azil, me nj\u00eb r\u00ebnie prej 29.5% n\u00eb krahasim me t\u00eb nj\u00ebjt\u00ebn periudh\u00eb t\u00eb nj\u00eb viti m\u00eb par\u00eb. N\u00eb raport me vitin 2022,\u2026","rel":"","context":"In &quot;Blogu i Udh\u00ebtarit&quot;","block_context":{"text":"Blogu i Udh\u00ebtarit","link":"https:\/\/www.shqiperia.com\/blog\/category\/blogu-i-udhetarit\/"},"img":{"alt_text":"","src":"https:\/\/i0.wp.com\/www.shqiperia.com\/blog\/wp-content\/uploads\/2026\/01\/auto_azil1768479991.jpg?fit=900%2C507&ssl=1&resize=350%2C200","width":350,"height":200,"srcset":"https:\/\/i0.wp.com\/www.shqiperia.com\/blog\/wp-content\/uploads\/2026\/01\/auto_azil1768479991.jpg?fit=900%2C507&ssl=1&resize=350%2C200 1x, https:\/\/i0.wp.com\/www.shqiperia.com\/blog\/wp-content\/uploads\/2026\/01\/auto_azil1768479991.jpg?fit=900%2C507&ssl=1&resize=525%2C300 1.5x, https:\/\/i0.wp.com\/www.shqiperia.com\/blog\/wp-content\/uploads\/2026\/01\/auto_azil1768479991.jpg?fit=900%2C507&ssl=1&resize=700%2C400 2x"},"classes":[]},{"id":40105,"url":"https:\/\/www.shqiperia.com\/blog\/vala-e-dyte-e-pandemise-se-koronavirusit-pushton-evropen\/","url_meta":{"origin":94429,"position":1},"title":"Vala e dyt\u00eb e pandemis\u00eb s\u00eb koronavirusit pushton Evrop\u00ebn","author":"Kurt Farka","date":"October 25, 2020","format":false,"excerpt":"Vala e dyt\u00eb e pandemis\u00eb s\u00eb koronavirusit pushton Evrop\u00ebn 25 TETOR 2020 N\u00eb Gjermani po rriten tej mase infektimet, kurse \u00c7ekia, Belgjika dhe Holanda jan\u00eb kthyer nd\u00ebrkoh\u00eb n\u00eb vatra t\u00eb rrezikshme t\u00eb pandemis\u00eb. Nj\u00eb v\u00ebshtrim mbi p\u00ebrhapjen me shpejt\u00ebsi t\u00eb virusit kudo n\u00eb Europ\u00eb. N\u00eb fillim ishte kancelarja Merkel q\u00eb\u2026","rel":"","context":"In &quot;Blogu i Udh\u00ebtarit&quot;","block_context":{"text":"Blogu i Udh\u00ebtarit","link":"https:\/\/www.shqiperia.com\/blog\/category\/blogu-i-udhetarit\/"},"img":{"alt_text":"","src":"https:\/\/i0.wp.com\/www.shqiperia.com\/blog\/wp-content\/uploads\/2020\/10\/640-0-5f952d4e62719.png?fit=640%2C376&ssl=1&resize=350%2C200","width":350,"height":200,"srcset":"https:\/\/i0.wp.com\/www.shqiperia.com\/blog\/wp-content\/uploads\/2020\/10\/640-0-5f952d4e62719.png?fit=640%2C376&ssl=1&resize=350%2C200 1x, https:\/\/i0.wp.com\/www.shqiperia.com\/blog\/wp-content\/uploads\/2020\/10\/640-0-5f952d4e62719.png?fit=640%2C376&ssl=1&resize=525%2C300 1.5x"},"classes":[]},{"id":39837,"url":"https:\/\/www.shqiperia.com\/blog\/alfred-cako-shqiperia-do-izolohet-ne-daten\/","url_meta":{"origin":94429,"position":2},"title":"Alfred Cako: &#8211; Shqip\u00ebria do izolohet n\u00eb dat\u00ebn\u2026","author":"Kurt Farka","date":"October 18, 2020","format":false,"excerpt":"Alfred Cako: - Shqip\u00ebria do izolohet n\u00eb dat\u00ebn\u2026 18 TETOR 2020 Konspiracionisti Alfred Cako b\u00ebri nj\u00eb deklarat\u00eb t\u00eb bujshme p\u00ebr at\u00eb \u00e7far\u00eb na pret lidhur me luft\u00ebn ndaj koronaviorusit. Cako aludoi se e gjith\u00eb Evropa do t\u00eb p\u00ebrjetoj nj\u00eb karantin\u00eb t\u00eb dyt\u00eb m\u00eb dat\u00eb 25 tetor, nd\u00ebrsa vendi yn\u00eb do\u2026","rel":"","context":"In &quot;Blogu i Udh\u00ebtarit&quot;","block_context":{"text":"Blogu i Udh\u00ebtarit","link":"https:\/\/www.shqiperia.com\/blog\/category\/blogu-i-udhetarit\/"},"img":{"alt_text":"","src":"https:\/\/i0.wp.com\/www.shqiperia.com\/blog\/wp-content\/uploads\/2020\/10\/800-0-5f8c80ce7cf0f.jpg?fit=800%2C447&ssl=1&resize=350%2C200","width":350,"height":200,"srcset":"https:\/\/i0.wp.com\/www.shqiperia.com\/blog\/wp-content\/uploads\/2020\/10\/800-0-5f8c80ce7cf0f.jpg?fit=800%2C447&ssl=1&resize=350%2C200 1x, https:\/\/i0.wp.com\/www.shqiperia.com\/blog\/wp-content\/uploads\/2020\/10\/800-0-5f8c80ce7cf0f.jpg?fit=800%2C447&ssl=1&resize=525%2C300 1.5x, https:\/\/i0.wp.com\/www.shqiperia.com\/blog\/wp-content\/uploads\/2020\/10\/800-0-5f8c80ce7cf0f.jpg?fit=800%2C447&ssl=1&resize=700%2C400 2x"},"classes":[]},{"id":22396,"url":"https:\/\/www.shqiperia.com\/blog\/ilir-meta-dekreton-daten-13-tetor-per-zgjedhjet-ne-vend\/","url_meta":{"origin":94429,"position":3},"title":"Ilir Meta dekreton dat\u00ebn 13 tetor p\u00ebr zgjedhjet n\u00eb vend. &#8211;","author":"Kurt Farka","date":"June 27, 2019","format":false,"excerpt":"Ilir Meta dekreton dat\u00ebn 13 tetor p\u00ebr zgjedhjet n\u00eb vend. - \u00a027 qershor 2019 Pas takimeve intensive t\u00eb zhvilluara sot, n\u00eb qend\u00ebr t\u00eb t\u00eb cilave ishte kriza politike n\u00eb vend, Presidenti Meta ka dal\u00eb n\u00eb nj\u00eb konferenc\u00eb p\u00ebr mediat ku ka dekretuar daten e re per zgjedhjet lokale. \u201cZgjedhjet m\u00eb\u2026","rel":"","context":"In &quot;Blogu i Udh\u00ebtarit&quot;","block_context":{"text":"Blogu i Udh\u00ebtarit","link":"https:\/\/www.shqiperia.com\/blog\/category\/blogu-i-udhetarit\/"},"img":{"alt_text":"","src":"https:\/\/i0.wp.com\/www.shqiperia.com\/blog\/wp-content\/uploads\/2019\/06\/meta-presidenca-e1561141047878-1024x541.jpg?fit=1024%2C541&ssl=1&resize=350%2C200","width":350,"height":200,"srcset":"https:\/\/i0.wp.com\/www.shqiperia.com\/blog\/wp-content\/uploads\/2019\/06\/meta-presidenca-e1561141047878-1024x541.jpg?fit=1024%2C541&ssl=1&resize=350%2C200 1x, https:\/\/i0.wp.com\/www.shqiperia.com\/blog\/wp-content\/uploads\/2019\/06\/meta-presidenca-e1561141047878-1024x541.jpg?fit=1024%2C541&ssl=1&resize=525%2C300 1.5x, https:\/\/i0.wp.com\/www.shqiperia.com\/blog\/wp-content\/uploads\/2019\/06\/meta-presidenca-e1561141047878-1024x541.jpg?fit=1024%2C541&ssl=1&resize=700%2C400 2x"},"classes":[]},{"id":74624,"url":"https:\/\/www.shqiperia.com\/blog\/koncesioni-per-butrintin-perfundon-seanca-ne-kushtetuese-ina-zhupa-klsh-ndryshoi-qendrim-i-eshte-bere-presion-kemi-afat-deri-ne-6-tetor-per-te-paraqitur-provat\/","url_meta":{"origin":94429,"position":4},"title":"Koncesioni p\u00ebr Butrintin\/ P\u00ebrfundon seanca n\u00eb \u2018Kushtetuese\u2019, Ina Zhupa: KLSH ndryshoi q\u00ebndrim, i \u00ebsht\u00eb b\u00ebr\u00eb presion! Kemi afat deri n\u00eb 6 tetor p\u00ebr t\u00eb paraqitur provat","author":"Kurt Farka","date":"October 4, 2023","format":false,"excerpt":"4 Tetor 2023 Gjykata Kushtetuese ka shqyrtuar k\u00ebrkes\u00ebn e deputetes s\u00eb Partis\u00eb Demokratike, Ina Zhupa sa i takon koncesionit t\u00eb Butrintit. N\u00eb p\u00ebrfundim t\u00eb seanc\u00ebs, Zhupa n\u00eb nj\u00eb deklarat\u00eb p\u00ebr mediat u shpreh se \u00ebsht\u00eb b\u00ebr\u00eb presion ndaj Kontrollit t\u00eb Lart\u00eb t\u00eb Shtetit, q\u00eb sic tha deputetja ka ndryshuar q\u00ebndrim,\u2026","rel":"","context":"In &quot;Histori&quot;","block_context":{"text":"Histori","link":"https:\/\/www.shqiperia.com\/blog\/category\/histori\/"},"img":{"alt_text":"","src":"https:\/\/i0.wp.com\/www.shqiperia.com\/blog\/wp-content\/uploads\/2023\/10\/butrinti1-1-1024x598-1.jpg?fit=751%2C476&ssl=1&resize=350%2C200","width":350,"height":200,"srcset":"https:\/\/i0.wp.com\/www.shqiperia.com\/blog\/wp-content\/uploads\/2023\/10\/butrinti1-1-1024x598-1.jpg?fit=751%2C476&ssl=1&resize=350%2C200 1x, https:\/\/i0.wp.com\/www.shqiperia.com\/blog\/wp-content\/uploads\/2023\/10\/butrinti1-1-1024x598-1.jpg?fit=751%2C476&ssl=1&resize=525%2C300 1.5x, https:\/\/i0.wp.com\/www.shqiperia.com\/blog\/wp-content\/uploads\/2023\/10\/butrinti1-1-1024x598-1.jpg?fit=751%2C476&ssl=1&resize=700%2C400 2x"},"classes":[]},{"id":44367,"url":"https:\/\/www.shqiperia.com\/blog\/deputeti-i-kuvendit-paralajmeron-termet-ne-politiken-shqiptare-ne-tetor-zgjedhjet-lokale\/","url_meta":{"origin":94429,"position":5},"title":"Deputeti i Kuvendit paralajm\u00ebron &#8216;t\u00ebrmet&#8217; n\u00eb politik\u00ebn shqiptare: &#8211; N\u00eb tetor zgjedhjet lokale.","author":"Kurt Farka","date":"February 17, 2021","format":false,"excerpt":"Deputeti i Kuvendit paralajm\u00ebron 't\u00ebrmet' n\u00eb politik\u00ebn shqiptare: - N\u00eb tetor zgjedhjet lokale. 17 SHKURT 2021 Deputeti Lefter Maliqi shprehet i sigurt se pas gjasht\u00eb muajsh nga zgjedhjet e p\u00ebrgjithshme t\u00eb 25 prillit, n\u00eb muajin tetor do t\u00eb zhvillohen dhe zgjedhjet lokale. K\u00ebt\u00eb deklarat\u00eb, ligjv\u00ebn\u00ebsi i Kuvendit t\u00eb Shqip\u00ebris\u00eb e\u2026","rel":"","context":"In &quot;Blogu i Udh\u00ebtarit&quot;","block_context":{"text":"Blogu i Udh\u00ebtarit","link":"https:\/\/www.shqiperia.com\/blog\/category\/blogu-i-udhetarit\/"},"img":{"alt_text":"","src":"https:\/\/i0.wp.com\/www.shqiperia.com\/blog\/wp-content\/uploads\/2021\/02\/800-0-602d497ff3f32.jpeg?fit=800%2C430&ssl=1&resize=350%2C200","width":350,"height":200,"srcset":"https:\/\/i0.wp.com\/www.shqiperia.com\/blog\/wp-content\/uploads\/2021\/02\/800-0-602d497ff3f32.jpeg?fit=800%2C430&ssl=1&resize=350%2C200 1x, https:\/\/i0.wp.com\/www.shqiperia.com\/blog\/wp-content\/uploads\/2021\/02\/800-0-602d497ff3f32.jpeg?fit=800%2C430&ssl=1&resize=525%2C300 1.5x, https:\/\/i0.wp.com\/www.shqiperia.com\/blog\/wp-content\/uploads\/2021\/02\/800-0-602d497ff3f32.jpeg?fit=800%2C430&ssl=1&resize=700%2C400 2x"},"classes":[]}],"_links":{"self":[{"href":"https:\/\/www.shqiperia.com\/blog\/wp-json\/wp\/v2\/posts\/94429","targetHints":{"allow":["GET"]}}],"collection":[{"href":"https:\/\/www.shqiperia.com\/blog\/wp-json\/wp\/v2\/posts"}],"about":[{"href":"https:\/\/www.shqiperia.com\/blog\/wp-json\/wp\/v2\/types\/post"}],"author":[{"embeddable":true,"href":"https:\/\/www.shqiperia.com\/blog\/wp-json\/wp\/v2\/users\/9"}],"replies":[{"embeddable":true,"href":"https:\/\/www.shqiperia.com\/blog\/wp-json\/wp\/v2\/comments?post=94429"}],"version-history":[{"count":2,"href":"https:\/\/www.shqiperia.com\/blog\/wp-json\/wp\/v2\/posts\/94429\/revisions"}],"predecessor-version":[{"id":94433,"href":"https:\/\/www.shqiperia.com\/blog\/wp-json\/wp\/v2\/posts\/94429\/revisions\/94433"}],"wp:featuredmedia":[{"embeddable":true,"href":"https:\/\/www.shqiperia.com\/blog\/wp-json\/wp\/v2\/media\/94431"}],"wp:attachment":[{"href":"https:\/\/www.shqiperia.com\/blog\/wp-json\/wp\/v2\/media?parent=94429"}],"wp:term":[{"taxonomy":"category","embeddable":true,"href":"https:\/\/www.shqiperia.com\/blog\/wp-json\/wp\/v2\/categories?post=94429"},{"taxonomy":"post_tag","embeddable":true,"href":"https:\/\/www.shqiperia.com\/blog\/wp-json\/wp\/v2\/tags?post=94429"}],"curies":[{"name":"wp","href":"https:\/\/api.w.org\/{rel}","templated":true}]}}