{"id":94426,"date":"2025-10-26T23:43:13","date_gmt":"2025-10-26T23:43:13","guid":{"rendered":"https:\/\/www.shqiperia.com\/blog\/?p=94426"},"modified":"2025-10-26T23:43:13","modified_gmt":"2025-10-26T23:43:13","slug":"piktoret-e-peisazhit-hedhin-ne-telajo-pamjet-magjepse-nga-vjeshta-ne-theth-e-boge","status":"publish","type":"post","link":"https:\/\/www.shqiperia.com\/blog\/piktoret-e-peisazhit-hedhin-ne-telajo-pamjet-magjepse-nga-vjeshta-ne-theth-e-boge\/","title":{"rendered":"Piktor\u00ebt e peisazhit hedhin n\u00eb telajo pamjet magjepse nga vjeshta n\u00eb Theth e Bog\u00eb"},"content":{"rendered":"<p><img data-recalc-dims=\"1\" loading=\"lazy\" decoding=\"async\" data-attachment-id=\"94427\" data-permalink=\"https:\/\/www.shqiperia.com\/blog\/piktoret-e-peisazhit-hedhin-ne-telajo-pamjet-magjepse-nga-vjeshta-ne-theth-e-boge\/1761312554_pikturatnethethebogekr\/\" data-orig-file=\"https:\/\/i0.wp.com\/www.shqiperia.com\/blog\/wp-content\/uploads\/2025\/10\/1761312554_pikturatnethethebogekr.jpg?fit=780%2C440&amp;ssl=1\" data-orig-size=\"780,440\" data-comments-opened=\"1\" data-image-meta=\"{&quot;aperture&quot;:&quot;0&quot;,&quot;credit&quot;:&quot;&quot;,&quot;camera&quot;:&quot;&quot;,&quot;caption&quot;:&quot;&quot;,&quot;created_timestamp&quot;:&quot;0&quot;,&quot;copyright&quot;:&quot;&quot;,&quot;focal_length&quot;:&quot;0&quot;,&quot;iso&quot;:&quot;0&quot;,&quot;shutter_speed&quot;:&quot;0&quot;,&quot;title&quot;:&quot;&quot;,&quot;orientation&quot;:&quot;0&quot;}\" data-image-title=\"1761312554_pikturatnethethebogekr\" data-image-description=\"\" data-image-caption=\"\" data-medium-file=\"https:\/\/i0.wp.com\/www.shqiperia.com\/blog\/wp-content\/uploads\/2025\/10\/1761312554_pikturatnethethebogekr.jpg?fit=300%2C169&amp;ssl=1\" data-large-file=\"https:\/\/i0.wp.com\/www.shqiperia.com\/blog\/wp-content\/uploads\/2025\/10\/1761312554_pikturatnethethebogekr.jpg?fit=780%2C440&amp;ssl=1\" class=\"alignnone  wp-image-94427\" alt=\"\" src=\"https:\/\/i0.wp.com\/www.shqiperia.com\/blog\/wp-content\/uploads\/2025\/10\/1761312554_pikturatnethethebogekr.jpg?resize=636%2C358&#038;ssl=1\" width=\"636\" height=\"358\" srcset=\"https:\/\/i0.wp.com\/www.shqiperia.com\/blog\/wp-content\/uploads\/2025\/10\/1761312554_pikturatnethethebogekr.jpg?resize=300%2C169&amp;ssl=1 300w, https:\/\/i0.wp.com\/www.shqiperia.com\/blog\/wp-content\/uploads\/2025\/10\/1761312554_pikturatnethethebogekr.jpg?resize=768%2C433&amp;ssl=1 768w, https:\/\/i0.wp.com\/www.shqiperia.com\/blog\/wp-content\/uploads\/2025\/10\/1761312554_pikturatnethethebogekr.jpg?resize=450%2C254&amp;ssl=1 450w, https:\/\/i0.wp.com\/www.shqiperia.com\/blog\/wp-content\/uploads\/2025\/10\/1761312554_pikturatnethethebogekr.jpg?resize=600%2C338&amp;ssl=1 600w, https:\/\/i0.wp.com\/www.shqiperia.com\/blog\/wp-content\/uploads\/2025\/10\/1761312554_pikturatnethethebogekr.jpg?resize=400%2C226&amp;ssl=1 400w, https:\/\/i0.wp.com\/www.shqiperia.com\/blog\/wp-content\/uploads\/2025\/10\/1761312554_pikturatnethethebogekr.jpg?w=780&amp;ssl=1 780w\" sizes=\"auto, (max-width: 636px) 100vw, 636px\" \/><\/p>\n<p>27 Tetor 2025<\/p>\n<p>Thethi dhe Boga, dy prej fshatrave m\u00eb piktoreske t\u00eb Alpeve shqiptare, u zgjodh\u00ebn si destinacioni i radh\u00ebs p\u00ebr kolonin\u00eb e piktor\u00ebve \u201c<a href=\"https:\/\/shqiptarja.com\/tag\/153274\">Lissus Art<\/a>\u201d.<\/p>\n<p>P\u00ebr kat\u00ebr dit\u00eb me radh\u00eb, 20 prej piktor\u00ebve m\u00eb t\u00eb njohur n\u00eb Shqip\u00ebri kan\u00eb realizuar veprat e tyre, duke sjell\u00eb n\u00eb telajo peizazhe, portrete dhe elemente t\u00eb kostumeve tradicionale t\u00eb burrave e grave t\u00eb zon\u00ebs.<\/p>\n<p>Organizatori i kolonis\u00eb, Ded Maluta, q\u00eb prej dy vitesh ka b\u00ebr\u00eb bashk\u00eb piktor\u00eb nga i gjith\u00eb vendi, thot\u00eb se synimi \u00ebsht\u00eb mbajtja gjall\u00eb e tradit\u00ebs s\u00eb piktur\u00ebs s\u00eb peizazhit.<\/p>\n<div class=\"show_last_article\">\n<div><em>\u00a0\u201cQ\u00ebllimi yn\u00eb \u00ebsht\u00eb t\u00eb rikthejm\u00eb v\u00ebmendjen te natyra shqiptare dhe te piktura e peizazhit, q\u00eb po humbet mes artit modern. K\u00ebto zona kan\u00eb frym\u00ebzim t\u00eb jasht\u00ebzakonsh\u00ebm p\u00ebr \u00e7do artist\u201d, tha ai.<\/em><\/div>\n<\/div>\n<p>Kolonia \u201cLissus Art\u201d po udh\u00ebton prej dy vitesh n\u00eb zonat m\u00eb t\u00eb bukura t\u00eb vendit, nga veriu n\u00eb jug, duke evidentuar p\u00ebrmes artit bukurit\u00eb natyrore dhe trash\u00ebgimin\u00eb kulturore t\u00eb vendit.<\/p>\n","protected":false},"excerpt":{"rendered":"<p>27 Tetor 2025 Thethi dhe Boga, dy prej fshatrave m\u00eb piktoreske t\u00eb Alpeve shqiptare, u zgjodh\u00ebn si destinacioni i radh\u00ebs p\u00ebr kolonin\u00eb e piktor\u00ebve \u201cLissus Art\u201d. P\u00ebr kat\u00ebr dit\u00eb me radh\u00eb, 20 prej piktor\u00ebve m\u00eb t\u00eb njohur n\u00eb Shqip\u00ebri kan\u00eb realizuar veprat e tyre, duke sjell\u00eb n\u00eb telajo peizazhe, portrete dhe elemente t\u00eb kostumeve tradicionale [&hellip;]<\/p>\n","protected":false},"author":9,"featured_media":94427,"comment_status":"open","ping_status":"open","sticky":false,"template":"","format":"standard","meta":{"jetpack_post_was_ever_published":false,"_jetpack_newsletter_access":"","_jetpack_dont_email_post_to_subs":false,"_jetpack_newsletter_tier_id":0,"_jetpack_memberships_contains_paywalled_content":false,"_jetpack_memberships_contains_paid_content":false,"footnotes":"","jetpack_publicize_message":"","jetpack_publicize_feature_enabled":true,"jetpack_social_post_already_shared":true,"jetpack_social_options":{"image_generator_settings":{"template":"highway","default_image_id":0,"font":"","enabled":false},"version":2}},"categories":[87,27,10],"tags":[],"class_list":["post-94426","post","type-post","status-publish","format-standard","has-post-thumbnail","hentry","category-arte","category-blogu-i-udhetarit","category-kultura"],"jetpack_publicize_connections":[],"jetpack_featured_media_url":"https:\/\/i0.wp.com\/www.shqiperia.com\/blog\/wp-content\/uploads\/2025\/10\/1761312554_pikturatnethethebogekr.jpg?fit=780%2C440&ssl=1","jetpack_sharing_enabled":true,"jetpack_shortlink":"https:\/\/wp.me\/p5Z6wp-oz0","jetpack-related-posts":[{"id":11723,"url":"https:\/\/www.shqiperia.com\/blog\/piktore-shqiptare-dhe-te-huaj-ne-nje-ekspozite-ne-qytetin-e-ulqinit\/","url_meta":{"origin":94426,"position":0},"title":"Piktor\u00eb shqiptar\u00eb dhe t\u00eb huaj, n\u00eb nj\u00eb ekspozit\u00eb n\u00eb qytetin e Ulqinit. &#8211;","author":"Kurt Farka","date":"September 19, 2018","format":false,"excerpt":"Piktor\u00eb shqiptar\u00eb dhe t\u00eb huaj, n\u00eb nj\u00eb ekspozit\u00eb n\u00eb qytetin e Ulqinit. - Kolonia e piktor\u00ebve figurativ\u00eb ka ndaluar n\u00eb qytetin piktoresk t\u00eb Ulqinit. N\u00eb k\u00ebt\u00eb Koloni marrin pjes\u00eb rreth 40 piktor\u00eb nga rajoni i Ballkanit: Shqip\u00ebria, Mali i Zi, Kroacia, Bosnja dhe Hercegovina, Shkupi, Serbia, t\u00eb cil\u00ebt edhe k\u00ebt\u00eb\u2026","rel":"","context":"In &quot;Arte&quot;","block_context":{"text":"Arte","link":"https:\/\/www.shqiperia.com\/blog\/category\/arte\/"},"img":{"alt_text":"","src":"https:\/\/i0.wp.com\/www.shqiperia.com\/blog\/wp-content\/uploads\/2018\/09\/Ekspozite-Pikture-Ulqin.jpg?fit=718%2C367&ssl=1&resize=350%2C200","width":350,"height":200,"srcset":"https:\/\/i0.wp.com\/www.shqiperia.com\/blog\/wp-content\/uploads\/2018\/09\/Ekspozite-Pikture-Ulqin.jpg?fit=718%2C367&ssl=1&resize=350%2C200 1x, https:\/\/i0.wp.com\/www.shqiperia.com\/blog\/wp-content\/uploads\/2018\/09\/Ekspozite-Pikture-Ulqin.jpg?fit=718%2C367&ssl=1&resize=525%2C300 1.5x, https:\/\/i0.wp.com\/www.shqiperia.com\/blog\/wp-content\/uploads\/2018\/09\/Ekspozite-Pikture-Ulqin.jpg?fit=718%2C367&ssl=1&resize=700%2C400 2x"},"classes":[]},{"id":17353,"url":"https:\/\/www.shqiperia.com\/blog\/njeriu-modern-ne-telajot-e-adrian-cenes-foto\/","url_meta":{"origin":94426,"position":1},"title":"Njeriu modern n\u00eb telajot e Adrian \u00c7enes (FOTO)","author":"Kurt Farka","date":"February 14, 2019","format":false,"excerpt":"Njeriu modern n\u00eb telajot e Adrian \u00c7enes (FOTO) N\u00eb portretin e burrit veshur me kapot\u00eb t\u00eb zez\u00eb, v\u00ebshtrimin e humbur diku, mund ta dallosh p\u00ebrtej syzeve t\u00eb m\u00ebdha n\u00eb portret. E verdha n\u00eb fytyr\u00eb ia nxjerr m\u00eb n\u00eb pah mendimet. Nj\u00eb tablo nuk \u00ebsht\u00eb e bukur n\u00ebse nuk mbart mendim,\u2026","rel":"","context":"In &quot;Arte&quot;","block_context":{"text":"Arte","link":"https:\/\/www.shqiperia.com\/blog\/category\/arte\/"},"img":{"alt_text":"","src":"https:\/\/i0.wp.com\/www.shqiperia.com\/blog\/wp-content\/uploads\/2019\/02\/Adrian-%C3%87ene-11-Copy.jpg?fit=720%2C415&ssl=1&resize=350%2C200","width":350,"height":200,"srcset":"https:\/\/i0.wp.com\/www.shqiperia.com\/blog\/wp-content\/uploads\/2019\/02\/Adrian-%C3%87ene-11-Copy.jpg?fit=720%2C415&ssl=1&resize=350%2C200 1x, https:\/\/i0.wp.com\/www.shqiperia.com\/blog\/wp-content\/uploads\/2019\/02\/Adrian-%C3%87ene-11-Copy.jpg?fit=720%2C415&ssl=1&resize=525%2C300 1.5x, https:\/\/i0.wp.com\/www.shqiperia.com\/blog\/wp-content\/uploads\/2019\/02\/Adrian-%C3%87ene-11-Copy.jpg?fit=720%2C415&ssl=1&resize=700%2C400 2x"},"classes":[]},{"id":51041,"url":"https:\/\/www.shqiperia.com\/blog\/piktori-nga-shkodra-magjepset-nga-peizazhi-i-dardhes-agim-kadillari-piktura-per-mua-eshte-perjetim-sublime\/","url_meta":{"origin":94426,"position":2},"title":"Piktori nga Shkodra magjepset nga peizazhi i Dardh\u00ebs! Agim Kadillari: &#8211; Piktura p\u00ebr mua \u00ebsht\u00eb p\u00ebrjetim sublime","author":"Kurt Farka","date":"November 2, 2021","format":false,"excerpt":"Piktori nga Shkodra magjepset nga peizazhi i Dardh\u00ebs! Agim Kadillari: Piktura p\u00ebr mua \u00ebsht\u00eb p\u00ebrjetim sublime 30 Tetor 2021 Me pasionin e tij p\u00ebr artin dhe t\u00eb bukur\u00ebn, piktori nga Shkodra prej vitesh derdh n\u00eb telajo emocionet q\u00eb i fal natyra shqiptare. Pjes\u00eb e edicionit t\u00eb 11-t\u00eb,\u00a0 k\u00ebt\u00eb vjesht\u00eb piktori\u2026","rel":"","context":"In &quot;Arte&quot;","block_context":{"text":"Arte","link":"https:\/\/www.shqiperia.com\/blog\/category\/arte\/"},"img":{"alt_text":"","src":"https:\/\/i0.wp.com\/www.shqiperia.com\/blog\/wp-content\/uploads\/2021\/11\/piktori-Agim-Kadillari.jpg?fit=780%2C440&ssl=1&resize=350%2C200","width":350,"height":200,"srcset":"https:\/\/i0.wp.com\/www.shqiperia.com\/blog\/wp-content\/uploads\/2021\/11\/piktori-Agim-Kadillari.jpg?fit=780%2C440&ssl=1&resize=350%2C200 1x, https:\/\/i0.wp.com\/www.shqiperia.com\/blog\/wp-content\/uploads\/2021\/11\/piktori-Agim-Kadillari.jpg?fit=780%2C440&ssl=1&resize=525%2C300 1.5x, https:\/\/i0.wp.com\/www.shqiperia.com\/blog\/wp-content\/uploads\/2021\/11\/piktori-Agim-Kadillari.jpg?fit=780%2C440&ssl=1&resize=700%2C400 2x"},"classes":[]},{"id":52860,"url":"https:\/\/www.shqiperia.com\/blog\/i-kerkuan-seks-per-10-dollare-polices-se-maskuar-si-prostitute-skandali-i-panjohur-ne-shba-i-6-diplomateve-shqiptare-dy-prej-tyre-sot-ne-poste-te-larta\/","url_meta":{"origin":94426,"position":3},"title":"I k\u00ebrkuan seks p\u00ebr 10 dollar\u00eb polices s\u00eb maskuar si prostitut\u00eb, skandali i panjohur n\u00eb SHBA i 6 diplomat\u00ebve shqiptar\u00eb. Dy prej tyre, sot n\u00eb poste t\u00eb larta?","author":"Kurt Farka","date":"January 3, 2022","format":false,"excerpt":"I k\u00ebrkuan seks p\u00ebr 10 dollar\u00eb polices s\u00eb maskuar si prostitut\u00eb, skandali i panjohur n\u00eb SHBA i 6 diplomat\u00ebve shqiptar\u00eb. Dy prej tyre, sot n\u00eb poste t\u00eb larta? 2 janar \u00a02022 I k\u00ebrkuan seks p\u00ebr 10 dollar\u00eb polices s\u00eb maskuar si prostitut\u00eb, skandali i panjohur n\u00eb SHBA i 6 diplomat\u00ebve\u2026","rel":"","context":"In &quot;Blogu i Udh\u00ebtarit&quot;","block_context":{"text":"Blogu i Udh\u00ebtarit","link":"https:\/\/www.shqiperia.com\/blog\/category\/blogu-i-udhetarit\/"},"img":{"alt_text":"","src":"https:\/\/i0.wp.com\/www.shqiperia.com\/blog\/wp-content\/uploads\/2022\/01\/Screenshot_20220102-223448_Gallery-905x450-1.jpg?fit=905%2C450&ssl=1&resize=350%2C200","width":350,"height":200,"srcset":"https:\/\/i0.wp.com\/www.shqiperia.com\/blog\/wp-content\/uploads\/2022\/01\/Screenshot_20220102-223448_Gallery-905x450-1.jpg?fit=905%2C450&ssl=1&resize=350%2C200 1x, https:\/\/i0.wp.com\/www.shqiperia.com\/blog\/wp-content\/uploads\/2022\/01\/Screenshot_20220102-223448_Gallery-905x450-1.jpg?fit=905%2C450&ssl=1&resize=525%2C300 1.5x, https:\/\/i0.wp.com\/www.shqiperia.com\/blog\/wp-content\/uploads\/2022\/01\/Screenshot_20220102-223448_Gallery-905x450-1.jpg?fit=905%2C450&ssl=1&resize=700%2C400 2x"},"classes":[]},{"id":98725,"url":"https:\/\/www.shqiperia.com\/blog\/ndahet-nga-jeta-petagogu-dhe-piktori-hasan-capari\/","url_meta":{"origin":94426,"position":4},"title":"Ndahet nga jeta petagogu dhe piktori Hasan \u00c7apari.","author":"Kurt Farka","date":"March 27, 2026","format":false,"excerpt":"17 Mars 2026 Humbem piktorin dhe petagogun Hasan \u00c7apari sot me 25 mars 2026 Lindur n\u00eb vitin 1939, Mjeshtri Hasan \u00c7apari \u00ebsht\u00eb nj\u00eb nga kolorist\u00ebt m\u00eb t\u00eb m\u00ebdhenj shqiptar\u00eb. N\u00eb procesin e tij t\u00eb gjat\u00eb krijues ai ka reflektuar nj\u00eb frym\u00ebzim t\u00eb madh, nj\u00eb gjendje emocionale ndikuese, t\u00eb fuqishme, pra\u2026","rel":"","context":"In &quot;Arte&quot;","block_context":{"text":"Arte","link":"https:\/\/www.shqiperia.com\/blog\/category\/arte\/"},"img":{"alt_text":"","src":"https:\/\/i0.wp.com\/www.shqiperia.com\/blog\/wp-content\/uploads\/2026\/03\/Hasan-Capari.jpg?fit=752%2C564&ssl=1&resize=350%2C200","width":350,"height":200,"srcset":"https:\/\/i0.wp.com\/www.shqiperia.com\/blog\/wp-content\/uploads\/2026\/03\/Hasan-Capari.jpg?fit=752%2C564&ssl=1&resize=350%2C200 1x, https:\/\/i0.wp.com\/www.shqiperia.com\/blog\/wp-content\/uploads\/2026\/03\/Hasan-Capari.jpg?fit=752%2C564&ssl=1&resize=525%2C300 1.5x, https:\/\/i0.wp.com\/www.shqiperia.com\/blog\/wp-content\/uploads\/2026\/03\/Hasan-Capari.jpg?fit=752%2C564&ssl=1&resize=700%2C400 2x"},"classes":[]},{"id":27363,"url":"https:\/\/www.shqiperia.com\/blog\/pjeter-marku-nje-jete-ne-telajo\/","url_meta":{"origin":94426,"position":5},"title":"Pjet\u00ebr Marku, nj\u00eb jet\u00eb n\u00eb telajo. &#8211;","author":"Kurt Farka","date":"October 27, 2019","format":false,"excerpt":"Pjet\u00ebr Marku, nj\u00eb jet\u00eb n\u00eb telajo. Ky piktor shum\u00ebdimensional i shkoll\u00ebs s\u00eb realizmit \u00ebsht\u00eb nj\u00eb nx\u00ebn\u00ebs i shk\u00eblqyer i mjesht\u00ebrve Guri Madhi, Foto Stomo, Sk\u00ebnder Kamberi, Vangjush Mio, Kujtim Buza dhe vazhdues i tradit\u00ebs s\u00eb tyre. Nostalgjik i Rembrandit apo i Van Gogut, ai tashm\u00eb ka krijuar shkoll\u00ebn e tij\u2026","rel":"","context":"In &quot;Arte&quot;","block_context":{"text":"Arte","link":"https:\/\/www.shqiperia.com\/blog\/category\/arte\/"},"img":{"alt_text":"","src":"https:\/\/i0.wp.com\/www.shqiperia.com\/blog\/wp-content\/uploads\/2019\/10\/Autor-Pjeter-Marku.jpg?fit=1200%2C632&ssl=1&resize=350%2C200","width":350,"height":200,"srcset":"https:\/\/i0.wp.com\/www.shqiperia.com\/blog\/wp-content\/uploads\/2019\/10\/Autor-Pjeter-Marku.jpg?fit=1200%2C632&ssl=1&resize=350%2C200 1x, https:\/\/i0.wp.com\/www.shqiperia.com\/blog\/wp-content\/uploads\/2019\/10\/Autor-Pjeter-Marku.jpg?fit=1200%2C632&ssl=1&resize=525%2C300 1.5x, https:\/\/i0.wp.com\/www.shqiperia.com\/blog\/wp-content\/uploads\/2019\/10\/Autor-Pjeter-Marku.jpg?fit=1200%2C632&ssl=1&resize=700%2C400 2x, https:\/\/i0.wp.com\/www.shqiperia.com\/blog\/wp-content\/uploads\/2019\/10\/Autor-Pjeter-Marku.jpg?fit=1200%2C632&ssl=1&resize=1050%2C600 3x"},"classes":[]}],"_links":{"self":[{"href":"https:\/\/www.shqiperia.com\/blog\/wp-json\/wp\/v2\/posts\/94426","targetHints":{"allow":["GET"]}}],"collection":[{"href":"https:\/\/www.shqiperia.com\/blog\/wp-json\/wp\/v2\/posts"}],"about":[{"href":"https:\/\/www.shqiperia.com\/blog\/wp-json\/wp\/v2\/types\/post"}],"author":[{"embeddable":true,"href":"https:\/\/www.shqiperia.com\/blog\/wp-json\/wp\/v2\/users\/9"}],"replies":[{"embeddable":true,"href":"https:\/\/www.shqiperia.com\/blog\/wp-json\/wp\/v2\/comments?post=94426"}],"version-history":[{"count":1,"href":"https:\/\/www.shqiperia.com\/blog\/wp-json\/wp\/v2\/posts\/94426\/revisions"}],"predecessor-version":[{"id":94428,"href":"https:\/\/www.shqiperia.com\/blog\/wp-json\/wp\/v2\/posts\/94426\/revisions\/94428"}],"wp:featuredmedia":[{"embeddable":true,"href":"https:\/\/www.shqiperia.com\/blog\/wp-json\/wp\/v2\/media\/94427"}],"wp:attachment":[{"href":"https:\/\/www.shqiperia.com\/blog\/wp-json\/wp\/v2\/media?parent=94426"}],"wp:term":[{"taxonomy":"category","embeddable":true,"href":"https:\/\/www.shqiperia.com\/blog\/wp-json\/wp\/v2\/categories?post=94426"},{"taxonomy":"post_tag","embeddable":true,"href":"https:\/\/www.shqiperia.com\/blog\/wp-json\/wp\/v2\/tags?post=94426"}],"curies":[{"name":"wp","href":"https:\/\/api.w.org\/{rel}","templated":true}]}}