{"id":94422,"date":"2025-10-26T23:36:35","date_gmt":"2025-10-26T23:36:35","guid":{"rendered":"https:\/\/www.shqiperia.com\/blog\/?p=94422"},"modified":"2025-10-26T23:37:10","modified_gmt":"2025-10-26T23:37:10","slug":"lini-shpallet-ansambel-arkitektonik-urban-dhe-perfshihet-ne-zonen-shqiptare-te-unesco-s","status":"publish","type":"post","link":"https:\/\/www.shqiperia.com\/blog\/lini-shpallet-ansambel-arkitektonik-urban-dhe-perfshihet-ne-zonen-shqiptare-te-unesco-s\/","title":{"rendered":"Lini shpallet \u201cAnsamb\u00ebl Arkitektonik Urban\u201d dhe p\u00ebrfshihet n\u00eb zon\u00ebn shqiptare t\u00eb UNESCO-s"},"content":{"rendered":"<p><img data-recalc-dims=\"1\" loading=\"lazy\" decoding=\"async\" data-attachment-id=\"94423\" data-permalink=\"https:\/\/www.shqiperia.com\/blog\/lini-shpallet-ansambel-arkitektonik-urban-dhe-perfshihet-ne-zonen-shqiptare-te-unesco-s\/1200-630-lini-404\/\" data-orig-file=\"https:\/\/i0.wp.com\/www.shqiperia.com\/blog\/wp-content\/uploads\/2025\/10\/1200-630-lini-404.webp?fit=1200%2C630&amp;ssl=1\" data-orig-size=\"1200,630\" data-comments-opened=\"1\" data-image-meta=\"{&quot;aperture&quot;:&quot;0&quot;,&quot;credit&quot;:&quot;&quot;,&quot;camera&quot;:&quot;&quot;,&quot;caption&quot;:&quot;&quot;,&quot;created_timestamp&quot;:&quot;0&quot;,&quot;copyright&quot;:&quot;&quot;,&quot;focal_length&quot;:&quot;0&quot;,&quot;iso&quot;:&quot;0&quot;,&quot;shutter_speed&quot;:&quot;0&quot;,&quot;title&quot;:&quot;&quot;,&quot;orientation&quot;:&quot;0&quot;}\" data-image-title=\"1200-630-lini-404\" data-image-description=\"\" data-image-caption=\"\" data-medium-file=\"https:\/\/i0.wp.com\/www.shqiperia.com\/blog\/wp-content\/uploads\/2025\/10\/1200-630-lini-404.webp?fit=300%2C158&amp;ssl=1\" data-large-file=\"https:\/\/i0.wp.com\/www.shqiperia.com\/blog\/wp-content\/uploads\/2025\/10\/1200-630-lini-404.webp?fit=1024%2C538&amp;ssl=1\" class=\"alignnone wp-image-94423\" alt=\"\" src=\"https:\/\/i0.wp.com\/www.shqiperia.com\/blog\/wp-content\/uploads\/2025\/10\/1200-630-lini-404.webp?resize=661%2C348&#038;ssl=1\" width=\"661\" height=\"348\" srcset=\"https:\/\/i0.wp.com\/www.shqiperia.com\/blog\/wp-content\/uploads\/2025\/10\/1200-630-lini-404.webp?resize=300%2C158&amp;ssl=1 300w, https:\/\/i0.wp.com\/www.shqiperia.com\/blog\/wp-content\/uploads\/2025\/10\/1200-630-lini-404.webp?resize=1024%2C538&amp;ssl=1 1024w, https:\/\/i0.wp.com\/www.shqiperia.com\/blog\/wp-content\/uploads\/2025\/10\/1200-630-lini-404.webp?resize=768%2C403&amp;ssl=1 768w, https:\/\/i0.wp.com\/www.shqiperia.com\/blog\/wp-content\/uploads\/2025\/10\/1200-630-lini-404.webp?resize=450%2C236&amp;ssl=1 450w, https:\/\/i0.wp.com\/www.shqiperia.com\/blog\/wp-content\/uploads\/2025\/10\/1200-630-lini-404.webp?resize=600%2C315&amp;ssl=1 600w, https:\/\/i0.wp.com\/www.shqiperia.com\/blog\/wp-content\/uploads\/2025\/10\/1200-630-lini-404.webp?resize=400%2C210&amp;ssl=1 400w, https:\/\/i0.wp.com\/www.shqiperia.com\/blog\/wp-content\/uploads\/2025\/10\/1200-630-lini-404.webp?w=1200&amp;ssl=1 1200w\" sizes=\"auto, (max-width: 661px) 100vw, 661px\" \/><\/p>\n<p>27 Tetor 2025<\/p>\n<p>Fshati Lin i Pogradecit buze Liqenit te Ohrit\u00ebsht\u00eb shpallur \u201cAnsamb\u00ebl Arkitektonik Urban\u201d dhe tashm\u00eb \u00ebsht\u00eb p\u00ebrfshir\u00eb n\u00eb Trash\u00ebgimin\u00eb Bot\u00ebrore t\u00eb UNESCO-s, si pjes\u00eb e \u201cTrash\u00ebgimis\u00eb Natyrore dhe Kulturore t\u00eb Rajonit t\u00eb Ohrit\u201d.<\/p>\n<p>Ky status i ri vler\u00ebson bukurin\u00eb e rrall\u00eb t\u00eb Linit, ku nd\u00ebrthuren n\u00eb m\u00ebnyr\u00eb t\u00eb p\u00ebrkryer peizazhi natyror dhe trash\u00ebgimia kulturore. Rrugicat me kalldr\u00ebm, sht\u00ebpit\u00eb karakteristike prej guri dhe druri, si dhe pamja magjeps\u00ebse mbi liqenin e Ohrit, e b\u00ebjn\u00eb Linin nj\u00eb nga vendet m\u00eb t\u00eb ve\u00e7anta t\u00eb Shqip\u00ebris\u00eb.<\/p>\n","protected":false},"excerpt":{"rendered":"<p>27 Tetor 2025 Fshati Lin i Pogradecit buze Liqenit te Ohrit\u00ebsht\u00eb shpallur \u201cAnsamb\u00ebl Arkitektonik Urban\u201d dhe tashm\u00eb \u00ebsht\u00eb p\u00ebrfshir\u00eb n\u00eb Trash\u00ebgimin\u00eb Bot\u00ebrore t\u00eb UNESCO-s, si pjes\u00eb e \u201cTrash\u00ebgimis\u00eb Natyrore dhe Kulturore t\u00eb Rajonit t\u00eb Ohrit\u201d. Ky status i ri vler\u00ebson bukurin\u00eb e rrall\u00eb t\u00eb Linit, ku nd\u00ebrthuren n\u00eb m\u00ebnyr\u00eb t\u00eb p\u00ebrkryer peizazhi natyror dhe trash\u00ebgimia [&hellip;]<\/p>\n","protected":false},"author":9,"featured_media":94423,"comment_status":"open","ping_status":"open","sticky":false,"template":"","format":"standard","meta":{"jetpack_post_was_ever_published":false,"_jetpack_newsletter_access":"","_jetpack_dont_email_post_to_subs":false,"_jetpack_newsletter_tier_id":0,"_jetpack_memberships_contains_paywalled_content":false,"_jetpack_memberships_contains_paid_content":false,"footnotes":"","jetpack_publicize_message":"","jetpack_publicize_feature_enabled":true,"jetpack_social_post_already_shared":true,"jetpack_social_options":{"image_generator_settings":{"template":"highway","default_image_id":0,"font":"","enabled":false},"version":2}},"categories":[27,86],"tags":[],"class_list":["post-94422","post","type-post","status-publish","format-standard","has-post-thumbnail","hentry","category-blogu-i-udhetarit","category-trashegimi-kulturore"],"jetpack_publicize_connections":[],"jetpack_featured_media_url":"https:\/\/i0.wp.com\/www.shqiperia.com\/blog\/wp-content\/uploads\/2025\/10\/1200-630-lini-404.webp?fit=1200%2C630&ssl=1","jetpack_sharing_enabled":true,"jetpack_shortlink":"https:\/\/wp.me\/p5Z6wp-oyW","jetpack-related-posts":[{"id":98831,"url":"https:\/\/www.shqiperia.com\/blog\/delvina-shpallet-pasuri-kulturore-e-paluajtshme\/","url_meta":{"origin":94422,"position":0},"title":"Delvina shpallet pasuri kulturore e paluajtshme","author":"Kurt Farka","date":"March 30, 2026","format":false,"excerpt":"30 Mars 2026 Ministri i Turizmit, Kultur\u00ebs dhe Sportit, Blendi Gonxhja, njoftoi se K\u00ebshilli Komb\u00ebtar i Trash\u00ebgimis\u00eb Kulturore Materiale ka shpallur qytetin e Delvin\u00ebs pasuri kulturore t\u00eb paluajtshme, n\u00eb kategorin\u00eb \u201cAnsamb\u00ebl Arkitektonik Urban\u201d. Ky vendim vler\u00ebson r\u00ebnd\u00ebsin\u00eb historike, arkitekturore dhe urbanistike t\u00eb qytetit, duke synuar mbrojtjen, ruajtjen dhe promovimin e\u2026","rel":"","context":"In &quot;Arte&quot;","block_context":{"text":"Arte","link":"https:\/\/www.shqiperia.com\/blog\/category\/arte\/"},"img":{"alt_text":"","src":"https:\/\/i0.wp.com\/www.shqiperia.com\/blog\/wp-content\/uploads\/2026\/03\/image-729.webp?fit=883%2C613&ssl=1&resize=350%2C200","width":350,"height":200,"srcset":"https:\/\/i0.wp.com\/www.shqiperia.com\/blog\/wp-content\/uploads\/2026\/03\/image-729.webp?fit=883%2C613&ssl=1&resize=350%2C200 1x, https:\/\/i0.wp.com\/www.shqiperia.com\/blog\/wp-content\/uploads\/2026\/03\/image-729.webp?fit=883%2C613&ssl=1&resize=525%2C300 1.5x, https:\/\/i0.wp.com\/www.shqiperia.com\/blog\/wp-content\/uploads\/2026\/03\/image-729.webp?fit=883%2C613&ssl=1&resize=700%2C400 2x"},"classes":[]},{"id":99491,"url":"https:\/\/www.shqiperia.com\/blog\/shpallen-pasuri-kulturore-te-paluajtshme-parqet-arkeologjike-bylis-e-orikum\/","url_meta":{"origin":94422,"position":1},"title":"Shpallen \u201cpasuri kulturore t\u00eb paluajtshme\u201d parqet arkeologjike Bylis e Orikum","author":"Kurt Farka","date":"April 18, 2026","format":false,"excerpt":"18 Prill 2026 K\u00ebshilli i Ministrave miratoi vendimin p\u00ebr shpalljen \u201cPasuri kulturore e paluajtshme\u201d t\u00eb disa zonave t\u00eb r\u00ebnd\u00ebsishme n\u00eb vend, me propozimin e ministrit t\u00eb Turizmit, Kultur\u00ebs dhe Sportit. N\u00eb mbledhjen e sotme, K\u00ebshilli i Ministrave miratoi vendimin p\u00ebr deklarimin \u201cPasuri kulturore e paluajtshme\u201d t\u00eb Parkut Arkeologjik Bylis dhe\u2026","rel":"","context":"In &quot;Arte&quot;","block_context":{"text":"Arte","link":"https:\/\/www.shqiperia.com\/blog\/category\/arte\/"},"img":{"alt_text":"","src":"https:\/\/i0.wp.com\/www.shqiperia.com\/blog\/wp-content\/uploads\/2026\/04\/Bylis-vato.al-1800-750x422-1.jpg?fit=750%2C422&ssl=1&resize=350%2C200","width":350,"height":200,"srcset":"https:\/\/i0.wp.com\/www.shqiperia.com\/blog\/wp-content\/uploads\/2026\/04\/Bylis-vato.al-1800-750x422-1.jpg?fit=750%2C422&ssl=1&resize=350%2C200 1x, https:\/\/i0.wp.com\/www.shqiperia.com\/blog\/wp-content\/uploads\/2026\/04\/Bylis-vato.al-1800-750x422-1.jpg?fit=750%2C422&ssl=1&resize=525%2C300 1.5x, https:\/\/i0.wp.com\/www.shqiperia.com\/blog\/wp-content\/uploads\/2026\/04\/Bylis-vato.al-1800-750x422-1.jpg?fit=750%2C422&ssl=1&resize=700%2C400 2x"},"classes":[]},{"id":99584,"url":"https:\/\/www.shqiperia.com\/blog\/500-mln-per-konispolin-investimi-per-ta-shnderruar-ne-pol-turistik-dhe-kulturor\/","url_meta":{"origin":94422,"position":2},"title":"500 mln p\u00ebr Konispolin, investimi p\u00ebr ta shnd\u00ebrruar n\u00eb pol turistik dhe kulturor","author":"Kurt Farka","date":"April 20, 2026","format":false,"excerpt":"20 Prill 2026 Ministri i Turizmit, Kultur\u00ebs dhe Sportit, Blendi Gonxhja u shpreh k\u00ebt\u00eb t\u00eb h\u00ebn\u00ebn se Konispoli po hyn n\u00eb faz\u00eb t\u00eb re zhvillimi, q\u00eb do ta shnd\u00ebrroj\u00eb at\u00eb n\u00eb nj\u00eb pol turistik dhe kulturor. Gonxhja tha se programi operacional 2026\u20132029 q\u00eb do t\u00eb zbatohet nga Fondi Shqiptar i\u2026","rel":"","context":"In &quot;Histori&quot;","block_context":{"text":"Histori","link":"https:\/\/www.shqiperia.com\/blog\/category\/histori\/"},"img":{"alt_text":"","src":"https:\/\/i0.wp.com\/www.shqiperia.com\/blog\/wp-content\/uploads\/2026\/04\/Konispoli.jpg?fit=640%2C508&ssl=1&resize=350%2C200","width":350,"height":200,"srcset":"https:\/\/i0.wp.com\/www.shqiperia.com\/blog\/wp-content\/uploads\/2026\/04\/Konispoli.jpg?fit=640%2C508&ssl=1&resize=350%2C200 1x, https:\/\/i0.wp.com\/www.shqiperia.com\/blog\/wp-content\/uploads\/2026\/04\/Konispoli.jpg?fit=640%2C508&ssl=1&resize=525%2C300 1.5x"},"classes":[]},{"id":34273,"url":"https:\/\/www.shqiperia.com\/blog\/kulla-e-sahatit-tirane\/","url_meta":{"origin":94422,"position":3},"title":"Kulla e Sahatit Tirane","author":"Kurt Farka","date":"May 5, 2020","format":false,"excerpt":"Kulla e Sahatit \u00ebsht\u00eb nj\u00eb Monument Kulturor q\u00eb tregon or\u00ebn e Tiran\u00ebs q\u00eb nga 1822. Ndodhet prapa Xhamise Et'hem Bey. \u00cbsht\u00eb nd\u00ebrtuar nga i nj\u00ebjti person q\u00eb nd\u00ebrtoi dhe xhamine, Et'hem Beu. Ju mund te ngjisni 90 shkall\u00ebt e saj dhe t\u00eb arrini n\u00eb maj\u00eb t\u00eb saj, ku te shijoni\u2026","rel":"","context":"In &quot;Blogu i Udh\u00ebtarit&quot;","block_context":{"text":"Blogu i Udh\u00ebtarit","link":"https:\/\/www.shqiperia.com\/blog\/category\/blogu-i-udhetarit\/"},"img":{"alt_text":"","src":"https:\/\/i0.wp.com\/www.shqiperia.com\/blog\/wp-content\/uploads\/2020\/05\/20_clock_tower_tirana_albania.jpg?fit=800%2C422&ssl=1&resize=350%2C200","width":350,"height":200,"srcset":"https:\/\/i0.wp.com\/www.shqiperia.com\/blog\/wp-content\/uploads\/2020\/05\/20_clock_tower_tirana_albania.jpg?fit=800%2C422&ssl=1&resize=350%2C200 1x, https:\/\/i0.wp.com\/www.shqiperia.com\/blog\/wp-content\/uploads\/2020\/05\/20_clock_tower_tirana_albania.jpg?fit=800%2C422&ssl=1&resize=525%2C300 1.5x, https:\/\/i0.wp.com\/www.shqiperia.com\/blog\/wp-content\/uploads\/2020\/05\/20_clock_tower_tirana_albania.jpg?fit=800%2C422&ssl=1&resize=700%2C400 2x"},"classes":[]},{"id":90951,"url":"https:\/\/www.shqiperia.com\/blog\/trashegimia-kulturore-raporti-rekomandimet-qe-lihen-nga-unesco-ne-vesh-te-shurdher\/","url_meta":{"origin":94422,"position":4},"title":"Trash\u00ebgimia kulturore, raporti: Rekomandimet q\u00eb lihen nga UNESCO, n\u00eb vesh t\u00eb shurdh\u00ebr","author":"Kurt Farka","date":"April 1, 2025","format":false,"excerpt":"1 Prill 2025 Shk\u00eblqim turistik i Shqip\u00ebris\u00eb n\u00eb koh\u00ebn kur po vler\u00ebsohet gjithmon\u00eb e m\u00eb shum\u00eb si nj\u00eb destinacion q\u00eb ngjall interes edhe kulturor duhet t\u00eb kishte nxitur nj\u00eb qasje m\u00eb aktive n\u00eb mbrojtjen e asaj q\u00eb njihet si trash\u00ebgimi kulturore. Por duket se di\u00e7ka e till\u00eb nuk ka b\u00ebr\u00eb\u2026","rel":"","context":"In &quot;Histori&quot;","block_context":{"text":"Histori","link":"https:\/\/www.shqiperia.com\/blog\/category\/histori\/"},"img":{"alt_text":"","src":"https:\/\/i0.wp.com\/www.shqiperia.com\/blog\/wp-content\/uploads\/2025\/04\/Berat-5-1.jpg?fit=750%2C438&ssl=1&resize=350%2C200","width":350,"height":200,"srcset":"https:\/\/i0.wp.com\/www.shqiperia.com\/blog\/wp-content\/uploads\/2025\/04\/Berat-5-1.jpg?fit=750%2C438&ssl=1&resize=350%2C200 1x, https:\/\/i0.wp.com\/www.shqiperia.com\/blog\/wp-content\/uploads\/2025\/04\/Berat-5-1.jpg?fit=750%2C438&ssl=1&resize=525%2C300 1.5x, https:\/\/i0.wp.com\/www.shqiperia.com\/blog\/wp-content\/uploads\/2025\/04\/Berat-5-1.jpg?fit=750%2C438&ssl=1&resize=700%2C400 2x"},"classes":[]},{"id":17510,"url":"https:\/\/www.shqiperia.com\/blog\/digjen-kallamishtet-e-ohrit-pasuria-natyrore-qe-mbrohet-nga-unesco\/","url_meta":{"origin":94422,"position":5},"title":"Digjen kallamishtet e Ohrit, pasuria natyrore q\u00eb mbrohet nga UNESCO. &#8211;","author":"Kurt Farka","date":"February 16, 2019","format":false,"excerpt":"Digjen kallamishtet e Ohrit, pasuria natyrore q\u00eb mbrohet nga UNESCO. - N\u00eb bregun e Liqenit t\u00eb Ohrit n\u00eb rrug\u00ebn Strug\u00eb \u2013 Kalisht\u00eb, \u00a0jan\u00eb djegur kallamishtet, nj\u00eb nga pasurit\u00eb e rralla natyrore t\u00eb Evrop\u00ebs, t\u00eb cilat jan\u00eb t\u00eb mbrojtura edhe nga UNESKO. K\u00ebt\u00eb lajm e kan\u00eb t\u00eb b\u00ebr\u00eb t\u00eb ditur n\u00eb\u2026","rel":"","context":"In &quot;Blogu i Udh\u00ebtarit&quot;","block_context":{"text":"Blogu i Udh\u00ebtarit","link":"https:\/\/www.shqiperia.com\/blog\/category\/blogu-i-udhetarit\/"},"img":{"alt_text":"","src":"https:\/\/i0.wp.com\/www.shqiperia.com\/blog\/wp-content\/uploads\/2019\/02\/Digjen-kallamishtet-e-liqenit-te-Ohrit-4.jpg?fit=464%2C276&ssl=1&resize=350%2C200","width":350,"height":200},"classes":[]}],"_links":{"self":[{"href":"https:\/\/www.shqiperia.com\/blog\/wp-json\/wp\/v2\/posts\/94422","targetHints":{"allow":["GET"]}}],"collection":[{"href":"https:\/\/www.shqiperia.com\/blog\/wp-json\/wp\/v2\/posts"}],"about":[{"href":"https:\/\/www.shqiperia.com\/blog\/wp-json\/wp\/v2\/types\/post"}],"author":[{"embeddable":true,"href":"https:\/\/www.shqiperia.com\/blog\/wp-json\/wp\/v2\/users\/9"}],"replies":[{"embeddable":true,"href":"https:\/\/www.shqiperia.com\/blog\/wp-json\/wp\/v2\/comments?post=94422"}],"version-history":[{"count":2,"href":"https:\/\/www.shqiperia.com\/blog\/wp-json\/wp\/v2\/posts\/94422\/revisions"}],"predecessor-version":[{"id":94425,"href":"https:\/\/www.shqiperia.com\/blog\/wp-json\/wp\/v2\/posts\/94422\/revisions\/94425"}],"wp:featuredmedia":[{"embeddable":true,"href":"https:\/\/www.shqiperia.com\/blog\/wp-json\/wp\/v2\/media\/94423"}],"wp:attachment":[{"href":"https:\/\/www.shqiperia.com\/blog\/wp-json\/wp\/v2\/media?parent=94422"}],"wp:term":[{"taxonomy":"category","embeddable":true,"href":"https:\/\/www.shqiperia.com\/blog\/wp-json\/wp\/v2\/categories?post=94422"},{"taxonomy":"post_tag","embeddable":true,"href":"https:\/\/www.shqiperia.com\/blog\/wp-json\/wp\/v2\/tags?post=94422"}],"curies":[{"name":"wp","href":"https:\/\/api.w.org\/{rel}","templated":true}]}}