{"id":94419,"date":"2025-10-26T22:03:36","date_gmt":"2025-10-26T22:03:36","guid":{"rendered":"https:\/\/www.shqiperia.com\/blog\/?p=94419"},"modified":"2025-10-26T22:03:36","modified_gmt":"2025-10-26T22:03:36","slug":"port-lumor-dhe-lidhje-me-rrugen-egnatia-zbulohet-nje-sekret-i-ri-nen-kalane-e-bashtoves","status":"publish","type":"post","link":"https:\/\/www.shqiperia.com\/blog\/port-lumor-dhe-lidhje-me-rrugen-egnatia-zbulohet-nje-sekret-i-ri-nen-kalane-e-bashtoves\/","title":{"rendered":"\u2018Port lumor dhe lidhje me Rrug\u00ebn Egnatia\u2019\/ Zbulohet nj\u00eb sekret i ri n\u00ebn Kalan\u00eb e Bashtov\u00ebs"},"content":{"rendered":"<p><img data-recalc-dims=\"1\" loading=\"lazy\" decoding=\"async\" data-attachment-id=\"94420\" data-permalink=\"https:\/\/www.shqiperia.com\/blog\/port-lumor-dhe-lidhje-me-rrugen-egnatia-zbulohet-nje-sekret-i-ri-nen-kalane-e-bashtoves\/auto_bashtova-castle-11761500228\/\" data-orig-file=\"https:\/\/i0.wp.com\/www.shqiperia.com\/blog\/wp-content\/uploads\/2025\/10\/auto_bashtova-castle-11761500228.webp?fit=1080%2C606&amp;ssl=1\" data-orig-size=\"1080,606\" data-comments-opened=\"1\" data-image-meta=\"{&quot;aperture&quot;:&quot;0&quot;,&quot;credit&quot;:&quot;&quot;,&quot;camera&quot;:&quot;&quot;,&quot;caption&quot;:&quot;&quot;,&quot;created_timestamp&quot;:&quot;0&quot;,&quot;copyright&quot;:&quot;&quot;,&quot;focal_length&quot;:&quot;0&quot;,&quot;iso&quot;:&quot;0&quot;,&quot;shutter_speed&quot;:&quot;0&quot;,&quot;title&quot;:&quot;&quot;,&quot;orientation&quot;:&quot;0&quot;}\" data-image-title=\"auto_bashtova-castle-11761500228\" data-image-description=\"\" data-image-caption=\"\" data-medium-file=\"https:\/\/i0.wp.com\/www.shqiperia.com\/blog\/wp-content\/uploads\/2025\/10\/auto_bashtova-castle-11761500228.webp?fit=300%2C168&amp;ssl=1\" data-large-file=\"https:\/\/i0.wp.com\/www.shqiperia.com\/blog\/wp-content\/uploads\/2025\/10\/auto_bashtova-castle-11761500228.webp?fit=1024%2C575&amp;ssl=1\" class=\"alignnone  wp-image-94420\" alt=\"\" src=\"https:\/\/i0.wp.com\/www.shqiperia.com\/blog\/wp-content\/uploads\/2025\/10\/auto_bashtova-castle-11761500228.webp?resize=707%2C396&#038;ssl=1\" width=\"707\" height=\"396\" srcset=\"https:\/\/i0.wp.com\/www.shqiperia.com\/blog\/wp-content\/uploads\/2025\/10\/auto_bashtova-castle-11761500228.webp?resize=300%2C168&amp;ssl=1 300w, https:\/\/i0.wp.com\/www.shqiperia.com\/blog\/wp-content\/uploads\/2025\/10\/auto_bashtova-castle-11761500228.webp?resize=1024%2C575&amp;ssl=1 1024w, https:\/\/i0.wp.com\/www.shqiperia.com\/blog\/wp-content\/uploads\/2025\/10\/auto_bashtova-castle-11761500228.webp?resize=768%2C431&amp;ssl=1 768w, https:\/\/i0.wp.com\/www.shqiperia.com\/blog\/wp-content\/uploads\/2025\/10\/auto_bashtova-castle-11761500228.webp?resize=450%2C253&amp;ssl=1 450w, https:\/\/i0.wp.com\/www.shqiperia.com\/blog\/wp-content\/uploads\/2025\/10\/auto_bashtova-castle-11761500228.webp?resize=600%2C337&amp;ssl=1 600w, https:\/\/i0.wp.com\/www.shqiperia.com\/blog\/wp-content\/uploads\/2025\/10\/auto_bashtova-castle-11761500228.webp?resize=400%2C224&amp;ssl=1 400w, https:\/\/i0.wp.com\/www.shqiperia.com\/blog\/wp-content\/uploads\/2025\/10\/auto_bashtova-castle-11761500228.webp?w=1080&amp;ssl=1 1080w\" sizes=\"auto, (max-width: 707px) 100vw, 707px\" \/><\/p>\n<p>26 Tetor 2025<\/p>\n<p>N\u00eb an\u00ebn e djatht\u00eb t\u00eb hyrjes kryesore t\u00eb Kalas\u00eb s\u00eb Bashtov\u00ebs n\u00eb Rrogozhin\u00eb, n\u00eb at\u00eb q\u00eb besohej t\u00eb ishte nj\u00eb nga kullat, arkeolog\u00ebt kan\u00eb zbuluar portin lumor t\u00eb kalas\u00eb, i cili e lidhte at\u00eb me kanalin e lumit, duke mund\u00ebsuar transportin e mallrave nga kalaja n\u00eb det dhe porte t\u00eb tjera.<\/p>\n<p>Kjo \u00ebsht\u00eb nj\u00eb nga gjetjet kryesore t\u00eb nj\u00eb projekti nj\u00ebvje\u00e7ar restaurimi t\u00eb mb\u00ebshtetur nga \u201cBE p\u00ebr Kultur\u00ebn\u201d. Projekti, i paraprir\u00eb nga g\u00ebrmime dhe studime arkeologjike, synonte ta kuptonte m\u00eb mir\u00eb k\u00ebshtjell\u00ebn fushore prej 5.400 m\u00b2, t\u00eb nd\u00ebrtuar diku n\u00eb shekullin e 15-t\u00eb<\/p>\n<p>\u201cKjo \u00ebsht\u00eb shum\u00eb e r\u00ebnd\u00ebsishme. Le t\u00eb mendojm\u00eb se si dukej ky terren 500 vjet m\u00eb par\u00eb, kur u nd\u00ebrtua. Lumi Shkumbin tani \u00ebsht\u00eb relativisht af\u00ebr, deti \u00ebsht\u00eb af\u00ebr dhe tani ka nj\u00eb fush\u00eb dhe disa pyje n\u00eb mes. Gjat\u00eb g\u00ebrmimeve, arkeolog\u00ebt tan\u00eb zbuluan se dyshemeja origjinale e kalas\u00eb shtrihet 1.7 metra n\u00ebn nivelin aktual\u201d, thot\u00eb Lejla Hadzic, K\u00ebshilltare p\u00ebr Trash\u00ebgimin\u00eb Kulturore n\u00eb UNOPS Albania, partneri zbatues i programit \u201cBE p\u00ebr Kultur\u00ebn\u201d.<\/p>\n<p>\u201cTani mund ta kuptojm\u00eb se e gjith\u00eb zona ishte pothuajse dy metra m\u00eb posht\u00eb. Kjo do t\u00eb thot\u00eb q\u00eb lumi do t\u00eb ket\u00eb ardhur shum\u00eb m\u00eb af\u00ebr kalas\u00eb, gj\u00eb q\u00eb, sigurisht, shpjegon faktin q\u00eb kalaja ka shum\u00eb t\u00eb ngjar\u00eb t\u00eb ishte mbi lum\u00eb. Kjo, padyshim, e forcon arsyetimin se pse u nd\u00ebrtua kjo kala fushore, me shum\u00eb gjasa p\u00ebr t\u00eb sh\u00ebrbyer si nj\u00eb pik\u00eb e vog\u00ebl mbrojt\u00ebse ku tregtar\u00ebt dhe prodhuesit nga zona do t\u00eb vinin p\u00ebr t\u00eb shk\u00ebmbyer mallra\u201d, shpjegon ajo.<\/p>\n<p>Par\u00eb nga kullat e k\u00ebshtjell\u00ebs, e gjith\u00eb zona e mbrojtur mbulon nj\u00eb sip\u00ebrfaqe prej 646.000 m\u00b2. Dikur, ajo u sh\u00ebrbente tregtar\u00ebve q\u00eb shkonin e vinin, duke lidhur njer\u00ebz, qytet\u00ebrime dhe kultura, ku tregtoheshin drith\u00ebra dhe tekstile. E nd\u00ebrtuar nga venedikasit dhe m\u00eb von\u00eb e pushtuar nga osman\u00ebt, t\u00eb cil\u00ebt nd\u00ebrtuan nj\u00eb xhami dhe rind\u00ebrtuan nj\u00eb pjes\u00eb n\u00eb an\u00ebn per\u00ebndimore, arkeolog\u00ebt kan\u00eb zbuluar gjithashtu, gjat\u00eb nj\u00eb prej studimeve t\u00eb tyre jasht\u00eb nj\u00ebr\u00ebs prej kullave, nj\u00eb pjes\u00eb t\u00eb nj\u00eb shtegu q\u00eb mund ta ket\u00eb lidhur k\u00ebshtjell\u00ebn me rrug\u00ebn \u201cEgnatia\u201d.<\/p>\n<p>\u201cNj\u00eb nga g\u00ebrmimet prov\u00eb pran\u00eb hyrjes ka dh\u00ebn\u00eb disa t\u00eb dh\u00ebna shum\u00eb interesante. G\u00ebrmimet arkeologjike kan\u00eb zbuluar se kulla rrethore kishte pes\u00eb nivele dyshemeje dhe dikur ishte e mbuluar me \u00e7ati druri. Gjetjet treguan gjithashtu se ajo ishte djegur n\u00eb nj\u00eb faz\u00eb t\u00eb caktuar. U identifikuan lloje t\u00eb ndryshme fr\u00ebngjish mbrojt\u00ebse dhe, p\u00ebrkrah tyre, gjet\u00ebm nj\u00eb num\u00ebr t\u00eb konsideruesh\u00ebm gjylesh topash , si prej hekuri ashtu edhe prej guri, duke konfirmuar funksionin mbrojt\u00ebs t\u00eb kull\u00ebs gjat\u00eb nj\u00eb periudhe t\u00eb gjat\u00eb kohore\u201d, shpjegon Hadzic.<\/p>\n<p>G\u00ebrmimet u drejtuan nga Profesor Lorenc Bejko dhe Profesor Iris Pojani.<\/p>\n<p>Zona tashm\u00eb \u00ebsht\u00eb konfirmuar se ka qen\u00eb e lidhur me rrug\u00eb tok\u00ebsore dhe ujore si me Lindjen ashtu edhe me Per\u00ebndimin.<\/p>\n<p>Gjetje t\u00eb tjera t\u00eb r\u00ebnd\u00ebsishme u zbuluan p\u00ebrmes pun\u00ebs s\u00eb Institutit t\u00eb Konservimit t\u00eb Universitetit t\u00eb Arteve t\u00eb Aplikuara n\u00eb Vjen\u00eb. Gjeolog\u00ebt dhe konservuesit e gur\u00ebve t\u00eb tyre mblodh\u00ebn rreth 15 mostra lla\u00e7i, tulle dhe guri p\u00ebr t\u00eb kryer nj\u00eb s\u00ebr\u00eb analizash q\u00eb u p\u00ebrfshin\u00eb n\u00eb projektin e konservimit. Nj\u00eb nga rezultatet m\u00eb interesante erdhi nga nj\u00eb test termolumineshence i kryer n\u00eb mostrat e tullave.<\/p>\n<p>\u201cProfesor Gjerak Karaiskaj ka deklaruar se kalaja \u00ebsht\u00eb nd\u00ebrtuar midis viteve 1467 dhe 1478. Testi i termolumineshenc\u00ebs i datoi tullat n\u00eb fillim t\u00eb shekullit t\u00eb 16-t\u00eb, nd\u00ebrsa kalaja u nd\u00ebrtua n\u00eb fund t\u00eb shekullit t\u00eb 15-t\u00eb. Megjithat\u00eb, testet mbi tullat e marra nga nj\u00eb pjes\u00eb e murit q\u00eb supozohet se \u00ebsht\u00eb nd\u00ebrtuar m\u00eb von\u00eb prodhuan rezultate t\u00eb ndryshme, duke e datuar at\u00eb seksion n\u00eb mesin e shekullit t\u00eb 18-t\u00eb, nd\u00ebrsa t\u00eb dh\u00ebnat historike tregojn\u00eb se osman\u00ebt, n\u00eb fakt, e rind\u00ebrtuan at\u00eb pjes\u00eb n\u00eb fillim t\u00eb shekullit t\u00eb 16-t\u00eb. Kjo do t\u00eb k\u00ebrkoj\u00eb k\u00ebrkime dhe testime t\u00eb m\u00ebtejshme n\u00eb t\u00eb ardhmen\u201d, thot\u00eb Hadzic.<\/p>\n<p>G\u00ebrmime arkeologjike u kryen n\u00eb 11 pika n\u00eb t\u00eb gjith\u00eb k\u00ebshtjell\u00ebn (gjithsej 15 sondazhe) para punimeve t\u00eb konservimit, me q\u00ebllim q\u00eb t\u00eb p\u00ebrcaktohej n\u00ebse \u00e7arjet n\u00eb nivelin e themeleve ishin ende aktive. K\u00ebto g\u00ebrmime \u00e7uan n\u00eb zbulimin e gjetjeve ky\u00e7e, dyshemes\u00eb s\u00eb poshtme origjinale, portit, kull\u00ebs rrethore dhe lidhjes me rrug\u00ebn \u201cEgnatia\u201d, duke zbuluar se si e mbante fortesa zon\u00ebn e brendshme. Duke iu referuar portit, Hadzic thekson se \u00ebsht\u00eb \u201cv\u00ebrtet zbulimi m\u00eb i r\u00ebnd\u00ebsish\u00ebm ndonj\u00ebher\u00eb dhe i pari n\u00eb lidhje me k\u00ebt\u00eb k\u00ebshtjell\u00eb. Ajo q\u00eb i duhet k\u00ebshtjell\u00ebs n\u00eb t\u00eb ardhmen jan\u00eb padyshim g\u00ebrmime m\u00eb t\u00eb m\u00ebdha t\u00eb rrug\u00ebs q\u00eb u zbulua, g\u00ebrmime m\u00eb t\u00eb m\u00ebdha n\u00eb kull\u00ebn rrethore dhe ndoshta g\u00ebrmime t\u00eb m\u00ebtejshme n\u00eb fush\u00ebn p\u00ebrreth p\u00ebr t\u00eb kuptuar plot\u00ebsisht portin dhe form\u00ebn e mureve t\u00eb kanalit lidh\u00ebs t\u00eb tij\u201d.<\/p>\n<p>Rezultati p\u00ebrfundimtar i procesit t\u00eb konservimit ishte konsolidimi dhe ruajtja e t\u00eb gjitha mureve t\u00eb mbetura t\u00eb fortifikimit. Teknikat dhe materialet e aplikuara ndoq\u00ebn rrept\u00ebsisht analizat e kryera nga Instituti i Konservimit n\u00eb Vjen\u00eb, duke p\u00ebrdorur matjet dhe raportet e sakta t\u00eb materialeve t\u00eb testuara n\u00eb laborator. P\u00ebr t\u00eb garantuar nj\u00eb p\u00ebrvoj\u00eb t\u00eb sigurt dhe t\u00eb k\u00ebndshme p\u00ebr vizitor\u00ebt, u instaluan kangjella n\u00eb shkall\u00eb dhe shtigje, si dhe platforma p\u00ebr ecje. Projekti prezantoi gjithashtu nj\u00eb shtres\u00eb t\u00eb re t\u00eb interpretimit historik, duke kombinuar panelet klasike t\u00eb informacionit n\u00eb terren me nj\u00eb aplikacion t\u00eb realitetit t\u00eb shtuar (AR) q\u00eb paraqet 12 pika nd\u00ebraktive. Gjasht\u00eb prej tyre jan\u00eb projektuar p\u00ebr vizitor\u00eb t\u00eb rritur, nd\u00ebrsa gjasht\u00eb t\u00eb tjerat formojn\u00eb nj\u00eb gjueti thesari p\u00ebr f\u00ebmij\u00eb, p\u00ebrfshir\u00eb mite dhe legjenda.<\/p>\n<p>\u201cKjo \u00ebsht\u00eb hera e par\u00eb q\u00eb realiteti i shtuar \u00ebsht\u00eb p\u00ebrdorur n\u00eb fush\u00ebn e kalas\u00eb. Nd\u00ebrsa ecni n\u00ebp\u00ebr t\u00eb, mund t\u00eb skanoni pikat e referenc\u00ebs dhe imazhet shfaqen virtualisht para jush, nuk ka asgj\u00eb t\u00eb till\u00eb n\u00eb Shqip\u00ebri deri m\u00eb tani\u201d, shpjegon Hadzic. E entuziazmuar p\u00ebr mund\u00ebsit\u00eb q\u00eb kjo u ofron f\u00ebmij\u00ebve p\u00ebr t\u00eb eksploruar trash\u00ebgimin\u00eb e Bashtov\u00ebs, ajo thekson r\u00ebnd\u00ebsin\u00eb e krijimit t\u00eb lidhjeve t\u00ebrheq\u00ebse p\u00ebr t\u00eb rinjt\u00eb, duke i ndihmuar ata ta vler\u00ebsojn\u00eb dhe ta mbrojn\u00eb k\u00ebt\u00eb trash\u00ebgimi kulturore p\u00ebr t\u00eb ardhmen.<\/p>\n<p>Sipas Hadzic, studimet e kryera para procesit t\u00eb restaurimit kan\u00eb krijuar nj\u00eb baz\u00eb t\u00eb fort\u00eb p\u00ebr t\u00eb propozuar q\u00eb Kalaja e Bashtov\u00ebs t\u00eb shpallet Vend i Trash\u00ebgimis\u00eb Bot\u00ebrore t\u00eb UNESCO-s, pasi ajo \u00ebsht\u00eb tashm\u00eb nj\u00eb nga kandidatet paraprake t\u00eb Shqip\u00ebris\u00eb. Duke filluar nga zbulimi i portit t\u00eb saj lumor, kalaja mund t\u00eb mbaj\u00eb ende shum\u00eb sekrete t\u00eb tjera q\u00eb presin t\u00eb zbulohen.<\/p>\n<p>Programi \u201cBE p\u00ebr Kultur\u00ebn\u201d financohet nga Bashkimi Evropian (BE) dhe zbatohet nga Zyra e Kombeve t\u00eb Bashkuara p\u00ebr Sh\u00ebrbime Projektesh (UNOPS) n\u00eb partneritet t\u00eb ngusht\u00eb me Ministrin\u00eb e Turizmit, Kultur\u00ebs dhe Sporteve. Ai p\u00ebrqendrohet te rinovimi dhe rijet\u00ebzimi i vendeve kryesore t\u00eb trash\u00ebgimis\u00eb kulturore t\u00eb d\u00ebmtuara nga t\u00ebrmeti dhe p\u00ebrfaq\u00ebson nj\u00eb nga programet m\u00eb t\u00eb m\u00ebdha t\u00eb trash\u00ebgimis\u00eb kulturore t\u00eb financuara nga Bashkimi Evropian, me nj\u00eb buxhet t\u00eb p\u00ebrgjithsh\u00ebm prej 40 milion\u00eb eurosh.<\/p>\n","protected":false},"excerpt":{"rendered":"<p>26 Tetor 2025 N\u00eb an\u00ebn e djatht\u00eb t\u00eb hyrjes kryesore t\u00eb Kalas\u00eb s\u00eb Bashtov\u00ebs n\u00eb Rrogozhin\u00eb, n\u00eb at\u00eb q\u00eb besohej t\u00eb ishte nj\u00eb nga kullat, arkeolog\u00ebt kan\u00eb zbuluar portin lumor t\u00eb kalas\u00eb, i cili e lidhte at\u00eb me kanalin e lumit, duke mund\u00ebsuar transportin e mallrave nga kalaja n\u00eb det dhe porte t\u00eb tjera. Kjo [&hellip;]<\/p>\n","protected":false},"author":9,"featured_media":94420,"comment_status":"open","ping_status":"open","sticky":false,"template":"","format":"standard","meta":{"jetpack_post_was_ever_published":false,"_jetpack_newsletter_access":"","_jetpack_dont_email_post_to_subs":false,"_jetpack_newsletter_tier_id":0,"_jetpack_memberships_contains_paywalled_content":false,"_jetpack_memberships_contains_paid_content":false,"footnotes":"","jetpack_publicize_message":"","jetpack_publicize_feature_enabled":true,"jetpack_social_post_already_shared":true,"jetpack_social_options":{"image_generator_settings":{"template":"highway","default_image_id":0,"font":"","enabled":false},"version":2}},"categories":[27,85,10,86],"tags":[],"class_list":["post-94419","post","type-post","status-publish","format-standard","has-post-thumbnail","hentry","category-blogu-i-udhetarit","category-histori","category-kultura","category-trashegimi-kulturore"],"jetpack_publicize_connections":[],"jetpack_featured_media_url":"https:\/\/i0.wp.com\/www.shqiperia.com\/blog\/wp-content\/uploads\/2025\/10\/auto_bashtova-castle-11761500228.webp?fit=1080%2C606&ssl=1","jetpack_sharing_enabled":true,"jetpack_shortlink":"https:\/\/wp.me\/p5Z6wp-oyT","jetpack-related-posts":[{"id":9597,"url":"https:\/\/www.shqiperia.com\/blog\/imk-harton-projekt-per-restaurimin-e-kalase-se-bashtoves\/","url_meta":{"origin":94419,"position":0},"title":"IMK harton projekt p\u00ebr restaurimin e kalas\u00eb s\u00eb Bashtov\u00ebs. &#8211;","author":"Kurt Farka","date":"July 11, 2018","format":false,"excerpt":"IMK harton projekt p\u00ebr restaurimin e kalas\u00eb s\u00eb Bashtov\u00ebs. - Instituti i Monumenteve t\u00eb Kultur\u00ebs ka hartuar projektin p\u00ebr \u201cRestaurimin e Kalas\u00eb s\u00eb Bashtov\u00ebs\u201d, pran\u00eb fshatit Vil\u00eb, Rrogozhin\u00eb. Projekti i miratuar n\u00eb K\u00ebshillin Komb\u00ebtar t\u00eb Restaurimeve konsiston n\u00eb kryerjen e nd\u00ebrhyrjeve konservuese dhe restauruese n\u00eb monument. \u201cInstituti i Monumenteve t\u00eb\u2026","rel":"","context":"In &quot;Histori&quot;","block_context":{"text":"Histori","link":"https:\/\/www.shqiperia.com\/blog\/category\/histori\/"},"img":{"alt_text":"","src":"https:\/\/i0.wp.com\/www.shqiperia.com\/blog\/wp-content\/uploads\/2018\/07\/bashtova_kalaja_faqe_18-2-300x250.jpg?resize=350%2C200","width":350,"height":200},"classes":[]},{"id":5486,"url":"https:\/\/www.shqiperia.com\/blog\/kalaja-e-bashtoves-castle-bashtova\/","url_meta":{"origin":94419,"position":1},"title":"Kalaja e Bashtov\u00ebs (Castle Bashtova). &#8211;","author":"Kurt Farka","date":"March 23, 2018","format":false,"excerpt":"\u00a0 Kalaja e Bashtov\u00ebs ngrihet pran\u00eb fshatit t\u00ebVile-Bashtov\u00ebs n\u00eb nj\u00eb distanc\u00eb prej 3-4 km, n\u00eb veri t\u00eb gryk\u00ebderdhjes s\u00eb lumit t\u00eb Shkumbinit. K\u00ebshtjella \u00ebsht\u00eb nd\u00ebrtuar n\u00eb shekullin XV dhe u ka sh\u00ebrbyer venecian\u00ebve,per shkembime tregtare. Zona e Bashtov\u00ebs \u00ebsht\u00eb p\u00ebrmendur si nj\u00eb port lumor n\u00eb Shkumbin si dhe nj\u00eb qend\u00ebr\u2026","rel":"","context":"In &quot;Trashegimi Kulturore&quot;","block_context":{"text":"Trashegimi Kulturore","link":"https:\/\/www.shqiperia.com\/blog\/category\/trashegimi-kulturore\/"},"img":{"alt_text":"","src":"https:\/\/i0.wp.com\/www.shqiperia.com\/blog\/wp-content\/uploads\/2018\/03\/Castle_of_Bashtov%C3%AB-Kalaja-e-Bashtov%C3%ABs-2.jpg?resize=350%2C200","width":350,"height":200},"classes":[]},{"id":20866,"url":"https:\/\/www.shqiperia.com\/blog\/kalaja-e-bashtoves-kavaje\/","url_meta":{"origin":94419,"position":2},"title":"Kalaja e Bashtov\u00ebs Kavaje. &#8211;","author":"Kurt Farka","date":"May 8, 2019","format":false,"excerpt":"Kalaja e Bashtov\u00ebs Kavaje. Kalaja e Bashtov\u00ebs (Castle Bashtova) ngrihet pran\u00eb fshatit t\u00ebVile-Bashtov\u00ebs n\u00eb nj\u00eb distanc\u00eb prej 3-4 km, n\u00eb veri t\u00eb gryk\u00ebderdhjes s\u00eb\u00a0lumit t\u00eb Shkumbinit. K\u00ebshtjella \u00ebsht\u00eb nd\u00ebrtuar n\u00eb shekullin XV dhe u ka sh\u00ebrbyer venecian\u00ebve,per shkembime tregtare. Zona e Bashtov\u00ebs \u00ebsht\u00eb p\u00ebrmendur si nj\u00eb port lumor n\u00eb Shkumbin\u2026","rel":"","context":"In &quot;Blogu i Udh\u00ebtarit&quot;","block_context":{"text":"Blogu i Udh\u00ebtarit","link":"https:\/\/www.shqiperia.com\/blog\/category\/blogu-i-udhetarit\/"},"img":{"alt_text":"","src":"https:\/\/i0.wp.com\/www.shqiperia.com\/blog\/wp-content\/uploads\/2019\/05\/Kalaja-e-Bashtoves-Copy.jpg?fit=756%2C293&ssl=1&resize=350%2C200","width":350,"height":200,"srcset":"https:\/\/i0.wp.com\/www.shqiperia.com\/blog\/wp-content\/uploads\/2019\/05\/Kalaja-e-Bashtoves-Copy.jpg?fit=756%2C293&ssl=1&resize=350%2C200 1x, https:\/\/i0.wp.com\/www.shqiperia.com\/blog\/wp-content\/uploads\/2019\/05\/Kalaja-e-Bashtoves-Copy.jpg?fit=756%2C293&ssl=1&resize=525%2C300 1.5x, https:\/\/i0.wp.com\/www.shqiperia.com\/blog\/wp-content\/uploads\/2019\/05\/Kalaja-e-Bashtoves-Copy.jpg?fit=756%2C293&ssl=1&resize=700%2C400 2x"},"classes":[]},{"id":51287,"url":"https:\/\/www.shqiperia.com\/blog\/kalaja-e-bashtoves-dhe-muzeu-etnografik-pritet-te-nise-puna-per-rehabilitimin-dhe-rijetezimin\/","url_meta":{"origin":94419,"position":3},"title":"Kalaja e Bashtov\u00ebs dhe muzeu Etnografik pritet t\u00eb nis\u00eb puna p\u00ebr rehabilitimin dhe rijet\u00ebzimin","author":"Kurt Farka","date":"November 12, 2021","format":false,"excerpt":"Kalaja e Bashtov\u00ebs dhe muzeu Etnografik pritet t\u00eb nis\u00eb puna p\u00ebr rehabilitimin dhe rijet\u00ebzimin 11 N\u00cbNTOR 2021 Muzeu Etnografik n\u00eb Kavaj\u00eb dhe kalaja e Bashtov\u00ebs jan\u00eb dy prej siteve t\u00eb p\u00ebrfshira n\u00eb programin EU4Culture. Kjo b\u00ebhet e dije nga ministrja e Kultur\u00ebs Elva Margariti, e cila shton se \u00ebsht\u00eb dhe\u2026","rel":"","context":"In &quot;Arte&quot;","block_context":{"text":"Arte","link":"https:\/\/www.shqiperia.com\/blog\/category\/arte\/"},"img":{"alt_text":"","src":"https:\/\/i0.wp.com\/www.shqiperia.com\/blog\/wp-content\/uploads\/2021\/11\/Kalajs-e-Bashtoves.jpg?fit=768%2C403&ssl=1&resize=350%2C200","width":350,"height":200,"srcset":"https:\/\/i0.wp.com\/www.shqiperia.com\/blog\/wp-content\/uploads\/2021\/11\/Kalajs-e-Bashtoves.jpg?fit=768%2C403&ssl=1&resize=350%2C200 1x, https:\/\/i0.wp.com\/www.shqiperia.com\/blog\/wp-content\/uploads\/2021\/11\/Kalajs-e-Bashtoves.jpg?fit=768%2C403&ssl=1&resize=525%2C300 1.5x, https:\/\/i0.wp.com\/www.shqiperia.com\/blog\/wp-content\/uploads\/2021\/11\/Kalajs-e-Bashtoves.jpg?fit=768%2C403&ssl=1&resize=700%2C400 2x"},"classes":[]},{"id":99276,"url":"https:\/\/www.shqiperia.com\/blog\/projekt-1-mln-euro-per-transformimin-e-kalase-se-shkodres-sokoli-nderhyrja-me-e-rendesishme-pas-4-dekadash-ruajme-cdo-vlere-historike\/","url_meta":{"origin":94419,"position":4},"title":"Projekt 1 mln euro p\u00ebr transformimin e Kalas\u00eb s\u00eb Shkodr\u00ebs, Sokoli: &#8211; Nd\u00ebrhyrja m\u00eb e r\u00ebnd\u00ebsishme pas 4 dekadash, ruajm\u00eb \u00e7do vler\u00eb historike","author":"Kurt Farka","date":"April 9, 2026","format":false,"excerpt":"9 Prill 2026 Projekti \u201cRijet\u00ebzimi i Kalas\u00eb s\u00eb Shkodr\u00ebs\u201d tashm\u00eb \u00ebsht\u00eb gati, nj\u00eb investim i mb\u00ebshtetur nga\u00a0BERZH\u00a0dhe\u00a0Bashkimi Europian\u00a0me zbatues Fondin Shqiptar t\u00eb Zhvillimit. Ky projekt do ta kthej\u00eb k\u00ebt\u00eb monument n\u00eb nj\u00eb hap\u00ebsir\u00eb t\u00eb gjall\u00eb kulturore, turistike dhe edukative, duke p\u00ebrmir\u00ebsuar infrastruktur\u00ebn dhe p\u00ebrvoj\u00ebn e vizitor\u00ebve, nd\u00ebrsa ruan me kujdes\u2026","rel":"","context":"In &quot;Histori&quot;","block_context":{"text":"Histori","link":"https:\/\/www.shqiperia.com\/blog\/category\/histori\/"},"img":{"alt_text":"","src":"https:\/\/i0.wp.com\/www.shqiperia.com\/blog\/wp-content\/uploads\/2026\/04\/1775727353_kalajashkodres.jpg?fit=780%2C440&ssl=1&resize=350%2C200","width":350,"height":200,"srcset":"https:\/\/i0.wp.com\/www.shqiperia.com\/blog\/wp-content\/uploads\/2026\/04\/1775727353_kalajashkodres.jpg?fit=780%2C440&ssl=1&resize=350%2C200 1x, https:\/\/i0.wp.com\/www.shqiperia.com\/blog\/wp-content\/uploads\/2026\/04\/1775727353_kalajashkodres.jpg?fit=780%2C440&ssl=1&resize=525%2C300 1.5x, https:\/\/i0.wp.com\/www.shqiperia.com\/blog\/wp-content\/uploads\/2026\/04\/1775727353_kalajashkodres.jpg?fit=780%2C440&ssl=1&resize=700%2C400 2x"},"classes":[]},{"id":31645,"url":"https:\/\/www.shqiperia.com\/blog\/miratohet-projekti-per-restaurimin-e-kalase-se-prezes-u-demtua-nga-termeti\/","url_meta":{"origin":94419,"position":5},"title":"Miratohet projekti p\u00ebr restaurimin e Kalas\u00eb s\u00eb Prez\u00ebs, u d\u00ebmtua nga t\u00ebrmeti","author":"Kurt Farka","date":"February 21, 2020","format":false,"excerpt":"Miratohet projekti p\u00ebr restaurimin e Kalas\u00eb s\u00eb Prez\u00ebs, u d\u00ebmtua nga t\u00ebrmeti 18\/02\/2020 K\u00ebshilli Komb\u00ebtar i Trash\u00ebgimis\u00eb Kulturore Materiale ka miratuar projektin e restaurimit t\u00eb Kalas\u00eb s\u00eb Prez\u00ebs n\u00eb kushte t\u00eb emergjenc\u00ebs, pas t\u00ebrmetit t\u00eb 26 n\u00ebntorit. Projekti i hartuar nga Instituti Komb\u00ebtar i Trash\u00ebgimis\u00eb Kulturore parashikon nd\u00ebrhyrje konservuese dhe\u2026","rel":"","context":"In &quot;Histori&quot;","block_context":{"text":"Histori","link":"https:\/\/www.shqiperia.com\/blog\/category\/histori\/"},"img":{"alt_text":"","src":"https:\/\/i0.wp.com\/www.shqiperia.com\/blog\/wp-content\/uploads\/2020\/02\/Preze-750x371-1.jpg?fit=698%2C371&ssl=1&resize=350%2C200","width":350,"height":200,"srcset":"https:\/\/i0.wp.com\/www.shqiperia.com\/blog\/wp-content\/uploads\/2020\/02\/Preze-750x371-1.jpg?fit=698%2C371&ssl=1&resize=350%2C200 1x, https:\/\/i0.wp.com\/www.shqiperia.com\/blog\/wp-content\/uploads\/2020\/02\/Preze-750x371-1.jpg?fit=698%2C371&ssl=1&resize=525%2C300 1.5x"},"classes":[]}],"_links":{"self":[{"href":"https:\/\/www.shqiperia.com\/blog\/wp-json\/wp\/v2\/posts\/94419","targetHints":{"allow":["GET"]}}],"collection":[{"href":"https:\/\/www.shqiperia.com\/blog\/wp-json\/wp\/v2\/posts"}],"about":[{"href":"https:\/\/www.shqiperia.com\/blog\/wp-json\/wp\/v2\/types\/post"}],"author":[{"embeddable":true,"href":"https:\/\/www.shqiperia.com\/blog\/wp-json\/wp\/v2\/users\/9"}],"replies":[{"embeddable":true,"href":"https:\/\/www.shqiperia.com\/blog\/wp-json\/wp\/v2\/comments?post=94419"}],"version-history":[{"count":1,"href":"https:\/\/www.shqiperia.com\/blog\/wp-json\/wp\/v2\/posts\/94419\/revisions"}],"predecessor-version":[{"id":94421,"href":"https:\/\/www.shqiperia.com\/blog\/wp-json\/wp\/v2\/posts\/94419\/revisions\/94421"}],"wp:featuredmedia":[{"embeddable":true,"href":"https:\/\/www.shqiperia.com\/blog\/wp-json\/wp\/v2\/media\/94420"}],"wp:attachment":[{"href":"https:\/\/www.shqiperia.com\/blog\/wp-json\/wp\/v2\/media?parent=94419"}],"wp:term":[{"taxonomy":"category","embeddable":true,"href":"https:\/\/www.shqiperia.com\/blog\/wp-json\/wp\/v2\/categories?post=94419"},{"taxonomy":"post_tag","embeddable":true,"href":"https:\/\/www.shqiperia.com\/blog\/wp-json\/wp\/v2\/tags?post=94419"}],"curies":[{"name":"wp","href":"https:\/\/api.w.org\/{rel}","templated":true}]}}