{"id":94411,"date":"2025-10-26T21:53:14","date_gmt":"2025-10-26T21:53:14","guid":{"rendered":"https:\/\/www.shqiperia.com\/blog\/?p=94411"},"modified":"2025-10-26T21:53:14","modified_gmt":"2025-10-26T21:53:14","slug":"ta-kthejme-tiranen-ne-qytetin-qe-duam-tu-leme-femijeve-tane-florjan-binaj-bashkise-nuk-i-duhet-nje-sherbetor-i-partise-por-i-qytetareve","status":"publish","type":"post","link":"https:\/\/www.shqiperia.com\/blog\/ta-kthejme-tiranen-ne-qytetin-qe-duam-tu-leme-femijeve-tane-florjan-binaj-bashkise-nuk-i-duhet-nje-sherbetor-i-partise-por-i-qytetareve\/","title":{"rendered":"\u201cTa kthejm\u00eb Tiran\u00ebn n\u00eb qytetin q\u00eb duam t\u2019u l\u00ebm\u00eb f\u00ebmij\u00ebve tan\u00eb\u201d. Florjan Binaj: Bashkis\u00eb nuk i duhet nj\u00eb sh\u00ebrb\u00ebtor i partis\u00eb, por i qytetar\u00ebve"},"content":{"rendered":"<p><img data-recalc-dims=\"1\" loading=\"lazy\" decoding=\"async\" data-attachment-id=\"94412\" data-permalink=\"https:\/\/www.shqiperia.com\/blog\/ta-kthejme-tiranen-ne-qytetin-qe-duam-tu-leme-femijeve-tane-florjan-binaj-bashkise-nuk-i-duhet-nje-sherbetor-i-partise-por-i-qytetareve\/dfsgdfsgdsfgdsfg-1\/\" data-orig-file=\"https:\/\/i0.wp.com\/www.shqiperia.com\/blog\/wp-content\/uploads\/2025\/10\/dfsgdfsgdsfgdsfg-1.jpg?fit=1077%2C593&amp;ssl=1\" data-orig-size=\"1077,593\" data-comments-opened=\"1\" data-image-meta=\"{&quot;aperture&quot;:&quot;0&quot;,&quot;credit&quot;:&quot;Redaksia&quot;,&quot;camera&quot;:&quot;&quot;,&quot;caption&quot;:&quot;&quot;,&quot;created_timestamp&quot;:&quot;1761507499&quot;,&quot;copyright&quot;:&quot;&quot;,&quot;focal_length&quot;:&quot;0&quot;,&quot;iso&quot;:&quot;0&quot;,&quot;shutter_speed&quot;:&quot;0&quot;,&quot;title&quot;:&quot;&quot;,&quot;orientation&quot;:&quot;0&quot;}\" data-image-title=\"dfsgdfsgdsfgdsfg-1\" data-image-description=\"\" data-image-caption=\"\" data-medium-file=\"https:\/\/i0.wp.com\/www.shqiperia.com\/blog\/wp-content\/uploads\/2025\/10\/dfsgdfsgdsfgdsfg-1.jpg?fit=300%2C165&amp;ssl=1\" data-large-file=\"https:\/\/i0.wp.com\/www.shqiperia.com\/blog\/wp-content\/uploads\/2025\/10\/dfsgdfsgdsfgdsfg-1.jpg?fit=1024%2C564&amp;ssl=1\" class=\"alignnone  wp-image-94412\" alt=\"\" src=\"https:\/\/i0.wp.com\/www.shqiperia.com\/blog\/wp-content\/uploads\/2025\/10\/dfsgdfsgdsfgdsfg-1.jpg?resize=611%2C336&#038;ssl=1\" width=\"611\" height=\"336\" srcset=\"https:\/\/i0.wp.com\/www.shqiperia.com\/blog\/wp-content\/uploads\/2025\/10\/dfsgdfsgdsfgdsfg-1.jpg?resize=300%2C165&amp;ssl=1 300w, https:\/\/i0.wp.com\/www.shqiperia.com\/blog\/wp-content\/uploads\/2025\/10\/dfsgdfsgdsfgdsfg-1.jpg?resize=1024%2C564&amp;ssl=1 1024w, https:\/\/i0.wp.com\/www.shqiperia.com\/blog\/wp-content\/uploads\/2025\/10\/dfsgdfsgdsfgdsfg-1.jpg?resize=768%2C423&amp;ssl=1 768w, https:\/\/i0.wp.com\/www.shqiperia.com\/blog\/wp-content\/uploads\/2025\/10\/dfsgdfsgdsfgdsfg-1.jpg?resize=450%2C248&amp;ssl=1 450w, https:\/\/i0.wp.com\/www.shqiperia.com\/blog\/wp-content\/uploads\/2025\/10\/dfsgdfsgdsfgdsfg-1.jpg?resize=600%2C330&amp;ssl=1 600w, https:\/\/i0.wp.com\/www.shqiperia.com\/blog\/wp-content\/uploads\/2025\/10\/dfsgdfsgdsfgdsfg-1.jpg?resize=400%2C220&amp;ssl=1 400w, https:\/\/i0.wp.com\/www.shqiperia.com\/blog\/wp-content\/uploads\/2025\/10\/dfsgdfsgdsfgdsfg-1.jpg?w=1077&amp;ssl=1 1077w\" sizes=\"auto, (max-width: 611px) 100vw, 611px\" \/><\/p>\n<p>26 Tetor 2025<\/p>\n<p>Kandidati i pavarur p\u00ebr Bashkin\u00eb e Tiran\u00ebs, Florjan Binaj, ka ndar\u00eb nj\u00eb mesazh n\u00eb rrjetet sociale, n\u00eb vijim t\u00eb fushat\u00ebs s\u00eb tij p\u00ebr zgjedhjet e pjesshme.<\/p>\n<p>N\u00eb postimin e tij, aktori dhe aktivisti i njohur shpjegon motivet q\u00eb e shtyjn\u00eb t\u00eb garoj\u00eb p\u00ebr drejtimin e kryeqytetit:<br \/>\n\u201cShum\u00eb veta m\u00eb pyesin pse po kandidoj. Po kandidoj p\u00ebr f\u00ebmij\u00ebt tan\u00eb, p\u00ebr f\u00ebmij\u00ebt tuaj, p\u00ebr k\u00ebt\u00eb qytet. Q\u00eb f\u00ebmij\u00ebt tan\u00eb t\u00eb rriten duke nd\u00ebrtuar kujtime dhe jo duke par\u00eb nd\u00ebrtime.\u201d<\/p>\n<p>Binaj thekson se jeton n\u00eb Tiran\u00eb si \u00e7do qytetar tjet\u00ebr, \u201cme bashk\u00ebshorten dhe tre f\u00ebmij\u00ebt, n\u00eb nj\u00eb pallat t\u00eb vjet\u00ebr, n\u00eb nj\u00eb apartament t\u00eb vog\u00ebl, por t\u00eb ngroht\u00eb e plot dashuri\u201d.<\/p>\n<p>Ai shton se me pun\u00ebn, aktivizmin dhe humorin e tij ka ngritur gjithmon\u00eb z\u00ebrin kund\u00ebr padrejt\u00ebsive dhe n\u00eb mbrojtje t\u00eb njer\u00ebzve q\u00eb kan\u00eb v\u00ebrtet\u00eb nevoj\u00eb. \u201cNj\u00eb Tiran\u00eb e pash\u00ebndetshme nuk mund t\u00eb prodhoj\u00eb qytetar\u00eb t\u00eb sh\u00ebndetsh\u00ebm. N\u00eb krye t\u00eb bashkis\u00eb s\u00eb Tiran\u00ebs nuk duhet nj\u00eb sh\u00ebrb\u00ebtor i partis\u00eb, por nj\u00eb sh\u00ebrb\u00ebtor i qytetar\u00ebve,\u201d thekson kandidati i pavarur.<img loading=\"lazy\" decoding=\"async\" alt=\"\" src=\"https:\/\/ads.balkanweb.com\/www\/delivery\/lg.php?bannerid=0&amp;campaignid=0&amp;zoneid=629&amp;loc=https%3A%2F%2Fwww.balkanweb.com%2Fta-kthejme-tiranen-ne-qytetin-qe-duam-tu-leme-femijeve-tane-florjan-binaj-bashkise-nuk-i-duhet-nje-sherbetor-i-partise-por-i-qytetareve%2F&amp;referer=https%3A%2F%2Fwww.balkanweb.com%2F&amp;cb=09e5f3f7a3\" width=\"0\" height=\"0\" \/><\/p>\n<p>N\u00eb p\u00ebrfundim, Binaj u b\u00ebn thirrje qytetar\u00ebve t\u00eb bashkohen p\u00ebr nj\u00eb Tiran\u00eb m\u00eb t\u00eb jetueshme: \u201cDuhet t\u00eb veprojm\u00eb t\u00eb gjith\u00eb bashk\u00eb, p\u00ebr ta kthyer Tiran\u00ebn n\u00eb qytetin q\u00eb duam t\u2019u l\u00ebm\u00eb f\u00ebmij\u00ebve tan\u00eb.\u201d<\/p>\n","protected":false},"excerpt":{"rendered":"<p>26 Tetor 2025 Kandidati i pavarur p\u00ebr Bashkin\u00eb e Tiran\u00ebs, Florjan Binaj, ka ndar\u00eb nj\u00eb mesazh n\u00eb rrjetet sociale, n\u00eb vijim t\u00eb fushat\u00ebs s\u00eb tij p\u00ebr zgjedhjet e pjesshme. N\u00eb postimin e tij, aktori dhe aktivisti i njohur shpjegon motivet q\u00eb e shtyjn\u00eb t\u00eb garoj\u00eb p\u00ebr drejtimin e kryeqytetit: \u201cShum\u00eb veta m\u00eb pyesin pse po [&hellip;]<\/p>\n","protected":false},"author":9,"featured_media":94412,"comment_status":"open","ping_status":"open","sticky":false,"template":"","format":"standard","meta":{"jetpack_post_was_ever_published":false,"_jetpack_newsletter_access":"","_jetpack_dont_email_post_to_subs":false,"_jetpack_newsletter_tier_id":0,"_jetpack_memberships_contains_paywalled_content":false,"_jetpack_memberships_contains_paid_content":false,"footnotes":"","jetpack_publicize_message":"","jetpack_publicize_feature_enabled":true,"jetpack_social_post_already_shared":true,"jetpack_social_options":{"image_generator_settings":{"template":"highway","default_image_id":0,"font":"","enabled":false},"version":2}},"categories":[27,1,2],"tags":[],"class_list":["post-94411","post","type-post","status-publish","format-standard","has-post-thumbnail","hentry","category-blogu-i-udhetarit","category-njoftime-shtypi","category-politika"],"jetpack_publicize_connections":[],"jetpack_featured_media_url":"https:\/\/i0.wp.com\/www.shqiperia.com\/blog\/wp-content\/uploads\/2025\/10\/dfsgdfsgdsfgdsfg-1.jpg?fit=1077%2C593&ssl=1","jetpack_sharing_enabled":true,"jetpack_shortlink":"https:\/\/wp.me\/p5Z6wp-oyL","jetpack-related-posts":[{"id":55318,"url":"https:\/\/www.shqiperia.com\/blog\/ne-keto-30-vite-nuk-ka-vend-per-profesioniste-por-patronazhiste\/","url_meta":{"origin":94411,"position":0},"title":"&#8220;N\u00eb k\u00ebto 30 vite nuk ka vend p\u00ebr profesionist\u00eb por patronazhist\u00eb!&#8221;","author":"Kurt Farka","date":"March 12, 2022","format":false,"excerpt":"\"N\u00eb k\u00ebto 30 vite nuk ka vend p\u00ebr profesionist\u00eb por patronazhist\u00eb!\" 12 Mars 2022 \"N\u00eb k\u00ebto 30 vite nuk ka vend p\u00ebr profesionist\u00eb por patronazhist\u00eb!\" Florian Binaj fton figurat publike: Ejani t\u00eb protestojm\u00eb dhe p\u00ebr f\u00ebmij\u00ebt tan\u00eb! Aktivisti Florian Binaj mbajti fjal\u00ebn e tij mes protestuesve dhe u b\u00ebri thirrje\u2026","rel":"","context":"In &quot;Blogu i Udh\u00ebtarit&quot;","block_context":{"text":"Blogu i Udh\u00ebtarit","link":"https:\/\/www.shqiperia.com\/blog\/category\/blogu-i-udhetarit\/"},"img":{"alt_text":"","src":"https:\/\/i0.wp.com\/www.shqiperia.com\/blog\/wp-content\/uploads\/2022\/03\/1200-630-c757e4a2-4c0d-476e-95be-3ec00eff31e9-1647082778.jpg?fit=1200%2C630&ssl=1&resize=350%2C200","width":350,"height":200,"srcset":"https:\/\/i0.wp.com\/www.shqiperia.com\/blog\/wp-content\/uploads\/2022\/03\/1200-630-c757e4a2-4c0d-476e-95be-3ec00eff31e9-1647082778.jpg?fit=1200%2C630&ssl=1&resize=350%2C200 1x, https:\/\/i0.wp.com\/www.shqiperia.com\/blog\/wp-content\/uploads\/2022\/03\/1200-630-c757e4a2-4c0d-476e-95be-3ec00eff31e9-1647082778.jpg?fit=1200%2C630&ssl=1&resize=525%2C300 1.5x, https:\/\/i0.wp.com\/www.shqiperia.com\/blog\/wp-content\/uploads\/2022\/03\/1200-630-c757e4a2-4c0d-476e-95be-3ec00eff31e9-1647082778.jpg?fit=1200%2C630&ssl=1&resize=700%2C400 2x, https:\/\/i0.wp.com\/www.shqiperia.com\/blog\/wp-content\/uploads\/2022\/03\/1200-630-c757e4a2-4c0d-476e-95be-3ec00eff31e9-1647082778.jpg?fit=1200%2C630&ssl=1&resize=1050%2C600 3x"},"classes":[]},{"id":94521,"url":"https:\/\/www.shqiperia.com\/blog\/ky-qytet-eshte-i-yni-florian-binaj-takon-banoret-e-myslym-shyrit\/","url_meta":{"origin":94411,"position":1},"title":"&#8216;Ky qytet \u00ebsht\u00eb i yni!&#8217; Florian Binaj takon banor\u00ebt e &#8216;Myslym Shyrit&#8217;","author":"Kurt Farka","date":"October 30, 2025","format":false,"excerpt":"30 Tetor 2025 K\u00ebt\u00eb her\u00eb kan\u00eb qen\u00eb banor\u00ebt e rrug\u00ebs \u201cMyslym Shyri\u201d q\u00eb i kan\u00eb dh\u00ebn\u00eb mb\u00ebshtetjen Florian Binajt n\u00eb betej\u00ebn e tij p\u00ebr bashkin\u00eb e Tiran\u00ebs. Kandidati i pavarur i mb\u00ebshtetur nga opozita ka postuar nj\u00eb video n\u00eb rrjete sociale ku shihet teksa takon shum\u00eb qytetar\u00eb. \"Ky qytet \u00ebsht\u00eb\u2026","rel":"","context":"In &quot;Blogu i Udh\u00ebtarit&quot;","block_context":{"text":"Blogu i Udh\u00ebtarit","link":"https:\/\/www.shqiperia.com\/blog\/category\/blogu-i-udhetarit\/"},"img":{"alt_text":"","src":"https:\/\/i0.wp.com\/www.shqiperia.com\/blog\/wp-content\/uploads\/2025\/10\/auto.jpg.jpg?fit=900%2C558&ssl=1&resize=350%2C200","width":350,"height":200,"srcset":"https:\/\/i0.wp.com\/www.shqiperia.com\/blog\/wp-content\/uploads\/2025\/10\/auto.jpg.jpg?fit=900%2C558&ssl=1&resize=350%2C200 1x, https:\/\/i0.wp.com\/www.shqiperia.com\/blog\/wp-content\/uploads\/2025\/10\/auto.jpg.jpg?fit=900%2C558&ssl=1&resize=525%2C300 1.5x, https:\/\/i0.wp.com\/www.shqiperia.com\/blog\/wp-content\/uploads\/2025\/10\/auto.jpg.jpg?fit=900%2C558&ssl=1&resize=700%2C400 2x"},"classes":[]},{"id":94574,"url":"https:\/\/www.shqiperia.com\/blog\/kandidati-florian-binaj-takime-me-qytetaret-te-liqeni-i-tiranes-mushkeria-e-tiranes-detyra-jone-eshte-ta-ruajme-jo-ta-betonizojme\/","url_meta":{"origin":94411,"position":2},"title":"Kandidati Florian Binaj takime me qytetar\u00ebt te Liqeni i Tiranes: &#8211; Mushk\u00ebria e Tiran\u00ebs! Detyra jon\u00eb \u00ebsht\u00eb ta ruajm\u00eb, jo ta betonizojm\u00eb","author":"Kurt Farka","date":"November 2, 2025","format":false,"excerpt":"2 Nentor 2025 Fushata e Florjan Binajt ka filluar! Tashm\u00eb kandidati i pavarur ka dal\u00eb n\u00eb terren ku \u00e7do dit\u00eb takon qytetar\u00eb t\u00eb ndrysh\u00ebm. Sot, ai ka dal\u00eb te zona e Liqenit Artificial ku nuk mungojn\u00eb edhe batutat. Pjes\u00eb nga takimet: Florjan Binaj: Kujdes se do tju kap\u00eb polici (iu\u2026","rel":"","context":"In &quot;Blogu i Udh\u00ebtarit&quot;","block_context":{"text":"Blogu i Udh\u00ebtarit","link":"https:\/\/www.shqiperia.com\/blog\/category\/blogu-i-udhetarit\/"},"img":{"alt_text":"","src":"https:\/\/i0.wp.com\/www.shqiperia.com\/blog\/wp-content\/uploads\/2025\/11\/Screenshot-2025-10-09-225604.png?fit=1013%2C584&ssl=1&resize=350%2C200","width":350,"height":200,"srcset":"https:\/\/i0.wp.com\/www.shqiperia.com\/blog\/wp-content\/uploads\/2025\/11\/Screenshot-2025-10-09-225604.png?fit=1013%2C584&ssl=1&resize=350%2C200 1x, https:\/\/i0.wp.com\/www.shqiperia.com\/blog\/wp-content\/uploads\/2025\/11\/Screenshot-2025-10-09-225604.png?fit=1013%2C584&ssl=1&resize=525%2C300 1.5x, https:\/\/i0.wp.com\/www.shqiperia.com\/blog\/wp-content\/uploads\/2025\/11\/Screenshot-2025-10-09-225604.png?fit=1013%2C584&ssl=1&resize=700%2C400 2x"},"classes":[]},{"id":94174,"url":"https:\/\/www.shqiperia.com\/blog\/diella-habit-opinionin-jam-me-florjan-binajn-deklarata-qe-trondit-politiken\/","url_meta":{"origin":94411,"position":3},"title":"Diella \u2018habit\u2019 opinionin: &#8211; Jam me Florjan Binajn, deklarata q\u00eb trondit politik\u00ebn","author":"Kurt Farka","date":"October 9, 2025","format":false,"excerpt":"9 Tetor 2025 Kreu i Partis\u00eb Demokratike, Sali Berisha ka ironizuar Ministren Diella, e cila thot\u00eb se n\u00eb zgjedhjet e pjesshme t\u00eb 9 n\u00ebntorit, do t\u00eb mb\u00ebshtes\u00eb kandidatin e opozit\u00ebs, Florjan Binaj. N\u00eb videon q\u00eb Lideri i opozit\u00ebs ka postuar n\u00eb Facebook, Diella shprehet se n\u00ebse nuk do t\u00eb shihet\u2026","rel":"","context":"In &quot;Blogu i Udh\u00ebtarit&quot;","block_context":{"text":"Blogu i Udh\u00ebtarit","link":"https:\/\/www.shqiperia.com\/blog\/category\/blogu-i-udhetarit\/"},"img":{"alt_text":"","src":"https:\/\/i0.wp.com\/www.shqiperia.com\/blog\/wp-content\/uploads\/2025\/10\/Fantazma-Diella.jpeg?fit=728%2C430&ssl=1&resize=350%2C200","width":350,"height":200,"srcset":"https:\/\/i0.wp.com\/www.shqiperia.com\/blog\/wp-content\/uploads\/2025\/10\/Fantazma-Diella.jpeg?fit=728%2C430&ssl=1&resize=350%2C200 1x, https:\/\/i0.wp.com\/www.shqiperia.com\/blog\/wp-content\/uploads\/2025\/10\/Fantazma-Diella.jpeg?fit=728%2C430&ssl=1&resize=525%2C300 1.5x, https:\/\/i0.wp.com\/www.shqiperia.com\/blog\/wp-content\/uploads\/2025\/10\/Fantazma-Diella.jpeg?fit=728%2C430&ssl=1&resize=700%2C400 2x"},"classes":[]},{"id":93800,"url":"https:\/\/www.shqiperia.com\/blog\/sot-une-jam-nje-gomar-albana-osmani-shperthen-kunder-projektligjit-per-gjinite-e-refuzoj-pa-hezitim-uroj-te-zgjohemi-perpara-se-nje-prind-te-degjoje-djalin-e-tij-te-thote\/","url_meta":{"origin":94411,"position":4},"title":"\u201cSot un\u00eb jam nj\u00eb gomar\u201d- Albana Osmani shp\u00ebrthen kund\u00ebr projektligjit p\u00ebr gjinit\u00eb: &#8211; E refuzoj pa hezitim, uroj t\u00eb zgjohemi p\u00ebrpara se nj\u00eb prind t\u00eb d\u00ebgjoj\u00eb djalin e tij t\u00eb thot\u00eb\u2026","author":"Kurt Farka","date":"September 18, 2025","format":false,"excerpt":"18 Shtator 2025 Moderatorja e njohur, Albana Osmani, ka reaguar ashp\u00ebr n\u00eb rrjete sociale lidhur me projektligjin e ri t\u00eb qeveris\u00eb p\u00ebr gjinit\u00eb. P\u00ebrmes nj\u00eb postimi n\u00eb Instagram, Osmani thot\u00eb se projektligji i ri, q\u00eb ka n\u00eb fokus njohjen e m\u00eb shum\u00eb se dy gjinive \u00ebsht\u00eb shkelje e rregullave t\u00eb\u2026","rel":"","context":"In &quot;Blogu i Udh\u00ebtarit&quot;","block_context":{"text":"Blogu i Udh\u00ebtarit","link":"https:\/\/www.shqiperia.com\/blog\/category\/blogu-i-udhetarit\/"},"img":{"alt_text":"","src":"https:\/\/i0.wp.com\/www.shqiperia.com\/blog\/wp-content\/uploads\/2025\/09\/Screenshot_215.png?fit=791%2C533&ssl=1&resize=350%2C200","width":350,"height":200,"srcset":"https:\/\/i0.wp.com\/www.shqiperia.com\/blog\/wp-content\/uploads\/2025\/09\/Screenshot_215.png?fit=791%2C533&ssl=1&resize=350%2C200 1x, https:\/\/i0.wp.com\/www.shqiperia.com\/blog\/wp-content\/uploads\/2025\/09\/Screenshot_215.png?fit=791%2C533&ssl=1&resize=525%2C300 1.5x, https:\/\/i0.wp.com\/www.shqiperia.com\/blog\/wp-content\/uploads\/2025\/09\/Screenshot_215.png?fit=791%2C533&ssl=1&resize=700%2C400 2x"},"classes":[]},{"id":24069,"url":"https:\/\/www.shqiperia.com\/blog\/bizneset-nuk-dorezojne-dot-bilancet-ne-e-albania\/","url_meta":{"origin":94411,"position":5},"title":"BIZNESET NUK DOR\u00cbZOJN\u00cb DOT BILANCET N\u00cb \u2018E-ALBANIA\u2019","author":"Kurt Farka","date":"July 31, 2019","format":false,"excerpt":"BIZNESET NUK DOR\u00cbZOJN\u00cb DOT BILANCET N\u00cb \u2018E-ALBANIA\u2019 30\/07\/2019 Ndryshimi i procedurave p\u00ebr dor\u00ebzimin e bilanceve ka v\u00ebn\u00eb n\u00eb v\u00ebshtir\u00ebsi biznesin p\u00ebrfshir\u00eb edhe at\u00eb t\u00eb vog\u00ebl. Tashm\u00eb materiale duhet t\u00eb paraqitet online n\u00eb \u201ce albania\u201d dhe jo n\u00eb QKB brenda dat\u00ebs 31 korrik, por nj\u00eb pjes\u00eb e madhe ka hasur n\u00eb\u2026","rel":"","context":"In &quot;Blogu i Udh\u00ebtarit&quot;","block_context":{"text":"Blogu i Udh\u00ebtarit","link":"https:\/\/www.shqiperia.com\/blog\/category\/blogu-i-udhetarit\/"},"img":{"alt_text":"","src":"https:\/\/i0.wp.com\/www.shqiperia.com\/blog\/wp-content\/uploads\/2019\/07\/biznes.png?fit=696%2C400&ssl=1&resize=350%2C200","width":350,"height":200,"srcset":"https:\/\/i0.wp.com\/www.shqiperia.com\/blog\/wp-content\/uploads\/2019\/07\/biznes.png?fit=696%2C400&ssl=1&resize=350%2C200 1x, https:\/\/i0.wp.com\/www.shqiperia.com\/blog\/wp-content\/uploads\/2019\/07\/biznes.png?fit=696%2C400&ssl=1&resize=525%2C300 1.5x"},"classes":[]}],"_links":{"self":[{"href":"https:\/\/www.shqiperia.com\/blog\/wp-json\/wp\/v2\/posts\/94411","targetHints":{"allow":["GET"]}}],"collection":[{"href":"https:\/\/www.shqiperia.com\/blog\/wp-json\/wp\/v2\/posts"}],"about":[{"href":"https:\/\/www.shqiperia.com\/blog\/wp-json\/wp\/v2\/types\/post"}],"author":[{"embeddable":true,"href":"https:\/\/www.shqiperia.com\/blog\/wp-json\/wp\/v2\/users\/9"}],"replies":[{"embeddable":true,"href":"https:\/\/www.shqiperia.com\/blog\/wp-json\/wp\/v2\/comments?post=94411"}],"version-history":[{"count":1,"href":"https:\/\/www.shqiperia.com\/blog\/wp-json\/wp\/v2\/posts\/94411\/revisions"}],"predecessor-version":[{"id":94413,"href":"https:\/\/www.shqiperia.com\/blog\/wp-json\/wp\/v2\/posts\/94411\/revisions\/94413"}],"wp:featuredmedia":[{"embeddable":true,"href":"https:\/\/www.shqiperia.com\/blog\/wp-json\/wp\/v2\/media\/94412"}],"wp:attachment":[{"href":"https:\/\/www.shqiperia.com\/blog\/wp-json\/wp\/v2\/media?parent=94411"}],"wp:term":[{"taxonomy":"category","embeddable":true,"href":"https:\/\/www.shqiperia.com\/blog\/wp-json\/wp\/v2\/categories?post=94411"},{"taxonomy":"post_tag","embeddable":true,"href":"https:\/\/www.shqiperia.com\/blog\/wp-json\/wp\/v2\/tags?post=94411"}],"curies":[{"name":"wp","href":"https:\/\/api.w.org\/{rel}","templated":true}]}}