{"id":94404,"date":"2025-10-26T19:03:39","date_gmt":"2025-10-26T19:03:39","guid":{"rendered":"https:\/\/www.shqiperia.com\/blog\/?p=94404"},"modified":"2025-10-26T19:03:39","modified_gmt":"2025-10-26T19:03:39","slug":"gaforre-sa-nje-bajame-dhe-peshkaqen-fener-mistere-te-reja-nga-thellesite-e-oqeanit","status":"publish","type":"post","link":"https:\/\/www.shqiperia.com\/blog\/gaforre-sa-nje-bajame-dhe-peshkaqen-fener-mistere-te-reja-nga-thellesite-e-oqeanit\/","title":{"rendered":"Gaforre sa nj\u00eb bajame dhe peshkaqen fener, mistere t\u00eb reja nga thell\u00ebsit\u00eb e oqeanit"},"content":{"rendered":"<p><img data-recalc-dims=\"1\" loading=\"lazy\" decoding=\"async\" data-attachment-id=\"94405\" data-permalink=\"https:\/\/www.shqiperia.com\/blog\/gaforre-sa-nje-bajame-dhe-peshkaqen-fener-mistere-te-reja-nga-thellesite-e-oqeanit\/peshkaqen-fener\/\" data-orig-file=\"https:\/\/i0.wp.com\/www.shqiperia.com\/blog\/wp-content\/uploads\/2025\/10\/peshkaqen-fener.webp?fit=1024%2C576&amp;ssl=1\" data-orig-size=\"1024,576\" data-comments-opened=\"1\" data-image-meta=\"{&quot;aperture&quot;:&quot;0&quot;,&quot;credit&quot;:&quot;&quot;,&quot;camera&quot;:&quot;&quot;,&quot;caption&quot;:&quot;&quot;,&quot;created_timestamp&quot;:&quot;0&quot;,&quot;copyright&quot;:&quot;&quot;,&quot;focal_length&quot;:&quot;0&quot;,&quot;iso&quot;:&quot;0&quot;,&quot;shutter_speed&quot;:&quot;0&quot;,&quot;title&quot;:&quot;&quot;,&quot;orientation&quot;:&quot;0&quot;}\" data-image-title=\"peshkaqen-fener\" data-image-description=\"\" data-image-caption=\"\" data-medium-file=\"https:\/\/i0.wp.com\/www.shqiperia.com\/blog\/wp-content\/uploads\/2025\/10\/peshkaqen-fener.webp?fit=300%2C169&amp;ssl=1\" data-large-file=\"https:\/\/i0.wp.com\/www.shqiperia.com\/blog\/wp-content\/uploads\/2025\/10\/peshkaqen-fener.webp?fit=1024%2C576&amp;ssl=1\" class=\"alignnone  wp-image-94405\" alt=\"\" src=\"https:\/\/i0.wp.com\/www.shqiperia.com\/blog\/wp-content\/uploads\/2025\/10\/peshkaqen-fener.webp?resize=595%2C335&#038;ssl=1\" width=\"595\" height=\"335\" srcset=\"https:\/\/i0.wp.com\/www.shqiperia.com\/blog\/wp-content\/uploads\/2025\/10\/peshkaqen-fener.webp?resize=300%2C169&amp;ssl=1 300w, https:\/\/i0.wp.com\/www.shqiperia.com\/blog\/wp-content\/uploads\/2025\/10\/peshkaqen-fener.webp?resize=768%2C432&amp;ssl=1 768w, https:\/\/i0.wp.com\/www.shqiperia.com\/blog\/wp-content\/uploads\/2025\/10\/peshkaqen-fener.webp?resize=450%2C253&amp;ssl=1 450w, https:\/\/i0.wp.com\/www.shqiperia.com\/blog\/wp-content\/uploads\/2025\/10\/peshkaqen-fener.webp?resize=600%2C338&amp;ssl=1 600w, https:\/\/i0.wp.com\/www.shqiperia.com\/blog\/wp-content\/uploads\/2025\/10\/peshkaqen-fener.webp?resize=400%2C225&amp;ssl=1 400w, https:\/\/i0.wp.com\/www.shqiperia.com\/blog\/wp-content\/uploads\/2025\/10\/peshkaqen-fener.webp?w=1024&amp;ssl=1 1024w\" sizes=\"auto, (max-width: 595px) 100vw, 595px\" \/><\/p>\n<p>26 Tetor 2025<\/p>\n<p>Nj\u00eb gaforre gjysm\u00eb-transparente sa nj\u00eb bajame dhe nj\u00eb peshkaqen i vog\u00ebl me fener jan\u00eb dy prej gjallesave t\u00eb reja t\u00eb zbuluara nga shkenc\u00ebtar\u00ebt australian\u00eb n\u00eb thell\u00ebsit\u00eb e oqeanit.<\/p>\n<p>N\u00eb fund t\u00eb vitit 2022, ekipi nga CSIRO nisi nj\u00eb ekspedit\u00eb k\u00ebrkimore n\u00eb Gascoyne Marine Park, rreth 20 kilometra larg bregut t\u00eb Australis\u00eb Per\u00ebndimore.<\/p>\n<p>Australia \u00ebsht\u00eb nj\u00eb nga vendet m\u00eb t\u00eb r\u00ebnd\u00ebsishme t\u00eb bot\u00ebs p\u00ebr biodiversitetin pasi n\u00eb t\u00eb jetojn\u00eb mbi nj\u00eb milion\u00eb kafsh\u00eb, nj\u00eb pjes\u00eb e t\u00eb cilave jan\u00eb endemike.<\/p>\n<p>Por ashtu si nj\u00eb hap\u00ebsir\u00eb e konsiderueshme e planetit, thell\u00ebsit\u00eb ujore nuk jan\u00eb eksploruar dhe flora e fauna jan\u00eb ende t\u00eb panjohura p\u00ebr shkenc\u00ebn.<\/p>\n<p>Nj\u00eb nga qindra speciet e grumbulluara gjat\u00eb ekspedit\u00ebs s\u00eb vitit 2022 ishte Peshkaqeni Fener i Australis\u00eb Per\u00ebndimore. Ai arrin deri n\u00eb 40 centimetra gjat\u00ebsi, ka sy t\u00eb m\u00ebdhenj dhe bark t\u00eb ndritsh\u00ebm dhe u gjet 600 metra n\u00ebn sip\u00ebrfaqe.<\/p>\n<figure class=\"wp-block-image size-full\"><\/figure>\n<p><em>\u201cPeshkaqen\u00ebt fener\u00eb jan\u00eb biolumineshent\u00eb, drita prodhohet nga fotoforet q\u00eb gjenden n\u00eb barkun dhe vel\u00ebzat e tyre\u201d,<span>\u00a0<\/span><\/em>tha shkenc\u00ebtari Will White.<\/p>\n<p>Nj\u00ebkoh\u00ebsisht u gjet nj\u00eb lloj i ri gaforreje porcelani, rreth 1.5 centimet\u00ebr e gjat\u00eb dhe rreth 122 metra n\u00ebn nivelin e detit. Kjo gaforre e kap ushqimin si planktoni, me qimet q\u00eb ndodhen n\u00eb goj\u00ebn dhe jo me kthetra.<\/p>\n<p><img data-recalc-dims=\"1\" loading=\"lazy\" decoding=\"async\" data-attachment-id=\"94406\" data-permalink=\"https:\/\/www.shqiperia.com\/blog\/gaforre-sa-nje-bajame-dhe-peshkaqen-fener-mistere-te-reja-nga-thellesite-e-oqeanit\/gaforre\/\" data-orig-file=\"https:\/\/i0.wp.com\/www.shqiperia.com\/blog\/wp-content\/uploads\/2025\/10\/gaforre.webp?fit=1024%2C510&amp;ssl=1\" data-orig-size=\"1024,510\" data-comments-opened=\"1\" data-image-meta=\"{&quot;aperture&quot;:&quot;0&quot;,&quot;credit&quot;:&quot;&quot;,&quot;camera&quot;:&quot;&quot;,&quot;caption&quot;:&quot;&quot;,&quot;created_timestamp&quot;:&quot;0&quot;,&quot;copyright&quot;:&quot;&quot;,&quot;focal_length&quot;:&quot;0&quot;,&quot;iso&quot;:&quot;0&quot;,&quot;shutter_speed&quot;:&quot;0&quot;,&quot;title&quot;:&quot;&quot;,&quot;orientation&quot;:&quot;0&quot;}\" data-image-title=\"gaforre\" data-image-description=\"\" data-image-caption=\"\" data-medium-file=\"https:\/\/i0.wp.com\/www.shqiperia.com\/blog\/wp-content\/uploads\/2025\/10\/gaforre.webp?fit=300%2C149&amp;ssl=1\" data-large-file=\"https:\/\/i0.wp.com\/www.shqiperia.com\/blog\/wp-content\/uploads\/2025\/10\/gaforre.webp?fit=1024%2C510&amp;ssl=1\" class=\"alignnone  wp-image-94406\" alt=\"\" src=\"https:\/\/i0.wp.com\/www.shqiperia.com\/blog\/wp-content\/uploads\/2025\/10\/gaforre.webp?resize=610%2C303&#038;ssl=1\" width=\"610\" height=\"303\" srcset=\"https:\/\/i0.wp.com\/www.shqiperia.com\/blog\/wp-content\/uploads\/2025\/10\/gaforre.webp?resize=300%2C149&amp;ssl=1 300w, https:\/\/i0.wp.com\/www.shqiperia.com\/blog\/wp-content\/uploads\/2025\/10\/gaforre.webp?resize=768%2C383&amp;ssl=1 768w, https:\/\/i0.wp.com\/www.shqiperia.com\/blog\/wp-content\/uploads\/2025\/10\/gaforre.webp?resize=450%2C224&amp;ssl=1 450w, https:\/\/i0.wp.com\/www.shqiperia.com\/blog\/wp-content\/uploads\/2025\/10\/gaforre.webp?resize=600%2C299&amp;ssl=1 600w, https:\/\/i0.wp.com\/www.shqiperia.com\/blog\/wp-content\/uploads\/2025\/10\/gaforre.webp?resize=400%2C199&amp;ssl=1 400w, https:\/\/i0.wp.com\/www.shqiperia.com\/blog\/wp-content\/uploads\/2025\/10\/gaforre.webp?w=1024&amp;ssl=1 1024w\" sizes=\"auto, (max-width: 610px) 100vw, 610px\" \/><\/p>\n<p>Deri m\u00eb tani jan\u00eb zbuluar rreth 20 gjallesa t\u00eb reje nga ky ekskursion, p\u00ebrfshir\u00eb nj\u00eb oktapod n\u00eb ngjyr\u00eb t\u00eb kuq\u00ebrremt\u00eb, rreth 4 centimetra.<\/p>\n<p>Shkenc\u00ebtar\u00ebt thon\u00eb se ka rreth 600 lloje q\u00eb duhen p\u00ebrshkruar dhe em\u00ebrtuar pasi mund t\u2019u duhen vite p\u00ebr t\u00eb grumbulluar informacionin q\u00eb nevojitet p\u00ebr t\u00eb provuar se jan\u00eb unike.<\/p>\n","protected":false},"excerpt":{"rendered":"<p>26 Tetor 2025 Nj\u00eb gaforre gjysm\u00eb-transparente sa nj\u00eb bajame dhe nj\u00eb peshkaqen i vog\u00ebl me fener jan\u00eb dy prej gjallesave t\u00eb reja t\u00eb zbuluara nga shkenc\u00ebtar\u00ebt australian\u00eb n\u00eb thell\u00ebsit\u00eb e oqeanit. N\u00eb fund t\u00eb vitit 2022, ekipi nga CSIRO nisi nj\u00eb ekspedit\u00eb k\u00ebrkimore n\u00eb Gascoyne Marine Park, rreth 20 kilometra larg bregut t\u00eb Australis\u00eb Per\u00ebndimore. [&hellip;]<\/p>\n","protected":false},"author":9,"featured_media":94405,"comment_status":"open","ping_status":"open","sticky":false,"template":"","format":"standard","meta":{"jetpack_post_was_ever_published":false,"_jetpack_newsletter_access":"","_jetpack_dont_email_post_to_subs":false,"_jetpack_newsletter_tier_id":0,"_jetpack_memberships_contains_paywalled_content":false,"_jetpack_memberships_contains_paid_content":false,"footnotes":"","jetpack_publicize_message":"","jetpack_publicize_feature_enabled":true,"jetpack_social_post_already_shared":true,"jetpack_social_options":{"image_generator_settings":{"template":"highway","default_image_id":0,"font":"","enabled":false},"version":2}},"categories":[27,14],"tags":[],"class_list":["post-94404","post","type-post","status-publish","format-standard","has-post-thumbnail","hentry","category-blogu-i-udhetarit","category-press-releases"],"jetpack_publicize_connections":[],"jetpack_featured_media_url":"https:\/\/i0.wp.com\/www.shqiperia.com\/blog\/wp-content\/uploads\/2025\/10\/peshkaqen-fener.webp?fit=1024%2C576&ssl=1","jetpack_sharing_enabled":true,"jetpack_shortlink":"https:\/\/wp.me\/p5Z6wp-oyE","jetpack-related-posts":[{"id":83167,"url":"https:\/\/www.shqiperia.com\/blog\/shkencetaret-zbulojne-oksigjenin-e-erret-ne-thellesi-te-oqeanit-paqesor\/","url_meta":{"origin":94404,"position":0},"title":"Shkenc\u00ebtar\u00ebt zbulojn\u00eb oksigjenin \u201ce err\u00ebt\u201d n\u00eb thell\u00ebsi t\u00eb Oqeanit Paq\u00ebsor","author":"Kurt Farka","date":"July 31, 2024","format":false,"excerpt":"31 Korrik 2024 Nj\u00eb fenomen misterioz i v\u00ebrejtur p\u00ebr her\u00eb t\u00eb par\u00eb n\u00eb vitin 2013 n\u00eb bordin e nj\u00eb anijeje n\u00eb nj\u00eb pjes\u00eb t\u00eb Oqeanit Paq\u00ebsor u duk kaq absurd, saq\u00eb i bindi shkenc\u00ebtar\u00ebt se pajisjet e monitorimit ishin t\u00eb gabuara. Leximet e sensor\u00ebve tregonin se oksigjeni prodhohej n\u00eb shtratin\u2026","rel":"","context":"In &quot;Blogu i Udh\u00ebtarit&quot;","block_context":{"text":"Blogu i Udh\u00ebtarit","link":"https:\/\/www.shqiperia.com\/blog\/category\/blogu-i-udhetarit\/"},"img":{"alt_text":"","src":"https:\/\/i0.wp.com\/www.shqiperia.com\/blog\/wp-content\/uploads\/2024\/07\/IMG_9160.png?fit=640%2C361&ssl=1&resize=350%2C200","width":350,"height":200,"srcset":"https:\/\/i0.wp.com\/www.shqiperia.com\/blog\/wp-content\/uploads\/2024\/07\/IMG_9160.png?fit=640%2C361&ssl=1&resize=350%2C200 1x, https:\/\/i0.wp.com\/www.shqiperia.com\/blog\/wp-content\/uploads\/2024\/07\/IMG_9160.png?fit=640%2C361&ssl=1&resize=525%2C300 1.5x"},"classes":[]},{"id":89946,"url":"https:\/\/www.shqiperia.com\/blog\/alieni-i-thellesive-kapet-gjallesa-misterioze-ne-brigjet-ruse\/","url_meta":{"origin":94404,"position":1},"title":"\u201cAlieni i thell\u00ebsive\u201d, kapet gjallesa \u201cmisterioze\u201d n\u00eb brigjet ruse","author":"Kurt Farka","date":"February 27, 2025","format":false,"excerpt":"27 Shkurt 2025 Nj\u00eb peshkatar n\u00eb Rusi ka kapur nj\u00eb gjalles\u00eb me pamje t\u00eb frikshme, me pamjen e nj\u00eb alieni. Me nj\u00eb trup t\u00eb madh dhe t\u00eb fryr\u00eb q\u00eb duket si nj\u00eb tru, syt\u00eb e vogj\u00ebl dhe goj\u00eb e hapur, ky peshk i ngjan nj\u00eb qenieje nga nj\u00eb planet tjet\u00ebr.\u2026","rel":"","context":"In &quot;Blogu i Udh\u00ebtarit&quot;","block_context":{"text":"Blogu i Udh\u00ebtarit","link":"https:\/\/www.shqiperia.com\/blog\/category\/blogu-i-udhetarit\/"},"img":{"alt_text":"","src":"https:\/\/i0.wp.com\/www.shqiperia.com\/blog\/wp-content\/uploads\/2025\/02\/0-500-1740587893x95606615-14438609-image-a-28-174-681.jpg?fit=500%2C344&ssl=1&resize=350%2C200","width":350,"height":200},"classes":[]},{"id":65791,"url":"https:\/\/www.shqiperia.com\/blog\/studiuesit-fotografojne-nje-kandil-deti-gjikand-tentakulat-e-tij-jane-rreth-10-metra\/","url_meta":{"origin":94404,"position":2},"title":"Studiuesit fotografojn\u00eb nj\u00eb kandil deti gjikand. &#8211; Tentakulat e tij jan\u00eb rreth 10 metra","author":"Kurt Farka","date":"December 29, 2022","format":false,"excerpt":"29 Dhjetor 2022 Pamje spektakolare nga thell\u00ebsit\u00eb e oqeanit kan\u00eb dal\u00eb n\u00eb drit\u00eb me nj\u00eb kandil deti t\u00eb rrall\u00eb \u201cfantazm\u00eb\u201d 10 metra t\u00eb gjat\u00eb q\u00eb \u00ebsht\u00eb \u201ckapur\u201d nga lentet e studiuesve n\u00eb uj\u00ebrat e Gjirit Monterey, Kaliforni, n\u00eb Oqeanin Paq\u00ebsor. Tentakulat e gjata t\u00eb kandilit t\u00eb detit gjigant \u201cfantazm\u00eb\u201d, t\u00eb\u2026","rel":"","context":"In &quot;Blogu i Udh\u00ebtarit&quot;","block_context":{"text":"Blogu i Udh\u00ebtarit","link":"https:\/\/www.shqiperia.com\/blog\/category\/blogu-i-udhetarit\/"},"img":{"alt_text":"","src":"https:\/\/i0.wp.com\/www.shqiperia.com\/blog\/wp-content\/uploads\/2022\/12\/kandili995555.jpg?fit=1161%2C607&ssl=1&resize=350%2C200","width":350,"height":200,"srcset":"https:\/\/i0.wp.com\/www.shqiperia.com\/blog\/wp-content\/uploads\/2022\/12\/kandili995555.jpg?fit=1161%2C607&ssl=1&resize=350%2C200 1x, https:\/\/i0.wp.com\/www.shqiperia.com\/blog\/wp-content\/uploads\/2022\/12\/kandili995555.jpg?fit=1161%2C607&ssl=1&resize=525%2C300 1.5x, https:\/\/i0.wp.com\/www.shqiperia.com\/blog\/wp-content\/uploads\/2022\/12\/kandili995555.jpg?fit=1161%2C607&ssl=1&resize=700%2C400 2x, https:\/\/i0.wp.com\/www.shqiperia.com\/blog\/wp-content\/uploads\/2022\/12\/kandili995555.jpg?fit=1161%2C607&ssl=1&resize=1050%2C600 3x"},"classes":[]},{"id":84022,"url":"https:\/\/www.shqiperia.com\/blog\/titaniku-po-humbet-po-shperbehet\/","url_meta":{"origin":94404,"position":3},"title":"Titaniku po humbet, po shp\u00ebrb\u00ebhet.","author":"Kurt Farka","date":"September 3, 2024","format":false,"excerpt":"3 Shtator 2024 Titaniku po kalbet n\u00eb m\u00ebnyr\u00eb t\u00eb pashmangshme n\u00eb fundin e oqeanit. Kjo b\u00ebhet e ditur nga kompania RMS Titanic, sipas t\u00eb cil\u00ebs pas 112 vjet\u00ebsh n\u00eb fund t\u00eb Atlantikut t\u00eb Veriut, mjedisi armiq\u00ebsor i oqeanit, po shp\u00ebrb\u00ebn Titanikun. Prishja \u00ebsht\u00eb ve\u00e7an\u00ebrisht e dukshme n\u00eb harkun ikonik t\u00eb\u2026","rel":"","context":"In &quot;Arte&quot;","block_context":{"text":"Arte","link":"https:\/\/www.shqiperia.com\/blog\/category\/arte\/"},"img":{"alt_text":"","src":"https:\/\/i0.wp.com\/www.shqiperia.com\/blog\/wp-content\/uploads\/2024\/09\/366e8c84936970e58313ddbf2ae91c5e8959188b-770x433-1.jpg?fit=770%2C433&ssl=1&resize=350%2C200","width":350,"height":200,"srcset":"https:\/\/i0.wp.com\/www.shqiperia.com\/blog\/wp-content\/uploads\/2024\/09\/366e8c84936970e58313ddbf2ae91c5e8959188b-770x433-1.jpg?fit=770%2C433&ssl=1&resize=350%2C200 1x, https:\/\/i0.wp.com\/www.shqiperia.com\/blog\/wp-content\/uploads\/2024\/09\/366e8c84936970e58313ddbf2ae91c5e8959188b-770x433-1.jpg?fit=770%2C433&ssl=1&resize=525%2C300 1.5x, https:\/\/i0.wp.com\/www.shqiperia.com\/blog\/wp-content\/uploads\/2024\/09\/366e8c84936970e58313ddbf2ae91c5e8959188b-770x433-1.jpg?fit=770%2C433&ssl=1&resize=700%2C400 2x"},"classes":[]},{"id":87347,"url":"https:\/\/www.shqiperia.com\/blog\/monoliti-i-frikshem-natyror-i-oqeanit-paqesor-qe-pak-besojne-per-te-vertete\/","url_meta":{"origin":94404,"position":4},"title":"Monoliti i friksh\u00ebm natyror i oqeanit Paq\u00ebsor, q\u00eb pak besojn\u00eb p\u00ebr t\u00eb v\u00ebrtet\u00eb","author":"Kurt Farka","date":"December 13, 2024","format":false,"excerpt":"13 Dhjetor 2024 Megjithse duket si nj\u00eb montazh fotografik, ky shk\u00ebmb i mpreht\u00eb e i friksh\u00ebm n\u00eb mes t\u00eb oqeanit Paq\u00ebsor \u00ebsht\u00eb n\u00eb fakt i v\u00ebrtet\u00eb. Ai quhet \u201cBall\u2019s Pyramid\u201d (Piramida e Topit) dhe gjendet n\u00eb uj\u00ebrat n\u00eb lindje t\u00eb Australis\u00eb i zbuluar nga evropiani i par\u00eb n\u00eb vitin 1788.\u2026","rel":"","context":"In &quot;Blogu i Udh\u00ebtarit&quot;","block_context":{"text":"Blogu i Udh\u00ebtarit","link":"https:\/\/www.shqiperia.com\/blog\/category\/blogu-i-udhetarit\/"},"img":{"alt_text":"","src":"https:\/\/i0.wp.com\/www.shqiperia.com\/blog\/wp-content\/uploads\/2024\/12\/640-0-ef0696bfc9403ac51cb9794ae7768f02.png?fit=640%2C435&ssl=1&resize=350%2C200","width":350,"height":200,"srcset":"https:\/\/i0.wp.com\/www.shqiperia.com\/blog\/wp-content\/uploads\/2024\/12\/640-0-ef0696bfc9403ac51cb9794ae7768f02.png?fit=640%2C435&ssl=1&resize=350%2C200 1x, https:\/\/i0.wp.com\/www.shqiperia.com\/blog\/wp-content\/uploads\/2024\/12\/640-0-ef0696bfc9403ac51cb9794ae7768f02.png?fit=640%2C435&ssl=1&resize=525%2C300 1.5x"},"classes":[]},{"id":63315,"url":"https:\/\/www.shqiperia.com\/blog\/gropa-mariana-cfare-gjendet-ne-piken-me-te-thelle-oqeanike-te-botes\/","url_meta":{"origin":94404,"position":5},"title":"Gropa Mariana: &#8211; \u00c7far\u00eb gjendet n\u00eb pik\u00ebn m\u00eb t\u00eb thell\u00eb oqeanike t\u00eb bot\u00ebs?","author":"Kurt Farka","date":"October 15, 2022","format":false,"excerpt":"14 Tetor 2022 Gropa Mariana \u00ebsht\u00eb pika me e thell\u00eb oqeanike n\u00eb planet. Kanali n\u00eb form\u00ebn e gjysm\u00ebh\u00ebnesndodhet n\u00eb Paq\u00ebsorin Per\u00ebndimor, n\u00eb lindje t\u00eb ishujve Mariana pran\u00eb Guamit. Rajoni q\u00eb rrethon k\u00ebt\u00eb grop\u00eb \u00ebsht\u00eb i r\u00ebnd\u00ebsish\u00ebm p\u00ebr shkak t\u00eb shum\u00eb mjediseve unike, p\u00ebrfshir\u00eb vrimat q\u00eb nxjerrin squfur t\u00eb l\u00ebngsh\u00ebm dhe\u2026","rel":"","context":"In &quot;Blogu i Udh\u00ebtarit&quot;","block_context":{"text":"Blogu i Udh\u00ebtarit","link":"https:\/\/www.shqiperia.com\/blog\/category\/blogu-i-udhetarit\/"},"img":{"alt_text":"","src":"https:\/\/i0.wp.com\/www.shqiperia.com\/blog\/wp-content\/uploads\/2022\/10\/8F24556D-9A03-499B-BB41-6CE51B472E53-770x426-1.jpeg?fit=770%2C426&ssl=1&resize=350%2C200","width":350,"height":200,"srcset":"https:\/\/i0.wp.com\/www.shqiperia.com\/blog\/wp-content\/uploads\/2022\/10\/8F24556D-9A03-499B-BB41-6CE51B472E53-770x426-1.jpeg?fit=770%2C426&ssl=1&resize=350%2C200 1x, https:\/\/i0.wp.com\/www.shqiperia.com\/blog\/wp-content\/uploads\/2022\/10\/8F24556D-9A03-499B-BB41-6CE51B472E53-770x426-1.jpeg?fit=770%2C426&ssl=1&resize=525%2C300 1.5x, https:\/\/i0.wp.com\/www.shqiperia.com\/blog\/wp-content\/uploads\/2022\/10\/8F24556D-9A03-499B-BB41-6CE51B472E53-770x426-1.jpeg?fit=770%2C426&ssl=1&resize=700%2C400 2x"},"classes":[]}],"_links":{"self":[{"href":"https:\/\/www.shqiperia.com\/blog\/wp-json\/wp\/v2\/posts\/94404","targetHints":{"allow":["GET"]}}],"collection":[{"href":"https:\/\/www.shqiperia.com\/blog\/wp-json\/wp\/v2\/posts"}],"about":[{"href":"https:\/\/www.shqiperia.com\/blog\/wp-json\/wp\/v2\/types\/post"}],"author":[{"embeddable":true,"href":"https:\/\/www.shqiperia.com\/blog\/wp-json\/wp\/v2\/users\/9"}],"replies":[{"embeddable":true,"href":"https:\/\/www.shqiperia.com\/blog\/wp-json\/wp\/v2\/comments?post=94404"}],"version-history":[{"count":1,"href":"https:\/\/www.shqiperia.com\/blog\/wp-json\/wp\/v2\/posts\/94404\/revisions"}],"predecessor-version":[{"id":94407,"href":"https:\/\/www.shqiperia.com\/blog\/wp-json\/wp\/v2\/posts\/94404\/revisions\/94407"}],"wp:featuredmedia":[{"embeddable":true,"href":"https:\/\/www.shqiperia.com\/blog\/wp-json\/wp\/v2\/media\/94405"}],"wp:attachment":[{"href":"https:\/\/www.shqiperia.com\/blog\/wp-json\/wp\/v2\/media?parent=94404"}],"wp:term":[{"taxonomy":"category","embeddable":true,"href":"https:\/\/www.shqiperia.com\/blog\/wp-json\/wp\/v2\/categories?post=94404"},{"taxonomy":"post_tag","embeddable":true,"href":"https:\/\/www.shqiperia.com\/blog\/wp-json\/wp\/v2\/tags?post=94404"}],"curies":[{"name":"wp","href":"https:\/\/api.w.org\/{rel}","templated":true}]}}