{"id":94401,"date":"2025-10-26T18:59:11","date_gmt":"2025-10-26T18:59:11","guid":{"rendered":"https:\/\/www.shqiperia.com\/blog\/?p=94401"},"modified":"2025-10-26T18:59:11","modified_gmt":"2025-10-26T18:59:11","slug":"vijat-e-verdha-ne-gaza-rrezikojne-te-shnderrohen-ne-kufij-te-perhershem","status":"publish","type":"post","link":"https:\/\/www.shqiperia.com\/blog\/vijat-e-verdha-ne-gaza-rrezikojne-te-shnderrohen-ne-kufij-te-perhershem\/","title":{"rendered":"Vijat e verdha n\u00eb Gaza rrezikojn\u00eb t\u00eb shnd\u00ebrrohen n\u00eb kufij t\u00eb p\u00ebrhersh\u00ebm"},"content":{"rendered":"<p><img data-recalc-dims=\"1\" loading=\"lazy\" decoding=\"async\" data-attachment-id=\"94402\" data-permalink=\"https:\/\/www.shqiperia.com\/blog\/vijat-e-verdha-ne-gaza-rrezikojne-te-shnderrohen-ne-kufij-te-perhershem\/screenshot_1-15-1024x800\/\" data-orig-file=\"https:\/\/i0.wp.com\/www.shqiperia.com\/blog\/wp-content\/uploads\/2025\/10\/Screenshot_1-15-1024x800-1.jpg?fit=1024%2C800&amp;ssl=1\" data-orig-size=\"1024,800\" data-comments-opened=\"1\" data-image-meta=\"{&quot;aperture&quot;:&quot;0&quot;,&quot;credit&quot;:&quot;&quot;,&quot;camera&quot;:&quot;&quot;,&quot;caption&quot;:&quot;&quot;,&quot;created_timestamp&quot;:&quot;0&quot;,&quot;copyright&quot;:&quot;&quot;,&quot;focal_length&quot;:&quot;0&quot;,&quot;iso&quot;:&quot;0&quot;,&quot;shutter_speed&quot;:&quot;0&quot;,&quot;title&quot;:&quot;&quot;,&quot;orientation&quot;:&quot;0&quot;}\" data-image-title=\"Screenshot_1-15-1024&#215;800\" data-image-description=\"\" data-image-caption=\"\" data-medium-file=\"https:\/\/i0.wp.com\/www.shqiperia.com\/blog\/wp-content\/uploads\/2025\/10\/Screenshot_1-15-1024x800-1.jpg?fit=300%2C234&amp;ssl=1\" data-large-file=\"https:\/\/i0.wp.com\/www.shqiperia.com\/blog\/wp-content\/uploads\/2025\/10\/Screenshot_1-15-1024x800-1.jpg?fit=1024%2C800&amp;ssl=1\" class=\"alignnone  wp-image-94402\" alt=\"\" src=\"https:\/\/i0.wp.com\/www.shqiperia.com\/blog\/wp-content\/uploads\/2025\/10\/Screenshot_1-15-1024x800-1.jpg?resize=541%2C422&#038;ssl=1\" width=\"541\" height=\"422\" srcset=\"https:\/\/i0.wp.com\/www.shqiperia.com\/blog\/wp-content\/uploads\/2025\/10\/Screenshot_1-15-1024x800-1.jpg?resize=300%2C234&amp;ssl=1 300w, https:\/\/i0.wp.com\/www.shqiperia.com\/blog\/wp-content\/uploads\/2025\/10\/Screenshot_1-15-1024x800-1.jpg?resize=768%2C600&amp;ssl=1 768w, https:\/\/i0.wp.com\/www.shqiperia.com\/blog\/wp-content\/uploads\/2025\/10\/Screenshot_1-15-1024x800-1.jpg?resize=450%2C352&amp;ssl=1 450w, https:\/\/i0.wp.com\/www.shqiperia.com\/blog\/wp-content\/uploads\/2025\/10\/Screenshot_1-15-1024x800-1.jpg?resize=600%2C469&amp;ssl=1 600w, https:\/\/i0.wp.com\/www.shqiperia.com\/blog\/wp-content\/uploads\/2025\/10\/Screenshot_1-15-1024x800-1.jpg?resize=400%2C313&amp;ssl=1 400w, https:\/\/i0.wp.com\/www.shqiperia.com\/blog\/wp-content\/uploads\/2025\/10\/Screenshot_1-15-1024x800-1.jpg?w=1024&amp;ssl=1 1024w\" sizes=\"auto, (max-width: 541px) 100vw, 541px\" \/><\/p>\n<p>26 Tetor 2025<\/p>\n<p>Nj\u00eb vij\u00eb e verdh\u00eb, e vendosur fillimisht si shenj\u00eb e p\u00ebrkohshme e arm\u00ebpushimit n\u00eb Rripin e Gaz\u00ebs, po merr gjithnj\u00eb e m\u00eb shum\u00eb form\u00ebn e nj\u00eb kufiri t\u00eb ri de facto, nd\u00ebrsa procesi i paqes mbetet i bllokuar dhe tensionet n\u00eb terren vazhdojn\u00eb t\u00eb rriten.<\/p>\n<p>Si\u00e7 p\u00ebrshkruan<span>\u00a0<\/span><a href=\"https:\/\/www.theguardian.com\/world\/2025\/oct\/26\/fears-gaza-temporary-ceasefire-line-could-become-permanent-new-border\">The Guardian<\/a>, forcat e mbrojtjes izraelite (IDF) kan\u00eb nisur vendosjen e blloqeve t\u00eb betonit ngjyr\u00eb t\u00eb verdh\u00eb \u00e7do 200 metra p\u00ebr t\u00eb sh\u00ebnuar zonat q\u00eb mbeten n\u00ebn kontrollin e tyre gjat\u00eb faz\u00ebs s\u00eb par\u00eb t\u00eb arm\u00ebpushimit.<\/p>\n<p>Banor\u00ebt p\u00ebrshkruajn\u00eb situat\u00ebn si \u201cnj\u00eb luft\u00eb q\u00eb s\u2019ka mbaruar kurr\u00eb\u201d.<\/p>\n<p>\u201c<em>Sa her\u00eb afrohemi pran\u00eb sht\u00ebpive tona, fillon t\u00eb q\u00ebllohet nga \u00e7do drejtim\u201d,<\/em><span>\u00a0<\/span>rr\u00ebfen Mohammad Khaled Abu al-Hussain, 31 vje\u00e7, baba i pes\u00eb f\u00ebmij\u00ebve nga al-Qarara, nj\u00eb zon\u00eb n\u00eb kufi me vij\u00ebn e verdh\u00eb.<\/p>\n<p><em>\u201cNuk mund t\u00eb kthehem n\u00eb sht\u00ebpi. \u00c7\u2019kuptim ka arm\u00ebpushimi, n\u00ebse nuk mund t\u00eb kthehemi?<\/em>\u201c<\/p>\n<p>Banor\u00eb t\u00eb tjer\u00eb ndajn\u00eb t\u00eb nj\u00ebjtin ankth, frik\u00ebn se kjo vij\u00eb e p\u00ebrkohshme mund t\u00eb mbetet p\u00ebrgjithmon\u00eb.<\/p>\n<p><em>\u201cM\u00eb shum\u00eb se lufta, m\u00eb tremb ideja se kjo vij\u00eb do t\u00eb mbetet aty p\u00ebrgjithmon\u00eb\u201d<\/em>, thot\u00eb Abu al-Hussain.<\/p>\n<p><strong>Nj\u00eb arm\u00ebpushim n\u00eb em\u00ebr, por jo n\u00eb praktik\u00eb<\/strong><\/p>\n<p>Megjith\u00ebse arm\u00ebpushimi i nd\u00ebrmjet\u00ebsuar nga SHBA-t\u00eb hyri n\u00eb fuqi m\u00eb 10 tetor, mbi 20 palestinez\u00eb po vriten \u00e7do dit\u00eb, shum\u00eb prej tyre pran\u00eb vij\u00ebs s\u00eb verdh\u00eb. Si pasoj\u00eb, vet\u00ebm pak t\u00eb zhvendosur kan\u00eb guxuar t\u00eb rikthehen n\u00eb zonat n\u00ebn kontrollin izraelit.<\/p>\n<p>Ministri i Mbrojtjes i Izraelit, Israel Katz, ka urdh\u00ebruar nj\u00eb politik\u00eb \u201c<em>zjarri t\u00eb lir\u00eb<\/em>\u201d p\u00ebrgjat\u00eb vij\u00ebs, pas nj\u00eb sulmi n\u00eb Rafah m\u00eb 19 tetor ku mbet\u00ebn t\u00eb vrar\u00eb dy ushtar\u00eb izraelit\u00eb.<\/p>\n<p>N\u00eb k\u00ebt\u00eb ng\u00ebr\u00e7 politik, Izraeli vazhdon t\u00eb forcoj\u00eb prani t\u00eb p\u00ebrhershme n\u00eb terren. N\u00eb media izraelite, vija po p\u00ebrshkruhet gjithnj\u00eb e m\u00eb shum\u00eb si<em><span>\u00a0<\/span>\u201cnj\u00eb kufi i ri<\/em>\u201d. Sipas gazet\u00ebs Yedioth Ahronoth, kjo vij\u00eb mund t\u00eb evoluoj\u00eb n\u00eb \u201cnj\u00eb barrier\u00eb t\u00eb sofistikuar q\u00eb do t\u00eb zvog\u00ebloj\u00eb Rripin e Gaz\u00ebs dhe do t\u00eb hap\u00eb rrug\u00ebn p\u00ebr nd\u00ebrtimin e vendbanimeve izraelite\u201d.<\/p>\n<p><strong>Kritik\u00eb ndaj \u201caneksimit n\u00eb heshtje\u201d<\/strong><\/p>\n<p>Jeremy Konyndyk, president i organizat\u00ebs Refugees International, e cil\u00ebson zhvillimin si \u201cnj\u00eb aneksim t\u00eb ngadalt\u00eb dhe faktik t\u00eb Gaz\u00ebs\u201d.<\/p>\n<p>Nj\u00eb analiz\u00eb satelitore e BBC zbuloi se shenjuesit e rinj t\u00eb vendosur nga IDF jan\u00eb disa qindra metra p\u00ebrtej vij\u00ebs s\u00eb parashikuar n\u00eb marr\u00ebveshjen e arm\u00ebpushimit, nj\u00eb l\u00ebvizje q\u00eb p\u00ebrfaq\u00ebson nj\u00eb zgjerim t\u00eb m\u00ebtejsh\u00ebm territorial.<\/p>\n<p>Zyrtar\u00ebt izraelit\u00eb kan\u00eb refuzuar t\u00eb komentojn\u00eb mbi raportin e BBC-s\u00eb, duke th\u00ebn\u00eb vet\u00ebm se puna p\u00ebr nd\u00ebrtimin e barrier\u00ebs po vazhdon<span>\u00a0<\/span><em>\u201cp\u00ebr t\u00eb krijuar qart\u00ebsi taktike n\u00eb terren\u201d.<\/em><\/p>\n<p><strong>Nj\u00eb ndarje gjithnj\u00eb e m\u00eb e dukshme<\/strong><\/p>\n<p>N\u00eb terren, ndarja e Gaz\u00ebs po b\u00ebhet \u00e7do dit\u00eb m\u00eb e prekshme. Pjesa m\u00eb e madhe e popullsis\u00eb, rreth 2.1 milion\u00eb banor\u00eb, \u00ebsht\u00eb e p\u00ebrqendruar tani n\u00eb gjysm\u00ebn per\u00ebndimore t\u00eb territorit, mes rr\u00ebnojave t\u00eb mbetura pas dy vitesh bombardimesh intensive.<\/p>\n<p><em>\u201cUshtria izraelite ka ngritur vin\u00e7a, kullime vrojtimi dhe tanke\u201d,<\/em><span>\u00a0<\/span>thot\u00eb Ayman Abu Mandeel, 58 vje\u00e7, nga al-Qarara.<\/p>\n<p><em>\u201cKushdo q\u00eb afrohet, q\u00ebllohet menj\u00ebher\u00eb. Si mund t\u00eb flasim p\u00ebr paqe, kur nuk mund t\u00eb afrohemi as n\u00eb tok\u00ebn ton\u00eb?\u201d<\/em><\/p>\n<p>Ekspert\u00ebt paralajm\u00ebrojn\u00eb se kjo ndarje mund t\u00eb jet\u00eb vet\u00ebm fillimi.<\/p>\n<p><em>\u201c\u00c7do gj\u00eb \u2018e p\u00ebrkohshme\u2019 n\u00eb territoret palestineze t\u00eb okupuara ka prirjen t\u00eb b\u00ebhet e p\u00ebrhershme\u201d,<\/em><span>\u00a0<\/span>thekson Rohan Talbot, drejtor i organizat\u00ebs Medical Aid for Palestinians, duke e cil\u00ebsuar marr\u00ebveshjen aktuale si<span>\u00a0<\/span><em>\u201cjasht\u00ebzakonisht t\u00eb paqart\u00eb\u201d<\/em>.<\/p>\n<p>N\u00eb terren, kjo paqart\u00ebsi ka prodhuar nj\u00eb realitet t\u00eb ri. Gaza \u00ebsht\u00eb ndar\u00eb n\u00eb dy pjes\u00eb, shpresa p\u00ebr kthim po zbehet, dhe arm\u00ebpushimi po duket gjithnj\u00eb e m\u00eb shum\u00eb si nj\u00eb ndales\u00eb e p\u00ebrkohshme drejt nj\u00eb ndarjeje t\u00eb p\u00ebrhershme.<\/p>\n","protected":false},"excerpt":{"rendered":"<p>26 Tetor 2025 Nj\u00eb vij\u00eb e verdh\u00eb, e vendosur fillimisht si shenj\u00eb e p\u00ebrkohshme e arm\u00ebpushimit n\u00eb Rripin e Gaz\u00ebs, po merr gjithnj\u00eb e m\u00eb shum\u00eb form\u00ebn e nj\u00eb kufiri t\u00eb ri de facto, nd\u00ebrsa procesi i paqes mbetet i bllokuar dhe tensionet n\u00eb terren vazhdojn\u00eb t\u00eb rriten. Si\u00e7 p\u00ebrshkruan\u00a0The Guardian, forcat e mbrojtjes izraelite [&hellip;]<\/p>\n","protected":false},"author":9,"featured_media":94402,"comment_status":"open","ping_status":"open","sticky":false,"template":"","format":"standard","meta":{"jetpack_post_was_ever_published":false,"_jetpack_newsletter_access":"","_jetpack_dont_email_post_to_subs":false,"_jetpack_newsletter_tier_id":0,"_jetpack_memberships_contains_paywalled_content":false,"_jetpack_memberships_contains_paid_content":false,"footnotes":"","jetpack_publicize_message":"","jetpack_publicize_feature_enabled":true,"jetpack_social_post_already_shared":true,"jetpack_social_options":{"image_generator_settings":{"template":"highway","default_image_id":0,"font":"","enabled":false},"version":2}},"categories":[27,1,2],"tags":[],"class_list":["post-94401","post","type-post","status-publish","format-standard","has-post-thumbnail","hentry","category-blogu-i-udhetarit","category-njoftime-shtypi","category-politika"],"jetpack_publicize_connections":[],"jetpack_featured_media_url":"https:\/\/i0.wp.com\/www.shqiperia.com\/blog\/wp-content\/uploads\/2025\/10\/Screenshot_1-15-1024x800-1.jpg?fit=1024%2C800&ssl=1","jetpack_sharing_enabled":true,"jetpack_shortlink":"https:\/\/wp.me\/p5Z6wp-oyB","jetpack-related-posts":[{"id":94825,"url":"https:\/\/www.shqiperia.com\/blog\/luftetaret-e-hamasit-te-bllokuar-ne-tunele-pengese-e-re-per-armepushimin-ne-gaza\/","url_meta":{"origin":94401,"position":0},"title":"Luft\u00ebtar\u00ebt e Hamasit t\u00eb bllokuar n\u00eb tunele, penges\u00eb e re p\u00ebr arm\u00ebpushimin n\u00eb Gaza?","author":"Kurt Farka","date":"November 12, 2025","format":false,"excerpt":"12 Nentor 2025 P\u00ebrpjekjet p\u00ebr arritjen e nj\u00eb faze t\u00eb re t\u00eb arm\u00ebpushimit n\u00eb Gaza po p\u00ebrballen me nj\u00eb penges\u00eb t\u00eb re, pasi dhjet\u00ebra luft\u00ebtar\u00eb t\u00eb Hamasit besohet se jan\u00eb bllokuar n\u00eb tunele n\u00ebn qytetin Rafah. I d\u00ebrguari i posa\u00e7\u00ebm i SHBA-s\u00eb, Jared Kushner, u kthye n\u00eb Izrael t\u00eb h\u00ebn\u00ebn\u2026","rel":"","context":"In &quot;Blogu i Udh\u00ebtarit&quot;","block_context":{"text":"Blogu i Udh\u00ebtarit","link":"https:\/\/www.shqiperia.com\/blog\/category\/blogu-i-udhetarit\/"},"img":{"alt_text":"","src":"https:\/\/i0.wp.com\/www.shqiperia.com\/blog\/wp-content\/uploads\/2025\/11\/Hamas1.png?fit=875%2C611&ssl=1&resize=350%2C200","width":350,"height":200,"srcset":"https:\/\/i0.wp.com\/www.shqiperia.com\/blog\/wp-content\/uploads\/2025\/11\/Hamas1.png?fit=875%2C611&ssl=1&resize=350%2C200 1x, https:\/\/i0.wp.com\/www.shqiperia.com\/blog\/wp-content\/uploads\/2025\/11\/Hamas1.png?fit=875%2C611&ssl=1&resize=525%2C300 1.5x, https:\/\/i0.wp.com\/www.shqiperia.com\/blog\/wp-content\/uploads\/2025\/11\/Hamas1.png?fit=875%2C611&ssl=1&resize=700%2C400 2x"},"classes":[]},{"id":94465,"url":"https:\/\/www.shqiperia.com\/blog\/izraeli-vret-mbi-100-njerez-ne-gaza-por-kembengul-ende-se-e-mbeshtet-armepushimin\/","url_meta":{"origin":94401,"position":1},"title":"Izraeli vret mbi 100 njer\u00ebz n\u00eb Gaza, por k\u00ebmb\u00ebngul ende se e mb\u00ebshtet arm\u00ebpushimin","author":"Kurt Farka","date":"October 30, 2025","format":false,"excerpt":"30 Tetor 2025 Izraeli ka njoftuar k\u00ebt\u00eb t\u00eb m\u00ebrkur\u00eb, m\u00eb 29 tetor, se mbetet i angazhuar p\u00ebr arm\u00ebpushimin e mb\u00ebshtetur nga SHBA-t\u00eb, pavar\u00ebsisht se goditi enklav\u00ebn n\u00eb shenj\u00eb hakmarrjeje p\u00ebr vdekjen e nj\u00eb ushtari izraelit me nj\u00eb dit\u00eb bombardimesh q\u00eb autoritetet sh\u00ebndet\u00ebsore t\u00eb Gaz\u00ebs than\u00eb se kan\u00eb vrar\u00eb 104 persona.\u2026","rel":"","context":"In &quot;Blogu i Udh\u00ebtarit&quot;","block_context":{"text":"Blogu i Udh\u00ebtarit","link":"https:\/\/www.shqiperia.com\/blog\/category\/blogu-i-udhetarit\/"},"img":{"alt_text":"","src":"https:\/\/i0.wp.com\/www.shqiperia.com\/blog\/wp-content\/uploads\/2025\/10\/gaza-8.jpg?fit=952%2C626&ssl=1&resize=350%2C200","width":350,"height":200,"srcset":"https:\/\/i0.wp.com\/www.shqiperia.com\/blog\/wp-content\/uploads\/2025\/10\/gaza-8.jpg?fit=952%2C626&ssl=1&resize=350%2C200 1x, https:\/\/i0.wp.com\/www.shqiperia.com\/blog\/wp-content\/uploads\/2025\/10\/gaza-8.jpg?fit=952%2C626&ssl=1&resize=525%2C300 1.5x, https:\/\/i0.wp.com\/www.shqiperia.com\/blog\/wp-content\/uploads\/2025\/10\/gaza-8.jpg?fit=952%2C626&ssl=1&resize=700%2C400 2x"},"classes":[]},{"id":94214,"url":"https:\/\/www.shqiperia.com\/blog\/si-mund-te-funksionoje-terheqja-e-trupave-izraelite-nga-gaza\/","url_meta":{"origin":94401,"position":2},"title":"Si mund t\u00eb funksionoj\u00eb t\u00ebrheqja e trupave izraelite nga Gaza","author":"Kurt Farka","date":"October 11, 2025","format":false,"excerpt":"11 Tetor 2025 Forcat izraelite nuk pritet t\u00eb t\u00ebrhiqen m\u00eb tej nga Gaza p\u00ebr nj\u00eb koh\u00eb t\u00eb gjat\u00eb, sipas analistit ushtarak Michael Clarke, i cili tha se ka ende \u201cpasiguri t\u00eb madhe\u201d rreth marr\u00ebveshjes s\u00eb arm\u00ebpushimit. Duke folur n\u00eb dit\u00ebn kur arm\u00ebpushimi p\u00ebr t\u2019i dh\u00ebn\u00eb fund luft\u00ebs n\u00eb Gaza hyri\u2026","rel":"","context":"In &quot;Njoftime Shtypi&quot;","block_context":{"text":"Njoftime Shtypi","link":"https:\/\/www.shqiperia.com\/blog\/category\/njoftime-shtypi\/"},"img":{"alt_text":"","src":"https:\/\/i0.wp.com\/www.shqiperia.com\/blog\/wp-content\/uploads\/2025\/10\/lcimg-e908b938-6eeb-4b35-bcb9-2822f142e675-1.jpeg?fit=1024%2C576&ssl=1&resize=350%2C200","width":350,"height":200,"srcset":"https:\/\/i0.wp.com\/www.shqiperia.com\/blog\/wp-content\/uploads\/2025\/10\/lcimg-e908b938-6eeb-4b35-bcb9-2822f142e675-1.jpeg?fit=1024%2C576&ssl=1&resize=350%2C200 1x, https:\/\/i0.wp.com\/www.shqiperia.com\/blog\/wp-content\/uploads\/2025\/10\/lcimg-e908b938-6eeb-4b35-bcb9-2822f142e675-1.jpeg?fit=1024%2C576&ssl=1&resize=525%2C300 1.5x, https:\/\/i0.wp.com\/www.shqiperia.com\/blog\/wp-content\/uploads\/2025\/10\/lcimg-e908b938-6eeb-4b35-bcb9-2822f142e675-1.jpeg?fit=1024%2C576&ssl=1&resize=700%2C400 2x"},"classes":[]},{"id":7733,"url":"https:\/\/www.shqiperia.com\/blog\/nje-prej-vendeve-me-te-bukura-ne-bote-mali-ylber-eshte-i-rrezikuar\/","url_meta":{"origin":94401,"position":3},"title":"Nj\u00eb prej vendeve m\u00eb t\u00eb bukura n\u00eb bot\u00eb, mali Ylber \u00ebsht\u00eb i rrezikuar.-","author":"Kurt Farka","date":"May 22, 2018","format":false,"excerpt":"Nj\u00eb prej vendeve m\u00eb t\u00eb bukura n\u00eb bot\u00eb, mali Ylber \u00ebsht\u00eb i rrezikuar.- Nj\u00eb mal me ngjyra, i cili \u00ebsht\u00eb nd\u00ebr m\u00eb t\u00eb bukurit n\u00eb bot\u00eb, ndryshe quhet edhe mali Ylber dhe ndodhet n\u00eb Peru. Vizitohet nga rreth 1000 turist\u00eb t\u00eb cil\u00ebt ngjiten \u00e7do dit\u00eb n\u00eb kulmin e tij. Mali\u2026","rel":"","context":"In &quot;Blogu i Udh\u00ebtarit&quot;","block_context":{"text":"Blogu i Udh\u00ebtarit","link":"https:\/\/www.shqiperia.com\/blog\/category\/blogu-i-udhetarit\/"},"img":{"alt_text":"","src":"https:\/\/i0.wp.com\/www.shqiperia.com\/blog\/wp-content\/uploads\/2018\/05\/1525791943_maletylber.jpg?fit=780%2C440&ssl=1&resize=350%2C200","width":350,"height":200,"srcset":"https:\/\/i0.wp.com\/www.shqiperia.com\/blog\/wp-content\/uploads\/2018\/05\/1525791943_maletylber.jpg?fit=780%2C440&ssl=1&resize=350%2C200 1x, https:\/\/i0.wp.com\/www.shqiperia.com\/blog\/wp-content\/uploads\/2018\/05\/1525791943_maletylber.jpg?fit=780%2C440&ssl=1&resize=525%2C300 1.5x, https:\/\/i0.wp.com\/www.shqiperia.com\/blog\/wp-content\/uploads\/2018\/05\/1525791943_maletylber.jpg?fit=780%2C440&ssl=1&resize=700%2C400 2x"},"classes":[]},{"id":97186,"url":"https:\/\/www.shqiperia.com\/blog\/palestinezet-nen-tmerrin-e-sulmeve-vriten-12-palestineze\/","url_meta":{"origin":94401,"position":4},"title":"Palestinez\u00ebt n\u00ebn tmerrin e sulmeve. Vriten 12 palestinez\u00eb","author":"Kurt Farka","date":"January 31, 2026","format":false,"excerpt":"31 Janar 2026 T\u00eb pakt\u00ebn 12 palestinez\u00eb, gjysma e tyre f\u00ebmij\u00eb, kan\u00eb humbur jet\u00ebn n\u00eb Rripin e Gaz\u00ebs q\u00eb n\u00eb or\u00ebt e para t\u00eb m\u00ebngjesit t\u00eb s\u00eb shtun\u00ebs, 31 janar, nj\u00eb dit\u00eb para se t\u00eb rinis\u00eb pun\u00ebn pika e kalimit t\u00eb Rafah-ut. Fillimisht, nj\u00eb sulm ajror izraelit mbi nj\u00eb tend\u00eb\u2026","rel":"","context":"In &quot;Blogu i Udh\u00ebtarit&quot;","block_context":{"text":"Blogu i Udh\u00ebtarit","link":"https:\/\/www.shqiperia.com\/blog\/category\/blogu-i-udhetarit\/"},"img":{"alt_text":"","src":"https:\/\/i0.wp.com\/www.shqiperia.com\/blog\/wp-content\/uploads\/2026\/01\/image-622.webp?fit=770%2C513&ssl=1&resize=350%2C200","width":350,"height":200,"srcset":"https:\/\/i0.wp.com\/www.shqiperia.com\/blog\/wp-content\/uploads\/2026\/01\/image-622.webp?fit=770%2C513&ssl=1&resize=350%2C200 1x, https:\/\/i0.wp.com\/www.shqiperia.com\/blog\/wp-content\/uploads\/2026\/01\/image-622.webp?fit=770%2C513&ssl=1&resize=525%2C300 1.5x, https:\/\/i0.wp.com\/www.shqiperia.com\/blog\/wp-content\/uploads\/2026\/01\/image-622.webp?fit=770%2C513&ssl=1&resize=700%2C400 2x"},"classes":[]},{"id":97729,"url":"https:\/\/www.shqiperia.com\/blog\/11-te-vrare-nga-sulmet-izraelite-ne-gaza\/","url_meta":{"origin":94401,"position":5},"title":"11 t\u00eb vrar\u00eb nga sulmet izraelite n\u00eb Gaza","author":"Kurt Farka","date":"February 15, 2026","format":false,"excerpt":"15 Shkurt 2026 T\u00eb pakt\u00ebn 11 persona kan\u00eb mbetur t\u00eb vrar\u00eb nga sulmet izraelite n\u00eb Gaza m\u00ebngjesin e k\u00ebsaj t\u00eb diele. K\u00ebshtu kan\u00eb njoftuar zyrtar\u00ebt e mbrojtjes civile dhe t\u00eb sh\u00ebndet\u00ebsis\u00eb palestineze. Forcat e Mbrojtjes s\u00eb Izraelit (IDF) than\u00eb se kishin goditur objektiva terroriste n\u00eb p\u00ebrgjigje t\u00eb shkeljeve t\u00eb arm\u00ebpushimit\u2026","rel":"","context":"In &quot;Blogu i Udh\u00ebtarit&quot;","block_context":{"text":"Blogu i Udh\u00ebtarit","link":"https:\/\/www.shqiperia.com\/blog\/category\/blogu-i-udhetarit\/"},"img":{"alt_text":"","src":"https:\/\/i0.wp.com\/www.shqiperia.com\/blog\/wp-content\/uploads\/2026\/02\/AA-20251211-39955610-39955576-PALESTINIANS_STRUGGLE_TO_LIVE_DURING_SEVERE_WEATHER_CONDITIONS_AMID_ISRAELI_ATTACKS-1765523776.webp?fit=770%2C513&ssl=1&resize=350%2C200","width":350,"height":200,"srcset":"https:\/\/i0.wp.com\/www.shqiperia.com\/blog\/wp-content\/uploads\/2026\/02\/AA-20251211-39955610-39955576-PALESTINIANS_STRUGGLE_TO_LIVE_DURING_SEVERE_WEATHER_CONDITIONS_AMID_ISRAELI_ATTACKS-1765523776.webp?fit=770%2C513&ssl=1&resize=350%2C200 1x, https:\/\/i0.wp.com\/www.shqiperia.com\/blog\/wp-content\/uploads\/2026\/02\/AA-20251211-39955610-39955576-PALESTINIANS_STRUGGLE_TO_LIVE_DURING_SEVERE_WEATHER_CONDITIONS_AMID_ISRAELI_ATTACKS-1765523776.webp?fit=770%2C513&ssl=1&resize=525%2C300 1.5x, https:\/\/i0.wp.com\/www.shqiperia.com\/blog\/wp-content\/uploads\/2026\/02\/AA-20251211-39955610-39955576-PALESTINIANS_STRUGGLE_TO_LIVE_DURING_SEVERE_WEATHER_CONDITIONS_AMID_ISRAELI_ATTACKS-1765523776.webp?fit=770%2C513&ssl=1&resize=700%2C400 2x"},"classes":[]}],"_links":{"self":[{"href":"https:\/\/www.shqiperia.com\/blog\/wp-json\/wp\/v2\/posts\/94401","targetHints":{"allow":["GET"]}}],"collection":[{"href":"https:\/\/www.shqiperia.com\/blog\/wp-json\/wp\/v2\/posts"}],"about":[{"href":"https:\/\/www.shqiperia.com\/blog\/wp-json\/wp\/v2\/types\/post"}],"author":[{"embeddable":true,"href":"https:\/\/www.shqiperia.com\/blog\/wp-json\/wp\/v2\/users\/9"}],"replies":[{"embeddable":true,"href":"https:\/\/www.shqiperia.com\/blog\/wp-json\/wp\/v2\/comments?post=94401"}],"version-history":[{"count":1,"href":"https:\/\/www.shqiperia.com\/blog\/wp-json\/wp\/v2\/posts\/94401\/revisions"}],"predecessor-version":[{"id":94403,"href":"https:\/\/www.shqiperia.com\/blog\/wp-json\/wp\/v2\/posts\/94401\/revisions\/94403"}],"wp:featuredmedia":[{"embeddable":true,"href":"https:\/\/www.shqiperia.com\/blog\/wp-json\/wp\/v2\/media\/94402"}],"wp:attachment":[{"href":"https:\/\/www.shqiperia.com\/blog\/wp-json\/wp\/v2\/media?parent=94401"}],"wp:term":[{"taxonomy":"category","embeddable":true,"href":"https:\/\/www.shqiperia.com\/blog\/wp-json\/wp\/v2\/categories?post=94401"},{"taxonomy":"post_tag","embeddable":true,"href":"https:\/\/www.shqiperia.com\/blog\/wp-json\/wp\/v2\/tags?post=94401"}],"curies":[{"name":"wp","href":"https:\/\/api.w.org\/{rel}","templated":true}]}}