{"id":94398,"date":"2025-10-26T18:55:55","date_gmt":"2025-10-26T18:55:55","guid":{"rendered":"https:\/\/www.shqiperia.com\/blog\/?p=94398"},"modified":"2025-10-26T18:55:55","modified_gmt":"2025-10-26T18:55:55","slug":"fshati-i-10-mije-ton-patateve-stebleva-prodhon-pataten-me-te-kerkuar-por-cmimi-i-shitjes-eshte-i-ulet","status":"publish","type":"post","link":"https:\/\/www.shqiperia.com\/blog\/fshati-i-10-mije-ton-patateve-stebleva-prodhon-pataten-me-te-kerkuar-por-cmimi-i-shitjes-eshte-i-ulet\/","title":{"rendered":"Fshati i 10 mij\u00eb ton patateve, St\u00ebbleva prodhon pataten m\u00eb t\u00eb k\u00ebrkuar, por \u00e7mimi i shitjes \u00ebsht\u00eb i ul\u00ebt"},"content":{"rendered":"<div class=\"firstP\">\n<p><img data-recalc-dims=\"1\" loading=\"lazy\" decoding=\"async\" data-attachment-id=\"94399\" data-permalink=\"https:\/\/www.shqiperia.com\/blog\/fshati-i-10-mije-ton-patateve-stebleva-prodhon-pataten-me-te-kerkuar-por-cmimi-i-shitjes-eshte-i-ulet\/xazxax-9\/\" data-orig-file=\"https:\/\/i0.wp.com\/www.shqiperia.com\/blog\/wp-content\/uploads\/2025\/10\/xaZxaX-9.jpg?fit=1054%2C562&amp;ssl=1\" data-orig-size=\"1054,562\" data-comments-opened=\"1\" data-image-meta=\"{&quot;aperture&quot;:&quot;0&quot;,&quot;credit&quot;:&quot;&quot;,&quot;camera&quot;:&quot;&quot;,&quot;caption&quot;:&quot;&quot;,&quot;created_timestamp&quot;:&quot;0&quot;,&quot;copyright&quot;:&quot;&quot;,&quot;focal_length&quot;:&quot;0&quot;,&quot;iso&quot;:&quot;0&quot;,&quot;shutter_speed&quot;:&quot;0&quot;,&quot;title&quot;:&quot;&quot;,&quot;orientation&quot;:&quot;0&quot;}\" data-image-title=\"xaZxaX-9\" data-image-description=\"\" data-image-caption=\"\" data-medium-file=\"https:\/\/i0.wp.com\/www.shqiperia.com\/blog\/wp-content\/uploads\/2025\/10\/xaZxaX-9.jpg?fit=300%2C160&amp;ssl=1\" data-large-file=\"https:\/\/i0.wp.com\/www.shqiperia.com\/blog\/wp-content\/uploads\/2025\/10\/xaZxaX-9.jpg?fit=1024%2C546&amp;ssl=1\" class=\"alignnone  wp-image-94399\" alt=\"\" src=\"https:\/\/i0.wp.com\/www.shqiperia.com\/blog\/wp-content\/uploads\/2025\/10\/xaZxaX-9.jpg?resize=654%2C349&#038;ssl=1\" width=\"654\" height=\"349\" srcset=\"https:\/\/i0.wp.com\/www.shqiperia.com\/blog\/wp-content\/uploads\/2025\/10\/xaZxaX-9.jpg?resize=300%2C160&amp;ssl=1 300w, https:\/\/i0.wp.com\/www.shqiperia.com\/blog\/wp-content\/uploads\/2025\/10\/xaZxaX-9.jpg?resize=1024%2C546&amp;ssl=1 1024w, https:\/\/i0.wp.com\/www.shqiperia.com\/blog\/wp-content\/uploads\/2025\/10\/xaZxaX-9.jpg?resize=768%2C410&amp;ssl=1 768w, https:\/\/i0.wp.com\/www.shqiperia.com\/blog\/wp-content\/uploads\/2025\/10\/xaZxaX-9.jpg?resize=450%2C240&amp;ssl=1 450w, https:\/\/i0.wp.com\/www.shqiperia.com\/blog\/wp-content\/uploads\/2025\/10\/xaZxaX-9.jpg?resize=600%2C320&amp;ssl=1 600w, https:\/\/i0.wp.com\/www.shqiperia.com\/blog\/wp-content\/uploads\/2025\/10\/xaZxaX-9.jpg?resize=400%2C213&amp;ssl=1 400w, https:\/\/i0.wp.com\/www.shqiperia.com\/blog\/wp-content\/uploads\/2025\/10\/xaZxaX-9.jpg?w=1054&amp;ssl=1 1054w\" sizes=\"auto, (max-width: 654px) 100vw, 654px\" \/><\/p>\n<p>26 Tetor 2025<\/p>\n<p>St\u00ebbleva prodhon \u00e7do vit 8-10 mij\u00eb ton patate.<\/p>\n<\/div>\n<p>Fshati njihet p\u00ebr prodhimin e saj cil\u00ebsor, m\u00eb i k\u00ebrkuari n\u00eb treg, por fermer\u00ebt jan\u00eb t\u00eb pak\u00ebnaqur me \u00e7mimin e shitjes i cili, sipas tyre nuk mbulon shpenzimet.<\/p>\n<p>N\u00eb jo pak raste prodhimi importit tregtohet si patate St\u00ebbleve duke d\u00ebmtuar prodhimin vendas. Nisur nga ky fakt Bashkia e Librazhdit ka certifikuar dhe etiketuar pataten.<\/p>\n<p>Tashm\u00eb n\u00eb treg prodhimi q\u00eb nxirrte kaq shum\u00eb mund nga k\u00ebta fermer\u00eb do t\u00eb ket\u00eb etiket\u00ebn e tij \u2018made in St\u00ebbleva.\u2019<\/p>\n","protected":false},"excerpt":{"rendered":"<p>26 Tetor 2025 St\u00ebbleva prodhon \u00e7do vit 8-10 mij\u00eb ton patate. Fshati njihet p\u00ebr prodhimin e saj cil\u00ebsor, m\u00eb i k\u00ebrkuari n\u00eb treg, por fermer\u00ebt jan\u00eb t\u00eb pak\u00ebnaqur me \u00e7mimin e shitjes i cili, sipas tyre nuk mbulon shpenzimet. N\u00eb jo pak raste prodhimi importit tregtohet si patate St\u00ebbleve duke d\u00ebmtuar prodhimin vendas. Nisur nga [&hellip;]<\/p>\n","protected":false},"author":9,"featured_media":94399,"comment_status":"open","ping_status":"open","sticky":false,"template":"","format":"standard","meta":{"jetpack_post_was_ever_published":false,"_jetpack_newsletter_access":"","_jetpack_dont_email_post_to_subs":false,"_jetpack_newsletter_tier_id":0,"_jetpack_memberships_contains_paywalled_content":false,"_jetpack_memberships_contains_paid_content":false,"footnotes":"","jetpack_publicize_message":"","jetpack_publicize_feature_enabled":true,"jetpack_social_post_already_shared":true,"jetpack_social_options":{"image_generator_settings":{"template":"highway","default_image_id":0,"font":"","enabled":false},"version":2}},"categories":[27,1,2,35],"tags":[],"class_list":["post-94398","post","type-post","status-publish","format-standard","has-post-thumbnail","hentry","category-blogu-i-udhetarit","category-njoftime-shtypi","category-politika","category-shoqerore"],"jetpack_publicize_connections":[],"jetpack_featured_media_url":"https:\/\/i0.wp.com\/www.shqiperia.com\/blog\/wp-content\/uploads\/2025\/10\/xaZxaX-9.jpg?fit=1054%2C562&ssl=1","jetpack_sharing_enabled":true,"jetpack_shortlink":"https:\/\/wp.me\/p5Z6wp-oyy","jetpack-related-posts":[{"id":82618,"url":"https:\/\/www.shqiperia.com\/blog\/qumesht-e-mish-vendi-me-pikatore-ne-treg-bie-prodhimi-si-do-mbulohet-kerkesa-e-shtuar-e-turizmit\/","url_meta":{"origin":94398,"position":0},"title":"Qum\u00ebsht e mish vendi me \u201cpikatore\u201d n\u00eb treg \u2013 Bie prodhimi, si do mbulohet k\u00ebrkesa e shtuar e turizmit?","author":"Kurt Farka","date":"July 10, 2024","format":false,"excerpt":"10 Korrik 2024 Konsumator\u00ebt shqiptar\u00eb kan\u00eb n\u00eb dispozicion m\u00eb pak qum\u00ebsht dhe mish vendi n\u00eb treg, gj\u00eb q\u00eb mund ti shtyj\u00eb ata drejt blerjes s\u00eb produkteve t\u00eb importit. Sidomos n\u00eb kushtet e nj\u00eb bumi turistik q\u00eb po p\u00ebrjeton vendi, ky prodhim duket se nuk \u00ebsht\u00eb i mjaftuesh\u00ebm p\u00ebr t\u00eb p\u00ebrballuar\u2026","rel":"","context":"In &quot;Blogu i Udh\u00ebtarit&quot;","block_context":{"text":"Blogu i Udh\u00ebtarit","link":"https:\/\/www.shqiperia.com\/blog\/category\/blogu-i-udhetarit\/"},"img":{"alt_text":"","src":"https:\/\/i0.wp.com\/www.shqiperia.com\/blog\/wp-content\/uploads\/2024\/07\/Blegtori-ferme-lope-4-1040-scaled-1.jpg?fit=1200%2C796&ssl=1&resize=350%2C200","width":350,"height":200,"srcset":"https:\/\/i0.wp.com\/www.shqiperia.com\/blog\/wp-content\/uploads\/2024\/07\/Blegtori-ferme-lope-4-1040-scaled-1.jpg?fit=1200%2C796&ssl=1&resize=350%2C200 1x, https:\/\/i0.wp.com\/www.shqiperia.com\/blog\/wp-content\/uploads\/2024\/07\/Blegtori-ferme-lope-4-1040-scaled-1.jpg?fit=1200%2C796&ssl=1&resize=525%2C300 1.5x, https:\/\/i0.wp.com\/www.shqiperia.com\/blog\/wp-content\/uploads\/2024\/07\/Blegtori-ferme-lope-4-1040-scaled-1.jpg?fit=1200%2C796&ssl=1&resize=700%2C400 2x, https:\/\/i0.wp.com\/www.shqiperia.com\/blog\/wp-content\/uploads\/2024\/07\/Blegtori-ferme-lope-4-1040-scaled-1.jpg?fit=1200%2C796&ssl=1&resize=1050%2C600 3x"},"classes":[]},{"id":73416,"url":"https:\/\/www.shqiperia.com\/blog\/rritet-mbi-21-cmimi-i-zarzavateve\/","url_meta":{"origin":94398,"position":1},"title":"Rritet mbi 21% \u00e7mimi i zarzavateve","author":"Kurt Farka","date":"August 9, 2023","format":false,"excerpt":"9 Gusht 2023 \u00c7mimet e zarzavateve kan\u00eb sh\u00ebnuar rritje jo t\u00eb zakonte n\u00eb dy muajt e fundit edhe pse sezoni bujq\u00ebsor \u00ebsht\u00eb n\u00eb kulmin e tij. INSTAT raportoi se grupi \u00a0i zarzavateve dhe patateve sh\u00ebnoi nj\u00eb rritje vjetore t\u00eb \u00e7mimeve me mbi 21% n\u00eb korrik, teksa n\u00eb qershor shtrenjtimi ishte\u2026","rel":"","context":"In &quot;Blogu i Udh\u00ebtarit&quot;","block_context":{"text":"Blogu i Udh\u00ebtarit","link":"https:\/\/www.shqiperia.com\/blog\/category\/blogu-i-udhetarit\/"},"img":{"alt_text":"","src":"https:\/\/i0.wp.com\/www.shqiperia.com\/blog\/wp-content\/uploads\/2023\/08\/640-0-1691470739xpexels-matheus-cenali-2733918-scaled-827.jpg?fit=640%2C427&ssl=1&resize=350%2C200","width":350,"height":200,"srcset":"https:\/\/i0.wp.com\/www.shqiperia.com\/blog\/wp-content\/uploads\/2023\/08\/640-0-1691470739xpexels-matheus-cenali-2733918-scaled-827.jpg?fit=640%2C427&ssl=1&resize=350%2C200 1x, https:\/\/i0.wp.com\/www.shqiperia.com\/blog\/wp-content\/uploads\/2023\/08\/640-0-1691470739xpexels-matheus-cenali-2733918-scaled-827.jpg?fit=640%2C427&ssl=1&resize=525%2C300 1.5x"},"classes":[]},{"id":88138,"url":"https:\/\/www.shqiperia.com\/blog\/ku-po-shkojme-mungesa-e-krahut-te-punes-ne-berat-i-le-ullinjte-ne-peme\/","url_meta":{"origin":94398,"position":2},"title":"Ku po shkojme: &#8211; Mungesa e krahut t\u00eb pun\u00ebs n\u00eb Berat i l\u00eb ullinjt\u00eb n\u00eb pem\u00eb","author":"Kurt Farka","date":"January 8, 2025","format":false,"excerpt":"8 Janar 2025 Theodhori Bello nga fshati Gjeroven, rreth 10 kilometra nga Berati, u kthye nga emigrimi i gjat\u00eb n\u00eb Greqi p\u00ebr t\u00eb investuar n\u00eb kultivimin e ullirit. Por pasi derdhi kursimet e 27 viteve pun\u00eb n\u00eb emigrim p\u00ebr ngritjen e nj\u00eb fabrike moderne t\u00eb prodhimit t\u00eb vajit t\u00eb ullirit,\u2026","rel":"","context":"In &quot;Blogu i Udh\u00ebtarit&quot;","block_context":{"text":"Blogu i Udh\u00ebtarit","link":"https:\/\/www.shqiperia.com\/blog\/category\/blogu-i-udhetarit\/"},"img":{"alt_text":"","src":"https:\/\/i0.wp.com\/www.shqiperia.com\/blog\/wp-content\/uploads\/2025\/01\/ULLINJ.jpg?fit=1200%2C687&ssl=1&resize=350%2C200","width":350,"height":200,"srcset":"https:\/\/i0.wp.com\/www.shqiperia.com\/blog\/wp-content\/uploads\/2025\/01\/ULLINJ.jpg?fit=1200%2C687&ssl=1&resize=350%2C200 1x, https:\/\/i0.wp.com\/www.shqiperia.com\/blog\/wp-content\/uploads\/2025\/01\/ULLINJ.jpg?fit=1200%2C687&ssl=1&resize=525%2C300 1.5x, https:\/\/i0.wp.com\/www.shqiperia.com\/blog\/wp-content\/uploads\/2025\/01\/ULLINJ.jpg?fit=1200%2C687&ssl=1&resize=700%2C400 2x, https:\/\/i0.wp.com\/www.shqiperia.com\/blog\/wp-content\/uploads\/2025\/01\/ULLINJ.jpg?fit=1200%2C687&ssl=1&resize=1050%2C600 3x"},"classes":[]},{"id":49354,"url":"https:\/\/www.shqiperia.com\/blog\/bie-prodhimi-i-grurit-ne-rusi-dhe-kanada-paralajmerohet-rritje-e-cmimit-te-bukes-ne-shqiperi\/","url_meta":{"origin":94398,"position":3},"title":"Bie prodhimi i grurit n\u00eb Rusi dhe Kanada. &#8211; Paralajm\u00ebrohet rritje e \u00e7mimit t\u00eb buk\u00ebs n\u00eb Shqip\u00ebri","author":"Kurt Farka","date":"August 26, 2021","format":false,"excerpt":"Bie prodhimi i grurit n\u00eb Rusi dhe Kanada. - Paralajm\u00ebrohet rritje e \u00e7mimit t\u00eb buk\u00ebs n\u00eb Shqip\u00ebri 25 GUSHT 2021 Bie prodhimi i grurit n\u00eb Rusi dhe Kanada, paralajm\u00ebrohet rritje e \u00c7mimi i miellit u rrit me 15 p\u00ebr qind brenda nj\u00eb jave n\u00eb tregun vendas, duke reflektuar zhvillimet n\u00eb\u2026","rel":"","context":"In &quot;Blogu i Udh\u00ebtarit&quot;","block_context":{"text":"Blogu i Udh\u00ebtarit","link":"https:\/\/www.shqiperia.com\/blog\/category\/blogu-i-udhetarit\/"},"img":{"alt_text":"","src":"https:\/\/i0.wp.com\/www.shqiperia.com\/blog\/wp-content\/uploads\/2021\/08\/640-0-6125e0c2453ef.jpg?fit=640%2C363&ssl=1&resize=350%2C200","width":350,"height":200,"srcset":"https:\/\/i0.wp.com\/www.shqiperia.com\/blog\/wp-content\/uploads\/2021\/08\/640-0-6125e0c2453ef.jpg?fit=640%2C363&ssl=1&resize=350%2C200 1x, https:\/\/i0.wp.com\/www.shqiperia.com\/blog\/wp-content\/uploads\/2021\/08\/640-0-6125e0c2453ef.jpg?fit=640%2C363&ssl=1&resize=525%2C300 1.5x"},"classes":[]},{"id":99718,"url":"https:\/\/www.shqiperia.com\/blog\/shalqiri-i-divjakes-ne-treg-qe-ne-prill-fermeret-thone-se-tani-eshte-koha-e-fitimit-por-ankohen-se-tregu-ka-luhatje-te-medha\/","url_meta":{"origin":94398,"position":4},"title":"Shalqiri i Divjak\u00ebs n\u00eb treg q\u00eb n\u00eb prill, fermer\u00ebt thon\u00eb se tani \u00ebsht\u00eb koha e fitimit, por ankohen se tregu ka luhatje t\u00eb m\u00ebdha","author":"Kurt Farka","date":"April 29, 2026","format":false,"excerpt":"29 Prill 2026 N\u00eb k\u00ebrkon para, at\u00ebher\u00eb duhet t\u00eb nxitosh n\u00eb kultivim. Ylli Ki\u00e7i, nga fshati Sulzot\u00eb i Divjak\u00ebs thot\u00eb se fruti i freskis\u00eb \u00ebsht\u00eb gati p\u00ebr konsumator\u00ebt, sipas tij ky \u00ebsht\u00eb momenti ideal p\u00ebr t\u00eb fituar para. \u201cEj shqiptar\u00eb, jemi gati me shalqinin bio t\u00eb Divjak\u00ebs. Un\u00eb kam nj\u00eb\u2026","rel":"","context":"In &quot;Blogu i Udh\u00ebtarit&quot;","block_context":{"text":"Blogu i Udh\u00ebtarit","link":"https:\/\/www.shqiperia.com\/blog\/category\/blogu-i-udhetarit\/"},"img":{"alt_text":"","src":"https:\/\/i0.wp.com\/www.shqiperia.com\/blog\/wp-content\/uploads\/2026\/04\/vlcsnap-2026-04-27-20h01m02s318_sd-800x450-1.webp?fit=800%2C450&ssl=1&resize=350%2C200","width":350,"height":200,"srcset":"https:\/\/i0.wp.com\/www.shqiperia.com\/blog\/wp-content\/uploads\/2026\/04\/vlcsnap-2026-04-27-20h01m02s318_sd-800x450-1.webp?fit=800%2C450&ssl=1&resize=350%2C200 1x, https:\/\/i0.wp.com\/www.shqiperia.com\/blog\/wp-content\/uploads\/2026\/04\/vlcsnap-2026-04-27-20h01m02s318_sd-800x450-1.webp?fit=800%2C450&ssl=1&resize=525%2C300 1.5x, https:\/\/i0.wp.com\/www.shqiperia.com\/blog\/wp-content\/uploads\/2026\/04\/vlcsnap-2026-04-27-20h01m02s318_sd-800x450-1.webp?fit=800%2C450&ssl=1&resize=700%2C400 2x"},"classes":[]},{"id":83725,"url":"https:\/\/www.shqiperia.com\/blog\/vererat-europiane-ne-lufte-per-mbijetese-pasi-nxehtesia-ekstreme-po-demton-ndjeshem-prodhimin\/","url_meta":{"origin":94398,"position":5},"title":"Ver\u00ebrat europiane n\u00eb luft\u00eb p\u00ebr mbijetes\u00eb pasi nxeht\u00ebsia ekstreme po d\u00ebmton ndjesh\u00ebm prodhimin!","author":"Kurt Farka","date":"August 26, 2024","format":false,"excerpt":"26 Gusht 2024 Vjelja e ver\u00ebs e k\u00ebtij viti \u00ebsht\u00eb n\u00eb lul\u00ebzim t\u00eb plot\u00eb n\u00eb ishullin shum\u00eb t\u00eb njohur grek t\u00eb Santorinit, por p\u00ebr prodhuesit vendas, perspektivat nuk duken t\u00eb mira. Temperaturat ekstreme po k\u00ebrc\u00ebnojn\u00eb prodhimin e rrushit vendas Assyrtiko, kritik p\u00ebr ver\u00ebrat e bardha t\u00eb njohura nd\u00ebrkomb\u00ebtarisht t\u00eb ishullit.\u2026","rel":"","context":"In &quot;Blogu i Udh\u00ebtarit&quot;","block_context":{"text":"Blogu i Udh\u00ebtarit","link":"https:\/\/www.shqiperia.com\/blog\/category\/blogu-i-udhetarit\/"},"img":{"alt_text":"","src":"https:\/\/i0.wp.com\/www.shqiperia.com\/blog\/wp-content\/uploads\/2024\/08\/vere-740x383-1.jpg?fit=740%2C383&ssl=1&resize=350%2C200","width":350,"height":200,"srcset":"https:\/\/i0.wp.com\/www.shqiperia.com\/blog\/wp-content\/uploads\/2024\/08\/vere-740x383-1.jpg?fit=740%2C383&ssl=1&resize=350%2C200 1x, https:\/\/i0.wp.com\/www.shqiperia.com\/blog\/wp-content\/uploads\/2024\/08\/vere-740x383-1.jpg?fit=740%2C383&ssl=1&resize=525%2C300 1.5x, https:\/\/i0.wp.com\/www.shqiperia.com\/blog\/wp-content\/uploads\/2024\/08\/vere-740x383-1.jpg?fit=740%2C383&ssl=1&resize=700%2C400 2x"},"classes":[]}],"_links":{"self":[{"href":"https:\/\/www.shqiperia.com\/blog\/wp-json\/wp\/v2\/posts\/94398","targetHints":{"allow":["GET"]}}],"collection":[{"href":"https:\/\/www.shqiperia.com\/blog\/wp-json\/wp\/v2\/posts"}],"about":[{"href":"https:\/\/www.shqiperia.com\/blog\/wp-json\/wp\/v2\/types\/post"}],"author":[{"embeddable":true,"href":"https:\/\/www.shqiperia.com\/blog\/wp-json\/wp\/v2\/users\/9"}],"replies":[{"embeddable":true,"href":"https:\/\/www.shqiperia.com\/blog\/wp-json\/wp\/v2\/comments?post=94398"}],"version-history":[{"count":1,"href":"https:\/\/www.shqiperia.com\/blog\/wp-json\/wp\/v2\/posts\/94398\/revisions"}],"predecessor-version":[{"id":94400,"href":"https:\/\/www.shqiperia.com\/blog\/wp-json\/wp\/v2\/posts\/94398\/revisions\/94400"}],"wp:featuredmedia":[{"embeddable":true,"href":"https:\/\/www.shqiperia.com\/blog\/wp-json\/wp\/v2\/media\/94399"}],"wp:attachment":[{"href":"https:\/\/www.shqiperia.com\/blog\/wp-json\/wp\/v2\/media?parent=94398"}],"wp:term":[{"taxonomy":"category","embeddable":true,"href":"https:\/\/www.shqiperia.com\/blog\/wp-json\/wp\/v2\/categories?post=94398"},{"taxonomy":"post_tag","embeddable":true,"href":"https:\/\/www.shqiperia.com\/blog\/wp-json\/wp\/v2\/tags?post=94398"}],"curies":[{"name":"wp","href":"https:\/\/api.w.org\/{rel}","templated":true}]}}