{"id":94395,"date":"2025-10-26T18:52:54","date_gmt":"2025-10-26T18:52:54","guid":{"rendered":"https:\/\/www.shqiperia.com\/blog\/?p=94395"},"modified":"2025-10-26T18:52:54","modified_gmt":"2025-10-26T18:52:54","slug":"nuk-ka-qeveri-kurti-3-kosova-drejt-zgjedhjeve-te-parakohshme-ja-si-u-ndane-votat-ne-kuvend","status":"publish","type":"post","link":"https:\/\/www.shqiperia.com\/blog\/nuk-ka-qeveri-kurti-3-kosova-drejt-zgjedhjeve-te-parakohshme-ja-si-u-ndane-votat-ne-kuvend\/","title":{"rendered":"Nuk ka qeveri \u201cKurti 3\u201d, Kosova drejt zgjedhjeve t\u00eb parakohshme, ja si u ndan\u00eb votat n\u00eb Kuvend"},"content":{"rendered":"<div class=\"firstP\">\n<p><img data-recalc-dims=\"1\" loading=\"lazy\" decoding=\"async\" data-attachment-id=\"94396\" data-permalink=\"https:\/\/www.shqiperia.com\/blog\/nuk-ka-qeveri-kurti-3-kosova-drejt-zgjedhjeve-te-parakohshme-ja-si-u-ndane-votat-ne-kuvend\/national-flag-of-kosovo-background-with-flag-of-kosovo\/\" data-orig-file=\"https:\/\/i0.wp.com\/www.shqiperia.com\/blog\/wp-content\/uploads\/2025\/10\/national-flag-kosovo-background-with-flag-kosovo-scaled-2.jpg?fit=2560%2C1707&amp;ssl=1\" data-orig-size=\"2560,1707\" data-comments-opened=\"1\" data-image-meta=\"{&quot;aperture&quot;:&quot;0&quot;,&quot;credit&quot;:&quot;&quot;,&quot;camera&quot;:&quot;&quot;,&quot;caption&quot;:&quot;National flag of Kosovo. Background  with flag  of Kosovo&quot;,&quot;created_timestamp&quot;:&quot;0&quot;,&quot;copyright&quot;:&quot;&quot;,&quot;focal_length&quot;:&quot;0&quot;,&quot;iso&quot;:&quot;0&quot;,&quot;shutter_speed&quot;:&quot;0&quot;,&quot;title&quot;:&quot;National flag of Kosovo. Background  with flag  of Kosovo&quot;,&quot;orientation&quot;:&quot;1&quot;}\" data-image-title=\"National flag of Kosovo. Background  with flag  of Kosovo\" data-image-description=\"\" data-image-caption=\"&lt;p&gt;National flag of Kosovo. Background  with flag  of Kosovo&lt;\/p&gt;\n\" data-medium-file=\"https:\/\/i0.wp.com\/www.shqiperia.com\/blog\/wp-content\/uploads\/2025\/10\/national-flag-kosovo-background-with-flag-kosovo-scaled-2.jpg?fit=300%2C200&amp;ssl=1\" data-large-file=\"https:\/\/i0.wp.com\/www.shqiperia.com\/blog\/wp-content\/uploads\/2025\/10\/national-flag-kosovo-background-with-flag-kosovo-scaled-2.jpg?fit=1024%2C683&amp;ssl=1\" class=\" wp-image-94396\" alt=\"\" src=\"https:\/\/i0.wp.com\/www.shqiperia.com\/blog\/wp-content\/uploads\/2025\/10\/national-flag-kosovo-background-with-flag-kosovo-scaled-2.jpg?resize=557%2C371&#038;ssl=1\" width=\"557\" height=\"371\" srcset=\"https:\/\/i0.wp.com\/www.shqiperia.com\/blog\/wp-content\/uploads\/2025\/10\/national-flag-kosovo-background-with-flag-kosovo-scaled-2.jpg?resize=300%2C200&amp;ssl=1 300w, https:\/\/i0.wp.com\/www.shqiperia.com\/blog\/wp-content\/uploads\/2025\/10\/national-flag-kosovo-background-with-flag-kosovo-scaled-2.jpg?resize=1024%2C683&amp;ssl=1 1024w, https:\/\/i0.wp.com\/www.shqiperia.com\/blog\/wp-content\/uploads\/2025\/10\/national-flag-kosovo-background-with-flag-kosovo-scaled-2.jpg?resize=768%2C512&amp;ssl=1 768w, https:\/\/i0.wp.com\/www.shqiperia.com\/blog\/wp-content\/uploads\/2025\/10\/national-flag-kosovo-background-with-flag-kosovo-scaled-2.jpg?resize=1536%2C1024&amp;ssl=1 1536w, https:\/\/i0.wp.com\/www.shqiperia.com\/blog\/wp-content\/uploads\/2025\/10\/national-flag-kosovo-background-with-flag-kosovo-scaled-2.jpg?resize=2048%2C1366&amp;ssl=1 2048w, https:\/\/i0.wp.com\/www.shqiperia.com\/blog\/wp-content\/uploads\/2025\/10\/national-flag-kosovo-background-with-flag-kosovo-scaled-2.jpg?resize=2000%2C1334&amp;ssl=1 2000w, https:\/\/i0.wp.com\/www.shqiperia.com\/blog\/wp-content\/uploads\/2025\/10\/national-flag-kosovo-background-with-flag-kosovo-scaled-2.jpg?resize=600%2C400&amp;ssl=1 600w, https:\/\/i0.wp.com\/www.shqiperia.com\/blog\/wp-content\/uploads\/2025\/10\/national-flag-kosovo-background-with-flag-kosovo-scaled-2.jpg?resize=450%2C300&amp;ssl=1 450w, https:\/\/i0.wp.com\/www.shqiperia.com\/blog\/wp-content\/uploads\/2025\/10\/national-flag-kosovo-background-with-flag-kosovo-scaled-2.jpg?resize=1500%2C1000&amp;ssl=1 1500w, https:\/\/i0.wp.com\/www.shqiperia.com\/blog\/wp-content\/uploads\/2025\/10\/national-flag-kosovo-background-with-flag-kosovo-scaled-2.jpg?resize=1300%2C867&amp;ssl=1 1300w, https:\/\/i0.wp.com\/www.shqiperia.com\/blog\/wp-content\/uploads\/2025\/10\/national-flag-kosovo-background-with-flag-kosovo-scaled-2.jpg?resize=400%2C267&amp;ssl=1 400w\" sizes=\"auto, (max-width: 557px) 100vw, 557px\" \/><\/p>\n<p>26 Tetor 2025<\/p>\n<p>Me 56 vota pro, 52 kund\u00ebr dhe 4 abstenim, qeveria \u201cKurti 3\u201d nuk \u00ebsht\u00eb formuar.<\/p>\n<\/div>\n<p>Pas prezantimit t\u00eb kabinetit t\u00eb tij qeveris\u00ebs dhe planit n\u00eb seanc\u00ebn e jasht\u00ebzakonshme t\u00eb mbajtur k\u00ebt\u00eb t\u00eb diel, Kurti nuk ka arritur dot t\u00eb bind\u00eb pjes\u00ebn d\u00ebrmuese t\u00eb Kuvendit.<\/p>\n<p>K\u00ebshtu, Kosova duket se \u00ebsht\u00eb drejt zgjedhjeve t\u00eb parakohshme parlamentare, pasi prej m\u00eb shum\u00eb se 6 muajsh nuk ka arritur dot t\u00eb formoj\u00eb qeveri.<\/p>\n","protected":false},"excerpt":{"rendered":"<p>26 Tetor 2025 Me 56 vota pro, 52 kund\u00ebr dhe 4 abstenim, qeveria \u201cKurti 3\u201d nuk \u00ebsht\u00eb formuar. Pas prezantimit t\u00eb kabinetit t\u00eb tij qeveris\u00ebs dhe planit n\u00eb seanc\u00ebn e jasht\u00ebzakonshme t\u00eb mbajtur k\u00ebt\u00eb t\u00eb diel, Kurti nuk ka arritur dot t\u00eb bind\u00eb pjes\u00ebn d\u00ebrmuese t\u00eb Kuvendit. K\u00ebshtu, Kosova duket se \u00ebsht\u00eb drejt zgjedhjeve t\u00eb [&hellip;]<\/p>\n","protected":false},"author":9,"featured_media":94396,"comment_status":"open","ping_status":"open","sticky":false,"template":"","format":"standard","meta":{"jetpack_post_was_ever_published":false,"_jetpack_newsletter_access":"","_jetpack_dont_email_post_to_subs":false,"_jetpack_newsletter_tier_id":0,"_jetpack_memberships_contains_paywalled_content":false,"_jetpack_memberships_contains_paid_content":false,"footnotes":"","jetpack_publicize_message":"","jetpack_publicize_feature_enabled":true,"jetpack_social_post_already_shared":true,"jetpack_social_options":{"image_generator_settings":{"template":"highway","default_image_id":0,"font":"","enabled":false},"version":2}},"categories":[10],"tags":[],"class_list":["post-94395","post","type-post","status-publish","format-standard","has-post-thumbnail","hentry","category-kultura"],"jetpack_publicize_connections":[],"jetpack_featured_media_url":"https:\/\/i0.wp.com\/www.shqiperia.com\/blog\/wp-content\/uploads\/2025\/10\/national-flag-kosovo-background-with-flag-kosovo-scaled-2.jpg?fit=2560%2C1707&ssl=1","jetpack_sharing_enabled":true,"jetpack_shortlink":"https:\/\/wp.me\/p5Z6wp-oyv","jetpack-related-posts":[{"id":72678,"url":"https:\/\/www.shqiperia.com\/blog\/kurti-zbardh-detaje-nga-marreveshja-per-uljen-e-tensioneve-ja-4-pikat-e-dakordesuara\/","url_meta":{"origin":94395,"position":0},"title":"Kurti zbardh detaje nga marr\u00ebveshja p\u00ebr uljen e tensioneve, ja 4 pikat e dakord\u00ebsuara","author":"Kurt Farka","date":"July 12, 2023","format":false,"excerpt":"12 Korrik 2023 Kryeministri i Kosov\u00ebs, Albin Kurti, ka dh\u00ebn\u00eb detaje p\u00ebr marr\u00ebveshjen p\u00ebr uljen e tensioneve n\u00eb veri t\u00eb Kosov\u00ebs. Gjat\u00eb fjal\u00ebs s\u00eb mbajtur n\u00eb mbledhjen e qeveris\u00eb k\u00ebt\u00eb t\u00eb m\u00ebrkur\u00eb, Kurti sqaroi kat\u00ebr pikat e dakord\u00ebsuara n\u00eb Bratislav\u00eb mes z\u00ebvend\u00ebskryeministrit Besnik Bislimi dhe P\u00ebrfaq\u00ebsuesit t\u00eb Posa\u00e7\u00ebm t\u00eb Bashkimit\u2026","rel":"","context":"In &quot;Blogu i Udh\u00ebtarit&quot;","block_context":{"text":"Blogu i Udh\u00ebtarit","link":"https:\/\/www.shqiperia.com\/blog\/category\/blogu-i-udhetarit\/"},"img":{"alt_text":"","src":"https:\/\/i0.wp.com\/www.shqiperia.com\/blog\/wp-content\/uploads\/2023\/07\/800-0-88bfa249f135a3dddb2ae184543b89f5.jpg?fit=800%2C513&ssl=1&resize=350%2C200","width":350,"height":200,"srcset":"https:\/\/i0.wp.com\/www.shqiperia.com\/blog\/wp-content\/uploads\/2023\/07\/800-0-88bfa249f135a3dddb2ae184543b89f5.jpg?fit=800%2C513&ssl=1&resize=350%2C200 1x, https:\/\/i0.wp.com\/www.shqiperia.com\/blog\/wp-content\/uploads\/2023\/07\/800-0-88bfa249f135a3dddb2ae184543b89f5.jpg?fit=800%2C513&ssl=1&resize=525%2C300 1.5x, https:\/\/i0.wp.com\/www.shqiperia.com\/blog\/wp-content\/uploads\/2023\/07\/800-0-88bfa249f135a3dddb2ae184543b89f5.jpg?fit=800%2C513&ssl=1&resize=700%2C400 2x"},"classes":[]},{"id":49873,"url":"https:\/\/www.shqiperia.com\/blog\/serbia-eshte-problemi-kurti-mesazh-rames-detyre-e-shqiptarit-te-beje-presion-mbi-te-dhe-jo-mbi-kosoven\/","url_meta":{"origin":94395,"position":1},"title":"&#8220;Serbia \u00ebsht\u00eb problemi&#8221;. Kurti mesazh Ram\u00ebs: &#8211; Detyr\u00eb e shqiptarit t\u00eb b\u00ebj\u00eb presion mbi t\u00eb dhe jo mbi Kosov\u00ebn.","author":"Kurt Farka","date":"September 14, 2021","format":false,"excerpt":"\"Serbia \u00ebsht\u00eb problemi\". Kurti mesazh Ram\u00ebs: - Detyr\u00eb e shqiptarit t\u00eb b\u00ebj\u00eb presion mbi t\u00eb dhe jo mbi Kosov\u00ebn. 14 Shtator 2021 \"\u00cbsht\u00eb detyr\u00eb e shqiptarit t\u00eb b\u00ebj\u00eb presion mbi Serbin\u00eb dhe jo mbi Kosov\u00ebn\". Ky \u00ebsht\u00eb mesazhi q\u00eb Albin Kurti i p\u00ebrcolli p\u00ebrmes mediave homologut t\u00eb tij shqiptar Edi\u2026","rel":"","context":"In &quot;Blogu i Udh\u00ebtarit&quot;","block_context":{"text":"Blogu i Udh\u00ebtarit","link":"https:\/\/www.shqiperia.com\/blog\/category\/blogu-i-udhetarit\/"},"img":{"alt_text":"","src":"https:\/\/i0.wp.com\/www.shqiperia.com\/blog\/wp-content\/uploads\/2021\/09\/56961397_303.jpg?fit=700%2C394&ssl=1&resize=350%2C200","width":350,"height":200,"srcset":"https:\/\/i0.wp.com\/www.shqiperia.com\/blog\/wp-content\/uploads\/2021\/09\/56961397_303.jpg?fit=700%2C394&ssl=1&resize=350%2C200 1x, https:\/\/i0.wp.com\/www.shqiperia.com\/blog\/wp-content\/uploads\/2021\/09\/56961397_303.jpg?fit=700%2C394&ssl=1&resize=525%2C300 1.5x, https:\/\/i0.wp.com\/www.shqiperia.com\/blog\/wp-content\/uploads\/2021\/09\/56961397_303.jpg?fit=700%2C394&ssl=1&resize=700%2C400 2x"},"classes":[]},{"id":72597,"url":"https:\/\/www.shqiperia.com\/blog\/lajcak-pas-takimeve-ne-prishtine-e-beograd-vizita-ne-rajon-ndihmoi-ne-qartesimin-e-hapave-te-ardhshem\/","url_meta":{"origin":94395,"position":2},"title":"Laj\u00e7ak pas takimeve n\u00eb Prishtin\u00eb e Beograd: &#8211; Vizita n\u00eb rajon ndihmoi n\u00eb qart\u00ebsimin e hapave t\u00eb ardhsh\u00ebm","author":"Kurt Farka","date":"July 5, 2023","format":false,"excerpt":"5 Korrik 2023 I d\u00ebrguari evropian p\u00ebr bisedimet Kosov\u00eb \u2013 Serbi, Miroslav Laj\u00e7ak, tha t\u00eb m\u00ebrkur\u00ebn se vizita n\u00eb Prishtin\u00eb e Beograd i kan\u00eb ndihmuar n\u00eb qart\u00ebsimin e hapave t\u00eb ardhsh\u00ebm p\u00ebr shtensionimin e situat\u00ebs. Ai i b\u00ebri k\u00ebto komente n\u00eb rrjetet sociale pas takimit me presidentin e Serbis\u00eb, Aleksandar\u2026","rel":"","context":"In &quot;Blogu i Udh\u00ebtarit&quot;","block_context":{"text":"Blogu i Udh\u00ebtarit","link":"https:\/\/www.shqiperia.com\/blog\/category\/blogu-i-udhetarit\/"},"img":{"alt_text":"","src":"https:\/\/i0.wp.com\/www.shqiperia.com\/blog\/wp-content\/uploads\/2023\/07\/sjkdk.jpg?fit=1053%2C610&ssl=1&resize=350%2C200","width":350,"height":200,"srcset":"https:\/\/i0.wp.com\/www.shqiperia.com\/blog\/wp-content\/uploads\/2023\/07\/sjkdk.jpg?fit=1053%2C610&ssl=1&resize=350%2C200 1x, https:\/\/i0.wp.com\/www.shqiperia.com\/blog\/wp-content\/uploads\/2023\/07\/sjkdk.jpg?fit=1053%2C610&ssl=1&resize=525%2C300 1.5x, https:\/\/i0.wp.com\/www.shqiperia.com\/blog\/wp-content\/uploads\/2023\/07\/sjkdk.jpg?fit=1053%2C610&ssl=1&resize=700%2C400 2x, https:\/\/i0.wp.com\/www.shqiperia.com\/blog\/wp-content\/uploads\/2023\/07\/sjkdk.jpg?fit=1053%2C610&ssl=1&resize=1050%2C600 3x"},"classes":[]},{"id":30921,"url":"https:\/\/www.shqiperia.com\/blog\/basha-u-ulem-per-reformen-zgjedhore-vetem-per-te-arritur-zgjedhjet-e-parakohshme\/","url_meta":{"origin":94395,"position":3},"title":"Basha: U ul\u00ebm p\u00ebr Reform\u00ebn Zgjedhore, vet\u00ebm p\u00ebr t\u00eb arritur zgjedhjet e parakohshme.","author":"Kurt Farka","date":"February 1, 2020","format":false,"excerpt":"Basha: U ul\u00ebm p\u00ebr Reform\u00ebn Zgjedhore, vet\u00ebm p\u00ebr t\u00eb arritur zgjedhjet e parakohshme 31\/01\/2020 \u00a0\u00a0\u00a0\u00a0 Marr\u00ebveshja p\u00ebr Reform\u00ebn Zgjedhore me Edi Ram\u00ebn do prodhoj\u00eb edhe zgjedhjet e parakohshme, konfirmimi vjen nga kryetari i PD Lulzim Basha. \u201cNe i qendrojm\u00eb propozimit ton\u00eb p\u00ebr nj\u00eb qeveri tranzitore jo vet\u00ebm p\u00ebr t\u00eb kaluar\u2026","rel":"","context":"In &quot;Blogu i Udh\u00ebtarit&quot;","block_context":{"text":"Blogu i Udh\u00ebtarit","link":"https:\/\/www.shqiperia.com\/blog\/category\/blogu-i-udhetarit\/"},"img":{"alt_text":"","src":"https:\/\/i0.wp.com\/www.shqiperia.com\/blog\/wp-content\/uploads\/2020\/02\/hqdefault.jpg?fit=480%2C319&ssl=1&resize=350%2C200","width":350,"height":200},"classes":[]},{"id":99680,"url":"https:\/\/www.shqiperia.com\/blog\/kosova-shkon-ne-zgjedhje-te-parakohshme\/","url_meta":{"origin":94395,"position":4},"title":"Kosova shkon n\u00eb zgjedhje t\u00eb parakohshme,","author":"Kurt Farka","date":"April 28, 2026","format":false,"excerpt":"29 Prill 2026 Kuvendi i Kosov\u00ebs d\u00ebshtoi mbr\u00ebmjen e sotme (e mart\u00eb) t\u00eb zgjedh\u00eb Presidentin e ri t\u00eb vendit, megjith\u00ebse Gjykata Kushtetuese i dha 34 dit\u00eb koh\u00eb, duke \u00e7uar vendin s\u00ebrish n\u00eb zgjedhje t\u00eb parakohshme. N\u00eb minutat e fundit t\u00eb k\u00ebtij afati, kryeministri i Kosov\u00ebs, Albin Kurti ka hedhur akuza\u2026","rel":"","context":"In &quot;Njoftime Shtypi&quot;","block_context":{"text":"Njoftime Shtypi","link":"https:\/\/www.shqiperia.com\/blog\/category\/njoftime-shtypi\/"},"img":{"alt_text":"","src":"https:\/\/i0.wp.com\/www.shqiperia.com\/blog\/wp-content\/uploads\/2026\/04\/WhatsApp-Image-2026-04-28-at-5.15.32-PM.jpeg?fit=1200%2C675&ssl=1&resize=350%2C200","width":350,"height":200,"srcset":"https:\/\/i0.wp.com\/www.shqiperia.com\/blog\/wp-content\/uploads\/2026\/04\/WhatsApp-Image-2026-04-28-at-5.15.32-PM.jpeg?fit=1200%2C675&ssl=1&resize=350%2C200 1x, https:\/\/i0.wp.com\/www.shqiperia.com\/blog\/wp-content\/uploads\/2026\/04\/WhatsApp-Image-2026-04-28-at-5.15.32-PM.jpeg?fit=1200%2C675&ssl=1&resize=525%2C300 1.5x, https:\/\/i0.wp.com\/www.shqiperia.com\/blog\/wp-content\/uploads\/2026\/04\/WhatsApp-Image-2026-04-28-at-5.15.32-PM.jpeg?fit=1200%2C675&ssl=1&resize=700%2C400 2x, https:\/\/i0.wp.com\/www.shqiperia.com\/blog\/wp-content\/uploads\/2026\/04\/WhatsApp-Image-2026-04-28-at-5.15.32-PM.jpeg?fit=1200%2C675&ssl=1&resize=1050%2C600 3x"},"classes":[]},{"id":69817,"url":"https:\/\/www.shqiperia.com\/blog\/12-ore-ne-oher-kurti-e-pranon-asociacionin-borell-njofton-se-ka-marreveshje-kosove-serbi-vucic-skam-nenshkruar-asgje\/","url_meta":{"origin":94395,"position":5},"title":"12 or\u00eb n\u00eb Oh\u00ebr\/ Kurti e pranon Asociacionin, Borell njofton se ka marr\u00ebveshje Kosov\u00eb-Serbi. Vu\u00e7i\u00e7: &#8211; S\u2019kam n\u00ebnshkruar asgj\u00eb!","author":"Kurt Farka","date":"March 19, 2023","format":false,"excerpt":"19 Mars 2023 Pas m\u00eb shum\u00eb se 12 or\u00eb negociatash, Bashkimi Evropian njoftoi p\u00ebrfundimin e takimit trilateral n\u00eb Oh\u00ebr. Shefi i diplomacis\u00eb s\u00eb jashtme t\u00eb BE\u2019s\u00eb, Joseph Borrell ka folur p\u00ebr mediat pas nj\u00eb serie t\u00eb gjat\u00eb takimesh n\u00eb Oh\u00ebr me kryeministrin e Kosov\u00ebs Albin Kurtin dhe presidentin serb Aleksander\u2026","rel":"","context":"In &quot;Blogu i Udh\u00ebtarit&quot;","block_context":{"text":"Blogu i Udh\u00ebtarit","link":"https:\/\/www.shqiperia.com\/blog\/category\/blogu-i-udhetarit\/"},"img":{"alt_text":"","src":"https:\/\/i0.wp.com\/www.shqiperia.com\/blog\/wp-content\/uploads\/2023\/03\/640-0-borrelljpg-1679178630.jpg?fit=640%2C378&ssl=1&resize=350%2C200","width":350,"height":200,"srcset":"https:\/\/i0.wp.com\/www.shqiperia.com\/blog\/wp-content\/uploads\/2023\/03\/640-0-borrelljpg-1679178630.jpg?fit=640%2C378&ssl=1&resize=350%2C200 1x, https:\/\/i0.wp.com\/www.shqiperia.com\/blog\/wp-content\/uploads\/2023\/03\/640-0-borrelljpg-1679178630.jpg?fit=640%2C378&ssl=1&resize=525%2C300 1.5x"},"classes":[]}],"_links":{"self":[{"href":"https:\/\/www.shqiperia.com\/blog\/wp-json\/wp\/v2\/posts\/94395","targetHints":{"allow":["GET"]}}],"collection":[{"href":"https:\/\/www.shqiperia.com\/blog\/wp-json\/wp\/v2\/posts"}],"about":[{"href":"https:\/\/www.shqiperia.com\/blog\/wp-json\/wp\/v2\/types\/post"}],"author":[{"embeddable":true,"href":"https:\/\/www.shqiperia.com\/blog\/wp-json\/wp\/v2\/users\/9"}],"replies":[{"embeddable":true,"href":"https:\/\/www.shqiperia.com\/blog\/wp-json\/wp\/v2\/comments?post=94395"}],"version-history":[{"count":1,"href":"https:\/\/www.shqiperia.com\/blog\/wp-json\/wp\/v2\/posts\/94395\/revisions"}],"predecessor-version":[{"id":94397,"href":"https:\/\/www.shqiperia.com\/blog\/wp-json\/wp\/v2\/posts\/94395\/revisions\/94397"}],"wp:featuredmedia":[{"embeddable":true,"href":"https:\/\/www.shqiperia.com\/blog\/wp-json\/wp\/v2\/media\/94396"}],"wp:attachment":[{"href":"https:\/\/www.shqiperia.com\/blog\/wp-json\/wp\/v2\/media?parent=94395"}],"wp:term":[{"taxonomy":"category","embeddable":true,"href":"https:\/\/www.shqiperia.com\/blog\/wp-json\/wp\/v2\/categories?post=94395"},{"taxonomy":"post_tag","embeddable":true,"href":"https:\/\/www.shqiperia.com\/blog\/wp-json\/wp\/v2\/tags?post=94395"}],"curies":[{"name":"wp","href":"https:\/\/api.w.org\/{rel}","templated":true}]}}