{"id":94392,"date":"2025-10-26T18:42:55","date_gmt":"2025-10-26T18:42:55","guid":{"rendered":"https:\/\/www.shqiperia.com\/blog\/?p=94392"},"modified":"2025-10-26T18:42:55","modified_gmt":"2025-10-26T18:42:55","slug":"permbytet-vau-i-dejes-perroi-i-glines-vershon-mbi-banesa-deme-te-medha-materiale","status":"publish","type":"post","link":"https:\/\/www.shqiperia.com\/blog\/permbytet-vau-i-dejes-perroi-i-glines-vershon-mbi-banesa-deme-te-medha-materiale\/","title":{"rendered":"P\u00ebrmbytet Vau i Dej\u00ebs, p\u00ebrroi i Glin\u00ebs v\u00ebrshon mbi banesa, d\u00ebme t\u00eb m\u00ebdha materiale"},"content":{"rendered":"<p><img data-recalc-dims=\"1\" loading=\"lazy\" decoding=\"async\" data-attachment-id=\"94393\" data-permalink=\"https:\/\/www.shqiperia.com\/blog\/permbytet-vau-i-dejes-perroi-i-glines-vershon-mbi-banesa-deme-te-medha-materiale\/640-0-permbytjet-shkoder1-770x415-1\/\" data-orig-file=\"https:\/\/i0.wp.com\/www.shqiperia.com\/blog\/wp-content\/uploads\/2025\/10\/640-0-permbytjet-Shkoder1-770x415-1.jpg?fit=640%2C345&amp;ssl=1\" data-orig-size=\"640,345\" data-comments-opened=\"1\" data-image-meta=\"{&quot;aperture&quot;:&quot;0&quot;,&quot;credit&quot;:&quot;&quot;,&quot;camera&quot;:&quot;&quot;,&quot;caption&quot;:&quot;&quot;,&quot;created_timestamp&quot;:&quot;0&quot;,&quot;copyright&quot;:&quot;&quot;,&quot;focal_length&quot;:&quot;0&quot;,&quot;iso&quot;:&quot;0&quot;,&quot;shutter_speed&quot;:&quot;0&quot;,&quot;title&quot;:&quot;&quot;,&quot;orientation&quot;:&quot;0&quot;}\" data-image-title=\"640-0-permbytjet-Shkoder1-770&#215;415-1\" data-image-description=\"\" data-image-caption=\"\" data-medium-file=\"https:\/\/i0.wp.com\/www.shqiperia.com\/blog\/wp-content\/uploads\/2025\/10\/640-0-permbytjet-Shkoder1-770x415-1.jpg?fit=300%2C162&amp;ssl=1\" data-large-file=\"https:\/\/i0.wp.com\/www.shqiperia.com\/blog\/wp-content\/uploads\/2025\/10\/640-0-permbytjet-Shkoder1-770x415-1.jpg?fit=640%2C345&amp;ssl=1\" class=\"alignnone  wp-image-94393\" alt=\"\" src=\"https:\/\/i0.wp.com\/www.shqiperia.com\/blog\/wp-content\/uploads\/2025\/10\/640-0-permbytjet-Shkoder1-770x415-1.jpg?resize=611%2C330&#038;ssl=1\" width=\"611\" height=\"330\" srcset=\"https:\/\/i0.wp.com\/www.shqiperia.com\/blog\/wp-content\/uploads\/2025\/10\/640-0-permbytjet-Shkoder1-770x415-1.jpg?resize=300%2C162&amp;ssl=1 300w, https:\/\/i0.wp.com\/www.shqiperia.com\/blog\/wp-content\/uploads\/2025\/10\/640-0-permbytjet-Shkoder1-770x415-1.jpg?resize=450%2C243&amp;ssl=1 450w, https:\/\/i0.wp.com\/www.shqiperia.com\/blog\/wp-content\/uploads\/2025\/10\/640-0-permbytjet-Shkoder1-770x415-1.jpg?resize=600%2C323&amp;ssl=1 600w, https:\/\/i0.wp.com\/www.shqiperia.com\/blog\/wp-content\/uploads\/2025\/10\/640-0-permbytjet-Shkoder1-770x415-1.jpg?resize=400%2C216&amp;ssl=1 400w, https:\/\/i0.wp.com\/www.shqiperia.com\/blog\/wp-content\/uploads\/2025\/10\/640-0-permbytjet-Shkoder1-770x415-1.jpg?w=640&amp;ssl=1 640w\" sizes=\"auto, (max-width: 611px) 100vw, 611px\" \/><\/p>\n<p>26 Tetor 2025<\/p>\n<p>Qarku i Shkodr\u00ebs \u00ebsht\u00eb p\u00ebrfshir\u00eb m\u00ebngjesin e s\u00eb diel\u00ebs nga p\u00ebrmbytjet n\u00eb disa zona t\u00eb ndryshme.<\/p>\n<p>P\u00ebrkeq\u00ebsimi i motit ka b\u00ebr\u00eb q\u00eb n\u00eb Vaun e Dej\u00ebs, p\u00ebrroi i Glin\u00ebs t\u00eb dal\u00eb nga shtrati duke p\u00ebrmbytur mbi 100 banesa dhe qindra hektar\u00eb tok\u00eb si dhe duke shkaktuar nj\u00eb d\u00ebm t\u00eb madh material, shkruan A2.<\/p>\n<p>Shqet\u00ebsuese situata \u00ebsht\u00eb tek banesa e fermerit Ded\u00eb Smakaj n\u00eb Vaun e Dej\u00ebs, ku nj\u00eb shtyll\u00eb e tensionit q\u00eb furnizon gjith\u00eb qytetin rrezikon shembjen nga g\u00ebrryerja e tok\u00ebs p\u00ebr shkak t\u00eb p\u00ebrroit.<\/p>\n<p>Kryebashkiaku Kristian Shkreli shprehet se disa her\u00eb ka k\u00ebrkuar nj\u00eb investim p\u00ebr mbrojtjen nga p\u00ebrroi i Glin\u00ebs, por asnj\u00ebher\u00eb ai projekt nuk \u00ebsht\u00eb financuar.<\/p>\n<p>Nd\u00ebrkoh\u00eb, n\u00eb nj\u00ebsin\u00eb Gur i Zi ka probleme nga p\u00ebrroi duke krijuar v\u00ebshtir\u00ebsi n\u00eb rrug\u00ebn Shkod\u00ebr-Vau i Dej\u00ebs, ashtu si\u00e7 tek harku i B\u00ebrdic\u00ebs dhe Kryebushat n\u00eb aksin Shkod\u00ebr-Tiran\u00eb ka patur prezenc\u00eb uji.<\/p>\n<p>Probleme ka edhe n\u00eb bashkit\u00eb Mal\u00ebsi e Madhe, Puk\u00eb e Fush\u00eb Arr\u00ebs me rr\u00ebshqitje gur\u00ebsh e bllokim t\u00eb rrug\u00ebve rurale nga inertet.<\/p>\n","protected":false},"excerpt":{"rendered":"<p>26 Tetor 2025 Qarku i Shkodr\u00ebs \u00ebsht\u00eb p\u00ebrfshir\u00eb m\u00ebngjesin e s\u00eb diel\u00ebs nga p\u00ebrmbytjet n\u00eb disa zona t\u00eb ndryshme. P\u00ebrkeq\u00ebsimi i motit ka b\u00ebr\u00eb q\u00eb n\u00eb Vaun e Dej\u00ebs, p\u00ebrroi i Glin\u00ebs t\u00eb dal\u00eb nga shtrati duke p\u00ebrmbytur mbi 100 banesa dhe qindra hektar\u00eb tok\u00eb si dhe duke shkaktuar nj\u00eb d\u00ebm t\u00eb madh material, shkruan [&hellip;]<\/p>\n","protected":false},"author":9,"featured_media":94393,"comment_status":"open","ping_status":"open","sticky":false,"template":"","format":"standard","meta":{"jetpack_post_was_ever_published":false,"_jetpack_newsletter_access":"","_jetpack_dont_email_post_to_subs":false,"_jetpack_newsletter_tier_id":0,"_jetpack_memberships_contains_paywalled_content":false,"_jetpack_memberships_contains_paid_content":false,"footnotes":"","jetpack_publicize_message":"","jetpack_publicize_feature_enabled":true,"jetpack_social_post_already_shared":true,"jetpack_social_options":{"image_generator_settings":{"template":"highway","default_image_id":0,"font":"","enabled":false},"version":2}},"categories":[27,1],"tags":[],"class_list":["post-94392","post","type-post","status-publish","format-standard","has-post-thumbnail","hentry","category-blogu-i-udhetarit","category-njoftime-shtypi"],"jetpack_publicize_connections":[],"jetpack_featured_media_url":"https:\/\/i0.wp.com\/www.shqiperia.com\/blog\/wp-content\/uploads\/2025\/10\/640-0-permbytjet-Shkoder1-770x415-1.jpg?fit=640%2C345&ssl=1","jetpack_sharing_enabled":true,"jetpack_shortlink":"https:\/\/wp.me\/p5Z6wp-oys","jetpack-related-posts":[{"id":62402,"url":"https:\/\/www.shqiperia.com\/blog\/reshjet-rrisin-me-1-meter-nivelin-e-fierzes-ne-koman-dhe-vaun-e-dejes-ulet-per-shkak-te-prodhimit-kesh-merr-masat-per-krijimin-e-rezerves-hidrike\/","url_meta":{"origin":94392,"position":0},"title":"Reshjet rrisin me 1 met\u00ebr nivelin e Fierz\u00ebs, n\u00eb Koman dhe Vaun e Dej\u00ebs ulet p\u00ebr shkak t\u00eb prodhimit! KESH merr masat p\u00ebr krijimin e rezerv\u00ebs hidrike","author":"Kurt Farka","date":"September 17, 2022","format":false,"excerpt":"17 Shtator 2022 Kan\u00eb mjaftuar vet\u00ebm pak or\u00eb reshje q\u00eb t\u00eb rritet niveli i niveli i ujit n\u00eb Kaskad\u00ebn e Fierz\u00ebs. Korporata Elektroenergjetike Shqiptare ka dh\u00ebn\u00eb shifrat e vendit. KESH njofton se sipas parashikimeve t\u00eb motit pritet q\u00eb gjat\u00eb dit\u00ebs s\u00eb sotme pritet t\u00eb ket\u00eb reshje shiu me intensitet t\u00eb\u2026","rel":"","context":"In &quot;Blogu i Udh\u00ebtarit&quot;","block_context":{"text":"Blogu i Udh\u00ebtarit","link":"https:\/\/www.shqiperia.com\/blog\/category\/blogu-i-udhetarit\/"},"img":{"alt_text":"","src":"https:\/\/i0.wp.com\/www.shqiperia.com\/blog\/wp-content\/uploads\/2022\/09\/1657435118_Energji1038.jpg?fit=780%2C440&ssl=1&resize=350%2C200","width":350,"height":200,"srcset":"https:\/\/i0.wp.com\/www.shqiperia.com\/blog\/wp-content\/uploads\/2022\/09\/1657435118_Energji1038.jpg?fit=780%2C440&ssl=1&resize=350%2C200 1x, https:\/\/i0.wp.com\/www.shqiperia.com\/blog\/wp-content\/uploads\/2022\/09\/1657435118_Energji1038.jpg?fit=780%2C440&ssl=1&resize=525%2C300 1.5x, https:\/\/i0.wp.com\/www.shqiperia.com\/blog\/wp-content\/uploads\/2022\/09\/1657435118_Energji1038.jpg?fit=780%2C440&ssl=1&resize=700%2C400 2x"},"classes":[]},{"id":87139,"url":"https:\/\/www.shqiperia.com\/blog\/nga-1-janari-2025-rritet-cmimi-i-ujit-per-bashkite-shkoder-sh-a-e-cila-ka-ne-mbulim-shkodren-vaun-e-dejes-puken-fushe-arrzin-dhe-malesine-e-madhe\/","url_meta":{"origin":94392,"position":1},"title":"Nga 1 janari 2025 rritet \u00e7mimi i ujit p\u00ebr Bashkite: &#8211; Shkod\u00ebr sh.a e cila ka n\u00eb mbulim Shkodr\u00ebn, Vaun e Dej\u00ebs, Puk\u00ebn, Fush\u00eb Arrzin dhe Mal\u00ebsin\u00eb e Madhe.","author":"Kurt Farka","date":"December 6, 2024","format":false,"excerpt":"6 Dhjetor 2024 Enti Rregullator i Ujit ka vendosur rritjen e \u00e7mimit t\u00eb ujit pas k\u00ebrkes\u00ebs s\u00eb dy shoq\u00ebrive t\u00eb cilat kan\u00eb n\u00eb administrim 12 nj\u00ebsi apo bashki. Rritja e \u00e7mimit \u00ebsht\u00eb b\u00ebr\u00eb kryesisht p\u00ebr kategorin\u00eb e familjar\u00ebve teksa p\u00ebr bizneset dhe institucionet publike nuk jan\u00eb b\u00ebr\u00eb rishikime me p\u00ebrjashtim\u2026","rel":"","context":"In &quot;Blogu i Udh\u00ebtarit&quot;","block_context":{"text":"Blogu i Udh\u00ebtarit","link":"https:\/\/www.shqiperia.com\/blog\/category\/blogu-i-udhetarit\/"},"img":{"alt_text":"","src":"https:\/\/i0.wp.com\/www.shqiperia.com\/blog\/wp-content\/uploads\/2024\/12\/uji.jpg?fit=746%2C453&ssl=1&resize=350%2C200","width":350,"height":200,"srcset":"https:\/\/i0.wp.com\/www.shqiperia.com\/blog\/wp-content\/uploads\/2024\/12\/uji.jpg?fit=746%2C453&ssl=1&resize=350%2C200 1x, https:\/\/i0.wp.com\/www.shqiperia.com\/blog\/wp-content\/uploads\/2024\/12\/uji.jpg?fit=746%2C453&ssl=1&resize=525%2C300 1.5x, https:\/\/i0.wp.com\/www.shqiperia.com\/blog\/wp-content\/uploads\/2024\/12\/uji.jpg?fit=746%2C453&ssl=1&resize=700%2C400 2x"},"classes":[]},{"id":22492,"url":"https:\/\/www.shqiperia.com\/blog\/shkarkimi-i-zef-hiles-basha-edi-rama-plan-per-viktima-ne-shqiperi\/","url_meta":{"origin":94392,"position":2},"title":"Shkarkimi i Zef Hil\u00ebs, Basha: &#8211; Edi Rama, plan p\u00ebr viktima n\u00eb Shqip\u00ebri. &#8211;","author":"Kurt Farka","date":"June 29, 2019","format":false,"excerpt":"Shkarkimi i Zef Hil\u00ebs, Basha: - Edi Rama, plan p\u00ebr viktima n\u00eb Shqip\u00ebri. - 28\/06\/19 Nga\u00a0 mapo.al Kreu i Partis\u00eb Demorkatike Lulzim Basha, ka dal\u00eb n\u00eb nj\u00eb konferenc\u00eb urgjente menj\u00ebher\u00eb pas shkarkimit t\u00eb kryebashkiakut t\u00eb Vaut t\u00eb Dej\u00ebs, Zef Hila. Basha tha se ajo q\u00eb ndodhi n\u00eb Vaun e Dej\u00ebs\u2026","rel":"","context":"In &quot;Blogu i Udh\u00ebtarit&quot;","block_context":{"text":"Blogu i Udh\u00ebtarit","link":"https:\/\/www.shqiperia.com\/blog\/category\/blogu-i-udhetarit\/"},"img":{"alt_text":"","src":"https:\/\/i0.wp.com\/www.shqiperia.com\/blog\/wp-content\/uploads\/2019\/06\/Zef-Hila-Kryetari-i-Vadejsit.jpg?fit=1024%2C576&ssl=1&resize=350%2C200","width":350,"height":200,"srcset":"https:\/\/i0.wp.com\/www.shqiperia.com\/blog\/wp-content\/uploads\/2019\/06\/Zef-Hila-Kryetari-i-Vadejsit.jpg?fit=1024%2C576&ssl=1&resize=350%2C200 1x, https:\/\/i0.wp.com\/www.shqiperia.com\/blog\/wp-content\/uploads\/2019\/06\/Zef-Hila-Kryetari-i-Vadejsit.jpg?fit=1024%2C576&ssl=1&resize=525%2C300 1.5x, https:\/\/i0.wp.com\/www.shqiperia.com\/blog\/wp-content\/uploads\/2019\/06\/Zef-Hila-Kryetari-i-Vadejsit.jpg?fit=1024%2C576&ssl=1&resize=700%2C400 2x"},"classes":[]},{"id":67387,"url":"https:\/\/www.shqiperia.com\/blog\/zona-ne-veri-te-shqiperise-vazhdon-te-kete-ritme-te-uleta-zhvillimi-krahasuar-me-pjesen-tjeter-te-vendit\/","url_meta":{"origin":94392,"position":3},"title":"Zona n\u00eb veri t\u00eb Shqip\u00ebris\u00eb vazhdon t\u00eb ket\u00eb ritme t\u00eb ul\u00ebta zhvillimi krahasuar me pjes\u00ebn tjet\u00ebr t\u00eb vendit.\u00a0","author":"Kurt Farka","date":"February 5, 2023","format":false,"excerpt":"5 Shkurt 2023 Megjith\u00ebse me burime t\u00eb shumta n\u00eb fush\u00ebn e energjetik\u00ebs, pyjeve, mineraleve dhe vlerave turistike, kjo zon\u00eb vler\u00ebsohet si nd\u00ebr m\u00eb t\u00eb varf\u00ebrat n\u00eb Shqip\u00ebri. Komunitetet lokale nuk arrijn\u00eb t\u00eb p\u00ebrfitojn\u00eb thuajse asgj\u00eb nga shfryt\u00ebzimi q\u00eb i b\u00ebhet pasurive natyrore q\u00eb gjenden n\u00eb territorin e bashkive t\u00eb tyre.\u2026","rel":"","context":"In &quot;Blogu i Udh\u00ebtarit&quot;","block_context":{"text":"Blogu i Udh\u00ebtarit","link":"https:\/\/www.shqiperia.com\/blog\/category\/blogu-i-udhetarit\/"},"img":{"alt_text":"","src":"https:\/\/i0.wp.com\/www.shqiperia.com\/blog\/wp-content\/uploads\/2023\/02\/800-0-113ed5dbebaae539538b2fc52f9a91d7.jpg?fit=800%2C514&ssl=1&resize=350%2C200","width":350,"height":200,"srcset":"https:\/\/i0.wp.com\/www.shqiperia.com\/blog\/wp-content\/uploads\/2023\/02\/800-0-113ed5dbebaae539538b2fc52f9a91d7.jpg?fit=800%2C514&ssl=1&resize=350%2C200 1x, https:\/\/i0.wp.com\/www.shqiperia.com\/blog\/wp-content\/uploads\/2023\/02\/800-0-113ed5dbebaae539538b2fc52f9a91d7.jpg?fit=800%2C514&ssl=1&resize=525%2C300 1.5x, https:\/\/i0.wp.com\/www.shqiperia.com\/blog\/wp-content\/uploads\/2023\/02\/800-0-113ed5dbebaae539538b2fc52f9a91d7.jpg?fit=800%2C514&ssl=1&resize=700%2C400 2x"},"classes":[]},{"id":71003,"url":"https:\/\/www.shqiperia.com\/blog\/tjeter-percarje-pd-ja-e-alibeajt-merr-goditjen-qe-nuk-e-priste\/","url_meta":{"origin":94392,"position":4},"title":"Tjet\u00ebr p\u00ebr\u00e7arje. &#8211; PD-ja e Alibeajt merr goditjen q\u00eb nuk e priste","author":"Kurt Farka","date":"April 22, 2023","format":false,"excerpt":"22 Prill 2023 L\u00ebmshi vazhdon. Partia Demokratike e Vules p\u00ebson nj\u00eb tjet\u00ebr \u00e7arje. Prej disa dit\u00ebsh n\u00eb hije, sekretari i p\u00ebrgjithsh\u00ebm i PD-s\u00eb, Gazment Bardhi u shfaq sot. N\u00eb nj\u00eb postim n\u00eb Facebook, deputeti demokrat njoftoi se ishte n\u00eb Vaun e Dej\u00ebs n\u00eb krah t\u00eb kandidatit t\u00eb Sali Berish\u00ebs dhe\u2026","rel":"","context":"In &quot;Blogu i Udh\u00ebtarit&quot;","block_context":{"text":"Blogu i Udh\u00ebtarit","link":"https:\/\/www.shqiperia.com\/blog\/category\/blogu-i-udhetarit\/"},"img":{"alt_text":"","src":"https:\/\/i0.wp.com\/www.shqiperia.com\/blog\/wp-content\/uploads\/2023\/04\/342793511_611461711005505_8941509010036641669_n.jpg?fit=1200%2C800&ssl=1&resize=350%2C200","width":350,"height":200,"srcset":"https:\/\/i0.wp.com\/www.shqiperia.com\/blog\/wp-content\/uploads\/2023\/04\/342793511_611461711005505_8941509010036641669_n.jpg?fit=1200%2C800&ssl=1&resize=350%2C200 1x, https:\/\/i0.wp.com\/www.shqiperia.com\/blog\/wp-content\/uploads\/2023\/04\/342793511_611461711005505_8941509010036641669_n.jpg?fit=1200%2C800&ssl=1&resize=525%2C300 1.5x, https:\/\/i0.wp.com\/www.shqiperia.com\/blog\/wp-content\/uploads\/2023\/04\/342793511_611461711005505_8941509010036641669_n.jpg?fit=1200%2C800&ssl=1&resize=700%2C400 2x, https:\/\/i0.wp.com\/www.shqiperia.com\/blog\/wp-content\/uploads\/2023\/04\/342793511_611461711005505_8941509010036641669_n.jpg?fit=1200%2C800&ssl=1&resize=1050%2C600 3x"},"classes":[]},{"id":17666,"url":"https:\/\/www.shqiperia.com\/blog\/7-minuta-takim-edi-rama-braktiset-nga-te-gjithe\/","url_meta":{"origin":94392,"position":5},"title":"7 minuta takim, Edi Rama braktiset nga t\u00eb gjith\u00eb. &#8211;","author":"Kurt Farka","date":"February 19, 2019","format":false,"excerpt":"7 minuta takim, Edi Rama braktiset nga t\u00eb gjith\u00eb. - 19 Shkurt, 2019 \u00c7do dit\u00eb q\u00eb kalon, tregon se Edi Rama \u00ebsht\u00eb braktisur nga populli. Kjo duket edhe n\u00eb vizit\u00ebn e tij t\u00eb shpejt\u00eb q\u00eb ka b\u00ebr\u00eb n\u00eb Vaun e Dej\u00ebs. Rama \u00ebsht\u00eb pritur vet\u00ebm nga punonj\u00ebsit e nj\u00eb fabrike\u2026","rel":"","context":"In &quot;Blogu i Udh\u00ebtarit&quot;","block_context":{"text":"Blogu i Udh\u00ebtarit","link":"https:\/\/www.shqiperia.com\/blog\/category\/blogu-i-udhetarit\/"},"img":{"alt_text":"","src":"https:\/\/i0.wp.com\/www.shqiperia.com\/blog\/wp-content\/uploads\/2019\/02\/4-2-Copy.jpg?fit=1024%2C545&ssl=1&resize=350%2C200","width":350,"height":200,"srcset":"https:\/\/i0.wp.com\/www.shqiperia.com\/blog\/wp-content\/uploads\/2019\/02\/4-2-Copy.jpg?fit=1024%2C545&ssl=1&resize=350%2C200 1x, https:\/\/i0.wp.com\/www.shqiperia.com\/blog\/wp-content\/uploads\/2019\/02\/4-2-Copy.jpg?fit=1024%2C545&ssl=1&resize=525%2C300 1.5x, https:\/\/i0.wp.com\/www.shqiperia.com\/blog\/wp-content\/uploads\/2019\/02\/4-2-Copy.jpg?fit=1024%2C545&ssl=1&resize=700%2C400 2x"},"classes":[]}],"_links":{"self":[{"href":"https:\/\/www.shqiperia.com\/blog\/wp-json\/wp\/v2\/posts\/94392","targetHints":{"allow":["GET"]}}],"collection":[{"href":"https:\/\/www.shqiperia.com\/blog\/wp-json\/wp\/v2\/posts"}],"about":[{"href":"https:\/\/www.shqiperia.com\/blog\/wp-json\/wp\/v2\/types\/post"}],"author":[{"embeddable":true,"href":"https:\/\/www.shqiperia.com\/blog\/wp-json\/wp\/v2\/users\/9"}],"replies":[{"embeddable":true,"href":"https:\/\/www.shqiperia.com\/blog\/wp-json\/wp\/v2\/comments?post=94392"}],"version-history":[{"count":1,"href":"https:\/\/www.shqiperia.com\/blog\/wp-json\/wp\/v2\/posts\/94392\/revisions"}],"predecessor-version":[{"id":94394,"href":"https:\/\/www.shqiperia.com\/blog\/wp-json\/wp\/v2\/posts\/94392\/revisions\/94394"}],"wp:featuredmedia":[{"embeddable":true,"href":"https:\/\/www.shqiperia.com\/blog\/wp-json\/wp\/v2\/media\/94393"}],"wp:attachment":[{"href":"https:\/\/www.shqiperia.com\/blog\/wp-json\/wp\/v2\/media?parent=94392"}],"wp:term":[{"taxonomy":"category","embeddable":true,"href":"https:\/\/www.shqiperia.com\/blog\/wp-json\/wp\/v2\/categories?post=94392"},{"taxonomy":"post_tag","embeddable":true,"href":"https:\/\/www.shqiperia.com\/blog\/wp-json\/wp\/v2\/tags?post=94392"}],"curies":[{"name":"wp","href":"https:\/\/api.w.org\/{rel}","templated":true}]}}