{"id":94387,"date":"2025-10-24T16:15:04","date_gmt":"2025-10-24T16:15:04","guid":{"rendered":"https:\/\/www.shqiperia.com\/blog\/?p=94387"},"modified":"2025-10-24T16:15:04","modified_gmt":"2025-10-24T16:15:04","slug":"malet-per-1-euro-nga-zjarret-te-resortet-kush-perfiton-nga-paketa-e-maleve","status":"publish","type":"post","link":"https:\/\/www.shqiperia.com\/blog\/malet-per-1-euro-nga-zjarret-te-resortet-kush-perfiton-nga-paketa-e-maleve\/","title":{"rendered":"Malet p\u00ebr 1 euro! Nga zjarret te resortet: kush p\u00ebrfiton nga \u2018Paketa e Maleve\u2019."},"content":{"rendered":"<p><img data-recalc-dims=\"1\" loading=\"lazy\" decoding=\"async\" data-attachment-id=\"94388\" data-permalink=\"https:\/\/www.shqiperia.com\/blog\/malet-per-1-euro-nga-zjarret-te-resortet-kush-perfiton-nga-paketa-e-maleve\/auto_auto_rama-ewtewter17612180761761313142\/\" data-orig-file=\"https:\/\/i0.wp.com\/www.shqiperia.com\/blog\/wp-content\/uploads\/2025\/10\/auto_auto_rama-ewtewter17612180761761313142.png?fit=900%2C575&amp;ssl=1\" data-orig-size=\"900,575\" data-comments-opened=\"1\" data-image-meta=\"{&quot;aperture&quot;:&quot;0&quot;,&quot;credit&quot;:&quot;&quot;,&quot;camera&quot;:&quot;&quot;,&quot;caption&quot;:&quot;&quot;,&quot;created_timestamp&quot;:&quot;0&quot;,&quot;copyright&quot;:&quot;&quot;,&quot;focal_length&quot;:&quot;0&quot;,&quot;iso&quot;:&quot;0&quot;,&quot;shutter_speed&quot;:&quot;0&quot;,&quot;title&quot;:&quot;&quot;,&quot;orientation&quot;:&quot;0&quot;}\" data-image-title=\"auto_auto_rama-ewtewter17612180761761313142\" data-image-description=\"\" data-image-caption=\"\" data-medium-file=\"https:\/\/i0.wp.com\/www.shqiperia.com\/blog\/wp-content\/uploads\/2025\/10\/auto_auto_rama-ewtewter17612180761761313142.png?fit=300%2C192&amp;ssl=1\" data-large-file=\"https:\/\/i0.wp.com\/www.shqiperia.com\/blog\/wp-content\/uploads\/2025\/10\/auto_auto_rama-ewtewter17612180761761313142.png?fit=900%2C575&amp;ssl=1\" class=\"alignnone  wp-image-94388\" alt=\"\" src=\"https:\/\/i0.wp.com\/www.shqiperia.com\/blog\/wp-content\/uploads\/2025\/10\/auto_auto_rama-ewtewter17612180761761313142-300x192.png?resize=686%2C439&#038;ssl=1\" width=\"686\" height=\"439\" srcset=\"https:\/\/i0.wp.com\/www.shqiperia.com\/blog\/wp-content\/uploads\/2025\/10\/auto_auto_rama-ewtewter17612180761761313142.png?resize=300%2C192&amp;ssl=1 300w, https:\/\/i0.wp.com\/www.shqiperia.com\/blog\/wp-content\/uploads\/2025\/10\/auto_auto_rama-ewtewter17612180761761313142.png?resize=768%2C491&amp;ssl=1 768w, https:\/\/i0.wp.com\/www.shqiperia.com\/blog\/wp-content\/uploads\/2025\/10\/auto_auto_rama-ewtewter17612180761761313142.png?resize=450%2C288&amp;ssl=1 450w, https:\/\/i0.wp.com\/www.shqiperia.com\/blog\/wp-content\/uploads\/2025\/10\/auto_auto_rama-ewtewter17612180761761313142.png?resize=600%2C383&amp;ssl=1 600w, https:\/\/i0.wp.com\/www.shqiperia.com\/blog\/wp-content\/uploads\/2025\/10\/auto_auto_rama-ewtewter17612180761761313142.png?resize=400%2C256&amp;ssl=1 400w, https:\/\/i0.wp.com\/www.shqiperia.com\/blog\/wp-content\/uploads\/2025\/10\/auto_auto_rama-ewtewter17612180761761313142.png?w=900&amp;ssl=1 900w\" sizes=\"auto, (max-width: 686px) 100vw, 686px\" \/><\/p>\n<p>24 Tetor 2025<\/p>\n<p>Kryeministri Edi Rama u p\u00ebrpoq dje t\u00eb heq\u00eb p\u00ebrgjegj\u00ebsin\u00eb nga vetja p\u00ebr vonesat n\u00eb zbatimin e \u201cPaket\u00ebs s\u00eb Maleve\u201d, duke akuzuar kryebashkiak\u00ebt se po pengojn\u00eb projektin me mosdor\u00ebzimin e hartave p\u00ebr zonat malore ku do t\u00eb zbatohen investimet.<\/p>\n<p>Por nd\u00ebrsa qeveria k\u00ebrkon shpejt\u00ebsi, nj\u00eb rrezik i madh \u00ebsht\u00eb n\u00eb horizont. \u00c7\u00ebshtja e pronave mbetet \u201cthembra e Akilit\u201d e k\u00ebsaj nisme.<\/p>\n<p>Ligji i miratuar n\u00eb mas 2025 me votat e maxhoranc\u00ebs, i hap drit\u00ebn jeshil\u00eb kalimit t\u00eb pron\u00ebsis\u00eb p\u00ebrmes shitjes me tarif\u00ebn simbolike 1 euro t\u00eb k\u00ebtyre pasurive t\u00eb paluajtshme shtet\u00ebrore, t\u00eb cilat rezultojn\u00eb t\u00eb jen\u00eb n\u00eb posedim faktik.<\/p>\n<p>P\u00ebr kryetarin e Partis\u00eb Demokratike Sali Berisha dhe deputet\u00ebt e opozit\u00ebs \u00a0jemi p\u00ebrpara \u2018nj\u00eb pla\u00e7kitje e madhe\u2019, ku Rama po nd\u00ebrsen \u2018baron\u00ebt e drog\u00ebs kund\u00ebr tokave t\u00eb qytetar\u00ebve.<\/p>\n<p><strong>Pse kryetar\u00ebt e bashkive nuk kan\u00eb dor\u00ebzuar hartat e zonave prioritare?<\/strong><\/p>\n<p>Drejtuesi i Institutit p\u00ebr Bashkit\u00eb e Shqip\u00ebris\u00eb, eksperti i \u00e7\u00ebshtjeve vendore, Agron Haxhimali e ka nj\u00eb p\u00ebrgjigje. Thembra e Akilit e k\u00ebsaj pakete \u00ebsht\u00eb \u00e7\u00ebshtja e pron\u00ebs.<\/p>\n<p>Problemi nuk \u00ebsht\u00eb mungesa e vullnetit, por mosp\u00ebrputhjet ligjore dhe kadastrole<em>\u00a0\u201cNuk \u00ebsht\u00eb se jan\u00eb pengues t\u00eb k\u00ebtyre proceseve, por s&#8217;kan\u00eb \u00e7far\u00eb ti japin se nuk ka p\u00ebrputhshm\u00ebri, se diku bie me 7501-shin, diku bie me 20\/20, diku me nj\u00eb vendim prone t\u00eb kthyer me gjykat\u00ebn. Ka nj\u00eb mosp\u00ebrputhje midis asaj hart\u00ebs q\u00eb ai ju k\u00ebrkon, si \u00ebsht\u00eb e regjistruar kjo pron\u00eb n\u00eb kadastr\u00ebn e shtetit\u201d tha Haxhimali.<\/em><\/p>\n<p>Pra kemi t\u00eb b\u00ebjm\u00eb me \u2018tok\u00eb me shum\u00eb zot\u00ebr\u201d. \u00a0E nj\u00eb tjet\u00ebr shqet\u00ebsimi i madh me pronat e zonave malore \u00ebsht\u00eb se n\u00eb t\u00eb shumt\u00ebn e koh\u00ebs jan\u00eb t\u00eb ndara verbalisht mes bashk\u00ebfshatar\u00ebve, por nuk jan\u00eb t\u00eb pajisur me dokumentacionin p\u00ebrkat\u00ebs.<\/p>\n<p><strong>Frika se\u00a0mos p\u00ebrfundonj\u00eb n\u00eb SPAK a n\u00eb burg<\/strong><\/p>\n<p>Megjith\u00ebse ndodhet p\u00ebrball\u00eb nj\u00eb situate t\u00eb till\u00eb Rama urdh\u00ebron t\u00eb gjith\u00eb krer\u00ebt e pushtetit lokal q\u00eb brenda tre dit\u00ebsh t\u00eb depozitojn\u00eb hartat p\u00ebr zonat q\u00eb banor\u00ebt kan\u00eb shprehur interes investimi.<\/p>\n<p>Por nuk \u00ebsht\u00eb fjal\u00eb goje. Haxhimali u b\u00ebn thirrje kryetar\u00ebve kryetar\u00ebt e bashkive se duhet t\u00eb ken\u00eb kujdes t\u00eb mos zbatojn\u00eb urdhra t\u00eb paqart\u00eb, pasi mund t\u00eb p\u00ebrballen me ndjekje penale.\u201cKryetarja e bashkis\u00eb Lushnj\u00eb p\u00ebr nj\u00eb kontrat\u00eb qiraje p\u00ebr nj\u00eb pron\u00eb, sot \u00ebsht\u00eb n\u00eb SPAK. Pse duhet t\u00eb shkoj\u00eb kryetari i Puk\u00ebs n\u00eb SPAK p\u00ebr nj\u00eb urdh\u00ebr t\u00eb paqart\u00eb<\/p>\n<p>Ju kujtoj vet\u00ebm nj\u00eb rast n\u00eb vitet e para t\u00eb qeverisjes Rama shkoi n\u00eb Berat. Aty nj\u00eb zonj\u00eb u ankua nga ALUIZNI se nuk po i b\u00ebnte letrat. Po. Edhe ky i tha, d\u00ebgjo i tha drejtorit, un\u00eb s&#8217;do iki sot tha, k\u00ebtu, nes\u00ebr mjes\u00eb kjo zonja do t\u00eb ket\u00eb letrat e ALUIZNI-t. Zonja i mori letrat e ALUIZNI-t, po drejtori shkoi n\u00eb burg. H\u00ebh\u00eb. Se ia dhan\u00eb n\u00eb m\u00ebnyr\u00eb t\u00eb paligjshme.\u201d<\/p>\n<p><strong>\u00a0Pse Rama po nxiton?<\/strong><\/p>\n<p>P\u00ebrball\u00eb mos zgjidhjes s\u00eb c\u00ebshtjes s\u00eb pronave, ultimatumi i Ram\u00ebs p\u00ebr t\u00eb sjell\u00eb sa m\u00eb par\u00eb hartat \u00ebsht\u00eb i nxituar, nd\u00ebrsa kryetar\u00ebt e bashkive duhet t\u00eb b\u00ebjn\u00eb kujdes p\u00ebr t\u00eb zbatuar ligjin dhe jo urdhrat e paqarta.<\/p>\n<p>N\u00eb shumic\u00ebn e zonave malore, pronat jan\u00eb t\u00eb ndara \u201cme goj\u00eb\u201d mes familjeve, por pa dokumente zyrtare.<\/p>\n<p>Sipas ligjit t\u00eb ri, \u201cposeduesi\u201d mund t\u00eb b\u00ebhet pronar n\u00ebse provon se ka jetuar apo e ka p\u00ebrdorur tok\u00ebn p\u00ebr 10 vite, me tre d\u00ebshmitar\u00eb ose foto satelitore.<\/p>\n<p>Por kjo, sipas ekspertit, \u00ebsht\u00eb nj\u00eb kle\u00e7k\u00eb ligjore q\u00eb mund t\u00eb hap\u00eb rrug\u00ebn p\u00ebr abuzime t\u00eb m\u00ebdha:\u201c\u00c7far\u00ebdo t\u00eb b\u00ebj me fut t\u00eb gjith\u00eb \u2018Diellat\u2019, me fut t\u00eb gjith\u00eb ChatGPT-n\u00eb. Si b\u00ebhen hartat e pronave atyre q\u00eb kan\u00eb k\u00ebrkuar n\u00eb sekond? Pra nuk \u00ebsht\u00eb \u00e7\u00ebshtje vizatimi kjo. \u00c7far\u00eb baze juridike ka harta p\u00ebr t\u00eb v\u00ebrtetuar pron\u00ebsin\u00eb e tok\u00ebs\u201d thot\u00eb Haxhimali.<\/p>\n<p><em>\u201cK\u00ebto jan\u00eb shqet\u00ebsime duhet zgjedhur\u201d<span>\u00a0<\/span><\/em>shton ai, nd\u00ebrsa e quan positive faktin q\u00eb kryetar\u00ebt e bashkive jan\u00eb t\u00ebrhequr p\u00ebr t\u00eb mos e zbatuar.<\/p>\n<p>Kreu i PD-s\u00eb, Sali Berisha deklaroi dje se me k\u00ebt\u00eb \u2018paket\u00eb\u2019 Rama po mbjell far\u00ebn e armiq\u00ebsive dhe v\u00ebllavrasjes\u201cEdi Rama me asgj\u00eb nuk mund t\u00eb mbuloj\u00eb armiq\u00ebsin\u00eb e tij t\u00eb eg\u00ebr ndaj veriut t\u00eb Shqip\u00ebris\u00eb dhe zonave malore sepse n\u00eb vitin 2012, ne miratuam ligjin n\u00eb t\u00eb cilin investimin n\u00eb t\u00eb gjith\u00eb zonat malore e p\u00ebrjashtonim p\u00ebr 8 vite nga taksat. Por nuk autorizonim veten q\u00eb t\u00eb merrnim qoft\u00eb edhe nj\u00eb centimet\u00ebr tok\u00eb nga dikush. Pra, ai q\u00eb do b\u00ebnte investimin, problemin do e zgjidhte me pronar\u00ebt. K\u00ebshtu q\u00eb me k\u00ebt\u00eb q\u00eb po b\u00ebn, vet\u00ebm po mbjell far\u00ebn e armiq\u00ebsive dhe v\u00ebllavrasjes\u201d<\/p>\n<p><strong>Zjarret,\u00a0tymi\u00a0dhe poseudesit<\/strong><\/p>\n<p>Zjarret q\u00eb shkrumbuan n\u00eb ver\u00eb mij\u00ebra ha tok\u00eb nuk ishin t\u00eb rast\u00ebsishme. T\u00eb gjitha kan\u00eb qen\u00eb n\u00eb zona malore ku certifikatat e pron\u00ebsis\u00eb nuk ekzistojn\u00eb.<\/p>\n<p>Zakonisht n\u00eb Shqip\u00ebri pjesa m\u00eb e madhe e pronar\u00ebve kan\u00eb prona t\u00eb trash\u00ebguar brez pas brezi por jo t\u00eb regjistruara. Jan\u00eb t\u00eb ndara verbalisht por nuk kan\u00eb pasur konflikte, sidomos ne veri.<\/p>\n<p>Nd\u00ebrkoh\u00eb ligji thot\u00eb se edhe SHPK apo SHA q\u00eb kan\u00eb interes mund ta p\u00ebrfitojn\u00eb n\u00ebse v\u00ebrteton se e posedon p\u00ebr 10 vite dhe \u00e7do pron\u00eb do t\u00eb shitet nga shteti me 1 euro metri katror. B\u00ebhet fjal\u00eb p\u00ebr prona t\u00eb m\u00ebdha, ku investitor\u00ebt strategjik\u00eb mund t\u00eb b\u00ebjn\u00eb resorte malore p\u00ebr shembull.<\/p>\n<p>Eksperti shpjegon kle\u00e7\u00ebn dhe \u00e7far\u00eb mund t\u00eb ndodh\u00eb, duke intepretuar dhe termin \u2018poseduesi\u2019 n\u00eb \u2018paket\u00ebn e maleve\u2019<em>\u201cPoseduesi do t\u00eb thot\u00eb n\u00eb qoft\u00eb se ti ke 10 vjet q\u00eb e ke poseduar, &#8211; nuk ka r\u00ebnd\u00ebsi se a toka e familjes t\u00ebnde &#8211;\u00a0 N\u00eb qoft\u00eb se ti demonstron me tre d\u00ebshmitar\u00eb q\u00eb k\u00ebt\u00eb pron\u00ebn k\u00ebtu, te kjo faqja e malit, kam 10 vjet q\u00eb e kam mbajtur un\u00eb, kam kullotur bag\u00ebtit\u00eb e mia, kam pasur stanin tim ose dikur kam pasur g\u00ebshtenjat, dhe me tre d\u00ebshmitar\u00eb \u00e7o hart\u00eb, b\u00ebj let\u00ebr bashkia edhe ti mund t\u00eb b\u00ebhesh pronar i asaj toke, ngre bujtin\u00ebn. Ose me foto t\u00eb ortokultur\u00ebs\u201d<\/em><\/p>\n<p>P\u00ebr dokumentimin e posedimit, ligji ia l\u00eb detyr\u00eb administratorit dhe kryeplakut.<\/p>\n<p>Por<em><span>\u00a0<\/span>&#8220;statusi i pron\u00ebs nuk mund t\u00eb p\u00ebrcaktohet nga kryeplaku, as nga nj\u00eb administrator. Le t\u00eb jet\u00eb i aft\u00eb burr\u00eb i mir\u00eb sa t\u00eb duash. Kjo duhet par\u00eb n\u00eb themel<\/em>\u201d ngre z\u00ebrin Haxhimali duke paralajm\u00ebruar \u00a0rrezikshm\u00ebrin\u00eb q\u00eb paraqet m\u00ebnyra si \u00ebsht\u00eb parashikuar marrja e pronave. \u2019Nuk mund t\u00eb b\u00ebhesh pronar me tre d\u00ebshmi t\u00eb banor\u00ebve, fotografive t\u00eb kultivimit t\u00eb ortokulturave\u201d<\/p>\n<p><strong>\u00c7far\u00eb \u00ebsht\u00eb \u2018Paketa e Maleve\u2019<\/strong><\/p>\n<p>Nisma ligjore Nr. 20\/2025 e \u2018Paket\u00ebs s\u00eb Maleve\u2019 e ngjashme me at\u00eb t\u00eb investimeve strategjike kaloi n\u00eb mbledhjen e qeveris\u00eb n\u00eb 9 janar 2025 u miratua n\u00eb kuvend me 73 vota t\u00eb maxhorac\u00ebs n\u00eb 13 mars. Opozita e drejtuar nga Partia Demokratike e quajti nj\u00eb nism\u00eb q\u00eb i sh\u00ebrbeu PS n\u00eb fushat\u00ebn elektorale t\u00eb zgjedhjeve t\u00eb 11 majit.<br \/>\n<em>( Ligji zgjedhor ndalon n\u00eb nj\u00eb periudh\u00eb 4 muaj para zgjedhjeve nismat ligjore q\u00eb parashikojn\u00eb p\u00ebrfitime q\u00eb mund t\u00eb ndikojn\u00eb tek elektorati)<\/em><\/p>\n<p>Ligji \u00a0i hap drit\u00ebn jeshil\u00eb kalimit t\u00eb pron\u00ebsis\u00eb p\u00ebrmes shitjes me tarif\u00ebn simbolike 1 euro met\u00ebr katror t\u00eb k\u00ebtyre pasurive t\u00eb paluajtshme shtet\u00ebrore, t\u00eb cilat rezultojn\u00eb t\u00eb jen\u00eb n\u00eb posedim faktik t\u00eb poseduesve jopronar\u00eb.<\/p>\n<p>N\u00eb k\u00ebt\u00eb rast, posedues jo pronar\u00eb, quhen ata individ\u00eb t\u00eb cil\u00ebt ushtrojn\u00eb posedim t\u00eb vazhduesh\u00ebm dhe t\u00eb pand\u00ebrprer\u00eb prej t\u00eb pakt\u00ebn 10 vitesh mbi pasurin\u00eb e paluajtshme shtet\u00ebrore, duke e p\u00ebrdorur at\u00eb sikur t\u00eb ishte ai pronari i saj. Gjithashtu parashikon q\u00eb 500 investitor\u00ebt e par\u00eb t\u00eb p\u00ebrfitojn\u00eb zero taksa p\u00ebr 10 vite, dhe t\u00eb mund t\u00eb blejn\u00eb tok\u00eb shtet\u00ebrore me \u00e7mim simbolik 1 euro p\u00ebr met\u00ebr katror. Ligji\u00a0 p\u00ebrcakton se p\u00ebr t\u00eb fituar pron\u00ebn, mjafton ta kesh poseduar p\u00ebr 10 vite dhe ta d\u00ebshmosh me tre d\u00ebshmitar\u00eb ose prova ortofoto. Deri n\u00eb gusht, ministria e Ekonomis\u00eb deklaroi se ishin\u00a0mbi 3 mij\u00eb shprehje interes<\/p>\n<p><strong>\u00c7far\u00eb fshihet pas paket\u00ebs s\u00eb maleve?<\/strong><\/p>\n<p>Pas paket\u00ebs s\u00eb maleve, mungesa e transparenc\u00ebs dhe hijet e dyshimeve. Deputeti i PD-s\u00eb Bardh Spahia kujton si Rama mashtroi banor\u00ebt e Thethit\u00a0 gjat\u00eb fushat\u00ebs zgjedhore t\u00eb 11 majit.\u201c Rama te banor\u00ebt e zonave malore b\u00ebnte thirrje p\u00eb rinvestime, p\u00ebr t\u2019u kthyer n\u00eb Shqip\u00ebri p\u00ebr t\u00eb investuar,m\u00eb pas i dhunoi n\u00eb pronat e sht\u00ebpit\u00eb e tyre t\u00eb trash\u00ebguara brez pas brezi, dhe rezultati \u00ebsht\u00eb ai q\u00eb shohim sot n\u00eb Theth, shkat\u00ebrrim total n\u00eb mes t\u00eb sezonit. Paketa e maleve \u00ebsht\u00eb\u00a0 iniciativ\u00eb q\u00eb ka hije dyshimi, velo mungese q\u00eb mbulon e s\u2019lejon transparenc\u00eb e marrje informacioni p\u00ebr k\u00ebt\u00eb iniciativ\u00eb\u201dtha Spahiu.<\/p>\n<p>Kryetari i PD-s\u00eb, Sali Berisha tha se qeveria po nd\u00ebrhyn pa plan dhe kujton urdhrin e Ram\u00ebs p\u00ebr t\u00eb prishur pik\u00ebrisht bujtinat dhe objektet e nd\u00ebrtuara prej k\u00ebtyre banor\u00ebve pik\u00ebrisht n\u00eb pikun e sezonit turistik t\u00eb banesave n\u00eb Theth, duke i shkat\u00ebrruar ekonomin\u00eb e tyre.\u201cE kuptoni, 12 vite ai ka investuar n\u00eb t\u00eb gjitha rrethet e veriut m\u00eb pak se n\u00eb nj\u00eb rreth t\u00eb kategoris\u00eb s\u00eb tret\u00eb n\u00eb zonat e tjera? Dhe tani flet p\u00ebr paket\u00ebn e maleve. Paket\u00ebn e maleve e tregoi me Thethim, q\u00eb u soll m\u00eb keq se \u00e7do pushtues. Shkat\u00ebrroi 100 objekte. Del n\u00eb Sylbic\u00eb, spiunojn\u00eb patronazhist\u00ebt, dhe i prish tjetrit objektin, pa pasur asnj\u00eb plan absolutisht\u201d<\/p>\n<p>Ky \u00ebsht\u00eb krim!\u201d tha Berisha.<\/p>\n<p>Ekspert\u00ebt I b\u00ebjn\u00eb thirrje qytetar\u00ebve q\u00eb t\u00eb b\u00ebjn\u00eb shum\u00eb kujdes q\u00eb n\u00eb momentin q\u00eb b\u00ebhet afishimi i pronave q\u00eb preken nga paketa e Maleve dhe t\u00eb b\u00ebjn\u00eb ankimim n\u00ebse prona e tyre p\u00ebrfshihet. Ose ndryshe prona do t\u00eb merret nga investitori strategjik<\/p>\n","protected":false},"excerpt":{"rendered":"<p>24 Tetor 2025 Kryeministri Edi Rama u p\u00ebrpoq dje t\u00eb heq\u00eb p\u00ebrgjegj\u00ebsin\u00eb nga vetja p\u00ebr vonesat n\u00eb zbatimin e \u201cPaket\u00ebs s\u00eb Maleve\u201d, duke akuzuar kryebashkiak\u00ebt se po pengojn\u00eb projektin me mosdor\u00ebzimin e hartave p\u00ebr zonat malore ku do t\u00eb zbatohen investimet. Por nd\u00ebrsa qeveria k\u00ebrkon shpejt\u00ebsi, nj\u00eb rrezik i madh \u00ebsht\u00eb n\u00eb horizont. \u00c7\u00ebshtja e [&hellip;]<\/p>\n","protected":false},"author":9,"featured_media":94388,"comment_status":"open","ping_status":"open","sticky":false,"template":"","format":"standard","meta":{"jetpack_post_was_ever_published":false,"_jetpack_newsletter_access":"","_jetpack_dont_email_post_to_subs":false,"_jetpack_newsletter_tier_id":0,"_jetpack_memberships_contains_paywalled_content":false,"_jetpack_memberships_contains_paid_content":false,"footnotes":"","jetpack_publicize_message":"","jetpack_publicize_feature_enabled":true,"jetpack_social_post_already_shared":true,"jetpack_social_options":{"image_generator_settings":{"template":"highway","default_image_id":0,"font":"","enabled":false},"version":2}},"categories":[27,1,2],"tags":[],"class_list":["post-94387","post","type-post","status-publish","format-standard","has-post-thumbnail","hentry","category-blogu-i-udhetarit","category-njoftime-shtypi","category-politika"],"jetpack_publicize_connections":[],"jetpack_featured_media_url":"https:\/\/i0.wp.com\/www.shqiperia.com\/blog\/wp-content\/uploads\/2025\/10\/auto_auto_rama-ewtewter17612180761761313142.png?fit=900%2C575&ssl=1","jetpack_sharing_enabled":true,"jetpack_shortlink":"https:\/\/wp.me\/p5Z6wp-oyn","jetpack-related-posts":[{"id":94374,"url":"https:\/\/www.shqiperia.com\/blog\/paketa-e-maleve-plackitje-e-madhe-berisha-paralajmeron-rama-po-mbjell-faren-e-vellavrasjes-merr-baronet-e-droges-dhe-i-ndersen-kunder-tokave-te-shqiptareve\/","url_meta":{"origin":94387,"position":0},"title":"\u201cPaketa e Maleve, pla\u00e7kitje e madhe\u201d- Berisha paralajm\u00ebron: Rama po mbjell far\u00ebn e v\u00ebllavrasjes, merr baron\u00ebt e drog\u00ebs dhe i nd\u00ebrsen kund\u00ebr tokave t\u00eb shqiptar\u00ebve","author":"Kurt Farka","date":"October 23, 2025","format":false,"excerpt":"23 Tetor 2025 Kreu i PD-s\u00eb, Sali Berisha ka reaguar ndaj nism\u00ebs s\u00eb qeveris\u00eb p\u00ebr \u201cpaket\u00ebn e maleve\u201d, duke e cil\u00ebsuar at\u00eb si \u201cnj\u00eb pla\u00e7kitje t\u00eb madhe ndaj banor\u00ebve t\u00eb zonave malore\u201d dhe si d\u00ebshmi t\u00eb \u201carmiq\u00ebsis\u00eb s\u00eb Edi Ram\u00ebs ndaj k\u00ebtyre trevave\u201d.Duke kritikuar qasjen aktuale t\u00eb qeveris\u00eb, ai paralajm\u00ebroi\u2026","rel":"","context":"In &quot;Blogu i Udh\u00ebtarit&quot;","block_context":{"text":"Blogu i Udh\u00ebtarit","link":"https:\/\/www.shqiperia.com\/blog\/category\/blogu-i-udhetarit\/"},"img":{"alt_text":"","src":"https:\/\/i0.wp.com\/www.shqiperia.com\/blog\/wp-content\/uploads\/2025\/10\/rama-berisha-paketa-e-maleve-433x300-1.jpg?fit=433%2C300&ssl=1&resize=350%2C200","width":350,"height":200},"classes":[]},{"id":90100,"url":"https:\/\/www.shqiperia.com\/blog\/jeni-protestues-rama-perplaset-me-gazetarin-izraelit-ua-leme-juve-token-ta-pushtoni\/","url_meta":{"origin":94387,"position":1},"title":"\u201cJeni protestues?\u201d &#8211; Rama \u201cp\u00ebrplaset\u201d me gazetarin izraelit: &#8211; Ua l\u00ebm\u00eb juve tok\u00ebn ta pushtoni","author":"Kurt Farka","date":"March 4, 2025","format":false,"excerpt":"4 Mars 2025 Kryeministri Edi Rama mori pjes\u00eb n\u00eb konferenc\u00ebn p\u00ebr shtyp p\u00ebrpara hapjes s\u00eb Panairit Nd\u00ebrkomb\u00ebtar t\u00eb Turizmit, ku Shqip\u00ebria \u00ebsht\u00eb p\u00ebrzgjedhur si \u201cVendi i Nderit\u201d p\u00ebr 2025. Kreu i qeveris\u00eb pati nj\u00eb \u201cp\u00ebrplasje\u201d me nj\u00eb gazetar.\u00a0Pjes\u00eb nga biseda: \u300bRama:\u00a0Jeni gazetar apo protestues? Nuk po ju kuptoj. \u300bGazetari:\u00a0Pyetja ime\u2026","rel":"","context":"In &quot;Blogu i Udh\u00ebtarit&quot;","block_context":{"text":"Blogu i Udh\u00ebtarit","link":"https:\/\/www.shqiperia.com\/blog\/category\/blogu-i-udhetarit\/"},"img":{"alt_text":"","src":"https:\/\/i0.wp.com\/www.shqiperia.com\/blog\/wp-content\/uploads\/2025\/03\/Screenshot_20250303_120228_Gallery-750x375-1.jpg?fit=750%2C375&ssl=1&resize=350%2C200","width":350,"height":200,"srcset":"https:\/\/i0.wp.com\/www.shqiperia.com\/blog\/wp-content\/uploads\/2025\/03\/Screenshot_20250303_120228_Gallery-750x375-1.jpg?fit=750%2C375&ssl=1&resize=350%2C200 1x, https:\/\/i0.wp.com\/www.shqiperia.com\/blog\/wp-content\/uploads\/2025\/03\/Screenshot_20250303_120228_Gallery-750x375-1.jpg?fit=750%2C375&ssl=1&resize=525%2C300 1.5x, https:\/\/i0.wp.com\/www.shqiperia.com\/blog\/wp-content\/uploads\/2025\/03\/Screenshot_20250303_120228_Gallery-750x375-1.jpg?fit=750%2C375&ssl=1&resize=700%2C400 2x"},"classes":[]},{"id":94821,"url":"https:\/\/www.shqiperia.com\/blog\/paketa-e-maleve-lapaj-reagon-ashper-shteti-do-te-grabise-tokat-e-fshatareve-dhe-do-ia-dhuroje-oligarkeve-me-1-euro\/","url_meta":{"origin":94387,"position":2},"title":"Paketa e Maleve, Lapaj reagon ashp\u00ebr: &#8211; Shteti do t\u00eb grabis\u00eb tokat e fshatar\u00ebve dhe do ia dhuroj\u00eb oligark\u00ebve me 1 euro","author":"Kurt Farka","date":"November 11, 2025","format":false,"excerpt":"11 Nentor 2025 Kryetari i l\u00ebvizjes \u201cShqip\u00ebria B\u00ebhet\u201d, Adriatik Lapaj duke iu referuar ngjarjes s\u00eb ndodhur n\u00eb Pogradec ka dal\u00eb n\u00eb mbrojtje t\u00eb Kevi Mu\u00e7llarit, banor i fshatit \u00c7\u00ebrrav\u00eb n\u00eb Pogradec, i cili u arrestua pas nj\u00eb p\u00ebrplasje me nj\u00eb nga k\u00ebshilltar\u00ebt n\u00eb K\u00ebshillin Bashkiak t\u00eb bashkis\u00eb s\u00eb Pogradecit. P\u00ebrmes\u2026","rel":"","context":"In &quot;Njoftime Shtypi&quot;","block_context":{"text":"Njoftime Shtypi","link":"https:\/\/www.shqiperia.com\/blog\/category\/njoftime-shtypi\/"},"img":{"alt_text":"","src":"https:\/\/i0.wp.com\/www.shqiperia.com\/blog\/wp-content\/uploads\/2025\/11\/malet-11-dhjetor-671x450-1.png?fit=671%2C450&ssl=1&resize=350%2C200","width":350,"height":200,"srcset":"https:\/\/i0.wp.com\/www.shqiperia.com\/blog\/wp-content\/uploads\/2025\/11\/malet-11-dhjetor-671x450-1.png?fit=671%2C450&ssl=1&resize=350%2C200 1x, https:\/\/i0.wp.com\/www.shqiperia.com\/blog\/wp-content\/uploads\/2025\/11\/malet-11-dhjetor-671x450-1.png?fit=671%2C450&ssl=1&resize=525%2C300 1.5x"},"classes":[]},{"id":89346,"url":"https:\/\/www.shqiperia.com\/blog\/ligji-i-maleve-ne-kuvend\/","url_meta":{"origin":94387,"position":3},"title":"&#8220;Ligji i Maleve&#8221; &#8211; ne Kuvend","author":"Kurt Farka","date":"February 10, 2025","format":false,"excerpt":"10 Shkurt 2025 - Parulla e Vjeter \"Pas (privatizimit) Detit te ju qepemi (per ti privatizur) Maleve\". - Per 500 vite Perandoria Otomane dhe askush nga Armiqte e Kombit shqiptar nuk i nenshtroi dhe pushtoi Malet Shqiptare (kjo si nocion dhe popullsi). Sot per interesa jo vetem elektoriale (jo si\u2026","rel":"","context":"In &quot;Blogu i Udh\u00ebtarit&quot;","block_context":{"text":"Blogu i Udh\u00ebtarit","link":"https:\/\/www.shqiperia.com\/blog\/category\/blogu-i-udhetarit\/"},"img":{"alt_text":"","src":"https:\/\/i0.wp.com\/www.shqiperia.com\/blog\/wp-content\/uploads\/2025\/02\/Burrat-jane-te-kisha-thote-nje-proverb-popullor-.jpg?fit=700%2C459&ssl=1&resize=350%2C200","width":350,"height":200,"srcset":"https:\/\/i0.wp.com\/www.shqiperia.com\/blog\/wp-content\/uploads\/2025\/02\/Burrat-jane-te-kisha-thote-nje-proverb-popullor-.jpg?fit=700%2C459&ssl=1&resize=350%2C200 1x, https:\/\/i0.wp.com\/www.shqiperia.com\/blog\/wp-content\/uploads\/2025\/02\/Burrat-jane-te-kisha-thote-nje-proverb-popullor-.jpg?fit=700%2C459&ssl=1&resize=525%2C300 1.5x, https:\/\/i0.wp.com\/www.shqiperia.com\/blog\/wp-content\/uploads\/2025\/02\/Burrat-jane-te-kisha-thote-nje-proverb-popullor-.jpg?fit=700%2C459&ssl=1&resize=700%2C400 2x"},"classes":[]},{"id":93485,"url":"https:\/\/www.shqiperia.com\/blog\/bjeshket-sjane-pasuri-e-lire-per-treg-deputeti-i-pd-thirrje-keshilltareve-bashkiake-mos-e-kaloni-paketen-e-maleve-eshte-rrezik-per-veriun\/","url_meta":{"origin":94387,"position":4},"title":"\u201cBjeshk\u00ebt s\u2019jan\u00eb pasuri e lir\u00eb p\u00ebr treg\u201d, deputeti i PD thirrje k\u00ebshilltar\u00ebve bashkiak\u00eb: Mos e kaloni Paket\u00ebn e Maleve, \u00ebsht\u00eb rrezik p\u00ebr veriun","author":"Kurt Farka","date":"September 3, 2025","format":false,"excerpt":"3 Shtator 2025 Deputeti i Partis\u00eb Demorkatike Isuf \u00c7elaj, ka deklaruar se Paketa e Maleve \u00ebsht\u00eb nj\u00eb rrezik p\u00ebr zonat me kullota dhe bjeshk\u00ebt e veriut. N\u00eb nj\u00eb postim n\u00eb rrjetet sociale, \u00c7elaj shkruan se ky ligj do t\u00eb kthehet n\u00eb nj\u00eb plag\u00eb t\u00eb re e burim konfliktesh mbi pron\u00ebsin\u00eb\u2026","rel":"","context":"In &quot;Blogu i Udh\u00ebtarit&quot;","block_context":{"text":"Blogu i Udh\u00ebtarit","link":"https:\/\/www.shqiperia.com\/blog\/category\/blogu-i-udhetarit\/"},"img":{"alt_text":"","src":"https:\/\/i0.wp.com\/www.shqiperia.com\/blog\/wp-content\/uploads\/2025\/09\/Pamje-nga-Kryeziu-Puke.-Foto-J.-Brahaj.jpg?fit=1200%2C844&ssl=1&resize=350%2C200","width":350,"height":200,"srcset":"https:\/\/i0.wp.com\/www.shqiperia.com\/blog\/wp-content\/uploads\/2025\/09\/Pamje-nga-Kryeziu-Puke.-Foto-J.-Brahaj.jpg?fit=1200%2C844&ssl=1&resize=350%2C200 1x, https:\/\/i0.wp.com\/www.shqiperia.com\/blog\/wp-content\/uploads\/2025\/09\/Pamje-nga-Kryeziu-Puke.-Foto-J.-Brahaj.jpg?fit=1200%2C844&ssl=1&resize=525%2C300 1.5x, https:\/\/i0.wp.com\/www.shqiperia.com\/blog\/wp-content\/uploads\/2025\/09\/Pamje-nga-Kryeziu-Puke.-Foto-J.-Brahaj.jpg?fit=1200%2C844&ssl=1&resize=700%2C400 2x, https:\/\/i0.wp.com\/www.shqiperia.com\/blog\/wp-content\/uploads\/2025\/09\/Pamje-nga-Kryeziu-Puke.-Foto-J.-Brahaj.jpg?fit=1200%2C844&ssl=1&resize=1050%2C600 3x"},"classes":[]},{"id":91695,"url":"https:\/\/www.shqiperia.com\/blog\/kjo-toke-klith-se-po-mbetet-shkretetire-nga-largimi-i-shqiptareve-berisha-ne-puke-rama-shpirtlig-ndau-veten-16-mln-euro-nga-buxheti-per-pensionistet\/","url_meta":{"origin":94387,"position":5},"title":"\u201cKjo tok\u00eb klith se po mbetet shkret\u00ebtir\u00eb nga largimi i shqiptar\u00ebve\u201d. Berisha n\u00eb Puk\u00eb: &#8211; Rama shpirtlig! &#8211; Ndau vet\u00ebn 16 mln euro nga buxheti p\u00ebr pensionist\u00ebt","author":"Kurt Farka","date":"April 21, 2025","format":false,"excerpt":"21 Prill 2025 Sali Berisha ndodhet sot n\u00eb Puka ku po prezanton kandidat\u00ebt e PD p\u00ebr zgjedhjet e 11 majit. Berisha u shpreh se nj\u00eb nga problemet m\u00eb t\u00eb m\u00ebdha \u00ebsht\u00eb shpopullimi i vendit dhe se pas 11 majit PD do t\u00eb marr\u00eb masa q\u00eb situata n\u00eb vend t\u00eb p\u00ebrmir\u00ebsohet\u2026","rel":"","context":"In &quot;Blogu i Udh\u00ebtarit&quot;","block_context":{"text":"Blogu i Udh\u00ebtarit","link":"https:\/\/www.shqiperia.com\/blog\/category\/blogu-i-udhetarit\/"},"img":{"alt_text":"","src":"https:\/\/i0.wp.com\/www.shqiperia.com\/blog\/wp-content\/uploads\/2025\/04\/Sali-Berisha-ne-Puke-21-Prill-2025.jpg?fit=1200%2C800&ssl=1&resize=350%2C200","width":350,"height":200,"srcset":"https:\/\/i0.wp.com\/www.shqiperia.com\/blog\/wp-content\/uploads\/2025\/04\/Sali-Berisha-ne-Puke-21-Prill-2025.jpg?fit=1200%2C800&ssl=1&resize=350%2C200 1x, https:\/\/i0.wp.com\/www.shqiperia.com\/blog\/wp-content\/uploads\/2025\/04\/Sali-Berisha-ne-Puke-21-Prill-2025.jpg?fit=1200%2C800&ssl=1&resize=525%2C300 1.5x, https:\/\/i0.wp.com\/www.shqiperia.com\/blog\/wp-content\/uploads\/2025\/04\/Sali-Berisha-ne-Puke-21-Prill-2025.jpg?fit=1200%2C800&ssl=1&resize=700%2C400 2x, https:\/\/i0.wp.com\/www.shqiperia.com\/blog\/wp-content\/uploads\/2025\/04\/Sali-Berisha-ne-Puke-21-Prill-2025.jpg?fit=1200%2C800&ssl=1&resize=1050%2C600 3x"},"classes":[]}],"_links":{"self":[{"href":"https:\/\/www.shqiperia.com\/blog\/wp-json\/wp\/v2\/posts\/94387","targetHints":{"allow":["GET"]}}],"collection":[{"href":"https:\/\/www.shqiperia.com\/blog\/wp-json\/wp\/v2\/posts"}],"about":[{"href":"https:\/\/www.shqiperia.com\/blog\/wp-json\/wp\/v2\/types\/post"}],"author":[{"embeddable":true,"href":"https:\/\/www.shqiperia.com\/blog\/wp-json\/wp\/v2\/users\/9"}],"replies":[{"embeddable":true,"href":"https:\/\/www.shqiperia.com\/blog\/wp-json\/wp\/v2\/comments?post=94387"}],"version-history":[{"count":1,"href":"https:\/\/www.shqiperia.com\/blog\/wp-json\/wp\/v2\/posts\/94387\/revisions"}],"predecessor-version":[{"id":94389,"href":"https:\/\/www.shqiperia.com\/blog\/wp-json\/wp\/v2\/posts\/94387\/revisions\/94389"}],"wp:featuredmedia":[{"embeddable":true,"href":"https:\/\/www.shqiperia.com\/blog\/wp-json\/wp\/v2\/media\/94388"}],"wp:attachment":[{"href":"https:\/\/www.shqiperia.com\/blog\/wp-json\/wp\/v2\/media?parent=94387"}],"wp:term":[{"taxonomy":"category","embeddable":true,"href":"https:\/\/www.shqiperia.com\/blog\/wp-json\/wp\/v2\/categories?post=94387"},{"taxonomy":"post_tag","embeddable":true,"href":"https:\/\/www.shqiperia.com\/blog\/wp-json\/wp\/v2\/tags?post=94387"}],"curies":[{"name":"wp","href":"https:\/\/api.w.org\/{rel}","templated":true}]}}