{"id":94383,"date":"2025-10-24T16:03:46","date_gmt":"2025-10-24T16:03:46","guid":{"rendered":"https:\/\/www.shqiperia.com\/blog\/?p=94383"},"modified":"2025-10-24T16:04:22","modified_gmt":"2025-10-24T16:04:22","slug":"balluku-thirret-ne-spak-balliu-godet-ramenpo-hedh-peshat-ne-det-per-te-shpetuar-veten-por-mbytja-e-rilindjes-eshte","status":"publish","type":"post","link":"https:\/\/www.shqiperia.com\/blog\/balluku-thirret-ne-spak-balliu-godet-ramenpo-hedh-peshat-ne-det-per-te-shpetuar-veten-por-mbytja-e-rilindjes-eshte\/","title":{"rendered":"Balluku thirret n\u00eb SPAK\/ Balliu godet Ram\u00ebn:Po hedh peshat n\u00eb det p\u00ebr t\u00eb shp\u00ebtuar veten, por mbytja e Rilindjes \u00ebsht\u00eb.."},"content":{"rendered":"<p><img data-recalc-dims=\"1\" loading=\"lazy\" decoding=\"async\" data-attachment-id=\"94384\" data-permalink=\"https:\/\/www.shqiperia.com\/blog\/balluku-thirret-ne-spak-balliu-godet-ramenpo-hedh-peshat-ne-det-per-te-shpetuar-veten-por-mbytja-e-rilindjes-eshte\/belinda\/\" data-orig-file=\"https:\/\/i0.wp.com\/www.shqiperia.com\/blog\/wp-content\/uploads\/2025\/10\/belinda.jpg?fit=800%2C450&amp;ssl=1\" data-orig-size=\"800,450\" data-comments-opened=\"1\" data-image-meta=\"{&quot;aperture&quot;:&quot;0&quot;,&quot;credit&quot;:&quot;&quot;,&quot;camera&quot;:&quot;&quot;,&quot;caption&quot;:&quot;&quot;,&quot;created_timestamp&quot;:&quot;0&quot;,&quot;copyright&quot;:&quot;&quot;,&quot;focal_length&quot;:&quot;0&quot;,&quot;iso&quot;:&quot;0&quot;,&quot;shutter_speed&quot;:&quot;0&quot;,&quot;title&quot;:&quot;&quot;,&quot;orientation&quot;:&quot;0&quot;}\" data-image-title=\"belinda\" data-image-description=\"\" data-image-caption=\"\" data-medium-file=\"https:\/\/i0.wp.com\/www.shqiperia.com\/blog\/wp-content\/uploads\/2025\/10\/belinda.jpg?fit=300%2C169&amp;ssl=1\" data-large-file=\"https:\/\/i0.wp.com\/www.shqiperia.com\/blog\/wp-content\/uploads\/2025\/10\/belinda.jpg?fit=800%2C450&amp;ssl=1\" class=\"alignnone wp-image-94384\" alt=\"\" src=\"https:\/\/i0.wp.com\/www.shqiperia.com\/blog\/wp-content\/uploads\/2025\/10\/belinda.jpg?resize=616%2C347&#038;ssl=1\" width=\"616\" height=\"347\" srcset=\"https:\/\/i0.wp.com\/www.shqiperia.com\/blog\/wp-content\/uploads\/2025\/10\/belinda.jpg?resize=300%2C169&amp;ssl=1 300w, https:\/\/i0.wp.com\/www.shqiperia.com\/blog\/wp-content\/uploads\/2025\/10\/belinda.jpg?resize=768%2C432&amp;ssl=1 768w, https:\/\/i0.wp.com\/www.shqiperia.com\/blog\/wp-content\/uploads\/2025\/10\/belinda.jpg?resize=450%2C253&amp;ssl=1 450w, https:\/\/i0.wp.com\/www.shqiperia.com\/blog\/wp-content\/uploads\/2025\/10\/belinda.jpg?resize=600%2C338&amp;ssl=1 600w, https:\/\/i0.wp.com\/www.shqiperia.com\/blog\/wp-content\/uploads\/2025\/10\/belinda.jpg?resize=400%2C225&amp;ssl=1 400w, https:\/\/i0.wp.com\/www.shqiperia.com\/blog\/wp-content\/uploads\/2025\/10\/belinda.jpg?w=800&amp;ssl=1 800w\" sizes=\"auto, (max-width: 616px) 100vw, 616px\" \/><\/p>\n<p>24 Tetor 2025<\/p>\n<p>Deputeti i PD, Klevis Balliu, ka reaguar pas thirrjes n\u00eb SPAK t\u00eb ministres s\u00eb Infrastruktur\u00ebs dhe Energjis\u00eb, Belinda Ballukut.<\/p>\n<p>Balliu tha se anija e Rilindjes po fundoset, dhe sipas tij, mbytja \u00ebsht\u00eb \u00e7\u00ebshtje kohe.<\/p>\n<p>\u201cMarrja e Lubi Ballukut si e pandehur \u00ebsht\u00eb shenja m\u00eb e qart\u00eb se anija e Rilindjes po fundoset.<\/p>\n<p>Kapiteni i saj, Edi Rama, p\u00ebrpiqet t\u00eb heq\u00eb nj\u00eb e nga nj\u00eb peshat e r\u00ebnda t\u00eb ekuipazhit t\u00eb tij, n\u00eb nj\u00eb p\u00ebrpjekje t\u00eb d\u00ebshp\u00ebruar p\u00ebr t\u00eb zgjatur udh\u00ebtimin dhe p\u00ebr t\u00eb shp\u00ebtuar veten. Por sado ngarkesa t\u00eb hedh\u00eb n\u00eb det, anija e Rilindjes \u00ebsht\u00eb d\u00ebmtuar p\u00ebrfundimisht nga korrupsioni, abuzimi dhe krimi shtet\u00ebror.<\/p>\n<p>Mbytja e saj \u00ebsht\u00eb \u00e7\u00ebshtje kohe me hir apo me pahir, ajo do t\u00eb fundosej n\u00eb val\u00ebt e s\u00eb v\u00ebrtet\u00ebs.\u201d, tha Balliu.<\/p>\n","protected":false},"excerpt":{"rendered":"<p>24 Tetor 2025 Deputeti i PD, Klevis Balliu, ka reaguar pas thirrjes n\u00eb SPAK t\u00eb ministres s\u00eb Infrastruktur\u00ebs dhe Energjis\u00eb, Belinda Ballukut. Balliu tha se anija e Rilindjes po fundoset, dhe sipas tij, mbytja \u00ebsht\u00eb \u00e7\u00ebshtje kohe. \u201cMarrja e Lubi Ballukut si e pandehur \u00ebsht\u00eb shenja m\u00eb e qart\u00eb se anija e Rilindjes po fundoset. [&hellip;]<\/p>\n","protected":false},"author":9,"featured_media":94384,"comment_status":"open","ping_status":"open","sticky":false,"template":"","format":"standard","meta":{"jetpack_post_was_ever_published":false,"_jetpack_newsletter_access":"","_jetpack_dont_email_post_to_subs":false,"_jetpack_newsletter_tier_id":0,"_jetpack_memberships_contains_paywalled_content":false,"_jetpack_memberships_contains_paid_content":false,"footnotes":"","jetpack_publicize_message":"","jetpack_publicize_feature_enabled":true,"jetpack_social_post_already_shared":true,"jetpack_social_options":{"image_generator_settings":{"template":"highway","default_image_id":0,"font":"","enabled":false},"version":2}},"categories":[27,1,2],"tags":[],"class_list":["post-94383","post","type-post","status-publish","format-standard","has-post-thumbnail","hentry","category-blogu-i-udhetarit","category-njoftime-shtypi","category-politika"],"jetpack_publicize_connections":[],"jetpack_featured_media_url":"https:\/\/i0.wp.com\/www.shqiperia.com\/blog\/wp-content\/uploads\/2025\/10\/belinda.jpg?fit=800%2C450&ssl=1","jetpack_sharing_enabled":true,"jetpack_shortlink":"https:\/\/wp.me\/p5Z6wp-oyj","jetpack-related-posts":[{"id":88241,"url":"https:\/\/www.shqiperia.com\/blog\/drejtesia-e-mbushur-me-kunata-dhe-familjare-te-qeverise-balliu-denoncon-rastin-e-radhes-balluku-po-kap\/","url_meta":{"origin":94383,"position":0},"title":"\u201cDrejt\u00ebsia e mbushur me kunata dhe familjar\u00eb t\u00eb qeveris\u00eb\u201d, Balliu denoncon rastin e radh\u00ebs: Balluku po kap\u2026","author":"Kurt Farka","date":"January 10, 2025","format":false,"excerpt":"10 Janar 2025 Ish-deputeti i Partis\u00eb Demokratike, Klevis Balliu ka denoncuar dit\u00ebn e sotme em\u00ebrimin n\u00eb funksionin e zv.kryetarit t\u00eb Gjykat\u00ebs s\u00eb Apelit, t\u00eb kunat\u00ebs s\u00eb Pamela Qirkos (Ballukut) motr\u00ebs s\u00eb zv.kryeministres Belinda Ballukut. N\u00eb nj\u00eb reagim publik, Balliu shprehet me ironi se drejt\u00ebsia e re p\u00ebrforcohet nga pavar\u00ebsia nga\u2026","rel":"","context":"In &quot;Blogu i Udh\u00ebtarit&quot;","block_context":{"text":"Blogu i Udh\u00ebtarit","link":"https:\/\/www.shqiperia.com\/blog\/category\/blogu-i-udhetarit\/"},"img":{"alt_text":"","src":"https:\/\/i0.wp.com\/www.shqiperia.com\/blog\/wp-content\/uploads\/2025\/01\/Klevis-balliu-932x570-1.jpg?fit=932%2C570&ssl=1&resize=350%2C200","width":350,"height":200,"srcset":"https:\/\/i0.wp.com\/www.shqiperia.com\/blog\/wp-content\/uploads\/2025\/01\/Klevis-balliu-932x570-1.jpg?fit=932%2C570&ssl=1&resize=350%2C200 1x, https:\/\/i0.wp.com\/www.shqiperia.com\/blog\/wp-content\/uploads\/2025\/01\/Klevis-balliu-932x570-1.jpg?fit=932%2C570&ssl=1&resize=525%2C300 1.5x, https:\/\/i0.wp.com\/www.shqiperia.com\/blog\/wp-content\/uploads\/2025\/01\/Klevis-balliu-932x570-1.jpg?fit=932%2C570&ssl=1&resize=700%2C400 2x"},"classes":[]},{"id":86925,"url":"https:\/\/www.shqiperia.com\/blog\/fundoset-anija-me-200-pasagjere-ne-lumin-niger-konfirmohen-se-paku-50-viktima\/","url_meta":{"origin":94383,"position":1},"title":"Fundoset anija me 200 pasagjer\u00eb n\u00eb lumin Niger \/ Konfirmohen s\u00eb paku 50 viktima","author":"Kurt Farka","date":"December 1, 2024","format":false,"excerpt":"1 Dhjetor 2024 Nj\u00eb ngjarje tragjike ndodhi n\u00eb Lumit Niger, ku nj\u00eb anije q\u00eb kishte mbi 200 pasagjer\u00eb n\u00eb bord u fundos, duke shkaktuar t\u00eb pakt\u00ebn 50 viktima n\u00eb Nigeri. Deri tani jan\u00eb shp\u00ebtuar 24 persona, disa prej t\u00eb cil\u00ebve po marrin kujdes sh\u00ebndetsor n\u00eb spital, por dhjet\u00ebra t\u00eb tjer\u00eb\u2026","rel":"","context":"In &quot;Blogu i Udh\u00ebtarit&quot;","block_context":{"text":"Blogu i Udh\u00ebtarit","link":"https:\/\/www.shqiperia.com\/blog\/category\/blogu-i-udhetarit\/"},"img":{"alt_text":"","src":"https:\/\/i0.wp.com\/www.shqiperia.com\/blog\/wp-content\/uploads\/2024\/12\/Capture-4.jpg?fit=922%2C459&ssl=1&resize=350%2C200","width":350,"height":200,"srcset":"https:\/\/i0.wp.com\/www.shqiperia.com\/blog\/wp-content\/uploads\/2024\/12\/Capture-4.jpg?fit=922%2C459&ssl=1&resize=350%2C200 1x, https:\/\/i0.wp.com\/www.shqiperia.com\/blog\/wp-content\/uploads\/2024\/12\/Capture-4.jpg?fit=922%2C459&ssl=1&resize=525%2C300 1.5x, https:\/\/i0.wp.com\/www.shqiperia.com\/blog\/wp-content\/uploads\/2024\/12\/Capture-4.jpg?fit=922%2C459&ssl=1&resize=700%2C400 2x"},"classes":[]},{"id":56719,"url":"https:\/\/www.shqiperia.com\/blog\/luftanija-me-e-madhe-ruse-fundoset-pas-sulmit-me-raketa-si-u-shperqendrua-nga-ukrainasit\/","url_meta":{"origin":94383,"position":2},"title":"Luftanija m\u00eb e madhe ruse fundoset pas sulmit me raketa, si u shp\u00ebrqendrua nga ukrainasit","author":"Kurt Farka","date":"April 14, 2022","format":false,"excerpt":"Luftanija m\u00eb e madhe ruse fundoset pas sulmit me raketa, si u shp\u00ebrqendrua nga ukrainasit 14 PRILL 2022 Luftanija m\u00eb e madhe ruse e cila ka shp\u00ebrthyer m\u00ebngjesin e sot\u00ebm \u00ebsht\u00eb mbytur n\u00eb Detin e Zi pasi ekuipazhi i saj e braktisi. Braktisja e anijes ndodhi sepse n\u00eb m\u00ebnyr\u00eb t\u00eb\u2026","rel":"","context":"In &quot;Blogu i Udh\u00ebtarit&quot;","block_context":{"text":"Blogu i Udh\u00ebtarit","link":"https:\/\/www.shqiperia.com\/blog\/category\/blogu-i-udhetarit\/"},"img":{"alt_text":"","src":"https:\/\/i0.wp.com\/www.shqiperia.com\/blog\/wp-content\/uploads\/2022\/04\/Anija-Ruse-e-fundosur.png?fit=640%2C340&ssl=1&resize=350%2C200","width":350,"height":200,"srcset":"https:\/\/i0.wp.com\/www.shqiperia.com\/blog\/wp-content\/uploads\/2022\/04\/Anija-Ruse-e-fundosur.png?fit=640%2C340&ssl=1&resize=350%2C200 1x, https:\/\/i0.wp.com\/www.shqiperia.com\/blog\/wp-content\/uploads\/2022\/04\/Anija-Ruse-e-fundosur.png?fit=640%2C340&ssl=1&resize=525%2C300 1.5x"},"classes":[]},{"id":96433,"url":"https:\/\/www.shqiperia.com\/blog\/kriminelet-gjithmone-kthehen-te-vendi-i-krimit\/","url_meta":{"origin":94383,"position":3},"title":"\u201cKriminel\u00ebt gjithmon\u00eb kthehen te vendi i krimit\u201d","author":"Kurt Farka","date":"January 9, 2026","format":false,"excerpt":"9 Janar 2026 Deputeti i Partis\u00eb Demokratike, Klevis Balliu, ka reaguar pas daljes s\u00eb z\u00ebvend\u00ebskryeministres Belinda Balluku n\u00eb terren, p\u00ebr inspektimin e situat\u00ebs nga p\u00ebrmbytjet, n\u00eb nj\u00eb koh\u00eb kur ndaj saj ka akuza nga SPAK dhe \u00ebsht\u00eb k\u00ebrkuar heqja e imunitetit n\u00eb Kuvend. P\u00ebrmes nj\u00eb postimi n\u00eb rrjetet sociale, Balliu\u2026","rel":"","context":"In &quot;Njoftime Shtypi&quot;","block_context":{"text":"Njoftime Shtypi","link":"https:\/\/www.shqiperia.com\/blog\/category\/njoftime-shtypi\/"},"img":{"alt_text":"","src":"https:\/\/i0.wp.com\/www.shqiperia.com\/blog\/wp-content\/uploads\/2026\/01\/balluku2-1047x570-1.jpg?fit=1047%2C570&ssl=1&resize=350%2C200","width":350,"height":200,"srcset":"https:\/\/i0.wp.com\/www.shqiperia.com\/blog\/wp-content\/uploads\/2026\/01\/balluku2-1047x570-1.jpg?fit=1047%2C570&ssl=1&resize=350%2C200 1x, https:\/\/i0.wp.com\/www.shqiperia.com\/blog\/wp-content\/uploads\/2026\/01\/balluku2-1047x570-1.jpg?fit=1047%2C570&ssl=1&resize=525%2C300 1.5x, https:\/\/i0.wp.com\/www.shqiperia.com\/blog\/wp-content\/uploads\/2026\/01\/balluku2-1047x570-1.jpg?fit=1047%2C570&ssl=1&resize=700%2C400 2x"},"classes":[]},{"id":87883,"url":"https:\/\/www.shqiperia.com\/blog\/duhet-te-ndalohet-balliu-reagon-ashper-veliaj-me-4-akuza-dhe-leviz-i-lire-ja-pse-nuk-arrestohet\/","url_meta":{"origin":94383,"position":4},"title":"\u201cDuhet t\u00eb ndalohet\u201d, Balliu reagon ashp\u00ebr: &#8211; Veliaj me 4 akuza dhe l\u00ebviz i lir\u00eb, ja pse nuk arrestohet","author":"Kurt Farka","date":"December 29, 2024","format":false,"excerpt":"29 Dhjetor 2024 N\u00eb nj\u00eb intervist\u00eb televizive shefi organizimit n\u00eb PD, Klevis Balliu tha se akuzat q\u00ebndrojn\u00eb mbi Veliajn dhe jan\u00eb t\u00eb faktuara ndaj tij. Ai shtoi se Prokuroria i k\u00ebrkon masat e arrestit n\u00eb baz\u00eb t\u00eb fuqis\u00eb q\u00eb ka dikush p\u00ebr t\u00eb nd\u00ebrhyr\u00eb n\u00eb hetimi dhe theksi se dihet\u2026","rel":"","context":"In &quot;Blogu i Udh\u00ebtarit&quot;","block_context":{"text":"Blogu i Udh\u00ebtarit","link":"https:\/\/www.shqiperia.com\/blog\/category\/blogu-i-udhetarit\/"},"img":{"alt_text":"","src":"https:\/\/i0.wp.com\/www.shqiperia.com\/blog\/wp-content\/uploads\/2024\/12\/640-0-cb2592d1-166e-4e40-8452-023ec1d9bad7-1735485500.jpeg?fit=640%2C360&ssl=1&resize=350%2C200","width":350,"height":200,"srcset":"https:\/\/i0.wp.com\/www.shqiperia.com\/blog\/wp-content\/uploads\/2024\/12\/640-0-cb2592d1-166e-4e40-8452-023ec1d9bad7-1735485500.jpeg?fit=640%2C360&ssl=1&resize=350%2C200 1x, https:\/\/i0.wp.com\/www.shqiperia.com\/blog\/wp-content\/uploads\/2024\/12\/640-0-cb2592d1-166e-4e40-8452-023ec1d9bad7-1735485500.jpeg?fit=640%2C360&ssl=1&resize=525%2C300 1.5x"},"classes":[]},{"id":92118,"url":"https:\/\/www.shqiperia.com\/blog\/gaza-ne-prag-te-urise-se-bukes-tentuan-te-thyenin-bllokaden-e-te-fusnin-ndihma-sulmohet-nga-izraeli-anija-me-30-aktiviste-ne-bord-shperthen-ne-flake\/","url_meta":{"origin":94383,"position":5},"title":"Gaza n\u00eb prag t\u00eb uris\u00eb s\u00eb buk\u00ebs. &#8211; Tentuan t\u00eb thyenin bllokad\u00ebn e t\u00eb fusnin ndihma, sulmohet nga Izraeli anija me 30 aktivist\u00eb n\u00eb bord. Shp\u00ebrthen n\u00eb flak\u00eb","author":"Kurt Farka","date":"May 2, 2025","format":false,"excerpt":"2 Maji 2025 Nj\u00eb anije me 30 aktivist\u00eb n\u00eb bord \u00ebsht\u00eb sulmuar nga dron\u00eb izraelit\u00eb pran\u00eb brigjeve t\u00eb Malt\u00ebs. Raportohet se synimi i aktivist\u00ebve ishte thyerja e bllokad\u00ebs dhe d\u00ebrgimi i ndihmave n\u00eb Gaza, e cila \u00ebsht\u00eb n\u00eb prag t\u00eb zis\u00eb s\u00eb buk\u00ebs. Yasemin Acar, nj\u00eb z\u00ebdh\u00ebn\u00ebsja mediatike e grupit,\u2026","rel":"","context":"In &quot;Blogu i Udh\u00ebtarit&quot;","block_context":{"text":"Blogu i Udh\u00ebtarit","link":"https:\/\/www.shqiperia.com\/blog\/category\/blogu-i-udhetarit\/"},"img":{"alt_text":"","src":"https:\/\/i0.wp.com\/www.shqiperia.com\/blog\/wp-content\/uploads\/2025\/05\/15ff3f30-2384-11f0-9097-0766f10c626e.jpg?fit=1024%2C576&ssl=1&resize=350%2C200","width":350,"height":200,"srcset":"https:\/\/i0.wp.com\/www.shqiperia.com\/blog\/wp-content\/uploads\/2025\/05\/15ff3f30-2384-11f0-9097-0766f10c626e.jpg?fit=1024%2C576&ssl=1&resize=350%2C200 1x, https:\/\/i0.wp.com\/www.shqiperia.com\/blog\/wp-content\/uploads\/2025\/05\/15ff3f30-2384-11f0-9097-0766f10c626e.jpg?fit=1024%2C576&ssl=1&resize=525%2C300 1.5x, https:\/\/i0.wp.com\/www.shqiperia.com\/blog\/wp-content\/uploads\/2025\/05\/15ff3f30-2384-11f0-9097-0766f10c626e.jpg?fit=1024%2C576&ssl=1&resize=700%2C400 2x"},"classes":[]}],"_links":{"self":[{"href":"https:\/\/www.shqiperia.com\/blog\/wp-json\/wp\/v2\/posts\/94383","targetHints":{"allow":["GET"]}}],"collection":[{"href":"https:\/\/www.shqiperia.com\/blog\/wp-json\/wp\/v2\/posts"}],"about":[{"href":"https:\/\/www.shqiperia.com\/blog\/wp-json\/wp\/v2\/types\/post"}],"author":[{"embeddable":true,"href":"https:\/\/www.shqiperia.com\/blog\/wp-json\/wp\/v2\/users\/9"}],"replies":[{"embeddable":true,"href":"https:\/\/www.shqiperia.com\/blog\/wp-json\/wp\/v2\/comments?post=94383"}],"version-history":[{"count":2,"href":"https:\/\/www.shqiperia.com\/blog\/wp-json\/wp\/v2\/posts\/94383\/revisions"}],"predecessor-version":[{"id":94386,"href":"https:\/\/www.shqiperia.com\/blog\/wp-json\/wp\/v2\/posts\/94383\/revisions\/94386"}],"wp:featuredmedia":[{"embeddable":true,"href":"https:\/\/www.shqiperia.com\/blog\/wp-json\/wp\/v2\/media\/94384"}],"wp:attachment":[{"href":"https:\/\/www.shqiperia.com\/blog\/wp-json\/wp\/v2\/media?parent=94383"}],"wp:term":[{"taxonomy":"category","embeddable":true,"href":"https:\/\/www.shqiperia.com\/blog\/wp-json\/wp\/v2\/categories?post=94383"},{"taxonomy":"post_tag","embeddable":true,"href":"https:\/\/www.shqiperia.com\/blog\/wp-json\/wp\/v2\/tags?post=94383"}],"curies":[{"name":"wp","href":"https:\/\/api.w.org\/{rel}","templated":true}]}}