{"id":94380,"date":"2025-10-23T15:15:30","date_gmt":"2025-10-23T15:15:30","guid":{"rendered":"https:\/\/www.shqiperia.com\/blog\/?p=94380"},"modified":"2025-10-23T15:15:30","modified_gmt":"2025-10-23T15:15:30","slug":"kina-pezullon-blerjen-e-naftes-nga-rusia","status":"publish","type":"post","link":"https:\/\/www.shqiperia.com\/blog\/kina-pezullon-blerjen-e-naftes-nga-rusia\/","title":{"rendered":"Kina pezullon blerjen e naftes nga Rusia."},"content":{"rendered":"<p><img data-recalc-dims=\"1\" loading=\"lazy\" decoding=\"async\" data-attachment-id=\"94381\" data-permalink=\"https:\/\/www.shqiperia.com\/blog\/kina-pezullon-blerjen-e-naftes-nga-rusia\/screenshot_235-2\/\" data-orig-file=\"https:\/\/i0.wp.com\/www.shqiperia.com\/blog\/wp-content\/uploads\/2025\/10\/Screenshot_235-2.jpg?fit=895%2C495&amp;ssl=1\" data-orig-size=\"895,495\" data-comments-opened=\"1\" data-image-meta=\"{&quot;aperture&quot;:&quot;0&quot;,&quot;credit&quot;:&quot;&quot;,&quot;camera&quot;:&quot;&quot;,&quot;caption&quot;:&quot;&quot;,&quot;created_timestamp&quot;:&quot;0&quot;,&quot;copyright&quot;:&quot;&quot;,&quot;focal_length&quot;:&quot;0&quot;,&quot;iso&quot;:&quot;0&quot;,&quot;shutter_speed&quot;:&quot;0&quot;,&quot;title&quot;:&quot;&quot;,&quot;orientation&quot;:&quot;0&quot;}\" data-image-title=\"Screenshot_235 (2)\" data-image-description=\"\" data-image-caption=\"\" data-medium-file=\"https:\/\/i0.wp.com\/www.shqiperia.com\/blog\/wp-content\/uploads\/2025\/10\/Screenshot_235-2.jpg?fit=300%2C166&amp;ssl=1\" data-large-file=\"https:\/\/i0.wp.com\/www.shqiperia.com\/blog\/wp-content\/uploads\/2025\/10\/Screenshot_235-2.jpg?fit=895%2C495&amp;ssl=1\" class=\"alignnone  wp-image-94381\" alt=\"\" src=\"https:\/\/i0.wp.com\/www.shqiperia.com\/blog\/wp-content\/uploads\/2025\/10\/Screenshot_235-2.jpg?resize=549%2C304&#038;ssl=1\" width=\"549\" height=\"304\" srcset=\"https:\/\/i0.wp.com\/www.shqiperia.com\/blog\/wp-content\/uploads\/2025\/10\/Screenshot_235-2.jpg?resize=300%2C166&amp;ssl=1 300w, https:\/\/i0.wp.com\/www.shqiperia.com\/blog\/wp-content\/uploads\/2025\/10\/Screenshot_235-2.jpg?resize=768%2C425&amp;ssl=1 768w, https:\/\/i0.wp.com\/www.shqiperia.com\/blog\/wp-content\/uploads\/2025\/10\/Screenshot_235-2.jpg?resize=450%2C249&amp;ssl=1 450w, https:\/\/i0.wp.com\/www.shqiperia.com\/blog\/wp-content\/uploads\/2025\/10\/Screenshot_235-2.jpg?resize=600%2C332&amp;ssl=1 600w, https:\/\/i0.wp.com\/www.shqiperia.com\/blog\/wp-content\/uploads\/2025\/10\/Screenshot_235-2.jpg?resize=400%2C221&amp;ssl=1 400w, https:\/\/i0.wp.com\/www.shqiperia.com\/blog\/wp-content\/uploads\/2025\/10\/Screenshot_235-2.jpg?w=895&amp;ssl=1 895w\" sizes=\"auto, (max-width: 549px) 100vw, 549px\" \/><\/p>\n<p>23 Tetor 2025<\/p>\n<p>Kina pezullon blerjen e naftes nga Rusia.<\/p>\n<p>Me pare edhe India ka deklaruar se nuk do bleji nafte nga Rusia.<\/p>\n<p>Keto jane masa ne perkrahje te embargos se ShBA per sanksionet ndaj Rusise nga qe nuk ndalon agresionin ndaj Ukraines.<\/p>\n","protected":false},"excerpt":{"rendered":"<p>23 Tetor 2025 Kina pezullon blerjen e naftes nga Rusia. Me pare edhe India ka deklaruar se nuk do bleji nafte nga Rusia. Keto jane masa ne perkrahje te embargos se ShBA per sanksionet ndaj Rusise nga qe nuk ndalon agresionin ndaj Ukraines.<\/p>\n","protected":false},"author":9,"featured_media":94381,"comment_status":"open","ping_status":"open","sticky":false,"template":"","format":"standard","meta":{"jetpack_post_was_ever_published":false,"_jetpack_newsletter_access":"","_jetpack_dont_email_post_to_subs":false,"_jetpack_newsletter_tier_id":0,"_jetpack_memberships_contains_paywalled_content":false,"_jetpack_memberships_contains_paid_content":false,"footnotes":"","jetpack_publicize_message":"","jetpack_publicize_feature_enabled":true,"jetpack_social_post_already_shared":true,"jetpack_social_options":{"image_generator_settings":{"template":"highway","default_image_id":0,"font":"","enabled":false},"version":2}},"categories":[27,1],"tags":[],"class_list":["post-94380","post","type-post","status-publish","format-standard","has-post-thumbnail","hentry","category-blogu-i-udhetarit","category-njoftime-shtypi"],"jetpack_publicize_connections":[],"jetpack_featured_media_url":"https:\/\/i0.wp.com\/www.shqiperia.com\/blog\/wp-content\/uploads\/2025\/10\/Screenshot_235-2.jpg?fit=895%2C495&ssl=1","jetpack_sharing_enabled":true,"jetpack_shortlink":"https:\/\/wp.me\/p5Z6wp-oyg","jetpack-related-posts":[{"id":53561,"url":"https:\/\/www.shqiperia.com\/blog\/kina-peshon-rreziqet-e-perplasjes-shba-rusi-mbi-ukrainen\/","url_meta":{"origin":94380,"position":0},"title":"Kina peshon rreziqet e p\u00ebrplasjes SHBA-Rusi mbi Ukrain\u00ebn","author":"Kurt Farka","date":"January 28, 2022","format":false,"excerpt":"Kina peshon rreziqet e p\u00ebrplasjes SHBA-Rusi mbi Ukrain\u00ebn 28 JANAR 2022 Pavar\u00ebsisht se i bashkon rivaliteti me Shtetet e Bashkuara, interesat e Kin\u00ebs dhe Rusis\u00eb nuk p\u00ebrputhen gjithmon\u00eb. Kina po v\u00ebzhgon me interes nd\u00ebrsa Rusia dhe Per\u00ebndimi p\u00ebrballen p\u00ebr Ukrain\u00ebn. Pekini \u00ebsht\u00eb i angazhuar n\u00eb mosmarr\u00ebveshjet e veta territoriale dhe\u2026","rel":"","context":"In &quot;Blogu i Udh\u00ebtarit&quot;","block_context":{"text":"Blogu i Udh\u00ebtarit","link":"https:\/\/www.shqiperia.com\/blog\/category\/blogu-i-udhetarit\/"},"img":{"alt_text":"","src":"https:\/\/i0.wp.com\/www.shqiperia.com\/blog\/wp-content\/uploads\/2022\/01\/800-0-1c52445bdb3c1abf99d1d7fdf2052cf3.jpg?fit=800%2C450&ssl=1&resize=350%2C200","width":350,"height":200,"srcset":"https:\/\/i0.wp.com\/www.shqiperia.com\/blog\/wp-content\/uploads\/2022\/01\/800-0-1c52445bdb3c1abf99d1d7fdf2052cf3.jpg?fit=800%2C450&ssl=1&resize=350%2C200 1x, https:\/\/i0.wp.com\/www.shqiperia.com\/blog\/wp-content\/uploads\/2022\/01\/800-0-1c52445bdb3c1abf99d1d7fdf2052cf3.jpg?fit=800%2C450&ssl=1&resize=525%2C300 1.5x, https:\/\/i0.wp.com\/www.shqiperia.com\/blog\/wp-content\/uploads\/2022\/01\/800-0-1c52445bdb3c1abf99d1d7fdf2052cf3.jpg?fit=800%2C450&ssl=1&resize=700%2C400 2x"},"classes":[]},{"id":77886,"url":"https:\/\/www.shqiperia.com\/blog\/kriza-ne-lindjen-e-mesme-po-mbush-arkat-e-putinit-lulezon-serish-tregtia-e-naftes-ruse\/","url_meta":{"origin":94380,"position":1},"title":"Kriza n\u00eb Lindjen e Mesme po mbush \u201carkat\u201d e Putinit, lul\u00ebzon s\u00ebrish tregtia e naft\u00ebs ruse","author":"Kurt Farka","date":"February 3, 2024","format":false,"excerpt":"3 Shkurt 2024 Rusia po ndjek nga af\u00ebr p\u00ebrhapjen e tensioneve n\u00eb Detin e Kuq n\u00eb tregun global t\u00eb energjis\u00eb, tha t\u00eb enjten nj\u00eb zyrtar i lart\u00eb i Mosk\u00ebs, dhe jo pa arsye. Huthi t\u00eb mb\u00ebshtetur nga Irani kan\u00eb nisur m\u00eb shum\u00eb se 30 sulme ndaj anijeve tregtare dhe anijeve\u2026","rel":"","context":"In &quot;Blogu i Udh\u00ebtarit&quot;","block_context":{"text":"Blogu i Udh\u00ebtarit","link":"https:\/\/www.shqiperia.com\/blog\/category\/blogu-i-udhetarit\/"},"img":{"alt_text":"","src":"https:\/\/i0.wp.com\/www.shqiperia.com\/blog\/wp-content\/uploads\/2024\/02\/800-0-65bdff8b8d66b.jpg?fit=800%2C528&ssl=1&resize=350%2C200","width":350,"height":200,"srcset":"https:\/\/i0.wp.com\/www.shqiperia.com\/blog\/wp-content\/uploads\/2024\/02\/800-0-65bdff8b8d66b.jpg?fit=800%2C528&ssl=1&resize=350%2C200 1x, https:\/\/i0.wp.com\/www.shqiperia.com\/blog\/wp-content\/uploads\/2024\/02\/800-0-65bdff8b8d66b.jpg?fit=800%2C528&ssl=1&resize=525%2C300 1.5x, https:\/\/i0.wp.com\/www.shqiperia.com\/blog\/wp-content\/uploads\/2024\/02\/800-0-65bdff8b8d66b.jpg?fit=800%2C528&ssl=1&resize=700%2C400 2x"},"classes":[]},{"id":57486,"url":"https:\/\/www.shqiperia.com\/blog\/eksperti-austriak-hedh-poshte-open-ballkan-jo-ballkani-i-hapur-i-hapur-per-arme-nga-rusia-dhe-kina\/","url_meta":{"origin":94380,"position":2},"title":"Eksperti austriak hedh posht\u00eb \u2018Open Ballkan\u2019. &#8211; Jo \u2018Ballkani i Hapur\u2019 i hapur p\u00ebr arm\u00eb nga Rusia dhe Kina","author":"Kurt Farka","date":"May 1, 2022","format":false,"excerpt":"Eksperti austriak hedh posht\u00eb \u2018Open Ballkan\u2019. - Jo \u2018Ballkani i Hapur\u2019 i hapur p\u00ebr arm\u00eb nga Rusia dhe Kina 24 PRILL 2022 Eksperti austriak Gunther Fehlinger ka hedhur posht\u00eb Ballkanin e Hapur n\u00eb nj\u00eb nga shkrimet e tij, duke propozuar Ballkanin Europian. Ai ka p\u00ebrmendur d\u00ebmet q\u00eb mund t\u00eb shkaktohet\u2026","rel":"","context":"In &quot;Blogu i Udh\u00ebtarit&quot;","block_context":{"text":"Blogu i Udh\u00ebtarit","link":"https:\/\/www.shqiperia.com\/blog\/category\/blogu-i-udhetarit\/"},"img":{"alt_text":"","src":"https:\/\/i0.wp.com\/www.shqiperia.com\/blog\/wp-content\/uploads\/2022\/05\/800-0-6265a7212478e.png?fit=800%2C477&ssl=1&resize=350%2C200","width":350,"height":200,"srcset":"https:\/\/i0.wp.com\/www.shqiperia.com\/blog\/wp-content\/uploads\/2022\/05\/800-0-6265a7212478e.png?fit=800%2C477&ssl=1&resize=350%2C200 1x, https:\/\/i0.wp.com\/www.shqiperia.com\/blog\/wp-content\/uploads\/2022\/05\/800-0-6265a7212478e.png?fit=800%2C477&ssl=1&resize=525%2C300 1.5x, https:\/\/i0.wp.com\/www.shqiperia.com\/blog\/wp-content\/uploads\/2022\/05\/800-0-6265a7212478e.png?fit=800%2C477&ssl=1&resize=700%2C400 2x"},"classes":[]},{"id":80438,"url":"https:\/\/www.shqiperia.com\/blog\/rusia-e-varur-nga-kina-kreu-i-kremlinit-paralajmeron-gjate-muajit-te-ardhshem\/","url_meta":{"origin":94380,"position":3},"title":"Rusia e varur nga Kina, kreu i Kremlinit paralajm\u00ebron: &#8211; Gjat\u00eb muajit t\u00eb ardhsh\u00ebm\u2026","author":"Kurt Farka","date":"April 26, 2024","format":false,"excerpt":"26 Prill 2024 Presidenti i Rusis\u00eb, Vladimir Putin, ka njoftuar se synon ta vizitoj\u00eb Kin\u00ebn gjat\u00eb muajit t\u00eb ardhsh\u00ebm. Putini e b\u00ebri k\u00ebt\u00eb njoftim gjat\u00eb nj\u00eb kongresi t\u00eb Unionit Rus t\u00eb Industrialist\u00ebve dhe Sip\u00ebrmarr\u00ebsve m\u00eb 25 prill n\u00eb Mosk\u00eb. Ai nuk tregoi se kur do ta b\u00ebj\u00eb k\u00ebt\u00eb vizit\u00eb sakt\u00ebsisht,\u2026","rel":"","context":"In &quot;Blogu i Udh\u00ebtarit&quot;","block_context":{"text":"Blogu i Udh\u00ebtarit","link":"https:\/\/www.shqiperia.com\/blog\/category\/blogu-i-udhetarit\/"},"img":{"alt_text":"","src":"https:\/\/i0.wp.com\/www.shqiperia.com\/blog\/wp-content\/uploads\/2024\/04\/Putin-sot-eshte-cmenduria-e-botes-2.jpg?fit=960%2C540&ssl=1&resize=350%2C200","width":350,"height":200,"srcset":"https:\/\/i0.wp.com\/www.shqiperia.com\/blog\/wp-content\/uploads\/2024\/04\/Putin-sot-eshte-cmenduria-e-botes-2.jpg?fit=960%2C540&ssl=1&resize=350%2C200 1x, https:\/\/i0.wp.com\/www.shqiperia.com\/blog\/wp-content\/uploads\/2024\/04\/Putin-sot-eshte-cmenduria-e-botes-2.jpg?fit=960%2C540&ssl=1&resize=525%2C300 1.5x, https:\/\/i0.wp.com\/www.shqiperia.com\/blog\/wp-content\/uploads\/2024\/04\/Putin-sot-eshte-cmenduria-e-botes-2.jpg?fit=960%2C540&ssl=1&resize=700%2C400 2x"},"classes":[]},{"id":66181,"url":"https:\/\/www.shqiperia.com\/blog\/zyrtari-kinez-putin-eshte-i-cmendur-pekini-mendon-se-rusia-mund-te-deshtoje-ne-ukraine\/","url_meta":{"origin":94380,"position":4},"title":"Zyrtari kinez: &#8211; Putin \u00ebsht\u00eb i \u00e7mendur. &#8211; Pekini mendon se Rusia mund t\u00eb d\u00ebshtoj\u00eb n\u00eb Ukrain\u00eb","author":"Kurt Farka","date":"January 12, 2023","format":false,"excerpt":"12 Janar 2023 Megjith\u00ebse du lider\u00ebt, Xi Jinping i Kin\u00ebs dhe Vladimir Putin i Rusis\u00eb, u zotuan p\u00ebr marr\u00ebdh\u00ebnie m\u00eb t\u00eb ngushta dypal\u00ebshe, duket se jo gjith\u00e7ka po shkon ashtu si\u00e7 duket. Disa zyrtar\u00eb kinez\u00eb\u00a0q\u00eb flasin p\u00ebr mediat shprehin kund\u00ebrshtimin e luft\u00ebs n\u00eb Ukrain\u00eb. N\u00eb biseda private, nj\u00eb num\u00ebr zyrtar\u00ebsh\u2026","rel":"","context":"In &quot;Blogu i Udh\u00ebtarit&quot;","block_context":{"text":"Blogu i Udh\u00ebtarit","link":"https:\/\/www.shqiperia.com\/blog\/category\/blogu-i-udhetarit\/"},"img":{"alt_text":"","src":"https:\/\/i0.wp.com\/www.shqiperia.com\/blog\/wp-content\/uploads\/2023\/01\/2df2e68871dd2a61b78f85e952930f5418be1451.png?fit=1200%2C682&ssl=1&resize=350%2C200","width":350,"height":200,"srcset":"https:\/\/i0.wp.com\/www.shqiperia.com\/blog\/wp-content\/uploads\/2023\/01\/2df2e68871dd2a61b78f85e952930f5418be1451.png?fit=1200%2C682&ssl=1&resize=350%2C200 1x, https:\/\/i0.wp.com\/www.shqiperia.com\/blog\/wp-content\/uploads\/2023\/01\/2df2e68871dd2a61b78f85e952930f5418be1451.png?fit=1200%2C682&ssl=1&resize=525%2C300 1.5x, https:\/\/i0.wp.com\/www.shqiperia.com\/blog\/wp-content\/uploads\/2023\/01\/2df2e68871dd2a61b78f85e952930f5418be1451.png?fit=1200%2C682&ssl=1&resize=700%2C400 2x, https:\/\/i0.wp.com\/www.shqiperia.com\/blog\/wp-content\/uploads\/2023\/01\/2df2e68871dd2a61b78f85e952930f5418be1451.png?fit=1200%2C682&ssl=1&resize=1050%2C600 3x"},"classes":[]},{"id":62429,"url":"https:\/\/www.shqiperia.com\/blog\/deklarata-e-albin-kurtit-ne-kosove-mund-te-kete-lufte\/","url_meta":{"origin":94380,"position":5},"title":"Deklarata e Albin Kurtit: &#8211; N\u00eb Kosov\u00eb mund t\u00eb ket\u00eb luft\u00eb","author":"Kurt Farka","date":"September 18, 2022","format":false,"excerpt":"17 Shtator 2022 Kryeministri i Kosov\u00ebs, Albin Kurti, ka folur s\u00ebrish p\u00ebr mund\u00ebsin\u00eb e nj\u00eb lufte n\u00eb Kosov\u00eb, duke th\u00ebn\u00eb se Serbia aktualisht po armatos fuqish\u00ebm ushtrin\u00eb e saj me pajisje q\u00eb i merr nga Rusia dhe Kina. P\u00ebr gazet\u00ebn kroate \u201cVecernji list\u201d, Kurti ka th\u00ebn\u00eb se beson se do\u2026","rel":"","context":"In &quot;Blogu i Udh\u00ebtarit&quot;","block_context":{"text":"Blogu i Udh\u00ebtarit","link":"https:\/\/www.shqiperia.com\/blog\/category\/blogu-i-udhetarit\/"},"img":{"alt_text":"","src":"https:\/\/i0.wp.com\/www.shqiperia.com\/blog\/wp-content\/uploads\/2022\/09\/Albin-Kurti.jpg?fit=640%2C366&ssl=1&resize=350%2C200","width":350,"height":200,"srcset":"https:\/\/i0.wp.com\/www.shqiperia.com\/blog\/wp-content\/uploads\/2022\/09\/Albin-Kurti.jpg?fit=640%2C366&ssl=1&resize=350%2C200 1x, https:\/\/i0.wp.com\/www.shqiperia.com\/blog\/wp-content\/uploads\/2022\/09\/Albin-Kurti.jpg?fit=640%2C366&ssl=1&resize=525%2C300 1.5x"},"classes":[]}],"_links":{"self":[{"href":"https:\/\/www.shqiperia.com\/blog\/wp-json\/wp\/v2\/posts\/94380","targetHints":{"allow":["GET"]}}],"collection":[{"href":"https:\/\/www.shqiperia.com\/blog\/wp-json\/wp\/v2\/posts"}],"about":[{"href":"https:\/\/www.shqiperia.com\/blog\/wp-json\/wp\/v2\/types\/post"}],"author":[{"embeddable":true,"href":"https:\/\/www.shqiperia.com\/blog\/wp-json\/wp\/v2\/users\/9"}],"replies":[{"embeddable":true,"href":"https:\/\/www.shqiperia.com\/blog\/wp-json\/wp\/v2\/comments?post=94380"}],"version-history":[{"count":1,"href":"https:\/\/www.shqiperia.com\/blog\/wp-json\/wp\/v2\/posts\/94380\/revisions"}],"predecessor-version":[{"id":94382,"href":"https:\/\/www.shqiperia.com\/blog\/wp-json\/wp\/v2\/posts\/94380\/revisions\/94382"}],"wp:featuredmedia":[{"embeddable":true,"href":"https:\/\/www.shqiperia.com\/blog\/wp-json\/wp\/v2\/media\/94381"}],"wp:attachment":[{"href":"https:\/\/www.shqiperia.com\/blog\/wp-json\/wp\/v2\/media?parent=94380"}],"wp:term":[{"taxonomy":"category","embeddable":true,"href":"https:\/\/www.shqiperia.com\/blog\/wp-json\/wp\/v2\/categories?post=94380"},{"taxonomy":"post_tag","embeddable":true,"href":"https:\/\/www.shqiperia.com\/blog\/wp-json\/wp\/v2\/tags?post=94380"}],"curies":[{"name":"wp","href":"https:\/\/api.w.org\/{rel}","templated":true}]}}