{"id":94377,"date":"2025-10-23T13:22:37","date_gmt":"2025-10-23T13:22:37","guid":{"rendered":"https:\/\/www.shqiperia.com\/blog\/?p=94377"},"modified":"2025-10-23T13:22:37","modified_gmt":"2025-10-23T13:22:37","slug":"kulla-eifel-ne-prag-shembjeje-e-verteta-pas-lajmit-qe-pushtoi-rrjetet-sociale","status":"publish","type":"post","link":"https:\/\/www.shqiperia.com\/blog\/kulla-eifel-ne-prag-shembjeje-e-verteta-pas-lajmit-qe-pushtoi-rrjetet-sociale\/","title":{"rendered":"Kulla Eifel, n\u00eb prag shembjeje? E v\u00ebrteta pas lajmit q\u00eb pushtoi rrjetet sociale"},"content":{"rendered":"<p><img data-recalc-dims=\"1\" loading=\"lazy\" decoding=\"async\" data-attachment-id=\"94378\" data-permalink=\"https:\/\/www.shqiperia.com\/blog\/kulla-eifel-ne-prag-shembjeje-e-verteta-pas-lajmit-qe-pushtoi-rrjetet-sociale\/befunky-collage-2021-03-31t115525-102-scaled\/\" data-orig-file=\"https:\/\/i0.wp.com\/www.shqiperia.com\/blog\/wp-content\/uploads\/2025\/10\/BeFunky-collage-2021-03-31T115525.102-scaled-1.jpg?fit=2560%2C1493&amp;ssl=1\" data-orig-size=\"2560,1493\" data-comments-opened=\"1\" data-image-meta=\"{&quot;aperture&quot;:&quot;0&quot;,&quot;credit&quot;:&quot;&quot;,&quot;camera&quot;:&quot;&quot;,&quot;caption&quot;:&quot;&quot;,&quot;created_timestamp&quot;:&quot;0&quot;,&quot;copyright&quot;:&quot;&quot;,&quot;focal_length&quot;:&quot;0&quot;,&quot;iso&quot;:&quot;0&quot;,&quot;shutter_speed&quot;:&quot;0&quot;,&quot;title&quot;:&quot;&quot;,&quot;orientation&quot;:&quot;1&quot;}\" data-image-title=\"BeFunky-collage-2021-03-31T115525.102-scaled\" data-image-description=\"\" data-image-caption=\"\" data-medium-file=\"https:\/\/i0.wp.com\/www.shqiperia.com\/blog\/wp-content\/uploads\/2025\/10\/BeFunky-collage-2021-03-31T115525.102-scaled-1.jpg?fit=300%2C175&amp;ssl=1\" data-large-file=\"https:\/\/i0.wp.com\/www.shqiperia.com\/blog\/wp-content\/uploads\/2025\/10\/BeFunky-collage-2021-03-31T115525.102-scaled-1.jpg?fit=1024%2C597&amp;ssl=1\" class=\"alignnone  wp-image-94378\" alt=\"\" src=\"https:\/\/i0.wp.com\/www.shqiperia.com\/blog\/wp-content\/uploads\/2025\/10\/BeFunky-collage-2021-03-31T115525.102-scaled-1.jpg?resize=665%2C388&#038;ssl=1\" width=\"665\" height=\"388\" srcset=\"https:\/\/i0.wp.com\/www.shqiperia.com\/blog\/wp-content\/uploads\/2025\/10\/BeFunky-collage-2021-03-31T115525.102-scaled-1.jpg?resize=300%2C175&amp;ssl=1 300w, https:\/\/i0.wp.com\/www.shqiperia.com\/blog\/wp-content\/uploads\/2025\/10\/BeFunky-collage-2021-03-31T115525.102-scaled-1.jpg?resize=1024%2C597&amp;ssl=1 1024w, https:\/\/i0.wp.com\/www.shqiperia.com\/blog\/wp-content\/uploads\/2025\/10\/BeFunky-collage-2021-03-31T115525.102-scaled-1.jpg?resize=768%2C448&amp;ssl=1 768w, https:\/\/i0.wp.com\/www.shqiperia.com\/blog\/wp-content\/uploads\/2025\/10\/BeFunky-collage-2021-03-31T115525.102-scaled-1.jpg?resize=1536%2C896&amp;ssl=1 1536w, https:\/\/i0.wp.com\/www.shqiperia.com\/blog\/wp-content\/uploads\/2025\/10\/BeFunky-collage-2021-03-31T115525.102-scaled-1.jpg?resize=2048%2C1194&amp;ssl=1 2048w, https:\/\/i0.wp.com\/www.shqiperia.com\/blog\/wp-content\/uploads\/2025\/10\/BeFunky-collage-2021-03-31T115525.102-scaled-1.jpg?resize=2000%2C1166&amp;ssl=1 2000w, https:\/\/i0.wp.com\/www.shqiperia.com\/blog\/wp-content\/uploads\/2025\/10\/BeFunky-collage-2021-03-31T115525.102-scaled-1.jpg?resize=450%2C262&amp;ssl=1 450w, https:\/\/i0.wp.com\/www.shqiperia.com\/blog\/wp-content\/uploads\/2025\/10\/BeFunky-collage-2021-03-31T115525.102-scaled-1.jpg?resize=600%2C350&amp;ssl=1 600w, https:\/\/i0.wp.com\/www.shqiperia.com\/blog\/wp-content\/uploads\/2025\/10\/BeFunky-collage-2021-03-31T115525.102-scaled-1.jpg?resize=1500%2C875&amp;ssl=1 1500w, https:\/\/i0.wp.com\/www.shqiperia.com\/blog\/wp-content\/uploads\/2025\/10\/BeFunky-collage-2021-03-31T115525.102-scaled-1.jpg?resize=1300%2C758&amp;ssl=1 1300w, https:\/\/i0.wp.com\/www.shqiperia.com\/blog\/wp-content\/uploads\/2025\/10\/BeFunky-collage-2021-03-31T115525.102-scaled-1.jpg?resize=400%2C233&amp;ssl=1 400w\" sizes=\"auto, (max-width: 665px) 100vw, 665px\" \/><\/p>\n<p>23 Tetor 2025<\/p>\n<p>Kulla Eifel, me lart\u00ebsi 330 metra, \u00ebsht\u00eb nj\u00eb nga strukturat m\u00eb t\u00eb njohura n\u00eb bot\u00eb dhe simboli m\u00eb i madh i Franc\u00ebs. Vet\u00ebm n\u00eb vitin 2023, ajo gjeneroi 117.87 milion\u00eb euro t\u00eb ardhura, pa marr\u00eb asnj\u00eb subvencion shtet\u00ebror, dhe pun\u00ebson mbi 300 persona n\u00eb Paris.<img loading=\"lazy\" decoding=\"async\" alt=\"\" src=\"https:\/\/ads.balkanweb.com\/www\/delivery\/lg.php?bannerid=0&amp;campaignid=0&amp;zoneid=426&amp;loc=https%3A%2F%2Fwww.balkanweb.com%2Fkulla-eifel-ne-prag-shembjeje-e-verteta-pas-lajmit-qe-pushtoi-rrjetet-sociale%2F&amp;referer=https%3A%2F%2Fwww.balkanweb.com%2Fkategoria%2Fmetropol%2Fkuriozitete%2F&amp;cb=c1b1afcf9a\" width=\"0\" height=\"0\" \/><\/p>\n<p>N\u00eb fillim t\u00eb tetorit, monumenti u mbyll p\u00ebrkoh\u00ebsisht p\u00ebr publikun p\u00ebr arsye sigurie, pasi mij\u00ebra protestues dol\u00ebn n\u00eb rrug\u00ebt e kryeqytetit francez gjat\u00eb grevave komb\u00ebtare kund\u00ebr politikave t\u00eb qeveris\u00eb.<\/p>\n<p>\u201cN\u00eb lidhje me nj\u00eb grev\u00eb, Kulla Eifel \u00ebsht\u00eb e mbyllur. K\u00ebrkojm\u00eb ndjes\u00eb p\u00ebr shqet\u00ebsimin,\u201d \u2013 thuhej n\u00eb njoftimin zyrtar n\u00eb hyrje t\u00eb kull\u00ebs.<\/p>\n<p>Pak jav\u00eb para grevave, nj\u00eb faqe humoristike franceze botoi nj\u00eb artikull satirik ku thuhej se Kulla Eifel do t\u00eb rr\u00ebnohej p\u00ebr t\u2019u kthyer n\u00eb nj\u00eb \u201crr\u00ebshqit\u00ebse gjigante\u201d apo \u201csall\u00eb koncertesh\u201d.<br \/>\nFillimisht i shkruar me ton komik, ky artikull u nxor nga konteksti dhe u shp\u00ebrnda si lajm i v\u00ebrtet\u00eb n\u00eb disa rrjete sociale.<br \/>\nN\u00eb X, llogari me qindra mij\u00ebra ndjek\u00ebs publikuan postime ku shkruhej:<\/p>\n<p>\u201cSipas raporteve, Kulla e famshme Eifel, simbol i Franc\u00ebs p\u00ebr m\u00eb shum\u00eb se 135 vjet, do t\u00eb shembet n\u00eb vitin 2026 pas p\u00ebrfundimit t\u00eb kontrat\u00ebs s\u00eb operimit.\u201d<br \/>\nPostimet shtonin se \u201clodhja strukturore, kostot e mir\u00ebmbajtjes dhe ankesat publike\u201d ishin arsyet p\u00ebr k\u00ebt\u00eb \u201cvendim trondit\u00ebs\u201d.<\/p>\n<p>Kjo mjaftoi q\u00eb shum\u00eb p\u00ebrdorues t\u00eb rrjeteve sociale t\u00eb shpreheshin t\u00eb tronditur, me komente si \u201cJo, Paris! Mos m\u00eb prish vendin e \u00ebndrrave p\u00ebr propozim!\u201d, nd\u00ebrsa t\u00eb tjer\u00eb paralajm\u00ebruan se lajmi ishte \u201cfake news\u201d.<\/p>\n<p>Kompania q\u00eb operon monumentin, \u201cSoci\u00e9t\u00e9 d\u2019Exploitation de la Tour Eiffel\u201d (SETE), nuk ka b\u00ebr\u00eb asnj\u00eb koment zyrtar p\u00ebr pretendimet virale, por faqja zyrtare e kull\u00ebs vazhdon t\u00eb funksionoj\u00eb normalisht, dhe biletat p\u00ebr vizitor\u00ebt shiten \u00e7do dit\u00eb.<br \/>\nN\u00eb asnj\u00eb dokument publik apo plan restaurimi nuk ekziston asnj\u00eb projekt p\u00ebr shembjen e Kull\u00ebs Eifel.<\/p>\n<p>Ekspert\u00ebt paralajm\u00ebrojn\u00eb se p\u00ebrhapja e lajmeve t\u00eb rreme mund t\u00eb d\u00ebmtoj\u00eb industrin\u00eb e turizmit. Shembulli i fundit nga Franca tregon sa leht\u00eb mund t\u00eb krijohet panik apo konfuzion n\u00eb publik, edhe p\u00ebr monumente t\u00eb famshme.<\/p>\n<p>N\u00eb Itali, p\u00ebr shembull, qeveria ka miratuar masa t\u00eb reja kund\u00ebr komenteve t\u00eb rreme n\u00eb hotele dhe restorante, pasi sipas Ministris\u00eb s\u00eb Nd\u00ebrmarrjeve, p\u00ebrmbajtjet mashtruese mund t\u00eb ndikojn\u00eb nga 6 deri n\u00eb 30 p\u00ebr qind t\u00eb t\u00eb ardhurave t\u00eb bizneseve turistike.<\/p>\n<p>\u201cKy \u00ebsht\u00eb nj\u00eb hap i r\u00ebnd\u00ebsish\u00ebm p\u00ebr mbrojtjen e bizneseve tona\u201d,- tha ministrja italiane e Turizmit, Daniela Santanch\u00e9. \u201cVler\u00ebsimet e verifikueshme jan\u00eb thelb\u00ebsore p\u00ebr besimin e turist\u00ebve.\u201d<\/p>\n<p>N\u00eb koh\u00ebn e \u201cfake news\u201d, edhe monumentet m\u00eb t\u00eb famshme nuk shp\u00ebtojn\u00eb nga keqinformimi. Kulla Eifel nuk do t\u00eb shembet, dhe mbyllja e saj e p\u00ebrkohshme nuk ka lidhje me ndonj\u00eb rrezik struktural.<br \/>\nMegjithat\u00eb, ky episod \u00ebsht\u00eb nj\u00eb kujtes\u00eb e qart\u00eb se verifikimi i burimeve mbetet thelb\u00ebsor, ve\u00e7an\u00ebrisht n\u00eb epok\u00ebn ku nj\u00eb postim n\u00eb rrjete sociale mund t\u00eb shnd\u00ebrrohet n\u00eb \u201clajm bot\u00ebror\u201d p\u00ebr pak or\u00eb.<\/p>\n","protected":false},"excerpt":{"rendered":"<p>23 Tetor 2025 Kulla Eifel, me lart\u00ebsi 330 metra, \u00ebsht\u00eb nj\u00eb nga strukturat m\u00eb t\u00eb njohura n\u00eb bot\u00eb dhe simboli m\u00eb i madh i Franc\u00ebs. Vet\u00ebm n\u00eb vitin 2023, ajo gjeneroi 117.87 milion\u00eb euro t\u00eb ardhura, pa marr\u00eb asnj\u00eb subvencion shtet\u00ebror, dhe pun\u00ebson mbi 300 persona n\u00eb Paris. N\u00eb fillim t\u00eb tetorit, monumenti u mbyll [&hellip;]<\/p>\n","protected":false},"author":9,"featured_media":94378,"comment_status":"open","ping_status":"open","sticky":false,"template":"","format":"standard","meta":{"jetpack_post_was_ever_published":false,"_jetpack_newsletter_access":"","_jetpack_dont_email_post_to_subs":false,"_jetpack_newsletter_tier_id":0,"_jetpack_memberships_contains_paywalled_content":false,"_jetpack_memberships_contains_paid_content":false,"footnotes":"","jetpack_publicize_message":"","jetpack_publicize_feature_enabled":true,"jetpack_social_post_already_shared":true,"jetpack_social_options":{"image_generator_settings":{"template":"highway","default_image_id":0,"font":"","enabled":false},"version":2}},"categories":[27,85,86],"tags":[],"class_list":["post-94377","post","type-post","status-publish","format-standard","has-post-thumbnail","hentry","category-blogu-i-udhetarit","category-histori","category-trashegimi-kulturore"],"jetpack_publicize_connections":[],"jetpack_featured_media_url":"https:\/\/i0.wp.com\/www.shqiperia.com\/blog\/wp-content\/uploads\/2025\/10\/BeFunky-collage-2021-03-31T115525.102-scaled-1.jpg?fit=2560%2C1493&ssl=1","jetpack_sharing_enabled":true,"jetpack_shortlink":"https:\/\/wp.me\/p5Z6wp-oyd","jetpack-related-posts":[{"id":82152,"url":"https:\/\/www.shqiperia.com\/blog\/rritet-cmimi-i-biletave-per-te-vizituar-kullen-eifel\/","url_meta":{"origin":94377,"position":0},"title":"Rritet \u00e7mimi i biletave p\u00ebr t\u00eb vizituar Kull\u00ebn Eifel","author":"Kurt Farka","date":"June 25, 2024","format":false,"excerpt":"25 Qershor 2024 Biletat p\u00ebr t\u00eb vizituar Kull\u00ebn Eifel jan\u00eb rritur me 20 p\u00ebr qind n\u00eb nj\u00eb p\u00ebrpjekje p\u00ebr t\u00eb kompensuar kostot e m\u00ebdha t\u00eb mir\u00ebmbajtjes. Rritja e \u00e7mimit erdhi vet\u00ebm disa jav\u00eb para hapjes s\u00eb Loj\u00ebrave Olimpike dhe pas muajsh tensioni mes kompanis\u00eb q\u00eb menaxhon \u201cZonj\u00ebn e \u00e7elikut\u201d dhe\u2026","rel":"","context":"In &quot;Blogu i Udh\u00ebtarit&quot;","block_context":{"text":"Blogu i Udh\u00ebtarit","link":"https:\/\/www.shqiperia.com\/blog\/category\/blogu-i-udhetarit\/"},"img":{"alt_text":"","src":"https:\/\/i0.wp.com\/www.shqiperia.com\/blog\/wp-content\/uploads\/2024\/06\/640-0-screenshot-53-1719245741.jpg?fit=640%2C348&ssl=1&resize=350%2C200","width":350,"height":200,"srcset":"https:\/\/i0.wp.com\/www.shqiperia.com\/blog\/wp-content\/uploads\/2024\/06\/640-0-screenshot-53-1719245741.jpg?fit=640%2C348&ssl=1&resize=350%2C200 1x, https:\/\/i0.wp.com\/www.shqiperia.com\/blog\/wp-content\/uploads\/2024\/06\/640-0-screenshot-53-1719245741.jpg?fit=640%2C348&ssl=1&resize=525%2C300 1.5x"},"classes":[]},{"id":52042,"url":"https:\/\/www.shqiperia.com\/blog\/nasa-nje-asteroidi-i-madh-dhe-potencialisht-i-rrezikshem-do-te-hyje-ne-orbiten-e-tokes-javen-e-ardhshme\/","url_meta":{"origin":94377,"position":1},"title":"NASA: Nj\u00eb asteroidi i madh dhe &#8216;potencialisht i rreziksh\u00ebm&#8217; do t\u00eb hyj\u00eb n\u00eb orbit\u00ebn e Tok\u00ebs jav\u00ebn e ardhshme","author":"Kurt Farka","date":"December 5, 2021","format":false,"excerpt":"NASA: Nj\u00eb asteroidi i madh dhe 'potencialisht i rreziksh\u00ebm' do t\u00eb hyj\u00eb n\u00eb orbit\u00ebn e Tok\u00ebs jav\u00ebn e ardhshme 5 Dhjetor 2021 NASA ka paralajm\u00ebruar se nj\u00eb asteroid gjigant m\u00eb i madh se Kulla Eifel do t\u00eb dep\u00ebrtoj\u00eb n\u00eb orbit\u00ebn e Tok\u00ebs p\u00ebr pak m\u00eb shum\u00eb se nj\u00eb jav\u00eb. Shk\u00ebmbi\u2026","rel":"","context":"In &quot;Blogu i Udh\u00ebtarit&quot;","block_context":{"text":"Blogu i Udh\u00ebtarit","link":"https:\/\/www.shqiperia.com\/blog\/category\/blogu-i-udhetarit\/"},"img":{"alt_text":"","src":"https:\/\/i0.wp.com\/www.shqiperia.com\/blog\/wp-content\/uploads\/2021\/12\/NASA-Nje-asteroidi-i-madh-dhe-potencialisht-i-rrezikshem-do-te-hyje-ne-orbiten-e-Tokes-2.jpg?fit=640%2C396&ssl=1&resize=350%2C200","width":350,"height":200,"srcset":"https:\/\/i0.wp.com\/www.shqiperia.com\/blog\/wp-content\/uploads\/2021\/12\/NASA-Nje-asteroidi-i-madh-dhe-potencialisht-i-rrezikshem-do-te-hyje-ne-orbiten-e-Tokes-2.jpg?fit=640%2C396&ssl=1&resize=350%2C200 1x, https:\/\/i0.wp.com\/www.shqiperia.com\/blog\/wp-content\/uploads\/2021\/12\/NASA-Nje-asteroidi-i-madh-dhe-potencialisht-i-rrezikshem-do-te-hyje-ne-orbiten-e-Tokes-2.jpg?fit=640%2C396&ssl=1&resize=525%2C300 1.5x"},"classes":[]},{"id":34273,"url":"https:\/\/www.shqiperia.com\/blog\/kulla-e-sahatit-tirane\/","url_meta":{"origin":94377,"position":2},"title":"Kulla e Sahatit Tirane","author":"Kurt Farka","date":"May 5, 2020","format":false,"excerpt":"Kulla e Sahatit \u00ebsht\u00eb nj\u00eb Monument Kulturor q\u00eb tregon or\u00ebn e Tiran\u00ebs q\u00eb nga 1822. Ndodhet prapa Xhamise Et'hem Bey. \u00cbsht\u00eb nd\u00ebrtuar nga i nj\u00ebjti person q\u00eb nd\u00ebrtoi dhe xhamine, Et'hem Beu. Ju mund te ngjisni 90 shkall\u00ebt e saj dhe t\u00eb arrini n\u00eb maj\u00eb t\u00eb saj, ku te shijoni\u2026","rel":"","context":"In &quot;Blogu i Udh\u00ebtarit&quot;","block_context":{"text":"Blogu i Udh\u00ebtarit","link":"https:\/\/www.shqiperia.com\/blog\/category\/blogu-i-udhetarit\/"},"img":{"alt_text":"","src":"https:\/\/i0.wp.com\/www.shqiperia.com\/blog\/wp-content\/uploads\/2020\/05\/20_clock_tower_tirana_albania.jpg?fit=800%2C422&ssl=1&resize=350%2C200","width":350,"height":200,"srcset":"https:\/\/i0.wp.com\/www.shqiperia.com\/blog\/wp-content\/uploads\/2020\/05\/20_clock_tower_tirana_albania.jpg?fit=800%2C422&ssl=1&resize=350%2C200 1x, https:\/\/i0.wp.com\/www.shqiperia.com\/blog\/wp-content\/uploads\/2020\/05\/20_clock_tower_tirana_albania.jpg?fit=800%2C422&ssl=1&resize=525%2C300 1.5x, https:\/\/i0.wp.com\/www.shqiperia.com\/blog\/wp-content\/uploads\/2020\/05\/20_clock_tower_tirana_albania.jpg?fit=800%2C422&ssl=1&resize=700%2C400 2x"},"classes":[]},{"id":96403,"url":"https:\/\/www.shqiperia.com\/blog\/fermeret-hyjne-ne-paris-me-traktore-ne-proteste-kunder-marreveshjes-tregtare-be-mercosur\/","url_meta":{"origin":94377,"position":3},"title":"Fermer\u00ebt hyjn\u00eb n\u00eb Paris me traktor\u00eb n\u00eb protest\u00eb kund\u00ebr marr\u00ebveshjes tregtare BE-Mercosur","author":"Kurt Farka","date":"January 9, 2026","format":false,"excerpt":"9 Janar 2026 Fermer\u00ebt francez\u00eb hyn\u00eb sot n\u00eb Paris me traktor\u00eb, n\u00eb shenj\u00eb proteste kund\u00ebr nj\u00eb marr\u00ebveshjeje tregtare t\u00eb BE-s\u00eb me bllokun e Amerik\u00ebs s\u00eb Jugut Mercosur, p\u00ebr t\u00eb cil\u00ebn ata druhen se do t\u00eb krijoj\u00eb konkurrenc\u00eb t\u00eb padrejt\u00eb. Dhjet\u00ebra traktor\u00eb mb\u00ebrrit\u00ebn para agimit dhe l\u00ebviz\u00ebn n\u00ebp\u00ebr Paris, me disa\u2026","rel":"","context":"In &quot;Blogu i Udh\u00ebtarit&quot;","block_context":{"text":"Blogu i Udh\u00ebtarit","link":"https:\/\/www.shqiperia.com\/blog\/category\/blogu-i-udhetarit\/"},"img":{"alt_text":"","src":"https:\/\/i0.wp.com\/www.shqiperia.com\/blog\/wp-content\/uploads\/2026\/01\/640-0-paris-1767886210-1.jpg?fit=640%2C360&ssl=1&resize=350%2C200","width":350,"height":200,"srcset":"https:\/\/i0.wp.com\/www.shqiperia.com\/blog\/wp-content\/uploads\/2026\/01\/640-0-paris-1767886210-1.jpg?fit=640%2C360&ssl=1&resize=350%2C200 1x, https:\/\/i0.wp.com\/www.shqiperia.com\/blog\/wp-content\/uploads\/2026\/01\/640-0-paris-1767886210-1.jpg?fit=640%2C360&ssl=1&resize=525%2C300 1.5x"},"classes":[]},{"id":27960,"url":"https:\/\/www.shqiperia.com\/blog\/monumente-kulla-e-fortifikuar-e-sali-markes-2-foto\/","url_meta":{"origin":94377,"position":4},"title":"Monumente: &#8211; Kulla e fortifikuar e Sali Markes, (2 foto). &#8211;","author":"Kurt Farka","date":"November 9, 2019","format":false,"excerpt":"Kulla e fortifikuar e Sali Markes Kulla e fortifikuar e Sali Markes ndodhet n\u00eb fshatin Zogje, Diber n\u00eb nj\u00eb terren dominues. Esht\u00eb\u00a0 kull\u00eb 4 kat\u00ebshe, me avlli dhe ka qen\u00eb e lidhur me t\u00eb tjera ndert\u00ebsa duke krijuar nje ''kala'' t\u00eb vog\u00ebl. Katet lidhen nga jasht\u00eb me shkall\u00eb druri, \u00e7do\u2026","rel":"","context":"In &quot;Histori&quot;","block_context":{"text":"Histori","link":"https:\/\/www.shqiperia.com\/blog\/category\/histori\/"},"img":{"alt_text":"","src":"https:\/\/i0.wp.com\/www.shqiperia.com\/blog\/wp-content\/uploads\/2019\/11\/3-Copy.jpg?fit=400%2C254&ssl=1&resize=350%2C200","width":350,"height":200},"classes":[]},{"id":76012,"url":"https:\/\/www.shqiperia.com\/blog\/kulla-simbol-e-qytetit-italian-drejt-shembjes-mbyllet-per-turistet\/","url_meta":{"origin":94377,"position":5},"title":"Kulla simbol e qytetit italian drejt shembjes, mbyllet p\u00ebr turist\u00ebt","author":"Kurt Farka","date":"December 3, 2023","format":false,"excerpt":"3 Dhjetor 2023 Nj\u00eb kull\u00eb mesjetare n\u00eb qytetin italian t\u00eb Bolonj\u00ebs \u00ebsht\u00eb mbyllur p\u00ebr shkak t\u00eb frik\u00ebs se mund t\u00eb shembet. Autoritetet kan\u00eb filluar t\u00eb nd\u00ebrtojn\u00eb nj\u00eb gardh 5 metra t\u00eb lart\u00eb rreth kull\u00ebs Garisenda t\u00eb shekullit t\u00eb 12-t\u00eb p\u00ebr t\u00eb mbajtur mbeturinat n\u00eb rast se bien, shkruajn\u00eb\u00a0mediat italiane. Kulla\u2026","rel":"","context":"In &quot;Blogu i Udh\u00ebtarit&quot;","block_context":{"text":"Blogu i Udh\u00ebtarit","link":"https:\/\/www.shqiperia.com\/blog\/category\/blogu-i-udhetarit\/"},"img":{"alt_text":"","src":"https:\/\/i0.wp.com\/www.shqiperia.com\/blog\/wp-content\/uploads\/2023\/12\/640-0-1701608116xgarisendatower-325.jpg?fit=640%2C477&ssl=1&resize=350%2C200","width":350,"height":200,"srcset":"https:\/\/i0.wp.com\/www.shqiperia.com\/blog\/wp-content\/uploads\/2023\/12\/640-0-1701608116xgarisendatower-325.jpg?fit=640%2C477&ssl=1&resize=350%2C200 1x, https:\/\/i0.wp.com\/www.shqiperia.com\/blog\/wp-content\/uploads\/2023\/12\/640-0-1701608116xgarisendatower-325.jpg?fit=640%2C477&ssl=1&resize=525%2C300 1.5x"},"classes":[]}],"_links":{"self":[{"href":"https:\/\/www.shqiperia.com\/blog\/wp-json\/wp\/v2\/posts\/94377","targetHints":{"allow":["GET"]}}],"collection":[{"href":"https:\/\/www.shqiperia.com\/blog\/wp-json\/wp\/v2\/posts"}],"about":[{"href":"https:\/\/www.shqiperia.com\/blog\/wp-json\/wp\/v2\/types\/post"}],"author":[{"embeddable":true,"href":"https:\/\/www.shqiperia.com\/blog\/wp-json\/wp\/v2\/users\/9"}],"replies":[{"embeddable":true,"href":"https:\/\/www.shqiperia.com\/blog\/wp-json\/wp\/v2\/comments?post=94377"}],"version-history":[{"count":1,"href":"https:\/\/www.shqiperia.com\/blog\/wp-json\/wp\/v2\/posts\/94377\/revisions"}],"predecessor-version":[{"id":94379,"href":"https:\/\/www.shqiperia.com\/blog\/wp-json\/wp\/v2\/posts\/94377\/revisions\/94379"}],"wp:featuredmedia":[{"embeddable":true,"href":"https:\/\/www.shqiperia.com\/blog\/wp-json\/wp\/v2\/media\/94378"}],"wp:attachment":[{"href":"https:\/\/www.shqiperia.com\/blog\/wp-json\/wp\/v2\/media?parent=94377"}],"wp:term":[{"taxonomy":"category","embeddable":true,"href":"https:\/\/www.shqiperia.com\/blog\/wp-json\/wp\/v2\/categories?post=94377"},{"taxonomy":"post_tag","embeddable":true,"href":"https:\/\/www.shqiperia.com\/blog\/wp-json\/wp\/v2\/tags?post=94377"}],"curies":[{"name":"wp","href":"https:\/\/api.w.org\/{rel}","templated":true}]}}