{"id":94374,"date":"2025-10-23T13:11:52","date_gmt":"2025-10-23T13:11:52","guid":{"rendered":"https:\/\/www.shqiperia.com\/blog\/?p=94374"},"modified":"2025-10-23T13:11:52","modified_gmt":"2025-10-23T13:11:52","slug":"paketa-e-maleve-plackitje-e-madhe-berisha-paralajmeron-rama-po-mbjell-faren-e-vellavrasjes-merr-baronet-e-droges-dhe-i-ndersen-kunder-tokave-te-shqiptareve","status":"publish","type":"post","link":"https:\/\/www.shqiperia.com\/blog\/paketa-e-maleve-plackitje-e-madhe-berisha-paralajmeron-rama-po-mbjell-faren-e-vellavrasjes-merr-baronet-e-droges-dhe-i-ndersen-kunder-tokave-te-shqiptareve\/","title":{"rendered":"\u201cPaketa e Maleve, pla\u00e7kitje e madhe\u201d- Berisha paralajm\u00ebron: Rama po mbjell far\u00ebn e v\u00ebllavrasjes, merr baron\u00ebt e drog\u00ebs dhe i nd\u00ebrsen kund\u00ebr tokave t\u00eb shqiptar\u00ebve"},"content":{"rendered":"<p><img data-recalc-dims=\"1\" loading=\"lazy\" decoding=\"async\" data-attachment-id=\"94375\" data-permalink=\"https:\/\/www.shqiperia.com\/blog\/paketa-e-maleve-plackitje-e-madhe-berisha-paralajmeron-rama-po-mbjell-faren-e-vellavrasjes-merr-baronet-e-droges-dhe-i-ndersen-kunder-tokave-te-shqiptareve\/rama-berisha-paketa-e-maleve-433x300\/\" data-orig-file=\"https:\/\/i0.wp.com\/www.shqiperia.com\/blog\/wp-content\/uploads\/2025\/10\/rama-berisha-paketa-e-maleve-433x300-1.jpg?fit=433%2C300&amp;ssl=1\" data-orig-size=\"433,300\" data-comments-opened=\"1\" data-image-meta=\"{&quot;aperture&quot;:&quot;0&quot;,&quot;credit&quot;:&quot;&quot;,&quot;camera&quot;:&quot;&quot;,&quot;caption&quot;:&quot;&quot;,&quot;created_timestamp&quot;:&quot;0&quot;,&quot;copyright&quot;:&quot;&quot;,&quot;focal_length&quot;:&quot;0&quot;,&quot;iso&quot;:&quot;0&quot;,&quot;shutter_speed&quot;:&quot;0&quot;,&quot;title&quot;:&quot;&quot;,&quot;orientation&quot;:&quot;0&quot;}\" data-image-title=\"rama-berisha-paketa-e-maleve-433&#215;300\" data-image-description=\"\" data-image-caption=\"\" data-medium-file=\"https:\/\/i0.wp.com\/www.shqiperia.com\/blog\/wp-content\/uploads\/2025\/10\/rama-berisha-paketa-e-maleve-433x300-1.jpg?fit=300%2C208&amp;ssl=1\" data-large-file=\"https:\/\/i0.wp.com\/www.shqiperia.com\/blog\/wp-content\/uploads\/2025\/10\/rama-berisha-paketa-e-maleve-433x300-1.jpg?fit=433%2C300&amp;ssl=1\" class=\"alignnone  wp-image-94375\" alt=\"\" src=\"https:\/\/i0.wp.com\/www.shqiperia.com\/blog\/wp-content\/uploads\/2025\/10\/rama-berisha-paketa-e-maleve-433x300-1.jpg?resize=568%2C394&#038;ssl=1\" width=\"568\" height=\"394\" srcset=\"https:\/\/i0.wp.com\/www.shqiperia.com\/blog\/wp-content\/uploads\/2025\/10\/rama-berisha-paketa-e-maleve-433x300-1.jpg?resize=300%2C208&amp;ssl=1 300w, https:\/\/i0.wp.com\/www.shqiperia.com\/blog\/wp-content\/uploads\/2025\/10\/rama-berisha-paketa-e-maleve-433x300-1.jpg?resize=400%2C277&amp;ssl=1 400w, https:\/\/i0.wp.com\/www.shqiperia.com\/blog\/wp-content\/uploads\/2025\/10\/rama-berisha-paketa-e-maleve-433x300-1.jpg?w=433&amp;ssl=1 433w\" sizes=\"auto, (max-width: 568px) 100vw, 568px\" \/><\/p>\n<p><strong>23 Tetor 2025<\/strong><\/p>\n<p><strong>Kreu i PD-s\u00eb, Sali Berisha ka reaguar ndaj nism\u00ebs s\u00eb qeveris\u00eb p\u00ebr \u201cpaket\u00ebn e maleve\u201d, duke e cil\u00ebsuar at\u00eb si \u201cnj\u00eb pla\u00e7kitje t\u00eb madhe ndaj banor\u00ebve t\u00eb zonave malore\u201d dhe si d\u00ebshmi t\u00eb \u201carmiq\u00ebsis\u00eb s\u00eb Edi Ram\u00ebs ndaj k\u00ebtyre trevave\u201d.<\/strong>Duke kritikuar qasjen aktuale t\u00eb qeveris\u00eb, ai paralajm\u00ebroi se projekti \u201cvet\u00ebm po mbjell armiq\u00ebsi dhe p\u00ebr\u00e7arje mes njer\u00ebzve\u201d.<\/p>\n<p>Berisha akuzoi kryeministrin Rama p\u00ebr bashk\u00ebpunim me individ\u00eb t\u00eb lidhur me trafikun e drog\u00ebs, duke i p\u00ebrdorur, sipas tij, p\u00ebr t\u00eb uzurpuar pronat n\u00eb veri t\u00eb vendit.<img loading=\"lazy\" decoding=\"async\" alt=\"\" src=\"https:\/\/ads2.panorama.com.al\/www\/delivery\/lg.php?bannerid=0&amp;campaignid=0&amp;zoneid=1084&amp;loc=https%3A%2F%2Fwww.panorama.com.al%2Fpaketa-e-maleve-plackitje-e-madhe-berisha-paralajmeron-rama-po-mbjell-faren-e-vellavrasjes-merr-baronet-e-droges-dhe-i-ndersen-kunder-tokave-te-shqiptareve%2F&amp;referer=https%3A%2F%2Fwww.panorama.com.al%2F&amp;cb=4be8ffee65\" width=\"0\" height=\"0\" \/><\/p>\n<p><strong>Berisha:<span>\u00a0<\/span><\/strong><em>Sa i takon paket\u00ebs s\u00eb maleve \u00ebsht\u00eb nj\u00eb pla\u00e7kitje e madhe q\u00eb behet. Rama nuk mund t\u00eb mbuloj\u00eb me asgj\u00eb armiq\u00ebsin\u00eb me zonat malore. N\u00eb 2012 ne miratuam ligjin n\u00eb t\u00eb cilin investimin n\u00eb t\u00eb gjith\u00eb zonat malore e p\u00ebrjashtonim 8 vite nga taksat, por nuk autorizonim veten ti merrnim njeriut qoft\u00eb edhe nj\u00eb centimet\u00ebr tok\u00eb. \u00c7ka do t\u00eb thot\u00eb se ai q\u00eb b\u00ebnte investimin problemin do ta zgjidhte me pronar\u00ebt.<\/em><\/p>\n<p><em>Me k\u00ebt\u00eb q\u00eb po b\u00ebn vet\u00ebm po mbjell far\u00eb e armiq\u00ebsive dhe v\u00eblla vrasjes. Un\u00eb ftoj investitor\u00ebt, mos t\u00eb prekin tok\u00ebn e tjetrit.<\/em><\/p>\n<p><em>Ky po merr baron\u00ebt e drog\u00ebs dhe po i nd\u00ebrsen kund\u00ebr tokave t\u00eb qytetar\u00ebve shqiptar\u00eb. Ky \u00ebsht\u00eb krim. N\u00eb 12 vite ai ka investuar n\u00eb zonat e veriut, m\u00eb pak se n\u00eb nj\u00eb rreth t\u00eb kategoris\u00eb s\u00eb tret\u00eb n\u00eb zona t\u00eb tjera. Tani flet p\u00ebr Paket\u00ebn e Maleve. Paket\u00ebn e Maleve e tregoi me Thethin q\u00eb u soll m\u00eb keq se cdo pushtues.<\/em><\/p>\n","protected":false},"excerpt":{"rendered":"<p>23 Tetor 2025 Kreu i PD-s\u00eb, Sali Berisha ka reaguar ndaj nism\u00ebs s\u00eb qeveris\u00eb p\u00ebr \u201cpaket\u00ebn e maleve\u201d, duke e cil\u00ebsuar at\u00eb si \u201cnj\u00eb pla\u00e7kitje t\u00eb madhe ndaj banor\u00ebve t\u00eb zonave malore\u201d dhe si d\u00ebshmi t\u00eb \u201carmiq\u00ebsis\u00eb s\u00eb Edi Ram\u00ebs ndaj k\u00ebtyre trevave\u201d.Duke kritikuar qasjen aktuale t\u00eb qeveris\u00eb, ai paralajm\u00ebroi se projekti \u201cvet\u00ebm po mbjell [&hellip;]<\/p>\n","protected":false},"author":9,"featured_media":94375,"comment_status":"open","ping_status":"open","sticky":false,"template":"","format":"standard","meta":{"jetpack_post_was_ever_published":false,"_jetpack_newsletter_access":"","_jetpack_dont_email_post_to_subs":false,"_jetpack_newsletter_tier_id":0,"_jetpack_memberships_contains_paywalled_content":false,"_jetpack_memberships_contains_paid_content":false,"footnotes":"","jetpack_publicize_message":"","jetpack_publicize_feature_enabled":true,"jetpack_social_post_already_shared":true,"jetpack_social_options":{"image_generator_settings":{"template":"highway","default_image_id":0,"font":"","enabled":false},"version":2}},"categories":[27,2,35],"tags":[],"class_list":["post-94374","post","type-post","status-publish","format-standard","has-post-thumbnail","hentry","category-blogu-i-udhetarit","category-politika","category-shoqerore"],"jetpack_publicize_connections":[],"jetpack_featured_media_url":"https:\/\/i0.wp.com\/www.shqiperia.com\/blog\/wp-content\/uploads\/2025\/10\/rama-berisha-paketa-e-maleve-433x300-1.jpg?fit=433%2C300&ssl=1","jetpack_sharing_enabled":true,"jetpack_shortlink":"https:\/\/wp.me\/p5Z6wp-oya","jetpack-related-posts":[{"id":94387,"url":"https:\/\/www.shqiperia.com\/blog\/malet-per-1-euro-nga-zjarret-te-resortet-kush-perfiton-nga-paketa-e-maleve\/","url_meta":{"origin":94374,"position":0},"title":"Malet p\u00ebr 1 euro! Nga zjarret te resortet: kush p\u00ebrfiton nga \u2018Paketa e Maleve\u2019.","author":"Kurt Farka","date":"October 24, 2025","format":false,"excerpt":"24 Tetor 2025 Kryeministri Edi Rama u p\u00ebrpoq dje t\u00eb heq\u00eb p\u00ebrgjegj\u00ebsin\u00eb nga vetja p\u00ebr vonesat n\u00eb zbatimin e \u201cPaket\u00ebs s\u00eb Maleve\u201d, duke akuzuar kryebashkiak\u00ebt se po pengojn\u00eb projektin me mosdor\u00ebzimin e hartave p\u00ebr zonat malore ku do t\u00eb zbatohen investimet. Por nd\u00ebrsa qeveria k\u00ebrkon shpejt\u00ebsi, nj\u00eb rrezik i madh\u2026","rel":"","context":"In &quot;Blogu i Udh\u00ebtarit&quot;","block_context":{"text":"Blogu i Udh\u00ebtarit","link":"https:\/\/www.shqiperia.com\/blog\/category\/blogu-i-udhetarit\/"},"img":{"alt_text":"","src":"https:\/\/i0.wp.com\/www.shqiperia.com\/blog\/wp-content\/uploads\/2025\/10\/auto_auto_rama-ewtewter17612180761761313142.png?fit=900%2C575&ssl=1&resize=350%2C200","width":350,"height":200,"srcset":"https:\/\/i0.wp.com\/www.shqiperia.com\/blog\/wp-content\/uploads\/2025\/10\/auto_auto_rama-ewtewter17612180761761313142.png?fit=900%2C575&ssl=1&resize=350%2C200 1x, https:\/\/i0.wp.com\/www.shqiperia.com\/blog\/wp-content\/uploads\/2025\/10\/auto_auto_rama-ewtewter17612180761761313142.png?fit=900%2C575&ssl=1&resize=525%2C300 1.5x, https:\/\/i0.wp.com\/www.shqiperia.com\/blog\/wp-content\/uploads\/2025\/10\/auto_auto_rama-ewtewter17612180761761313142.png?fit=900%2C575&ssl=1&resize=700%2C400 2x"},"classes":[]},{"id":84458,"url":"https:\/\/www.shqiperia.com\/blog\/ishulli-i-sazanit-derspiegel-ngre-dyshimin-a-po-shet-rama-pasurite-e-shqiperise-ne-kembim-te-mbeshtetjes-politike\/","url_meta":{"origin":94374,"position":1},"title":"Ishulli i Sazanit. DerSpiegel ngre dyshimin: &#8211; A po \u2018shet\u2019 Rama pasurit\u00eb e Shqip\u00ebris\u00eb n\u00eb k\u00ebmbim t\u00eb mb\u00ebshtetjes politike?","author":"Kurt Farka","date":"September 14, 2024","format":false,"excerpt":"14 Shtator 2024 DerSpiegel - Investimet e Kushner dhe Grenell Parat\u00eb e mafias shqiptare t\u00eb drog\u00ebs shfaqen jo vet\u00ebm n\u00eb form\u00ebn e kullave, q\u00eb kan\u00eb transformuar pamjen e dikurshme t\u00eb zymt\u00eb t\u00eb Tiran\u00ebs. Edhe p\u00ebrgjat\u00eb bregdetit t\u00eb Adriatikut po vazhdon nd\u00ebrtimi. Dh\u00ebndri i Donald Trump, Jared Kushner, dhe ish-emisari amerikan\u2026","rel":"","context":"In &quot;Blogu i Udh\u00ebtarit&quot;","block_context":{"text":"Blogu i Udh\u00ebtarit","link":"https:\/\/www.shqiperia.com\/blog\/category\/blogu-i-udhetarit\/"},"img":{"alt_text":"","src":"https:\/\/i0.wp.com\/www.shqiperia.com\/blog\/wp-content\/uploads\/2024\/09\/auto_Edi-Rama-21726248889.jpg?fit=900%2C546&ssl=1&resize=350%2C200","width":350,"height":200,"srcset":"https:\/\/i0.wp.com\/www.shqiperia.com\/blog\/wp-content\/uploads\/2024\/09\/auto_Edi-Rama-21726248889.jpg?fit=900%2C546&ssl=1&resize=350%2C200 1x, https:\/\/i0.wp.com\/www.shqiperia.com\/blog\/wp-content\/uploads\/2024\/09\/auto_Edi-Rama-21726248889.jpg?fit=900%2C546&ssl=1&resize=525%2C300 1.5x, https:\/\/i0.wp.com\/www.shqiperia.com\/blog\/wp-content\/uploads\/2024\/09\/auto_Edi-Rama-21726248889.jpg?fit=900%2C546&ssl=1&resize=700%2C400 2x"},"classes":[]},{"id":99495,"url":"https:\/\/www.shqiperia.com\/blog\/perballja-me-regjimin-jetike-berisha-akuza-policise-hodhen-spraj-ariu-dhe-dhunuan-zyrtaret-e-pd-se\/","url_meta":{"origin":94374,"position":2},"title":"\u201cP\u00ebrballja me regjimin, jetike\u201d, Berisha akuza Policis\u00eb: &#8211; Hodh\u00ebn spraj ariu dhe dhunuan zyrtar\u00ebt e PD-s\u00eb","author":"Kurt Farka","date":"April 18, 2026","format":false,"excerpt":"18 Prill 2026 Nga: tvklan.al Kryetari i Partis\u00eb Demokratike Sali Berisha ka dal\u00eb n\u00eb nj\u00eb komunikim n\u00eb rrjetet sociale me qytetar\u00ebt, ku po flet p\u00ebr protest\u00ebn e zhvilluar mbr\u00ebmjen e kaluar, m\u00eb 17 prill, para Kryeministris\u00eb. Gjat\u00eb fjal\u00ebs s\u00eb tij, Berisha ngriti akuza nga forcave t\u00eb Policis\u00eb s\u00eb Shtetit, duke\u2026","rel":"","context":"In &quot;Blogu i Udh\u00ebtarit&quot;","block_context":{"text":"Blogu i Udh\u00ebtarit","link":"https:\/\/www.shqiperia.com\/blog\/category\/blogu-i-udhetarit\/"},"img":{"alt_text":"","src":"https:\/\/i0.wp.com\/www.shqiperia.com\/blog\/wp-content\/uploads\/2026\/04\/Kukes-protesta-okok-2-1.jpeg?fit=1068%2C712&ssl=1&resize=350%2C200","width":350,"height":200,"srcset":"https:\/\/i0.wp.com\/www.shqiperia.com\/blog\/wp-content\/uploads\/2026\/04\/Kukes-protesta-okok-2-1.jpeg?fit=1068%2C712&ssl=1&resize=350%2C200 1x, https:\/\/i0.wp.com\/www.shqiperia.com\/blog\/wp-content\/uploads\/2026\/04\/Kukes-protesta-okok-2-1.jpeg?fit=1068%2C712&ssl=1&resize=525%2C300 1.5x, https:\/\/i0.wp.com\/www.shqiperia.com\/blog\/wp-content\/uploads\/2026\/04\/Kukes-protesta-okok-2-1.jpeg?fit=1068%2C712&ssl=1&resize=700%2C400 2x, https:\/\/i0.wp.com\/www.shqiperia.com\/blog\/wp-content\/uploads\/2026\/04\/Kukes-protesta-okok-2-1.jpeg?fit=1068%2C712&ssl=1&resize=1050%2C600 3x"},"classes":[]},{"id":90074,"url":"https:\/\/www.shqiperia.com\/blog\/berisha-ne-milano-shqiperia-do-te-pastrohet-audit-ku-shkuan-57-miliarde-euro-mbyllja-e-fondacionit-xhorxh-soros-dhe-shpallja-non-grata-e-tij\/","url_meta":{"origin":94374,"position":3},"title":"Berisha ne Milano: &#8211; Shqip\u00ebria do t\u00eb pastrohet, audit ku shkuan 57 miliard\u00eb euro! &#8211; Mbyllja e fondacionit Xhorxh Soros dhe shpallja \u2018non-grata\u2019 e tij","author":"Kurt Farka","date":"March 3, 2025","format":false,"excerpt":"3 Nars 2025 Lideri i Partis\u00eb Demokratike, Sali Berisha, teksa prezantoi programin e qeverisjes n\u00eb takimin me diaspor\u00ebn n\u00eb Milano, tregoi edhe nj\u00eb tjet\u00ebr shtyll\u00eb t\u00eb tij. Berisha premtoi pastrimin e Shqip\u00ebris\u00eb nga ato \u00e7far\u00eb ka b\u00ebr\u00eb qeveria n\u00eb detyr\u00eb, ajo e Edi Ram\u00ebs. \u201cKartelet e drog\u00ebs jan\u00eb vendimarr\u00ebsit kryesor\u00eb.\u2026","rel":"","context":"In &quot;Njoftime Shtypi&quot;","block_context":{"text":"Njoftime Shtypi","link":"https:\/\/www.shqiperia.com\/blog\/category\/njoftime-shtypi\/"},"img":{"alt_text":"","src":"https:\/\/i0.wp.com\/www.shqiperia.com\/blog\/wp-content\/uploads\/2025\/03\/berisha-milano-scaled-1.jpeg?fit=1200%2C800&ssl=1&resize=350%2C200","width":350,"height":200,"srcset":"https:\/\/i0.wp.com\/www.shqiperia.com\/blog\/wp-content\/uploads\/2025\/03\/berisha-milano-scaled-1.jpeg?fit=1200%2C800&ssl=1&resize=350%2C200 1x, https:\/\/i0.wp.com\/www.shqiperia.com\/blog\/wp-content\/uploads\/2025\/03\/berisha-milano-scaled-1.jpeg?fit=1200%2C800&ssl=1&resize=525%2C300 1.5x, https:\/\/i0.wp.com\/www.shqiperia.com\/blog\/wp-content\/uploads\/2025\/03\/berisha-milano-scaled-1.jpeg?fit=1200%2C800&ssl=1&resize=700%2C400 2x, https:\/\/i0.wp.com\/www.shqiperia.com\/blog\/wp-content\/uploads\/2025\/03\/berisha-milano-scaled-1.jpeg?fit=1200%2C800&ssl=1&resize=1050%2C600 3x"},"classes":[]},{"id":60375,"url":"https:\/\/www.shqiperia.com\/blog\/sali-berisha-paralajmeron-vucic-leri-kercenimet-dhe-mos-guxo-ndonje-akt-aventuresk-se-ja-cfare-te-pret\/","url_meta":{"origin":94374,"position":4},"title":"Sali Berisha paralajm\u00ebron Vu\u00e7i\u00e7: &#8211; L\u00ebri k\u00ebrc\u00ebnimet dhe mos guxo ndonj\u00eb akt aventuresk se ja \u00e7far\u00eb t\u00eb pret","author":"Kurt Farka","date":"July 31, 2022","format":false,"excerpt":"31 KORRIK 2022 Kreu i PD-s\u00eb Sali Berisha ka reaguar pas deklaratave t\u00eb Presidentit serb Aleksandar Vu\u00e7i\u00e7 p\u00ebr vendosjen e reciprocitetit nga Kosova. Berisha thekson se Vu\u00e7i\u00e7 \u00ebsht\u00eb nj\u00eb k\u00ebrc\u00ebnim i v\u00ebrtet p\u00ebr paqen dhe stabiliteti n\u00eb rajon, dhe se ai paraqet nj\u00eb Putin t\u00eb vog\u00ebl n\u00eb Ballkan. Kreu i\u2026","rel":"","context":"In &quot;Blogu i Udh\u00ebtarit&quot;","block_context":{"text":"Blogu i Udh\u00ebtarit","link":"https:\/\/www.shqiperia.com\/blog\/category\/blogu-i-udhetarit\/"},"img":{"alt_text":"","src":"https:\/\/i0.wp.com\/www.shqiperia.com\/blog\/wp-content\/uploads\/2022\/07\/Sali-Berisha.png?fit=800%2C478&ssl=1&resize=350%2C200","width":350,"height":200,"srcset":"https:\/\/i0.wp.com\/www.shqiperia.com\/blog\/wp-content\/uploads\/2022\/07\/Sali-Berisha.png?fit=800%2C478&ssl=1&resize=350%2C200 1x, https:\/\/i0.wp.com\/www.shqiperia.com\/blog\/wp-content\/uploads\/2022\/07\/Sali-Berisha.png?fit=800%2C478&ssl=1&resize=525%2C300 1.5x, https:\/\/i0.wp.com\/www.shqiperia.com\/blog\/wp-content\/uploads\/2022\/07\/Sali-Berisha.png?fit=800%2C478&ssl=1&resize=700%2C400 2x"},"classes":[]},{"id":90107,"url":"https:\/\/www.shqiperia.com\/blog\/keshilltari-i-edi-rames-njoftoi-sali-berishen-per-largimin-e-engjell-agacit-kryeministri-ne-hall-nga-dekonspirimi-i\/","url_meta":{"origin":94374,"position":5},"title":"K\u00ebshilltari i Edi Ram\u00ebs njoftoi Sali Berish\u00ebn p\u00ebr largimin e Engjell Aga\u00e7it, kryeministri n\u00eb hall nga dekonspirimi i\u2026","author":"Kurt Farka","date":"March 4, 2025","format":false,"excerpt":"4 Mars 2025 Qeveria \u201cRama\u201d duket se \u00ebsht\u00eb p\u00ebrfshir\u00eb nga nj\u00eb p\u00ebrplasje e paprecedent\u00eb, duke ekspozuar k\u00ebshtu nj\u00eb rrjedhje informacioni q\u00eb ka v\u00ebn\u00eb n\u00eb siklet vet\u00eb kryeministrin Edi Rama. Burime t\u00eb sigurta tregojn\u00eb se Baton Haxhiu, nj\u00eb nga njer\u00ebzit m\u00eb t\u00eb af\u00ebrt t\u00eb kryeministrit dhe q\u00eb njohet edhe si k\u00ebshllitari\u2026","rel":"","context":"In &quot;Blogu i Udh\u00ebtarit&quot;","block_context":{"text":"Blogu i Udh\u00ebtarit","link":"https:\/\/www.shqiperia.com\/blog\/category\/blogu-i-udhetarit\/"},"img":{"alt_text":"","src":"https:\/\/i0.wp.com\/www.shqiperia.com\/blog\/wp-content\/uploads\/2025\/03\/Capture-8.png?fit=913%2C515&ssl=1&resize=350%2C200","width":350,"height":200,"srcset":"https:\/\/i0.wp.com\/www.shqiperia.com\/blog\/wp-content\/uploads\/2025\/03\/Capture-8.png?fit=913%2C515&ssl=1&resize=350%2C200 1x, https:\/\/i0.wp.com\/www.shqiperia.com\/blog\/wp-content\/uploads\/2025\/03\/Capture-8.png?fit=913%2C515&ssl=1&resize=525%2C300 1.5x, https:\/\/i0.wp.com\/www.shqiperia.com\/blog\/wp-content\/uploads\/2025\/03\/Capture-8.png?fit=913%2C515&ssl=1&resize=700%2C400 2x"},"classes":[]}],"_links":{"self":[{"href":"https:\/\/www.shqiperia.com\/blog\/wp-json\/wp\/v2\/posts\/94374","targetHints":{"allow":["GET"]}}],"collection":[{"href":"https:\/\/www.shqiperia.com\/blog\/wp-json\/wp\/v2\/posts"}],"about":[{"href":"https:\/\/www.shqiperia.com\/blog\/wp-json\/wp\/v2\/types\/post"}],"author":[{"embeddable":true,"href":"https:\/\/www.shqiperia.com\/blog\/wp-json\/wp\/v2\/users\/9"}],"replies":[{"embeddable":true,"href":"https:\/\/www.shqiperia.com\/blog\/wp-json\/wp\/v2\/comments?post=94374"}],"version-history":[{"count":1,"href":"https:\/\/www.shqiperia.com\/blog\/wp-json\/wp\/v2\/posts\/94374\/revisions"}],"predecessor-version":[{"id":94376,"href":"https:\/\/www.shqiperia.com\/blog\/wp-json\/wp\/v2\/posts\/94374\/revisions\/94376"}],"wp:featuredmedia":[{"embeddable":true,"href":"https:\/\/www.shqiperia.com\/blog\/wp-json\/wp\/v2\/media\/94375"}],"wp:attachment":[{"href":"https:\/\/www.shqiperia.com\/blog\/wp-json\/wp\/v2\/media?parent=94374"}],"wp:term":[{"taxonomy":"category","embeddable":true,"href":"https:\/\/www.shqiperia.com\/blog\/wp-json\/wp\/v2\/categories?post=94374"},{"taxonomy":"post_tag","embeddable":true,"href":"https:\/\/www.shqiperia.com\/blog\/wp-json\/wp\/v2\/tags?post=94374"}],"curies":[{"name":"wp","href":"https:\/\/api.w.org\/{rel}","templated":true}]}}