{"id":94371,"date":"2025-10-23T13:07:22","date_gmt":"2025-10-23T13:07:22","guid":{"rendered":"https:\/\/www.shqiperia.com\/blog\/?p=94371"},"modified":"2025-10-23T13:07:22","modified_gmt":"2025-10-23T13:07:22","slug":"vrasjet-e-komunisteve-gjate-luftes-me-urdher-te-enver-hoxhes-si-i-shpetoi-prites-sadik-premtja","status":"publish","type":"post","link":"https:\/\/www.shqiperia.com\/blog\/vrasjet-e-komunisteve-gjate-luftes-me-urdher-te-enver-hoxhes-si-i-shpetoi-prites-sadik-premtja\/","title":{"rendered":"Vrasjet e komunist\u00ebve gjat\u00eb luft\u00ebs me urdh\u00ebr t\u00eb Enver Hoxh\u00ebs! &#8211; Si i shp\u00ebtoi prit\u00ebs Sadik Premtja"},"content":{"rendered":"<p><img data-recalc-dims=\"1\" loading=\"lazy\" decoding=\"async\" data-attachment-id=\"94372\" data-permalink=\"https:\/\/www.shqiperia.com\/blog\/vrasjet-e-komunisteve-gjate-luftes-me-urdher-te-enver-hoxhes-si-i-shpetoi-prites-sadik-premtja\/enver-hoxha4\/\" data-orig-file=\"https:\/\/i0.wp.com\/www.shqiperia.com\/blog\/wp-content\/uploads\/2025\/10\/enver-hoxha4.jpg?fit=1190%2C667&amp;ssl=1\" data-orig-size=\"1190,667\" data-comments-opened=\"1\" data-image-meta=\"{&quot;aperture&quot;:&quot;0&quot;,&quot;credit&quot;:&quot;&quot;,&quot;camera&quot;:&quot;&quot;,&quot;caption&quot;:&quot;&quot;,&quot;created_timestamp&quot;:&quot;0&quot;,&quot;copyright&quot;:&quot;&quot;,&quot;focal_length&quot;:&quot;0&quot;,&quot;iso&quot;:&quot;0&quot;,&quot;shutter_speed&quot;:&quot;0&quot;,&quot;title&quot;:&quot;&quot;,&quot;orientation&quot;:&quot;0&quot;}\" data-image-title=\"enver-hoxha4\" data-image-description=\"\" data-image-caption=\"\" data-medium-file=\"https:\/\/i0.wp.com\/www.shqiperia.com\/blog\/wp-content\/uploads\/2025\/10\/enver-hoxha4.jpg?fit=300%2C168&amp;ssl=1\" data-large-file=\"https:\/\/i0.wp.com\/www.shqiperia.com\/blog\/wp-content\/uploads\/2025\/10\/enver-hoxha4.jpg?fit=1024%2C574&amp;ssl=1\" class=\"alignnone  wp-image-94372\" alt=\"\" src=\"https:\/\/i0.wp.com\/www.shqiperia.com\/blog\/wp-content\/uploads\/2025\/10\/enver-hoxha4.jpg?resize=662%2C371&#038;ssl=1\" width=\"662\" height=\"371\" srcset=\"https:\/\/i0.wp.com\/www.shqiperia.com\/blog\/wp-content\/uploads\/2025\/10\/enver-hoxha4.jpg?resize=300%2C168&amp;ssl=1 300w, https:\/\/i0.wp.com\/www.shqiperia.com\/blog\/wp-content\/uploads\/2025\/10\/enver-hoxha4.jpg?resize=1024%2C574&amp;ssl=1 1024w, https:\/\/i0.wp.com\/www.shqiperia.com\/blog\/wp-content\/uploads\/2025\/10\/enver-hoxha4.jpg?resize=768%2C430&amp;ssl=1 768w, https:\/\/i0.wp.com\/www.shqiperia.com\/blog\/wp-content\/uploads\/2025\/10\/enver-hoxha4.jpg?resize=450%2C252&amp;ssl=1 450w, https:\/\/i0.wp.com\/www.shqiperia.com\/blog\/wp-content\/uploads\/2025\/10\/enver-hoxha4.jpg?resize=600%2C336&amp;ssl=1 600w, https:\/\/i0.wp.com\/www.shqiperia.com\/blog\/wp-content\/uploads\/2025\/10\/enver-hoxha4.jpg?resize=400%2C224&amp;ssl=1 400w, https:\/\/i0.wp.com\/www.shqiperia.com\/blog\/wp-content\/uploads\/2025\/10\/enver-hoxha4.jpg?w=1190&amp;ssl=1 1190w\" sizes=\"auto, (max-width: 662px) 100vw, 662px\" \/><\/p>\n<p><strong>23 Tetor 2025<\/strong><\/p>\n<p><strong>Nga: PROF. DR. ELMAS LECI<\/strong><\/p>\n<p>Edhe nj\u00eb her\u00eb k\u00ebto dit\u00eb l\u00ebviz n\u00eb ajrin ton\u00eb t\u00eb ndotur politik pyetja: Enver Hoxha ka qene \u201cShenjt apo Djall\u201d?! Pyetjes s\u00eb m\u00ebsip\u00ebrme po i japim p\u00ebrgjigje n\u00eb vijim me fakte, me pushkatimet q\u00eb porositur vet\u00eb Enver Hoxha me firm\u00ebn e tij q\u00eb gjat\u00eb luft\u00ebs. Ato pas \u00e7lirimit do i kemi objekt n\u00eb studimet e ardhshme.<\/p>\n<p><strong>ENVER HOXHA P\u00cbR ZEF MAL\u00cbN:<\/strong><\/p>\n<p>\u201c\u2026Zef Mala jo vet\u00ebm q\u00eb nuk duhet t\u00eb shkoj\u00eb n\u00eb Kosov\u00eb, por ai duhet t\u00eb dekorohet me plumb kres\u00eb. Ai s\u2019\u00ebsht\u00eb i mir\u00eb, prandaj duhet t\u00eb zhduket. Gjeni m\u00ebnyr\u00ebn q\u00eb t\u00eb mos kuptohet, por n\u00eb asnj\u00eb m\u00ebnyr\u00eb t\u00eb mos lihet kjo gj\u00eb pas dore, sikur ka b\u00ebr\u00eb Hyseni (Gogo Nushi) me t\u00eb tjera k\u00ebshilla, q\u00eb i kemi dh\u00ebn\u00eb p\u00ebr t\u00eb cilat do t\u00eb p\u00ebrgjigjet. T\u00eb fala shoq\u00ebrore \u2013 Tarasi\u201d.<\/p>\n<p>Kjo ndodhi kur Zef Mala u kthye nga internimi n\u00eb Itali e shkoi partizan n\u00eb Pez\u00eb, ku Myslim Peza i tha: \u201cIk o bir e m\u00e7ifu n\u00eb Tiran\u00eb se dun me t\u2019vra\u201d! P\u00ebr k\u00ebt\u00eb Myslym Peza kishte par\u00eb nj\u00eb let\u00ebr, ose m\u00eb sakt\u00eb Nako Spiro i kishte treguar Myslim Pez\u00ebs (se Myslimi nuk dinte t\u00eb lexonte!) nj\u00eb let\u00ebr t\u00eb Enver Hoxh\u00ebs, ku ky i shkruante Nako Spiros p\u00ebr ta vrar\u00eb Zef Mal\u00ebn. Si\u00e7 duket, Enver Hoxha kishte zbuluar se pas largimit nga Peza sipas \u201ck\u00ebshill\u00ebs\u201d s\u00eb Myslim Pez\u00ebs, Zef Mala do t\u00eb shkonte n\u00eb Kosov\u00eb sepse atje kishte mb\u00ebshtet\u00ebs t\u00eb tij dhe do t\u00eb vijonte \u00e7\u00ebshtjen komb\u00ebtare, t\u00eb cil\u00ebn e kishte nisur q\u00eb n\u00eb vitin 1938 n\u00eb krye t\u00eb grupit komunist t\u00eb Shkodr\u00ebs. Ai ndon\u00ebse ishte pjes\u00ebmarr\u00ebs n\u00eb mbledhjen themeluese t\u00eb partis\u00eb, nuk qe dakord me platform\u00ebn e jugosllav\u00ebve n\u00eb trajtimin e \u00e7\u00ebshtjes komb\u00ebtare shqiptare. Mendimet e tij, Zef Mala i shfaqi hapur aty n\u00eb mbledhjen themeluese dhe kjo ishte arsyeja q\u00eb ai u vu n\u00eb sh\u00ebnjestr\u00ebn e Miladinit e t\u00eb Dushanit jugosllav dhe q\u00eb me to \u201csh\u00ebnoi\u201d edhe Enver Hoxha. Mendimet e tij, si intelektual i z\u00ebsh\u00ebm i koh\u00ebs, Zef Mala i kishte shprehur edhe n\u00eb nj\u00eb lib\u00ebr (rast i rrall\u00eb i asaj kohe), t\u00eb cil\u00ebn e kishte shkruar dhe botuar me titullin: \u201cMbi zhvillimin ekonomik t\u00eb Shqip\u00ebris\u00eb\u201d. Por k\u00ebto mendime progresiste t\u00eb Zef Mal\u00ebs, q\u00eb binin ndesh me mendimet e \u201cdy jugosllav\u00ebve\u201d, Enver Hoxha jep urdh\u00ebr q\u00eb t\u00eb \u201cvritej\u201d. Pasi iku nga Peza, sipas porosis\u00eb s\u00eb Myslim Pez\u00ebs, Zef Mala u fsheh n\u00eb Tiran\u00eb deri n\u00eb mbarim t\u00eb luft\u00ebs dhe pas lufte, Enver Hoxha e gjeti q\u00eb e gjeti dhe e d\u00ebnoi k\u00ebt\u00eb ideolog t\u00eb l\u00ebvizjes komuniste shqiptare, i cili p\u00ebrfundoi burgjeve e internimeve, derisa vdiq n\u00eb vitin 1976 n\u00eb mjerim t\u00eb plot\u00eb.<\/p>\n<p><strong>ENVER HOXHA P\u00cbR ZAI FUNDON:<\/strong><\/p>\n<p>\u201cZai Fundon ta torturoni deri n\u00eb vdekje dhe pastaj ta pushkatoni! Paraprakisht t\u2019i k\u00ebrkohet (Fundos) t\u00eb jap\u00eb shpjegime p\u00ebr k\u00ebto pyetje: Pse ka ardhur n\u00eb Kosov\u00eb? Kush e ka d\u00ebrguar dhe me \u00e7\u2019direktiva? Cilat jan\u00eb q\u00ebllimet e Ganiut (Gani Kryeziut) dhe t\u00eb anglez\u00ebve? T\u00eb jap\u00eb shpjegime p\u00ebr aktivitetin e tij t\u00eb m\u00ebparsh\u00ebm. Deponimet e Zait na i d\u00ebrgoni k\u00ebndej me nj\u00eb njeri t\u00eb sigurt. Zain e vrisni andej!\u201d. Ky ishte urdhri i Enver Hoxh\u00ebs nr. 46 dt.21.09.1944. Ky \u00ebsht\u00eb urdhri n\u00eb Arkiv\u00eb, nj\u00eb urdh\u00ebr vras\u00ebs i Enver Hoxh\u00ebs, q\u00eb u drejtohej Forcave t\u00eb Armatosura t\u00eb Ushtris\u00eb Partizane n\u00eb Veri t\u00eb vendit. Urdhri ishte p\u00ebrgjigje ndaj njoftimit q\u00eb i kishte ardhur Shtabit t\u00eb P\u00ebrgjithsh\u00ebm se \u201cn\u00eb Kosov\u00eb ishte kapur nga forcat e Divizionit t\u00eb V-t\u00eb\u00a0Zai Fundo\u201d. Zai Fundo ishte nj\u00eb komunist i vjet\u00ebr dhe antifashist i flakt\u00eb, por n\u00eb t\u00eb nj\u00ebjt\u00ebn koh\u00eb edhe nj\u00eb kund\u00ebrshtar i fuqish\u00ebm i Enver Hoxh\u00ebs. N\u00eb fakt, urdhri ishte i Enver Hoxh\u00ebs, por vendimi ishte i jugosllav\u00ebve, madje shum\u00eb lart, i vet\u00eb Titos. Ekziston nj\u00eb let\u00ebr tjet\u00ebr e Titos d\u00ebrguar Komitetit Qendror t\u00eb PKSH m\u00eb 22 shtator t\u00eb vitit 1942, ku ai u hiqte v\u00ebrejtjen p\u00ebr t\u00eb dyt\u00ebn her\u00eb komunist\u00ebve shqiptar\u00eb p\u00ebr nevoj\u00ebn e luft\u00ebs kund\u00ebr trockistit Llazar Fundo, i cili \u201cme t\u00eb gjitha fuqit\u00eb (si\u00e7 thuhet n\u00eb letr\u00ebn e Titos) ka punuar kund\u00ebr\u201d. Ja se \u00e7far\u00eb shkruan Tito n\u00eb letr\u00ebn q\u00eb p\u00ebrmend\u00ebm: \u201cTrockistin Fundo dhe p\u00ebrkrah\u00ebsit e tij duhet t\u2019i demaskoni p\u00ebrpara an\u00ebtar\u00ebve t\u00eb PKSH dhe t\u2019i deklaroni armiq t\u00eb hapur t\u00eb IK (Internacionales Komuniste) dhe t\u00eb Partis\u00eb Komuniste, duhet t\u2019i inaktivizoni dhe t\u2019i zhvler\u00ebsoni krejt\u00ebsisht p\u00ebrpara radh\u00ebve t\u00eb partis\u00eb\u201d. Por Enver Hoxha e \u00e7oi m\u00eb tej porosin\u00eb e Titos dhe me nj\u00eb urdh\u00ebr t\u00eb ve\u00e7ant\u00eb, pas shum\u00eb torturave t\u00eb tmerrshme, e vran\u00eb militantin e vjet\u00ebr Zai Fundo n\u00eb Kosov\u00eb.<\/p>\n<p><strong>ENVER HOXHA P\u00cbR ANASTAS LUL\u00cbN:<\/strong><\/p>\n<p>\u201cKur u larguam nga Labinoti \u2013 vet\u00ebtregohet numri dy i partis\u00eb, Hysni Kapo \u2013 Miladini e Dushani ngarkuan Mehmetin (Mehmet Shehun) q\u00eb ta vriste Xhepin (Anastas Lul\u00ebn). Sikur t\u00eb m\u00eb kishin th\u00ebn\u00eb mua, un\u00eb kisha mund\u00ebsi q\u00eb ta b\u00ebja m\u00eb mir\u00eb se Mehmeti k\u00ebt\u00eb pun\u00eb\u2026 Un\u00eb kisha mund\u00ebsi t\u00eb merrja masa m\u00eb shum\u00eb se Mehmeti\u2026 P\u00ebrse kjo gj\u00eb iu besua Mehmetit dhe jo mua?!<\/p>\n<p>P\u00ebr vrasjen e Anastasit, Ferik \u00c7oraj nga Uznova e Beratit ka d\u00ebshmuar se \u201cm\u00eb 12 mars 1943 erdh\u00ebn n\u00eb sht\u00ebpin\u00eb time nj\u00eb grup partizan\u00ebsh t\u00eb \u00e7et\u00ebs s\u00eb Ramiz Aranitasit, q\u00eb komandoheshin nga Orhan Frash\u00ebri\u2026 Ata na than\u00eb se at\u00eb nat\u00eb kishin pushkatuar n\u00eb Qaf\u00eb t\u00eb Gllav\u00ebs nj\u00eb partizan, q\u00eb quhej Anastas Lula\u2026 e kishin pushkatuar t\u00eb lidhur e me cigare n\u00eb goj\u00eb, pasi kishte thirrur \u201cRroft\u00eb Shqip\u00ebria!\u201d. Pas pushkatimit t\u00eb Anastas Lul\u00ebs, Enver Hoxha urdh\u00ebroi t\u00eb nj\u00ebjt\u00ebn gj\u00eb edhe p\u00ebr Sadik Premten, i cili mundi t\u2019u shp\u00ebtonte pritave q\u00eb u b\u00ebn\u00eb partizan\u00ebt e Hysni Kapos n\u00eb Tragjas t\u00eb Vlor\u00ebs. Kjo u quajt \u201cdob\u00ebsi\u201d e shok\u00ebve \u201cterrorist\u00eb\u201d t\u00eb Vlor\u00ebs, fakt q\u00eb e pranon vet\u00eb ish-numri dy i partis\u00eb, Hysni Kapo.<\/p>\n<p><strong>ENVER HOXHA P\u00cbR SADIK PREMTEN:<\/strong><\/p>\n<p>Miladin Popovi\u00e7i dhe Enver Hoxha n\u00eb mars t\u00eb vitit 1943 dhan\u00eb urdhrin p\u00ebr ta vrar\u00eb edhe Sadik Premten, ashtu si\u00e7 kishin b\u00ebr\u00eb edhe me Anastas Lul\u00ebn, pasi i kishin p\u00ebrjashtuar nga\u00a0partia p\u00ebr grupazh. Arsyet nuk ishin ato t\u00eb st\u00ebrth\u00ebna e st\u00ebrshkruara n\u00eb dhjet\u00ebra vjet n\u00eb ish-regjimin komunist p\u00ebr \u201cfrym\u00eb grupazhi\u201d e \u201cfraksionist antiparti\u201d, por ve\u00e7se p\u00ebr mosdakord\u00ebsimin e tyre me politik\u00ebn e dy jugosllav\u00ebve, Miladin e Dushan, n\u00eb unision me ta edhe Enver Hoxha. \u00c7\u00ebshtja q\u00eb u diskutua at\u00ebher\u00eb mes tyre n\u00eb Labinot, mes Miladinit ku me t\u00eb ishte edhe Enveri si n\u00eb Vlor\u00eb p\u00ebr t\u00eb vrar\u00eb Sadikun, dhe Anastasit e Sadikut, ishte q\u00ebndrimi i k\u00ebtyre t\u00eb fundit i ndrysh\u00ebm p\u00ebr t\u00eb ardhmen e Kosov\u00ebs. Sipas Miladinit e Enverit, \u201cnuk ishte i koh\u00ebs problemi i s\u00eb ardhmes s\u00eb Shqip\u00ebris\u00eb apo Kosov\u00ebs, por \u00e7\u00ebshtje e L\u00ebvizjes Komuniste t\u00eb Jugosllavis\u00eb\u201d. P\u00ebr mendimet e q\u00ebndrimet e vendosura t\u00eb Sadikut, q\u00eb njihej n\u00eb popull si Xhepi, q\u00eb ishte n\u00ebnkryetar i grupit Komunist t\u00eb t\u00eb Rinjve, pjes\u00ebmarr\u00ebs n\u00eb mbledhjen themeluese t\u00eb partis\u00eb dhe s\u00eb bashku me Anastas Lul\u00ebn, q\u00eb ishte kryetar i Grupit, p\u00ebrjashtohen nga partia n\u00eb qershor t\u00eb vitit 1942. N\u00eb sht\u00ebpin\u00eb ku u b\u00eb takimi p\u00ebrfundimtar n\u00eb Vlor\u00eb p\u00ebrmendet nj\u00eb bised\u00eb e tensionuar mes Miladinit n\u00eb nj\u00eb an\u00eb dhe Anastasit e Sadikut nga ana tjet\u00ebr, ku i zoti i sht\u00ebpis\u00eb deklaronte se k\u00ebta dy komunist\u00eb i than\u00eb atij n\u00eb konfidenc\u00eb se, \u201cMiladini me Dushanin jan\u00eb shovinist\u00eb serb\u00eb\u201d. Por me gjith\u00eb organizimin e p\u00ebrpjekjet e Enver Hoxh\u00ebs p\u00ebr ta vrar\u00eb Sadik Premten dhe p\u00ebr k\u00ebt\u00eb ka dokumente, u ngarkua Mehmet Shehu, Sadik Premtja u shp\u00ebtoi pritave tin\u00ebzare.<\/p>\n<p><strong>ENVER HOXHA P\u00cbR MUSTAFA GJINISHIN:<\/strong><\/p>\n<p>\u201cSa p\u00ebr \u00e7\u00ebshtjen e Mustafa Gjinishit\u2026 un\u00eb kam qen\u00eb ai (Enver Hoxha, E.L.) q\u00eb kam vendosur p\u00ebr k\u00ebt\u00eb \u00e7\u00ebshtje\u201d, (p\u00ebr vrasjen). Ky deklarim i Enver Hoxh\u00ebs n\u00eb Plenumin e Beratit se \u201cun\u00eb kam qen\u00eb ai q\u00eb kam vendosur p\u00ebr k\u00ebt\u00eb \u00e7\u00ebshtje\u201d, (p\u00ebr vrasjen e Mustafa Gjinishit) po atje n\u00eb Plenumin e Beratit, me paturp\u00ebsin\u00eb m\u00eb t\u00eb madhe, po aty p\u00ebr aty thot\u00eb se nuk di gj\u00eb \u201cVet\u00ebm di q\u00eb m\u00eb erdhi telegrami\u2026q\u00eb thoshte: Puna doli me sukses\u201d! M\u00eb tej n\u00eb diskutimet e tij nd\u00ebrhyr\u00ebse gjat\u00eb mbledhjes, Enver Hoxha po vet\u00eb pranon e analizon se \u201cterrorizmi si n\u00eb popull, si n\u00eb Ushtri, si n\u00eb parti, tregon s\u00eb pari; dob\u00ebsin\u00eb e vij\u00ebs son\u00eb politike, s\u00eb dyti; tregon mosbesimin n\u00eb popull, s\u00eb treti; tregon se ne nuk kemi lidhje me masat\u201d. P\u00ebr terrorizmin e majtist\u00ebve dmth., t\u00eb vet\u00eb Enver Hoxh\u00ebs dhe t\u00eb komunist\u00ebve terrorist\u00eb rrotull tij, tregojn\u00eb vet\u00eb diskutimet e delegat\u00ebve n\u00eb \u201cKat\u00ebr dit\u00ebt e Beratit\u201d, t\u00eb cilat bazohen n\u00eb fakte e ngjarje konkrete. Mes shum\u00eb figurave t\u00eb Luft\u00ebs t\u00eb asgj\u00ebsuara me firm\u00ebn e Enver Hoxh\u00ebs, si\u00e7 e theksuam edhe m\u00eb sip\u00ebr, ishte ajo e Mustafa Gjinishit. Njoftimi i Liri Geg\u00ebs direkt p\u00ebr Enver Hoxh\u00ebn se \u201curdhri u ekzekutua\u201d, u zbulua n\u00eb vitin 1956,\u00a0kur vet\u00eb Liri Gega e dekonspiroi, por q\u00eb k\u00ebt\u00eb formalisht e nxor\u00ebn para trupit gjykues dhe m\u00eb pas e vran\u00eb edhe at\u00eb, edhe bashk\u00ebshortin e saj gjeneralin Dali Ndreun, ish-an\u00ebtarin themelues t\u00eb Shtabit t\u00eb P\u00ebrgjithsh\u00ebm, po me firm\u00ebn e Enver Hoxh\u00ebs. Si p\u00ebr t\u00eb (q\u00eb Liri Gega ishte edhe shtatz\u00ebn\u00eb), edhe p\u00ebr bashk\u00ebshortin e saj, gjeneralin Dali Ndreu, Enver Hoxha e dha vet\u00eb mas\u00ebn e pushkatimit. Po kush ishte Liri Gega? Edhe kjo n\u00eb vitin 1944 ishte an\u00ebtare e Shtabit t\u00eb P\u00ebrgjithsh\u00ebm dhe gjat\u00eb Luft\u00ebs Antifashiste kishte mbajtur mjaft detyra t\u00eb r\u00ebnd\u00ebsishme, megjithat\u00eb Enver Hoxha e pushkatoi.<\/p>\n<p>Le t\u00eb b\u00ebjm\u00eb edhe nj\u00eb degresion p\u00ebr Mustafa Gjinishin. Vendimi p\u00ebr ekzekutimin e tij ishte i hersh\u00ebm, po i Enver Hoxh\u00ebs, madje q\u00eb nga Konferenca e Mukjes. Se si ishte \u00e7\u00ebshtja e mbledhjes s\u00eb Mukjes, do ta shpjegojm\u00eb, por le t\u00eb flasim p\u00ebr ekzekutimin e Mustafa Gjinishit. Ishte 23 gushti i vitit 1944 kur n\u00eb at\u00eb dit\u00eb n\u00eb Peshkopi inaugurohej Brigada e 18 Sulmuese. Pik\u00ebrisht n\u00eb at\u00eb inaugurim ishte \u201cngarkuar\u201d t\u00eb p\u00ebrsh\u00ebndeste dhe p\u00ebrsh\u00ebndeti si an\u00ebtari i Shtabit t\u00eb P\u00ebrgjithsh\u00ebm Mustafa Gjinishi. Tek po kthehej, nga nj\u00eb prit\u00eb n\u00eb Qaf\u00ebn e \u00c7enokut e q\u00ebllojn\u00eb dhe e vrasin. P\u00ebr k\u00ebt\u00eb vrasje, Enver Hoxh\u00ebn e pyesin n\u00eb Plenumin e Beratit dhe ai shprehej se \u201cvrasja e Mustafa Gjinishit duhej b\u00ebr\u00eb\u2026\u201d. Th\u00ebnia e sip\u00ebrcituar e Enver Hoxh\u00ebs lidhej me Mukjen. Menj\u00ebher\u00eb pas saj, Dushan Mugosha dhe Miladin Popovi\u00e7i e urdh\u00ebrojn\u00eb Enver Hoxh\u00ebn p\u00ebr t\u2019u mbledhur n\u00eb Vithkuq e \u201cp\u00ebr t\u00eb analizuar q\u00ebndrimin e Mustafa Gjinishit dhe t\u00eb Ymer Dishnic\u00ebs n\u00eb Mukje, lidhur me t\u00eb ashtuquajturin kompromis q\u00eb ata kishin b\u00ebr\u00eb n\u00eb at\u00eb mbledhje-marr\u00ebveshje, q\u00eb po t\u00eb kishte pasur jet\u00eb, Shqip\u00ebria sot do ishte ndryshe, do ishte Europ\u00eb e Per\u00ebndim. Ende pa u kthyer Mustafa Gjinishi dhe Ymer Dishnica nga Mukja, Enver Hoxha me nj\u00eb fonogram mbledh urgjent n\u00eb Vithkuq drejtuesit kryesor\u00eb t\u00eb Ushtris\u00eb dhe t\u00eb partis\u00eb. Konkluzioni i Enver Hoxh\u00ebs n\u00eb at\u00eb takim ishte se \u201cata (Mustafa Gjinishi dhe Ymer Dishnica) duhen pushkatuar\u201d.<\/p>\n<p><strong>ENVER HOXHA P\u00cbR MUSINE KOKALARIN:<\/strong><\/p>\n<p>\u201cAkoma gjall\u00eb \u00ebsht\u00eb kjo rrospia?!\u201d, Enver. E ku e vendosi k\u00ebt\u00eb sh\u00ebnim Enver Hoxha? Mbi shkres\u00ebn e spiunimit q\u00eb i kishte ardhur nga ato t\u00eb qeverisjes s\u00eb Rr\u00ebshenit. Dhe kujt?! Musine Kokalarit, doktoresh\u00ebs s\u00eb shkencave, vajz\u00ebs s\u00eb par\u00eb shqiptare mbrojtur p\u00ebr let\u00ebrsi n\u00eb \u201cLa Sapienza\u201d, n\u00eb Rom\u00eb, me studimin p\u00ebr jet\u00ebn dhe vepr\u00ebn e Naim Frash\u00ebrit. Rezulton se me nj\u00eb shkrim nervoz, diktatori b\u00ebn sh\u00ebnimin: \u201cAkoma gjall\u00eb \u00ebsht\u00eb kjo rrospia\u201d?! Enver. Kishin kaluar mbi 30 vjet q\u00eb nga koha kur nj\u00eb nga grat\u00eb m\u00eb t\u00eb ditura dhe t\u00eb bukura t\u00eb Shqip\u00ebris\u00eb kishte nisur kalvarin e vuajtjeve. Dy v\u00ebllez\u00ebr t\u00eb pushkatuar q\u00eb n\u00eb dit\u00ebt e para kur krer\u00ebt komunist\u00eb zaptuan hotel \u201cDajtin\u201d e m\u00eb pas p\u00ebr t\u00eb do vazhdonte burgu, librat e saj do t\u00eb ndaloheshin, doktoratura e mohuar dhe dekadat e jet\u00ebs q\u00eb kaloi deri sa e\u00a0\u00e7uan p\u00ebr n\u00eb banes\u00ebn e fundit, hipur n\u00eb karroc\u00ebn e plehrave, ishin vet\u00ebm tortura fizike, p\u00ebrbuzje e vuajtje, vet\u00ebm e vet\u00ebm p\u00ebr nj\u00eb tek\u00eb pasionante t\u00eb Kryekriminelit Enver Hoxha.<\/p>\n<p><strong>HYSNI KAPO P\u00cbR VRASJET TERRORISTE:<\/strong><\/p>\n<p>\u201cGj\u00ebja m\u00eb e keqe te ne ka qen\u00eb fryma terroriste si n\u00eb organizatat, ashtu edhe n\u00eb ushtri\u2026 \u2013 diskuton Hysni Kapo n\u00eb Berat 1944. Si prov\u00eb terrorizmi m\u00eb i keq, \u00ebsht\u00eb vrasja e shokut Mynir Xhindi. Po ta shikojm\u00eb \u00e7\u00ebshtjen mir\u00eb\u2026 ai nuk duhej vrar\u00eb. \u00cbsht\u00eb vrar\u00eb p\u00ebr hi\u00e7gj\u00eb\u2026 ka mbisunduar mendimi i Liris\u00eb (Liri Gega), pse ne shikonim tek ajo goj\u00ebn e dy shok\u00ebve jugosllav\u00eb. Shpirti terrorist ekziston edhe sot, edhe te p\u00ebrgjegj\u00ebsit\u2026 K\u00ebt\u00eb shpirt e ka futur Dushani, q\u00eb na fliste me simpati p\u00ebr nj\u00eb pun\u00eb t\u00eb till\u00eb\u201d.<\/p>\n<p><strong>MANUSH MYFTIU P\u00cbR PUSHKATIMET:<\/strong><\/p>\n<p>\u201cN\u00eb Vlor\u00eb ne kemi pas menduar se ata q\u00eb s\u2019ishin me ne, duhej t\u00eb zhdukeshin. N\u00eb Vlor\u00eb kishim nj\u00eb list\u00eb prej 42 vetash, q\u00eb i kishim d\u00ebnuar me vdekje, por nj\u00eb pjes\u00eb e tyre s\u2019kishin faj\u2026 N\u00eb Buz\u00ebmadhe (fshat n\u00eb Kuk\u00ebs), d\u00ebrguam aty Shefqet Pe\u00e7in dhe \u00c7obanin (Hito \u00c7akon). Ata mblodh\u00ebn fshatin dhe pushkatuan 21-22 veta\u2026 P\u00ebr Kurdarin\u00eb (fshat n\u00eb Lum\u00eb), ne vendos\u00ebm (ky ishte mendimi i Besnikut, Hysni Kapos) q\u00eb t\u00eb pushkatohej kushdo q\u00eb gjendej rrug\u00ebs. Dhe ashtu u b\u00eb. Kur forcat tona u fut\u00ebn n\u00eb Kurdari, vran\u00eb 20 fshatar\u00eb. U b\u00ebn\u00eb t\u00eb gjitha t\u00eb k\u00ebqijat q\u00eb mund t\u00eb b\u00ebnte nj\u00eb forc\u00eb mercenare\u201d. Rr\u00ebfimit t\u00eb sakt\u00eb n\u00eb Plenumin e Beratit p\u00ebr aplikimin e terrorizmit t\u00eb majt\u00eb, nuk i ka shp\u00ebtuar as Kristo Themelko (Shulja), i cili theksonte se \u201cduke mos pasur tjet\u00ebr rrug\u00eb p\u00ebr suksese, ne kemi kaluar n\u00eb rrug\u00ebn e terrorizmit. Ne s\u2019kemi pasur perspektiv\u00eb politike. Rryma jon\u00eb terroriste ka lindur si vij\u00eb q\u00eb erdhi duke u zgjeruar deri n\u00eb dit\u00ebt e sotme\u2026 P\u00ebrsa i p\u00ebrket terrorizmit, p\u00ebr veten time nga jeta e keqe q\u00eb kisha kaluar gjat\u00eb dimrit (operacionit t\u00eb dimrit), krijova bindjen se t\u00eb gjith\u00eb element\u00ebt kundra nesh, duheshin zhdukur q\u00eb tani\u2026 Kur un\u00eb kam biseduar me Enverin, ai m\u00eb ka k\u00ebshilluar se kur t\u00eb hynim n\u00ebp\u00ebr qytete, do t\u2019i spastronim t\u00eb gjith\u00eb kund\u00ebrshtar\u00ebt politik\u00eb, prandaj kur hyra n\u00eb Tiran\u00eb, k\u00ebrkova nj\u00eb list\u00eb p\u00ebr k\u00ebta element\u00eb\u2026\u201d, \u2013 zb\u00ebrthehet n\u00eb Berat Manush Myftiu dhe demaskon vij\u00ebn e qart\u00eb terroriste q\u00eb aplikonte Enver Hoxha.<\/p>\n<p><strong>ENVER HOXHA P\u00cbR TERRORIZMIN E VET:<\/strong><\/p>\n<p>\u201cN\u00eb k\u00ebt\u00eb pik\u00eb, n\u00eb vij\u00ebn terroriste, un\u00eb isha pasqyra e Aliut, pseudonimi i Miladin Popovi\u00e7it. Kur vinte ndonj\u00eb nga fronti, ku thuhej se ky apo ai po vepronte keq, ne vendosnim ta vrisnim\u2026 Vjen raporti nga Gogoja p\u00ebr Sotir Kondin dhe ne i themi atij q\u00eb ta vriste. Vjen nj\u00eb raport p\u00ebr Anastas Plasarin e p\u00ebr Zef Mal\u00ebn, ne japim udh\u00ebzime, t\u00eb vriten! Vjen raport nga Shulja, i cili k\u00ebrkon t\u00eb vej\u00eb e t\u00eb piqet me Gani Kryeziun, gjoja p\u00ebr pun\u00ebn e Fundos, ne marrim masa ekstreme\u201d.<\/p>\n<p>Konkluzione historike p\u00ebr Enver Hoxh\u00ebn rreth pyetjes hipotetike a ishte \u201cShenjt apo Djall\u201d?!<\/p>\n<p>Nuk do fare mend, Djall. Vet\u00ebm dokumentet q\u00eb cituam tregojn\u00eb gjith\u00e7ka, tregojn\u00eb vet\u00ebm Djallin, Kryekriminelin e historis\u00eb son\u00eb fatkeqe 50-vje\u00e7are, Enver Hoxh\u00ebn dhe regjimi q\u00eb ngriti dhe i imponoj\u00eb ai popullit n\u00eb Shqip\u00ebri. Enver Hoxha \u00ebsht\u00eb i vetmi nga lider\u00ebt e rrall\u00eb komunist\u00eb t\u00eb Europ\u00ebs Lindore, q\u00eb i ka l\u00ebn\u00eb me dokumente t\u00eb shkruara urdhrat e tij p\u00ebr vrasje t\u00eb hapura e t\u00eb fshehura t\u00eb kund\u00ebrshtar\u00ebve apo t\u00eb rival\u00ebve t\u00eb tij politik\u00eb. Edhe Stalini, satanai m\u00eb i madh i njer\u00ebzimit p\u00ebr vrasje, nuk ka dokumente autentike, sh\u00ebnime personale si t\u00eb Enver Hoxh\u00ebs p\u00ebr vrasjet pas shpine. Edhe pas mbarimit t\u00eb Luft\u00ebs, Enver Hoxha vijoi me eliminimet e shok\u00ebve e t\u00eb bashk\u00ebpun\u00ebtor\u00ebve, me Ko\u00e7i Xoxen e me radh\u00eb e pa fund, objekt k\u00ebto i artikujve t\u00eb tjer\u00eb historik\u00eb, megjithat\u00eb po i cek pak p\u00ebr mb\u00ebshtetje t\u00eb konkluzioneve. Vrasjet e \u201956 me Tuk Jakov\u00ebn e Bedri Spahiun, ato t\u00eb \u201974 me Beqir Ballukun, Abdul K\u00ebllezin, etj., ato t\u00eb 1981-1982 me Mehmet Shehun e Kadri Hazbiun etj. (jo se ishin patriot\u00eb ata, se kriminel\u00eb kan\u00eb qen\u00eb t\u00eb gjith\u00eb n\u00eb sh\u00ebrbim t\u00eb kryekriminelit Enver Hoxha), por se ai i vrau p\u00ebr kolltukun e tij. Po t\u00eb burgosurit politik\u00eb, p\u00ebr arsye politike 10.133 burra dhe 7.367 gra (nga t\u00eb cil\u00ebt 1.065 kan\u00eb vdekur gjithsej), kan\u00eb humbur aft\u00ebsin\u00eb mendore nga torturat 408 njer\u00ebz, jan\u00eb internuar p\u00ebr motive politike 20.000 familje, nga t\u00eb cil\u00ebt kan\u00eb vdekur 7.022 persona n\u00eb zonat e internimit, po k\u00ebto ku t\u2019i \u00e7ojm\u00eb zoti Niko Peleshi (kupto Rama) apo n\u00eb koshin e historis\u00eb?! Ashtu doni ju! Po t\u00eb pushkatuarit me gjyqe e pa gjyqe, q\u00eb jan\u00eb pushkatuar 5.577 burra dhe 450 gra, ku t\u2019i \u00e7ojm\u00eb zoti Niko, apo n\u00eb hamam t\u00eb hyr\u00ebs, atje ku i kan\u00eb \u00e7uar dikur \u201cbaballar\u00ebt\u201d tuaj komunist\u00eb q\u00eb p\u00ebrfaq\u00ebsoni?! Sa shpejt doni t\u00eb harroj\u00eb ky popull?! Po b\u00ebmat e tjera makabre t\u00eb Kryekriminelit Enver Hoxha me internimet pa sens, kolektivizimin pa ushqime, bunkerizimin pa kriter, uzinat arkivole vdekje, k\u00ebto e t\u00eb tjera si t\u2019ua fshehim t\u00eb rinjve?! Sa shpejt k\u00ebrkoni t\u00eb harrojm\u00eb pabuk\u00ebsin\u00eb e jetes\u00ebs komuniste, tollonin, jetes\u00ebn n\u00ebn terror se po na sulmojn\u00eb sot a nes\u00ebr superfuqit\u00eb, krijesa me absurde p\u00ebr ta mbajtur popullin n\u00ebn terror, kur nuk ka pasur asnj\u00eb plan okupimi a program pushtimi p\u00ebr ta sulmuar popullin shqiptar?! Vet\u00ebm pallavra! Sa shpejt doni, e doni ta lini popullin pa memorie?!<\/p>\n<p>Autori, Drejtor Ekzekutiv Instituti i Siguris\u00eb dhe Mbrojtjes<\/p>\n<p><em><strong>Nga: Gazeta Panorama\u00a0<\/strong><\/em><\/p>\n","protected":false},"excerpt":{"rendered":"<p>23 Tetor 2025 Nga: PROF. DR. ELMAS LECI Edhe nj\u00eb her\u00eb k\u00ebto dit\u00eb l\u00ebviz n\u00eb ajrin ton\u00eb t\u00eb ndotur politik pyetja: Enver Hoxha ka qene \u201cShenjt apo Djall\u201d?! Pyetjes s\u00eb m\u00ebsip\u00ebrme po i japim p\u00ebrgjigje n\u00eb vijim me fakte, me pushkatimet q\u00eb porositur vet\u00eb Enver Hoxha me firm\u00ebn e tij q\u00eb gjat\u00eb luft\u00ebs. Ato pas [&hellip;]<\/p>\n","protected":false},"author":9,"featured_media":94372,"comment_status":"open","ping_status":"open","sticky":false,"template":"","format":"standard","meta":{"jetpack_post_was_ever_published":false,"_jetpack_newsletter_access":"","_jetpack_dont_email_post_to_subs":false,"_jetpack_newsletter_tier_id":0,"_jetpack_memberships_contains_paywalled_content":false,"_jetpack_memberships_contains_paid_content":false,"footnotes":"","jetpack_publicize_message":"","jetpack_publicize_feature_enabled":true,"jetpack_social_post_already_shared":true,"jetpack_social_options":{"image_generator_settings":{"template":"highway","default_image_id":0,"font":"","enabled":false},"version":2}},"categories":[27,85,1],"tags":[],"class_list":["post-94371","post","type-post","status-publish","format-standard","has-post-thumbnail","hentry","category-blogu-i-udhetarit","category-histori","category-njoftime-shtypi"],"jetpack_publicize_connections":[],"jetpack_featured_media_url":"https:\/\/i0.wp.com\/www.shqiperia.com\/blog\/wp-content\/uploads\/2025\/10\/enver-hoxha4.jpg?fit=1190%2C667&ssl=1","jetpack_sharing_enabled":true,"jetpack_shortlink":"https:\/\/wp.me\/p5Z6wp-oy7","jetpack-related-posts":[{"id":54255,"url":"https:\/\/www.shqiperia.com\/blog\/enver-hoxha-provokoi-i-pari-ballin-kombetar-paskal-milo-promovon-librin-qe-mund-te-nxite-debate-koha-qe-ne-shqiperi-te-mos-kemi-opinione-folklorike-ka-tre-letra-te-cilat\/","url_meta":{"origin":94371,"position":0},"title":"\u201cEnver Hoxha provokoi i pari Ballin Komb\u00ebtar\u201d &#8211; Paskal Milo promovon librin q\u00eb mund t\u00eb nxit\u00eb debate: Koha q\u00eb n\u00eb Shqip\u00ebri t\u00eb mos kemi opinione folklorike. Ka tre letra t\u00eb cilat\u2026","author":"Kurt Farka","date":"February 20, 2022","format":false,"excerpt":"\u201cEnver Hoxha provokoi i pari Ballin Komb\u00ebtar\u201d - Paskal Milo promovon librin q\u00eb mund t\u00eb nxit\u00eb debate: Koha q\u00eb n\u00eb Shqip\u00ebri t\u00eb mos kemi opinione folklorike. Ka tre letra t\u00eb cilat\u2026 18 Shkurt \u00a02022 Historiani Paskal Milo ka promovuar librin e tij m\u00eb t\u00eb ri, p\u00ebr t\u00eb cilin thot\u00eb se\u2026","rel":"","context":"In &quot;Histori&quot;","block_context":{"text":"Histori","link":"https:\/\/www.shqiperia.com\/blog\/category\/histori\/"},"img":{"alt_text":"","src":"https:\/\/i0.wp.com\/www.shqiperia.com\/blog\/wp-content\/uploads\/2022\/02\/Paskal-Milolibri-Enver-Hoxha-Balli-Kombetar.jpg?fit=600%2C400&ssl=1&resize=350%2C200","width":350,"height":200,"srcset":"https:\/\/i0.wp.com\/www.shqiperia.com\/blog\/wp-content\/uploads\/2022\/02\/Paskal-Milolibri-Enver-Hoxha-Balli-Kombetar.jpg?fit=600%2C400&ssl=1&resize=350%2C200 1x, https:\/\/i0.wp.com\/www.shqiperia.com\/blog\/wp-content\/uploads\/2022\/02\/Paskal-Milolibri-Enver-Hoxha-Balli-Kombetar.jpg?fit=600%2C400&ssl=1&resize=525%2C300 1.5x"},"classes":[]},{"id":48264,"url":"https:\/\/www.shqiperia.com\/blog\/si-u-arrestua-enver-hoxha-duke-shitur-mish-derri-me-krimba-dhe-djathe-te-prishur-dokumenti\/","url_meta":{"origin":94371,"position":1},"title":"Si u arrestua Enver Hoxha duke shitur mish derri me krimba dhe djath\u00eb t\u00eb prishur. &#8211; Dokumenti.","author":"Kurt Farka","date":"June 29, 2021","format":false,"excerpt":"Si u arrestua Enver Hoxha duke shitur mish derri me krimba dhe djath\u00eb t\u00eb prishur. - Dokumenti. 29 QERSHOR 2021 Akademia e Shkencave \u00ebsht\u00eb angazhuar n\u00eb nj\u00eb projekt t\u00eb ri p\u00ebr rishkrimin e historis\u00eb e cila do ti kushtoj\u00eb taksapaguesve shqiptar\u00eb plot\u00eb 3 milion\u00eb euro. Sipas historian\u00ebve t\u00eb angazhuar n\u00eb\u2026","rel":"","context":"In &quot;Histori&quot;","block_context":{"text":"Histori","link":"https:\/\/www.shqiperia.com\/blog\/category\/histori\/"},"img":{"alt_text":"","src":"https:\/\/i0.wp.com\/www.shqiperia.com\/blog\/wp-content\/uploads\/2021\/06\/Si-u-arrestua-Enver-Hoxha.jpeg?fit=640%2C413&ssl=1&resize=350%2C200","width":350,"height":200,"srcset":"https:\/\/i0.wp.com\/www.shqiperia.com\/blog\/wp-content\/uploads\/2021\/06\/Si-u-arrestua-Enver-Hoxha.jpeg?fit=640%2C413&ssl=1&resize=350%2C200 1x, https:\/\/i0.wp.com\/www.shqiperia.com\/blog\/wp-content\/uploads\/2021\/06\/Si-u-arrestua-Enver-Hoxha.jpeg?fit=640%2C413&ssl=1&resize=525%2C300 1.5x"},"classes":[]},{"id":63156,"url":"https:\/\/www.shqiperia.com\/blog\/protesta-ne-elbasan-shqiptaret-po-ikin-si-ne-92-shin-rama-te-largohet-nje-ore-e-me-pare-edhe-enver-hoxha-nuk-ka-pasur-keto-pozita\/","url_meta":{"origin":94371,"position":2},"title":"Protesta ne Elbasan: &#8211; \u201cShqiptar\u00ebt po ikin si n\u00eb 92-shin\u201d &#8211; Rama t\u00eb largohet nj\u00eb or\u00eb e m\u00eb par\u00eb, edhe Enver Hoxha nuk ka pasur k\u00ebto pozita","author":"Kurt Farka","date":"October 11, 2022","format":false,"excerpt":"11 Tetor 2022 Qytetar\u00ebt n\u00eb Elbasan q\u00eb kan\u00eb dal\u00eb n\u00eb protest\u00eb k\u00ebt\u00eb t\u00eb mart\u00eb, kan\u00eb k\u00ebrkuar largimin nj\u00eb or\u00eb e m\u00eb par\u00eb t\u00eb qeveris\u00eb s\u00eb drejtuar nga kryeministri Edi Rama, duke e faj\u00ebsuar at\u00eb p\u00ebr situat\u00ebn ekonomike ku ndodhen dhe p\u00ebr largimin e shqiptar\u00ebve dhe t\u00eb rinjve nga vendi i\u2026","rel":"","context":"In &quot;Blogu i Udh\u00ebtarit&quot;","block_context":{"text":"Blogu i Udh\u00ebtarit","link":"https:\/\/www.shqiperia.com\/blog\/category\/blogu-i-udhetarit\/"},"img":{"alt_text":"","src":"https:\/\/i0.wp.com\/www.shqiperia.com\/blog\/wp-content\/uploads\/2022\/10\/Elbasani.jpg?fit=600%2C349&ssl=1&resize=350%2C200","width":350,"height":200,"srcset":"https:\/\/i0.wp.com\/www.shqiperia.com\/blog\/wp-content\/uploads\/2022\/10\/Elbasani.jpg?fit=600%2C349&ssl=1&resize=350%2C200 1x, https:\/\/i0.wp.com\/www.shqiperia.com\/blog\/wp-content\/uploads\/2022\/10\/Elbasani.jpg?fit=600%2C349&ssl=1&resize=525%2C300 1.5x"},"classes":[]},{"id":98938,"url":"https:\/\/www.shqiperia.com\/blog\/perkujtohet-per-here-te-pare-ne-tivar-masakra-me-4435-shqiptare-te-vrare-nga-komunistet-ne-45-uran-butka-tragjedia-me-e-madhe-e-kryer-nga-enver-hoxha-dhe-tito\/","url_meta":{"origin":94371,"position":3},"title":"P\u00ebrkujtohet p\u00ebr her\u00eb t\u00eb par\u00eb n\u00eb Tivar masakra me 4435 shqiptar\u00eb t\u00eb vrar\u00eb nga komunist\u00ebt n\u00eb \u201945, Uran Butka: &#8211; Tragjedia m\u00eb e madhe e kryer nga Enver Hoxha dhe Tito","author":"Kurt Farka","date":"April 1, 2026","format":false,"excerpt":"1 Prill 2026 N\u00eb 81-vjetorin e Masakr\u00ebs s\u00eb Tivarit, n\u00eb qytetin q\u00eb u p\u00ebrgjak n\u00eb dit\u00ebt e fundit t\u00eb luft\u00ebs s\u00eb dyt\u00eb bot\u00ebrore, u organizua p\u00ebr her\u00eb t\u00eb par\u00eb nj\u00eb simpozium nd\u00ebrkomb\u00ebtar shkencor me tem\u00ebn \u201cMasakra e Tivarit- E v\u00ebrteta e Fshehur\u201d. Mij\u00ebra shqiptar\u00eb t\u00eb Kosov\u00ebs e Maqedonis\u00eb, t\u00eb detyruar\u2026","rel":"","context":"In &quot;Histori&quot;","block_context":{"text":"Histori","link":"https:\/\/www.shqiperia.com\/blog\/category\/histori\/"},"img":{"alt_text":"","src":"https:\/\/i0.wp.com\/www.shqiperia.com\/blog\/wp-content\/uploads\/2026\/04\/Perkujtohet-Masakra-e-Tivarit.webp?fit=1200%2C675&ssl=1&resize=350%2C200","width":350,"height":200,"srcset":"https:\/\/i0.wp.com\/www.shqiperia.com\/blog\/wp-content\/uploads\/2026\/04\/Perkujtohet-Masakra-e-Tivarit.webp?fit=1200%2C675&ssl=1&resize=350%2C200 1x, https:\/\/i0.wp.com\/www.shqiperia.com\/blog\/wp-content\/uploads\/2026\/04\/Perkujtohet-Masakra-e-Tivarit.webp?fit=1200%2C675&ssl=1&resize=525%2C300 1.5x, https:\/\/i0.wp.com\/www.shqiperia.com\/blog\/wp-content\/uploads\/2026\/04\/Perkujtohet-Masakra-e-Tivarit.webp?fit=1200%2C675&ssl=1&resize=700%2C400 2x, https:\/\/i0.wp.com\/www.shqiperia.com\/blog\/wp-content\/uploads\/2026\/04\/Perkujtohet-Masakra-e-Tivarit.webp?fit=1200%2C675&ssl=1&resize=1050%2C600 3x"},"classes":[]},{"id":6026,"url":"https:\/\/www.shqiperia.com\/blog\/si-enveri-fshehu-rolin-e-zogut-ne-7-prill-dhe-nderroi-historine-e-rezistences-demet-kolaterale-te-manipulimit-te-enver-hoxhes-qe-u-shfrytezuan-prej-greqise\/","url_meta":{"origin":94371,"position":4},"title":"Si Enveri fshehu rolin e Zogut n\u00eb 7 prill dhe nd\u00ebrroi historin\u00eb e rezistenc\u00ebs\/ D\u00ebmet kolaterale t\u00eb manipulimit t\u00eb Enver Hoxh\u00ebs q\u00eb u shfryt\u00ebzuan prej Greqis\u00eb. &#8211;","author":"Kurt Farka","date":"April 7, 2018","format":false,"excerpt":"A e dob\u00ebsoi Enver Hoxha pozicionin e Shqip\u00ebris\u00eb n\u00eb p\u00ebrplasjen me Greqin\u00eb n\u00eb Konferenc\u00ebn e Paqes n\u00eb Paris n\u00eb 1946\u00a0? Kristo Frash\u00ebri, historiani i madh shqiptar, pak para se t\u00eb vdiste, shkroi nj\u00eb vep\u00ebr kushtuar k\u00ebsaj konference, q\u00eb pati rol p\u00ebrcaktues n\u00eb konfirmimin e kufijve ekzistues t\u00eb Shqip\u00ebris\u00eb. Ai thot\u00eb\u2026","rel":"","context":"In &quot;Histori&quot;","block_context":{"text":"Histori","link":"https:\/\/www.shqiperia.com\/blog\/category\/histori\/"},"img":{"alt_text":"","src":"https:\/\/i0.wp.com\/www.shqiperia.com\/blog\/wp-content\/uploads\/2018\/04\/Ahmet-Zogu.jpg?fit=359%2C307&ssl=1&resize=350%2C200","width":350,"height":200},"classes":[]},{"id":51801,"url":"https:\/\/www.shqiperia.com\/blog\/zbulohen-dokumentet-enver-hoxha-dita-e-clirimit-eshte-28-nentori-mbledhja-qe-ndryshoi-daten-dhe-pse-u-zgjodh-29-ta\/","url_meta":{"origin":94371,"position":5},"title":"Zbulohen dokumentet\/ Enver Hoxha: &#8211; Dita e \u00c7lirimit \u00ebsht\u00eb 28 n\u00ebntori! Mbledhja q\u00eb ndryshoi dat\u00ebn dhe pse u zgjodh 29-ta","author":"Kurt Farka","date":"November 29, 2021","format":false,"excerpt":"Zbulohen dokumentet\/ Enver Hoxha: - Dita e \u00c7lirimit \u00ebsht\u00eb 28 n\u00ebntori! Mbledhja q\u00eb ndryshoi dat\u00ebn dhe pse u zgjodh 29-ta 28 Nentor 2021 Nga: Prof. Dr.. Valentina Duka. Ka ikur n\u00eb 28 apo 29 n\u00ebntor gjermani i fundit? Edhe pas 30 vjet\u00ebsh nd\u00ebrrim sistemesh, shqiptar\u00ebt ende nuk kan\u00eb r\u00ebn\u00eb n\u00eb\u2026","rel":"","context":"In &quot;Histori&quot;","block_context":{"text":"Histori","link":"https:\/\/www.shqiperia.com\/blog\/category\/histori\/"},"img":{"alt_text":"","src":"https:\/\/i0.wp.com\/www.shqiperia.com\/blog\/wp-content\/uploads\/2021\/11\/Enver-Hoxha-Ismail-Qemali-festa-28-nentori-1.jpg?fit=600%2C379&ssl=1&resize=350%2C200","width":350,"height":200,"srcset":"https:\/\/i0.wp.com\/www.shqiperia.com\/blog\/wp-content\/uploads\/2021\/11\/Enver-Hoxha-Ismail-Qemali-festa-28-nentori-1.jpg?fit=600%2C379&ssl=1&resize=350%2C200 1x, https:\/\/i0.wp.com\/www.shqiperia.com\/blog\/wp-content\/uploads\/2021\/11\/Enver-Hoxha-Ismail-Qemali-festa-28-nentori-1.jpg?fit=600%2C379&ssl=1&resize=525%2C300 1.5x"},"classes":[]}],"_links":{"self":[{"href":"https:\/\/www.shqiperia.com\/blog\/wp-json\/wp\/v2\/posts\/94371","targetHints":{"allow":["GET"]}}],"collection":[{"href":"https:\/\/www.shqiperia.com\/blog\/wp-json\/wp\/v2\/posts"}],"about":[{"href":"https:\/\/www.shqiperia.com\/blog\/wp-json\/wp\/v2\/types\/post"}],"author":[{"embeddable":true,"href":"https:\/\/www.shqiperia.com\/blog\/wp-json\/wp\/v2\/users\/9"}],"replies":[{"embeddable":true,"href":"https:\/\/www.shqiperia.com\/blog\/wp-json\/wp\/v2\/comments?post=94371"}],"version-history":[{"count":1,"href":"https:\/\/www.shqiperia.com\/blog\/wp-json\/wp\/v2\/posts\/94371\/revisions"}],"predecessor-version":[{"id":94373,"href":"https:\/\/www.shqiperia.com\/blog\/wp-json\/wp\/v2\/posts\/94371\/revisions\/94373"}],"wp:featuredmedia":[{"embeddable":true,"href":"https:\/\/www.shqiperia.com\/blog\/wp-json\/wp\/v2\/media\/94372"}],"wp:attachment":[{"href":"https:\/\/www.shqiperia.com\/blog\/wp-json\/wp\/v2\/media?parent=94371"}],"wp:term":[{"taxonomy":"category","embeddable":true,"href":"https:\/\/www.shqiperia.com\/blog\/wp-json\/wp\/v2\/categories?post=94371"},{"taxonomy":"post_tag","embeddable":true,"href":"https:\/\/www.shqiperia.com\/blog\/wp-json\/wp\/v2\/tags?post=94371"}],"curies":[{"name":"wp","href":"https:\/\/api.w.org\/{rel}","templated":true}]}}