{"id":94365,"date":"2025-10-23T01:45:28","date_gmt":"2025-10-23T01:45:28","guid":{"rendered":"https:\/\/www.shqiperia.com\/blog\/?p=94365"},"modified":"2025-10-23T01:45:28","modified_gmt":"2025-10-23T01:45:28","slug":"trump-konfirmon-anulimin-e-takimit-me-putin-nuk-do-arrinim-aty-ku-duhej-sa-here-flas-me-telefon-me-te","status":"publish","type":"post","link":"https:\/\/www.shqiperia.com\/blog\/trump-konfirmon-anulimin-e-takimit-me-putin-nuk-do-arrinim-aty-ku-duhej-sa-here-flas-me-telefon-me-te\/","title":{"rendered":"Trump konfirmon anulimin e takimit me Putin: &#8211; Nuk do arrinim aty ku duhej, sa her\u00eb flas m\u00eb telefon me t\u00eb\u2026"},"content":{"rendered":"<div class=\"firstP\">\n<p><img data-recalc-dims=\"1\" loading=\"lazy\" decoding=\"async\" data-attachment-id=\"94366\" data-permalink=\"https:\/\/www.shqiperia.com\/blog\/trump-konfirmon-anulimin-e-takimit-me-putin-nuk-do-arrinim-aty-ku-duhej-sa-here-flas-me-telefon-me-te\/putin-trump-2\/\" data-orig-file=\"https:\/\/i0.wp.com\/www.shqiperia.com\/blog\/wp-content\/uploads\/2025\/10\/putin-trump.jpg?fit=824%2C455&amp;ssl=1\" data-orig-size=\"824,455\" data-comments-opened=\"1\" data-image-meta=\"{&quot;aperture&quot;:&quot;0&quot;,&quot;credit&quot;:&quot;&quot;,&quot;camera&quot;:&quot;&quot;,&quot;caption&quot;:&quot;&quot;,&quot;created_timestamp&quot;:&quot;0&quot;,&quot;copyright&quot;:&quot;&quot;,&quot;focal_length&quot;:&quot;0&quot;,&quot;iso&quot;:&quot;0&quot;,&quot;shutter_speed&quot;:&quot;0&quot;,&quot;title&quot;:&quot;&quot;,&quot;orientation&quot;:&quot;0&quot;}\" data-image-title=\"putin-trump\" data-image-description=\"\" data-image-caption=\"\" data-medium-file=\"https:\/\/i0.wp.com\/www.shqiperia.com\/blog\/wp-content\/uploads\/2025\/10\/putin-trump.jpg?fit=300%2C166&amp;ssl=1\" data-large-file=\"https:\/\/i0.wp.com\/www.shqiperia.com\/blog\/wp-content\/uploads\/2025\/10\/putin-trump.jpg?fit=824%2C455&amp;ssl=1\" class=\"alignnone  wp-image-94366\" alt=\"\" src=\"https:\/\/i0.wp.com\/www.shqiperia.com\/blog\/wp-content\/uploads\/2025\/10\/putin-trump.jpg?resize=690%2C382&#038;ssl=1\" width=\"690\" height=\"382\" srcset=\"https:\/\/i0.wp.com\/www.shqiperia.com\/blog\/wp-content\/uploads\/2025\/10\/putin-trump.jpg?resize=300%2C166&amp;ssl=1 300w, https:\/\/i0.wp.com\/www.shqiperia.com\/blog\/wp-content\/uploads\/2025\/10\/putin-trump.jpg?resize=768%2C424&amp;ssl=1 768w, https:\/\/i0.wp.com\/www.shqiperia.com\/blog\/wp-content\/uploads\/2025\/10\/putin-trump.jpg?resize=450%2C248&amp;ssl=1 450w, https:\/\/i0.wp.com\/www.shqiperia.com\/blog\/wp-content\/uploads\/2025\/10\/putin-trump.jpg?resize=600%2C331&amp;ssl=1 600w, https:\/\/i0.wp.com\/www.shqiperia.com\/blog\/wp-content\/uploads\/2025\/10\/putin-trump.jpg?resize=400%2C221&amp;ssl=1 400w, https:\/\/i0.wp.com\/www.shqiperia.com\/blog\/wp-content\/uploads\/2025\/10\/putin-trump.jpg?w=824&amp;ssl=1 824w\" sizes=\"auto, (max-width: 690px) 100vw, 690px\" \/><\/p>\n<p>23 Tetor 2025<\/p>\n<p>Presidenti Donald Trump tha t\u00eb m\u00ebrkur\u00ebn se kishte \u201canuluar\u201d nj\u00eb takim t\u00eb planifikuar me presidentin rus Vladimir Putin, duke u th\u00ebn\u00eb gazetar\u00ebve n\u00eb Sht\u00ebpin\u00eb e Bardh\u00eb: \u201cThjesht nuk m\u00eb dukej e drejt\u00eb.\u201d<\/p>\n<\/div>\n<p>\u201cNuk m\u00eb dukej sikur do t\u00eb arrinim aty ku duhet t\u00eb arrijm\u00eb \u2013 k\u00ebshtu q\u00eb e anulova, por do ta b\u00ebjm\u00eb n\u00eb t\u00eb ardhmen,\u201d u tha Trump gazetar\u00ebve t\u00eb mbledhur n\u00eb Zyr\u00ebn Ovale.<\/p>\n<p>Jav\u00ebn e kaluar, Trump kishte th\u00ebn\u00eb se planifikonte t\u00eb takohej me presidentin rus n\u00eb Budapest, Hungari, pas nj\u00eb bisede t\u00eb gjat\u00eb telefonike q\u00eb e p\u00ebrshkroi si \u201cshum\u00eb produktive.\u201d<\/p>\n<p>Megjithat\u00eb, CNN raportoi m\u00eb her\u00ebt k\u00ebt\u00eb jav\u00eb se shpresat e Trump p\u00ebr nj\u00eb takim t\u00eb shpejt\u00eb me Putinin ishin zbehur, me nj\u00eb zyrtar t\u00eb administrat\u00ebs q\u00eb tha t\u00eb mart\u00ebn se \u201cnuk ka plane\u201d p\u00ebr nj\u00eb samit mes t\u00eb dyve \u201cn\u00eb t\u00eb ardhmen e af\u00ebrt.\u201d<\/p>\n<p>Megjithat\u00eb, kur u pyet t\u00eb m\u00ebrkur\u00ebn n\u00ebse mendon se presidenti rus d\u00ebshiron t\u2019i jap\u00eb fund luft\u00ebs n\u00eb vazhdim me Ukrain\u00ebn, Trump u p\u00ebrgjigj: \u201cPo.\u201d<\/p>\n<p>\u201cMendoj se ata duan paqe, mendoj se t\u00eb dy duan paqe,\u201d tha Trump. \u201cN\u00eb k\u00ebt\u00eb pik\u00eb, e dini, kan\u00eb kaluar gati kat\u00ebr vjet. Po hyn n\u00eb vitin e kat\u00ebrt. Dhe n\u00ebse do t\u00eb isha un\u00eb president, ajo kurr\u00eb nuk do t\u00eb kishte nisur. Por, po, \u00ebsht\u00eb koha.\u201d<\/p>\n<p>Trump pranoi zhg\u00ebnjimin p\u00ebr ritmin e ngadalt\u00eb t\u00eb negociatave me Rusin\u00eb p\u00ebr t\u2019i dh\u00ebn\u00eb fund luft\u00ebs.<\/p>\n<p>\u201cEpo, mendoj se, p\u00ebrsa i p\u00ebrket sinqeritetit, e vetmja gj\u00eb q\u00eb mund t\u00eb them \u00ebsht\u00eb se sa her\u00eb q\u00eb flas me Vladimirin [Putin], kemi biseda t\u00eb mira, dhe pastaj nuk shkojn\u00eb askund,\u201d tha ai. \u201cThjesht nuk shkojn\u00eb askund.\u201d<\/p>\n<p class=\"last\"><strong>Top Channel<\/strong><\/p>\n","protected":false},"excerpt":{"rendered":"<p>23 Tetor 2025 Presidenti Donald Trump tha t\u00eb m\u00ebrkur\u00ebn se kishte \u201canuluar\u201d nj\u00eb takim t\u00eb planifikuar me presidentin rus Vladimir Putin, duke u th\u00ebn\u00eb gazetar\u00ebve n\u00eb Sht\u00ebpin\u00eb e Bardh\u00eb: \u201cThjesht nuk m\u00eb dukej e drejt\u00eb.\u201d \u201cNuk m\u00eb dukej sikur do t\u00eb arrinim aty ku duhet t\u00eb arrijm\u00eb \u2013 k\u00ebshtu q\u00eb e anulova, por do ta [&hellip;]<\/p>\n","protected":false},"author":9,"featured_media":94366,"comment_status":"open","ping_status":"open","sticky":false,"template":"","format":"standard","meta":{"jetpack_post_was_ever_published":false,"_jetpack_newsletter_access":"","_jetpack_dont_email_post_to_subs":false,"_jetpack_newsletter_tier_id":0,"_jetpack_memberships_contains_paywalled_content":false,"_jetpack_memberships_contains_paid_content":false,"footnotes":"","jetpack_publicize_message":"","jetpack_publicize_feature_enabled":true,"jetpack_social_post_already_shared":true,"jetpack_social_options":{"image_generator_settings":{"template":"highway","default_image_id":0,"font":"","enabled":false},"version":2}},"categories":[27,1,2],"tags":[],"class_list":["post-94365","post","type-post","status-publish","format-standard","has-post-thumbnail","hentry","category-blogu-i-udhetarit","category-njoftime-shtypi","category-politika"],"jetpack_publicize_connections":[],"jetpack_featured_media_url":"https:\/\/i0.wp.com\/www.shqiperia.com\/blog\/wp-content\/uploads\/2025\/10\/putin-trump.jpg?fit=824%2C455&ssl=1","jetpack_sharing_enabled":true,"jetpack_shortlink":"https:\/\/wp.me\/p5Z6wp-oy1","jetpack-related-posts":[{"id":93054,"url":"https:\/\/www.shqiperia.com\/blog\/samiti-historik-170-minutesh-pa-marreveshje-cfare-dihet-rreth-takimit-midis-putin-dhe-trump\/","url_meta":{"origin":94365,"position":0},"title":"Samiti historik 170 minut\u00ebsh pa marr\u00ebveshje, \u00e7far\u00eb dihet rreth takimit midis Putin dhe Trump","author":"Kurt Farka","date":"August 16, 2025","format":false,"excerpt":"16 Gusht 2025 Me avion\u00eb luftarak\u00eb, nj\u00eb qilim t\u00eb kuq dhe nj\u00eb slogan shpres\u00ebdh\u00ebn\u00ebs \u2014 \u201cN\u00eb k\u00ebrkim t\u00eb Paqes\u201d \u2014 t\u00eb ngjitur n\u00eb mur, Presidenti Donald Trump mir\u00ebpriti homologun e tij rus Vladimir Putin n\u00eb nj\u00eb samit n\u00eb Alaska t\u00eb premten, rezultatet e t\u00eb cilit mbet\u00ebn krejt\u00ebsisht t\u00eb paqarta pasi\u2026","rel":"","context":"In &quot;Blogu i Udh\u00ebtarit&quot;","block_context":{"text":"Blogu i Udh\u00ebtarit","link":"https:\/\/www.shqiperia.com\/blog\/category\/blogu-i-udhetarit\/"},"img":{"alt_text":"","src":"https:\/\/i0.wp.com\/www.shqiperia.com\/blog\/wp-content\/uploads\/2025\/08\/640-0-capturepng-1755323425.png?fit=640%2C404&ssl=1&resize=350%2C200","width":350,"height":200,"srcset":"https:\/\/i0.wp.com\/www.shqiperia.com\/blog\/wp-content\/uploads\/2025\/08\/640-0-capturepng-1755323425.png?fit=640%2C404&ssl=1&resize=350%2C200 1x, https:\/\/i0.wp.com\/www.shqiperia.com\/blog\/wp-content\/uploads\/2025\/08\/640-0-capturepng-1755323425.png?fit=640%2C404&ssl=1&resize=525%2C300 1.5x"},"classes":[]},{"id":89303,"url":"https:\/\/www.shqiperia.com\/blog\/trump-bisede-telefonike-me-putin-presidenti-rus-nuk-deshiron-me-vdekje\/","url_meta":{"origin":94365,"position":1},"title":"Trump bised\u00eb telefonike me Putin: Presidenti rus nuk d\u00ebshiron m\u00eb vdekje","author":"Kurt Farka","date":"February 9, 2025","format":false,"excerpt":"9 Shkurt 2025 Presidenti amerikan Donald Trump\u00a0tha t\u00eb shtun\u00ebn se kishte nj\u00eb bised\u00eb telefonike me homologun e tij rus\u00a0Vladimir Putin p\u00ebr t\u00eb diskutuar p\u00ebrfundimin e luft\u00ebs n\u00eb Ukrain\u00eb. N\u00eb nj\u00eb intervist\u00eb n\u00eb bordin e Air Force One t\u00eb premten, Trump iu p\u00ebrgjigj nj\u00eb pyetjeje se sa her\u00eb kan\u00eb folur t\u00eb\u2026","rel":"","context":"In &quot;Blogu i Udh\u00ebtarit&quot;","block_context":{"text":"Blogu i Udh\u00ebtarit","link":"https:\/\/www.shqiperia.com\/blog\/category\/blogu-i-udhetarit\/"},"img":{"alt_text":"","src":"https:\/\/i0.wp.com\/www.shqiperia.com\/blog\/wp-content\/uploads\/2025\/02\/1x-1-1536x1154-1.jpg?fit=1200%2C756&ssl=1&resize=350%2C200","width":350,"height":200,"srcset":"https:\/\/i0.wp.com\/www.shqiperia.com\/blog\/wp-content\/uploads\/2025\/02\/1x-1-1536x1154-1.jpg?fit=1200%2C756&ssl=1&resize=350%2C200 1x, https:\/\/i0.wp.com\/www.shqiperia.com\/blog\/wp-content\/uploads\/2025\/02\/1x-1-1536x1154-1.jpg?fit=1200%2C756&ssl=1&resize=525%2C300 1.5x, https:\/\/i0.wp.com\/www.shqiperia.com\/blog\/wp-content\/uploads\/2025\/02\/1x-1-1536x1154-1.jpg?fit=1200%2C756&ssl=1&resize=700%2C400 2x, https:\/\/i0.wp.com\/www.shqiperia.com\/blog\/wp-content\/uploads\/2025\/02\/1x-1-1536x1154-1.jpg?fit=1200%2C756&ssl=1&resize=1050%2C600 3x"},"classes":[]},{"id":57105,"url":"https:\/\/www.shqiperia.com\/blog\/papa-francesku-i-ashper-me-rusine-anulon-takimin-me-patriarkun-ortodoks-rus\/","url_meta":{"origin":94365,"position":2},"title":"Papa Fran\u00e7esku i ashp\u00ebr me Rusin\u00eb, anulon takimin me patriarkun ortodoks rus","author":"Kurt Farka","date":"April 23, 2022","format":false,"excerpt":"Papa Fran\u00e7esku i ashp\u00ebr me Rusin\u00eb, anulon takimin me patriarkun ortodoks rus 22 PRILL 2022 Papa Fran\u00e7esku ka th\u00ebn\u00eb se ka hequr dor\u00eb nga planet p\u00ebr t\u2019u takuar n\u00eb qershor me Patriarkun Ortodoks rus Kirill, nj\u00eb aleat i presidentit rus Vladimir Putin i cili ka mb\u00ebshtetur luft\u00ebn e Mosk\u00ebs n\u00eb\u2026","rel":"","context":"In &quot;Blogu i Udh\u00ebtarit&quot;","block_context":{"text":"Blogu i Udh\u00ebtarit","link":"https:\/\/www.shqiperia.com\/blog\/category\/blogu-i-udhetarit\/"},"img":{"alt_text":"","src":"https:\/\/i0.wp.com\/www.shqiperia.com\/blog\/wp-content\/uploads\/2022\/04\/800-0-62630cc386aa9.jpg?fit=800%2C402&ssl=1&resize=350%2C200","width":350,"height":200,"srcset":"https:\/\/i0.wp.com\/www.shqiperia.com\/blog\/wp-content\/uploads\/2022\/04\/800-0-62630cc386aa9.jpg?fit=800%2C402&ssl=1&resize=350%2C200 1x, https:\/\/i0.wp.com\/www.shqiperia.com\/blog\/wp-content\/uploads\/2022\/04\/800-0-62630cc386aa9.jpg?fit=800%2C402&ssl=1&resize=525%2C300 1.5x, https:\/\/i0.wp.com\/www.shqiperia.com\/blog\/wp-content\/uploads\/2022\/04\/800-0-62630cc386aa9.jpg?fit=800%2C402&ssl=1&resize=700%2C400 2x"},"classes":[]},{"id":73097,"url":"https:\/\/www.shqiperia.com\/blog\/putin-deklaron-se-rusia-nuk-i-refuzon-bisedimet-e-paqes-nje-nisme-afrikane-dhe-kineze-mund-te-sherbeje-si-baze\/","url_meta":{"origin":94365,"position":3},"title":"Putin deklaron se Rusia nuk i refuzon bisedimet e paqes. &#8211; Nj\u00eb nism\u00eb afrikane dhe kineze mund t\u00eb sh\u00ebrbej\u00eb si baz\u00eb","author":"Kurt Farka","date":"July 30, 2023","format":false,"excerpt":"30 Korrik 2023 Presidenti rus Vladimir Putin ka th\u00ebn\u00eb se nuk e kund\u00ebrshton iden\u00eb e bisedimeve t\u00eb paqes p\u00ebr Ukrain\u00ebn. Duke folur pas takimit me udh\u00ebheq\u00ebsit afrikan\u00eb n\u00eb Sh\u00ebn Petersburg, ai tha se nj\u00eb nism\u00eb afrikane dhe kineze mund t\u00eb sh\u00ebrbej\u00eb si baz\u00eb p\u00ebr gjetjen e paqes. Presidenti Putin tha\u2026","rel":"","context":"In &quot;Blogu i Udh\u00ebtarit&quot;","block_context":{"text":"Blogu i Udh\u00ebtarit","link":"https:\/\/www.shqiperia.com\/blog\/category\/blogu-i-udhetarit\/"},"img":{"alt_text":"","src":"https:\/\/i0.wp.com\/www.shqiperia.com\/blog\/wp-content\/uploads\/2023\/07\/Download-1-1.jpg?resize=350%2C200&ssl=1","width":350,"height":200,"srcset":"https:\/\/i0.wp.com\/www.shqiperia.com\/blog\/wp-content\/uploads\/2023\/07\/Download-1-1.jpg?resize=350%2C200&ssl=1 1x, https:\/\/i0.wp.com\/www.shqiperia.com\/blog\/wp-content\/uploads\/2023\/07\/Download-1-1.jpg?resize=525%2C300&ssl=1 1.5x, https:\/\/i0.wp.com\/www.shqiperia.com\/blog\/wp-content\/uploads\/2023\/07\/Download-1-1.jpg?resize=700%2C400&ssl=1 2x"},"classes":[]},{"id":91899,"url":"https:\/\/www.shqiperia.com\/blog\/takimi-koke-me-koke-me-zelenskyn-reagon-trump-kuptova-se-putin-nuk-deshiron-ti-jape-fund-luftes\/","url_meta":{"origin":94365,"position":4},"title":"Takimi \u2018kok\u00eb m\u00eb kok\u00eb\u2019 me Zelenskyn. Reagon Trump: &#8211; Kuptova se Putin nuk d\u00ebshiron t\u2019i jap\u00eb fund luft\u00ebs","author":"Kurt Farka","date":"April 27, 2025","format":false,"excerpt":"27 Prill 2025 Presidenti i SHBA Donald Trump ka b\u00ebr\u00eb nj\u00eb postim n\u00eb rrjetet sociale pas takimit t\u00eb tij me Volodymyr Zelenskky brenda Bazilik\u00ebs s\u00eb Sh\u00ebn Pjetrit m\u00ebngjesin e sot\u00ebm. Pasi kritikoi New York Times p\u00ebr mbulimin e p\u00ebrpjekjeve t\u00eb tij p\u00ebr t\u00eb nd\u00ebrmjet\u00ebsuar paqen n\u00eb Evrop\u00eb, Trump thot\u00eb se:\u2026","rel":"","context":"In &quot;Blogu i Udh\u00ebtarit&quot;","block_context":{"text":"Blogu i Udh\u00ebtarit","link":"https:\/\/www.shqiperia.com\/blog\/category\/blogu-i-udhetarit\/"},"img":{"alt_text":"","src":"https:\/\/i0.wp.com\/www.shqiperia.com\/blog\/wp-content\/uploads\/2025\/04\/16252980_042624-getty-trump-zelenskyy-rome-img.jpg?fit=1200%2C728&ssl=1&resize=350%2C200","width":350,"height":200,"srcset":"https:\/\/i0.wp.com\/www.shqiperia.com\/blog\/wp-content\/uploads\/2025\/04\/16252980_042624-getty-trump-zelenskyy-rome-img.jpg?fit=1200%2C728&ssl=1&resize=350%2C200 1x, https:\/\/i0.wp.com\/www.shqiperia.com\/blog\/wp-content\/uploads\/2025\/04\/16252980_042624-getty-trump-zelenskyy-rome-img.jpg?fit=1200%2C728&ssl=1&resize=525%2C300 1.5x, https:\/\/i0.wp.com\/www.shqiperia.com\/blog\/wp-content\/uploads\/2025\/04\/16252980_042624-getty-trump-zelenskyy-rome-img.jpg?fit=1200%2C728&ssl=1&resize=700%2C400 2x, https:\/\/i0.wp.com\/www.shqiperia.com\/blog\/wp-content\/uploads\/2025\/04\/16252980_042624-getty-trump-zelenskyy-rome-img.jpg?fit=1200%2C728&ssl=1&resize=1050%2C600 3x"},"classes":[]},{"id":89864,"url":"https:\/\/www.shqiperia.com\/blog\/macron-paqja-sduhet-te-nenkuptoje-nje-dorezim-te-ukraines\/","url_meta":{"origin":94365,"position":5},"title":"Macron: &#8211; Paqja s\u2019duhet t\u00eb n\u00ebnkuptoj\u00eb nj\u00eb dor\u00ebzim t\u00eb Ukrain\u00ebs","author":"Kurt Farka","date":"February 25, 2025","format":false,"excerpt":"25 Shkurt 2025 Teksa fal\u00ebnderoi presidentin e SHBA, Donald Trump, p\u00ebr miq\u00ebsin\u00eb mes Amerik\u00ebs dhe Franc\u00ebs. n\u00eb fjal\u00ebn e tij, presidenti i Franc\u00ebs, Emanuel Macron duke folur n\u00eb fr\u00ebngjisht para medias deklaroi se jan\u00eb hedhur hapa shum\u00eb thelb\u00ebsor\u00eb p\u00ebrpara n\u00eb diskutimet p\u00ebr Ukrain\u00ebn. Macron k\u00ebmb\u00ebngul se Evropa nuk \u00ebsht\u00eb shmangur\u2026","rel":"","context":"In &quot;Blogu i Udh\u00ebtarit&quot;","block_context":{"text":"Blogu i Udh\u00ebtarit","link":"https:\/\/www.shqiperia.com\/blog\/category\/blogu-i-udhetarit\/"},"img":{"alt_text":"","src":"https:\/\/i0.wp.com\/www.shqiperia.com\/blog\/wp-content\/uploads\/2025\/02\/mac.jpg?fit=929%2C500&ssl=1&resize=350%2C200","width":350,"height":200,"srcset":"https:\/\/i0.wp.com\/www.shqiperia.com\/blog\/wp-content\/uploads\/2025\/02\/mac.jpg?fit=929%2C500&ssl=1&resize=350%2C200 1x, https:\/\/i0.wp.com\/www.shqiperia.com\/blog\/wp-content\/uploads\/2025\/02\/mac.jpg?fit=929%2C500&ssl=1&resize=525%2C300 1.5x, https:\/\/i0.wp.com\/www.shqiperia.com\/blog\/wp-content\/uploads\/2025\/02\/mac.jpg?fit=929%2C500&ssl=1&resize=700%2C400 2x"},"classes":[]}],"_links":{"self":[{"href":"https:\/\/www.shqiperia.com\/blog\/wp-json\/wp\/v2\/posts\/94365","targetHints":{"allow":["GET"]}}],"collection":[{"href":"https:\/\/www.shqiperia.com\/blog\/wp-json\/wp\/v2\/posts"}],"about":[{"href":"https:\/\/www.shqiperia.com\/blog\/wp-json\/wp\/v2\/types\/post"}],"author":[{"embeddable":true,"href":"https:\/\/www.shqiperia.com\/blog\/wp-json\/wp\/v2\/users\/9"}],"replies":[{"embeddable":true,"href":"https:\/\/www.shqiperia.com\/blog\/wp-json\/wp\/v2\/comments?post=94365"}],"version-history":[{"count":1,"href":"https:\/\/www.shqiperia.com\/blog\/wp-json\/wp\/v2\/posts\/94365\/revisions"}],"predecessor-version":[{"id":94367,"href":"https:\/\/www.shqiperia.com\/blog\/wp-json\/wp\/v2\/posts\/94365\/revisions\/94367"}],"wp:featuredmedia":[{"embeddable":true,"href":"https:\/\/www.shqiperia.com\/blog\/wp-json\/wp\/v2\/media\/94366"}],"wp:attachment":[{"href":"https:\/\/www.shqiperia.com\/blog\/wp-json\/wp\/v2\/media?parent=94365"}],"wp:term":[{"taxonomy":"category","embeddable":true,"href":"https:\/\/www.shqiperia.com\/blog\/wp-json\/wp\/v2\/categories?post=94365"},{"taxonomy":"post_tag","embeddable":true,"href":"https:\/\/www.shqiperia.com\/blog\/wp-json\/wp\/v2\/tags?post=94365"}],"curies":[{"name":"wp","href":"https:\/\/api.w.org\/{rel}","templated":true}]}}