{"id":94361,"date":"2025-10-23T00:52:57","date_gmt":"2025-10-23T00:52:57","guid":{"rendered":"https:\/\/www.shqiperia.com\/blog\/?p=94361"},"modified":"2025-10-23T00:53:10","modified_gmt":"2025-10-23T00:53:10","slug":"pse-miti-i-origjines-se-romes-ngre-me-shume-pyetje-se-cjep-pergjigje","status":"publish","type":"post","link":"https:\/\/www.shqiperia.com\/blog\/pse-miti-i-origjines-se-romes-ngre-me-shume-pyetje-se-cjep-pergjigje\/","title":{"rendered":"Pse miti i origjin\u00ebs s\u00eb Rom\u00ebs ngre m\u00eb shum\u00eb pyetje se \u00e7&#8217;jep p\u00ebrgjigje"},"content":{"rendered":"<p><img data-recalc-dims=\"1\" loading=\"lazy\" decoding=\"async\" data-attachment-id=\"94362\" data-permalink=\"https:\/\/www.shqiperia.com\/blog\/pse-miti-i-origjines-se-romes-ngre-me-shume-pyetje-se-cjep-pergjigje\/auto_screenshot_2025-10-20_1437341760964078\/\" data-orig-file=\"https:\/\/i0.wp.com\/www.shqiperia.com\/blog\/wp-content\/uploads\/2025\/10\/auto_Screenshot_2025-10-20_1437341760964078.png?fit=900%2C668&amp;ssl=1\" data-orig-size=\"900,668\" data-comments-opened=\"1\" data-image-meta=\"{&quot;aperture&quot;:&quot;0&quot;,&quot;credit&quot;:&quot;&quot;,&quot;camera&quot;:&quot;&quot;,&quot;caption&quot;:&quot;&quot;,&quot;created_timestamp&quot;:&quot;0&quot;,&quot;copyright&quot;:&quot;&quot;,&quot;focal_length&quot;:&quot;0&quot;,&quot;iso&quot;:&quot;0&quot;,&quot;shutter_speed&quot;:&quot;0&quot;,&quot;title&quot;:&quot;&quot;,&quot;orientation&quot;:&quot;0&quot;}\" data-image-title=\"auto_Screenshot_2025-10-20_1437341760964078\" data-image-description=\"\" data-image-caption=\"\" data-medium-file=\"https:\/\/i0.wp.com\/www.shqiperia.com\/blog\/wp-content\/uploads\/2025\/10\/auto_Screenshot_2025-10-20_1437341760964078.png?fit=300%2C223&amp;ssl=1\" data-large-file=\"https:\/\/i0.wp.com\/www.shqiperia.com\/blog\/wp-content\/uploads\/2025\/10\/auto_Screenshot_2025-10-20_1437341760964078.png?fit=900%2C668&amp;ssl=1\" class=\"alignnone  wp-image-94362\" alt=\"\" src=\"https:\/\/i0.wp.com\/www.shqiperia.com\/blog\/wp-content\/uploads\/2025\/10\/auto_Screenshot_2025-10-20_1437341760964078.png?resize=612%2C455&#038;ssl=1\" width=\"612\" height=\"455\" srcset=\"https:\/\/i0.wp.com\/www.shqiperia.com\/blog\/wp-content\/uploads\/2025\/10\/auto_Screenshot_2025-10-20_1437341760964078.png?resize=300%2C223&amp;ssl=1 300w, https:\/\/i0.wp.com\/www.shqiperia.com\/blog\/wp-content\/uploads\/2025\/10\/auto_Screenshot_2025-10-20_1437341760964078.png?resize=768%2C570&amp;ssl=1 768w, https:\/\/i0.wp.com\/www.shqiperia.com\/blog\/wp-content\/uploads\/2025\/10\/auto_Screenshot_2025-10-20_1437341760964078.png?resize=450%2C334&amp;ssl=1 450w, https:\/\/i0.wp.com\/www.shqiperia.com\/blog\/wp-content\/uploads\/2025\/10\/auto_Screenshot_2025-10-20_1437341760964078.png?resize=600%2C445&amp;ssl=1 600w, https:\/\/i0.wp.com\/www.shqiperia.com\/blog\/wp-content\/uploads\/2025\/10\/auto_Screenshot_2025-10-20_1437341760964078.png?resize=400%2C297&amp;ssl=1 400w, https:\/\/i0.wp.com\/www.shqiperia.com\/blog\/wp-content\/uploads\/2025\/10\/auto_Screenshot_2025-10-20_1437341760964078.png?w=900&amp;ssl=1 900w\" sizes=\"auto, (max-width: 612px) 100vw, 612px\" \/><\/p>\n<p><span><strong>23 Tetor 2025<\/strong><\/span><\/p>\n<p><span><strong>Nga Andrea Frediani &#8211; National Geographic\/<\/strong><\/span><\/p>\n<p>Ndryshe nga qytetet e themeluara nga pushtuesit, Roma ka t\u00eb ngjar\u00eb t\u00eb ket\u00eb lindur p\u00ebrmes sinoikizmit, bashkimit gradual t\u00eb fshatrave fqinj\u00eb, t\u00eb shtyr\u00eb nga nevojat p\u00ebr mbrojtje dhe tregti. Megjithat\u00eb, legjendat e themelimit t\u00eb saj jan\u00eb shum\u00eb m\u00eb t\u00ebrheq\u00ebse se kjo e v\u00ebrtet\u00eb e zakonshme.<\/p>\n<p>Historiani romak Livi e trajtoi me men\u00e7uri k\u00ebt\u00eb kontradikt\u00eb n\u00eb vepr\u00ebn e tij Ab Urbe Condita: &#8220;Nuk kam nd\u00ebr mend as t\u00eb pohoj, as t\u00eb mohoj legjendat q\u00eb lidhen me koh\u00ebn para themelimit t\u00eb Rom\u00ebs apo me vet\u00eb themelimin, sepse jan\u00eb rr\u00ebfime poetike m\u00eb shum\u00eb se d\u00ebshmi t\u00eb besueshme t\u00eb ngjarjeve historike.&#8221; Livi e pranoi se romak\u00ebt kishin t\u00eb drejt\u00eb ta fisnik\u00ebronin origjin\u00ebn e tyre, duke nd\u00ebrthurur veprat njer\u00ebzore me aktet hyjnore.<\/p>\n<p>Historian\u00ebt grek\u00eb dhe romak\u00eb q\u00eb p\u00ebrcoll\u00ebn mitet e Rom\u00ebs ishin vet\u00eb skeptik\u00eb ndaj k\u00ebtyre tregimeve. Ata u mb\u00ebshtet\u00ebn n\u00eb legjenda gojore q\u00eb ishin grumbulluar p\u00ebr t\u00eb justifikuar fuqin\u00eb e jasht\u00ebzakonshme t\u00eb Rom\u00ebs. Duke krahasuar versionet e ndryshme, mund t\u00eb kuptojm\u00eb se sa e v\u00ebrtet\u00eb fshihet pas rr\u00ebfimeve p\u00ebr luft\u00ebn civile midis v\u00ebllez\u00ebrve Romul dhe Rem, t\u00eb cil\u00ebt m\u00eb par\u00eb ishin bashkuar p\u00ebr t&#8217;i sjell\u00eb drejt\u00ebsi familjes s\u00eb tyre.<\/p>\n<p><span><strong>Gjurm\u00ebt m\u00eb t\u00eb hershme t\u00eb mitit<\/strong><\/span><\/p>\n<p><img data-recalc-dims=\"1\" decoding=\"async\" alt=\"Image\" src=\"https:\/\/i0.wp.com\/www.syri.net\/uploads\/syri.net\/images\/2025\/October\/20\/auto_Screenshot_2025-10-20_1435051760964074.png?ssl=1\" \/><\/p>\n<p>Megjith\u00ebse historia p\u00ebrmend ngjarje q\u00eb ndodh\u00ebn tre shekuj m\u00eb par\u00eb, miti i Romulit dhe Remit filloi t\u00eb qarkulloj\u00eb rreth shekullit t\u00eb pest\u00eb para Krishtit \u00a0n\u00eb rrethet greke t\u00eb mahnitura nga ngritja e jasht\u00ebzakonshme e Rom\u00ebs, q\u00eb kishte qen\u00eb nj\u00eb qytet i par\u00ebnd\u00ebsish\u00ebm pran\u00eb lumit Tiber. Fillimisht, grek\u00ebt e njihnin themeluesin si Rhomos, q\u00eb romak\u00ebt e quanin Romul. Gjat\u00eb shekullit pasues, u shfaq nj\u00eb figur\u00eb tjet\u00ebr, dhe Romuli u b\u00eb gjyshi i Rhomos-it. Me kalimin e koh\u00ebs, Rhomos u zhduk plot\u00ebsisht dhe u z\u00ebvend\u00ebsua nga Remi, v\u00ebllai binjak i Romulit.<\/p>\n<p>Historiani grek Plutarku shkroi se Diokliu nga Peparethu ishte i pari q\u00eb krijoi nj\u00eb rr\u00ebfim t\u00eb lidhur p\u00ebr Rhomos-in dhe pasardh\u00ebsit e tij n\u00eb shekullin e tret\u00eb para Krishtit, t\u00eb ndjekur nga Kuint Fabius Piktori, vepra Annales e t\u00eb cilit \u00ebsht\u00eb ruajtur vet\u00ebm n\u00eb fragmente.<\/p>\n<p>D\u00ebshmia m\u00eb e vjet\u00ebr e mbijetuar p\u00ebr binjak\u00ebt vjen nga statuja q\u00eb paraqesin nj\u00eb ujkonj\u00eb q\u00eb ushqen dy foshnja, t\u00eb ngritura n\u00eb vitin 296 para Krishtit p\u00ebr t\u00eb p\u00ebrkujtuar em\u00ebrimin e dy v\u00ebllez\u00ebrve si magjistrat\u00eb.<\/p>\n<p>Figurat e Romulit dhe Remit u krijuan brenda nj\u00eb konteksti kulturor grek, q\u00eb p\u00ebrfshinte n\u00eb m\u00ebnyr\u00eb t\u00eb pashmangshme referenca ndaj per\u00ebndive olimpike dhe Luft\u00ebs s\u00eb Troj\u00ebs. Gjat\u00eb epok\u00ebs s\u00eb Augustit, disa autor\u00eb rind\u00ebrtuan sag\u00ebn epike, p\u00ebrfshir\u00eb Mark Terenc Varron, Dionisin e Halikarnasit dhe Livin. Vepra Ab Urbe Condita e Livit, e cila fillimisht p\u00ebrb\u00ebhej nga 142 libra (35 prej t\u00eb cil\u00ebve jan\u00eb ruajtur), paraqet nj\u00eb version t\u00eb plot\u00eb dhe t\u00eb lidhur t\u00eb mitit themelues t\u00eb Rom\u00ebs. Varros i atribuohet p\u00ebrcaktimi i dat\u00ebs zyrtare t\u00eb themelimit: 21 prill, 753 para Krishtit, llogaritur duke i dh\u00ebn\u00eb secilit nga shtat\u00eb mbret\u00ebrit e par\u00eb t\u00eb Rom\u00ebs nj\u00eb mbret\u00ebrim prej 35 vjet\u00ebsh, deri n\u00eb themelimin e Republik\u00ebs m\u00eb 509 para Krishtit. Edhe pse autor\u00eb t\u00eb tjer\u00eb propozuan llogaritje t\u00eb ndryshme, kronologjia e Varros mbizot\u00ebroi.<\/p>\n<p><span><strong>Paraardh\u00ebsit trojan\u00eb<\/strong><\/span><\/p>\n<p><img data-recalc-dims=\"1\" decoding=\"async\" alt=\"Image\" src=\"https:\/\/i0.wp.com\/www.syri.net\/uploads\/syri.net\/images\/2025\/October\/20\/auto_Screenshot_2025-10-20_1435271760964074.png?ssl=1\" \/><\/p>\n<p>Miti fillon me Enean, heroin trojan q\u00eb u arratis nga qyteti n\u00eb flak\u00eb bashk\u00eb me baban\u00eb e tij Ankizin dhe djalin Askani (t\u00eb quajtur edhe Jul). Arratisja e tij daton n\u00eb vitin 1184 para Krishtit, mbi kat\u00ebr shekuj para Romulit dhe Remit. Perandori August ia ngarkoi poetit Virgjil detyr\u00ebn p\u00ebr t\u00eb lavd\u00ebruar origjin\u00ebn e gens Julias, duke rr\u00ebfyer udh\u00ebtimet e Eneas, t\u00eb ngjashme me ato t\u00eb Uliksit.<\/p>\n<p>Pasi zbarkoi n\u00eb rajonin e Latiumit n\u00eb Itali, Enea luftoi me popujt vendas, por n\u00eb fund b\u00ebri paqe duke u martuar me Lavinian, vajz\u00ebn e mbretit Latin, dhe themeloi qytetin Lavinium.<\/p>\n<p>Miti vazhdon me Askaniun, i cili 30 vjet m\u00eb von\u00eb themeloi qytetin Alba Longa, pran\u00eb vendit ku sot ndodhet Castel Gandolfo, megjith\u00ebse historian\u00ebt nuk kan\u00eb mundur kurr\u00eb ta identifikojn\u00eb me sakt\u00ebsi.<\/p>\n<p>Shekuj m\u00eb von\u00eb, Proka, nj\u00eb pasardh\u00ebs i Askaniut, shpiku nj\u00eb sistem p\u00ebr ndarjen e pushtetit mes dy bijve t\u00eb tij: ia la mbret\u00ebrin\u00eb Numitorit dhe thesarin mbret\u00ebror Amuliut. Por kjo doli p\u00ebr keq, parat\u00eb blen\u00eb mbret\u00ebrin\u00eb. Amuliu uzurpoi fronin, duke e l\u00ebn\u00eb Numitorin n\u00eb pozit\u00eb dyt\u00ebsore. Duke u frik\u00ebsuar nga hakmarrja, ai vrau nipin e tij Aegestin dhe e detyroi mbes\u00ebn Rhea Silvia t\u00eb b\u00ebhej virgj\u00ebresh\u00eb vestale, duke e d\u00ebnuar me beqari t\u00eb p\u00ebrjetshme.<\/p>\n<p><span><strong>Pasardh\u00ebsit e Marsit<\/strong><\/span><\/p>\n<p><img data-recalc-dims=\"1\" decoding=\"async\" alt=\"Image\" src=\"https:\/\/i0.wp.com\/www.syri.net\/uploads\/syri.net\/images\/2025\/October\/20\/auto_Screenshot_2025-10-20_1435481760964075.png?ssl=1\" \/><\/p>\n<p>Virgj\u00ebreshat vestale sh\u00ebrbenin p\u00ebr 30 vjet duke ruajtur zjarrin e shenjt\u00eb t\u00eb Vest\u00ebs. Sipas Livit, planet e Amuliut d\u00ebshtuan. Rhea Silvia pohoi se ishte ngjizur nga per\u00ebndia Mars dhe lindi binjak\u00eb. Disa versione sugjerojn\u00eb se ajo u p\u00ebrdhunua. Livi shkruan: &#8220;As per\u00ebndit\u00eb, as njer\u00ebzit nuk arrit\u00ebn ta mbronin at\u00eb dhe f\u00ebmij\u00ebt e saj nga mizoria e mbretit.&#8221;<\/p>\n<p>I t\u00ebrbuar, Amuliu urdh\u00ebroi q\u00eb foshnjat t\u00eb mbyteshin. Njer\u00ebzit e tij thjesht i vendos\u00ebn n\u00eb nj\u00eb shport\u00eb dhe e hodh\u00ebn n\u00eb uj\u00ebrat e qeta t\u00eb Tiberit, nj\u00eb motiv i p\u00ebrs\u00ebritur n\u00eb mitet e lashta q\u00eb simbolizon mbrojtjen hyjnore. Para binjak\u00ebve, edhe Moisiu e Sargoni i Akadit ishin shp\u00ebtuar n\u00eb t\u00eb nj\u00ebjt\u00ebn m\u00ebnyr\u00eb.<\/p>\n<p>Shporta u ndal pran\u00eb fikusit legjendar Ficus Ruminalis, n\u00eb k\u00ebmb\u00ebt e kodr\u00ebs Palatine. Nj\u00eb ujkonj\u00eb iu afrua foshnjave p\u00ebr t&#8217;i ushqyer dhe m\u00eb pas i \u00e7oi n\u00eb nj\u00eb shpell\u00eb t\u00eb quajtur Lupercal, ku i ruante nj\u00eb qukapik, q\u00eb ishte i shenjt\u00eb p\u00ebr Marsin. Barinjt\u00eb i pan\u00eb k\u00ebto si shenja hyjnore.<\/p>\n<p>Faustuli, nj\u00eb bari derrash, i mori binjak\u00ebt dhe ia besoi gruas s\u00eb tij, Aka Larentias. Livi n\u00ebnkupton se ujkonja mund t\u00eb jet\u00eb nj\u00eb metafor\u00eb p\u00ebr nj\u00eb prostitut\u00eb, pasi n\u00eb Rom\u00eb grat\u00eb e tilla quheshin lupae (ujkonj\u00eb).<\/p>\n<p>Dionisi ofron nj\u00eb version tjet\u00ebr: vet\u00eb Numitori ua kishte dor\u00ebzuar binjak\u00ebt Faustulit, pasi kishte z\u00ebvend\u00ebsuar djemt\u00eb e Rhea Silvias me foshnja t\u00eb tjera p\u00ebr ta mashtruar Amuliun.<\/p>\n<p><span><strong>Rimarrja e Rom\u00ebs<\/strong><\/span><\/p>\n<p><img data-recalc-dims=\"1\" decoding=\"async\" alt=\"Image\" src=\"https:\/\/i0.wp.com\/www.syri.net\/uploads\/syri.net\/images\/2025\/October\/20\/auto_Screenshot_2025-10-20_1436041760964075.png?ssl=1\" \/><\/p>\n<p>Romuli dhe Remi u rrit\u00ebn t\u00eb fort\u00eb dhe t\u00eb guximsh\u00ebm, t\u00eb njohur p\u00ebr bastisjet ndaj fshatrave fqinj. S\u00eb shpejti, ata u p\u00ebrfshin\u00eb n\u00eb p\u00ebrleshje midis barinjve besnik\u00eb ndaj Amuliut dhe atyre t\u00eb Numitorit, duke luftuar p\u00ebr tok\u00eb dhe bag\u00ebti.<\/p>\n<p>Remi u kap nga njer\u00ebzit e Numitorit. Kur e soll\u00ebn para Amuliut, mbreti ia dor\u00ebzoi p\u00ebrs\u00ebri Numitorit p\u00ebr nd\u00ebshkim. Por n\u00eb vend t\u00eb k\u00ebsaj, Numitori filloi t\u00eb hetoj\u00eb origjin\u00ebn e t\u00eb riut. Remi i tregoi historin\u00eb e tij, i mahnitur nga drejt\u00ebsia e Numitorit n\u00eb krahasim me mizorin\u00eb e Amuliut.<\/p>\n<p><img data-recalc-dims=\"1\" decoding=\"async\" alt=\"Image\" src=\"https:\/\/i0.wp.com\/www.syri.net\/uploads\/syri.net\/images\/2025\/October\/20\/auto_Screenshot_2025-10-20_1436381760964077.png?ssl=1\" \/><\/p>\n<p>Duke njohur shpirtin e vendosur t\u00eb Remit, Numitori e ndihmoi t\u00eb zbulonte t\u00eb v\u00ebrtet\u00ebn. Nd\u00ebrkoh\u00eb, Romuli, i cili kishte mbledhur barinj, skllev\u00ebr dhe t\u00eb arratisur, iu afrua Numitorit me prova t\u00eb tjera. Nip\u00ebrit vendos\u00ebn t\u00eb sulmonin fortes\u00ebn e Amuliut. Megjith\u00ebse Amuliu arriti t\u00eb m\u00ebsonte t\u00eb v\u00ebrtet\u00ebn nga Faustuli dhe u p\u00ebrpoq t&#8217;i arrestonte, t\u00eb rinjt\u00eb udh\u00ebhoq\u00ebn ushtrin\u00eb e tyre t\u00eb vog\u00ebl drejt fitores: pushtuan pallatin, vran\u00eb Amuliun, rikthyen gjyshin e tyre n\u00eb fron dhe \u00e7liruan n\u00ebn\u00ebn e tyre.<\/p>\n<p>Nj\u00eb version e paraqet Numitorin si shp\u00ebtimtar t\u00eb binjak\u00ebve; nj\u00eb tjet\u00ebr sugjeron se ai e kishte organizuar gjith\u00e7ka p\u00ebr hakmarrje. K\u00ebshtu, traditat e ndryshme e paraqesin Numitorin her\u00eb si k\u00ebshilltar t\u00eb qet\u00eb, her\u00eb si strateg t\u00eb zgjuar.<\/p>\n","protected":false},"excerpt":{"rendered":"<p>23 Tetor 2025 Nga Andrea Frediani &#8211; National Geographic\/ Ndryshe nga qytetet e themeluara nga pushtuesit, Roma ka t\u00eb ngjar\u00eb t\u00eb ket\u00eb lindur p\u00ebrmes sinoikizmit, bashkimit gradual t\u00eb fshatrave fqinj\u00eb, t\u00eb shtyr\u00eb nga nevojat p\u00ebr mbrojtje dhe tregti. Megjithat\u00eb, legjendat e themelimit t\u00eb saj jan\u00eb shum\u00eb m\u00eb t\u00ebrheq\u00ebse se kjo e v\u00ebrtet\u00eb e zakonshme. Historiani [&hellip;]<\/p>\n","protected":false},"author":9,"featured_media":94362,"comment_status":"open","ping_status":"open","sticky":false,"template":"","format":"standard","meta":{"jetpack_post_was_ever_published":false,"_jetpack_newsletter_access":"","_jetpack_dont_email_post_to_subs":false,"_jetpack_newsletter_tier_id":0,"_jetpack_memberships_contains_paywalled_content":false,"_jetpack_memberships_contains_paid_content":false,"footnotes":"","jetpack_publicize_message":"","jetpack_publicize_feature_enabled":true,"jetpack_social_post_already_shared":true,"jetpack_social_options":{"image_generator_settings":{"template":"highway","default_image_id":0,"font":"","enabled":false},"version":2}},"categories":[27,85,10,14],"tags":[],"class_list":["post-94361","post","type-post","status-publish","format-standard","has-post-thumbnail","hentry","category-blogu-i-udhetarit","category-histori","category-kultura","category-press-releases"],"jetpack_publicize_connections":[],"jetpack_featured_media_url":"https:\/\/i0.wp.com\/www.shqiperia.com\/blog\/wp-content\/uploads\/2025\/10\/auto_Screenshot_2025-10-20_1437341760964078.png?fit=900%2C668&ssl=1","jetpack_sharing_enabled":true,"jetpack_shortlink":"https:\/\/wp.me\/p5Z6wp-oxX","jetpack-related-posts":[{"id":53,"url":"https:\/\/www.shqiperia.com\/blog\/maqedonise-po-i-shtirren-rezervat-e-themelimit-te-shtetit-falco\/","url_meta":{"origin":94361,"position":0},"title":"Maqedonis\u00eb po i shtirren rezervat   e themelimit t\u00eb shtetit  falco!","author":"Asllan Dibrani","date":"April 28, 2015","format":false,"excerpt":"Se kriza politike n\u00eb Maqedoni po merr dita dit\u00ebs p\u00ebrmasa ma dramatike nuk ka dyshim! Keq\u00ebsimin e situat\u00ebs atje,po\u00a0 e nxisin forcat maqedonase duke provokuar dhe duke ndjek nj\u00eb\u00a0 diskriminim ndaj shqiptar\u00ebve. Forcat e tyre po e ngacmojn\u00eb griazin,ku nuk po i din\u00eb hallin vetes s\u00eb vet ngase jan\u00eb t\u00eb\u2026","rel":"","context":"In &quot;Politika&quot;","block_context":{"text":"Politika","link":"https:\/\/www.shqiperia.com\/blog\/category\/politika\/"},"img":{"alt_text":"","src":"","width":0,"height":0},"classes":[]},{"id":39094,"url":"https:\/\/www.shqiperia.com\/blog\/shqiptaret-pjese-e-cosa-nostras-sekuestrohen-14-restorante-luksoze-ne-qender-te-romes\/","url_meta":{"origin":94361,"position":1},"title":"\u201cShqiptar\u00ebt pjes\u00eb e Cosa Nostras\u201d, sekuestrohen 14 restorante luksoze n\u00eb qend\u00ebr t\u00eb Rom\u00ebs","author":"Kurt Farka","date":"September 30, 2020","format":false,"excerpt":"\u201cShqiptar\u00ebt pjes\u00eb e Cosa Nostras\u201d, sekuestrohen 14 restorante luksoze n\u00eb qend\u00ebr t\u00eb Rom\u00ebs 30 SHTATOR 2020 Klani mafioz i \u201cCamorra\u201d kishte sht\u00ebn\u00eb n\u00eb dor\u00eb 14 restorante luksoze n\u00eb qend\u00ebr t\u00eb Rom\u00ebs, t\u00eb pakt\u00ebn k\u00ebshtu ka rezultuar nga hetimi i karabinier\u00ebve, q\u00eb \u00e7oi n\u00eb arrestimin e 13 personave gjat\u00eb dit\u00ebs s\u00eb\u2026","rel":"","context":"In &quot;Blogu i Udh\u00ebtarit&quot;","block_context":{"text":"Blogu i Udh\u00ebtarit","link":"https:\/\/www.shqiperia.com\/blog\/category\/blogu-i-udhetarit\/"},"img":{"alt_text":"","src":"https:\/\/i0.wp.com\/www.shqiperia.com\/blog\/wp-content\/uploads\/2020\/09\/640-0-5f74230d3b3f5.jpg?fit=640%2C334&ssl=1&resize=350%2C200","width":350,"height":200,"srcset":"https:\/\/i0.wp.com\/www.shqiperia.com\/blog\/wp-content\/uploads\/2020\/09\/640-0-5f74230d3b3f5.jpg?fit=640%2C334&ssl=1&resize=350%2C200 1x, https:\/\/i0.wp.com\/www.shqiperia.com\/blog\/wp-content\/uploads\/2020\/09\/640-0-5f74230d3b3f5.jpg?fit=640%2C334&ssl=1&resize=525%2C300 1.5x"},"classes":[]},{"id":66115,"url":"https:\/\/www.shqiperia.com\/blog\/cfare-ka-ndodhur-me-gjysmen-tjeter-te-koloseut-qe-mungon\/","url_meta":{"origin":94361,"position":2},"title":"\u00c7far\u00eb ka ndodhur me gjysm\u00ebn tjet\u00ebr t\u00eb Koloseut q\u00eb mungon?!","author":"Kurt Farka","date":"January 9, 2023","format":false,"excerpt":"9 Janar 2023 E keni pyetur ndonj\u00ebher\u00eb veten kur e keni par\u00eb Koloseun se \u00e7far\u00eb mund t\u00eb ket\u00eb ndodhur me gjysm\u00ebn tjet\u00ebr?! Ju mund t\u00eb shpenzoni qindra dollar\u00eb p\u00ebr t\u00eb shkuar n\u00eb Rom\u00eb p\u00ebr t\u00eb vizituar Koloseun, ose mund t\u00eb kaloni me makin\u00eb p\u00ebrpara tij \u00e7do dit\u00eb dhe kurr\u00eb t\u00eb\u2026","rel":"","context":"In &quot;Blogu i Udh\u00ebtarit&quot;","block_context":{"text":"Blogu i Udh\u00ebtarit","link":"https:\/\/www.shqiperia.com\/blog\/category\/blogu-i-udhetarit\/"},"img":{"alt_text":"","src":"https:\/\/i0.wp.com\/www.shqiperia.com\/blog\/wp-content\/uploads\/2023\/01\/Koloseu-Rome.jpg?fit=640%2C370&ssl=1&resize=350%2C200","width":350,"height":200,"srcset":"https:\/\/i0.wp.com\/www.shqiperia.com\/blog\/wp-content\/uploads\/2023\/01\/Koloseu-Rome.jpg?fit=640%2C370&ssl=1&resize=350%2C200 1x, https:\/\/i0.wp.com\/www.shqiperia.com\/blog\/wp-content\/uploads\/2023\/01\/Koloseu-Rome.jpg?fit=640%2C370&ssl=1&resize=525%2C300 1.5x"},"classes":[]},{"id":85059,"url":"https:\/\/www.shqiperia.com\/blog\/dervishet-ne-trojet-bullgare-misteret-rreth-teqese-se-fshatit-bivoljane-sipas-kujtimeve-dhe-legjendave\/","url_meta":{"origin":94361,"position":3},"title":"Dervish\u00ebt n\u00eb trojet Bullgare &#8211; misteret rreth teqes\u00eb s\u00eb fshatit Bivoljane sipas kujtimeve dhe legjendave","author":"Kurt Farka","date":"September 26, 2024","format":false,"excerpt":"26 Shtator 2024 \"....Sipas banor\u00ebve vendas varri i Fatimes \u2013 vajz\u00ebs s\u00eb dashur t\u00eb profetit Muhamed \u2013 ndodhet n\u00eb kete teqe....\" Sipas dokumenteve osmane,\u00a0af\u00ebr fshatit t\u00eb sot\u00ebm Bivoljane n\u00eb komun\u00ebn e Mom\u00e7illgradit (Bullgaria Jugore) jetonin m\u00eb shum\u00eb se 500 dervish\u00eb, t\u00eb cil\u00ebt u trajnuan n\u00eb teqen Elmala Baba. Qendra fetare\u2026","rel":"","context":"In &quot;Blogu i Udh\u00ebtarit&quot;","block_context":{"text":"Blogu i Udh\u00ebtarit","link":"https:\/\/www.shqiperia.com\/blog\/category\/blogu-i-udhetarit\/"},"img":{"alt_text":"","src":"https:\/\/i0.wp.com\/www.shqiperia.com\/blog\/wp-content\/uploads\/2024\/09\/461285362_3981343038755636_8035053727905109698_n.jpg?fit=1200%2C900&ssl=1&resize=350%2C200","width":350,"height":200,"srcset":"https:\/\/i0.wp.com\/www.shqiperia.com\/blog\/wp-content\/uploads\/2024\/09\/461285362_3981343038755636_8035053727905109698_n.jpg?fit=1200%2C900&ssl=1&resize=350%2C200 1x, https:\/\/i0.wp.com\/www.shqiperia.com\/blog\/wp-content\/uploads\/2024\/09\/461285362_3981343038755636_8035053727905109698_n.jpg?fit=1200%2C900&ssl=1&resize=525%2C300 1.5x, https:\/\/i0.wp.com\/www.shqiperia.com\/blog\/wp-content\/uploads\/2024\/09\/461285362_3981343038755636_8035053727905109698_n.jpg?fit=1200%2C900&ssl=1&resize=700%2C400 2x, https:\/\/i0.wp.com\/www.shqiperia.com\/blog\/wp-content\/uploads\/2024\/09\/461285362_3981343038755636_8035053727905109698_n.jpg?fit=1200%2C900&ssl=1&resize=1050%2C600 3x"},"classes":[]},{"id":31700,"url":"https:\/\/www.shqiperia.com\/blog\/coloseumi-i-romes-10-kuriozitete-per-monumentin-e-famshem\/","url_meta":{"origin":94361,"position":4},"title":"Coloseumi i Rom\u00ebs, 10 kuriozitete p\u00ebr monumentin e famsh\u00ebm","author":"Kurt Farka","date":"February 22, 2020","format":false,"excerpt":"Coloseumi i Rom\u00ebs, 10 kuriozitete p\u00ebr monumentin e famsh\u00ebm Coloseum-i \u00ebsht\u00eb monumenti me i famsh\u00ebm n\u00eb Itali dhe nj\u00eb nga m\u00eb t\u00eb famshmet n\u00eb t\u00eb gjith\u00eb bot\u00ebn. Amfiteatri gjigand \u00ebsht\u00eb nd\u00ebrtuar p\u00ebrgjat\u00eb viteve 75 deri 80 Para Krishtit. P\u00ebr perimetrin e jasht\u00ebm te tij jan\u00eb p\u00ebrdorur me shume se 100\u2026","rel":"","context":"In &quot;Blogu i Udh\u00ebtarit&quot;","block_context":{"text":"Blogu i Udh\u00ebtarit","link":"https:\/\/www.shqiperia.com\/blog\/category\/blogu-i-udhetarit\/"},"img":{"alt_text":"","src":"https:\/\/i0.wp.com\/www.shqiperia.com\/blog\/wp-content\/uploads\/2020\/02\/Koloseu-Rome.jpg?fit=905%2C450&ssl=1&resize=350%2C200","width":350,"height":200,"srcset":"https:\/\/i0.wp.com\/www.shqiperia.com\/blog\/wp-content\/uploads\/2020\/02\/Koloseu-Rome.jpg?fit=905%2C450&ssl=1&resize=350%2C200 1x, https:\/\/i0.wp.com\/www.shqiperia.com\/blog\/wp-content\/uploads\/2020\/02\/Koloseu-Rome.jpg?fit=905%2C450&ssl=1&resize=525%2C300 1.5x, https:\/\/i0.wp.com\/www.shqiperia.com\/blog\/wp-content\/uploads\/2020\/02\/Koloseu-Rome.jpg?fit=905%2C450&ssl=1&resize=700%2C400 2x"},"classes":[]},{"id":76411,"url":"https:\/\/www.shqiperia.com\/blog\/zbulohen-dhoma-antike-me-mozaike-te-vecante-prane-koloseut-te-romes\/","url_meta":{"origin":94361,"position":5},"title":"Zbulohen dhoma antike me mozaik\u00eb t\u00eb ve\u00e7ant\u00eb pran\u00eb Koloseut t\u00eb Rom\u00ebs","author":"Kurt Farka","date":"December 16, 2023","format":false,"excerpt":"16 Dhjetor 2023 Arkeolog\u00ebt kan\u00eb zbuluar disa dhoma t\u00eb nj\u00eb sht\u00ebpie t\u00eb lasht\u00eb romake me mure t\u00eb dekoruara me mozaik jo shum\u00eb larg Koloseut n\u00eb Rom\u00eb. \u201cEkspert\u00ebt e Parkut Arkeologjik t\u00eb qytetit zbuluan dhomat n\u00eb nj\u00eb vend midis Forumit Romak dhe Kodr\u00ebs Palatine, nj\u00eb nga shtat\u00eb kodrat e Rom\u00ebs\u201d, njoftoi\u2026","rel":"","context":"In &quot;Arte&quot;","block_context":{"text":"Arte","link":"https:\/\/www.shqiperia.com\/blog\/category\/arte\/"},"img":{"alt_text":"","src":"https:\/\/i0.wp.com\/www.shqiperia.com\/blog\/wp-content\/uploads\/2023\/12\/zbulohen-dhoma-antike-me-mozaike-te-vecante-prane-koloseut-te-romes.jpg?fit=1000%2C667&ssl=1&resize=350%2C200","width":350,"height":200,"srcset":"https:\/\/i0.wp.com\/www.shqiperia.com\/blog\/wp-content\/uploads\/2023\/12\/zbulohen-dhoma-antike-me-mozaike-te-vecante-prane-koloseut-te-romes.jpg?fit=1000%2C667&ssl=1&resize=350%2C200 1x, https:\/\/i0.wp.com\/www.shqiperia.com\/blog\/wp-content\/uploads\/2023\/12\/zbulohen-dhoma-antike-me-mozaike-te-vecante-prane-koloseut-te-romes.jpg?fit=1000%2C667&ssl=1&resize=525%2C300 1.5x, https:\/\/i0.wp.com\/www.shqiperia.com\/blog\/wp-content\/uploads\/2023\/12\/zbulohen-dhoma-antike-me-mozaike-te-vecante-prane-koloseut-te-romes.jpg?fit=1000%2C667&ssl=1&resize=700%2C400 2x"},"classes":[]}],"_links":{"self":[{"href":"https:\/\/www.shqiperia.com\/blog\/wp-json\/wp\/v2\/posts\/94361","targetHints":{"allow":["GET"]}}],"collection":[{"href":"https:\/\/www.shqiperia.com\/blog\/wp-json\/wp\/v2\/posts"}],"about":[{"href":"https:\/\/www.shqiperia.com\/blog\/wp-json\/wp\/v2\/types\/post"}],"author":[{"embeddable":true,"href":"https:\/\/www.shqiperia.com\/blog\/wp-json\/wp\/v2\/users\/9"}],"replies":[{"embeddable":true,"href":"https:\/\/www.shqiperia.com\/blog\/wp-json\/wp\/v2\/comments?post=94361"}],"version-history":[{"count":2,"href":"https:\/\/www.shqiperia.com\/blog\/wp-json\/wp\/v2\/posts\/94361\/revisions"}],"predecessor-version":[{"id":94364,"href":"https:\/\/www.shqiperia.com\/blog\/wp-json\/wp\/v2\/posts\/94361\/revisions\/94364"}],"wp:featuredmedia":[{"embeddable":true,"href":"https:\/\/www.shqiperia.com\/blog\/wp-json\/wp\/v2\/media\/94362"}],"wp:attachment":[{"href":"https:\/\/www.shqiperia.com\/blog\/wp-json\/wp\/v2\/media?parent=94361"}],"wp:term":[{"taxonomy":"category","embeddable":true,"href":"https:\/\/www.shqiperia.com\/blog\/wp-json\/wp\/v2\/categories?post=94361"},{"taxonomy":"post_tag","embeddable":true,"href":"https:\/\/www.shqiperia.com\/blog\/wp-json\/wp\/v2\/tags?post=94361"}],"curies":[{"name":"wp","href":"https:\/\/api.w.org\/{rel}","templated":true}]}}