{"id":94358,"date":"2025-10-23T00:46:29","date_gmt":"2025-10-23T00:46:29","guid":{"rendered":"https:\/\/www.shqiperia.com\/blog\/?p=94358"},"modified":"2025-10-23T00:46:29","modified_gmt":"2025-10-23T00:46:29","slug":"pse-pd-nuk-ka-asnje-kandidature-dash-sula-fitorja-e-flor-binajt-do-te-tregoje-qe-triumfohet-me-figura-te-pastra","status":"publish","type":"post","link":"https:\/\/www.shqiperia.com\/blog\/pse-pd-nuk-ka-asnje-kandidature-dash-sula-fitorja-e-flor-binajt-do-te-tregoje-qe-triumfohet-me-figura-te-pastra\/","title":{"rendered":"\u201cPse PD nuk ka asnj\u00eb kandidatur\u00eb?\u201d, Dash Sula: Fitorja e Flor Binajt do t\u00eb tregoj\u00eb q\u00eb triumfohet me figura t\u00eb pastra"},"content":{"rendered":"<p><img data-recalc-dims=\"1\" loading=\"lazy\" decoding=\"async\" data-attachment-id=\"94359\" data-permalink=\"https:\/\/www.shqiperia.com\/blog\/pse-pd-nuk-ka-asnje-kandidature-dash-sula-fitorja-e-flor-binajt-do-te-tregoje-qe-triumfohet-me-figura-te-pastra\/1200-630-dashnor-sula-345-1140x570\/\" data-orig-file=\"https:\/\/i0.wp.com\/www.shqiperia.com\/blog\/wp-content\/uploads\/2025\/10\/1200-630-dashnor-sula-345-1140x570-1.webp?fit=1140%2C570&amp;ssl=1\" data-orig-size=\"1140,570\" data-comments-opened=\"1\" data-image-meta=\"{&quot;aperture&quot;:&quot;0&quot;,&quot;credit&quot;:&quot;&quot;,&quot;camera&quot;:&quot;&quot;,&quot;caption&quot;:&quot;&quot;,&quot;created_timestamp&quot;:&quot;0&quot;,&quot;copyright&quot;:&quot;&quot;,&quot;focal_length&quot;:&quot;0&quot;,&quot;iso&quot;:&quot;0&quot;,&quot;shutter_speed&quot;:&quot;0&quot;,&quot;title&quot;:&quot;&quot;,&quot;orientation&quot;:&quot;0&quot;}\" data-image-title=\"1200-630-dashnor-sula-345-1140&#215;570\" data-image-description=\"\" data-image-caption=\"\" data-medium-file=\"https:\/\/i0.wp.com\/www.shqiperia.com\/blog\/wp-content\/uploads\/2025\/10\/1200-630-dashnor-sula-345-1140x570-1.webp?fit=300%2C150&amp;ssl=1\" data-large-file=\"https:\/\/i0.wp.com\/www.shqiperia.com\/blog\/wp-content\/uploads\/2025\/10\/1200-630-dashnor-sula-345-1140x570-1.webp?fit=1024%2C512&amp;ssl=1\" class=\"alignnone  wp-image-94359\" alt=\"\" src=\"https:\/\/i0.wp.com\/www.shqiperia.com\/blog\/wp-content\/uploads\/2025\/10\/1200-630-dashnor-sula-345-1140x570-1.webp?resize=702%2C351&#038;ssl=1\" width=\"702\" height=\"351\" srcset=\"https:\/\/i0.wp.com\/www.shqiperia.com\/blog\/wp-content\/uploads\/2025\/10\/1200-630-dashnor-sula-345-1140x570-1.webp?resize=300%2C150&amp;ssl=1 300w, https:\/\/i0.wp.com\/www.shqiperia.com\/blog\/wp-content\/uploads\/2025\/10\/1200-630-dashnor-sula-345-1140x570-1.webp?resize=1024%2C512&amp;ssl=1 1024w, https:\/\/i0.wp.com\/www.shqiperia.com\/blog\/wp-content\/uploads\/2025\/10\/1200-630-dashnor-sula-345-1140x570-1.webp?resize=768%2C384&amp;ssl=1 768w, https:\/\/i0.wp.com\/www.shqiperia.com\/blog\/wp-content\/uploads\/2025\/10\/1200-630-dashnor-sula-345-1140x570-1.webp?resize=450%2C225&amp;ssl=1 450w, https:\/\/i0.wp.com\/www.shqiperia.com\/blog\/wp-content\/uploads\/2025\/10\/1200-630-dashnor-sula-345-1140x570-1.webp?resize=600%2C300&amp;ssl=1 600w, https:\/\/i0.wp.com\/www.shqiperia.com\/blog\/wp-content\/uploads\/2025\/10\/1200-630-dashnor-sula-345-1140x570-1.webp?resize=400%2C200&amp;ssl=1 400w, https:\/\/i0.wp.com\/www.shqiperia.com\/blog\/wp-content\/uploads\/2025\/10\/1200-630-dashnor-sula-345-1140x570-1.webp?w=1140&amp;ssl=1 1140w\" sizes=\"auto, (max-width: 702px) 100vw, 702px\" \/><\/p>\n<p>23 Tetor 2025<\/p>\n<p>Dashnor Sula ka folur lidhur me gar\u00ebn p\u00ebr Tiran\u00ebn, ku edhe pse Kushtetuesja ka pezulluar zgjedhjet, pal\u00ebt jan\u00eb b\u00ebr\u00eb gati p\u00ebr votime.<\/p>\n<p>Zgjedhjet e pjesshme n\u00eb 9 n\u00ebntor por me fokus Tiran\u00ebn. Dash Sula ka b\u00ebr\u00eb nj\u00eb kritik\u00eb kur doli kandidatura e opozit\u00ebs, p\u00ebr aktorin Flor Binajn. Pse mendoni se ka munges\u00eb t\u00eb burimeve njer\u00ebzore nga radh\u00ebt e Partis\u00eb Demokratike?<\/p>\n<p>Opozita \u00ebsht\u00eb n\u00eb udh\u00ebkryq, kjo dihet prej vitesh q\u00eb opozita \u00ebsht\u00eb n\u00eb depresion. Figurat po tkurren \u00e7do dit\u00eb dhe po ngelen nj\u00eb grup shum\u00eb i vog\u00ebl. Skam asgj\u00eb personale madje kam qene njeriu q\u00eb kam sakrifikuar. Nuk ma lejon morali q\u00eb figura q\u00eb jan\u00eb n\u00ebn nivelin mesatar t\u00eb inteligjenc\u00ebs apo besimin t\u00eb demokrat\u00ebve t\u00eb jen\u00eb figura t\u00eb larta t\u00eb drejtojn\u00eb opozit\u00ebn. Politika \u00ebsht\u00eb imazhi q\u00eb ke si individ dhe forc\u00eb politike.<\/p>\n<p>\u00cbsht\u00eb e paimagjinueshme q\u00eb PD pas 35 vitesh t\u00eb mos ket\u00eb asnj\u00eb kandidatur\u00eb dhe t\u00eb thot\u00eb q\u00eb nuk do marr pjes\u00eb n\u00eb zgjedhje por do t\u00eb ket\u00eb figura t\u00eb pavarura. Pra, ideja q\u00eb eksiztenc\u00ebn e ka p\u00ebr t\u00eb fituar k\u00ebto zgjedhje dhe refuzon t\u00eb kandidoj\u00eb. Pse t\u00eb mos ishte Berisha kandidati i PD?<\/p>\n<p>Po b\u00ebni ironi?<\/p>\n<p>Jo. Fare. Skam asgj\u00eb personale as me Flor Binajn. Uroj t\u00eb fitoj\u00eb, por n\u00ebse fiton Florjan Binaj, at\u00ebher\u00eb Berisha, Albana Vokshi dhe Noka tregojn\u00eb se modeli i tyre \u00ebsht\u00eb i d\u00ebshtuar dhe tregon q\u00eb qytetar\u00ebt e ndersh\u00ebm fitojn\u00eb me dinjitet dhe figurat e PD mbajn\u00eb peng opozit\u00ebn.<\/p>\n","protected":false},"excerpt":{"rendered":"<p>23 Tetor 2025 Dashnor Sula ka folur lidhur me gar\u00ebn p\u00ebr Tiran\u00ebn, ku edhe pse Kushtetuesja ka pezulluar zgjedhjet, pal\u00ebt jan\u00eb b\u00ebr\u00eb gati p\u00ebr votime. Zgjedhjet e pjesshme n\u00eb 9 n\u00ebntor por me fokus Tiran\u00ebn. Dash Sula ka b\u00ebr\u00eb nj\u00eb kritik\u00eb kur doli kandidatura e opozit\u00ebs, p\u00ebr aktorin Flor Binajn. Pse mendoni se ka munges\u00eb [&hellip;]<\/p>\n","protected":false},"author":9,"featured_media":94359,"comment_status":"open","ping_status":"open","sticky":false,"template":"","format":"standard","meta":{"jetpack_post_was_ever_published":false,"_jetpack_newsletter_access":"","_jetpack_dont_email_post_to_subs":false,"_jetpack_newsletter_tier_id":0,"_jetpack_memberships_contains_paywalled_content":false,"_jetpack_memberships_contains_paid_content":false,"footnotes":"","jetpack_publicize_message":"","jetpack_publicize_feature_enabled":true,"jetpack_social_post_already_shared":true,"jetpack_social_options":{"image_generator_settings":{"template":"highway","default_image_id":0,"font":"","enabled":false},"version":2}},"categories":[27,2,35],"tags":[],"class_list":["post-94358","post","type-post","status-publish","format-standard","has-post-thumbnail","hentry","category-blogu-i-udhetarit","category-politika","category-shoqerore"],"jetpack_publicize_connections":[],"jetpack_featured_media_url":"https:\/\/i0.wp.com\/www.shqiperia.com\/blog\/wp-content\/uploads\/2025\/10\/1200-630-dashnor-sula-345-1140x570-1.webp?fit=1140%2C570&ssl=1","jetpack_sharing_enabled":true,"jetpack_shortlink":"https:\/\/wp.me\/p5Z6wp-oxU","jetpack-related-posts":[{"id":90567,"url":"https:\/\/www.shqiperia.com\/blog\/dash-sula-si-moti-fryn-jugu-ecen-para-fryn-veriu-kthehet-majtas-e\/","url_meta":{"origin":94358,"position":0},"title":"Dash Sula si moti: fryn jugu ecen para, fryn Veriu kthehet Majtas, e &#8230;","author":"Kurt Farka","date":"March 19, 2025","format":false,"excerpt":"19 Mars 2025 Deputeti i Partis\u00eb Demokratike, Dashnor Sula, ka rr\u00ebfyer n\u00eb nj\u00eb emision televiziv, se p\u00ebrse d\u00ebshtuan negociatat p\u00ebr t\u00eb qen\u00eb kandidat i koalicionit \u2018Aleanca p\u00ebr Shqip\u00ebrin\u00eb Madh\u00ebshtore\u2019 n\u00eb zgjedhjet e 11 majit. Sula tha se fillimisht nuk ka qen\u00eb kurr\u00eb n\u00eb list\u00ebn e PD-s\u00eb, as n\u00eb at\u00eb t\u00eb\u2026","rel":"","context":"In &quot;Blogu i Udh\u00ebtarit&quot;","block_context":{"text":"Blogu i Udh\u00ebtarit","link":"https:\/\/www.shqiperia.com\/blog\/category\/blogu-i-udhetarit\/"},"img":{"alt_text":"","src":"https:\/\/i0.wp.com\/www.shqiperia.com\/blog\/wp-content\/uploads\/2025\/03\/Dash-Sula-ketu-eshte-ne-Kuvend--300x167.png?resize=350%2C200&ssl=1","width":350,"height":200,"srcset":"https:\/\/i0.wp.com\/www.shqiperia.com\/blog\/wp-content\/uploads\/2025\/03\/Dash-Sula-ketu-eshte-ne-Kuvend--300x167.png?resize=350%2C200&ssl=1 1x, https:\/\/i0.wp.com\/www.shqiperia.com\/blog\/wp-content\/uploads\/2025\/03\/Dash-Sula-ketu-eshte-ne-Kuvend--300x167.png?resize=525%2C300&ssl=1 1.5x, https:\/\/i0.wp.com\/www.shqiperia.com\/blog\/wp-content\/uploads\/2025\/03\/Dash-Sula-ketu-eshte-ne-Kuvend--300x167.png?resize=700%2C400&ssl=1 2x"},"classes":[]},{"id":90630,"url":"https:\/\/www.shqiperia.com\/blog\/dashamir-sula-i-pergjigjet-berishes-e-rames-sperjashtoj-asnje-alternative-por-kam-nje-kusht-kur-ste-vlereson-shtepia-ta-di-kimetin-komshia\/","url_meta":{"origin":94358,"position":1},"title":"Dashamir Sula i p\u00ebrgjigjet Berish\u00ebs e Ram\u00ebs: &#8211; S&#8217;p\u00ebrjashtoj asnj\u00eb alternativ\u00eb, por kam nj\u00eb kusht. &#8211; Kur s\u2019t\u00eb vler\u00ebson sht\u00ebpia, ta di kimetin komshia","author":"Kurt Farka","date":"March 21, 2025","format":false,"excerpt":"21 Mars 2025 Kur nj\u00eb der\u00eb mbyllet, nj\u00eb tjet\u00ebr hapet. Si\u00e7 duket se po ndodh me Dashnor Sul\u00ebn. Deputeti i PD i mbetur jasht\u00eb listave n\u00eb nj\u00eb reagim t\u00eb par\u00eb t\u00eb dh\u00ebn\u00eb p\u00ebr Top Channel njofton se nuk do t\u00eb angazhohet politikisht n\u00eb fushat\u00eb me asnj\u00eb parti, por grumbullin e\u2026","rel":"","context":"In &quot;Blogu i Udh\u00ebtarit&quot;","block_context":{"text":"Blogu i Udh\u00ebtarit","link":"https:\/\/www.shqiperia.com\/blog\/category\/blogu-i-udhetarit\/"},"img":{"alt_text":"","src":"https:\/\/i0.wp.com\/www.shqiperia.com\/blog\/wp-content\/uploads\/2025\/03\/481246715_673994578315508_1686804941817867423_n.jpg?fit=960%2C598&ssl=1&resize=350%2C200","width":350,"height":200,"srcset":"https:\/\/i0.wp.com\/www.shqiperia.com\/blog\/wp-content\/uploads\/2025\/03\/481246715_673994578315508_1686804941817867423_n.jpg?fit=960%2C598&ssl=1&resize=350%2C200 1x, https:\/\/i0.wp.com\/www.shqiperia.com\/blog\/wp-content\/uploads\/2025\/03\/481246715_673994578315508_1686804941817867423_n.jpg?fit=960%2C598&ssl=1&resize=525%2C300 1.5x, https:\/\/i0.wp.com\/www.shqiperia.com\/blog\/wp-content\/uploads\/2025\/03\/481246715_673994578315508_1686804941817867423_n.jpg?fit=960%2C598&ssl=1&resize=700%2C400 2x"},"classes":[]},{"id":90425,"url":"https:\/\/www.shqiperia.com\/blog\/dashnor-sula-nderron-udhe-nuk-do-te-jete-kandidat-per-deputet-ne-listen-e-lapajt\/","url_meta":{"origin":94358,"position":2},"title":"Dashnor Sula nderron udhe, nuk do t\u00eb jet\u00eb kandidat p\u00ebr deputet n\u00eb list\u00ebn e Lapajt","author":"Kurt Farka","date":"March 14, 2025","format":false,"excerpt":"14 Mars 2025 Kreu i Nism\u00ebs Thurje (pjes\u00eb e koalicionit Nisma Shqip\u00ebria B\u00ebhet), Endri Shabani, \u00ebsht\u00eb shprehur se deputeti i PD-s\u00eb, Dashnor Sula, nuk do t\u00eb jet\u00eb pjes\u00eb e listave t\u00eb kandidat\u00ebve p\u00ebr deputet\u00eb t\u00eb koalicionit t\u00eb drejtuar nga Adriatik Lapaj. N\u00eb A2 CNN, Shabani tha se arsyeja q\u00eb emri\u2026","rel":"","context":"In &quot;Blogu i Udh\u00ebtarit&quot;","block_context":{"text":"Blogu i Udh\u00ebtarit","link":"https:\/\/www.shqiperia.com\/blog\/category\/blogu-i-udhetarit\/"},"img":{"alt_text":"","src":"https:\/\/i0.wp.com\/www.shqiperia.com\/blog\/wp-content\/uploads\/2025\/03\/Ketu-vetem-ketu-do-rri-300x169.webp?resize=350%2C200&ssl=1","width":350,"height":200,"srcset":"https:\/\/i0.wp.com\/www.shqiperia.com\/blog\/wp-content\/uploads\/2025\/03\/Ketu-vetem-ketu-do-rri-300x169.webp?resize=350%2C200&ssl=1 1x, https:\/\/i0.wp.com\/www.shqiperia.com\/blog\/wp-content\/uploads\/2025\/03\/Ketu-vetem-ketu-do-rri-300x169.webp?resize=525%2C300&ssl=1 1.5x, https:\/\/i0.wp.com\/www.shqiperia.com\/blog\/wp-content\/uploads\/2025\/03\/Ketu-vetem-ketu-do-rri-300x169.webp?resize=700%2C400&ssl=1 2x"},"classes":[]},{"id":90347,"url":"https:\/\/www.shqiperia.com\/blog\/berisha-dash-sula-rreshtohet-me-opoziten-e-opozites\/","url_meta":{"origin":94358,"position":3},"title":"Berisha: &#8211; Dash Sula rreshtohet me opozit\u00ebn e opozit\u00ebs","author":"Kurt Farka","date":"March 13, 2025","format":false,"excerpt":"13 Mars 2025 Kryetari i Partis\u00eb Demokratike,\u00a0Sali Berisha\u00a0pati nj\u00eb deklarat\u00eb p\u00ebr mediat k\u00ebt\u00eb t\u00eb enjte. Ai u pyet n\u00eb lidhje me vendimin p\u00ebr deputetin Dashnor Sula q\u00eb u la jasht\u00eb\u00a0listave t\u00eb PD-s\u00eb p\u00ebr zgjedhjet e 11 Majit. P\u00ebr k\u00ebt\u00eb arsye, Sula vendosi q\u00eb t\u00eb kandidoj\u00eb p\u00ebr koalicionin Nisma Shqip\u00ebria B\u00ebhet.\u2026","rel":"","context":"In &quot;Blogu i Udh\u00ebtarit&quot;","block_context":{"text":"Blogu i Udh\u00ebtarit","link":"https:\/\/www.shqiperia.com\/blog\/category\/blogu-i-udhetarit\/"},"img":{"alt_text":"","src":"https:\/\/i0.wp.com\/www.shqiperia.com\/blog\/wp-content\/uploads\/2025\/03\/Protesta-e-PD-1-300x200.jpg?resize=350%2C200&ssl=1","width":350,"height":200,"srcset":"https:\/\/i0.wp.com\/www.shqiperia.com\/blog\/wp-content\/uploads\/2025\/03\/Protesta-e-PD-1-300x200.jpg?resize=350%2C200&ssl=1 1x, https:\/\/i0.wp.com\/www.shqiperia.com\/blog\/wp-content\/uploads\/2025\/03\/Protesta-e-PD-1-300x200.jpg?resize=525%2C300&ssl=1 1.5x"},"classes":[]},{"id":71762,"url":"https:\/\/www.shqiperia.com\/blog\/ne-nje-vend-ku-te-burgosurit-votojne-100-qeverine-nuk-ka-demokraci\/","url_meta":{"origin":94358,"position":4},"title":"N\u00eb nj\u00eb vend ku t\u00eb burgosurit votojn\u00eb 100 % qeverin\u00eb, nuk ka demokraci","author":"Kurt Farka","date":"May 26, 2023","format":false,"excerpt":"26 Maji 2023 Analisti Fatos Lubonja, \u00ebsht\u00eb shprehur se n\u00eb Shqip\u00ebri nuk ka demokraci, por regjim t\u00eb kryeministrit Edi Rama. Komentet Lubonja i b\u00ebri teksa ishte i ftuar n\u00eb emisionin \u201cOpen\u201d n\u00eb News 24, ku tha se Rama ka k\u00ebrc\u00ebnuar qytetar\u00ebt p\u00ebr t\u00eb mos marr\u00eb pjes\u00eb n\u00eb zgjedhjet lokale t\u00eb\u2026","rel":"","context":"In &quot;Blogu i Udh\u00ebtarit&quot;","block_context":{"text":"Blogu i Udh\u00ebtarit","link":"https:\/\/www.shqiperia.com\/blog\/category\/blogu-i-udhetarit\/"},"img":{"alt_text":"","src":"https:\/\/i0.wp.com\/www.shqiperia.com\/blog\/wp-content\/uploads\/2023\/05\/800-0-64457fcd33205-1.jpg?fit=800%2C427&ssl=1&resize=350%2C200","width":350,"height":200,"srcset":"https:\/\/i0.wp.com\/www.shqiperia.com\/blog\/wp-content\/uploads\/2023\/05\/800-0-64457fcd33205-1.jpg?fit=800%2C427&ssl=1&resize=350%2C200 1x, https:\/\/i0.wp.com\/www.shqiperia.com\/blog\/wp-content\/uploads\/2023\/05\/800-0-64457fcd33205-1.jpg?fit=800%2C427&ssl=1&resize=525%2C300 1.5x, https:\/\/i0.wp.com\/www.shqiperia.com\/blog\/wp-content\/uploads\/2023\/05\/800-0-64457fcd33205-1.jpg?fit=800%2C427&ssl=1&resize=700%2C400 2x"},"classes":[]},{"id":71162,"url":"https:\/\/www.shqiperia.com\/blog\/rama-paralajmeron-terheqjen-nga-politika-kryeministri-deklaron-se-nuk-planifikon-mandat-tjeter-a-eshte-ultimatumi-i-escobar-shkaku-i-vendimit-te-papritur\/","url_meta":{"origin":94358,"position":5},"title":"Rama paralajm\u00ebron t\u00ebrheqjen nga politika, kryeministri deklaron se nuk planifikon mandat tjet\u00ebr. &#8211; A \u00ebsht\u00eb ultimatumi i Escobar shkaku i vendimit t\u00eb papritur","author":"Kurt Farka","date":"May 6, 2023","format":false,"excerpt":"6 Maji 2023 SHKRUAR Nga ELMAS BOGDANI Gazeta Sot. Kryeministri Edi Rama paralajmeron t\u00ebrheqjen e tij t\u00eb papritur nga politika. Q\u00ebndrimi i Ram\u00ebs ka ndryshuar q\u00eb me vizit\u00ebn e zyrtarit t\u00eb lart\u00eb t\u00eb DASH Gabriel Escobar. Baton Haxhiu, nj\u00eb nga k\u00ebshilltar\u00ebt mediatik\u00eb t\u00eb kryeministrit Rama, tha se Rama\u00a0nuk e ka\u2026","rel":"","context":"In &quot;Blogu i Udh\u00ebtarit&quot;","block_context":{"text":"Blogu i Udh\u00ebtarit","link":"https:\/\/www.shqiperia.com\/blog\/category\/blogu-i-udhetarit\/"},"img":{"alt_text":"","src":"https:\/\/i0.wp.com\/www.shqiperia.com\/blog\/wp-content\/uploads\/2023\/05\/w_57078318.jpg?fit=920%2C626&ssl=1&resize=350%2C200","width":350,"height":200,"srcset":"https:\/\/i0.wp.com\/www.shqiperia.com\/blog\/wp-content\/uploads\/2023\/05\/w_57078318.jpg?fit=920%2C626&ssl=1&resize=350%2C200 1x, https:\/\/i0.wp.com\/www.shqiperia.com\/blog\/wp-content\/uploads\/2023\/05\/w_57078318.jpg?fit=920%2C626&ssl=1&resize=525%2C300 1.5x, https:\/\/i0.wp.com\/www.shqiperia.com\/blog\/wp-content\/uploads\/2023\/05\/w_57078318.jpg?fit=920%2C626&ssl=1&resize=700%2C400 2x"},"classes":[]}],"_links":{"self":[{"href":"https:\/\/www.shqiperia.com\/blog\/wp-json\/wp\/v2\/posts\/94358","targetHints":{"allow":["GET"]}}],"collection":[{"href":"https:\/\/www.shqiperia.com\/blog\/wp-json\/wp\/v2\/posts"}],"about":[{"href":"https:\/\/www.shqiperia.com\/blog\/wp-json\/wp\/v2\/types\/post"}],"author":[{"embeddable":true,"href":"https:\/\/www.shqiperia.com\/blog\/wp-json\/wp\/v2\/users\/9"}],"replies":[{"embeddable":true,"href":"https:\/\/www.shqiperia.com\/blog\/wp-json\/wp\/v2\/comments?post=94358"}],"version-history":[{"count":1,"href":"https:\/\/www.shqiperia.com\/blog\/wp-json\/wp\/v2\/posts\/94358\/revisions"}],"predecessor-version":[{"id":94360,"href":"https:\/\/www.shqiperia.com\/blog\/wp-json\/wp\/v2\/posts\/94358\/revisions\/94360"}],"wp:featuredmedia":[{"embeddable":true,"href":"https:\/\/www.shqiperia.com\/blog\/wp-json\/wp\/v2\/media\/94359"}],"wp:attachment":[{"href":"https:\/\/www.shqiperia.com\/blog\/wp-json\/wp\/v2\/media?parent=94358"}],"wp:term":[{"taxonomy":"category","embeddable":true,"href":"https:\/\/www.shqiperia.com\/blog\/wp-json\/wp\/v2\/categories?post=94358"},{"taxonomy":"post_tag","embeddable":true,"href":"https:\/\/www.shqiperia.com\/blog\/wp-json\/wp\/v2\/tags?post=94358"}],"curies":[{"name":"wp","href":"https:\/\/api.w.org\/{rel}","templated":true}]}}