{"id":94353,"date":"2025-10-23T00:43:50","date_gmt":"2025-10-23T00:43:50","guid":{"rendered":"https:\/\/www.shqiperia.com\/blog\/?p=94353"},"modified":"2025-10-23T00:43:50","modified_gmt":"2025-10-23T00:43:50","slug":"mos-u-genjeni-nga-oret-me-diell-reshje-shiu","status":"publish","type":"post","link":"https:\/\/www.shqiperia.com\/blog\/mos-u-genjeni-nga-oret-me-diell-reshje-shiu\/","title":{"rendered":"Mos u g\u00ebnjeni nga or\u00ebt me diell, reshje shiu&#8230;"},"content":{"rendered":"<p><img data-recalc-dims=\"1\" loading=\"lazy\" decoding=\"async\" data-attachment-id=\"94356\" data-permalink=\"https:\/\/www.shqiperia.com\/blog\/mos-u-genjeni-nga-oret-me-diell-reshje-shiu\/moti-2-1\/\" data-orig-file=\"https:\/\/i0.wp.com\/www.shqiperia.com\/blog\/wp-content\/uploads\/2025\/10\/moti-2-1.jpg?fit=730%2C440&amp;ssl=1\" data-orig-size=\"730,440\" data-comments-opened=\"1\" data-image-meta=\"{&quot;aperture&quot;:&quot;0&quot;,&quot;credit&quot;:&quot;&quot;,&quot;camera&quot;:&quot;&quot;,&quot;caption&quot;:&quot;&quot;,&quot;created_timestamp&quot;:&quot;0&quot;,&quot;copyright&quot;:&quot;&quot;,&quot;focal_length&quot;:&quot;0&quot;,&quot;iso&quot;:&quot;0&quot;,&quot;shutter_speed&quot;:&quot;0&quot;,&quot;title&quot;:&quot;&quot;,&quot;orientation&quot;:&quot;0&quot;}\" data-image-title=\"moti-2 (1)\" data-image-description=\"\" data-image-caption=\"\" data-medium-file=\"https:\/\/i0.wp.com\/www.shqiperia.com\/blog\/wp-content\/uploads\/2025\/10\/moti-2-1.jpg?fit=300%2C181&amp;ssl=1\" data-large-file=\"https:\/\/i0.wp.com\/www.shqiperia.com\/blog\/wp-content\/uploads\/2025\/10\/moti-2-1.jpg?fit=730%2C440&amp;ssl=1\" class=\"alignnone  wp-image-94356\" alt=\"\" src=\"https:\/\/i0.wp.com\/www.shqiperia.com\/blog\/wp-content\/uploads\/2025\/10\/moti-2-1.jpg?resize=663%2C400&#038;ssl=1\" width=\"663\" height=\"400\" srcset=\"https:\/\/i0.wp.com\/www.shqiperia.com\/blog\/wp-content\/uploads\/2025\/10\/moti-2-1.jpg?resize=300%2C181&amp;ssl=1 300w, https:\/\/i0.wp.com\/www.shqiperia.com\/blog\/wp-content\/uploads\/2025\/10\/moti-2-1.jpg?resize=450%2C271&amp;ssl=1 450w, https:\/\/i0.wp.com\/www.shqiperia.com\/blog\/wp-content\/uploads\/2025\/10\/moti-2-1.jpg?resize=600%2C362&amp;ssl=1 600w, https:\/\/i0.wp.com\/www.shqiperia.com\/blog\/wp-content\/uploads\/2025\/10\/moti-2-1.jpg?resize=400%2C241&amp;ssl=1 400w, https:\/\/i0.wp.com\/www.shqiperia.com\/blog\/wp-content\/uploads\/2025\/10\/moti-2-1.jpg?w=730&amp;ssl=1 730w\" sizes=\"auto, (max-width: 663px) 100vw, 663px\" \/><\/p>\n<p>23 Tetor 2025<\/p>\n<p>Sotvendi yn\u00eb do t\u00eb ndikohet nga kushte atmosferike t\u00eb paq\u00ebndrueshme.<\/p>\n<p>Moti parashikohet me alternime kthjellimesh dhe vran\u00ebsirash, t\u00eb cilat hera-her\u00ebs pritet t\u00eb jen\u00eb deri t\u00eb dendura. Reshje shiu me intensitet t\u00eb ul\u00ebt n\u00eb veriper\u00ebndim dhe n\u00eb ekstremin jugor t\u00eb vendit, q\u00eb n\u00eb or\u00ebt e para t\u00eb 24-or\u00ebshit deri n\u00eb or\u00ebt e m\u00ebngjesit.<\/p>\n<p>Gjat\u00eb dit\u00ebs, reshjet e shiut priten t\u00eb jen\u00eb prezente t\u00eb her\u00ebpashershme, me intensitet t\u00eb ul\u00ebt t\u00eb karakterit lokal n\u00eb pjes\u00ebn m\u00eb t\u00eb madhe t\u00eb vendit. N\u00eb or\u00ebt e vona t\u00eb mbr\u00ebmjes, reshjet e shiut fitojn\u00eb intensitet deri mesatar n\u00eb veriper\u00ebndim, nd\u00ebrsa n\u00eb pjes\u00ebn tjet\u00ebr t\u00eb vendit reshje shiu me intensitet t\u00eb ul\u00ebt.<\/p>\n<p>Temperaturat maksimale pritet t\u00eb arrijn\u00eb deri n\u00eb 24 grad\u00eb celcius, nd\u00ebrsa ato minimale n\u00eb 7 grad\u00eb celcius.<\/p>\n<p>Era do t\u00eb fryj\u00eb me drejtim Juglindje-jugper\u00ebndim me shpejt\u00ebsi mesatare 7m\/s, nd\u00ebrsa n\u00eb zonat luginore dhe p\u00ebrgjat\u00eb vij\u00ebs bregdetare pritet t\u00eb fitoj shpejt\u00ebsi deri 10m\/s.<\/p>\n<p>Val\u00ebzimi n\u00eb detet Adriatik dhe Jon do t\u00eb jet\u00eb i forc\u00ebs 1-3 ball\u00eb.<\/p>\n","protected":false},"excerpt":{"rendered":"<p>23 Tetor 2025 Sotvendi yn\u00eb do t\u00eb ndikohet nga kushte atmosferike t\u00eb paq\u00ebndrueshme. Moti parashikohet me alternime kthjellimesh dhe vran\u00ebsirash, t\u00eb cilat hera-her\u00ebs pritet t\u00eb jen\u00eb deri t\u00eb dendura. Reshje shiu me intensitet t\u00eb ul\u00ebt n\u00eb veriper\u00ebndim dhe n\u00eb ekstremin jugor t\u00eb vendit, q\u00eb n\u00eb or\u00ebt e para t\u00eb 24-or\u00ebshit deri n\u00eb or\u00ebt e m\u00ebngjesit. [&hellip;]<\/p>\n","protected":false},"author":9,"featured_media":94356,"comment_status":"open","ping_status":"open","sticky":false,"template":"","format":"standard","meta":{"jetpack_post_was_ever_published":false,"_jetpack_newsletter_access":"","_jetpack_dont_email_post_to_subs":false,"_jetpack_newsletter_tier_id":0,"_jetpack_memberships_contains_paywalled_content":false,"_jetpack_memberships_contains_paid_content":false,"footnotes":"","jetpack_publicize_message":"","jetpack_publicize_feature_enabled":true,"jetpack_social_post_already_shared":true,"jetpack_social_options":{"image_generator_settings":{"template":"highway","default_image_id":0,"font":"","enabled":false},"version":2}},"categories":[27,1],"tags":[],"class_list":["post-94353","post","type-post","status-publish","format-standard","has-post-thumbnail","hentry","category-blogu-i-udhetarit","category-njoftime-shtypi"],"jetpack_publicize_connections":[],"jetpack_featured_media_url":"https:\/\/i0.wp.com\/www.shqiperia.com\/blog\/wp-content\/uploads\/2025\/10\/moti-2-1.jpg?fit=730%2C440&ssl=1","jetpack_sharing_enabled":true,"jetpack_shortlink":"https:\/\/wp.me\/p5Z6wp-oxP","jetpack-related-posts":[{"id":87143,"url":"https:\/\/www.shqiperia.com\/blog\/reshje-shiu-e-bore-ja-si-do-te-jete-moti-sot\/","url_meta":{"origin":94353,"position":0},"title":"Reshje shiu e bore, ja si do t\u00eb jet\u00eb moti sot","author":"Kurt Farka","date":"December 6, 2024","format":false,"excerpt":"6 Dhjetor 2024 Sot dit\u00eb e Premte vendi yn\u00eb do t\u00eb ndikohet nga kushte atmosferike t\u00eb paq\u00ebndrueshme p\u00ebr shkak t\u00eb masave ajrore t\u00eb lag\u00ebshta me origjin\u00eb per\u00ebndimore. Moti parashikohet me vran\u00ebsira mesatare deri t\u00eb dendura si dhe intervale t\u00eb her\u00ebpashershme dhe afatshkurtra me kthjellime (diell) kryesisht p\u00ebrgjat\u00eb vij\u00ebs bregdetare e\u2026","rel":"","context":"In &quot;Blogu i Udh\u00ebtarit&quot;","block_context":{"text":"Blogu i Udh\u00ebtarit","link":"https:\/\/www.shqiperia.com\/blog\/category\/blogu-i-udhetarit\/"},"img":{"alt_text":"","src":"https:\/\/i0.wp.com\/www.shqiperia.com\/blog\/wp-content\/uploads\/2024\/12\/reshje-shiu.jpg?fit=768%2C432&ssl=1&resize=350%2C200","width":350,"height":200,"srcset":"https:\/\/i0.wp.com\/www.shqiperia.com\/blog\/wp-content\/uploads\/2024\/12\/reshje-shiu.jpg?fit=768%2C432&ssl=1&resize=350%2C200 1x, https:\/\/i0.wp.com\/www.shqiperia.com\/blog\/wp-content\/uploads\/2024\/12\/reshje-shiu.jpg?fit=768%2C432&ssl=1&resize=525%2C300 1.5x, https:\/\/i0.wp.com\/www.shqiperia.com\/blog\/wp-content\/uploads\/2024\/12\/reshje-shiu.jpg?fit=768%2C432&ssl=1&resize=700%2C400 2x"},"classes":[]},{"id":95197,"url":"https:\/\/www.shqiperia.com\/blog\/ja-cfare-pritet-te-ndodhe-me-temperaturat\/","url_meta":{"origin":94353,"position":1},"title":"Ja \u00e7far\u00eb pritet t\u00eb ndodh\u00eb me temperaturat","author":"Kurt Farka","date":"November 27, 2025","format":false,"excerpt":"27 Nentor 2025 Dit\u00ebn e premte vendi yn\u00eb do t\u00eb ndikohet nga kushte atmosferike t\u00eb paq\u00ebndrueshme. Moti parashikohet t\u00eb jet\u00eb me vran\u00ebsira mesatare e t\u00eb denduar. Reshjet e shiut priten t\u00eb jen\u00eb prezente q\u00eb n\u00eb or\u00ebt e para t\u00eb 24-or\u00ebshit deri n\u00eb or\u00ebt e mesdit\u00ebs n\u00eb pjes\u00ebn m\u00eb t\u00eb madhe\u2026","rel":"","context":"In &quot;Blogu i Udh\u00ebtarit&quot;","block_context":{"text":"Blogu i Udh\u00ebtarit","link":"https:\/\/www.shqiperia.com\/blog\/category\/blogu-i-udhetarit\/"},"img":{"alt_text":"","src":"https:\/\/i0.wp.com\/www.shqiperia.com\/blog\/wp-content\/uploads\/2025\/11\/640-0-1742797637x640-0-moti-shiu-2-698-705.jpg?fit=640%2C360&ssl=1&resize=350%2C200","width":350,"height":200,"srcset":"https:\/\/i0.wp.com\/www.shqiperia.com\/blog\/wp-content\/uploads\/2025\/11\/640-0-1742797637x640-0-moti-shiu-2-698-705.jpg?fit=640%2C360&ssl=1&resize=350%2C200 1x, https:\/\/i0.wp.com\/www.shqiperia.com\/blog\/wp-content\/uploads\/2025\/11\/640-0-1742797637x640-0-moti-shiu-2-698-705.jpg?fit=640%2C360&ssl=1&resize=525%2C300 1.5x"},"classes":[]},{"id":93134,"url":"https:\/\/www.shqiperia.com\/blog\/parashikimi-i-motit-per-diten-e-premte\/","url_meta":{"origin":94353,"position":2},"title":"Parashikimi i motit p\u00ebr dit\u00ebn e premte","author":"Kurt Farka","date":"August 21, 2025","format":false,"excerpt":"21Gusht 2025 Dit\u00ebn e premte vendi yn\u00eb do t\u00eb ndikohet nga kushte atmosferike t\u00eb paq\u00ebndrueshme. Moti parashikohet me vran\u00ebsira mesatare deri t\u00eb dendura, n\u00eb or\u00ebt e pasdites mot me vran\u00ebsira t\u00eb pakta kryesisht n\u00eb veri t\u00eb vendit. Reshjet e shiut parashikohen t\u00eb jen\u00eb prezente q\u00eb n\u00eb or\u00ebt e para t\u00eb\u2026","rel":"","context":"In &quot;Njoftime Shtypi&quot;","block_context":{"text":"Njoftime Shtypi","link":"https:\/\/www.shqiperia.com\/blog\/category\/njoftime-shtypi\/"},"img":{"alt_text":"","src":"https:\/\/i0.wp.com\/www.shqiperia.com\/blog\/wp-content\/uploads\/2025\/08\/moti-me-shio.jpg?fit=650%2C365&ssl=1&resize=350%2C200","width":350,"height":200,"srcset":"https:\/\/i0.wp.com\/www.shqiperia.com\/blog\/wp-content\/uploads\/2025\/08\/moti-me-shio.jpg?fit=650%2C365&ssl=1&resize=350%2C200 1x, https:\/\/i0.wp.com\/www.shqiperia.com\/blog\/wp-content\/uploads\/2025\/08\/moti-me-shio.jpg?fit=650%2C365&ssl=1&resize=525%2C300 1.5x"},"classes":[]},{"id":98691,"url":"https:\/\/www.shqiperia.com\/blog\/pergatituni-moti-ben-kthesen-e-forte-neser-ja-cfare-pritet-te-ndodhe-me-temperaturat\/","url_meta":{"origin":94353,"position":3},"title":"P\u00ebrgatituni\/ Moti b\u00ebn kthes\u00ebn e fort\u00eb nes\u00ebr, ja \u00e7far\u00eb pritet t\u00eb ndodh\u00eb me temperaturat","author":"Kurt Farka","date":"March 25, 2026","format":false,"excerpt":"25 Mars 2026 Dit\u00ebn e enjte vendi yn\u00eb do t\u00eb ndikohet nga kushte atmosferike t\u00eb paq\u00ebndrueshme. Moti parashikohet me alternime kthjellimesh dhe vran\u00ebsira t\u00eb cilat gradualisht do t\u00eb vijn\u00eb n\u00eb shtim, n\u00eb mbr\u00ebmje mot kryesisht i vran\u00ebt. Reshjet e shiut parashikohet t\u00eb b\u00ebhen prezente n\u00eb or\u00ebt e m\u00ebngjesit n\u00eb ekstremin\u2026","rel":"","context":"In &quot;Njoftime Shtypi&quot;","block_context":{"text":"Njoftime Shtypi","link":"https:\/\/www.shqiperia.com\/blog\/category\/njoftime-shtypi\/"},"img":{"alt_text":"","src":"https:\/\/i0.wp.com\/www.shqiperia.com\/blog\/wp-content\/uploads\/2026\/03\/image-179-2-1-750x375-1.webp?fit=750%2C375&ssl=1&resize=350%2C200","width":350,"height":200,"srcset":"https:\/\/i0.wp.com\/www.shqiperia.com\/blog\/wp-content\/uploads\/2026\/03\/image-179-2-1-750x375-1.webp?fit=750%2C375&ssl=1&resize=350%2C200 1x, https:\/\/i0.wp.com\/www.shqiperia.com\/blog\/wp-content\/uploads\/2026\/03\/image-179-2-1-750x375-1.webp?fit=750%2C375&ssl=1&resize=525%2C300 1.5x, https:\/\/i0.wp.com\/www.shqiperia.com\/blog\/wp-content\/uploads\/2026\/03\/image-179-2-1-750x375-1.webp?fit=750%2C375&ssl=1&resize=700%2C400 2x"},"classes":[]},{"id":66571,"url":"https:\/\/www.shqiperia.com\/blog\/parashikimi-i-motit-per-javen-e-ardhshme-behuni-gati-per\/","url_meta":{"origin":94353,"position":4},"title":"Parashikimi i motit p\u00ebr jav\u00ebn e ardhshme. &#8211; B\u00ebhuni gati p\u00ebr&#8230;","author":"Kurt Farka","date":"January 22, 2023","format":false,"excerpt":"22 Janar 2023 Dit\u00ebn e h\u00ebn\u00eb pritet q\u00eb vendi yn\u00eb t\u00eb jet\u00eb n\u00eb ndikim t\u00eb kushteve atmosferike t\u00eb paq\u00ebndrueshme. Moti parashikohet kryesisht i vran\u00ebt dhe reshje shiu. Reshjet priten t\u00eb jen\u00eb me intensitet mesatar, nd\u00ebrsa n\u00eb jugper\u00ebndim t\u00eb vendit reshjet priten t\u00eb jen\u00eb me intensitet deri t\u00eb lart\u00eb n\u00eb form\u00ebn\u2026","rel":"","context":"In &quot;Blogu i Udh\u00ebtarit&quot;","block_context":{"text":"Blogu i Udh\u00ebtarit","link":"https:\/\/www.shqiperia.com\/blog\/category\/blogu-i-udhetarit\/"},"img":{"alt_text":"","src":"https:\/\/i0.wp.com\/www.shqiperia.com\/blog\/wp-content\/uploads\/2023\/01\/ngricat.jpg?fit=780%2C439&ssl=1&resize=350%2C200","width":350,"height":200,"srcset":"https:\/\/i0.wp.com\/www.shqiperia.com\/blog\/wp-content\/uploads\/2023\/01\/ngricat.jpg?fit=780%2C439&ssl=1&resize=350%2C200 1x, https:\/\/i0.wp.com\/www.shqiperia.com\/blog\/wp-content\/uploads\/2023\/01\/ngricat.jpg?fit=780%2C439&ssl=1&resize=525%2C300 1.5x, https:\/\/i0.wp.com\/www.shqiperia.com\/blog\/wp-content\/uploads\/2023\/01\/ngricat.jpg?fit=780%2C439&ssl=1&resize=700%2C400 2x"},"classes":[]},{"id":82198,"url":"https:\/\/www.shqiperia.com\/blog\/a-do-te-kete-reshje-shiu-sot\/","url_meta":{"origin":94353,"position":5},"title":"A do t\u00eb ket\u00eb reshje shiu sot","author":"Kurt Farka","date":"June 27, 2024","format":false,"excerpt":"27 Qershor 2024 K\u00ebt\u00eb t\u00eb enjte, vendi yn\u00eb do t\u00eb jet\u00eb n\u00eb ndikim t\u00eb kushteve atmosferike t\u00eb paq\u00ebndrueshme. Moti parashikohet t\u00eb jet\u00eb me alternime vran\u00ebsirash dhe kthjellime. Reshjet e shiut me intensitet t\u00eb ul\u00ebt e lokalisht mesatar pritet t\u00eb jen\u00eb prezente q\u00eb n\u00eb or\u00ebt e para t\u00eb 24-or\u00ebshit n\u00eb veriper\u00ebndimdhe\u2026","rel":"","context":"In &quot;Blogu i Udh\u00ebtarit&quot;","block_context":{"text":"Blogu i Udh\u00ebtarit","link":"https:\/\/www.shqiperia.com\/blog\/category\/blogu-i-udhetarit\/"},"img":{"alt_text":"","src":"https:\/\/i0.wp.com\/www.shqiperia.com\/blog\/wp-content\/uploads\/2024\/06\/3108655.jpg?fit=770%2C433&ssl=1&resize=350%2C200","width":350,"height":200,"srcset":"https:\/\/i0.wp.com\/www.shqiperia.com\/blog\/wp-content\/uploads\/2024\/06\/3108655.jpg?fit=770%2C433&ssl=1&resize=350%2C200 1x, https:\/\/i0.wp.com\/www.shqiperia.com\/blog\/wp-content\/uploads\/2024\/06\/3108655.jpg?fit=770%2C433&ssl=1&resize=525%2C300 1.5x, https:\/\/i0.wp.com\/www.shqiperia.com\/blog\/wp-content\/uploads\/2024\/06\/3108655.jpg?fit=770%2C433&ssl=1&resize=700%2C400 2x"},"classes":[]}],"_links":{"self":[{"href":"https:\/\/www.shqiperia.com\/blog\/wp-json\/wp\/v2\/posts\/94353","targetHints":{"allow":["GET"]}}],"collection":[{"href":"https:\/\/www.shqiperia.com\/blog\/wp-json\/wp\/v2\/posts"}],"about":[{"href":"https:\/\/www.shqiperia.com\/blog\/wp-json\/wp\/v2\/types\/post"}],"author":[{"embeddable":true,"href":"https:\/\/www.shqiperia.com\/blog\/wp-json\/wp\/v2\/users\/9"}],"replies":[{"embeddable":true,"href":"https:\/\/www.shqiperia.com\/blog\/wp-json\/wp\/v2\/comments?post=94353"}],"version-history":[{"count":2,"href":"https:\/\/www.shqiperia.com\/blog\/wp-json\/wp\/v2\/posts\/94353\/revisions"}],"predecessor-version":[{"id":94357,"href":"https:\/\/www.shqiperia.com\/blog\/wp-json\/wp\/v2\/posts\/94353\/revisions\/94357"}],"wp:featuredmedia":[{"embeddable":true,"href":"https:\/\/www.shqiperia.com\/blog\/wp-json\/wp\/v2\/media\/94356"}],"wp:attachment":[{"href":"https:\/\/www.shqiperia.com\/blog\/wp-json\/wp\/v2\/media?parent=94353"}],"wp:term":[{"taxonomy":"category","embeddable":true,"href":"https:\/\/www.shqiperia.com\/blog\/wp-json\/wp\/v2\/categories?post=94353"},{"taxonomy":"post_tag","embeddable":true,"href":"https:\/\/www.shqiperia.com\/blog\/wp-json\/wp\/v2\/tags?post=94353"}],"curies":[{"name":"wp","href":"https:\/\/api.w.org\/{rel}","templated":true}]}}