{"id":94348,"date":"2025-10-21T02:06:01","date_gmt":"2025-10-21T02:06:01","guid":{"rendered":"https:\/\/www.shqiperia.com\/blog\/?p=94348"},"modified":"2025-10-21T02:06:01","modified_gmt":"2025-10-21T02:06:01","slug":"vjedhja-spektakolare-ne-muzeun-e-luvrit-reagon-per-here-te-pare-ministri-francez-i-drejtesise","status":"publish","type":"post","link":"https:\/\/www.shqiperia.com\/blog\/vjedhja-spektakolare-ne-muzeun-e-luvrit-reagon-per-here-te-pare-ministri-francez-i-drejtesise\/","title":{"rendered":"Vjedhja spektakolare n\u00eb muzeun e Luvrit, reagon p\u00ebr her\u00eb t\u00eb par\u00eb Ministri francez i Drejt\u00ebsis\u00eb"},"content":{"rendered":"<p><img data-recalc-dims=\"1\" loading=\"lazy\" decoding=\"async\" data-attachment-id=\"94349\" data-permalink=\"https:\/\/www.shqiperia.com\/blog\/vjedhja-spektakolare-ne-muzeun-e-luvrit-reagon-per-here-te-pare-ministri-francez-i-drejtesise\/vjedhjaa\/\" data-orig-file=\"https:\/\/i0.wp.com\/www.shqiperia.com\/blog\/wp-content\/uploads\/2025\/10\/vjedhjaa.jpg?fit=640%2C427&amp;ssl=1\" data-orig-size=\"640,427\" data-comments-opened=\"1\" data-image-meta=\"{&quot;aperture&quot;:&quot;0&quot;,&quot;credit&quot;:&quot;&quot;,&quot;camera&quot;:&quot;&quot;,&quot;caption&quot;:&quot;&quot;,&quot;created_timestamp&quot;:&quot;0&quot;,&quot;copyright&quot;:&quot;&quot;,&quot;focal_length&quot;:&quot;0&quot;,&quot;iso&quot;:&quot;0&quot;,&quot;shutter_speed&quot;:&quot;0&quot;,&quot;title&quot;:&quot;&quot;,&quot;orientation&quot;:&quot;0&quot;}\" data-image-title=\"vjedhjaa\" data-image-description=\"\" data-image-caption=\"\" data-medium-file=\"https:\/\/i0.wp.com\/www.shqiperia.com\/blog\/wp-content\/uploads\/2025\/10\/vjedhjaa.jpg?fit=300%2C200&amp;ssl=1\" data-large-file=\"https:\/\/i0.wp.com\/www.shqiperia.com\/blog\/wp-content\/uploads\/2025\/10\/vjedhjaa.jpg?fit=640%2C427&amp;ssl=1\" class=\"alignnone  wp-image-94349\" alt=\"\" src=\"https:\/\/i0.wp.com\/www.shqiperia.com\/blog\/wp-content\/uploads\/2025\/10\/vjedhjaa.jpg?resize=545%2C363&#038;ssl=1\" width=\"545\" height=\"363\" srcset=\"https:\/\/i0.wp.com\/www.shqiperia.com\/blog\/wp-content\/uploads\/2025\/10\/vjedhjaa.jpg?resize=300%2C200&amp;ssl=1 300w, https:\/\/i0.wp.com\/www.shqiperia.com\/blog\/wp-content\/uploads\/2025\/10\/vjedhjaa.jpg?resize=600%2C400&amp;ssl=1 600w, https:\/\/i0.wp.com\/www.shqiperia.com\/blog\/wp-content\/uploads\/2025\/10\/vjedhjaa.jpg?resize=450%2C300&amp;ssl=1 450w, https:\/\/i0.wp.com\/www.shqiperia.com\/blog\/wp-content\/uploads\/2025\/10\/vjedhjaa.jpg?resize=400%2C267&amp;ssl=1 400w, https:\/\/i0.wp.com\/www.shqiperia.com\/blog\/wp-content\/uploads\/2025\/10\/vjedhjaa.jpg?w=640&amp;ssl=1 640w\" sizes=\"auto, (max-width: 545px) 100vw, 545px\" \/><\/p>\n<p>21 Tetor 2025<\/p>\n<p>Pas grabitjes spektakolare t\u00eb bizhuterive n\u00eb muzeun e Luvrit, ministri i Drejt\u00ebsis\u00eb n\u00eb Franc\u00eb deklaroi se protokollet e siguris\u00eb s\u00eb vendit d\u00ebshtuan n\u00eb parandalimin e k\u00ebsaj ngjarjeje dhe i shkaktuan vendit nj\u00eb imazh t\u00eb tmerrsh\u00ebm.<\/p>\n<p>\u201cAjo q\u00eb \u00ebsht\u00eb e sigurt \u00ebsht\u00eb se kemi d\u00ebshtuar, duke qen\u00eb se njer\u00ebzit arrit\u00ebn t\u00eb ngren\u00eb vin\u00e7in n\u00eb mes t\u00eb Parisit dhe brenda pak minutash t\u00eb marrin xhevahire t\u00eb pa\u00e7muara\u201d, tha Ministri i Drejt\u00ebsis\u00eb, Gerald Darmanin p\u00ebr mediat n\u00eb Franc\u00eb.<\/p>\n<p>Hajdut\u00ebt me vegla elektrike hyn\u00eb me forc\u00eb n\u00eb muzeun m\u00eb t\u00eb vizituar n\u00eb bot\u00eb n\u00eb mes t\u00eb dit\u00ebs t\u00eb diel\u00ebn, duke vjedhur tet\u00eb bizhuteri me vler\u00eb t\u00eb pa\u00e7mueshme, dhe m\u00eb pas u larguan me skuter.<\/p>\n<p>Kreu i nj\u00eb organizate t\u00eb specializuar n\u00eb gjetjen dhe rikuperimin e veprave t\u00eb artit t\u00eb vjedhura paralajm\u00ebroi se n\u00ebse hajdut\u00ebt nuk kapen brenda 24-48 or\u00ebve t\u00eb ardhshme, bizhuterit\u00eb e vjedhura, mes tyre nj\u00eb gjerdan me diamante dhe smeralde q\u00eb Perandori Napoleon ia dhuroi gruas s\u00eb tij, ka t\u00eb ngjar\u00eb t\u00eb jen\u00eb zhdukur prej koh\u00ebsh. Bizhuterit\u00eb t\u00eb cilat u vodh\u00ebn gjat\u00eb grabitjes, mund t\u00eb thyhen leht\u00ebsisht dhe t\u00eb shiten n\u00eb pjes\u00eb t\u00eb vogla.<\/p>\n","protected":false},"excerpt":{"rendered":"<p>21 Tetor 2025 Pas grabitjes spektakolare t\u00eb bizhuterive n\u00eb muzeun e Luvrit, ministri i Drejt\u00ebsis\u00eb n\u00eb Franc\u00eb deklaroi se protokollet e siguris\u00eb s\u00eb vendit d\u00ebshtuan n\u00eb parandalimin e k\u00ebsaj ngjarjeje dhe i shkaktuan vendit nj\u00eb imazh t\u00eb tmerrsh\u00ebm. \u201cAjo q\u00eb \u00ebsht\u00eb e sigurt \u00ebsht\u00eb se kemi d\u00ebshtuar, duke qen\u00eb se njer\u00ebzit arrit\u00ebn t\u00eb ngren\u00eb vin\u00e7in [&hellip;]<\/p>\n","protected":false},"author":9,"featured_media":94349,"comment_status":"open","ping_status":"open","sticky":false,"template":"","format":"standard","meta":{"jetpack_post_was_ever_published":false,"_jetpack_newsletter_access":"","_jetpack_dont_email_post_to_subs":false,"_jetpack_newsletter_tier_id":0,"_jetpack_memberships_contains_paywalled_content":false,"_jetpack_memberships_contains_paid_content":false,"footnotes":"","jetpack_publicize_message":"","jetpack_publicize_feature_enabled":true,"jetpack_social_post_already_shared":true,"jetpack_social_options":{"image_generator_settings":{"template":"highway","default_image_id":0,"font":"","enabled":false},"version":2}},"categories":[87,27,85,1,86],"tags":[],"class_list":["post-94348","post","type-post","status-publish","format-standard","has-post-thumbnail","hentry","category-arte","category-blogu-i-udhetarit","category-histori","category-njoftime-shtypi","category-trashegimi-kulturore"],"jetpack_publicize_connections":[],"jetpack_featured_media_url":"https:\/\/i0.wp.com\/www.shqiperia.com\/blog\/wp-content\/uploads\/2025\/10\/vjedhjaa.jpg?fit=640%2C427&ssl=1","jetpack_sharing_enabled":true,"jetpack_shortlink":"https:\/\/wp.me\/p5Z6wp-oxK","jetpack-related-posts":[{"id":95431,"url":"https:\/\/www.shqiperia.com\/blog\/nuk-ka-qetesi-ne-muzeun-e-luvrit-pas-vjedhjes-spektakolare-te-bizhuterive-shperthejne-tubat-dhe-permbysin-biblioteken-e-antikiteteve-egjiptiane\/","url_meta":{"origin":94348,"position":0},"title":"Nuk ka qet\u00ebsi n\u00eb Muzeun e Luvrit\/ Pas vjedhjes spektakolare t\u00eb bizhuterive, shp\u00ebrthejn\u00eb tubat dhe p\u00ebrmbysin bibliotek\u00ebn e Antikiteteve Egjiptiane","author":"Kurt Farka","date":"December 8, 2025","format":false,"excerpt":"8 Dhjetor 2026 Muzeu i Luvrit n\u00eb Paris po kalon nj\u00eb tjet\u00ebr periudh\u00eb t\u00eb trazuar, vet\u00ebm pak jav\u00eb pas vjedhjes s\u00eb madhe q\u00eb tronditi institucionin n\u00eb mes t\u00eb tetorit. K\u00ebsaj here, nj\u00eb rrjedhje uji q\u00eb nisi m\u00eb 26 n\u00ebntor ka d\u00ebmtuar qindra libra n\u00eb bibliotek\u00ebn e departamentit t\u00eb Antikiteteve Egjiptiane.\u2026","rel":"","context":"In &quot;Blogu i Udh\u00ebtarit&quot;","block_context":{"text":"Blogu i Udh\u00ebtarit","link":"https:\/\/www.shqiperia.com\/blog\/category\/blogu-i-udhetarit\/"},"img":{"alt_text":"","src":"https:\/\/i0.wp.com\/www.shqiperia.com\/blog\/wp-content\/uploads\/2025\/12\/3121_sd.webp?fit=1200%2C675&ssl=1&resize=350%2C200","width":350,"height":200,"srcset":"https:\/\/i0.wp.com\/www.shqiperia.com\/blog\/wp-content\/uploads\/2025\/12\/3121_sd.webp?fit=1200%2C675&ssl=1&resize=350%2C200 1x, https:\/\/i0.wp.com\/www.shqiperia.com\/blog\/wp-content\/uploads\/2025\/12\/3121_sd.webp?fit=1200%2C675&ssl=1&resize=525%2C300 1.5x, https:\/\/i0.wp.com\/www.shqiperia.com\/blog\/wp-content\/uploads\/2025\/12\/3121_sd.webp?fit=1200%2C675&ssl=1&resize=700%2C400 2x, https:\/\/i0.wp.com\/www.shqiperia.com\/blog\/wp-content\/uploads\/2025\/12\/3121_sd.webp?fit=1200%2C675&ssl=1&resize=1050%2C600 3x"},"classes":[]},{"id":72202,"url":"https:\/\/www.shqiperia.com\/blog\/lufta-ne-ukraine-ne-muzeun-e-luvrit-do-te-ekpozohen-5-ikona-bizantine-qe-u-hoqen-nga-kievi\/","url_meta":{"origin":94348,"position":1},"title":"Lufta n\u00eb Ukrain\u00eb, n\u00eb Muzeun e Luvrit do t\u00eb ekpozohen 5 ikona bizantine q\u00eb u hoq\u00ebn nga Kievi","author":"Kurt Farka","date":"June 18, 2023","format":false,"excerpt":"18 Qershor 2023 Pes\u00eb ikona t\u00eb rralla bizantine q\u00eb u hoq\u00ebn nga Kievi p\u00ebr shkak t\u00eb pushtimit rus jan\u00eb p\u00ebrfshir\u00eb n\u00eb nj\u00eb koleksion q\u00eb do t\u00eb ekspozohet nga nes\u00ebr, e m\u00ebrkur\u00eb, n\u00eb Muzeun e Luvrit n\u00eb Paris. Imazhet jan\u00eb pjes\u00eb e nj\u00eb koleksioni prej 16 veprash arti nga Muzeu i\u2026","rel":"","context":"In &quot;Arte&quot;","block_context":{"text":"Arte","link":"https:\/\/www.shqiperia.com\/blog\/category\/arte\/"},"img":{"alt_text":"","src":"https:\/\/i0.wp.com\/www.shqiperia.com\/blog\/wp-content\/uploads\/2023\/06\/640-0-3e3b17b6589c580eed654db032e8eb15.jpg?fit=640%2C360&ssl=1&resize=350%2C200","width":350,"height":200,"srcset":"https:\/\/i0.wp.com\/www.shqiperia.com\/blog\/wp-content\/uploads\/2023\/06\/640-0-3e3b17b6589c580eed654db032e8eb15.jpg?fit=640%2C360&ssl=1&resize=350%2C200 1x, https:\/\/i0.wp.com\/www.shqiperia.com\/blog\/wp-content\/uploads\/2023\/06\/640-0-3e3b17b6589c580eed654db032e8eb15.jpg?fit=640%2C360&ssl=1&resize=525%2C300 1.5x"},"classes":[]},{"id":58340,"url":"https:\/\/www.shqiperia.com\/blog\/sulmohet-piktura-e-mona-lises-ne-muzeun-e-luvrit-ne-paris\/","url_meta":{"origin":94348,"position":2},"title":"Sulmohet piktura e Mona Lis\u00ebs n\u00eb Muzeun e Luvrit n\u00eb Paris","author":"Kurt Farka","date":"May 30, 2022","format":false,"excerpt":"30 maj 2022 Piktura e \u2018Mona Liz\u00ebs\u2019 n\u00eb Muzeun e Luvrit n\u00eb Paris, \u00ebsht\u00eb sulmuar nga nj\u00eb person, i cili hodhi krem torte mbi t\u00eb, por fatmir\u00ebsisht vepra e Leonardo da Vin\u00e7it, nuk u d\u00ebmtua pasi kishte nj\u00eb xham q\u00eb e mbron Piktura e \u2018Mona Lis\u00ebs\u2019 n\u00eb Muzeun e Luvrit\u2026","rel":"","context":"In &quot;Arte&quot;","block_context":{"text":"Arte","link":"https:\/\/www.shqiperia.com\/blog\/category\/arte\/"},"img":{"alt_text":"","src":"https:\/\/i0.wp.com\/www.shqiperia.com\/blog\/wp-content\/uploads\/2022\/05\/Sulmohet-piktura-e-Mona-Lises-ne-Muzeun-e-Luvrit-ne-Paris.jpg?fit=780%2C440&ssl=1&resize=350%2C200","width":350,"height":200,"srcset":"https:\/\/i0.wp.com\/www.shqiperia.com\/blog\/wp-content\/uploads\/2022\/05\/Sulmohet-piktura-e-Mona-Lises-ne-Muzeun-e-Luvrit-ne-Paris.jpg?fit=780%2C440&ssl=1&resize=350%2C200 1x, https:\/\/i0.wp.com\/www.shqiperia.com\/blog\/wp-content\/uploads\/2022\/05\/Sulmohet-piktura-e-Mona-Lises-ne-Muzeun-e-Luvrit-ne-Paris.jpg?fit=780%2C440&ssl=1&resize=525%2C300 1.5x, https:\/\/i0.wp.com\/www.shqiperia.com\/blog\/wp-content\/uploads\/2022\/05\/Sulmohet-piktura-e-Mona-Lises-ne-Muzeun-e-Luvrit-ne-Paris.jpg?fit=780%2C440&ssl=1&resize=700%2C400 2x"},"classes":[]},{"id":65445,"url":"https:\/\/www.shqiperia.com\/blog\/kurani-me-i-vjeter-ne-bote-ne-ekspoziten-e-luvrit\/","url_meta":{"origin":94348,"position":3},"title":"Kurani m\u00eb i vjet\u00ebr n\u00eb bot\u00eb n\u00eb ekspozit\u00ebn e Luvrit","author":"Kurt Farka","date":"December 14, 2022","format":false,"excerpt":"14 Dhjetor 2022 Rruga e M\u00ebndafshit \u00ebsht\u00eb n\u00eb qend\u00ebr t\u00eb nj\u00eb ekspozit\u00eb t\u00eb hapur n\u00eb Luv\u00ebr, e cila v\u00eb n\u00eb qend\u00ebr t\u00eb v\u00ebmendjes reliket e gjetura p\u00ebrgjat\u00eb rrug\u00ebve t\u00eb saj t\u00eb karvanit. Mes tyre spikat nj\u00eb nga dor\u00ebshkrimet m\u00eb t\u00eb vjetra t\u00eb Kuranit t\u00eb mbijetuar n\u00eb bot\u00eb q\u00eb daton n\u00eb\u2026","rel":"","context":"In &quot;Arte&quot;","block_context":{"text":"Arte","link":"https:\/\/www.shqiperia.com\/blog\/category\/arte\/"},"img":{"alt_text":"","src":"https:\/\/i0.wp.com\/www.shqiperia.com\/blog\/wp-content\/uploads\/2022\/12\/Kurani-me-i-vjeter-ne-Euope.jpg?fit=640%2C336&ssl=1&resize=350%2C200","width":350,"height":200,"srcset":"https:\/\/i0.wp.com\/www.shqiperia.com\/blog\/wp-content\/uploads\/2022\/12\/Kurani-me-i-vjeter-ne-Euope.jpg?fit=640%2C336&ssl=1&resize=350%2C200 1x, https:\/\/i0.wp.com\/www.shqiperia.com\/blog\/wp-content\/uploads\/2022\/12\/Kurani-me-i-vjeter-ne-Euope.jpg?fit=640%2C336&ssl=1&resize=525%2C300 1.5x"},"classes":[]},{"id":2529,"url":"https:\/\/www.shqiperia.com\/blog\/objekte-te-isa-boletinit-nga-shqiperia-ne-muzeun-e-kosoves\/","url_meta":{"origin":94348,"position":4},"title":"Objekte te Isa Boletinit, nga Shqip\u00ebria n\u00eb Muzeun e Kosov\u00ebs","author":"Kurt Farka","date":"February 5, 2018","format":false,"excerpt":"Eksponatet e Isa Boletinit n\u00eb Kosov\u00eb. Lajmin e ka b\u00ebr\u00eb t\u00eb ditur ministri i Kultur\u00ebs s\u00eb Kosov\u00ebs Kujtim Gashi pas takimit me ministren Mirela Kumbaro n\u00eb Tiran\u00eb. Ministri Gashi shkruan gjithashtu se gjat\u00eb takimit u diskutua p\u00ebr mund\u00ebsit\u00eb e thellimit t\u00eb bashk\u00ebpunimit midis dy ministrive p\u00ebrkat\u00ebse n\u00eb fush\u00ebn e kultur\u00ebs,\u2026","rel":"","context":"In &quot;Histori&quot;","block_context":{"text":"Histori","link":"https:\/\/www.shqiperia.com\/blog\/category\/histori\/"},"img":{"alt_text":"","src":"https:\/\/i0.wp.com\/www.shqiperia.com\/blog\/wp-content\/uploads\/2018\/02\/Xhamadani-i-i-Isa-Boletinit.png?fit=500%2C333&ssl=1&resize=350%2C200","width":350,"height":200},"classes":[]},{"id":86889,"url":"https:\/\/www.shqiperia.com\/blog\/shperthimi-ne-kanalin-iber-lepenc-ministri-svecla-nje-akt-per-destabilizimin-e-kosoves\/","url_meta":{"origin":94348,"position":5},"title":"Shp\u00ebrthimi n\u00eb kanalin Ib\u00ebr-Lepenc, ministri Sve\u00e7la: &#8211; Nj\u00eb akt p\u00ebr destabilizimin e Kosov\u00ebs","author":"Kurt Farka","date":"November 30, 2024","format":false,"excerpt":"30 Nentor 2024 Ministri i Pun\u00ebve t\u00eb Brendshme, Xhelal Sve\u00e7la ka deklaruar se \u00ebsht\u00eb p\u00ebrdorur rreth 15 kg eksploziv p\u00ebr shp\u00ebrthimin n\u00eb kanalin Ib\u00ebr-Lepenc. Ministri e ka quajtur aktin terrorist duke u shprehur se u d\u00ebmtua seriozisht nj\u00eb pjes\u00eb e kanalit t\u00eb Ib\u00ebr- Lepencit. \u201cNj\u00eb pjes\u00eb e kanalit t\u00eb Ib\u00ebr-Lepencit\u2026","rel":"","context":"In &quot;Blogu i Udh\u00ebtarit&quot;","block_context":{"text":"Blogu i Udh\u00ebtarit","link":"https:\/\/www.shqiperia.com\/blog\/category\/blogu-i-udhetarit\/"},"img":{"alt_text":"","src":"https:\/\/i0.wp.com\/www.shqiperia.com\/blog\/wp-content\/uploads\/2024\/11\/Xhelal-Svecla.jpg?fit=922%2C516&ssl=1&resize=350%2C200","width":350,"height":200,"srcset":"https:\/\/i0.wp.com\/www.shqiperia.com\/blog\/wp-content\/uploads\/2024\/11\/Xhelal-Svecla.jpg?fit=922%2C516&ssl=1&resize=350%2C200 1x, https:\/\/i0.wp.com\/www.shqiperia.com\/blog\/wp-content\/uploads\/2024\/11\/Xhelal-Svecla.jpg?fit=922%2C516&ssl=1&resize=525%2C300 1.5x, https:\/\/i0.wp.com\/www.shqiperia.com\/blog\/wp-content\/uploads\/2024\/11\/Xhelal-Svecla.jpg?fit=922%2C516&ssl=1&resize=700%2C400 2x"},"classes":[]}],"_links":{"self":[{"href":"https:\/\/www.shqiperia.com\/blog\/wp-json\/wp\/v2\/posts\/94348","targetHints":{"allow":["GET"]}}],"collection":[{"href":"https:\/\/www.shqiperia.com\/blog\/wp-json\/wp\/v2\/posts"}],"about":[{"href":"https:\/\/www.shqiperia.com\/blog\/wp-json\/wp\/v2\/types\/post"}],"author":[{"embeddable":true,"href":"https:\/\/www.shqiperia.com\/blog\/wp-json\/wp\/v2\/users\/9"}],"replies":[{"embeddable":true,"href":"https:\/\/www.shqiperia.com\/blog\/wp-json\/wp\/v2\/comments?post=94348"}],"version-history":[{"count":1,"href":"https:\/\/www.shqiperia.com\/blog\/wp-json\/wp\/v2\/posts\/94348\/revisions"}],"predecessor-version":[{"id":94350,"href":"https:\/\/www.shqiperia.com\/blog\/wp-json\/wp\/v2\/posts\/94348\/revisions\/94350"}],"wp:featuredmedia":[{"embeddable":true,"href":"https:\/\/www.shqiperia.com\/blog\/wp-json\/wp\/v2\/media\/94349"}],"wp:attachment":[{"href":"https:\/\/www.shqiperia.com\/blog\/wp-json\/wp\/v2\/media?parent=94348"}],"wp:term":[{"taxonomy":"category","embeddable":true,"href":"https:\/\/www.shqiperia.com\/blog\/wp-json\/wp\/v2\/categories?post=94348"},{"taxonomy":"post_tag","embeddable":true,"href":"https:\/\/www.shqiperia.com\/blog\/wp-json\/wp\/v2\/tags?post=94348"}],"curies":[{"name":"wp","href":"https:\/\/api.w.org\/{rel}","templated":true}]}}