{"id":94345,"date":"2025-10-21T01:59:08","date_gmt":"2025-10-21T01:59:08","guid":{"rendered":"https:\/\/www.shqiperia.com\/blog\/?p=94345"},"modified":"2025-10-21T01:59:08","modified_gmt":"2025-10-21T01:59:08","slug":"lorenc-vangjeli-nga-projekti-i-aeroportit-te-vlores-po-vidhen-shqiptaret","status":"publish","type":"post","link":"https:\/\/www.shqiperia.com\/blog\/lorenc-vangjeli-nga-projekti-i-aeroportit-te-vlores-po-vidhen-shqiptaret\/","title":{"rendered":"Lorenc Vangjeli: &#8211; Nga projekti i aeroportit te Vlores po vidhen shqiptar\u00ebt"},"content":{"rendered":"<p><img data-recalc-dims=\"1\" loading=\"lazy\" decoding=\"async\" data-attachment-id=\"94346\" data-permalink=\"https:\/\/www.shqiperia.com\/blog\/lorenc-vangjeli-nga-projekti-i-aeroportit-te-vlores-po-vidhen-shqiptaret\/lorenc-vangjeli-5\/\" data-orig-file=\"https:\/\/i0.wp.com\/www.shqiperia.com\/blog\/wp-content\/uploads\/2025\/10\/lorenc-vangjeli.webp?fit=640%2C373&amp;ssl=1\" data-orig-size=\"640,373\" data-comments-opened=\"1\" data-image-meta=\"{&quot;aperture&quot;:&quot;0&quot;,&quot;credit&quot;:&quot;&quot;,&quot;camera&quot;:&quot;&quot;,&quot;caption&quot;:&quot;&quot;,&quot;created_timestamp&quot;:&quot;0&quot;,&quot;copyright&quot;:&quot;&quot;,&quot;focal_length&quot;:&quot;0&quot;,&quot;iso&quot;:&quot;0&quot;,&quot;shutter_speed&quot;:&quot;0&quot;,&quot;title&quot;:&quot;&quot;,&quot;orientation&quot;:&quot;0&quot;}\" data-image-title=\"lorenc vangjeli\" data-image-description=\"\" data-image-caption=\"\" data-medium-file=\"https:\/\/i0.wp.com\/www.shqiperia.com\/blog\/wp-content\/uploads\/2025\/10\/lorenc-vangjeli.webp?fit=300%2C175&amp;ssl=1\" data-large-file=\"https:\/\/i0.wp.com\/www.shqiperia.com\/blog\/wp-content\/uploads\/2025\/10\/lorenc-vangjeli.webp?fit=640%2C373&amp;ssl=1\" class=\"alignnone  wp-image-94346\" alt=\"\" src=\"https:\/\/i0.wp.com\/www.shqiperia.com\/blog\/wp-content\/uploads\/2025\/10\/lorenc-vangjeli.webp?resize=615%2C359&#038;ssl=1\" width=\"615\" height=\"359\" srcset=\"https:\/\/i0.wp.com\/www.shqiperia.com\/blog\/wp-content\/uploads\/2025\/10\/lorenc-vangjeli.webp?resize=300%2C175&amp;ssl=1 300w, https:\/\/i0.wp.com\/www.shqiperia.com\/blog\/wp-content\/uploads\/2025\/10\/lorenc-vangjeli.webp?resize=450%2C262&amp;ssl=1 450w, https:\/\/i0.wp.com\/www.shqiperia.com\/blog\/wp-content\/uploads\/2025\/10\/lorenc-vangjeli.webp?resize=600%2C350&amp;ssl=1 600w, https:\/\/i0.wp.com\/www.shqiperia.com\/blog\/wp-content\/uploads\/2025\/10\/lorenc-vangjeli.webp?resize=400%2C233&amp;ssl=1 400w, https:\/\/i0.wp.com\/www.shqiperia.com\/blog\/wp-content\/uploads\/2025\/10\/lorenc-vangjeli.webp?w=640&amp;ssl=1 640w\" sizes=\"auto, (max-width: 615px) 100vw, 615px\" \/><\/p>\n<p>21 Tetor 2025<\/p>\n<p>I ftuar n\u00eb nj\u00eb emision televiziv analisti Lorenc Vangjeli, deklaroi se pavar\u00ebsisht interesave t\u00eb aksionar\u00ebve, ata q\u00eb d\u00ebmtohen jan\u00eb shqiptar\u00ebt.<\/p>\n<p>\u201cP\u00ebr ata q\u00eb nis\u00ebn t\u00eb nd\u00ebrtojn\u00eb Aeroportin e Vlor\u00ebs, nuk ka pik\u00eb r\u00ebnd\u00ebsie n\u00ebse do t\u00eb ishte rentab\u00ebl. Sikur vet\u00ebm pelikan\u00eb t\u00eb kalojn\u00eb. Ata jan\u00eb n\u00eb rregull, sepse p\u00ebr 10 vjet rresht shteti shqiptar do t\u00eb paguante riskun e investimit.<\/p>\n<p>\u00c7far\u00eb kuptimi ka kjo? N\u00eb 2017 me nj\u00eb garanci m\u00eb t\u00eb vog\u00ebl se kjo, nj\u00eb kompani turke nuk e mori p\u00ebrsip\u00ebr. Tre vjet m\u00eb pas, kjo shum\u00eb u rrit te 130 milion\u00eb euro. Mos vall\u00eb 47 p\u00ebrqind t\u00eb kuotave t\u00eb aksioner\u00ebve q\u00eb u shit\u00ebn nga kompania turke jan\u00eb t\u00eb barabarta me riskun q\u00eb do t\u00eb paguante shteti?.<\/p>\n<p>E mbani mend Erion Bra\u00e7en kur ishte opozit\u00eb q\u00eb b\u00ebrtiste q\u00eb 49 p\u00ebrqind ishin shitur sa gjysma e \u00e7mimit t\u00eb nj\u00eb pice. T\u00ebrheqja e turqve dhe skualifikimi i britanik\u00ebve, e b\u00ebnte t\u00eb pavlefshme gar\u00ebn.<\/p>\n<p>Nga moment q\u00eb u largua ky komponent, kur shteti sheh q\u00eb s\u2019ka gjasa t\u00eb vazhdonte kjo gar\u00eb, s\u2019ka pik\u00eb r\u00ebnd\u00ebsie n\u00ebse parat\u00eb jan\u00eb n\u00eb xhepat e Pacollit apo Ademit. Jan\u00eb xhepa t\u00eb tjer\u00eb q\u00eb po mbushin xhepat me k\u00ebt\u00eb aeroport. P\u00ebr mua, po vidhen shqiptar\u00ebt nga projekti i k\u00ebtij aeroporti\u201d, deklaroi Vangjeli.<\/p>\n","protected":false},"excerpt":{"rendered":"<p>21 Tetor 2025 I ftuar n\u00eb nj\u00eb emision televiziv analisti Lorenc Vangjeli, deklaroi se pavar\u00ebsisht interesave t\u00eb aksionar\u00ebve, ata q\u00eb d\u00ebmtohen jan\u00eb shqiptar\u00ebt. \u201cP\u00ebr ata q\u00eb nis\u00ebn t\u00eb nd\u00ebrtojn\u00eb Aeroportin e Vlor\u00ebs, nuk ka pik\u00eb r\u00ebnd\u00ebsie n\u00ebse do t\u00eb ishte rentab\u00ebl. Sikur vet\u00ebm pelikan\u00eb t\u00eb kalojn\u00eb. Ata jan\u00eb n\u00eb rregull, sepse p\u00ebr 10 vjet rresht [&hellip;]<\/p>\n","protected":false},"author":9,"featured_media":94346,"comment_status":"open","ping_status":"open","sticky":false,"template":"","format":"standard","meta":{"jetpack_post_was_ever_published":false,"_jetpack_newsletter_access":"","_jetpack_dont_email_post_to_subs":false,"_jetpack_newsletter_tier_id":0,"_jetpack_memberships_contains_paywalled_content":false,"_jetpack_memberships_contains_paid_content":false,"footnotes":"","jetpack_publicize_message":"","jetpack_publicize_feature_enabled":true,"jetpack_social_post_already_shared":true,"jetpack_social_options":{"image_generator_settings":{"template":"highway","default_image_id":0,"font":"","enabled":false},"version":2}},"categories":[27,1,2],"tags":[],"class_list":["post-94345","post","type-post","status-publish","format-standard","has-post-thumbnail","hentry","category-blogu-i-udhetarit","category-njoftime-shtypi","category-politika"],"jetpack_publicize_connections":[],"jetpack_featured_media_url":"https:\/\/i0.wp.com\/www.shqiperia.com\/blog\/wp-content\/uploads\/2025\/10\/lorenc-vangjeli.webp?fit=640%2C373&ssl=1","jetpack_sharing_enabled":true,"jetpack_shortlink":"https:\/\/wp.me\/p5Z6wp-oxH","jetpack-related-posts":[{"id":64325,"url":"https:\/\/www.shqiperia.com\/blog\/lorenc-vangjeli-plas-deklaraten-e-forte-basha-i-kishte-vene-cmim-opozites-blihej-nga-qeveria\/","url_meta":{"origin":94345,"position":0},"title":"Lorenc Vangjeli plas deklarat\u00ebn e fort\u00eb: &#8211; Basha i kishte v\u00ebn\u00eb \u00e7mim opozit\u00ebs, blihej nga qeveria","author":"Kurt Farka","date":"November 14, 2022","format":false,"excerpt":"14 Nentor 2022 Analisti Lorenc Vangjeli ka b\u00ebr\u00eb nj\u00eb deklarat\u00eb t\u00eb fort\u00eb mbr\u00ebmjen e sotme p\u00ebr opozit\u00ebn, n\u00eb koh\u00ebn kur drejtohej nga Lulzi m Basha. Vangjeli tha se Basha i kishte v\u00ebn\u00eb nj\u00eb \u00e7mim opozit\u00ebs, ndonj\u00ebher\u00eb t\u00eb lir\u00eb dhe ndodnj\u00ebher\u00eb m\u00eb t\u00eb shtrenjt\u00eb p\u00ebr t\u00eb shitur kauza dhe opozitarizmin. Ai\u2026","rel":"","context":"In &quot;Blogu i Udh\u00ebtarit&quot;","block_context":{"text":"Blogu i Udh\u00ebtarit","link":"https:\/\/www.shqiperia.com\/blog\/category\/blogu-i-udhetarit\/"},"img":{"alt_text":"","src":"https:\/\/i0.wp.com\/www.shqiperia.com\/blog\/wp-content\/uploads\/2022\/11\/800-0-3d6898cda6800834ff1d648abc4885b5-1.jpg?fit=800%2C420&ssl=1&resize=350%2C200","width":350,"height":200,"srcset":"https:\/\/i0.wp.com\/www.shqiperia.com\/blog\/wp-content\/uploads\/2022\/11\/800-0-3d6898cda6800834ff1d648abc4885b5-1.jpg?fit=800%2C420&ssl=1&resize=350%2C200 1x, https:\/\/i0.wp.com\/www.shqiperia.com\/blog\/wp-content\/uploads\/2022\/11\/800-0-3d6898cda6800834ff1d648abc4885b5-1.jpg?fit=800%2C420&ssl=1&resize=525%2C300 1.5x, https:\/\/i0.wp.com\/www.shqiperia.com\/blog\/wp-content\/uploads\/2022\/11\/800-0-3d6898cda6800834ff1d648abc4885b5-1.jpg?fit=800%2C420&ssl=1&resize=700%2C400 2x"},"classes":[]},{"id":78082,"url":"https:\/\/www.shqiperia.com\/blog\/lorenc-vangjeli-vendi-ne-sinjal-alarmi-kemi-numrin-me-te-larte-te-paraburgosurve-ne-europe\/","url_meta":{"origin":94345,"position":1},"title":"Lorenc Vangjeli:- Vendi n\u00eb sinjal alarmi. &#8211; Kemi numrin m\u00eb t\u00eb lart\u00eb t\u00eb paraburgosurve n\u00eb Europ\u00eb.","author":"Kurt Farka","date":"February 9, 2024","format":false,"excerpt":"9 Shkurt 2024 Analisti Lorenc Vangjeli n\u00eb nj\u00eb studio televizive \u00ebsht\u00eb shprehur se koh\u00ebt e fundit ka nj\u00eb presion t\u00eb shtuar dhe nj\u00eb vet\u00ebdij\u00ebsim t\u00eb politik\u00ebs lidhur me sinjalin e alarmit ku Shqip\u00ebria \u00ebsht\u00eb n\u00eb Europ\u00eb vendi me p\u00ebrqindjen m\u00eb t\u00eb madhe t\u00eb t\u00eb paraburgosurve. Gazetari:\u00a0Si do t\u00eb shkoj\u00eb tendenca\u2026","rel":"","context":"In &quot;Blogu i Udh\u00ebtarit&quot;","block_context":{"text":"Blogu i Udh\u00ebtarit","link":"https:\/\/www.shqiperia.com\/blog\/category\/blogu-i-udhetarit\/"},"img":{"alt_text":"","src":"https:\/\/i0.wp.com\/www.shqiperia.com\/blog\/wp-content\/uploads\/2024\/02\/800-0-koridalos-780x405-1.jpg?fit=725%2C415&ssl=1&resize=350%2C200","width":350,"height":200,"srcset":"https:\/\/i0.wp.com\/www.shqiperia.com\/blog\/wp-content\/uploads\/2024\/02\/800-0-koridalos-780x405-1.jpg?fit=725%2C415&ssl=1&resize=350%2C200 1x, https:\/\/i0.wp.com\/www.shqiperia.com\/blog\/wp-content\/uploads\/2024\/02\/800-0-koridalos-780x405-1.jpg?fit=725%2C415&ssl=1&resize=525%2C300 1.5x, https:\/\/i0.wp.com\/www.shqiperia.com\/blog\/wp-content\/uploads\/2024\/02\/800-0-koridalos-780x405-1.jpg?fit=725%2C415&ssl=1&resize=700%2C400 2x"},"classes":[]},{"id":53819,"url":"https:\/\/www.shqiperia.com\/blog\/lorenc-vangjeli-nese-rrefehet-sajmir-tahiri-shume-politikane-shkojne-ne-burg-ai-ka-materiale-edhe-per-orgji-zyrtaresh\/","url_meta":{"origin":94345,"position":2},"title":"Lorenc Vangjeli: &#8211; N\u00ebse rr\u00ebfehet Sajmir Tahiri shum\u00eb politikan\u00eb shkojn\u00eb n\u00eb burg. &#8211; Ai ka materiale edhe p\u00ebr orgji zyrtar\u00ebsh","author":"Kurt Farka","date":"February 8, 2022","format":false,"excerpt":"Lorenc Vangjeli: - N\u00ebse rr\u00ebfehet Sajmir Tahiri shum\u00eb politikan\u00eb shkojn\u00eb n\u00eb burg. - Ai ka materiale edhe p\u00ebr orgji zyrtar\u00ebsh 7 Shkurt 2022 N\u00eb \u201cOpinion\u201d te Blendi Fevziu u fol p\u00ebr prapaskenat e burgosjes s\u00eb ish-ministrit Sajmir Tahiri. Nd\u00ebr t\u00eb ftuarit ishte dhe analisti i njohur Lorenc Vangjeli. Ai tha\u2026","rel":"","context":"In &quot;Blogu i Udh\u00ebtarit&quot;","block_context":{"text":"Blogu i Udh\u00ebtarit","link":"https:\/\/www.shqiperia.com\/blog\/category\/blogu-i-udhetarit\/"},"img":{"alt_text":"","src":"https:\/\/i0.wp.com\/www.shqiperia.com\/blog\/wp-content\/uploads\/2022\/02\/Lorenc-Vangjeli.jpg?fit=780%2C440&ssl=1&resize=350%2C200","width":350,"height":200,"srcset":"https:\/\/i0.wp.com\/www.shqiperia.com\/blog\/wp-content\/uploads\/2022\/02\/Lorenc-Vangjeli.jpg?fit=780%2C440&ssl=1&resize=350%2C200 1x, https:\/\/i0.wp.com\/www.shqiperia.com\/blog\/wp-content\/uploads\/2022\/02\/Lorenc-Vangjeli.jpg?fit=780%2C440&ssl=1&resize=525%2C300 1.5x, https:\/\/i0.wp.com\/www.shqiperia.com\/blog\/wp-content\/uploads\/2022\/02\/Lorenc-Vangjeli.jpg?fit=780%2C440&ssl=1&resize=700%2C400 2x"},"classes":[]},{"id":85048,"url":"https:\/\/www.shqiperia.com\/blog\/si-erdhen-nga-turqia-dhe-pse-shqiperia-i-adoptoi-analiza-e-ben-blushit-per-shtetin-bektashi\/","url_meta":{"origin":94345,"position":3},"title":"\u201cSi erdh\u00ebn nga Turqia dhe pse Shqip\u00ebria i adoptoi\u201d\/ Analiza e Ben Blushit p\u00ebr \u201cShtetin Bektashi\u201d.","author":"Kurt Farka","date":"September 26, 2024","format":false,"excerpt":"26 Shtator 2024 Nga Ben BLUSHI ....\"Do mund t\u00eb shkruaja qindra faqe duke fantazuar si jetohet brenda \u201cshtetit brenda shtetit\u201d me muzik\u00eb, me lodra, me dajre, me d\u00ebfrim dhe dervish\u00eb t\u00eb hipur mbi bagi q\u00eb rregullojn\u00eb trafikun e nj\u00eb pelegrinazhi fetar t\u00eb pand\u00ebrprer\u00eb\". ... Bektashizmi dhe Shqip\u00ebria N\u00ebse fet\u00eb e\u2026","rel":"","context":"In &quot;Blogu i Udh\u00ebtarit&quot;","block_context":{"text":"Blogu i Udh\u00ebtarit","link":"https:\/\/www.shqiperia.com\/blog\/category\/blogu-i-udhetarit\/"},"img":{"alt_text":"","src":"https:\/\/i0.wp.com\/www.shqiperia.com\/blog\/wp-content\/uploads\/2024\/09\/274678047_3238669729689641_7300204780612914612_n.jpg?fit=942%2C540&ssl=1&resize=350%2C200","width":350,"height":200,"srcset":"https:\/\/i0.wp.com\/www.shqiperia.com\/blog\/wp-content\/uploads\/2024\/09\/274678047_3238669729689641_7300204780612914612_n.jpg?fit=942%2C540&ssl=1&resize=350%2C200 1x, https:\/\/i0.wp.com\/www.shqiperia.com\/blog\/wp-content\/uploads\/2024\/09\/274678047_3238669729689641_7300204780612914612_n.jpg?fit=942%2C540&ssl=1&resize=525%2C300 1.5x, https:\/\/i0.wp.com\/www.shqiperia.com\/blog\/wp-content\/uploads\/2024\/09\/274678047_3238669729689641_7300204780612914612_n.jpg?fit=942%2C540&ssl=1&resize=700%2C400 2x"},"classes":[]},{"id":84905,"url":"https:\/\/www.shqiperia.com\/blog\/ky-eshte-nje-gur-qe-vret-vangjeli-zberthen-detajetja-cili-eshte-qellimi-i-rames-per-krijimin-e-shtetit-bektashi\/","url_meta":{"origin":94345,"position":4},"title":"\u201cKy \u00ebsht\u00eb nj\u00eb gur q\u00eb vret..\u201d, Vangjeli zb\u00ebrthen detajet:Ja cili \u00ebsht\u00eb q\u00ebllimi i Ram\u00ebs p\u00ebr krijimin e \u201cShtetit Bektashi\u201d","author":"Kurt Farka","date":"September 23, 2024","format":false,"excerpt":"23 Shtator 2024 Analisti Lorenc Vangjeli ishte i ftuar k\u00ebt\u00eb t\u00eb h\u00ebn\u00eb n\u00eb nj\u00eb emision televiziv ku analizoi disa nd\u00ebr q\u00ebllimet e mundshme t\u00eb kryeministrit Rama p\u00ebr krijimin e nj\u00eb shteti bektashi brenda vendit ton\u00eb. Ky plan, i cili konsiston n\u00eb krijimin e nj\u00eb shteti sipas modelit t\u00eb Vatikanit, sipas\u2026","rel":"","context":"In &quot;Blogu i Udh\u00ebtarit&quot;","block_context":{"text":"Blogu i Udh\u00ebtarit","link":"https:\/\/www.shqiperia.com\/blog\/category\/blogu-i-udhetarit\/"},"img":{"alt_text":"","src":"https:\/\/i0.wp.com\/www.shqiperia.com\/blog\/wp-content\/uploads\/2024\/09\/vangjeli-1024x597-1.jpg?fit=1024%2C597&ssl=1&resize=350%2C200","width":350,"height":200,"srcset":"https:\/\/i0.wp.com\/www.shqiperia.com\/blog\/wp-content\/uploads\/2024\/09\/vangjeli-1024x597-1.jpg?fit=1024%2C597&ssl=1&resize=350%2C200 1x, https:\/\/i0.wp.com\/www.shqiperia.com\/blog\/wp-content\/uploads\/2024\/09\/vangjeli-1024x597-1.jpg?fit=1024%2C597&ssl=1&resize=525%2C300 1.5x, https:\/\/i0.wp.com\/www.shqiperia.com\/blog\/wp-content\/uploads\/2024\/09\/vangjeli-1024x597-1.jpg?fit=1024%2C597&ssl=1&resize=700%2C400 2x"},"classes":[]},{"id":79727,"url":"https:\/\/www.shqiperia.com\/blog\/prangosja-e-ish-drejtoreve-te-bashkise-tirane-lorenc-vangjeli-ambicioz-te-rinj-pa-asnje-kontribut-publik-kane-menduar-se\/","url_meta":{"origin":94345,"position":5},"title":"Prangosja e ish-drejtor\u00ebve t\u00eb Bashkis\u00eb Tiran\u00eb. Lorenc Vangjeli: &#8211; Ambicioz t\u00eb rinj pa asnj\u00eb kontribut publik, kan\u00eb menduar se\u2026","author":"Kurt Farka","date":"March 28, 2024","format":false,"excerpt":"29 Mars 2024 Me urdh\u00ebr t\u00eb SPAK, tre ish-drejtor\u00eb t\u00eb bashkis\u00eb s\u00eb Tiran\u00ebs jan\u00eb v\u00ebn\u00eb n\u00eb pranga, nd\u00ebrsa p\u00ebr gjasht\u00eb t\u00eb tjer\u00eb jan\u00eb l\u00ebn\u00eb n\u00ebn mas\u00ebn detyrim paraqitje. Mbr\u00ebmjen e sotme n\u00eb studion e \u201cTop Story\u201d, Lorenc Vangjeli, u shpreh se SPAK po godet themelet e zyrtar\u00ebve q\u00eb kryejn\u00eb korrupsion\u2026","rel":"","context":"In &quot;Blogu i Udh\u00ebtarit&quot;","block_context":{"text":"Blogu i Udh\u00ebtarit","link":"https:\/\/www.shqiperia.com\/blog\/category\/blogu-i-udhetarit\/"},"img":{"alt_text":"","src":"https:\/\/i0.wp.com\/www.shqiperia.com\/blog\/wp-content\/uploads\/2024\/03\/98047366_2730504093839543_5452360518691979264_n-1.jpg?fit=728%2C500&ssl=1&resize=350%2C200","width":350,"height":200,"srcset":"https:\/\/i0.wp.com\/www.shqiperia.com\/blog\/wp-content\/uploads\/2024\/03\/98047366_2730504093839543_5452360518691979264_n-1.jpg?fit=728%2C500&ssl=1&resize=350%2C200 1x, https:\/\/i0.wp.com\/www.shqiperia.com\/blog\/wp-content\/uploads\/2024\/03\/98047366_2730504093839543_5452360518691979264_n-1.jpg?fit=728%2C500&ssl=1&resize=525%2C300 1.5x, https:\/\/i0.wp.com\/www.shqiperia.com\/blog\/wp-content\/uploads\/2024\/03\/98047366_2730504093839543_5452360518691979264_n-1.jpg?fit=728%2C500&ssl=1&resize=700%2C400 2x"},"classes":[]}],"_links":{"self":[{"href":"https:\/\/www.shqiperia.com\/blog\/wp-json\/wp\/v2\/posts\/94345","targetHints":{"allow":["GET"]}}],"collection":[{"href":"https:\/\/www.shqiperia.com\/blog\/wp-json\/wp\/v2\/posts"}],"about":[{"href":"https:\/\/www.shqiperia.com\/blog\/wp-json\/wp\/v2\/types\/post"}],"author":[{"embeddable":true,"href":"https:\/\/www.shqiperia.com\/blog\/wp-json\/wp\/v2\/users\/9"}],"replies":[{"embeddable":true,"href":"https:\/\/www.shqiperia.com\/blog\/wp-json\/wp\/v2\/comments?post=94345"}],"version-history":[{"count":1,"href":"https:\/\/www.shqiperia.com\/blog\/wp-json\/wp\/v2\/posts\/94345\/revisions"}],"predecessor-version":[{"id":94347,"href":"https:\/\/www.shqiperia.com\/blog\/wp-json\/wp\/v2\/posts\/94345\/revisions\/94347"}],"wp:featuredmedia":[{"embeddable":true,"href":"https:\/\/www.shqiperia.com\/blog\/wp-json\/wp\/v2\/media\/94346"}],"wp:attachment":[{"href":"https:\/\/www.shqiperia.com\/blog\/wp-json\/wp\/v2\/media?parent=94345"}],"wp:term":[{"taxonomy":"category","embeddable":true,"href":"https:\/\/www.shqiperia.com\/blog\/wp-json\/wp\/v2\/categories?post=94345"},{"taxonomy":"post_tag","embeddable":true,"href":"https:\/\/www.shqiperia.com\/blog\/wp-json\/wp\/v2\/tags?post=94345"}],"curies":[{"name":"wp","href":"https:\/\/api.w.org\/{rel}","templated":true}]}}