{"id":94342,"date":"2025-10-21T01:53:59","date_gmt":"2025-10-21T01:53:59","guid":{"rendered":"https:\/\/www.shqiperia.com\/blog\/?p=94342"},"modified":"2025-10-21T01:53:59","modified_gmt":"2025-10-21T01:53:59","slug":"tornado-e-fuqishme-ne-veri-te-parisit-nje-i-vdekur-dhe-disa-te-plagosur-rrezohen-vinca-dhe-shkaterrohen-ndertesa","status":"publish","type":"post","link":"https:\/\/www.shqiperia.com\/blog\/tornado-e-fuqishme-ne-veri-te-parisit-nje-i-vdekur-dhe-disa-te-plagosur-rrezohen-vinca-dhe-shkaterrohen-ndertesa\/","title":{"rendered":"Tornado e fuqishme n\u00eb veri t\u00eb Parisit\/ Nj\u00eb i vdekur dhe disa t\u00eb plagosur, rr\u00ebzohen vin\u00e7a dhe shkat\u00ebrrohen nd\u00ebrtesa"},"content":{"rendered":"<div class=\"firstP\">\n<p><img data-recalc-dims=\"1\" loading=\"lazy\" decoding=\"async\" data-attachment-id=\"94343\" data-permalink=\"https:\/\/www.shqiperia.com\/blog\/tornado-e-fuqishme-ne-veri-te-parisit-nje-i-vdekur-dhe-disa-te-plagosur-rrezohen-vinca-dhe-shkaterrohen-ndertesa\/tornado_paris1\/\" data-orig-file=\"https:\/\/i0.wp.com\/www.shqiperia.com\/blog\/wp-content\/uploads\/2025\/10\/tornado_paris1.jpg?fit=1360%2C913&amp;ssl=1\" data-orig-size=\"1360,913\" data-comments-opened=\"1\" data-image-meta=\"{&quot;aperture&quot;:&quot;0&quot;,&quot;credit&quot;:&quot;&quot;,&quot;camera&quot;:&quot;&quot;,&quot;caption&quot;:&quot;&quot;,&quot;created_timestamp&quot;:&quot;0&quot;,&quot;copyright&quot;:&quot;&quot;,&quot;focal_length&quot;:&quot;0&quot;,&quot;iso&quot;:&quot;0&quot;,&quot;shutter_speed&quot;:&quot;0&quot;,&quot;title&quot;:&quot;&quot;,&quot;orientation&quot;:&quot;0&quot;}\" data-image-title=\"tornado_paris1\" data-image-description=\"\" data-image-caption=\"\" data-medium-file=\"https:\/\/i0.wp.com\/www.shqiperia.com\/blog\/wp-content\/uploads\/2025\/10\/tornado_paris1.jpg?fit=300%2C201&amp;ssl=1\" data-large-file=\"https:\/\/i0.wp.com\/www.shqiperia.com\/blog\/wp-content\/uploads\/2025\/10\/tornado_paris1.jpg?fit=1024%2C687&amp;ssl=1\" class=\"alignnone  wp-image-94343\" alt=\"\" src=\"https:\/\/i0.wp.com\/www.shqiperia.com\/blog\/wp-content\/uploads\/2025\/10\/tornado_paris1.jpg?resize=590%2C395&#038;ssl=1\" width=\"590\" height=\"395\" srcset=\"https:\/\/i0.wp.com\/www.shqiperia.com\/blog\/wp-content\/uploads\/2025\/10\/tornado_paris1.jpg?resize=300%2C201&amp;ssl=1 300w, https:\/\/i0.wp.com\/www.shqiperia.com\/blog\/wp-content\/uploads\/2025\/10\/tornado_paris1.jpg?resize=1024%2C687&amp;ssl=1 1024w, https:\/\/i0.wp.com\/www.shqiperia.com\/blog\/wp-content\/uploads\/2025\/10\/tornado_paris1.jpg?resize=768%2C516&amp;ssl=1 768w, https:\/\/i0.wp.com\/www.shqiperia.com\/blog\/wp-content\/uploads\/2025\/10\/tornado_paris1.jpg?resize=450%2C302&amp;ssl=1 450w, https:\/\/i0.wp.com\/www.shqiperia.com\/blog\/wp-content\/uploads\/2025\/10\/tornado_paris1.jpg?resize=600%2C403&amp;ssl=1 600w, https:\/\/i0.wp.com\/www.shqiperia.com\/blog\/wp-content\/uploads\/2025\/10\/tornado_paris1.jpg?resize=1300%2C873&amp;ssl=1 1300w, https:\/\/i0.wp.com\/www.shqiperia.com\/blog\/wp-content\/uploads\/2025\/10\/tornado_paris1.jpg?resize=400%2C269&amp;ssl=1 400w, https:\/\/i0.wp.com\/www.shqiperia.com\/blog\/wp-content\/uploads\/2025\/10\/tornado_paris1.jpg?w=1360&amp;ssl=1 1360w\" sizes=\"auto, (max-width: 590px) 100vw, 590px\" \/><\/p>\n<p>21 Tetor 025<\/p>\n<p>N\u00eb rajonin Val d\u2019Oise, n\u00eb veri t\u00eb Parisit, nj\u00eb tornado e rrall\u00eb, por e fuqishme goditi zon\u00ebn pasditen e sotme, duke l\u00ebn\u00eb pas nj\u00eb person t\u00eb vdekur dhe disa t\u00eb tjer\u00eb t\u00eb plagosur r\u00ebnd\u00eb.<\/p>\n<\/div>\n<p>Sipas t\u00eb dh\u00ebnave nga ministri i Brendsh\u00ebm i Franc\u00ebs, Laurent Nunez, tornadoja shkat\u00ebrruese goditi zon\u00ebn duke v\u00ebn\u00eb autoritetet n\u00eb alarm p\u00ebr shkall\u00ebn e d\u00ebmeve t\u00eb shkaktuara.<\/p>\n<p>Nj\u00eb viktim\u00eb \u00ebsht\u00eb konfirmuar, nd\u00ebrsa t\u00eb pakt\u00ebn kat\u00ebr persona raportohet t\u00eb jen\u00eb plagosur r\u00ebnd\u00eb. Videot q\u00eb kan\u00eb qarkulluar n\u00eb rrjetet sociale tregojn\u00eb momentet dramatike kur tre vin\u00e7a nd\u00ebrtimi jan\u00eb rr\u00ebzuar nga forca e er\u00ebs, nd\u00ebrsa \u00e7ati, dritare dhe objekte t\u00eb tjera jan\u00eb shkat\u00ebrruar n\u00eb komunat Ermont, Eaubonne dhe Franconville.<\/p>\n<p>Sipas raportimeve meteorologjike, fenomeni u shfaq n\u00eb or\u00ebt e mbr\u00ebmjes dhe u karakterizua nga p\u00ebrmbytje t\u00eb shpejta dhe er\u00ebra jasht\u00ebzakonisht t\u00eb forta. Ende nuk \u00ebsht\u00eb b\u00ebr\u00eb vler\u00ebsimi p\u00ebrfundimtar i shkall\u00ebs s\u00eb tornad\u00ebs, por d\u00ebmet jan\u00eb p\u00ebrshkruar si t\u00eb m\u00ebdha dhe t\u00eb p\u00ebrhapura.<\/p>\n","protected":false},"excerpt":{"rendered":"<p>21 Tetor 025 N\u00eb rajonin Val d\u2019Oise, n\u00eb veri t\u00eb Parisit, nj\u00eb tornado e rrall\u00eb, por e fuqishme goditi zon\u00ebn pasditen e sotme, duke l\u00ebn\u00eb pas nj\u00eb person t\u00eb vdekur dhe disa t\u00eb tjer\u00eb t\u00eb plagosur r\u00ebnd\u00eb. Sipas t\u00eb dh\u00ebnave nga ministri i Brendsh\u00ebm i Franc\u00ebs, Laurent Nunez, tornadoja shkat\u00ebrruese goditi zon\u00ebn duke v\u00ebn\u00eb autoritetet [&hellip;]<\/p>\n","protected":false},"author":9,"featured_media":94343,"comment_status":"open","ping_status":"open","sticky":false,"template":"","format":"standard","meta":{"jetpack_post_was_ever_published":false,"_jetpack_newsletter_access":"","_jetpack_dont_email_post_to_subs":false,"_jetpack_newsletter_tier_id":0,"_jetpack_memberships_contains_paywalled_content":false,"_jetpack_memberships_contains_paid_content":false,"footnotes":"","jetpack_publicize_message":"","jetpack_publicize_feature_enabled":true,"jetpack_social_post_already_shared":true,"jetpack_social_options":{"image_generator_settings":{"template":"highway","default_image_id":0,"font":"","enabled":false},"version":2}},"categories":[27,1],"tags":[],"class_list":["post-94342","post","type-post","status-publish","format-standard","has-post-thumbnail","hentry","category-blogu-i-udhetarit","category-njoftime-shtypi"],"jetpack_publicize_connections":[],"jetpack_featured_media_url":"https:\/\/i0.wp.com\/www.shqiperia.com\/blog\/wp-content\/uploads\/2025\/10\/tornado_paris1.jpg?fit=1360%2C913&ssl=1","jetpack_sharing_enabled":true,"jetpack_shortlink":"https:\/\/wp.me\/p5Z6wp-oxE","jetpack-related-posts":[{"id":51385,"url":"https:\/\/www.shqiperia.com\/blog\/moti-i-keq-godet-italine-1-i-vdekur-dhe-4-te-zhdukur-ne-sardenja\/","url_meta":{"origin":94342,"position":0},"title":"Moti i keq godet Italin\u00eb, 1 i vdekur dhe 4 t\u00eb zhdukur n\u00eb Sardenja","author":"Kurt Farka","date":"November 14, 2021","format":false,"excerpt":"Moti i keq godet Italin\u00eb, 1 i vdekur dhe 4 t\u00eb zhdukur n\u00eb Sardenja 14 N\u00cbNTOR 2021 Moti i keq q\u00eb ka p\u00ebrfshir\u00eb Italin\u00eb, kryesisht n\u00eb jug t\u00eb Sardenja ka shkaktuar 1 viktim\u00eb dhe 4 t\u00eb zhdukur, dhe ka l\u00ebn\u00eb qindra t\u00eb pastreh\u00eb, sipas nj\u00eb bilanci t\u00eb ri t\u00eb Ministris\u00eb\u2026","rel":"","context":"In &quot;Blogu i Udh\u00ebtarit&quot;","block_context":{"text":"Blogu i Udh\u00ebtarit","link":"https:\/\/www.shqiperia.com\/blog\/category\/blogu-i-udhetarit\/"},"img":{"alt_text":"","src":"https:\/\/i0.wp.com\/www.shqiperia.com\/blog\/wp-content\/uploads\/2021\/11\/Foto-Ilustruese.jpg?fit=850%2C568&ssl=1&resize=350%2C200","width":350,"height":200,"srcset":"https:\/\/i0.wp.com\/www.shqiperia.com\/blog\/wp-content\/uploads\/2021\/11\/Foto-Ilustruese.jpg?fit=850%2C568&ssl=1&resize=350%2C200 1x, https:\/\/i0.wp.com\/www.shqiperia.com\/blog\/wp-content\/uploads\/2021\/11\/Foto-Ilustruese.jpg?fit=850%2C568&ssl=1&resize=525%2C300 1.5x, https:\/\/i0.wp.com\/www.shqiperia.com\/blog\/wp-content\/uploads\/2021\/11\/Foto-Ilustruese.jpg?fit=850%2C568&ssl=1&resize=700%2C400 2x"},"classes":[]},{"id":68682,"url":"https:\/\/www.shqiperia.com\/blog\/panik-ne-shba-vendi-goditet-nga-stuhi-te-fuqishme-ere-autoritetet-ngrene-alarmin\/","url_meta":{"origin":94342,"position":1},"title":"Panik n\u00eb SHBA, vendi goditet nga stuhi t\u00eb fuqishme ere, autoritetet ngren\u00eb alarmin","author":"Kurt Farka","date":"February 27, 2023","format":false,"excerpt":"27 Shkurt 2023 Stuhi t\u00eb fuqishme ere kan\u00eb vijuar t\u00eb godasin Shtetet e Bashkuara edhe p\u00ebrgjat\u00eb\u00a0 k\u00ebsaj t\u00eb h\u00ebn\u00eb. Oklahoma dhe Kansas n\u00eb SHBA jan\u00eb\u00a0 goditur nga stuhi t\u00eb fuqishme ere dhe tornadosh duke\u00a0 l\u00ebn\u00eb m\u00eb shum\u00eb se dhjet\u00ebra persona t\u00eb plagosur. Disa banor\u00eb n\u00eb Michigan vijojn\u00eb t\u00eb p\u00ebrballen me\u2026","rel":"","context":"In &quot;Blogu i Udh\u00ebtarit&quot;","block_context":{"text":"Blogu i Udh\u00ebtarit","link":"https:\/\/www.shqiperia.com\/blog\/category\/blogu-i-udhetarit\/"},"img":{"alt_text":"","src":"https:\/\/i0.wp.com\/www.shqiperia.com\/blog\/wp-content\/uploads\/2023\/02\/800-0-f79dfbc8657ae00120dc3fc153e55e54.png?fit=800%2C494&ssl=1&resize=350%2C200","width":350,"height":200,"srcset":"https:\/\/i0.wp.com\/www.shqiperia.com\/blog\/wp-content\/uploads\/2023\/02\/800-0-f79dfbc8657ae00120dc3fc153e55e54.png?fit=800%2C494&ssl=1&resize=350%2C200 1x, https:\/\/i0.wp.com\/www.shqiperia.com\/blog\/wp-content\/uploads\/2023\/02\/800-0-f79dfbc8657ae00120dc3fc153e55e54.png?fit=800%2C494&ssl=1&resize=525%2C300 1.5x, https:\/\/i0.wp.com\/www.shqiperia.com\/blog\/wp-content\/uploads\/2023\/02\/800-0-f79dfbc8657ae00120dc3fc153e55e54.png?fit=800%2C494&ssl=1&resize=700%2C400 2x"},"classes":[]},{"id":94997,"url":"https:\/\/www.shqiperia.com\/blog\/izraeli-sulmon-serish-gazen-28-te-vrare-mes-tyre-9-femije-hamasi-shba-ushtroni-presion-ndaj-tel-avivit\/","url_meta":{"origin":94342,"position":2},"title":"Izraeli sulmon s\u00ebrish Gaz\u00ebn, 28 t\u00eb vrar\u00eb, mes tyre 9 f\u00ebmij\u00eb\/ Hamasi-SHBA: Ushtroni presion ndaj Tel Avivit","author":"Kurt Farka","date":"November 20, 2025","format":false,"excerpt":"20 Nentor 2025 T\u00eb pakt\u00ebn 28 palestinez\u00eb, mes tyre 9 f\u00ebmij\u00eb, u vran\u00eb t\u00eb m\u00ebrkur\u00ebn nga sulmet ajrore izraelite n\u00eb disa zona t\u00eb Gaz\u00ebs, duke sh\u00ebnuar p\u00ebrshkall\u00ebzimin m\u00eb t\u00eb fundit t\u00eb dhun\u00ebs q\u00eb nga hyrja n\u00eb fuqi e arm\u00ebpushimit mes Izraelit dhe Hamasit. Ushtria izraelite deklaroi se goditi objektiva t\u00eb\u00a0Hamasit\u00a0n\u00eb\u2026","rel":"","context":"In &quot;Blogu i Udh\u00ebtarit&quot;","block_context":{"text":"Blogu i Udh\u00ebtarit","link":"https:\/\/www.shqiperia.com\/blog\/category\/blogu-i-udhetarit\/"},"img":{"alt_text":"","src":"https:\/\/i0.wp.com\/www.shqiperia.com\/blog\/wp-content\/uploads\/2025\/11\/2025-11-19t081422z-509440875-rc2hzha9zimr-rtrmadp-3-israel-palestinians-gaza_sd.jpg?fit=1200%2C675&ssl=1&resize=350%2C200","width":350,"height":200,"srcset":"https:\/\/i0.wp.com\/www.shqiperia.com\/blog\/wp-content\/uploads\/2025\/11\/2025-11-19t081422z-509440875-rc2hzha9zimr-rtrmadp-3-israel-palestinians-gaza_sd.jpg?fit=1200%2C675&ssl=1&resize=350%2C200 1x, https:\/\/i0.wp.com\/www.shqiperia.com\/blog\/wp-content\/uploads\/2025\/11\/2025-11-19t081422z-509440875-rc2hzha9zimr-rtrmadp-3-israel-palestinians-gaza_sd.jpg?fit=1200%2C675&ssl=1&resize=525%2C300 1.5x, https:\/\/i0.wp.com\/www.shqiperia.com\/blog\/wp-content\/uploads\/2025\/11\/2025-11-19t081422z-509440875-rc2hzha9zimr-rtrmadp-3-israel-palestinians-gaza_sd.jpg?fit=1200%2C675&ssl=1&resize=700%2C400 2x, https:\/\/i0.wp.com\/www.shqiperia.com\/blog\/wp-content\/uploads\/2025\/11\/2025-11-19t081422z-509440875-rc2hzha9zimr-rtrmadp-3-israel-palestinians-gaza_sd.jpg?fit=1200%2C675&ssl=1&resize=1050%2C600 3x"},"classes":[]},{"id":80473,"url":"https:\/\/www.shqiperia.com\/blog\/tornadot-godasin-shba-shkaktojne-deme-te-medha\/","url_meta":{"origin":94342,"position":3},"title":"Tornadot godasin SHBA, shkaktojn\u00eb d\u00ebme t\u00eb m\u00ebdha","author":"Kurt Farka","date":"April 27, 2024","format":false,"excerpt":"27 Prill 2024 Dhjet\u00ebra tornado e kan\u00eb goditur pjes\u00ebn qendrore t\u00eb Shteteve t\u00eb Bashkuara t\u00eb Amerik\u00ebs (SHBA) t\u00eb premten mbr\u00ebma, duke d\u00ebmtuar sht\u00ebpi dhe nd\u00ebrtesa, si dhe duke l\u00ebnduar disa njer\u00ebz, njoftuan autoritetet. M\u00eb shum\u00eb se 70 tornado u regjistruan n\u00eb gjith\u00eb vendin nga Sh\u00ebrbimi Komb\u00ebtar i Motit i SHBA-s\u00eb,\u2026","rel":"","context":"In &quot;Blogu i Udh\u00ebtarit&quot;","block_context":{"text":"Blogu i Udh\u00ebtarit","link":"https:\/\/www.shqiperia.com\/blog\/category\/blogu-i-udhetarit\/"},"img":{"alt_text":"","src":"https:\/\/i0.wp.com\/www.shqiperia.com\/blog\/wp-content\/uploads\/2024\/04\/800-0-fafb56c5a040e9f3e26d2ade734432e9.png?fit=800%2C538&ssl=1&resize=350%2C200","width":350,"height":200,"srcset":"https:\/\/i0.wp.com\/www.shqiperia.com\/blog\/wp-content\/uploads\/2024\/04\/800-0-fafb56c5a040e9f3e26d2ade734432e9.png?fit=800%2C538&ssl=1&resize=350%2C200 1x, https:\/\/i0.wp.com\/www.shqiperia.com\/blog\/wp-content\/uploads\/2024\/04\/800-0-fafb56c5a040e9f3e26d2ade734432e9.png?fit=800%2C538&ssl=1&resize=525%2C300 1.5x, https:\/\/i0.wp.com\/www.shqiperia.com\/blog\/wp-content\/uploads\/2024\/04\/800-0-fafb56c5a040e9f3e26d2ade734432e9.png?fit=800%2C538&ssl=1&resize=700%2C400 2x"},"classes":[]},{"id":83860,"url":"https:\/\/www.shqiperia.com\/blog\/e-rende-ne-gjermani-nje-grua-godet-me-thike-dhe-plagos-pese-persona-brenda-nje-autobusi-tre-prej-tyre-ne-gjendje-kritike\/","url_meta":{"origin":94342,"position":4},"title":"E r\u00ebnd\u00eb n\u00eb Gjermani, nj\u00eb grua godet me thik\u00eb dhe plagos pes\u00eb persona brenda nj\u00eb autobusi! &#8211; Tre prej tyre n\u00eb gjendje kritike","author":"Kurt Farka","date":"August 31, 2024","format":false,"excerpt":"31 Gusht 2024 Nj\u00eb ngjarje e r\u00ebnd\u00eb \u00ebsht\u00eb sh\u00ebnuar n\u00eb qytetin per\u00ebndimor t\u00eb Gjermanis\u00eb, Siegen, ku nj\u00eb grua raportohet se goditi me thik\u00eb disa persona n\u00eb nj\u00eb autobus, duke plagosur pes\u00eb prej tyre. Sipas policis\u00eb lokale, e dyshuara e mosh\u00ebs 32 vje\u00e7are \u00ebsht\u00eb arrestuar dhe p\u00ebr momentin nuk ka t\u00eb\u2026","rel":"","context":"In &quot;Blogu i Udh\u00ebtarit&quot;","block_context":{"text":"Blogu i Udh\u00ebtarit","link":"https:\/\/www.shqiperia.com\/blog\/category\/blogu-i-udhetarit\/"},"img":{"alt_text":"","src":"https:\/\/i0.wp.com\/www.shqiperia.com\/blog\/wp-content\/uploads\/2024\/08\/IMG_6996.jpeg?fit=1200%2C763&ssl=1&resize=350%2C200","width":350,"height":200,"srcset":"https:\/\/i0.wp.com\/www.shqiperia.com\/blog\/wp-content\/uploads\/2024\/08\/IMG_6996.jpeg?fit=1200%2C763&ssl=1&resize=350%2C200 1x, https:\/\/i0.wp.com\/www.shqiperia.com\/blog\/wp-content\/uploads\/2024\/08\/IMG_6996.jpeg?fit=1200%2C763&ssl=1&resize=525%2C300 1.5x, https:\/\/i0.wp.com\/www.shqiperia.com\/blog\/wp-content\/uploads\/2024\/08\/IMG_6996.jpeg?fit=1200%2C763&ssl=1&resize=700%2C400 2x, https:\/\/i0.wp.com\/www.shqiperia.com\/blog\/wp-content\/uploads\/2024\/08\/IMG_6996.jpeg?fit=1200%2C763&ssl=1&resize=1050%2C600 3x"},"classes":[]},{"id":62464,"url":"https:\/\/www.shqiperia.com\/blog\/japoni-50-te-vdekur-dhe-miliona-te-evakuuar-u-godit-nga-tajfuni-nanmadol\/","url_meta":{"origin":94342,"position":5},"title":"Japoni: &#8211; 50 t\u00eb vdekur dhe miliona t\u00eb evakuuar, u godit nga tajfuni Nanmadol.","author":"Kurt Farka","date":"September 19, 2022","format":false,"excerpt":"19 Shtator 2022 Ishulli Kyushu n\u00eb qytetin jugor Kagoshima t\u00eb Japonis\u00eb u godit nga tajfuni Nanmadol. Si pasoj\u00eb e stuhis\u00eb s\u00eb fuqishme mediat raportojn\u00eb se ka humbur jet\u00ebn nj\u00eb person, jan\u00eb plagosur 50 t\u00eb tjer\u00eb dhe jan\u00eb regjistruar d\u00ebme t\u00eb shumta materiale. Autoritetet than\u00eb se er\u00ebrat arrit\u00ebn shpejt\u00ebsi maksimale deri\u2026","rel":"","context":"In &quot;Blogu i Udh\u00ebtarit&quot;","block_context":{"text":"Blogu i Udh\u00ebtarit","link":"https:\/\/www.shqiperia.com\/blog\/category\/blogu-i-udhetarit\/"},"img":{"alt_text":"","src":"https:\/\/i0.wp.com\/www.shqiperia.com\/blog\/wp-content\/uploads\/2022\/09\/800-0-632879e6762a9.jpg?fit=800%2C453&ssl=1&resize=350%2C200","width":350,"height":200,"srcset":"https:\/\/i0.wp.com\/www.shqiperia.com\/blog\/wp-content\/uploads\/2022\/09\/800-0-632879e6762a9.jpg?fit=800%2C453&ssl=1&resize=350%2C200 1x, https:\/\/i0.wp.com\/www.shqiperia.com\/blog\/wp-content\/uploads\/2022\/09\/800-0-632879e6762a9.jpg?fit=800%2C453&ssl=1&resize=525%2C300 1.5x, https:\/\/i0.wp.com\/www.shqiperia.com\/blog\/wp-content\/uploads\/2022\/09\/800-0-632879e6762a9.jpg?fit=800%2C453&ssl=1&resize=700%2C400 2x"},"classes":[]}],"_links":{"self":[{"href":"https:\/\/www.shqiperia.com\/blog\/wp-json\/wp\/v2\/posts\/94342","targetHints":{"allow":["GET"]}}],"collection":[{"href":"https:\/\/www.shqiperia.com\/blog\/wp-json\/wp\/v2\/posts"}],"about":[{"href":"https:\/\/www.shqiperia.com\/blog\/wp-json\/wp\/v2\/types\/post"}],"author":[{"embeddable":true,"href":"https:\/\/www.shqiperia.com\/blog\/wp-json\/wp\/v2\/users\/9"}],"replies":[{"embeddable":true,"href":"https:\/\/www.shqiperia.com\/blog\/wp-json\/wp\/v2\/comments?post=94342"}],"version-history":[{"count":1,"href":"https:\/\/www.shqiperia.com\/blog\/wp-json\/wp\/v2\/posts\/94342\/revisions"}],"predecessor-version":[{"id":94344,"href":"https:\/\/www.shqiperia.com\/blog\/wp-json\/wp\/v2\/posts\/94342\/revisions\/94344"}],"wp:featuredmedia":[{"embeddable":true,"href":"https:\/\/www.shqiperia.com\/blog\/wp-json\/wp\/v2\/media\/94343"}],"wp:attachment":[{"href":"https:\/\/www.shqiperia.com\/blog\/wp-json\/wp\/v2\/media?parent=94342"}],"wp:term":[{"taxonomy":"category","embeddable":true,"href":"https:\/\/www.shqiperia.com\/blog\/wp-json\/wp\/v2\/categories?post=94342"},{"taxonomy":"post_tag","embeddable":true,"href":"https:\/\/www.shqiperia.com\/blog\/wp-json\/wp\/v2\/tags?post=94342"}],"curies":[{"name":"wp","href":"https:\/\/api.w.org\/{rel}","templated":true}]}}