{"id":94339,"date":"2025-10-18T18:00:06","date_gmt":"2025-10-18T18:00:06","guid":{"rendered":"https:\/\/www.shqiperia.com\/blog\/?p=94339"},"modified":"2025-10-18T18:00:06","modified_gmt":"2025-10-18T18:00:06","slug":"zyrtari-i-okb-se-viziton-gazen-qyteti-eshte-kthyer-ne-shkretetire","status":"publish","type":"post","link":"https:\/\/www.shqiperia.com\/blog\/zyrtari-i-okb-se-viziton-gazen-qyteti-eshte-kthyer-ne-shkretetire\/","title":{"rendered":"Zyrtari i OKB-s\u00eb viziton Gaz\u00ebn &#8211; Qyteti \u00ebsht\u00eb kthyer n\u00eb shkret\u00ebtir\u00eb!"},"content":{"rendered":"<p><img data-recalc-dims=\"1\" loading=\"lazy\" decoding=\"async\" data-attachment-id=\"94340\" data-permalink=\"https:\/\/www.shqiperia.com\/blog\/zyrtari-i-okb-se-viziton-gazen-qyteti-eshte-kthyer-ne-shkretetire\/okb-3\/\" data-orig-file=\"https:\/\/i0.wp.com\/www.shqiperia.com\/blog\/wp-content\/uploads\/2025\/10\/okb.jpg?fit=996%2C572&amp;ssl=1\" data-orig-size=\"996,572\" data-comments-opened=\"1\" data-image-meta=\"{&quot;aperture&quot;:&quot;0&quot;,&quot;credit&quot;:&quot;&quot;,&quot;camera&quot;:&quot;&quot;,&quot;caption&quot;:&quot;&quot;,&quot;created_timestamp&quot;:&quot;0&quot;,&quot;copyright&quot;:&quot;&quot;,&quot;focal_length&quot;:&quot;0&quot;,&quot;iso&quot;:&quot;0&quot;,&quot;shutter_speed&quot;:&quot;0&quot;,&quot;title&quot;:&quot;&quot;,&quot;orientation&quot;:&quot;0&quot;}\" data-image-title=\"okb\" data-image-description=\"\" data-image-caption=\"\" data-medium-file=\"https:\/\/i0.wp.com\/www.shqiperia.com\/blog\/wp-content\/uploads\/2025\/10\/okb.jpg?fit=300%2C172&amp;ssl=1\" data-large-file=\"https:\/\/i0.wp.com\/www.shqiperia.com\/blog\/wp-content\/uploads\/2025\/10\/okb.jpg?fit=996%2C572&amp;ssl=1\" class=\"alignnone  wp-image-94340\" alt=\"\" src=\"https:\/\/i0.wp.com\/www.shqiperia.com\/blog\/wp-content\/uploads\/2025\/10\/okb.jpg?resize=708%2C406&#038;ssl=1\" width=\"708\" height=\"406\" srcset=\"https:\/\/i0.wp.com\/www.shqiperia.com\/blog\/wp-content\/uploads\/2025\/10\/okb.jpg?resize=300%2C172&amp;ssl=1 300w, https:\/\/i0.wp.com\/www.shqiperia.com\/blog\/wp-content\/uploads\/2025\/10\/okb.jpg?resize=768%2C441&amp;ssl=1 768w, https:\/\/i0.wp.com\/www.shqiperia.com\/blog\/wp-content\/uploads\/2025\/10\/okb.jpg?resize=450%2C258&amp;ssl=1 450w, https:\/\/i0.wp.com\/www.shqiperia.com\/blog\/wp-content\/uploads\/2025\/10\/okb.jpg?resize=600%2C345&amp;ssl=1 600w, https:\/\/i0.wp.com\/www.shqiperia.com\/blog\/wp-content\/uploads\/2025\/10\/okb.jpg?resize=400%2C230&amp;ssl=1 400w, https:\/\/i0.wp.com\/www.shqiperia.com\/blog\/wp-content\/uploads\/2025\/10\/okb.jpg?w=996&amp;ssl=1 996w\" sizes=\"auto, (max-width: 708px) 100vw, 708px\" \/><\/p>\n<p><strong>18 Tetor 2025<\/strong><\/p>\n<p><strong>Kreu i operacioneve humanitare t\u00eb OKB-s\u00eb, Tom Fletcher, vizitoi sot qytetin e Gaz\u00ebs, duke theksuar se organizatat nd\u00ebrkomb\u00ebtare humanitare p\u00ebrballen me nj\u00eb detyr\u00eb gjigante p\u00ebr t\u00eb rikthyer sh\u00ebrbimet baz\u00eb dhe sigurimin e ushqimit p\u00ebr civil\u00ebt n\u00eb enklav\u00ebn palestineze t\u00eb rr\u00ebnuar nga lufta.<\/strong><\/p>\n<p>Fletcher \u00ebsht\u00eb zyrtari i par\u00eb i nivelit t\u00eb lart\u00eb nga Kombet e Bashkuara q\u00eb hyn n\u00eb Rripin e Gaz\u00ebs pas ndalimit t\u00eb luftimeve midis Izraelit dhe Hamasit m\u00eb 10 tetor, kur hyri n\u00eb fuqi marr\u00ebveshja p\u00ebr arm\u00ebpushim. Ai mb\u00ebrriti n\u00eb qytet me nj\u00eb autokolon\u00eb t\u00eb bardh\u00eb t\u00eb OKB-s\u00eb dhe vizitoi lagjen Sheik Raduan, ku inspektoi nj\u00eb impiant t\u00eb p\u00ebrpunimit t\u00eb uj\u00ebrave t\u00eb zeza.<\/p>\n<p><em>\u201cIsha k\u00ebtu para 7 ose 8 muajsh. Shumica e nd\u00ebrtesave ishin ende n\u00eb k\u00ebmb\u00eb. \u00cbsht\u00eb trondit\u00ebse t\u00eb shoh\u00ebsh q\u00eb nj\u00eb pjes\u00eb e madhe e qytetit \u00ebsht\u00eb kthyer n\u00eb nj\u00eb peizazh shkret\u00ebtire,\u201d \u2013 tha Fletcher.<\/em><\/p>\n<p>Nj\u00eb pjes\u00eb e konsiderueshme e Gaz\u00ebs \u00ebsht\u00eb shkat\u00ebrruar nga ofensiva ushtarake izraelite, si p\u00ebrgjigje ndaj sulmit t\u00eb Hamasit ndaj Izraelit m\u00eb 7 tetor 2023. Ushtria izraelite vijon t\u00eb mbaj\u00eb n\u00ebn kontroll t\u00eb rrept\u00eb kufijt\u00eb e enklav\u00ebs, duke kufizuar hyrjen e ndihmave humanitare.<\/p>\n<p>Arm\u00ebpushimi, i nd\u00ebrtuar mbi nj\u00eb plan t\u00eb propozuar nga presidenti amerikan Donald Trump, parashikon leht\u00ebsimin e hyrjes s\u00eb ndihmave jetike p\u00ebr popullsin\u00eb civile.<\/p>\n<p><em>\u201cKemi p\u00ebrpara nj\u00eb plan masiv 60-ditor p\u00ebr t\u00eb rritur furnizimin me ushqime, p\u00ebr t\u00eb shp\u00ebrndar\u00eb nj\u00eb milion vakte n\u00eb dit\u00eb, p\u00ebr t\u00eb nisur rind\u00ebrtimin e sektorit sh\u00ebndet\u00ebsor, p\u00ebr t\u00eb ngritur tenda p\u00ebr dim\u00ebr dhe p\u00ebr t\u00eb rikthyer qindra mij\u00ebra f\u00ebmij\u00eb n\u00eb shkoll\u00eb,\u201d \u2013 deklaroi zyrtari i OKB-s\u00eb.<\/em><\/p>\n<p>Fletcher, i cili hyri n\u00eb Rripin e Gaz\u00ebs dit\u00ebn e premte, tha se Zyra p\u00ebr Koordinimin e \u00c7\u00ebshtjeve Humanitare e OKB-s\u00eb (OCHA) ka p\u00ebrpara nj\u00eb sfid\u00eb t\u00eb jasht\u00ebzakonshme.<\/p>\n<p><em>\u201cNa pret nj\u00eb pun\u00eb gjigante\u2026 por ua kemi borxh njer\u00ebzve k\u00ebtu, q\u00eb kan\u00eb p\u00ebrjetuar vuajtje t\u00eb pap\u00ebrshkrueshme. Duhet b\u00ebr\u00eb nj\u00eb pun\u00eb e jasht\u00ebzakonshme,\u201d \u2013 u shpreh ai.<\/em><\/p>\n<p>Organizatat humanitare nd\u00ebrkomb\u00ebtare kan\u00eb b\u00ebr\u00eb thirrje p\u00ebr hapjen e plot\u00eb t\u00eb t\u00eb gjitha pikave kufitare t\u00eb Gaz\u00ebs, p\u00ebrfshir\u00eb edhe at\u00eb t\u00eb Rafahut q\u00eb e lidh enklav\u00ebn me Egjiptin, nj\u00eb nyje kritike p\u00ebr hyrjen e ndihmave<\/p>\n","protected":false},"excerpt":{"rendered":"<p>18 Tetor 2025 Kreu i operacioneve humanitare t\u00eb OKB-s\u00eb, Tom Fletcher, vizitoi sot qytetin e Gaz\u00ebs, duke theksuar se organizatat nd\u00ebrkomb\u00ebtare humanitare p\u00ebrballen me nj\u00eb detyr\u00eb gjigante p\u00ebr t\u00eb rikthyer sh\u00ebrbimet baz\u00eb dhe sigurimin e ushqimit p\u00ebr civil\u00ebt n\u00eb enklav\u00ebn palestineze t\u00eb rr\u00ebnuar nga lufta. Fletcher \u00ebsht\u00eb zyrtari i par\u00eb i nivelit t\u00eb lart\u00eb nga [&hellip;]<\/p>\n","protected":false},"author":9,"featured_media":94340,"comment_status":"open","ping_status":"open","sticky":false,"template":"","format":"standard","meta":{"jetpack_post_was_ever_published":false,"_jetpack_newsletter_access":"","_jetpack_dont_email_post_to_subs":false,"_jetpack_newsletter_tier_id":0,"_jetpack_memberships_contains_paywalled_content":false,"_jetpack_memberships_contains_paid_content":false,"footnotes":"","jetpack_publicize_message":"","jetpack_publicize_feature_enabled":true,"jetpack_social_post_already_shared":true,"jetpack_social_options":{"image_generator_settings":{"template":"highway","default_image_id":0,"font":"","enabled":false},"version":2}},"categories":[27,1],"tags":[],"class_list":["post-94339","post","type-post","status-publish","format-standard","has-post-thumbnail","hentry","category-blogu-i-udhetarit","category-njoftime-shtypi"],"jetpack_publicize_connections":[],"jetpack_featured_media_url":"https:\/\/i0.wp.com\/www.shqiperia.com\/blog\/wp-content\/uploads\/2025\/10\/okb.jpg?fit=996%2C572&ssl=1","jetpack_sharing_enabled":true,"jetpack_shortlink":"https:\/\/wp.me\/p5Z6wp-oxB","jetpack-related-posts":[{"id":75600,"url":"https:\/\/www.shqiperia.com\/blog\/keshilli-i-sigurimit-kerkon-pauza-humanitare-ne-gaza\/","url_meta":{"origin":94339,"position":0},"title":"K\u00ebshilli i Sigurimit k\u00ebrkon pauza humanitare n\u00eb Gaza","author":"Armand B","date":"November 16, 2023","format":false,"excerpt":"P\u00ebr her\u00eb t\u00eb par\u00eb K\u00ebshilli i Sigurimit bie dakord p\u00ebr nj\u00eb rezolut\u00eb n\u00eb luft\u00ebn Izrael-Hamas. Ushtria izraelite nd\u00ebrkoh\u00eb i drejton thirje popullsis\u00eb n\u00eb jug t\u00eb Rripit t\u00eb Gaz\u00ebs p\u00ebr t'u larguar n\u00eb vende t\u00eb sigurta. K\u00ebshilli i Sigurimit n\u00eb Nju Jork ka k\u00ebrkuar \"pauza t\u00eb zgjeruara humanitare\" p\u00ebr Rripin e\u2026","rel":"","context":"In &quot;Politika&quot;","block_context":{"text":"Politika","link":"https:\/\/www.shqiperia.com\/blog\/category\/politika\/"},"img":{"alt_text":"","src":"https:\/\/i0.wp.com\/www.shqiperia.com\/blog\/wp-content\/uploads\/2023\/11\/Gilad-Erdan-ne-Keshillin-e-Sigurimit.jpg?fit=1110%2C624&ssl=1&resize=350%2C200","width":350,"height":200,"srcset":"https:\/\/i0.wp.com\/www.shqiperia.com\/blog\/wp-content\/uploads\/2023\/11\/Gilad-Erdan-ne-Keshillin-e-Sigurimit.jpg?fit=1110%2C624&ssl=1&resize=350%2C200 1x, https:\/\/i0.wp.com\/www.shqiperia.com\/blog\/wp-content\/uploads\/2023\/11\/Gilad-Erdan-ne-Keshillin-e-Sigurimit.jpg?fit=1110%2C624&ssl=1&resize=525%2C300 1.5x, https:\/\/i0.wp.com\/www.shqiperia.com\/blog\/wp-content\/uploads\/2023\/11\/Gilad-Erdan-ne-Keshillin-e-Sigurimit.jpg?fit=1110%2C624&ssl=1&resize=700%2C400 2x, https:\/\/i0.wp.com\/www.shqiperia.com\/blog\/wp-content\/uploads\/2023\/11\/Gilad-Erdan-ne-Keshillin-e-Sigurimit.jpg?fit=1110%2C624&ssl=1&resize=1050%2C600 3x"},"classes":[]},{"id":78780,"url":"https:\/\/www.shqiperia.com\/blog\/presidenti-biden-ndan-lajmin-ushtria-amerikane-do-te-hedhe-ndihma-nga-ajri-ne-gaza-ja-pse-plani-mban-shume-pikepyetje\/","url_meta":{"origin":94339,"position":1},"title":"Presidenti Biden ndan lajmin: Ushtria amerikane do t\u00eb hedh\u00eb ndihma nga ajri n\u00eb Gaza, ja pse plani mban shum\u00eb pik\u00ebpyetje","author":"Kurt Farka","date":"March 2, 2024","format":false,"excerpt":"2 Mars 2024 Presidenti i SHBA Joe Biden njoftoi t\u00eb premten planet p\u00ebr nj\u00eb d\u00ebrges\u00eb ushtarake me ushqim dhe furnizime n\u00eb Gaza, nj\u00eb dit\u00eb pasi vdekjet e palestinez\u00ebve n\u00eb radh\u00eb p\u00ebr ndihma hodh\u00ebn n\u00eb qend\u00ebr t\u00eb v\u00ebmendjes nj\u00eb katastrof\u00eb humanitare t\u00eb shpalosur n\u00eb enklav\u00ebn palestineze. Biden tha se l\u00ebshimi ajror\u2026","rel":"","context":"In &quot;Blogu i Udh\u00ebtarit&quot;","block_context":{"text":"Blogu i Udh\u00ebtarit","link":"https:\/\/www.shqiperia.com\/blog\/category\/blogu-i-udhetarit\/"},"img":{"alt_text":"","src":"https:\/\/i0.wp.com\/www.shqiperia.com\/blog\/wp-content\/uploads\/2024\/03\/800-0-89ebcf6ead7cc1680169a1578e70b5f6-1.jpg?fit=755%2C397&ssl=1&resize=350%2C200","width":350,"height":200,"srcset":"https:\/\/i0.wp.com\/www.shqiperia.com\/blog\/wp-content\/uploads\/2024\/03\/800-0-89ebcf6ead7cc1680169a1578e70b5f6-1.jpg?fit=755%2C397&ssl=1&resize=350%2C200 1x, https:\/\/i0.wp.com\/www.shqiperia.com\/blog\/wp-content\/uploads\/2024\/03\/800-0-89ebcf6ead7cc1680169a1578e70b5f6-1.jpg?fit=755%2C397&ssl=1&resize=525%2C300 1.5x, https:\/\/i0.wp.com\/www.shqiperia.com\/blog\/wp-content\/uploads\/2024\/03\/800-0-89ebcf6ead7cc1680169a1578e70b5f6-1.jpg?fit=755%2C397&ssl=1&resize=700%2C400 2x"},"classes":[]},{"id":98020,"url":"https:\/\/www.shqiperia.com\/blog\/okb-izraeli-synon-te-imponoje-ndryshim-demografik-te-perhershem-ne-bregun-perendimor-dhe-gaza\/","url_meta":{"origin":94339,"position":2},"title":"OKB: &#8211; Izraeli synon t\u00eb imponoj\u00eb \u2018ndryshim demografik t\u00eb p\u00ebrhersh\u00ebm\u2019 n\u00eb Bregun Per\u00ebndimor dhe Gaza","author":"Kurt Farka","date":"February 26, 2026","format":false,"excerpt":"27 Shkurt 2026 N\u00eb nj\u00eb fjalim n\u00eb Gjenev\u00eb, Turk theksoi se, n\u00eb t\u00ebr\u00ebsi, veprimet e Izraelit n\u00eb Gaza dhe n\u00eb Bregun Per\u00ebndimor ngjallin shqet\u00ebsime serioze p\u00ebr spastrime etnike. Ai n\u00ebnvizoi se operacionet ushtarake t\u00eb zhvilluara q\u00eb nga janari 2025 n\u00eb veri t\u00eb Bregut Per\u00ebndimor kan\u00eb \u00e7uar n\u00eb zhvendosjen e rreth\u2026","rel":"","context":"In &quot;Histori&quot;","block_context":{"text":"Histori","link":"https:\/\/www.shqiperia.com\/blog\/category\/histori\/"},"img":{"alt_text":"","src":"https:\/\/i0.wp.com\/www.shqiperia.com\/blog\/wp-content\/uploads\/2026\/02\/okb.jpg?fit=801%2C600&ssl=1&resize=350%2C200","width":350,"height":200,"srcset":"https:\/\/i0.wp.com\/www.shqiperia.com\/blog\/wp-content\/uploads\/2026\/02\/okb.jpg?fit=801%2C600&ssl=1&resize=350%2C200 1x, https:\/\/i0.wp.com\/www.shqiperia.com\/blog\/wp-content\/uploads\/2026\/02\/okb.jpg?fit=801%2C600&ssl=1&resize=525%2C300 1.5x, https:\/\/i0.wp.com\/www.shqiperia.com\/blog\/wp-content\/uploads\/2026\/02\/okb.jpg?fit=801%2C600&ssl=1&resize=700%2C400 2x"},"classes":[]},{"id":93350,"url":"https:\/\/www.shqiperia.com\/blog\/izraeli-nis-ofensiven-ne-qytetin-e-gazesnderpriten-ndihmat-humanitare\/","url_meta":{"origin":94339,"position":3},"title":"Izraeli nis ofensiv\u00ebn n\u00eb qytetin e Gaz\u00ebs,nd\u00ebrpriten ndihmat humanitare","author":"Kurt Farka","date":"August 29, 2025","format":false,"excerpt":"29 Gusht 2025 Pas disa jav\u00ebsh p\u00ebrgatitjesh, forcat izraelite po hyjn\u00eb n\u00eb Gaza p\u00ebr t\u00eb pushtuar qytetin. Izraeli e ka shpallur qytetin nj\u00eb \u2018zon\u00eb t\u00eb rrezikshme luftimi\u2019 dhe ka ndaluar nd\u00ebrprerjet p\u00ebr d\u00ebrgesat e ndihm\u00ebs humanitare. \u201cPauza taktike lokale n\u00eb aktivitetin ushtarak nuk do t\u00eb zbatohet n\u00eb zon\u00ebn e Qytetit\u2026","rel":"","context":"In &quot;Blogu i Udh\u00ebtarit&quot;","block_context":{"text":"Blogu i Udh\u00ebtarit","link":"https:\/\/www.shqiperia.com\/blog\/category\/blogu-i-udhetarit\/"},"img":{"alt_text":"","src":"https:\/\/i0.wp.com\/www.shqiperia.com\/blog\/wp-content\/uploads\/2025\/08\/GAZA-5.jpg?fit=1064%2C525&ssl=1&resize=350%2C200","width":350,"height":200,"srcset":"https:\/\/i0.wp.com\/www.shqiperia.com\/blog\/wp-content\/uploads\/2025\/08\/GAZA-5.jpg?fit=1064%2C525&ssl=1&resize=350%2C200 1x, https:\/\/i0.wp.com\/www.shqiperia.com\/blog\/wp-content\/uploads\/2025\/08\/GAZA-5.jpg?fit=1064%2C525&ssl=1&resize=525%2C300 1.5x, https:\/\/i0.wp.com\/www.shqiperia.com\/blog\/wp-content\/uploads\/2025\/08\/GAZA-5.jpg?fit=1064%2C525&ssl=1&resize=700%2C400 2x, https:\/\/i0.wp.com\/www.shqiperia.com\/blog\/wp-content\/uploads\/2025\/08\/GAZA-5.jpg?fit=1064%2C525&ssl=1&resize=1050%2C600 3x"},"classes":[]},{"id":78640,"url":"https:\/\/www.shqiperia.com\/blog\/okb-ngre-alarmin-mund-te-shkaktohen-shume-vdekje-ne-gaza-nga-uria\/","url_meta":{"origin":94339,"position":4},"title":"OKB ngre alarmin: &#8211; Mund t\u00eb shkaktohen shum\u00eb vdekje n\u00eb Gaza nga Uria","author":"Kurt Farka","date":"February 26, 2024","format":false,"excerpt":"26 Shkurt 2024 Uria ende mund t\u00eb shmanget n\u00eb Gaza n\u00ebse Izraeli lejon agjencit\u00eb humanitare t\u00eb transportojn\u00eb m\u00eb shum\u00eb ndihma n\u00eb enklav\u00ebn palestineze, tha kreu i agjencis\u00eb s\u00eb OKB-s\u00eb p\u00ebr refugjat\u00ebt palestinez\u00eb (Unr\u00eba) Philippe Lazzarini. Sipas\u00a0OKB-s\u00eb\u00a0, 2.2 milion\u00eb njer\u00ebz jan\u00eb t\u00eb k\u00ebrc\u00ebnuar nga uria n\u00eb Rripin e Gaz\u00ebs t\u00eb rrethuar\u2026","rel":"","context":"In &quot;Blogu i Udh\u00ebtarit&quot;","block_context":{"text":"Blogu i Udh\u00ebtarit","link":"https:\/\/www.shqiperia.com\/blog\/category\/blogu-i-udhetarit\/"},"img":{"alt_text":"","src":"https:\/\/i0.wp.com\/www.shqiperia.com\/blog\/wp-content\/uploads\/2024\/02\/800-0-65dbb323bccf6.jpg?fit=800%2C534&ssl=1&resize=350%2C200","width":350,"height":200,"srcset":"https:\/\/i0.wp.com\/www.shqiperia.com\/blog\/wp-content\/uploads\/2024\/02\/800-0-65dbb323bccf6.jpg?fit=800%2C534&ssl=1&resize=350%2C200 1x, https:\/\/i0.wp.com\/www.shqiperia.com\/blog\/wp-content\/uploads\/2024\/02\/800-0-65dbb323bccf6.jpg?fit=800%2C534&ssl=1&resize=525%2C300 1.5x, https:\/\/i0.wp.com\/www.shqiperia.com\/blog\/wp-content\/uploads\/2024\/02\/800-0-65dbb323bccf6.jpg?fit=800%2C534&ssl=1&resize=700%2C400 2x"},"classes":[]},{"id":93420,"url":"https:\/\/www.shqiperia.com\/blog\/plani-i-trump-per-gazen-riviera-e-lindjes-se-mesme-parashikohet-zhvendosje-vullnetare-e-2-milion-banoreve\/","url_meta":{"origin":94339,"position":5},"title":"Plani i Trump p\u00ebr Gaz\u00ebn, \u201cRiviera e Lindjes s\u00eb Mesme\u201d! Parashikohet zhvendosje vullnetare e 2 milion banor\u00ebve","author":"Kurt Farka","date":"August 31, 2025","format":false,"excerpt":"31 Gusht 2025 Nj\u00eb plan i diskutuesh\u00ebm p\u00ebr t\u00eb ardhmen e Gaz\u00ebs pas luft\u00ebs po qarkullon n\u00eb korridoret e administrat\u00ebs s\u00eb presidentit amerikan Donald Trump. Sipas Washington Post, plani parashikon nj\u00eb administrim amerikan t\u00eb territorit p\u00ebr t\u00eb pakt\u00ebn nj\u00eb dekad\u00eb, \u201czhvendosje vullnetare\u201d t\u00eb banor\u00ebve palestinez\u00eb dhe rind\u00ebrtimin e enklav\u00ebs n\u00eb\u2026","rel":"","context":"In &quot;Blogu i Udh\u00ebtarit&quot;","block_context":{"text":"Blogu i Udh\u00ebtarit","link":"https:\/\/www.shqiperia.com\/blog\/category\/blogu-i-udhetarit\/"},"img":{"alt_text":"","src":"https:\/\/i0.wp.com\/www.shqiperia.com\/blog\/wp-content\/uploads\/2025\/08\/riviera-gaza.jpg?fit=1012%2C567&ssl=1&resize=350%2C200","width":350,"height":200,"srcset":"https:\/\/i0.wp.com\/www.shqiperia.com\/blog\/wp-content\/uploads\/2025\/08\/riviera-gaza.jpg?fit=1012%2C567&ssl=1&resize=350%2C200 1x, https:\/\/i0.wp.com\/www.shqiperia.com\/blog\/wp-content\/uploads\/2025\/08\/riviera-gaza.jpg?fit=1012%2C567&ssl=1&resize=525%2C300 1.5x, https:\/\/i0.wp.com\/www.shqiperia.com\/blog\/wp-content\/uploads\/2025\/08\/riviera-gaza.jpg?fit=1012%2C567&ssl=1&resize=700%2C400 2x"},"classes":[]}],"_links":{"self":[{"href":"https:\/\/www.shqiperia.com\/blog\/wp-json\/wp\/v2\/posts\/94339","targetHints":{"allow":["GET"]}}],"collection":[{"href":"https:\/\/www.shqiperia.com\/blog\/wp-json\/wp\/v2\/posts"}],"about":[{"href":"https:\/\/www.shqiperia.com\/blog\/wp-json\/wp\/v2\/types\/post"}],"author":[{"embeddable":true,"href":"https:\/\/www.shqiperia.com\/blog\/wp-json\/wp\/v2\/users\/9"}],"replies":[{"embeddable":true,"href":"https:\/\/www.shqiperia.com\/blog\/wp-json\/wp\/v2\/comments?post=94339"}],"version-history":[{"count":1,"href":"https:\/\/www.shqiperia.com\/blog\/wp-json\/wp\/v2\/posts\/94339\/revisions"}],"predecessor-version":[{"id":94341,"href":"https:\/\/www.shqiperia.com\/blog\/wp-json\/wp\/v2\/posts\/94339\/revisions\/94341"}],"wp:featuredmedia":[{"embeddable":true,"href":"https:\/\/www.shqiperia.com\/blog\/wp-json\/wp\/v2\/media\/94340"}],"wp:attachment":[{"href":"https:\/\/www.shqiperia.com\/blog\/wp-json\/wp\/v2\/media?parent=94339"}],"wp:term":[{"taxonomy":"category","embeddable":true,"href":"https:\/\/www.shqiperia.com\/blog\/wp-json\/wp\/v2\/categories?post=94339"},{"taxonomy":"post_tag","embeddable":true,"href":"https:\/\/www.shqiperia.com\/blog\/wp-json\/wp\/v2\/tags?post=94339"}],"curies":[{"name":"wp","href":"https:\/\/api.w.org\/{rel}","templated":true}]}}