{"id":94336,"date":"2025-10-18T17:55:33","date_gmt":"2025-10-18T17:55:33","guid":{"rendered":"https:\/\/www.shqiperia.com\/blog\/?p=94336"},"modified":"2025-10-18T17:55:33","modified_gmt":"2025-10-18T17:55:33","slug":"situata-ne-gaza-netanyahu-kalimi-kufitar-ne-rafah-do-te-mbetet-i-mbyllur-derisa-hamasi-te-dorezoje-te-gjithe-trupat-e-pengjeve","status":"publish","type":"post","link":"https:\/\/www.shqiperia.com\/blog\/situata-ne-gaza-netanyahu-kalimi-kufitar-ne-rafah-do-te-mbetet-i-mbyllur-derisa-hamasi-te-dorezoje-te-gjithe-trupat-e-pengjeve\/","title":{"rendered":"Situata n\u00eb Gaza, Netanyahu: &#8211; Kalimi kufitar n\u00eb Rafah do t\u00eb mbetet i mbyllur, derisa Hamasi t\u00eb dor\u00ebzoj\u00eb t\u00eb gjith\u00eb trupat e pengjeve!"},"content":{"rendered":"<p><img data-recalc-dims=\"1\" loading=\"lazy\" decoding=\"async\" data-attachment-id=\"94337\" data-permalink=\"https:\/\/www.shqiperia.com\/blog\/situata-ne-gaza-netanyahu-kalimi-kufitar-ne-rafah-do-te-mbetet-i-mbyllur-derisa-hamasi-te-dorezoje-te-gjithe-trupat-e-pengjeve\/rafah-gaza\/\" data-orig-file=\"https:\/\/i0.wp.com\/www.shqiperia.com\/blog\/wp-content\/uploads\/2025\/10\/rafah-gaza.jpg?fit=1098%2C657&amp;ssl=1\" data-orig-size=\"1098,657\" data-comments-opened=\"1\" data-image-meta=\"{&quot;aperture&quot;:&quot;0&quot;,&quot;credit&quot;:&quot;User&quot;,&quot;camera&quot;:&quot;&quot;,&quot;caption&quot;:&quot;&quot;,&quot;created_timestamp&quot;:&quot;1760816037&quot;,&quot;copyright&quot;:&quot;&quot;,&quot;focal_length&quot;:&quot;0&quot;,&quot;iso&quot;:&quot;0&quot;,&quot;shutter_speed&quot;:&quot;0&quot;,&quot;title&quot;:&quot;&quot;,&quot;orientation&quot;:&quot;0&quot;}\" data-image-title=\"rafah-gaza\" data-image-description=\"\" data-image-caption=\"\" data-medium-file=\"https:\/\/i0.wp.com\/www.shqiperia.com\/blog\/wp-content\/uploads\/2025\/10\/rafah-gaza.jpg?fit=300%2C180&amp;ssl=1\" data-large-file=\"https:\/\/i0.wp.com\/www.shqiperia.com\/blog\/wp-content\/uploads\/2025\/10\/rafah-gaza.jpg?fit=1024%2C613&amp;ssl=1\" class=\"alignnone  wp-image-94337\" alt=\"\" src=\"https:\/\/i0.wp.com\/www.shqiperia.com\/blog\/wp-content\/uploads\/2025\/10\/rafah-gaza.jpg?resize=738%2C443&#038;ssl=1\" width=\"738\" height=\"443\" srcset=\"https:\/\/i0.wp.com\/www.shqiperia.com\/blog\/wp-content\/uploads\/2025\/10\/rafah-gaza.jpg?resize=300%2C180&amp;ssl=1 300w, https:\/\/i0.wp.com\/www.shqiperia.com\/blog\/wp-content\/uploads\/2025\/10\/rafah-gaza.jpg?resize=1024%2C613&amp;ssl=1 1024w, https:\/\/i0.wp.com\/www.shqiperia.com\/blog\/wp-content\/uploads\/2025\/10\/rafah-gaza.jpg?resize=768%2C460&amp;ssl=1 768w, https:\/\/i0.wp.com\/www.shqiperia.com\/blog\/wp-content\/uploads\/2025\/10\/rafah-gaza.jpg?resize=450%2C269&amp;ssl=1 450w, https:\/\/i0.wp.com\/www.shqiperia.com\/blog\/wp-content\/uploads\/2025\/10\/rafah-gaza.jpg?resize=600%2C359&amp;ssl=1 600w, https:\/\/i0.wp.com\/www.shqiperia.com\/blog\/wp-content\/uploads\/2025\/10\/rafah-gaza.jpg?resize=400%2C239&amp;ssl=1 400w, https:\/\/i0.wp.com\/www.shqiperia.com\/blog\/wp-content\/uploads\/2025\/10\/rafah-gaza.jpg?w=1098&amp;ssl=1 1098w\" sizes=\"auto, (max-width: 738px) 100vw, 738px\" \/><\/p>\n<p><strong>18 Tetor 2025<\/strong><\/p>\n<p><strong>Zyra e kryeministrit izraelit Benjamin Netanyahu, njoftoi se pika kufitare Rafah, n\u00eb Rripin jugor t\u00eb Gaz\u00ebs, n\u00eb kufirin me Egjiptin, do t\u00eb mbetet e mbyllur \u201cderi n\u00eb njoftim t\u00eb m\u00ebtejsh\u00ebm\u201d.<\/strong><\/p>\n<p>Deklarata sqaroi se hapja e pik\u00ebs kufitare me Egjiptin do t\u00eb merret n\u00eb konsiderat\u00eb n\u00eb var\u00ebsi t\u00eb faktit n\u00ebse Hamasi i kthen trupat e pengjeve dhe i zbaton marr\u00ebveshjet.<\/p>\n<p>M\u00eb par\u00eb, ambasada palestineze n\u00eb Egjipt kishte njoftuar se vendkalimi kufitar Rafah, i cili ka qen\u00eb i mbyllur q\u00eb nga maji i vitit 2024, do t\u00eb rihapet t\u00eb h\u00ebn\u00ebn.<\/p>\n<p>Hamasi ende nuk i ka kthyer t\u00eb gjith\u00eb trupat e pengjeve izraelite q\u00eb mori m\u00eb 7 tetor 2023 gjat\u00eb sulmit terrorist, teksa aktualisht ka v\u00ebn\u00eb edhe mjetet e r\u00ebnda n\u00eb pun\u00eb, si eskavator\u00ebt, p\u00ebr t\u00eb l\u00ebvizur g\u00ebrmadhat e rr\u00ebnojat, me q\u00ebllim gjetjen e trupave t\u00eb pengjeve. Izraeli pret dor\u00ebzimin e 19 trupave, teksa sot i ktheu pal\u00ebs tjet\u00ebr 15 trupa t\u00eb palestinez\u00ebve.<\/p>\n","protected":false},"excerpt":{"rendered":"<p>18 Tetor 2025 Zyra e kryeministrit izraelit Benjamin Netanyahu, njoftoi se pika kufitare Rafah, n\u00eb Rripin jugor t\u00eb Gaz\u00ebs, n\u00eb kufirin me Egjiptin, do t\u00eb mbetet e mbyllur \u201cderi n\u00eb njoftim t\u00eb m\u00ebtejsh\u00ebm\u201d. Deklarata sqaroi se hapja e pik\u00ebs kufitare me Egjiptin do t\u00eb merret n\u00eb konsiderat\u00eb n\u00eb var\u00ebsi t\u00eb faktit n\u00ebse Hamasi i kthen [&hellip;]<\/p>\n","protected":false},"author":9,"featured_media":94337,"comment_status":"open","ping_status":"open","sticky":false,"template":"","format":"standard","meta":{"jetpack_post_was_ever_published":false,"_jetpack_newsletter_access":"","_jetpack_dont_email_post_to_subs":false,"_jetpack_newsletter_tier_id":0,"_jetpack_memberships_contains_paywalled_content":false,"_jetpack_memberships_contains_paid_content":false,"footnotes":"","jetpack_publicize_message":"","jetpack_publicize_feature_enabled":true,"jetpack_social_post_already_shared":true,"jetpack_social_options":{"image_generator_settings":{"template":"highway","default_image_id":0,"font":"","enabled":false},"version":2}},"categories":[27,1],"tags":[],"class_list":["post-94336","post","type-post","status-publish","format-standard","has-post-thumbnail","hentry","category-blogu-i-udhetarit","category-njoftime-shtypi"],"jetpack_publicize_connections":[],"jetpack_featured_media_url":"https:\/\/i0.wp.com\/www.shqiperia.com\/blog\/wp-content\/uploads\/2025\/10\/rafah-gaza.jpg?fit=1098%2C657&ssl=1","jetpack_sharing_enabled":true,"jetpack_shortlink":"https:\/\/wp.me\/p5Z6wp-oxy","jetpack-related-posts":[{"id":81151,"url":"https:\/\/www.shqiperia.com\/blog\/lufta-ne-gaza-del-jashte-kontrollit-tanket-dhe-avionet-po-shkaterrojne-gjithcka-pse-perendimi-refuzon-ta-ndeshkoje-izraelin\/","url_meta":{"origin":94336,"position":0},"title":"Lufta n\u00eb Gaza del jasht\u00eb kontrollit. &#8211; Tanket dhe avion\u00ebt po shkat\u00ebrrojn\u00eb gjith\u00e7ka. &#8211; Pse Per\u00ebndimi refuzon ta nd\u00ebshkoj\u00eb Izraelin","author":"Kurt Farka","date":"May 18, 2024","format":false,"excerpt":"18 Maji 2024 Nga Marsela SHYTIA Ka diskutime dhe p\u00ebrplasje p\u00ebr t\u00eb ardhmen e pasluft\u00ebs n\u00eb Gaza, por konflikti \u00ebsht\u00eb i p\u00ebrgjaksh\u00ebm dhe pengjet jan\u00eb larg \u00e7lirimit. \u201cGjenocidi ka arritur n\u00eb nj\u00eb faz\u00eb t\u00eb re t\u00eb tmerrshme me operacionin ushtarak n\u00eb Rafah\u201d, denoncojn\u00eb p\u00ebrfaq\u00ebsuesit e Afrik\u00ebs s\u00eb Jugut p\u00ebrpara Gjykat\u00ebs\u2026","rel":"","context":"In &quot;Blogu i Udh\u00ebtarit&quot;","block_context":{"text":"Blogu i Udh\u00ebtarit","link":"https:\/\/www.shqiperia.com\/blog\/category\/blogu-i-udhetarit\/"},"img":{"alt_text":"","src":"https:\/\/i0.wp.com\/www.shqiperia.com\/blog\/wp-content\/uploads\/2024\/05\/800-0-664860883913d.png?fit=800%2C527&ssl=1&resize=350%2C200","width":350,"height":200,"srcset":"https:\/\/i0.wp.com\/www.shqiperia.com\/blog\/wp-content\/uploads\/2024\/05\/800-0-664860883913d.png?fit=800%2C527&ssl=1&resize=350%2C200 1x, https:\/\/i0.wp.com\/www.shqiperia.com\/blog\/wp-content\/uploads\/2024\/05\/800-0-664860883913d.png?fit=800%2C527&ssl=1&resize=525%2C300 1.5x, https:\/\/i0.wp.com\/www.shqiperia.com\/blog\/wp-content\/uploads\/2024\/05\/800-0-664860883913d.png?fit=800%2C527&ssl=1&resize=700%2C400 2x"},"classes":[]},{"id":94825,"url":"https:\/\/www.shqiperia.com\/blog\/luftetaret-e-hamasit-te-bllokuar-ne-tunele-pengese-e-re-per-armepushimin-ne-gaza\/","url_meta":{"origin":94336,"position":1},"title":"Luft\u00ebtar\u00ebt e Hamasit t\u00eb bllokuar n\u00eb tunele, penges\u00eb e re p\u00ebr arm\u00ebpushimin n\u00eb Gaza?","author":"Kurt Farka","date":"November 12, 2025","format":false,"excerpt":"12 Nentor 2025 P\u00ebrpjekjet p\u00ebr arritjen e nj\u00eb faze t\u00eb re t\u00eb arm\u00ebpushimit n\u00eb Gaza po p\u00ebrballen me nj\u00eb penges\u00eb t\u00eb re, pasi dhjet\u00ebra luft\u00ebtar\u00eb t\u00eb Hamasit besohet se jan\u00eb bllokuar n\u00eb tunele n\u00ebn qytetin Rafah. I d\u00ebrguari i posa\u00e7\u00ebm i SHBA-s\u00eb, Jared Kushner, u kthye n\u00eb Izrael t\u00eb h\u00ebn\u00ebn\u2026","rel":"","context":"In &quot;Blogu i Udh\u00ebtarit&quot;","block_context":{"text":"Blogu i Udh\u00ebtarit","link":"https:\/\/www.shqiperia.com\/blog\/category\/blogu-i-udhetarit\/"},"img":{"alt_text":"","src":"https:\/\/i0.wp.com\/www.shqiperia.com\/blog\/wp-content\/uploads\/2025\/11\/Hamas1.png?fit=875%2C611&ssl=1&resize=350%2C200","width":350,"height":200,"srcset":"https:\/\/i0.wp.com\/www.shqiperia.com\/blog\/wp-content\/uploads\/2025\/11\/Hamas1.png?fit=875%2C611&ssl=1&resize=350%2C200 1x, https:\/\/i0.wp.com\/www.shqiperia.com\/blog\/wp-content\/uploads\/2025\/11\/Hamas1.png?fit=875%2C611&ssl=1&resize=525%2C300 1.5x, https:\/\/i0.wp.com\/www.shqiperia.com\/blog\/wp-content\/uploads\/2025\/11\/Hamas1.png?fit=875%2C611&ssl=1&resize=700%2C400 2x"},"classes":[]},{"id":90048,"url":"https:\/\/www.shqiperia.com\/blog\/izraeli-bllokon-hyrjen-e-te-gjithe-ndihmave-humanitare-ne-gaza\/","url_meta":{"origin":94336,"position":2},"title":"Izraeli bllokon hyrjen e t\u00eb gjith\u00eb ndihmave humanitare n\u00eb Gaza","author":"Kurt Farka","date":"March 2, 2025","format":false,"excerpt":"2 Mars 2025 Qeveria izraelite thot\u00eb se ka bllokuar hyrjen e t\u00eb gjith\u00eb ndihmave humanitare n\u00eb Gaza p\u00ebr shkak se faza e par\u00eb e arm\u00ebpushimit me Hamasin ka skaduar. Zyra e kryeministrit Benjamin Netanyahu tha se Hamasi deri m\u00eb tani kishte refuzuar t\u00eb pranonte nj\u00eb zgjatje t\u00eb p\u00ebrkohshme t\u00eb arm\u00ebpushimit\u2026","rel":"","context":"In &quot;Blogu i Udh\u00ebtarit&quot;","block_context":{"text":"Blogu i Udh\u00ebtarit","link":"https:\/\/www.shqiperia.com\/blog\/category\/blogu-i-udhetarit\/"},"img":{"alt_text":"","src":"https:\/\/i0.wp.com\/www.shqiperia.com\/blog\/wp-content\/uploads\/2025\/03\/gaz.jpg?fit=923%2C504&ssl=1&resize=350%2C200","width":350,"height":200,"srcset":"https:\/\/i0.wp.com\/www.shqiperia.com\/blog\/wp-content\/uploads\/2025\/03\/gaz.jpg?fit=923%2C504&ssl=1&resize=350%2C200 1x, https:\/\/i0.wp.com\/www.shqiperia.com\/blog\/wp-content\/uploads\/2025\/03\/gaz.jpg?fit=923%2C504&ssl=1&resize=525%2C300 1.5x, https:\/\/i0.wp.com\/www.shqiperia.com\/blog\/wp-content\/uploads\/2025\/03\/gaz.jpg?fit=923%2C504&ssl=1&resize=700%2C400 2x"},"classes":[]},{"id":94171,"url":"https:\/\/www.shqiperia.com\/blog\/cfare-permban-faza-e-pare-e-marreveshjes-izrael-hamas-dhe-si-pritet-te-zhvillohen-ditet-ne-vijim\/","url_meta":{"origin":94336,"position":3},"title":"\u00c7far\u00eb p\u00ebrmban faza e par\u00eb e marr\u00ebveshjes Izrael-Hamas dhe si pritet t\u00eb zhvillohen dit\u00ebt n\u00eb vijim","author":"Kurt Farka","date":"October 9, 2025","format":false,"excerpt":"9 Tetor 2025 Presidenti i SHBA-s\u00eb, Donald Trump, njoftoi t\u00eb m\u00ebrkur\u00ebn n\u00eb mbr\u00ebmje se Izraeli dhe Hamasi kan\u00eb r\u00ebn\u00eb dakord p\u00ebr faz\u00ebn e par\u00eb t\u00eb nj\u00eb marr\u00ebveshjeje paqeje p\u00ebr Gaz\u00ebn, nj\u00eb zhvillim i r\u00ebnd\u00ebsish\u00ebm q\u00eb pritet t\u00eb sjell\u00eb ndryshim t\u00eb madh n\u00eb terren, raporton BBC. Sipas Trump, faza e par\u00eb\u2026","rel":"","context":"In &quot;Blogu i Udh\u00ebtarit&quot;","block_context":{"text":"Blogu i Udh\u00ebtarit","link":"https:\/\/www.shqiperia.com\/blog\/category\/blogu-i-udhetarit\/"},"img":{"alt_text":"","src":"https:\/\/i0.wp.com\/www.shqiperia.com\/blog\/wp-content\/uploads\/2025\/10\/marreveshja-izrael-hamas.jpg?fit=722%2C418&ssl=1&resize=350%2C200","width":350,"height":200,"srcset":"https:\/\/i0.wp.com\/www.shqiperia.com\/blog\/wp-content\/uploads\/2025\/10\/marreveshja-izrael-hamas.jpg?fit=722%2C418&ssl=1&resize=350%2C200 1x, https:\/\/i0.wp.com\/www.shqiperia.com\/blog\/wp-content\/uploads\/2025\/10\/marreveshja-izrael-hamas.jpg?fit=722%2C418&ssl=1&resize=525%2C300 1.5x, https:\/\/i0.wp.com\/www.shqiperia.com\/blog\/wp-content\/uploads\/2025\/10\/marreveshja-izrael-hamas.jpg?fit=722%2C418&ssl=1&resize=700%2C400 2x"},"classes":[]},{"id":94146,"url":"https:\/\/www.shqiperia.com\/blog\/dite-kritike-per-negociatat-izrael-hamas-shba-te-katari-dhe-turqia-bashkohen-ne-bisedimet-e-paqes\/","url_meta":{"origin":94336,"position":4},"title":"Dit\u00eb kritike p\u00ebr negociatat Izrael-Hamas! SHBA-t\u00eb, Katari dhe Turqia bashkohen n\u00eb bisedimet e paqes","author":"Kurt Farka","date":"October 8, 2025","format":false,"excerpt":"8 Tetor 2025 Zyrtar\u00eb t\u00eb lart\u00eb nga Shtetet e Bashkuara t\u00eb Amerik\u00ebs, Katari dhe Turqia do t\u00eb marrin pjes\u00eb sot n\u00eb negociatat indirekte midis Izraelit dhe Hamasit, q\u00eb synojn\u00eb arritjen e nj\u00eb marr\u00ebveshjeje q\u00eb synon t\u00eb \u00e7oj\u00eb n\u00eb p\u00ebrfundimin e luft\u00ebs n\u00eb Rripin e Gaz\u00ebs. Bisedimet do t\u00eb mbahen n\u00eb\u2026","rel":"","context":"In &quot;Blogu i Udh\u00ebtarit&quot;","block_context":{"text":"Blogu i Udh\u00ebtarit","link":"https:\/\/www.shqiperia.com\/blog\/category\/blogu-i-udhetarit\/"},"img":{"alt_text":"","src":"https:\/\/i0.wp.com\/www.shqiperia.com\/blog\/wp-content\/uploads\/2025\/10\/Screenshot_14-433x300-1.png?fit=433%2C300&ssl=1&resize=350%2C200","width":350,"height":200},"classes":[]},{"id":93350,"url":"https:\/\/www.shqiperia.com\/blog\/izraeli-nis-ofensiven-ne-qytetin-e-gazesnderpriten-ndihmat-humanitare\/","url_meta":{"origin":94336,"position":5},"title":"Izraeli nis ofensiv\u00ebn n\u00eb qytetin e Gaz\u00ebs,nd\u00ebrpriten ndihmat humanitare","author":"Kurt Farka","date":"August 29, 2025","format":false,"excerpt":"29 Gusht 2025 Pas disa jav\u00ebsh p\u00ebrgatitjesh, forcat izraelite po hyjn\u00eb n\u00eb Gaza p\u00ebr t\u00eb pushtuar qytetin. Izraeli e ka shpallur qytetin nj\u00eb \u2018zon\u00eb t\u00eb rrezikshme luftimi\u2019 dhe ka ndaluar nd\u00ebrprerjet p\u00ebr d\u00ebrgesat e ndihm\u00ebs humanitare. \u201cPauza taktike lokale n\u00eb aktivitetin ushtarak nuk do t\u00eb zbatohet n\u00eb zon\u00ebn e Qytetit\u2026","rel":"","context":"In &quot;Blogu i Udh\u00ebtarit&quot;","block_context":{"text":"Blogu i Udh\u00ebtarit","link":"https:\/\/www.shqiperia.com\/blog\/category\/blogu-i-udhetarit\/"},"img":{"alt_text":"","src":"https:\/\/i0.wp.com\/www.shqiperia.com\/blog\/wp-content\/uploads\/2025\/08\/GAZA-5.jpg?fit=1064%2C525&ssl=1&resize=350%2C200","width":350,"height":200,"srcset":"https:\/\/i0.wp.com\/www.shqiperia.com\/blog\/wp-content\/uploads\/2025\/08\/GAZA-5.jpg?fit=1064%2C525&ssl=1&resize=350%2C200 1x, https:\/\/i0.wp.com\/www.shqiperia.com\/blog\/wp-content\/uploads\/2025\/08\/GAZA-5.jpg?fit=1064%2C525&ssl=1&resize=525%2C300 1.5x, https:\/\/i0.wp.com\/www.shqiperia.com\/blog\/wp-content\/uploads\/2025\/08\/GAZA-5.jpg?fit=1064%2C525&ssl=1&resize=700%2C400 2x, https:\/\/i0.wp.com\/www.shqiperia.com\/blog\/wp-content\/uploads\/2025\/08\/GAZA-5.jpg?fit=1064%2C525&ssl=1&resize=1050%2C600 3x"},"classes":[]}],"_links":{"self":[{"href":"https:\/\/www.shqiperia.com\/blog\/wp-json\/wp\/v2\/posts\/94336","targetHints":{"allow":["GET"]}}],"collection":[{"href":"https:\/\/www.shqiperia.com\/blog\/wp-json\/wp\/v2\/posts"}],"about":[{"href":"https:\/\/www.shqiperia.com\/blog\/wp-json\/wp\/v2\/types\/post"}],"author":[{"embeddable":true,"href":"https:\/\/www.shqiperia.com\/blog\/wp-json\/wp\/v2\/users\/9"}],"replies":[{"embeddable":true,"href":"https:\/\/www.shqiperia.com\/blog\/wp-json\/wp\/v2\/comments?post=94336"}],"version-history":[{"count":1,"href":"https:\/\/www.shqiperia.com\/blog\/wp-json\/wp\/v2\/posts\/94336\/revisions"}],"predecessor-version":[{"id":94338,"href":"https:\/\/www.shqiperia.com\/blog\/wp-json\/wp\/v2\/posts\/94336\/revisions\/94338"}],"wp:featuredmedia":[{"embeddable":true,"href":"https:\/\/www.shqiperia.com\/blog\/wp-json\/wp\/v2\/media\/94337"}],"wp:attachment":[{"href":"https:\/\/www.shqiperia.com\/blog\/wp-json\/wp\/v2\/media?parent=94336"}],"wp:term":[{"taxonomy":"category","embeddable":true,"href":"https:\/\/www.shqiperia.com\/blog\/wp-json\/wp\/v2\/categories?post=94336"},{"taxonomy":"post_tag","embeddable":true,"href":"https:\/\/www.shqiperia.com\/blog\/wp-json\/wp\/v2\/tags?post=94336"}],"curies":[{"name":"wp","href":"https:\/\/api.w.org\/{rel}","templated":true}]}}