{"id":94333,"date":"2025-10-18T17:50:58","date_gmt":"2025-10-18T17:50:58","guid":{"rendered":"https:\/\/www.shqiperia.com\/blog\/?p=94333"},"modified":"2025-10-18T17:50:58","modified_gmt":"2025-10-18T17:50:58","slug":"pas-paqes-ne-gaza-trump-zotohet-se-do-te-perfundoje-luften-ne-ukraine","status":"publish","type":"post","link":"https:\/\/www.shqiperia.com\/blog\/pas-paqes-ne-gaza-trump-zotohet-se-do-te-perfundoje-luften-ne-ukraine\/","title":{"rendered":"Pas paqes n\u00eb Gaza, Trump zotohet se do t\u00eb p\u00ebrfundoj\u00eb luft\u00ebn n\u00eb Ukrain\u00eb"},"content":{"rendered":"<p><img data-recalc-dims=\"1\" loading=\"lazy\" decoding=\"async\" data-attachment-id=\"94334\" data-permalink=\"https:\/\/www.shqiperia.com\/blog\/pas-paqes-ne-gaza-trump-zotohet-se-do-te-perfundoje-luften-ne-ukraine\/49d4fa07-ap25290735014210-1140x570\/\" data-orig-file=\"https:\/\/i0.wp.com\/www.shqiperia.com\/blog\/wp-content\/uploads\/2025\/10\/49d4fa07-ap25290735014210-1140x570-1.webp?fit=1140%2C570&amp;ssl=1\" data-orig-size=\"1140,570\" data-comments-opened=\"1\" data-image-meta=\"{&quot;aperture&quot;:&quot;0&quot;,&quot;credit&quot;:&quot;&quot;,&quot;camera&quot;:&quot;&quot;,&quot;caption&quot;:&quot;&quot;,&quot;created_timestamp&quot;:&quot;0&quot;,&quot;copyright&quot;:&quot;&quot;,&quot;focal_length&quot;:&quot;0&quot;,&quot;iso&quot;:&quot;0&quot;,&quot;shutter_speed&quot;:&quot;0&quot;,&quot;title&quot;:&quot;&quot;,&quot;orientation&quot;:&quot;0&quot;}\" data-image-title=\"49d4fa07-ap25290735014210-1140&#215;570\" data-image-description=\"\" data-image-caption=\"\" data-medium-file=\"https:\/\/i0.wp.com\/www.shqiperia.com\/blog\/wp-content\/uploads\/2025\/10\/49d4fa07-ap25290735014210-1140x570-1.webp?fit=300%2C150&amp;ssl=1\" data-large-file=\"https:\/\/i0.wp.com\/www.shqiperia.com\/blog\/wp-content\/uploads\/2025\/10\/49d4fa07-ap25290735014210-1140x570-1.webp?fit=1024%2C512&amp;ssl=1\" class=\"alignnone  wp-image-94334\" alt=\"\" src=\"https:\/\/i0.wp.com\/www.shqiperia.com\/blog\/wp-content\/uploads\/2025\/10\/49d4fa07-ap25290735014210-1140x570-1.webp?resize=874%2C437&#038;ssl=1\" width=\"874\" height=\"437\" srcset=\"https:\/\/i0.wp.com\/www.shqiperia.com\/blog\/wp-content\/uploads\/2025\/10\/49d4fa07-ap25290735014210-1140x570-1.webp?resize=300%2C150&amp;ssl=1 300w, https:\/\/i0.wp.com\/www.shqiperia.com\/blog\/wp-content\/uploads\/2025\/10\/49d4fa07-ap25290735014210-1140x570-1.webp?resize=1024%2C512&amp;ssl=1 1024w, https:\/\/i0.wp.com\/www.shqiperia.com\/blog\/wp-content\/uploads\/2025\/10\/49d4fa07-ap25290735014210-1140x570-1.webp?resize=768%2C384&amp;ssl=1 768w, https:\/\/i0.wp.com\/www.shqiperia.com\/blog\/wp-content\/uploads\/2025\/10\/49d4fa07-ap25290735014210-1140x570-1.webp?resize=450%2C225&amp;ssl=1 450w, https:\/\/i0.wp.com\/www.shqiperia.com\/blog\/wp-content\/uploads\/2025\/10\/49d4fa07-ap25290735014210-1140x570-1.webp?resize=600%2C300&amp;ssl=1 600w, https:\/\/i0.wp.com\/www.shqiperia.com\/blog\/wp-content\/uploads\/2025\/10\/49d4fa07-ap25290735014210-1140x570-1.webp?resize=400%2C200&amp;ssl=1 400w, https:\/\/i0.wp.com\/www.shqiperia.com\/blog\/wp-content\/uploads\/2025\/10\/49d4fa07-ap25290735014210-1140x570-1.webp?w=1140&amp;ssl=1 1140w\" sizes=\"auto, (max-width: 874px) 100vw, 874px\" \/><\/p>\n<p>18 Tetor 2025<\/p>\n<p>Presidenti i SHBA-s\u00eb, Donald Trump, \u00ebsht\u00eb i vendosur t\u00eb siguroj\u00eb nj\u00eb marr\u00ebveshje tjet\u00ebr q\u00eb do t\u00eb \u00e7oj\u00eb n\u00eb p\u00ebrfundimin e luft\u00ebs n\u00eb Ukrain\u00eb, pas suksesit me arm\u00ebpushimin n\u00eb Gaza dhe kthimin e pengjeve izraelite.<\/p>\n<p>K\u00ebshilla e fundit e presidentit amerikan p\u00ebr p\u00ebrfaq\u00ebsuesin e posa\u00e7\u00ebm presidencial p\u00ebr misionet paq\u00ebsore, Steve Witkoff, nga foltorja e Knesset-it n\u00eb Izrael ishte shum\u00eb zbuluese.<br \/>\n\u201cDuhet ta mbyllim \u00e7\u00ebshtjen me Rusin\u00eb. Duhet ta b\u00ebjm\u00eb, N\u00ebse nuk t\u00eb shqet\u00ebson, Steve, le t\u00eb fokusohemi fillimisht tek Rusia.\u201d, tha Trump n\u00eb parlamentin izraelit.<\/p>\n<p>P\u00ebrgjat\u00eb takimit me homologun e tij ukrainas, Volodymyr Zelenskin dit\u00ebn e djeshme, Trump theksoi se p\u00ebrfundimi i luft\u00ebs n\u00eb Ukrain\u00eb nuk \u00ebsht\u00eb di\u00e7ka e pamundur, pasi sipas tij, edhe n\u00eb Lindjen e Mesme dukej si nj\u00eb situat\u00eb e pazgjidhshme.<\/p>\n<p>\u201cMendoj se kemi nj\u00eb impuls t\u00eb madh, nj\u00eb besueshm\u00ebri t\u00eb madhe. P\u00ebrfundimi i \u00e7\u00ebshtjes n\u00eb Lindjen e Mesme ishte shum\u00eb i r\u00ebnd\u00ebsish\u00ebm. Askush nuk besonte se do t\u00eb mundej. Ishte di\u00e7ka q\u00eb askush nuk e priste, dhe ne e arrit\u00ebm,\u201d shtoi ai.<\/p>\n","protected":false},"excerpt":{"rendered":"<p>18 Tetor 2025 Presidenti i SHBA-s\u00eb, Donald Trump, \u00ebsht\u00eb i vendosur t\u00eb siguroj\u00eb nj\u00eb marr\u00ebveshje tjet\u00ebr q\u00eb do t\u00eb \u00e7oj\u00eb n\u00eb p\u00ebrfundimin e luft\u00ebs n\u00eb Ukrain\u00eb, pas suksesit me arm\u00ebpushimin n\u00eb Gaza dhe kthimin e pengjeve izraelite. K\u00ebshilla e fundit e presidentit amerikan p\u00ebr p\u00ebrfaq\u00ebsuesin e posa\u00e7\u00ebm presidencial p\u00ebr misionet paq\u00ebsore, Steve Witkoff, nga foltorja [&hellip;]<\/p>\n","protected":false},"author":9,"featured_media":94334,"comment_status":"open","ping_status":"open","sticky":false,"template":"","format":"standard","meta":{"jetpack_post_was_ever_published":false,"_jetpack_newsletter_access":"","_jetpack_dont_email_post_to_subs":false,"_jetpack_newsletter_tier_id":0,"_jetpack_memberships_contains_paywalled_content":false,"_jetpack_memberships_contains_paid_content":false,"footnotes":"","jetpack_publicize_message":"","jetpack_publicize_feature_enabled":true,"jetpack_social_post_already_shared":true,"jetpack_social_options":{"image_generator_settings":{"template":"highway","default_image_id":0,"font":"","enabled":false},"version":2}},"categories":[27,2],"tags":[],"class_list":["post-94333","post","type-post","status-publish","format-standard","has-post-thumbnail","hentry","category-blogu-i-udhetarit","category-politika"],"jetpack_publicize_connections":[],"jetpack_featured_media_url":"https:\/\/i0.wp.com\/www.shqiperia.com\/blog\/wp-content\/uploads\/2025\/10\/49d4fa07-ap25290735014210-1140x570-1.webp?fit=1140%2C570&ssl=1","jetpack_sharing_enabled":true,"jetpack_shortlink":"https:\/\/wp.me\/p5Z6wp-oxv","jetpack-related-posts":[{"id":92828,"url":"https:\/\/www.shqiperia.com\/blog\/ja-plani-me-5-pika-donald-trump-synon-ti-jape-fund-edhe-luftes-ne-gaza-disa-shtete-ne-mbare-boten-do-te-pranojne-banore-te-gazes-qe-deshirojne-te-largohen\/","url_meta":{"origin":94333,"position":0},"title":"Ja plani me 5 pika\/ Donald Trump synon t\u2019i jap\u00eb fund edhe luft\u00ebs n\u00eb Gaza. &#8211; Disa shtete n\u00eb mbar\u00eb bot\u00ebn do t\u00eb pranojn\u00eb banor\u00eb t\u00eb Gaz\u00ebs q\u00eb d\u00ebshirojn\u00eb t\u00eb largohen","author":"Kurt Farka","date":"June 28, 2025","format":false,"excerpt":"28 Qershor 2025 Nga Jeanne Plaumann, BILD Disa shtete n\u00eb mbar\u00eb bot\u00ebn do t\u00eb pranojn\u00eb banor\u00eb t\u00eb Gaz\u00ebs q\u00eb d\u00ebshirojn\u00eb t\u00eb largohen. Nuk \u00ebsht\u00eb b\u00ebr\u00eb e ditur se p\u00ebr cilat vende b\u00ebhet fjal\u00eb \u2013 megjithat\u00eb, Trump e ka propozuar k\u00ebt\u00eb ide disa her\u00eb m\u00eb par\u00eb. T\u00eb mart\u00ebn p\u00ebrfundoi lufta 12-ditore\u2026","rel":"","context":"In &quot;Blogu i Udh\u00ebtarit&quot;","block_context":{"text":"Blogu i Udh\u00ebtarit","link":"https:\/\/www.shqiperia.com\/blog\/category\/blogu-i-udhetarit\/"},"img":{"alt_text":"","src":"https:\/\/i0.wp.com\/www.shqiperia.com\/blog\/wp-content\/uploads\/2025\/06\/gaza-111-1.jpg?fit=657%2C438&ssl=1&resize=350%2C200","width":350,"height":200,"srcset":"https:\/\/i0.wp.com\/www.shqiperia.com\/blog\/wp-content\/uploads\/2025\/06\/gaza-111-1.jpg?fit=657%2C438&ssl=1&resize=350%2C200 1x, https:\/\/i0.wp.com\/www.shqiperia.com\/blog\/wp-content\/uploads\/2025\/06\/gaza-111-1.jpg?fit=657%2C438&ssl=1&resize=525%2C300 1.5x"},"classes":[]},{"id":89635,"url":"https:\/\/www.shqiperia.com\/blog\/trump-fajeson-ukrainen-per-fillimin-e-luftes-jam-i-zhgenjyer-nga-zelensky-bisedimet-per-paqe\/","url_meta":{"origin":94333,"position":1},"title":"Trump faj\u00ebson Ukrain\u00ebn p\u00ebr fillimin e luft\u00ebs.  \u201cJam i zhg\u00ebnjyer nga Zelensky\u201d, bisedimet p\u00ebr paqe","author":"Kurt Farka","date":"February 19, 2025","format":false,"excerpt":"19 Shkurt 2025 Donald Trump ka v\u00ebn\u00eb n\u00eb sh\u00ebnjest\u00ebr Ukrain\u00ebn pasi presidenti i saj, Volodymyr Zelensky, tha se ishte nj\u00eb \u201c\u00e7udi\u201d q\u00eb vendi i tij nuk ishte ftuar n\u00eb bisedimet n\u00eb Arabin\u00eb Saudite p\u00ebr t\u2019i dh\u00ebn\u00eb fund luft\u00ebs me Rusin\u00eb. Duke th\u00ebn\u00eb se ishte\u00a0\u201ci zhg\u00ebnjyer\u201d\u00a0nga reagimi i Ukrain\u00ebs, ai duket\u2026","rel":"","context":"In &quot;Blogu i Udh\u00ebtarit&quot;","block_context":{"text":"Blogu i Udh\u00ebtarit","link":"https:\/\/www.shqiperia.com\/blog\/category\/blogu-i-udhetarit\/"},"img":{"alt_text":"","src":"https:\/\/i0.wp.com\/www.shqiperia.com\/blog\/wp-content\/uploads\/2025\/02\/2024-09-27t153325z-178654947-rc229aa8h2m2-rtrmadp-3-ukraine-crisis-zelenskiy-usa-copy.webp?fit=1200%2C675&ssl=1&resize=350%2C200","width":350,"height":200,"srcset":"https:\/\/i0.wp.com\/www.shqiperia.com\/blog\/wp-content\/uploads\/2025\/02\/2024-09-27t153325z-178654947-rc229aa8h2m2-rtrmadp-3-ukraine-crisis-zelenskiy-usa-copy.webp?fit=1200%2C675&ssl=1&resize=350%2C200 1x, https:\/\/i0.wp.com\/www.shqiperia.com\/blog\/wp-content\/uploads\/2025\/02\/2024-09-27t153325z-178654947-rc229aa8h2m2-rtrmadp-3-ukraine-crisis-zelenskiy-usa-copy.webp?fit=1200%2C675&ssl=1&resize=525%2C300 1.5x, https:\/\/i0.wp.com\/www.shqiperia.com\/blog\/wp-content\/uploads\/2025\/02\/2024-09-27t153325z-178654947-rc229aa8h2m2-rtrmadp-3-ukraine-crisis-zelenskiy-usa-copy.webp?fit=1200%2C675&ssl=1&resize=700%2C400 2x, https:\/\/i0.wp.com\/www.shqiperia.com\/blog\/wp-content\/uploads\/2025\/02\/2024-09-27t153325z-178654947-rc229aa8h2m2-rtrmadp-3-ukraine-crisis-zelenskiy-usa-copy.webp?fit=1200%2C675&ssl=1&resize=1050%2C600 3x"},"classes":[]},{"id":94098,"url":"https:\/\/www.shqiperia.com\/blog\/plani-i-trump-ka-me-shume-te-drejta-per-hebrenjte-detyra-per-palestinezet-bimo-izraeli-do-qe-ta-beje-pjese-te-veten-gazen\/","url_meta":{"origin":94333,"position":2},"title":"Plani i Trump\/ \u201cKa m\u00eb shum\u00eb t\u00eb drejta p\u00ebr hebrenjt\u00eb, detyra p\u00ebr palestinez\u00ebt\u201d, Bimo: &#8211; Izraeli do q\u00eb ta b\u00ebj\u00eb pjes\u00eb t\u00eb vet\u00ebn Gaz\u00ebn","author":"Kurt Farka","date":"October 1, 2025","format":false,"excerpt":"1 Tetor 2025 Ish-ambasadori i Shqip\u00ebris\u00eb n\u00eb SHBA, Roland Bimo, i ftuar n\u00eb emisionin Log. n\u00eb News 24, komentoi planin p\u00ebr t\u2019i dh\u00ebn\u00eb fund n\u00eb Gaza, por sipas tij, i favorizuar \u00ebsht\u00eb Izraeli. Sipas Bimos, \u00ebsht\u00eb m\u00eb shum\u00eb nj\u00eb q\u00ebllim i mir\u00eb nga SHBA-s\u00eb sesa nj\u00eb plan real, pasi Izraeli,\u2026","rel":"","context":"In &quot;Blogu i Udh\u00ebtarit&quot;","block_context":{"text":"Blogu i Udh\u00ebtarit","link":"https:\/\/www.shqiperia.com\/blog\/category\/blogu-i-udhetarit\/"},"img":{"alt_text":"","src":"https:\/\/i0.wp.com\/www.shqiperia.com\/blog\/wp-content\/uploads\/2025\/10\/bimo.jpg?fit=802%2C456&ssl=1&resize=350%2C200","width":350,"height":200,"srcset":"https:\/\/i0.wp.com\/www.shqiperia.com\/blog\/wp-content\/uploads\/2025\/10\/bimo.jpg?fit=802%2C456&ssl=1&resize=350%2C200 1x, https:\/\/i0.wp.com\/www.shqiperia.com\/blog\/wp-content\/uploads\/2025\/10\/bimo.jpg?fit=802%2C456&ssl=1&resize=525%2C300 1.5x, https:\/\/i0.wp.com\/www.shqiperia.com\/blog\/wp-content\/uploads\/2025\/10\/bimo.jpg?fit=802%2C456&ssl=1&resize=700%2C400 2x"},"classes":[]},{"id":94975,"url":"https:\/\/www.shqiperia.com\/blog\/plani-i-shba-se-per-ti-dhene-fund-luftes-ne-ukraine-kievi-pritet-te-heqe-dore-nga-tokat-dhe-armet\/","url_meta":{"origin":94333,"position":3},"title":"Plani i SHBA-s\u00eb p\u00ebr t\u2019i dh\u00ebn\u00eb fund luft\u00ebs n\u00eb Ukrain\u00eb, Kievi pritet t\u00eb heq\u00eb dor\u00eb nga tokat dhe arm\u00ebt","author":"Kurt Farka","date":"November 19, 2025","format":false,"excerpt":"19 Nentor 2025 SHBA-t\u00eb i kan\u00eb th\u00ebn\u00eb Presidentit Volodymyr Zelensky se Ukraina duhet t\u00eb pranoj\u00eb nj\u00eb korniz\u00eb t\u00eb hartuar nga Amerika p\u00ebr t\u2019i dh\u00ebn\u00eb fund luft\u00ebs me Rusin\u00eb. Plani i SHBA-s\u00eb, propozon q\u00eb Kievi t\u00eb dor\u00ebzoj\u00eb territorin dhe disa arm\u00eb, raporton Reuters. Sipas\u00a0Reuters\u00a0propozimet p\u00ebrfshijn\u00eb nd\u00ebr t\u00eb tjera, zvog\u00eblimin e madh\u00ebsis\u00eb\u2026","rel":"","context":"In &quot;Blogu i Udh\u00ebtarit&quot;","block_context":{"text":"Blogu i Udh\u00ebtarit","link":"https:\/\/www.shqiperia.com\/blog\/category\/blogu-i-udhetarit\/"},"img":{"alt_text":"","src":"https:\/\/i0.wp.com\/www.shqiperia.com\/blog\/wp-content\/uploads\/2025\/11\/88b9cbac-trump-zelesnky.jpg?fit=1024%2C615&ssl=1&resize=350%2C200","width":350,"height":200,"srcset":"https:\/\/i0.wp.com\/www.shqiperia.com\/blog\/wp-content\/uploads\/2025\/11\/88b9cbac-trump-zelesnky.jpg?fit=1024%2C615&ssl=1&resize=350%2C200 1x, https:\/\/i0.wp.com\/www.shqiperia.com\/blog\/wp-content\/uploads\/2025\/11\/88b9cbac-trump-zelesnky.jpg?fit=1024%2C615&ssl=1&resize=525%2C300 1.5x, https:\/\/i0.wp.com\/www.shqiperia.com\/blog\/wp-content\/uploads\/2025\/11\/88b9cbac-trump-zelesnky.jpg?fit=1024%2C615&ssl=1&resize=700%2C400 2x"},"classes":[]},{"id":90626,"url":"https:\/\/www.shqiperia.com\/blog\/analiza-nuk-eshte-ne-planet-e-putinit-qe-te-ndaloje-pushtimin-cfare-mund-te-presim-per-luften-ne-ukraine\/","url_meta":{"origin":94333,"position":4},"title":"Analiza\/ Nuk \u00ebsht\u00eb n\u00eb planet e Putinit q\u00eb t\u00eb ndaloj\u00eb pushtimin! &#8211; \u00c7far\u00eb mund t\u00eb presim p\u00ebr luft\u00ebn n\u00eb Ukrain\u00eb?","author":"Kurt Farka","date":"March 21, 2025","format":false,"excerpt":"21 Mars 2025 Nathalie Tocci\/ Nuk jemi ende n\u00eb prag t\u00eb nj\u00eb arm\u00ebpushimi t\u00eb v\u00ebrtet\u00eb dhe t\u00eb q\u00ebndruesh\u00ebm n\u00eb Ukrain\u00eb. Ndoshta do t\u00eb vij\u00eb; ndoshta pas disa muajsh, kush e di. Por p\u00ebr momentin, ashtu si n\u00eb tre vitet e fundit, presidenti rus Vladimir Putin, i cili \u00ebsht\u00eb ende larg\u2026","rel":"","context":"In &quot;Blogu i Udh\u00ebtarit&quot;","block_context":{"text":"Blogu i Udh\u00ebtarit","link":"https:\/\/www.shqiperia.com\/blog\/category\/blogu-i-udhetarit\/"},"img":{"alt_text":"","src":"https:\/\/i0.wp.com\/www.shqiperia.com\/blog\/wp-content\/uploads\/2025\/03\/Putin-sot-eshte-cmenduria-e-botes.jpg?fit=960%2C540&ssl=1&resize=350%2C200","width":350,"height":200,"srcset":"https:\/\/i0.wp.com\/www.shqiperia.com\/blog\/wp-content\/uploads\/2025\/03\/Putin-sot-eshte-cmenduria-e-botes.jpg?fit=960%2C540&ssl=1&resize=350%2C200 1x, https:\/\/i0.wp.com\/www.shqiperia.com\/blog\/wp-content\/uploads\/2025\/03\/Putin-sot-eshte-cmenduria-e-botes.jpg?fit=960%2C540&ssl=1&resize=525%2C300 1.5x, https:\/\/i0.wp.com\/www.shqiperia.com\/blog\/wp-content\/uploads\/2025\/03\/Putin-sot-eshte-cmenduria-e-botes.jpg?fit=960%2C540&ssl=1&resize=700%2C400 2x"},"classes":[]},{"id":90159,"url":"https:\/\/www.shqiperia.com\/blog\/paskal-milo-rusia-e-fitoi-luften-ky-eshte-fakt-shba-eshte-terhequr-nga-angazhimi-prioritar-ja-mesazhi-qe-trump-ka-dhene-per-evropen\/","url_meta":{"origin":94333,"position":5},"title":"Paskal Milo: &#8211; Rusia e fitoi luft\u00ebn, ky \u00ebsht\u00eb fakt! &#8211; SHBA \u00ebsht\u00eb t\u00ebrhequr nga angazhimi prioritar! Ja mesazhi q\u00eb Trump ka dh\u00ebn\u00eb p\u00ebr Evrop\u00ebn","author":"Kurt Farka","date":"March 7, 2025","format":false,"excerpt":"7 Mars 2025 Paskal Milo konstaton faktin se Rusia e ka fituar luft\u00ebn me Ukrain\u00ebn. Sipas tij, duam apo nuk duam ne \u201cRusia \u00ebsht\u00eb n\u00eb avantazh n\u00eb cdo negociat\u00eb q\u00eb do t\u00eb b\u00ebhet\u201d. I ftuar n\u00eb emisionin \u201cOpen\u201d n\u00eb News24, Milo deklaroi se SHBA \u00ebsht\u00eb t\u00ebrhequr nga angazhimi prioritar p\u00ebr\u2026","rel":"","context":"In &quot;Blogu i Udh\u00ebtarit&quot;","block_context":{"text":"Blogu i Udh\u00ebtarit","link":"https:\/\/www.shqiperia.com\/blog\/category\/blogu-i-udhetarit\/"},"img":{"alt_text":"","src":"https:\/\/i0.wp.com\/www.shqiperia.com\/blog\/wp-content\/uploads\/2024\/09\/Putin-sot-eshte-cmenduria-e-botes-300x169.jpg?resize=350%2C200&ssl=1","width":350,"height":200,"srcset":"https:\/\/i0.wp.com\/www.shqiperia.com\/blog\/wp-content\/uploads\/2024\/09\/Putin-sot-eshte-cmenduria-e-botes-300x169.jpg?resize=350%2C200&ssl=1 1x, https:\/\/i0.wp.com\/www.shqiperia.com\/blog\/wp-content\/uploads\/2024\/09\/Putin-sot-eshte-cmenduria-e-botes-300x169.jpg?resize=525%2C300&ssl=1 1.5x"},"classes":[]}],"_links":{"self":[{"href":"https:\/\/www.shqiperia.com\/blog\/wp-json\/wp\/v2\/posts\/94333","targetHints":{"allow":["GET"]}}],"collection":[{"href":"https:\/\/www.shqiperia.com\/blog\/wp-json\/wp\/v2\/posts"}],"about":[{"href":"https:\/\/www.shqiperia.com\/blog\/wp-json\/wp\/v2\/types\/post"}],"author":[{"embeddable":true,"href":"https:\/\/www.shqiperia.com\/blog\/wp-json\/wp\/v2\/users\/9"}],"replies":[{"embeddable":true,"href":"https:\/\/www.shqiperia.com\/blog\/wp-json\/wp\/v2\/comments?post=94333"}],"version-history":[{"count":1,"href":"https:\/\/www.shqiperia.com\/blog\/wp-json\/wp\/v2\/posts\/94333\/revisions"}],"predecessor-version":[{"id":94335,"href":"https:\/\/www.shqiperia.com\/blog\/wp-json\/wp\/v2\/posts\/94333\/revisions\/94335"}],"wp:featuredmedia":[{"embeddable":true,"href":"https:\/\/www.shqiperia.com\/blog\/wp-json\/wp\/v2\/media\/94334"}],"wp:attachment":[{"href":"https:\/\/www.shqiperia.com\/blog\/wp-json\/wp\/v2\/media?parent=94333"}],"wp:term":[{"taxonomy":"category","embeddable":true,"href":"https:\/\/www.shqiperia.com\/blog\/wp-json\/wp\/v2\/categories?post=94333"},{"taxonomy":"post_tag","embeddable":true,"href":"https:\/\/www.shqiperia.com\/blog\/wp-json\/wp\/v2\/tags?post=94333"}],"curies":[{"name":"wp","href":"https:\/\/api.w.org\/{rel}","templated":true}]}}