{"id":94330,"date":"2025-10-17T05:19:40","date_gmt":"2025-10-17T05:19:40","guid":{"rendered":"https:\/\/www.shqiperia.com\/blog\/?p=94330"},"modified":"2025-10-17T05:19:40","modified_gmt":"2025-10-17T05:19:40","slug":"ruset-u-dorezojne-shba-ve-raportin-sekret-te-kgb-se-per-vrasjen-e-kennedy-t","status":"publish","type":"post","link":"https:\/\/www.shqiperia.com\/blog\/ruset-u-dorezojne-shba-ve-raportin-sekret-te-kgb-se-per-vrasjen-e-kennedy-t\/","title":{"rendered":"Rus\u00ebt u dor\u00ebzojn\u00eb SHBA-ve \u201craportin sekret\u201d t\u00eb KGB-s\u00eb p\u00ebr vrasjen e Kennedy-t"},"content":{"rendered":"<p><img data-recalc-dims=\"1\" loading=\"lazy\" decoding=\"async\" data-attachment-id=\"94331\" data-permalink=\"https:\/\/www.shqiperia.com\/blog\/ruset-u-dorezojne-shba-ve-raportin-sekret-te-kgb-se-per-vrasjen-e-kennedy-t\/john-kennedy1\/\" data-orig-file=\"https:\/\/i0.wp.com\/www.shqiperia.com\/blog\/wp-content\/uploads\/2025\/10\/John-Kennedy1.png?fit=993%2C556&amp;ssl=1\" data-orig-size=\"993,556\" data-comments-opened=\"1\" data-image-meta=\"{&quot;aperture&quot;:&quot;0&quot;,&quot;credit&quot;:&quot;&quot;,&quot;camera&quot;:&quot;&quot;,&quot;caption&quot;:&quot;&quot;,&quot;created_timestamp&quot;:&quot;0&quot;,&quot;copyright&quot;:&quot;&quot;,&quot;focal_length&quot;:&quot;0&quot;,&quot;iso&quot;:&quot;0&quot;,&quot;shutter_speed&quot;:&quot;0&quot;,&quot;title&quot;:&quot;&quot;,&quot;orientation&quot;:&quot;0&quot;}\" data-image-title=\"John-Kennedy1\" data-image-description=\"\" data-image-caption=\"\" data-medium-file=\"https:\/\/i0.wp.com\/www.shqiperia.com\/blog\/wp-content\/uploads\/2025\/10\/John-Kennedy1.png?fit=300%2C168&amp;ssl=1\" data-large-file=\"https:\/\/i0.wp.com\/www.shqiperia.com\/blog\/wp-content\/uploads\/2025\/10\/John-Kennedy1.png?fit=993%2C556&amp;ssl=1\" class=\"alignnone  wp-image-94331\" alt=\"\" src=\"https:\/\/i0.wp.com\/www.shqiperia.com\/blog\/wp-content\/uploads\/2025\/10\/John-Kennedy1.png?resize=686%2C384&#038;ssl=1\" width=\"686\" height=\"384\" srcset=\"https:\/\/i0.wp.com\/www.shqiperia.com\/blog\/wp-content\/uploads\/2025\/10\/John-Kennedy1.png?resize=300%2C168&amp;ssl=1 300w, https:\/\/i0.wp.com\/www.shqiperia.com\/blog\/wp-content\/uploads\/2025\/10\/John-Kennedy1.png?resize=768%2C430&amp;ssl=1 768w, https:\/\/i0.wp.com\/www.shqiperia.com\/blog\/wp-content\/uploads\/2025\/10\/John-Kennedy1.png?resize=450%2C252&amp;ssl=1 450w, https:\/\/i0.wp.com\/www.shqiperia.com\/blog\/wp-content\/uploads\/2025\/10\/John-Kennedy1.png?resize=600%2C336&amp;ssl=1 600w, https:\/\/i0.wp.com\/www.shqiperia.com\/blog\/wp-content\/uploads\/2025\/10\/John-Kennedy1.png?resize=400%2C224&amp;ssl=1 400w, https:\/\/i0.wp.com\/www.shqiperia.com\/blog\/wp-content\/uploads\/2025\/10\/John-Kennedy1.png?w=993&amp;ssl=1 993w\" sizes=\"auto, (max-width: 686px) 100vw, 686px\" \/><\/p>\n<p>17 Tetor 2025<\/p>\n<p><strong><a href=\"https:\/\/www.repubblica.it\/esteri\/2025\/10\/16\/news\/russia_usa_rapporto_segreto_kgb_omicidio_kennedy-424916822\/\">Nga Rosalba Castelletti, la Repubblica<\/a><\/strong><\/p>\n<p>M\u00eb shum\u00eb se 60 vjet pas vrasjes s\u00eb presidentit amerikan John F. Kennedy n\u00eb Dallas, ende ekzistojn\u00eb shum\u00eb pik\u00ebpyetje rreth asaj q\u00eb ndodhi v\u00ebrtet\u00eb at\u00eb dit\u00eb dhe kush ishte p\u00ebrgjegj\u00ebs.<\/p>\n<p>I vetmi autor zyrtar i vrasjes mbetet Lee Harvey Oswald, nj\u00eb ish-marins amerikan, q\u00eb m\u00eb von\u00eb u b\u00eb qytetar sovjetik. Ai u vra dy dit\u00eb pas atentatit, para se t\u00eb transferohej n\u00eb burg.<\/p>\n<p>P\u00ebr vite me radh\u00eb jan\u00eb ngritur teori konspirative se Oswald ka vepruar n\u00eb em\u00ebr t\u00eb Fidel Castros ose Nikita Hrushovit, si hakmarrje p\u00ebr kriz\u00ebn e raketave n\u00eb Kub\u00eb.<\/p>\n<p>Tani, nj\u00eb raport i gjat\u00eb prej 365 faqesh i p\u00ebrpiluar nga KGB-ja \u00ebsht\u00eb dor\u00ebzuar nga ambasada ruse n\u00eb Uashington te deputetja republikane amerikane Anna Paulina Luna, e cila po heton mbi ngjarjet e atyre dit\u00ebve t\u00eb err\u00ebta t\u00eb n\u00ebntorit 1963.<\/p>\n<p>Ky raport p\u00ebrmban dokumente t\u00eb vjetra sovjetike, q\u00eb u ishin ofruar dikur \u2018tregjeve t\u00eb zeza\u2019 gjat\u00eb Luft\u00ebs s\u00eb Ftoht\u00eb dhe tani mund t\u00eb hedhin drit\u00eb mbi aktivitetin e Oswald-it n\u00eb Bashkimin Sovjetik dhe n\u00eb Kub\u00eb, p\u00ebrfshir\u00eb q\u00ebndrimin e tij n\u00eb Minsk, k\u00ebrkesat p\u00ebr viz\u00eb n\u00eb ambasadat sovjetike e kubane n\u00eb Meksik\u00eb, dhe vler\u00ebsimet e inteligjenc\u00ebs ruse mbi gjendjen e tij mendore.<\/p>\n<p>Deputetja Luna ka deklaruar se dokumentet kan\u00eb \u201cr\u00ebnd\u00ebsi historike t\u00eb jasht\u00ebzakonshme\u201d dhe se nj\u00eb grup ekspert\u00ebsh tashm\u00eb ka nisur p\u00ebrkthimin dhe analiz\u00ebn e tyre, me synimin p\u00ebr t\u2019i publikuar s\u00eb shpejti.<\/p>\n<p>Megjithat\u00eb, disa ekspert\u00eb paralajm\u00ebrojn\u00eb p\u00ebr kujdes. Ata dyshojn\u00eb se raporti i KGB-s\u00eb do t\u00eb sjell\u00eb ndonj\u00eb t\u00eb v\u00ebrtet\u00eb t\u00eb re dhe mendojn\u00eb se kjo l\u00ebvizje mund t\u00eb jet\u00eb nj\u00eb manov\u00ebr politike nga Rusia p\u00ebr t\u00eb shp\u00ebrqendruar v\u00ebmendjen nd\u00ebrkomb\u00ebtare nga lufta n\u00eb Ukrain\u00eb, sidomos pasi kjo ndodhi n\u00eb prag t\u00eb nj\u00eb takimi mes Donald Trump dhe presidentit ukrainas Zelensky.<\/p>\n<p>Disa komentues mendojn\u00eb gjithashtu se akti i dor\u00ebzimit t\u00eb dokumenteve \u00ebsht\u00eb propagand\u00eb, nd\u00ebrsa t\u00eb tjer\u00eb shpresojn\u00eb t\u00eb zbulojn\u00eb m\u00eb shum\u00eb detaje p\u00ebr gjendjen mendore t\u00eb Osuald-it dhe p\u00ebr v\u00ebzhgimet q\u00eb i jan\u00eb b\u00ebr\u00eb atij nga KGB-ja, gjat\u00eb q\u00ebndrimit n\u00eb Bashkimin Sovjetik.<\/p>\n<p>N\u00eb vitet \u201990, nj\u00eb pjes\u00eb e k\u00ebtyre dokumenteve ishin n\u00eb shitje n\u00eb Minsk, por asokohe autor\u00eb si Gerald Posner nuk arrit\u00ebn t\u2019i blinin.<\/p>\n<p>Shkrimtari Norman Mailer, q\u00eb botoi nj\u00eb lib\u00ebr p\u00ebr Osuald-in, ishte nd\u00ebr t\u00eb pakt\u00ebt q\u00eb siguroi disa prej tyre, por nuk \u00ebsht\u00eb e qart\u00eb n\u00ebse b\u00ebhet fjal\u00eb p\u00ebr t\u00eb nj\u00ebjtat materiale, q\u00eb tani i jan\u00eb dor\u00ebzuar Luna-s.<\/p>\n<p>N\u00eb fund, mbetet p\u00ebr t\u2019u par\u00eb n\u00ebse dokumentet e reja do t\u00eb zbulojn\u00eb ndonj\u00eb t\u00eb v\u00ebrtet\u00eb t\u00eb re p\u00ebr nj\u00eb nga vrasjet m\u00eb t\u00eb famshme dhe m\u00eb t\u00eb diskutuara t\u00eb shekullit t\u00eb kaluar apo n\u00ebse b\u00ebhet fjal\u00eb vet\u00ebm p\u00ebr nj\u00eb tjet\u00ebr kapitull t\u00eb mjegullt dhe t\u00eb manipuluar politikisht.<\/p>\n","protected":false},"excerpt":{"rendered":"<p>17 Tetor 2025 Nga Rosalba Castelletti, la Repubblica M\u00eb shum\u00eb se 60 vjet pas vrasjes s\u00eb presidentit amerikan John F. Kennedy n\u00eb Dallas, ende ekzistojn\u00eb shum\u00eb pik\u00ebpyetje rreth asaj q\u00eb ndodhi v\u00ebrtet\u00eb at\u00eb dit\u00eb dhe kush ishte p\u00ebrgjegj\u00ebs. I vetmi autor zyrtar i vrasjes mbetet Lee Harvey Oswald, nj\u00eb ish-marins amerikan, q\u00eb m\u00eb von\u00eb u [&hellip;]<\/p>\n","protected":false},"author":9,"featured_media":94331,"comment_status":"open","ping_status":"open","sticky":false,"template":"","format":"standard","meta":{"jetpack_post_was_ever_published":false,"_jetpack_newsletter_access":"","_jetpack_dont_email_post_to_subs":false,"_jetpack_newsletter_tier_id":0,"_jetpack_memberships_contains_paywalled_content":false,"_jetpack_memberships_contains_paid_content":false,"footnotes":"","jetpack_publicize_message":"","jetpack_publicize_feature_enabled":true,"jetpack_social_post_already_shared":true,"jetpack_social_options":{"image_generator_settings":{"template":"highway","default_image_id":0,"font":"","enabled":false},"version":2}},"categories":[85,1],"tags":[],"class_list":["post-94330","post","type-post","status-publish","format-standard","has-post-thumbnail","hentry","category-histori","category-njoftime-shtypi"],"jetpack_publicize_connections":[],"jetpack_featured_media_url":"https:\/\/i0.wp.com\/www.shqiperia.com\/blog\/wp-content\/uploads\/2025\/10\/John-Kennedy1.png?fit=993%2C556&ssl=1","jetpack_sharing_enabled":true,"jetpack_shortlink":"https:\/\/wp.me\/p5Z6wp-oxs","jetpack-related-posts":[{"id":90934,"url":"https:\/\/www.shqiperia.com\/blog\/regjisori-qe-denoncoi-komplotin-oliver-stone-deshmon-mbi-atentatin-ndaj-john-f-kennedy\/","url_meta":{"origin":94330,"position":0},"title":"Regjisori q\u00eb &#8220;denoncoi&#8221; komplotin! Oliver Stone d\u00ebshmon mbi atentatin ndaj John F. Kennedy","author":"Kurt Farka","date":"March 31, 2025","format":false,"excerpt":"31 Nars 2025 Regjisori amerikan Oliver Stone do t\u00eb d\u00ebshmoj\u00eb n\u00eb nj\u00eb seanc\u00eb d\u00ebgjimore t\u00eb mart\u00ebn n\u00eb Dhom\u00ebn e P\u00ebrfaq\u00ebsuesve t\u00eb SHBA-s\u00eb mbi vrasjen e John F. Kennedy. Pas premtimit te Trump gjat\u00eb fushat\u00ebs se do t\u00eb siguroj\u00eb m\u00eb shum\u00eb transparenc\u00eb p\u00ebr vrasjen e Presidentit, Administrata ka marr p\u00ebrsip\u00ebr zbardhjen\u2026","rel":"","context":"In &quot;Blogu i Udh\u00ebtarit&quot;","block_context":{"text":"Blogu i Udh\u00ebtarit","link":"https:\/\/www.shqiperia.com\/blog\/category\/blogu-i-udhetarit\/"},"img":{"alt_text":"","src":"https:\/\/i0.wp.com\/www.shqiperia.com\/blog\/wp-content\/uploads\/2025\/03\/640-0-oli2jpg-1743415074.jpg?fit=640%2C347&ssl=1&resize=350%2C200","width":350,"height":200,"srcset":"https:\/\/i0.wp.com\/www.shqiperia.com\/blog\/wp-content\/uploads\/2025\/03\/640-0-oli2jpg-1743415074.jpg?fit=640%2C347&ssl=1&resize=350%2C200 1x, https:\/\/i0.wp.com\/www.shqiperia.com\/blog\/wp-content\/uploads\/2025\/03\/640-0-oli2jpg-1743415074.jpg?fit=640%2C347&ssl=1&resize=525%2C300 1.5x"},"classes":[]},{"id":13518,"url":"https:\/\/www.shqiperia.com\/blog\/historia-e-vrasjes-se-romanoveve-te-rusise-ende-e-pazgjidhur\/","url_meta":{"origin":94330,"position":1},"title":"Historia e vrasjes s\u00eb Romanov\u00ebve t\u00eb Rusis\u00eb ende e pazgjidhur.-","author":"Kurt Farka","date":"November 9, 2018","format":false,"excerpt":"Historia e vrasjes s\u00eb Romanov\u00ebve t\u00eb Rusis\u00eb ende e pazgjidhur.- Nga t\u00eb gjitha vendet q\u00eb mor\u00ebn pjes\u00eb n\u00eb Luft\u00ebn e Par\u00eb Bot\u00ebrore, asnj\u00ebri nuk p\u00ebsoi m\u00eb shum\u00eb d\u00ebme se sa Rusia. Pak\u00ebnaq\u00ebsit\u00eb brenda vendit p\u00ebr humbjet gjat\u00eb luft\u00ebs \u00e7uan n\u00eb braktisjen e fronit nga Cari Nikollaj i Dyt\u00eb i dinastis\u00eb\u2026","rel":"","context":"In &quot;Blogu i Udh\u00ebtarit&quot;","block_context":{"text":"Blogu i Udh\u00ebtarit","link":"https:\/\/www.shqiperia.com\/blog\/category\/blogu-i-udhetarit\/"},"img":{"alt_text":"","src":"https:\/\/i0.wp.com\/www.shqiperia.com\/blog\/wp-content\/uploads\/2018\/11\/the_romanov_family_1913_by_iworshippatkaleta-d34ajum.png?fit=539%2C257&ssl=1&resize=350%2C200","width":350,"height":200,"srcset":"https:\/\/i0.wp.com\/www.shqiperia.com\/blog\/wp-content\/uploads\/2018\/11\/the_romanov_family_1913_by_iworshippatkaleta-d34ajum.png?fit=539%2C257&ssl=1&resize=350%2C200 1x, https:\/\/i0.wp.com\/www.shqiperia.com\/blog\/wp-content\/uploads\/2018\/11\/the_romanov_family_1913_by_iworshippatkaleta-d34ajum.png?fit=539%2C257&ssl=1&resize=525%2C300 1.5x"},"classes":[]},{"id":29015,"url":"https:\/\/www.shqiperia.com\/blog\/nje-liber-i-ri-pretendon-se-albert-camus-eshte-vrare-nga-kgb\/","url_meta":{"origin":94330,"position":2},"title":"Nj\u00eb lib\u00ebr i ri pretendon se Albert Camus \u00ebsht\u00eb vrar\u00eb nga KGB","author":"shqiperia","date":"December 6, 2019","format":false,"excerpt":"Studimi zgjerohet me gjetje arkivore t\u00eb zbuluara n\u00eb vitin 2011, dhe sugjeron q\u00eb shteti francez mund t\u00eb ket\u00eb dhene OK per aksidentin automobilistik t\u00eb vitit 1960. Gjasht\u00ebdhjet\u00eb vjet vdekjes se laureatit dhe nobelistit francez Albert Camus (Kamy), nj\u00eb lib\u00ebr i ri po argumenton se ai u vra nga spiun\u00ebt e\u2026","rel":"","context":"In &quot;Histori&quot;","block_context":{"text":"Histori","link":"https:\/\/www.shqiperia.com\/blog\/category\/histori\/"},"img":{"alt_text":"Albert Kamy","src":"https:\/\/i0.wp.com\/www.shqiperia.com\/blog\/wp-content\/uploads\/2019\/12\/Albert_Camus.jpg?fit=640%2C430&ssl=1&resize=350%2C200","width":350,"height":200,"srcset":"https:\/\/i0.wp.com\/www.shqiperia.com\/blog\/wp-content\/uploads\/2019\/12\/Albert_Camus.jpg?fit=640%2C430&ssl=1&resize=350%2C200 1x, https:\/\/i0.wp.com\/www.shqiperia.com\/blog\/wp-content\/uploads\/2019\/12\/Albert_Camus.jpg?fit=640%2C430&ssl=1&resize=525%2C300 1.5x"},"classes":[]},{"id":63939,"url":"https:\/\/www.shqiperia.com\/blog\/joe-biden-leshon-mesazhin-e-fuqishem-per-iranin-zbardhet-zotimi-i-presidentit\/","url_meta":{"origin":94330,"position":3},"title":"Joe Biden l\u00ebshon mesazhin e fuqish\u00ebm p\u00ebr Iranin. &#8211; Zbardhet zotimi i Presidentit","author":"Kurt Farka","date":"November 4, 2022","format":false,"excerpt":"4 Nentor 2022 Presidenti amerikan,\u00a0Joe Biden, u zotua dje p\u00ebr \u201c\u00e7lirimin e Iranit\u201d, duke th\u00ebn\u00eb se protestuesit iranian\u00eb do t\u00eb \u00e7lirohen s\u00eb shpejti. \u201cMos u shqet\u00ebsoni, ne do ta \u00e7lirojm\u00eb Iranin. Qytetar\u00ebt iranian\u00eb do t\u00eb \u00e7lirohen shum\u00eb shpejt\u201d, tha Biden gjat\u00eb nj\u00eb mitingu n\u00eb Kalifroni, me dhjet\u00ebra amerikan\u00eb me pankarta\u2026","rel":"","context":"In &quot;Blogu i Udh\u00ebtarit&quot;","block_context":{"text":"Blogu i Udh\u00ebtarit","link":"https:\/\/www.shqiperia.com\/blog\/category\/blogu-i-udhetarit\/"},"img":{"alt_text":"","src":"https:\/\/i0.wp.com\/www.shqiperia.com\/blog\/wp-content\/uploads\/2022\/11\/800-0-27096aabe0a244929c7772472f7e04fd.png?fit=800%2C452&ssl=1&resize=350%2C200","width":350,"height":200,"srcset":"https:\/\/i0.wp.com\/www.shqiperia.com\/blog\/wp-content\/uploads\/2022\/11\/800-0-27096aabe0a244929c7772472f7e04fd.png?fit=800%2C452&ssl=1&resize=350%2C200 1x, https:\/\/i0.wp.com\/www.shqiperia.com\/blog\/wp-content\/uploads\/2022\/11\/800-0-27096aabe0a244929c7772472f7e04fd.png?fit=800%2C452&ssl=1&resize=525%2C300 1.5x, https:\/\/i0.wp.com\/www.shqiperia.com\/blog\/wp-content\/uploads\/2022\/11\/800-0-27096aabe0a244929c7772472f7e04fd.png?fit=800%2C452&ssl=1&resize=700%2C400 2x"},"classes":[]},{"id":87254,"url":"https:\/\/www.shqiperia.com\/blog\/monedha-e-rralle-romake-per-vrasjen-e-jul-cezarit-del-ne-ankand-per-5mln-ne-londer\/","url_meta":{"origin":94330,"position":4},"title":"Monedha e rrall\u00eb romake p\u00ebr vrasjen e Jul \u00c7ezarit del n\u00eb ankand p\u00ebr \u00a35mln n\u00eb Lond\u00ebr","author":"Kurt Farka","date":"December 9, 2024","format":false,"excerpt":"9 Dhjetor 2024 Nj\u00eb monedh\u00eb floriri n\u00eb p\u00ebrkujtim t\u00eb vrasjes s\u00eb perandorit romak Julius Caesar, pritet t\u00eb shitet p\u00ebr 5 milion\u00eb paund\u00eb k\u00ebt\u00eb muaj n\u00eb Lond\u00ebr, than\u00eb ekspert\u00ebt e ankandeve. Valuta 2000 vje\u00e7are \u00ebsht\u00eb nj\u00eb nga vet\u00ebm tre monedha t\u00eb njohura me t\u00eb nj\u00ebjtin dizajn, dhe konsiderohen nga m\u00eb t\u00eb\u2026","rel":"","context":"In &quot;Blogu i Udh\u00ebtarit&quot;","block_context":{"text":"Blogu i Udh\u00ebtarit","link":"https:\/\/www.shqiperia.com\/blog\/category\/blogu-i-udhetarit\/"},"img":{"alt_text":"","src":"https:\/\/i0.wp.com\/www.shqiperia.com\/blog\/wp-content\/uploads\/2024\/12\/monedh.webp?fit=800%2C416&ssl=1&resize=350%2C200","width":350,"height":200,"srcset":"https:\/\/i0.wp.com\/www.shqiperia.com\/blog\/wp-content\/uploads\/2024\/12\/monedh.webp?fit=800%2C416&ssl=1&resize=350%2C200 1x, https:\/\/i0.wp.com\/www.shqiperia.com\/blog\/wp-content\/uploads\/2024\/12\/monedh.webp?fit=800%2C416&ssl=1&resize=525%2C300 1.5x, https:\/\/i0.wp.com\/www.shqiperia.com\/blog\/wp-content\/uploads\/2024\/12\/monedh.webp?fit=800%2C416&ssl=1&resize=700%2C400 2x"},"classes":[]},{"id":70423,"url":"https:\/\/www.shqiperia.com\/blog\/blinken-bisede-telefonike-me-lavrovin\/","url_meta":{"origin":94330,"position":5},"title":"Blinken bised\u00eb telefonike me Lavrovin","author":"Kurt Farka","date":"April 3, 2023","format":false,"excerpt":"3 Prill 2023 Sekretari amerikan i Shtetit, Antony Blinken, ka k\u00ebrkuar lirimin e gazetarit t\u00eb arrestuar t\u00eb Wall Street Journal \u2013 n\u00eb nj\u00eb telefonat\u00eb t\u00eb rrall\u00eb me homologun e tij rus, Sergei Lavrov. Lavrov tha se SHBA-ja nuk duhet ta politizoj\u00eb arrestimin. Gazetari amerikan, Evan Gershkovich, u arrestua t\u00eb premten\u2026","rel":"","context":"In &quot;Blogu i Udh\u00ebtarit&quot;","block_context":{"text":"Blogu i Udh\u00ebtarit","link":"https:\/\/www.shqiperia.com\/blog\/category\/blogu-i-udhetarit\/"},"img":{"alt_text":"","src":"https:\/\/i0.wp.com\/www.shqiperia.com\/blog\/wp-content\/uploads\/2023\/04\/800-0-8eb85f1db1dbe0bc6c562bc159ecdd5f.jpg?fit=800%2C509&ssl=1&resize=350%2C200","width":350,"height":200,"srcset":"https:\/\/i0.wp.com\/www.shqiperia.com\/blog\/wp-content\/uploads\/2023\/04\/800-0-8eb85f1db1dbe0bc6c562bc159ecdd5f.jpg?fit=800%2C509&ssl=1&resize=350%2C200 1x, https:\/\/i0.wp.com\/www.shqiperia.com\/blog\/wp-content\/uploads\/2023\/04\/800-0-8eb85f1db1dbe0bc6c562bc159ecdd5f.jpg?fit=800%2C509&ssl=1&resize=525%2C300 1.5x, https:\/\/i0.wp.com\/www.shqiperia.com\/blog\/wp-content\/uploads\/2023\/04\/800-0-8eb85f1db1dbe0bc6c562bc159ecdd5f.jpg?fit=800%2C509&ssl=1&resize=700%2C400 2x"},"classes":[]}],"_links":{"self":[{"href":"https:\/\/www.shqiperia.com\/blog\/wp-json\/wp\/v2\/posts\/94330","targetHints":{"allow":["GET"]}}],"collection":[{"href":"https:\/\/www.shqiperia.com\/blog\/wp-json\/wp\/v2\/posts"}],"about":[{"href":"https:\/\/www.shqiperia.com\/blog\/wp-json\/wp\/v2\/types\/post"}],"author":[{"embeddable":true,"href":"https:\/\/www.shqiperia.com\/blog\/wp-json\/wp\/v2\/users\/9"}],"replies":[{"embeddable":true,"href":"https:\/\/www.shqiperia.com\/blog\/wp-json\/wp\/v2\/comments?post=94330"}],"version-history":[{"count":1,"href":"https:\/\/www.shqiperia.com\/blog\/wp-json\/wp\/v2\/posts\/94330\/revisions"}],"predecessor-version":[{"id":94332,"href":"https:\/\/www.shqiperia.com\/blog\/wp-json\/wp\/v2\/posts\/94330\/revisions\/94332"}],"wp:featuredmedia":[{"embeddable":true,"href":"https:\/\/www.shqiperia.com\/blog\/wp-json\/wp\/v2\/media\/94331"}],"wp:attachment":[{"href":"https:\/\/www.shqiperia.com\/blog\/wp-json\/wp\/v2\/media?parent=94330"}],"wp:term":[{"taxonomy":"category","embeddable":true,"href":"https:\/\/www.shqiperia.com\/blog\/wp-json\/wp\/v2\/categories?post=94330"},{"taxonomy":"post_tag","embeddable":true,"href":"https:\/\/www.shqiperia.com\/blog\/wp-json\/wp\/v2\/tags?post=94330"}],"curies":[{"name":"wp","href":"https:\/\/api.w.org\/{rel}","templated":true}]}}