{"id":94281,"date":"2025-10-14T04:00:37","date_gmt":"2025-10-14T04:00:37","guid":{"rendered":"https:\/\/www.shqiperia.com\/blog\/?p=94281"},"modified":"2025-10-14T04:01:32","modified_gmt":"2025-10-14T04:01:32","slug":"skandali-via-egnatia-qenka-shkaterruar-me-miratim-nga-instituti-kombetar-te-trashegimise-kulturore","status":"publish","type":"post","link":"https:\/\/www.shqiperia.com\/blog\/skandali-via-egnatia-qenka-shkaterruar-me-miratim-nga-instituti-kombetar-te-trashegimise-kulturore\/","title":{"rendered":"Skandali: &#8211; Via Egnatia qenka shkat\u00ebrruar me miratim nga Instituti Kombetar te Trash\u00ebgimis\u00eb Kulturore"},"content":{"rendered":"<p><img data-recalc-dims=\"1\" loading=\"lazy\" decoding=\"async\" data-attachment-id=\"94282\" data-permalink=\"https:\/\/www.shqiperia.com\/blog\/skandali-via-egnatia-qenka-shkaterruar-me-miratim-nga-instituti-kombetar-te-trashegimise-kulturore\/ina-zhupa-3\/\" data-orig-file=\"https:\/\/i0.wp.com\/www.shqiperia.com\/blog\/wp-content\/uploads\/2025\/10\/Ina-Zhupa.jpg?fit=1107%2C696&amp;ssl=1\" data-orig-size=\"1107,696\" data-comments-opened=\"1\" data-image-meta=\"{&quot;aperture&quot;:&quot;0&quot;,&quot;credit&quot;:&quot;Redaksia&quot;,&quot;camera&quot;:&quot;&quot;,&quot;caption&quot;:&quot;&quot;,&quot;created_timestamp&quot;:&quot;1760386147&quot;,&quot;copyright&quot;:&quot;&quot;,&quot;focal_length&quot;:&quot;0&quot;,&quot;iso&quot;:&quot;0&quot;,&quot;shutter_speed&quot;:&quot;0&quot;,&quot;title&quot;:&quot;&quot;,&quot;orientation&quot;:&quot;0&quot;}\" data-image-title=\"Ina Zhupa\" data-image-description=\"\" data-image-caption=\"\" data-medium-file=\"https:\/\/i0.wp.com\/www.shqiperia.com\/blog\/wp-content\/uploads\/2025\/10\/Ina-Zhupa.jpg?fit=300%2C189&amp;ssl=1\" data-large-file=\"https:\/\/i0.wp.com\/www.shqiperia.com\/blog\/wp-content\/uploads\/2025\/10\/Ina-Zhupa.jpg?fit=1024%2C644&amp;ssl=1\" class=\"alignnone  wp-image-94282\" alt=\"\" src=\"https:\/\/i0.wp.com\/www.shqiperia.com\/blog\/wp-content\/uploads\/2025\/10\/Ina-Zhupa.jpg?resize=686%2C432&#038;ssl=1\" width=\"686\" height=\"432\" srcset=\"https:\/\/i0.wp.com\/www.shqiperia.com\/blog\/wp-content\/uploads\/2025\/10\/Ina-Zhupa.jpg?resize=300%2C189&amp;ssl=1 300w, https:\/\/i0.wp.com\/www.shqiperia.com\/blog\/wp-content\/uploads\/2025\/10\/Ina-Zhupa.jpg?resize=1024%2C644&amp;ssl=1 1024w, https:\/\/i0.wp.com\/www.shqiperia.com\/blog\/wp-content\/uploads\/2025\/10\/Ina-Zhupa.jpg?resize=768%2C483&amp;ssl=1 768w, https:\/\/i0.wp.com\/www.shqiperia.com\/blog\/wp-content\/uploads\/2025\/10\/Ina-Zhupa.jpg?resize=450%2C283&amp;ssl=1 450w, https:\/\/i0.wp.com\/www.shqiperia.com\/blog\/wp-content\/uploads\/2025\/10\/Ina-Zhupa.jpg?resize=600%2C377&amp;ssl=1 600w, https:\/\/i0.wp.com\/www.shqiperia.com\/blog\/wp-content\/uploads\/2025\/10\/Ina-Zhupa.jpg?resize=400%2C251&amp;ssl=1 400w, https:\/\/i0.wp.com\/www.shqiperia.com\/blog\/wp-content\/uploads\/2025\/10\/Ina-Zhupa.jpg?w=1107&amp;ssl=1 1107w\" sizes=\"auto, (max-width: 686px) 100vw, 686px\" \/><\/p>\n<p>14 Tetor 2025<\/p>\n<p>Kryetarja e Komisionit t\u00eb Kultur\u00ebs, Turizmit Ina Zhupa gjat\u00eb d\u00ebgjes\u00ebs me drejtoresh\u00ebn e IKTK, Joli Mitrojorgji e ka pyetur n\u00eb lidhje me asfaltimin e ber\u00eb n\u00eb Via Egnatia.<img loading=\"lazy\" decoding=\"async\" alt=\"\" src=\"https:\/\/ads.balkanweb.com\/www\/delivery\/lg.php?bannerid=0&amp;campaignid=0&amp;zoneid=426&amp;loc=https%3A%2F%2Fwww.balkanweb.com%2Fvideo-via-egnatia-qenka-shkaterruar-me-miratim-nga-instituti-i-trashegimise-kulturore-reagon-ina-zhupa-skandal%2F%23gsc.tab%3D0&amp;referer=https%3A%2F%2Fl.facebook.com%2F&amp;cb=2b64484204\" width=\"0\" height=\"0\" \/><\/p>\n<p>N\u00eb video e shp\u00ebrndar\u00eb nga Zhupa, drejtoresha pranon se i kan\u00eb dh\u00ebn\u00eb miratim projektit si dicka brenda parametrave.<\/p>\n<p>Ina Zhupa e konsideron k\u00ebt\u00eb nj\u00eb skandal. Ajo shprehet se: \u201cKy pranim \u00ebsht\u00eb trondit\u00ebs. Tregon qart\u00eb pap\u00ebrgjegjshm\u00ebri t\u00eb thell\u00eb institucionale ndaj trash\u00ebgimis\u00eb son\u00eb kulturore.<\/p>\n<p>Nd\u00ebrkoh\u00eb q\u00eb ne kemi k\u00ebrkuar mbrojtje institucionale, restaurim sipas standardeve nd\u00ebrkomb\u00ebtare dhe heqjen e \u00e7do nd\u00ebrhyrjeje t\u00eb paligjshme q\u00eb deformon vlerat e rrug\u00ebs s\u00eb lasht\u00eb, duke e denoncuar si produkt t\u00eb nj\u00eb injorance dhe arrogance lokale, nd\u00ebrkoh\u00eb kjo qenka \u201cmbrojtja\u201d q\u00eb i ka dh\u00ebn\u00eb IKTK trash\u00ebgimis\u00eb son\u00eb p\u00ebr \u201ct\u2019i shtuar vler\u00ebn\u201d!!!\u201d<\/p>\n<div id=\"attachment_94283\" style=\"width: 687px\" class=\"wp-caption alignnone\"><img data-recalc-dims=\"1\" loading=\"lazy\" decoding=\"async\" aria-describedby=\"caption-attachment-94283\" data-attachment-id=\"94283\" data-permalink=\"https:\/\/www.shqiperia.com\/blog\/skandali-via-egnatia-qenka-shkaterruar-me-miratim-nga-instituti-kombetar-te-trashegimise-kulturore\/rruga-egnatia-shtrohet-me-asfalt-bashkia-peqin-masakron-trashegimine-kulturore\/\" data-orig-file=\"https:\/\/i0.wp.com\/www.shqiperia.com\/blog\/wp-content\/uploads\/2025\/10\/Rruga-Egnatia-shtrohet-me-asfalt-Bashkia-Peqin-masakron-trashegimine-kulturore.jpg?fit=300%2C168&amp;ssl=1\" data-orig-size=\"300,168\" data-comments-opened=\"1\" data-image-meta=\"{&quot;aperture&quot;:&quot;0&quot;,&quot;credit&quot;:&quot;&quot;,&quot;camera&quot;:&quot;&quot;,&quot;caption&quot;:&quot;&quot;,&quot;created_timestamp&quot;:&quot;0&quot;,&quot;copyright&quot;:&quot;&quot;,&quot;focal_length&quot;:&quot;0&quot;,&quot;iso&quot;:&quot;0&quot;,&quot;shutter_speed&quot;:&quot;0&quot;,&quot;title&quot;:&quot;&quot;,&quot;orientation&quot;:&quot;0&quot;}\" data-image-title=\"Rruga Egnatia shtrohet me asfalt; Bashkia Peqin masakron trash\u00ebgimin\u00eb kulturore\" data-image-description=\"\" data-image-caption=\"&lt;p&gt;Rruga Egnatia shtrohet me asfalt; Bashkia Peqin masakron trash\u00ebgimin\u00eb kulturore&lt;\/p&gt;\n\" data-medium-file=\"https:\/\/i0.wp.com\/www.shqiperia.com\/blog\/wp-content\/uploads\/2025\/10\/Rruga-Egnatia-shtrohet-me-asfalt-Bashkia-Peqin-masakron-trashegimine-kulturore.jpg?fit=300%2C168&amp;ssl=1\" data-large-file=\"https:\/\/i0.wp.com\/www.shqiperia.com\/blog\/wp-content\/uploads\/2025\/10\/Rruga-Egnatia-shtrohet-me-asfalt-Bashkia-Peqin-masakron-trashegimine-kulturore.jpg?fit=300%2C168&amp;ssl=1\" class=\" wp-image-94283\" alt=\"\" src=\"https:\/\/i0.wp.com\/www.shqiperia.com\/blog\/wp-content\/uploads\/2025\/10\/Rruga-Egnatia-shtrohet-me-asfalt-Bashkia-Peqin-masakron-trashegimine-kulturore.jpg?resize=677%2C379&#038;ssl=1\" width=\"677\" height=\"379\" \/><p id=\"caption-attachment-94283\" class=\"wp-caption-text\">Rruga Egnatia shtrohet me asfalt; Bashkia Peqin masakron trash\u00ebgimin\u00eb kulturore<\/p><\/div>\n<p><strong>Reagimi i plot\u00eb i Ina Zhup\u00ebs<\/strong><\/p>\n<p>Skandal!<\/p>\n<p>Institucione t\u00eb pap\u00ebrgjegjshme dhe t\u00eb paafta. Drejtoresha e IKTK-s\u00eb pranon se Asfaltimi i Via Egnatia-s \u00ebsht\u00eb b\u00ebr\u00eb me miratimin e tyre!<\/p>\n<p>Sot n\u00eb Komisionin e Kultur\u00ebs, Turizmit dhe Diaspor\u00ebs, gjat\u00eb nj\u00eb seance d\u00ebgjimore me p\u00ebrfaq\u00ebsues t\u00eb IKTK-s\u00eb, b\u00ebra pyetje t\u00eb drejtp\u00ebrdrejta mbi nd\u00ebrhyrjen skandaloze n\u00eb rrug\u00ebn historike t\u00eb Via Egnatia-s:<\/p>\n<p>A ka aplikuar bashkia p\u00ebr k\u00ebt\u00eb projekt?<\/p>\n<p>A e keni par\u00eb dhe miratuar ju k\u00ebt\u00eb nd\u00ebrhyrje?<\/p>\n<p>P\u00ebrgjigjja e drejtoresh\u00ebs ishte po: e kemi par\u00eb, e kemi miratuar dhe sipas saj, nuk ka asnj\u00eb problem.<\/p>\n<p>Ky pranim \u00ebsht\u00eb trondit\u00ebs. Tregon qart\u00eb pap\u00ebrgjegjshm\u00ebri t\u00eb thell\u00eb institucionale ndaj trash\u00ebgimis\u00eb son\u00eb kulturore. Rruga e Via Egnatia-s nuk \u00ebsht\u00eb nj\u00eb rrug\u00eb e zakonshme , \u00ebsht\u00eb pjes\u00eb e nj\u00eb historie me vler\u00eb komb\u00ebtare dhe nd\u00ebrkomb\u00ebtare.<\/p>\n<p>Nd\u00ebrkoh\u00eb q\u00eb ne kemi k\u00ebrkuar mbrojtje institucionale, restaurim sipas standardeve nd\u00ebrkomb\u00ebtare dhe heqjen e \u00e7do nd\u00ebrhyrjeje t\u00eb paligjshme q\u00eb deformon vlerat e rrug\u00ebs s\u00eb lasht\u00eb, duke e denoncuar si produkt t\u00eb nj\u00eb injorance dhe arrogance lokale, nd\u00ebrkoh\u00eb kjo qenka \u201cmbrojtja\u201d q\u00eb i ka dh\u00ebn\u00eb IKTK trash\u00ebgimis\u00eb son\u00eb p\u00ebr \u201ct\u2019i shtuar vler\u00ebn\u201d!!!<\/p>\n<p>Absurde kur nj\u00eb institucion q\u00eb ka p\u00ebr detyr\u00eb mbrojtjen e trash\u00ebgimis\u00eb son\u00eb, e shikon shkat\u00ebrrimin si di\u00e7ka \u201cn\u00eb rregull\u201d. Kjo nuk \u00ebsht\u00eb m\u00eb \u00e7\u00ebshtje sporadike por \u00ebsht\u00eb nj\u00eb alarm p\u00ebr m\u00ebnyr\u00ebn si mendohet dhe veprohet n\u00eb d\u00ebm t\u00eb historis\u00eb son\u00eb.<\/p>\n","protected":false},"excerpt":{"rendered":"<p>14 Tetor 2025 Kryetarja e Komisionit t\u00eb Kultur\u00ebs, Turizmit Ina Zhupa gjat\u00eb d\u00ebgjes\u00ebs me drejtoresh\u00ebn e IKTK, Joli Mitrojorgji e ka pyetur n\u00eb lidhje me asfaltimin e ber\u00eb n\u00eb Via Egnatia. N\u00eb video e shp\u00ebrndar\u00eb nga Zhupa, drejtoresha pranon se i kan\u00eb dh\u00ebn\u00eb miratim projektit si dicka brenda parametrave. Ina Zhupa e konsideron k\u00ebt\u00eb nj\u00eb [&hellip;]<\/p>\n","protected":false},"author":9,"featured_media":94282,"comment_status":"open","ping_status":"open","sticky":false,"template":"","format":"standard","meta":{"jetpack_post_was_ever_published":false,"_jetpack_newsletter_access":"","_jetpack_dont_email_post_to_subs":false,"_jetpack_newsletter_tier_id":0,"_jetpack_memberships_contains_paywalled_content":false,"_jetpack_memberships_contains_paid_content":false,"footnotes":"","jetpack_publicize_message":"","jetpack_publicize_feature_enabled":true,"jetpack_social_post_already_shared":true,"jetpack_social_options":{"image_generator_settings":{"template":"highway","default_image_id":0,"font":"","enabled":false},"version":2}},"categories":[85,10,1,2,35,86],"tags":[],"class_list":["post-94281","post","type-post","status-publish","format-standard","has-post-thumbnail","hentry","category-histori","category-kultura","category-njoftime-shtypi","category-politika","category-shoqerore","category-trashegimi-kulturore"],"jetpack_publicize_connections":[],"jetpack_featured_media_url":"https:\/\/i0.wp.com\/www.shqiperia.com\/blog\/wp-content\/uploads\/2025\/10\/Ina-Zhupa.jpg?fit=1107%2C696&ssl=1","jetpack_sharing_enabled":true,"jetpack_shortlink":"https:\/\/wp.me\/p5Z6wp-owF","jetpack-related-posts":[{"id":60464,"url":"https:\/\/www.shqiperia.com\/blog\/ina-zhupa-kerkon-pergjigje-nga-institucionet-akademike-per-leksionet-antishqiptare-qe-richard-hodges\/","url_meta":{"origin":94281,"position":0},"title":"Ina Zhupa k\u00ebrkon p\u00ebrgjigje nga Institucionet Akademike p\u00ebr leksionet antishqiptare q\u00eb Richard Hodges","author":"Kurt Farka","date":"August 2, 2022","format":false,"excerpt":"2 gusht 2022 Deputetja e PD-s\u00eb Ina Zhupa k\u00ebrkon p\u00ebrgjigje nga institucionet p\u00ebr leksionet antishqiptare q\u00eb Richard Hodges, drejtues i koncesionit t\u00eb Butrintit, mban n\u00ebp\u00ebr universitete dhe shkruan n\u00eb \u201cartikuj shkencor\u201d. N\u00eb nj\u00eb postim n\u00eb \u201cFacebook\u201d, Zhupa shkruan se i ka d\u00ebrguar k\u00ebrkes\u00eb zyrtare 3 institucioneve, t\u00eb albanologjis\u00eb, s\u00eb historis\u00eb\u2026","rel":"","context":"In &quot;Histori&quot;","block_context":{"text":"Histori","link":"https:\/\/www.shqiperia.com\/blog\/category\/histori\/"},"img":{"alt_text":"","src":"https:\/\/i0.wp.com\/www.shqiperia.com\/blog\/wp-content\/uploads\/2022\/08\/Ina-Zhupa.jpg?fit=1200%2C630&ssl=1&resize=350%2C200","width":350,"height":200,"srcset":"https:\/\/i0.wp.com\/www.shqiperia.com\/blog\/wp-content\/uploads\/2022\/08\/Ina-Zhupa.jpg?fit=1200%2C630&ssl=1&resize=350%2C200 1x, https:\/\/i0.wp.com\/www.shqiperia.com\/blog\/wp-content\/uploads\/2022\/08\/Ina-Zhupa.jpg?fit=1200%2C630&ssl=1&resize=525%2C300 1.5x, https:\/\/i0.wp.com\/www.shqiperia.com\/blog\/wp-content\/uploads\/2022\/08\/Ina-Zhupa.jpg?fit=1200%2C630&ssl=1&resize=700%2C400 2x, https:\/\/i0.wp.com\/www.shqiperia.com\/blog\/wp-content\/uploads\/2022\/08\/Ina-Zhupa.jpg?fit=1200%2C630&ssl=1&resize=1050%2C600 3x"},"classes":[]},{"id":77099,"url":"https:\/\/www.shqiperia.com\/blog\/ina-zhupa-udhe-te-mbare-elva-margariti-te-perdoren-si-vrasese-te-kultures\/","url_meta":{"origin":94281,"position":1},"title":"Ina Zhupa \u2013 Udh\u00eb t\u00eb mbar\u00eb Elva Margariti, t\u00eb p\u00ebrdor\u00ebn si vras\u00ebse t\u00eb Kultur\u00ebs","author":"Kurt Farka","date":"January 8, 2024","format":false,"excerpt":"8 Janar 2024 Deputetja e Partis\u00eb Demokratike, Ina Zhupa ka reaguar pas vendimit t\u00eb kryeministrit Rama p\u00ebr t\u00eb shkrir\u00eb dy ministri, Ekonomin\u00eb dhe Kultur\u00ebn p\u00ebr t\u00eb krijuar dikasterin e Ekonomis\u00eb, Kultur\u00ebs dhe Inovacionit, n\u00eb krye t\u00eb s\u00eb cil\u00ebs ka propozuar Blendi Gonxhen. P\u00ebr Zhup\u00ebn \u201cbashkimi i kultur\u00ebs me ekonomin\u00eb tregon\u2026","rel":"","context":"In &quot;Blogu i Udh\u00ebtarit&quot;","block_context":{"text":"Blogu i Udh\u00ebtarit","link":"https:\/\/www.shqiperia.com\/blog\/category\/blogu-i-udhetarit\/"},"img":{"alt_text":"","src":"https:\/\/i0.wp.com\/www.shqiperia.com\/blog\/wp-content\/uploads\/2024\/01\/800-0-3339e9f8f0fdabcc08c68c89e824bc96-1.jpg?fit=800%2C539&ssl=1&resize=350%2C200","width":350,"height":200,"srcset":"https:\/\/i0.wp.com\/www.shqiperia.com\/blog\/wp-content\/uploads\/2024\/01\/800-0-3339e9f8f0fdabcc08c68c89e824bc96-1.jpg?fit=800%2C539&ssl=1&resize=350%2C200 1x, https:\/\/i0.wp.com\/www.shqiperia.com\/blog\/wp-content\/uploads\/2024\/01\/800-0-3339e9f8f0fdabcc08c68c89e824bc96-1.jpg?fit=800%2C539&ssl=1&resize=525%2C300 1.5x, https:\/\/i0.wp.com\/www.shqiperia.com\/blog\/wp-content\/uploads\/2024\/01\/800-0-3339e9f8f0fdabcc08c68c89e824bc96-1.jpg?fit=800%2C539&ssl=1&resize=700%2C400 2x"},"classes":[]},{"id":58786,"url":"https:\/\/www.shqiperia.com\/blog\/ne-parlament-do-ndertoni-resort-pse-se-jepni-me-koncesion-dhe-ministrine-e-kultures\/","url_meta":{"origin":94281,"position":2},"title":"N\u00eb Parlament: &#8211; Do nd\u00ebrtoni resort, pse s&#8217;e jepni me koncesion dhe Ministrin\u00eb e Kultur\u00ebs?","author":"Kurt Farka","date":"June 9, 2022","format":false,"excerpt":"9 QERSHOR 2022 Deputetja e PD, Ina Zhupa ka zhvilluar nj\u00eb interpelanc\u00eb me tone t\u00eb forta me ministren e Kultur\u00ebs, Elva Margariti lidhur me projektin e Butrintit. Zhupa tha se Ministria e Kultur\u00ebs \u00a0e dha me koncesion Butrinit duke argumentuar se deri m\u00eb tani administrimi nuk kishte rezultuar efektiv p\u00ebr\u2026","rel":"","context":"In &quot;Arte&quot;","block_context":{"text":"Arte","link":"https:\/\/www.shqiperia.com\/blog\/category\/arte\/"},"img":{"alt_text":"","src":"https:\/\/i0.wp.com\/www.shqiperia.com\/blog\/wp-content\/uploads\/2022\/06\/big_fasada2.jpg?fit=643%2C338&ssl=1&resize=350%2C200","width":350,"height":200,"srcset":"https:\/\/i0.wp.com\/www.shqiperia.com\/blog\/wp-content\/uploads\/2022\/06\/big_fasada2.jpg?fit=643%2C338&ssl=1&resize=350%2C200 1x, https:\/\/i0.wp.com\/www.shqiperia.com\/blog\/wp-content\/uploads\/2022\/06\/big_fasada2.jpg?fit=643%2C338&ssl=1&resize=525%2C300 1.5x"},"classes":[]},{"id":65955,"url":"https:\/\/www.shqiperia.com\/blog\/gjykata-kushtetuese-ka-pranuar-te-shqyrtoje-padine-per-butrintin-lajmin-e-jep-deputetja-e-partise-demokratike-ina-zhupa\/","url_meta":{"origin":94281,"position":3},"title":"Gjykata Kushtetuese ka pranuar t\u00eb shqyrtoj\u00eb padin\u00eb p\u00ebr \u201cButrintin\u201d. &#8211; Lajmin e jep Deputetja e Partis\u00eb Demokratike, Ina Zhupa","author":"Kurt Farka","date":"January 3, 2023","format":false,"excerpt":"3 Janar 2023. P\u00ebrmes nj\u00eb postimi n\u00eb faqen e saj n\u00eb Facebook, Zhupa \u00ebsht\u00eb shprehur se Gjykata Kushtetuese do t\u00eb q\u00ebndroj\u00eb n\u00eb lart\u00ebsin\u00eb e emrit dhe pozicionit q\u00eb ka dhe ka ftuar pal\u00ebt p\u00ebr t\u00eb dor\u00ebzuar provat p\u00ebrkat\u00ebse deri m\u00eb dat\u00eb 27 janar t\u00eb k\u00ebtij viti. Postimi i plot\u00eb: Viti\u2026","rel":"","context":"In &quot;Blogu i Udh\u00ebtarit&quot;","block_context":{"text":"Blogu i Udh\u00ebtarit","link":"https:\/\/www.shqiperia.com\/blog\/category\/blogu-i-udhetarit\/"},"img":{"alt_text":"","src":"https:\/\/i0.wp.com\/www.shqiperia.com\/blog\/wp-content\/uploads\/2023\/01\/Butrinti.jpg?fit=1200%2C675&ssl=1&resize=350%2C200","width":350,"height":200,"srcset":"https:\/\/i0.wp.com\/www.shqiperia.com\/blog\/wp-content\/uploads\/2023\/01\/Butrinti.jpg?fit=1200%2C675&ssl=1&resize=350%2C200 1x, https:\/\/i0.wp.com\/www.shqiperia.com\/blog\/wp-content\/uploads\/2023\/01\/Butrinti.jpg?fit=1200%2C675&ssl=1&resize=525%2C300 1.5x, https:\/\/i0.wp.com\/www.shqiperia.com\/blog\/wp-content\/uploads\/2023\/01\/Butrinti.jpg?fit=1200%2C675&ssl=1&resize=700%2C400 2x, https:\/\/i0.wp.com\/www.shqiperia.com\/blog\/wp-content\/uploads\/2023\/01\/Butrinti.jpg?fit=1200%2C675&ssl=1&resize=1050%2C600 3x"},"classes":[]},{"id":57290,"url":"https:\/\/www.shqiperia.com\/blog\/butrinti-me-koncesion-parlamenti-publikon-marreveshjen-sekrete-pas-presionit-te-medias-dhe-opozites\/","url_meta":{"origin":94281,"position":4},"title":"Butrinti me koncesion.- \u00a0Parlamenti publikon marr\u00ebveshjen \u201csekrete\u201d pas presionit t\u00eb medias dhe opozit\u00ebs.","author":"Kurt Farka","date":"April 28, 2022","format":false,"excerpt":"Butrinti me koncesion.- \u00a0Parlamenti publikon marr\u00ebveshjen \u201csekrete\u201d pas presionit t\u00eb medias dhe opozit\u00ebs. - 27.04.22 \u2026\u00a0 N\u00eb dokumentin n\u00eb fjal\u00eb, p\u00ebrmendet 258 her\u00eb fjala \u201cbiznes\u201d. Vet\u00ebm nj\u00eb dit\u00eb pas publikimit t\u00eb artikullit \u201cSkandali\/ Butrinti me koncesion me marr\u00ebveshje sekrete. Dokumenti i depozituar n\u00eb Kuvend ka vet\u00ebm 1 nen\u201d nga \u201cGazeta\u2026","rel":"","context":"In &quot;Blogu i Udh\u00ebtarit&quot;","block_context":{"text":"Blogu i Udh\u00ebtarit","link":"https:\/\/www.shqiperia.com\/blog\/category\/blogu-i-udhetarit\/"},"img":{"alt_text":"","src":"https:\/\/i0.wp.com\/www.shqiperia.com\/blog\/wp-content\/uploads\/2022\/04\/Capture-344-770x433-1.jpg?fit=770%2C406&ssl=1&resize=350%2C200","width":350,"height":200,"srcset":"https:\/\/i0.wp.com\/www.shqiperia.com\/blog\/wp-content\/uploads\/2022\/04\/Capture-344-770x433-1.jpg?fit=770%2C406&ssl=1&resize=350%2C200 1x, https:\/\/i0.wp.com\/www.shqiperia.com\/blog\/wp-content\/uploads\/2022\/04\/Capture-344-770x433-1.jpg?fit=770%2C406&ssl=1&resize=525%2C300 1.5x, https:\/\/i0.wp.com\/www.shqiperia.com\/blog\/wp-content\/uploads\/2022\/04\/Capture-344-770x433-1.jpg?fit=770%2C406&ssl=1&resize=700%2C400 2x"},"classes":[]},{"id":92195,"url":"https:\/\/www.shqiperia.com\/blog\/ina-zhupa-reagon-pas-deklaratave-te-rames-e-vetmja-gare-qe-njeh-ps-eshte-kush-do-shkoje-i-pari-ne-burg\/","url_meta":{"origin":94281,"position":5},"title":"Ina Zhupa reagon pas deklaratave t\u00eb Ram\u00ebs: &#8211; E vetmja gar\u00eb q\u00eb njeh PS \u00ebsht\u00eb kush do shkoj\u00eb i pari n\u00eb burg","author":"Kurt Farka","date":"May 4, 2025","format":false,"excerpt":"4 Maji 2025 Kandidatja e PD p\u00ebr deputete n\u00eb Qarkun e Vlor\u00ebs dhe drejtuese politike n\u00eb Sarand\u00eb, Ina Zhupa iu p\u00ebrgjigj deklaratave t\u00eb kryeministrit Edi Rama t\u00eb b\u00ebra gjat\u00eb takimit elektoral n\u00eb qytetin bregdetar. N\u00eb fjal\u00ebn e tij, Rama pyeti ku \u00ebsht\u00eb fituesja e primareve, nd\u00ebrkoh\u00eb q\u00eb deputetja demokrate Ina\u2026","rel":"","context":"In &quot;Blogu i Udh\u00ebtarit&quot;","block_context":{"text":"Blogu i Udh\u00ebtarit","link":"https:\/\/www.shqiperia.com\/blog\/category\/blogu-i-udhetarit\/"},"img":{"alt_text":"","src":"https:\/\/i0.wp.com\/www.shqiperia.com\/blog\/wp-content\/uploads\/2025\/05\/IMG_8257.jpeg?fit=1200%2C723&ssl=1&resize=350%2C200","width":350,"height":200,"srcset":"https:\/\/i0.wp.com\/www.shqiperia.com\/blog\/wp-content\/uploads\/2025\/05\/IMG_8257.jpeg?fit=1200%2C723&ssl=1&resize=350%2C200 1x, https:\/\/i0.wp.com\/www.shqiperia.com\/blog\/wp-content\/uploads\/2025\/05\/IMG_8257.jpeg?fit=1200%2C723&ssl=1&resize=525%2C300 1.5x, https:\/\/i0.wp.com\/www.shqiperia.com\/blog\/wp-content\/uploads\/2025\/05\/IMG_8257.jpeg?fit=1200%2C723&ssl=1&resize=700%2C400 2x, https:\/\/i0.wp.com\/www.shqiperia.com\/blog\/wp-content\/uploads\/2025\/05\/IMG_8257.jpeg?fit=1200%2C723&ssl=1&resize=1050%2C600 3x"},"classes":[]}],"_links":{"self":[{"href":"https:\/\/www.shqiperia.com\/blog\/wp-json\/wp\/v2\/posts\/94281","targetHints":{"allow":["GET"]}}],"collection":[{"href":"https:\/\/www.shqiperia.com\/blog\/wp-json\/wp\/v2\/posts"}],"about":[{"href":"https:\/\/www.shqiperia.com\/blog\/wp-json\/wp\/v2\/types\/post"}],"author":[{"embeddable":true,"href":"https:\/\/www.shqiperia.com\/blog\/wp-json\/wp\/v2\/users\/9"}],"replies":[{"embeddable":true,"href":"https:\/\/www.shqiperia.com\/blog\/wp-json\/wp\/v2\/comments?post=94281"}],"version-history":[{"count":2,"href":"https:\/\/www.shqiperia.com\/blog\/wp-json\/wp\/v2\/posts\/94281\/revisions"}],"predecessor-version":[{"id":94285,"href":"https:\/\/www.shqiperia.com\/blog\/wp-json\/wp\/v2\/posts\/94281\/revisions\/94285"}],"wp:featuredmedia":[{"embeddable":true,"href":"https:\/\/www.shqiperia.com\/blog\/wp-json\/wp\/v2\/media\/94282"}],"wp:attachment":[{"href":"https:\/\/www.shqiperia.com\/blog\/wp-json\/wp\/v2\/media?parent=94281"}],"wp:term":[{"taxonomy":"category","embeddable":true,"href":"https:\/\/www.shqiperia.com\/blog\/wp-json\/wp\/v2\/categories?post=94281"},{"taxonomy":"post_tag","embeddable":true,"href":"https:\/\/www.shqiperia.com\/blog\/wp-json\/wp\/v2\/tags?post=94281"}],"curies":[{"name":"wp","href":"https:\/\/api.w.org\/{rel}","templated":true}]}}