{"id":94279,"date":"2025-10-14T03:41:02","date_gmt":"2025-10-14T03:41:02","guid":{"rendered":"https:\/\/www.shqiperia.com\/blog\/?p=94279"},"modified":"2025-10-14T03:41:02","modified_gmt":"2025-10-14T03:41:02","slug":"ne-shtepite-e-shenjta-neolitike-te-perbindeshave-te-sardinise","status":"publish","type":"post","link":"https:\/\/www.shqiperia.com\/blog\/ne-shtepite-e-shenjta-neolitike-te-perbindeshave-te-sardinise\/","title":{"rendered":"N\u00eb sht\u00ebpit\u00eb e shenjta neolitike t\u00eb \u2018p\u00ebrbind\u00ebshave\u2019 t\u00eb Sardinis\u00eb"},"content":{"rendered":"<p>N\u00eb t\u00eb gjith\u00eb Sardinin\u00eb, k\u00ebto nekropole prej guri, s\u00eb fundmi t\u00eb p\u00ebrfshira n\u00eb list\u00ebn e UNESCO-s, tregojn\u00eb historin\u00eb e zakoneve funerare para-romake t\u00eb ishullit. Por p\u00ebr banor\u00ebt lokal\u00eb, ato jan\u00eb sht\u00ebpit\u00eb e magjishme t\u00eb p\u00ebrbind\u00ebshave.<\/p>\n<p>Ishulli italian, i larg\u00ebt dhe me nj\u00eb bukuri t\u00eb eg\u00ebr, Sardinia, \u00ebsht\u00eb i mbushur me m\u00eb shum\u00eb se 7,000 monumente prej guri n\u00eb form\u00eb qelqi blet\u00ebsh nga Epoka e Bronzit, t\u00eb njohura si nuraghi \u2013 q\u00eb ngrihen nga gjelb\u00ebrimi mesdhetar si rojtar\u00eb t\u00eb heshtur t\u00eb nj\u00eb t\u00eb kaluar\u00ebs misterioze para-romake. Por shum\u00eb para nd\u00ebrtimit t\u00eb k\u00ebtyre strukturave ikonike sardineze, nj\u00eb seri monumentesh t\u00eb tjera, t\u00eb ngjashme me ato t\u00eb Tolkien-it, jan\u00eb gdhendur n\u00eb shk\u00ebmbinj: nekropole t\u00eb lashta t\u00eb quajtura domus de janas, ose \u201csht\u00ebpit\u00eb e p\u00ebrbind\u00ebshave\u201d.<\/p>\n<p><img data-recalc-dims=\"1\" loading=\"lazy\" decoding=\"async\" class=\"\" alt=\"Image\" src=\"https:\/\/i0.wp.com\/www.syri.net\/uploads\/syri.net\/images\/2025\/October\/10\/auto_p0m7r7j0.jpg1760117429.webp?resize=784%2C522&#038;ssl=1\" width=\"784\" height=\"522\" \/><\/p>\n<p>Domus de janas u nd\u00ebrtuan nga civilizimi i par\u00eb i madh neolitik i Sardinis\u00eb, Ozieri (3200-2800 p.e.s.), nj\u00eb nga shoq\u00ebrit\u00eb m\u00eb t\u00eb sofistikuara n\u00eb Mesdheun per\u00ebndimor. Duke u vendosur n\u00eb fushat pjellore dhe n\u00eb majat e kodrave, Ozieri besonin se vdekja nuk ishte fundi, por fillimi i nj\u00eb kapitulli t\u00eb ri. P\u00ebr t\u00eb shprehur k\u00ebt\u00eb besim, ata gdhend\u00ebn rreth 3,500 dhoma n\u00ebntok\u00ebsore q\u00eb t\u00eb ngjanin me banesa tok\u00ebsore; 220 prej tyre ishin t\u00eb dekoruara me ok\u00ebr t\u00eb kuq dhe motive dhiu, q\u00eb simbolizonin ringjalljen.<\/p>\n<p>N\u00eb folklorin sardinez, megjithat\u00eb, k\u00ebto dhoma mendohet se jan\u00eb sht\u00ebpit\u00eb magjike t\u00eb grave t\u00eb mira, p\u00ebrbind\u00ebsha t\u00eb quajtura janas; qenie me l\u00ebkur\u00eb t\u00eb bardh\u00eb dhe t\u00eb ndritshme si h\u00ebna, shpesh t\u00eb veshura me t\u00eb kuqe, q\u00eb punonin p\u00eblhura t\u00eb holla prej fijeve t\u00eb arta dhe u m\u00ebsonin njer\u00ebzve sekretet e pjekjes s\u00eb buk\u00ebs. Trash\u00ebgimia e tyre ruhet nga m\u00ebsuesit dhe t\u00eb moshuarit sardinez\u00eb p\u00ebrmes tregimeve gojore. Sipas nj\u00eb legjende, janas dalin nga banesat e tyre, me flok\u00ebt q\u00eb shk\u00eblqejn\u00eb si argjendi, p\u00ebr t\u00eb k\u00ebnduar k\u00ebng\u00eb t\u00eb tjerabot\u00ebrore. T\u00eb tjer\u00eb paralajm\u00ebrojn\u00eb p\u00ebr njer\u00ebz q\u00eb u zhduk\u00ebn pasi hyn\u00eb n\u00eb sht\u00ebpit\u00eb e fshehta t\u00eb janas.<\/p>\n<p><img data-recalc-dims=\"1\" loading=\"lazy\" decoding=\"async\" class=\"\" alt=\"Image\" src=\"https:\/\/i0.wp.com\/www.syri.net\/uploads\/syri.net\/images\/2025\/October\/10\/auto_p0m7r7j2.jpg1760117429.webp?resize=770%2C513&#038;ssl=1\" width=\"770\" height=\"513\" \/><\/p>\n<p>N\u00eb korrik 2025, 17 domus de janas u njoh\u00ebn nga UNESCO si nj\u00eb sit i p\u00ebrbashk\u00ebt i Trash\u00ebgimis\u00eb Bot\u00ebrore. Ato nuk jan\u00eb vet\u00ebm mbetje arkeologjike, por edhe simbole kulturore q\u00eb lidhin s\u00eb bashku peizazhin, tradit\u00ebn dhe komunitetin. K\u00ebto monumente ishin edhe udh\u00ebrr\u00ebfyesi im gjat\u00eb udh\u00ebtimit t\u00eb fundit n\u00ebp\u00ebr ishull.<\/p>\n<p><strong>Duke kaluar n\u00ebp\u00ebr dyert<\/strong><\/p>\n<p>U nis me kamper nga bregu verior i Sardinis\u00eb drejt ndales\u00ebs s\u00eb par\u00eb: Nekropolis\u00eb Su Crucifissu Mannu, disa kilometra larg qytetit Porto Torres n\u00eb veri-per\u00ebndim t\u00eb ishullit, ku m\u00eb priti guida ime, Maurizio Melis. Platau g\u00eblqeror u hap para meje me hyrje t\u00eb ul\u00ebta t\u00eb gdhendura n\u00eb shk\u00ebmb, q\u00eb \u00e7onin n\u00eb 22 varre q\u00eb datojn\u00eb nga mij\u00ebvje\u00e7ari i 4-t dhe i 3-t p.e.s.<\/p>\n<p>\u201cP\u00ebr civilizimin Ozieri,\u201d tha Melis, \u201cdromosi i ngusht\u00eb q\u00eb zbres n\u00eb varre ishte nj\u00eb kalim mes dy bot\u00ebve, i par\u00eb si nj\u00eb mit\u00ebr, nj\u00eb vend q\u00eb mir\u00ebpret dhe transformon.\u201d<\/p>\n<p><img data-recalc-dims=\"1\" loading=\"lazy\" decoding=\"async\" class=\"\" alt=\"Image\" src=\"https:\/\/i0.wp.com\/www.syri.net\/uploads\/syri.net\/images\/2025\/October\/10\/auto_p0m7r7k3.jpg1760117430.webp?resize=752%2C752&#038;ssl=1\" width=\"752\" height=\"752\" \/><\/p>\n<p><strong>Sekrete n\u00ebn gur<\/strong><\/p>\n<p>Melis m\u00eb udh\u00ebhoqi m\u00eb thell\u00eb n\u00eb nekropol. \u201cSu Crucifissu Mannu \u00ebsht\u00eb p\u00ebrdorur p\u00ebr shekuj me radh\u00eb,\u201d shpjegoi ai. \u201cK\u00ebto varre jan\u00eb g\u00ebrmuar mij\u00ebra vjet m\u00eb par\u00eb dhe jan\u00eb p\u00ebrdorur p\u00ebr mij\u00ebvje\u00e7ar\u00eb, deri kur romak\u00ebt shkel\u00ebn k\u00ebto toka.\u201d Gjat\u00eb g\u00ebrmimeve t\u00eb vitit 1972, arkeolog\u00ebt zbuluan fragmente en\u00ebsh, statuja t\u00eb Hyjnesh\u00ebs N\u00ebn\u00eb dhe madje nj\u00eb kafk\u00eb njeriu q\u00eb kishte p\u00ebsuar dy operacione trepanuese mbi 3,500 vjet m\u00eb par\u00eb. \u201cShkenca shpjegon shum\u00eb,\u201d tha Melis, \u201cpor p\u00ebr shum\u00eb, k\u00ebto varre gjithmon\u00eb kan\u00eb qen\u00eb t\u00eb janas.\u201d<\/p>\n<p><img data-recalc-dims=\"1\" loading=\"lazy\" decoding=\"async\" class=\"\" alt=\"Image\" src=\"https:\/\/i0.wp.com\/www.syri.net\/uploads\/syri.net\/images\/2025\/October\/10\/auto_p0m7r7j4.jpg1760117430.webp?resize=738%2C738&#038;ssl=1\" width=\"738\" height=\"738\" \/><\/p>\n<p><strong>Ku bashkohen koh\u00ebt<\/strong><\/p>\n<p>Duke l\u00ebn\u00eb Su Crucifissu Mannu, vozita drejt brend\u00ebsis\u00eb ku peizazhi u z\u00ebvend\u00ebsua nga kodra t\u00eb mbjella me vreshta dhe pemishte. Rruga ngjiti deri n\u00eb Sennori, nj\u00eb fshat me rr\u00ebnj\u00eb mesjetare mbi Gjirin e Asinar\u00ebs. Pas Bashkis\u00eb, nj\u00eb port\u00eb e vog\u00ebl hapet drejt Nekropolis\u00eb Beneficio Parrocchiale. K\u00ebtu, sht\u00ebpi moderne ngrihen mbi varret neolitike t\u00eb gdhendura n\u00eb shk\u00ebmb 5,000 vjet m\u00eb par\u00eb, me hyrjet e fshehura mes fiqve, sheg\u00ebve dhe ullinjve.<\/p>\n<p><strong>Brir\u00ebt e shenjt\u00eb t\u00eb Sennorit<\/strong><\/p>\n<p>\u201cKjo \u00ebsht\u00eb zemra e varrit, nj\u00eb shenj\u00eb force dhe gjall\u00ebrie,\u201d shpjegoi Elena Cornalis, K\u00ebshilltarja p\u00ebr Kultur\u00ebn n\u00eb Sennori, duke sh\u00ebtitur me mua n\u00ebp\u00ebr dhomat n\u00ebntok\u00ebsore. Kaluan p\u00ebrmes nj\u00eb dromosi t\u00eb ngusht\u00eb ku drita shuhej n\u00eb err\u00ebsir\u00eb. Papritmas, drita e fenerit t\u00eb saj shfaqi n\u00eb mur nj\u00eb protome taurina \u2013 krye t\u00eb stilizuar t\u00eb nj\u00eb dhiu \u2013 q\u00eb dallohej nga err\u00ebsira.<\/p>\n<p>\u201cQ\u00eb prej njohjes s\u00eb tij nga UNESCO, ky vend i ka dh\u00ebn\u00eb komunitetit ton\u00eb lidhje m\u00eb t\u00eb fort\u00eb me historin\u00eb,\u201d tha ajo me krenari.<\/p>\n<p><img data-recalc-dims=\"1\" loading=\"lazy\" decoding=\"async\" class=\"\" alt=\"Image\" src=\"https:\/\/i0.wp.com\/www.syri.net\/uploads\/syri.net\/images\/2025\/October\/10\/auto_p0m7r7kc.jpg1760117430.webp?resize=800%2C533&#038;ssl=1\" width=\"800\" height=\"533\" \/><\/p>\n<p><strong>Ngjitja n\u00eb Mesu \u2018e Montes<\/strong><\/p>\n<p>Ndjek rrug\u00ebn nga Sennori drejt Ossit, mes shk\u00ebmbinjve g\u00eblqeror\u00eb dhe ullishteve. Ngjitja \u00e7on n\u00eb platoon e Monte Mamas, ku ndodhet nekropoli Mesu &#8216;e Montes, n\u00eb 430 metra mbi nivelin e detit. Shtegu, i kufizuar nga mure guri t\u00eb that\u00eb dhe i mbushur me arom\u00eb t\u00eb bim\u00ebve si helikrizumi dhe mastiku, \u00e7on n\u00eb 18 varre t\u00eb nd\u00ebrtuara p\u00ebr t\u2019i ngjajtur versioneve t\u00eb vogla t\u00eb sht\u00ebpive sip\u00ebr tok\u00ebs. \u00c7atit\u00eb me pjerr\u00ebsi, korni\u00e7et, panelet, pilastrat dhe dyert false besohej se leht\u00ebsonin kalimin n\u00eb jet\u00ebn pas vdekjes.<\/p>\n<p><strong>Brenda dhom\u00ebs s\u00eb gdhendur<\/strong><\/p>\n<p><img data-recalc-dims=\"1\" decoding=\"async\" alt=\"Image\" src=\"https:\/\/i0.wp.com\/www.syri.net\/uploads\/syri.net\/images\/2025\/October\/10\/auto_p0m7r7kf.jpg1760117430.webp?ssl=1\" \/><\/p>\n<p>Hyr vet\u00eb n\u00eb varret e Mesu \u2018e Montes, ku nj\u00eb der\u00eb e ngusht\u00eb hapet n\u00eb nj\u00eb dhom\u00eb t\u00eb mb\u00ebshtetur nga nj\u00eb shtyll\u00eb qendrore. Mureve jan\u00eb t\u00eb gdhendura figura gjeometrike dhe brir\u00eb dhiu, nd\u00ebrsa nj\u00eb grop\u00eb rrethore e gdhendur n\u00eb dysheme tregon gjeste rituale rigjenerimi. Njolla okri t\u00eb kuqe ende q\u00ebndrojn\u00eb n\u00eb shk\u00ebmb. Brir\u00ebt e dhiut simbolizojn\u00eb pjellori dhe forc\u00eb, nd\u00ebrsa dhiu \u2013 si tok\u00ebsor dhe hyjnor \u2013 besohej se udh\u00ebhiqte t\u00eb vdekurit n\u00ebp\u00ebr korridoret e pikturuara me t\u00eb kuqe.<\/p>\n<p>Nj\u00eb legjend\u00eb thot\u00eb se nj\u00ebher\u00eb janas udh\u00ebhoq\u00ebn nj\u00eb grua n\u00eb k\u00ebto shpellat, duke i m\u00ebsuar sekretin e fermentimit dhe i dhuruan frammentun, majan e buk\u00ebs s\u00eb thartuar, q\u00eb do t\u00eb ndahej n\u00eb komunitet p\u00ebr pjekjen e buk\u00ebs.<em><strong>\/BBC<\/strong><\/em><\/p>\n","protected":false},"excerpt":{"rendered":"<p>N\u00eb t\u00eb gjith\u00eb Sardinin\u00eb, k\u00ebto nekropole prej guri, s\u00eb fundmi t\u00eb p\u00ebrfshira n\u00eb list\u00ebn e UNESCO-s, tregojn\u00eb historin\u00eb e zakoneve funerare para-romake t\u00eb ishullit. Por p\u00ebr banor\u00ebt lokal\u00eb, ato jan\u00eb sht\u00ebpit\u00eb e magjishme t\u00eb p\u00ebrbind\u00ebshave. Ishulli italian, i larg\u00ebt dhe me nj\u00eb bukuri t\u00eb eg\u00ebr, Sardinia, \u00ebsht\u00eb i mbushur me m\u00eb shum\u00eb se 7,000 monumente [&hellip;]<\/p>\n","protected":false},"author":9,"featured_media":0,"comment_status":"open","ping_status":"open","sticky":false,"template":"","format":"standard","meta":{"jetpack_post_was_ever_published":false,"_jetpack_newsletter_access":"","_jetpack_dont_email_post_to_subs":false,"_jetpack_newsletter_tier_id":0,"_jetpack_memberships_contains_paywalled_content":false,"_jetpack_memberships_contains_paid_content":false,"footnotes":"","jetpack_publicize_message":"","jetpack_publicize_feature_enabled":true,"jetpack_social_post_already_shared":true,"jetpack_social_options":{"image_generator_settings":{"template":"highway","default_image_id":0,"font":"","enabled":false},"version":2}},"categories":[85,10,86],"tags":[],"class_list":["post-94279","post","type-post","status-publish","format-standard","hentry","category-histori","category-kultura","category-trashegimi-kulturore"],"jetpack_publicize_connections":[],"jetpack_featured_media_url":"","jetpack_sharing_enabled":true,"jetpack_shortlink":"https:\/\/wp.me\/p5Z6wp-owD","jetpack-related-posts":[{"id":8828,"url":"https:\/\/www.shqiperia.com\/blog\/minat-e-hec-eve-shkaterrojne-kullat-ne-valbone\/","url_meta":{"origin":94279,"position":0},"title":"Minat e HEC-eve shkaterrojne kullat n\u00eb Valbon\u00eb. &#8211;","author":"Kurt Farka","date":"June 19, 2018","format":false,"excerpt":"Minat e HEC-eve shkaterrojne kullat n\u00eb Valbon\u00eb.- Banor\u00ebt e Valbon\u00ebs po mbajn\u00eb sot (t\u00eb h\u00ebn\u00ebn) t\u00eb bllokuar rrug\u00ebn q\u00eb lidh zon\u00ebn turistike me pjes\u00ebn tjet\u00ebr t\u00eb vendit, n\u00eb protest\u00eb p\u00ebr shp\u00ebrthimet q\u00eb jan\u00eb b\u00ebr\u00eb nj\u00eb dit\u00eb m\u00eb par\u00eb nga kompania q\u00eb po nd\u00ebrton HEC-et. Shp\u00ebrthimet me mina p\u00ebr hapjen e\u2026","rel":"","context":"In &quot;Histori&quot;","block_context":{"text":"Histori","link":"https:\/\/www.shqiperia.com\/blog\/category\/histori\/"},"img":{"alt_text":"","src":"https:\/\/i0.wp.com\/www.shqiperia.com\/blog\/wp-content\/uploads\/2018\/06\/dragobia.jpg?fit=540%2C481&ssl=1&resize=350%2C200","width":350,"height":200,"srcset":"https:\/\/i0.wp.com\/www.shqiperia.com\/blog\/wp-content\/uploads\/2018\/06\/dragobia.jpg?fit=540%2C481&ssl=1&resize=350%2C200 1x, https:\/\/i0.wp.com\/www.shqiperia.com\/blog\/wp-content\/uploads\/2018\/06\/dragobia.jpg?fit=540%2C481&ssl=1&resize=525%2C300 1.5x"},"classes":[]},{"id":53801,"url":"https:\/\/www.shqiperia.com\/blog\/si-i-ndertuan-romaket-rruget-qe-ekzistojne-ende-sot-pas-mijera-vjetesh\/","url_meta":{"origin":94279,"position":1},"title":"Si i nd\u00ebrtuan romak\u00ebt rrug\u00ebt q\u00eb ekzistojn\u00eb ende sot pas mij\u00ebra vjet\u00ebsh?","author":"Kurt Farka","date":"February 7, 2022","format":false,"excerpt":"Si i nd\u00ebrtuan romak\u00ebt rrug\u00ebt q\u00eb ekzistojn\u00eb ende sot pas mij\u00ebra vjet\u00ebsh? 7 Shkurt 2022 Si i nd\u00ebrtuan romak\u00ebt rrug\u00ebt q\u00eb ekzistojn\u00eb ende sot pas mij\u00ebra vjet\u00ebsh? Gjat\u00eb kulmit t\u00eb saj n\u00ebn sundimin e Septim Severit n\u00eb vitin 211 t\u00eb Er\u00ebs Son\u00eb, Perandoria e plotfuqishme Romake shtrihej n\u00eb pjes\u00ebn m\u00eb\u2026","rel":"","context":"In &quot;Blogu i Udh\u00ebtarit&quot;","block_context":{"text":"Blogu i Udh\u00ebtarit","link":"https:\/\/www.shqiperia.com\/blog\/category\/blogu-i-udhetarit\/"},"img":{"alt_text":"","src":"https:\/\/i0.wp.com\/www.shqiperia.com\/blog\/wp-content\/uploads\/2022\/02\/2-143-905x450-1.jpg?fit=905%2C450&ssl=1&resize=350%2C200","width":350,"height":200,"srcset":"https:\/\/i0.wp.com\/www.shqiperia.com\/blog\/wp-content\/uploads\/2022\/02\/2-143-905x450-1.jpg?fit=905%2C450&ssl=1&resize=350%2C200 1x, https:\/\/i0.wp.com\/www.shqiperia.com\/blog\/wp-content\/uploads\/2022\/02\/2-143-905x450-1.jpg?fit=905%2C450&ssl=1&resize=525%2C300 1.5x, https:\/\/i0.wp.com\/www.shqiperia.com\/blog\/wp-content\/uploads\/2022\/02\/2-143-905x450-1.jpg?fit=905%2C450&ssl=1&resize=700%2C400 2x"},"classes":[]},{"id":9338,"url":"https:\/\/www.shqiperia.com\/blog\/vend-i-sekreteve-te-medha-cfare-fshihet-ne-arkivat-e-vatikanit\/","url_meta":{"origin":94279,"position":2},"title":"Vend i sekreteve t\u00eb m\u00ebdha, \u00e7far\u00eb fshihet n\u00eb arkivat e Vatikanit? &#8211;","author":"Kurt Farka","date":"July 2, 2018","format":false,"excerpt":"Vend i sekreteve t\u00eb m\u00ebdha, \u00e7far\u00eb fshihet n\u00eb arkivat e Vatikanit? - N\u00ebp\u00ebr bot\u00eb ka shum\u00eb vende me interes, t\u00eb cilat paraqesin nj\u00eb alternativ\u00eb origjinale, ndryshe nga destinacionet e nj\u00ebjta turistike, gjer\u00ebsisht t\u00eb njohura Po flasim p\u00ebr shembull p\u00ebr vende t\u00eb tilla si shpellat Lascaux ose p\u00ebr ishullin e gjarp\u00ebrinjve.\u2026","rel":"","context":"In &quot;Blogu i Udh\u00ebtarit&quot;","block_context":{"text":"Blogu i Udh\u00ebtarit","link":"https:\/\/www.shqiperia.com\/blog\/category\/blogu-i-udhetarit\/"},"img":{"alt_text":"","src":"https:\/\/i0.wp.com\/www.shqiperia.com\/blog\/wp-content\/uploads\/2018\/07\/vatikani61.jpg?fit=520%2C342&ssl=1&resize=350%2C200","width":350,"height":200},"classes":[]},{"id":25989,"url":"https:\/\/www.shqiperia.com\/blog\/fterra-vlore\/","url_meta":{"origin":94279,"position":3},"title":"\u2013 Fterra. &#8211; Vlor\u00eb","author":"Kurt Farka","date":"September 16, 2019","format":false,"excerpt":"\u2013 Fterra. - Vlor\u00eb Fterra ndodhet 10 km n\u00eb verilindje t\u00eb Borshit, n\u00eb krahin\u00ebn e Kurveleshit. Me ndarjen e re territoriale, Fterra b\u00ebn pjes\u00eb n\u00eb Bashkin\u00eb e Himar\u00ebs. Fshati ndodhet n\u00eb lart\u00ebsi 200 \u2013 250 m mbi nivelin e detit. Sht\u00ebpit\u00eb karakteristike ngrihen mes nj\u00eb peizazhi t\u00eb gjelb\u00ebruar e faqesh\u2026","rel":"","context":"In &quot;Blogu i Udh\u00ebtarit&quot;","block_context":{"text":"Blogu i Udh\u00ebtarit","link":"https:\/\/www.shqiperia.com\/blog\/category\/blogu-i-udhetarit\/"},"img":{"alt_text":"","src":"https:\/\/i0.wp.com\/www.shqiperia.com\/blog\/wp-content\/uploads\/2019\/09\/Fterra-905x450.jpg?fit=905%2C450&ssl=1&resize=350%2C200","width":350,"height":200,"srcset":"https:\/\/i0.wp.com\/www.shqiperia.com\/blog\/wp-content\/uploads\/2019\/09\/Fterra-905x450.jpg?fit=905%2C450&ssl=1&resize=350%2C200 1x, https:\/\/i0.wp.com\/www.shqiperia.com\/blog\/wp-content\/uploads\/2019\/09\/Fterra-905x450.jpg?fit=905%2C450&ssl=1&resize=525%2C300 1.5x, https:\/\/i0.wp.com\/www.shqiperia.com\/blog\/wp-content\/uploads\/2019\/09\/Fterra-905x450.jpg?fit=905%2C450&ssl=1&resize=700%2C400 2x"},"classes":[]},{"id":95281,"url":"https:\/\/www.shqiperia.com\/blog\/studiuesja-zbulon-nje-sekret-te-humbur-prej-1500-vitesh-ne-pjesen-e-pasme-te-nje-kupe-romake-prej-qelqi\/","url_meta":{"origin":94279,"position":4},"title":"Studiuesja zbulon nj\u00eb sekret t\u00eb humbur prej 1500 vitesh n\u00eb pjes\u00ebn e pasme t\u00eb nj\u00eb kupe romake prej qelqi","author":"Kurt Farka","date":"November 30, 2025","format":false,"excerpt":"30 Nentor 2025 Gjat\u00eb nj\u00eb vizite n\u00eb shkurt t\u00eb vitit 2023 n\u00eb Metropolitan Museum of Art n\u00eb New York, profesoresha e historis\u00eb s\u00eb artit, Hallie Meredith nga Washington State University, v\u00ebrejti di\u00e7ka t\u00eb pazakont\u00eb n\u00eb nj\u00eb koleksion privat kupash romake. K\u00ebto objekte luksoze, t\u00eb gdhendura nga nj\u00eb bllok i vet\u00ebm\u2026","rel":"","context":"In &quot;Arte&quot;","block_context":{"text":"Arte","link":"https:\/\/www.shqiperia.com\/blog\/category\/arte\/"},"img":{"alt_text":"","src":"https:\/\/i0.wp.com\/www.shqiperia.com\/blog\/wp-content\/uploads\/2025\/11\/auto_Glass-Openwork-Vessel-Excavated-at-Cologne-Wide-777x4471764422790-1.webp?fit=777%2C447&ssl=1&resize=350%2C200","width":350,"height":200,"srcset":"https:\/\/i0.wp.com\/www.shqiperia.com\/blog\/wp-content\/uploads\/2025\/11\/auto_Glass-Openwork-Vessel-Excavated-at-Cologne-Wide-777x4471764422790-1.webp?fit=777%2C447&ssl=1&resize=350%2C200 1x, https:\/\/i0.wp.com\/www.shqiperia.com\/blog\/wp-content\/uploads\/2025\/11\/auto_Glass-Openwork-Vessel-Excavated-at-Cologne-Wide-777x4471764422790-1.webp?fit=777%2C447&ssl=1&resize=525%2C300 1.5x, https:\/\/i0.wp.com\/www.shqiperia.com\/blog\/wp-content\/uploads\/2025\/11\/auto_Glass-Openwork-Vessel-Excavated-at-Cologne-Wide-777x4471764422790-1.webp?fit=777%2C447&ssl=1&resize=700%2C400 2x"},"classes":[]},{"id":45161,"url":"https:\/\/www.shqiperia.com\/blog\/rindertimi-ahmetaj-shtepite-pa-leje-qe-preken-nga-plani-do-kompensohen-per-hapesiren-e-banueshme-ne-pallatet-e-reja\/","url_meta":{"origin":94279,"position":5},"title":"\u201cRind\u00ebrtimi\u201d, Ahmetaj: Sht\u00ebpit\u00eb pa leje q\u00eb preken nga plani do kompensohen p\u00ebr hap\u00ebsir\u00ebn e banueshme n\u00eb pallatet e reja","author":"Kurt Farka","date":"March 10, 2021","format":false,"excerpt":"\u201cRind\u00ebrtimi\u201d, Ahmetaj: Sht\u00ebpit\u00eb pa leje q\u00eb preken nga plani do kompensohen p\u00ebr hap\u00ebsir\u00ebn e banueshme n\u00eb pallatet e reja Nga Erjola Jata \u00a0 10 Mars, 2021 Sht\u00ebpit\u00eb pa leje q\u00eb preken nga planet urbanistike t\u00eb rind\u00ebrtimit do t\u00eb kompensohen 100% p\u00ebr sip\u00ebrfaqet e banueshme n\u00eb objektet e reja. N\u00eb nj\u00eb\u2026","rel":"","context":"In &quot;Blogu i Udh\u00ebtarit&quot;","block_context":{"text":"Blogu i Udh\u00ebtarit","link":"https:\/\/www.shqiperia.com\/blog\/category\/blogu-i-udhetarit\/"},"img":{"alt_text":"","src":"https:\/\/i0.wp.com\/www.shqiperia.com\/blog\/wp-content\/uploads\/2021\/03\/Ahmetaj-ok-761x450-1.png?fit=761%2C450&ssl=1&resize=350%2C200","width":350,"height":200,"srcset":"https:\/\/i0.wp.com\/www.shqiperia.com\/blog\/wp-content\/uploads\/2021\/03\/Ahmetaj-ok-761x450-1.png?fit=761%2C450&ssl=1&resize=350%2C200 1x, https:\/\/i0.wp.com\/www.shqiperia.com\/blog\/wp-content\/uploads\/2021\/03\/Ahmetaj-ok-761x450-1.png?fit=761%2C450&ssl=1&resize=525%2C300 1.5x, https:\/\/i0.wp.com\/www.shqiperia.com\/blog\/wp-content\/uploads\/2021\/03\/Ahmetaj-ok-761x450-1.png?fit=761%2C450&ssl=1&resize=700%2C400 2x"},"classes":[]}],"_links":{"self":[{"href":"https:\/\/www.shqiperia.com\/blog\/wp-json\/wp\/v2\/posts\/94279","targetHints":{"allow":["GET"]}}],"collection":[{"href":"https:\/\/www.shqiperia.com\/blog\/wp-json\/wp\/v2\/posts"}],"about":[{"href":"https:\/\/www.shqiperia.com\/blog\/wp-json\/wp\/v2\/types\/post"}],"author":[{"embeddable":true,"href":"https:\/\/www.shqiperia.com\/blog\/wp-json\/wp\/v2\/users\/9"}],"replies":[{"embeddable":true,"href":"https:\/\/www.shqiperia.com\/blog\/wp-json\/wp\/v2\/comments?post=94279"}],"version-history":[{"count":1,"href":"https:\/\/www.shqiperia.com\/blog\/wp-json\/wp\/v2\/posts\/94279\/revisions"}],"predecessor-version":[{"id":94280,"href":"https:\/\/www.shqiperia.com\/blog\/wp-json\/wp\/v2\/posts\/94279\/revisions\/94280"}],"wp:attachment":[{"href":"https:\/\/www.shqiperia.com\/blog\/wp-json\/wp\/v2\/media?parent=94279"}],"wp:term":[{"taxonomy":"category","embeddable":true,"href":"https:\/\/www.shqiperia.com\/blog\/wp-json\/wp\/v2\/categories?post=94279"},{"taxonomy":"post_tag","embeddable":true,"href":"https:\/\/www.shqiperia.com\/blog\/wp-json\/wp\/v2\/tags?post=94279"}],"curies":[{"name":"wp","href":"https:\/\/api.w.org\/{rel}","templated":true}]}}