{"id":94275,"date":"2025-10-14T03:36:49","date_gmt":"2025-10-14T03:36:49","guid":{"rendered":"https:\/\/www.shqiperia.com\/blog\/?p=94275"},"modified":"2025-10-14T04:11:54","modified_gmt":"2025-10-14T04:11:54","slug":"ligji-7501-u-votu-ne-korrik-te-vitit-1991-partia-demokratike-ishte-ne-minorance","status":"publish","type":"post","link":"https:\/\/www.shqiperia.com\/blog\/ligji-7501-u-votu-ne-korrik-te-vitit-1991-partia-demokratike-ishte-ne-minorance\/","title":{"rendered":"Ligji 7501 u votu n\u00eb korrik t\u00eb vitit 1991, Partia Demokratike ishte ne minorance"},"content":{"rendered":"<p><img data-recalc-dims=\"1\" loading=\"lazy\" decoding=\"async\" data-attachment-id=\"94276\" data-permalink=\"https:\/\/www.shqiperia.com\/blog\/ligji-7501-u-votu-ne-korrik-te-vitit-1991-partia-demokratike-ishte-ne-minorance\/tokat-1296x700-1\/\" data-orig-file=\"https:\/\/i0.wp.com\/www.shqiperia.com\/blog\/wp-content\/uploads\/2025\/10\/tokat-1296x700-1.jpg?fit=1296%2C700&amp;ssl=1\" data-orig-size=\"1296,700\" data-comments-opened=\"1\" data-image-meta=\"{&quot;aperture&quot;:&quot;0&quot;,&quot;credit&quot;:&quot;&quot;,&quot;camera&quot;:&quot;&quot;,&quot;caption&quot;:&quot;&quot;,&quot;created_timestamp&quot;:&quot;0&quot;,&quot;copyright&quot;:&quot;&quot;,&quot;focal_length&quot;:&quot;0&quot;,&quot;iso&quot;:&quot;0&quot;,&quot;shutter_speed&quot;:&quot;0&quot;,&quot;title&quot;:&quot;&quot;,&quot;orientation&quot;:&quot;0&quot;}\" data-image-title=\"tokat-1296&#215;700-1\" data-image-description=\"\" data-image-caption=\"\" data-medium-file=\"https:\/\/i0.wp.com\/www.shqiperia.com\/blog\/wp-content\/uploads\/2025\/10\/tokat-1296x700-1.jpg?fit=300%2C162&amp;ssl=1\" data-large-file=\"https:\/\/i0.wp.com\/www.shqiperia.com\/blog\/wp-content\/uploads\/2025\/10\/tokat-1296x700-1.jpg?fit=1024%2C553&amp;ssl=1\" class=\"alignnone wp-image-94276\" alt=\"\" src=\"https:\/\/i0.wp.com\/www.shqiperia.com\/blog\/wp-content\/uploads\/2025\/10\/tokat-1296x700-1.jpg?resize=667%2C360&#038;ssl=1\" width=\"667\" height=\"360\" srcset=\"https:\/\/i0.wp.com\/www.shqiperia.com\/blog\/wp-content\/uploads\/2025\/10\/tokat-1296x700-1.jpg?resize=300%2C162&amp;ssl=1 300w, https:\/\/i0.wp.com\/www.shqiperia.com\/blog\/wp-content\/uploads\/2025\/10\/tokat-1296x700-1.jpg?resize=1024%2C553&amp;ssl=1 1024w, https:\/\/i0.wp.com\/www.shqiperia.com\/blog\/wp-content\/uploads\/2025\/10\/tokat-1296x700-1.jpg?resize=768%2C415&amp;ssl=1 768w, https:\/\/i0.wp.com\/www.shqiperia.com\/blog\/wp-content\/uploads\/2025\/10\/tokat-1296x700-1.jpg?resize=450%2C243&amp;ssl=1 450w, https:\/\/i0.wp.com\/www.shqiperia.com\/blog\/wp-content\/uploads\/2025\/10\/tokat-1296x700-1.jpg?resize=600%2C324&amp;ssl=1 600w, https:\/\/i0.wp.com\/www.shqiperia.com\/blog\/wp-content\/uploads\/2025\/10\/tokat-1296x700-1.jpg?resize=400%2C216&amp;ssl=1 400w, https:\/\/i0.wp.com\/www.shqiperia.com\/blog\/wp-content\/uploads\/2025\/10\/tokat-1296x700-1.jpg?w=1296&amp;ssl=1 1296w\" sizes=\"auto, (max-width: 667px) 100vw, 667px\" \/><\/p>\n<p>14 Tetor 2025<\/p>\n<p><strong>Nga Ervin Gjadri<\/strong><\/p>\n<p>Duke par\u00eb lexuar e d\u00ebgjuar shum\u00eb shkrime e komente n\u00eb media e rrjete sociale gjat\u00eb k\u00ebtyre 10 dit\u00ebve t\u00eb fundit, madje edhe sot,<br \/>\nnuk \u00ebsht\u00eb e v\u00ebshtir\u00eb p\u00ebr t\u2019u dalluar nj\u00eb tendenc\u00eb p\u00ebr t\u00eb hequr apo leht\u00ebsuar barr\u00ebn e p\u00ebrgjegj\u00ebsin\u00eb historike nga supet e Partis\u00eb Demokratike, n\u00eb lidhje me ligjin 7501.<\/p>\n<p>Realiteti esht\u00eb sa i thjeshte aq edhe i qart\u00eb e nuk l\u00eb hap\u00ebsir\u00eb p\u00ebr diskutime e keqkuptime. P\u00ebr t\u00eb mos u zgjatur, e p\u00ebrs\u00ebritur t\u00eb nj\u00ebjtat fraza nj\u00ebmij\u00eb her\u00eb, Ligji 7501 i votuar n\u00eb korrik t\u00eb vitit 1991, u votua nga t\u00eb dy forcat kryesore politike.<\/p>\n<p>Q\u00eb t\u00eb votoj\u00eb e majta pro nje ligjii qe i kthen token fshatareve, ketu nuk ka asnje surprize e \u00e7udi. Ajo q\u00eb surprizon, e t\u00eb shkakton habi eshte fakti i votimit pro k\u00ebtij ligji nga Partia Demokratike (partia gjoja e djatht\u00eb, q\u00eb mb\u00ebshtetej si\u00e7 thoshte tek dy shtresa, ish \u2013 t\u00eb perndjekurit e ish \u2013 pronar\u00ebt).<\/p>\n<p>Fakti q\u00eb n\u00eb Korrik t\u00eb vitit 1991 ishte n\u00eb minoranc\u00eb si\u00e7 duan ta justifikojn\u00eb disa nuk ka asnj\u00eb r\u00ebnd\u00ebsi. Por sidoqoft\u00eb edhe fakti q\u00eb n\u00eb korrik t\u00eb 1991 votoi pro ligjit nuk do t\u00eb kishte r\u00ebnd\u00ebsi, pasi n\u00eb fund t\u00eb fundit varianti i ligji i miratuar n\u00eb vitin 1991, ua jepte tok\u00ebn fshatareve vet\u00ebm n\u00eb perdorim, aq m\u00eb tep\u00ebr q\u00eb ishte fillimi, e Partia Demokratike i kishte humbur zgjedhjet e 31 Marsit t\u00eb atij viti, e k\u00ebshtu mund t\u2019i druhej nj\u00eb humbjeje tjet\u00ebr elektorale.<\/p>\n<p>Por ajo q\u00eb ka r\u00ebnd\u00ebsi dhe \u00ebsht\u00eb thelbi i problemit vjen pas zgjedhjeve t\u00eb 22 Marsit (referendum popullor p\u00ebr shk\u00ebputjen njeher\u00eb e mir\u00eb nga sistemi komunist). N\u00eb keto zgjedhje Partia Demokratike siguroi 2\/3 e vendeve n\u00eb parlament, pra i kishte votat p\u00ebr ta shfuqizuar ligjin leht\u00ebsisht, kjo edhe p\u00ebr faktin e r\u00ebnd\u00ebsish\u00ebm q\u00eb prona ishte e patjet\u00ebrsuar, sepse LIGJI P\u00cbR TOK\u00cbN I I MIRATUAR N\u00cb KORRIK T\u00cb VITIT 1991, KU PAMVAR\u00cbSISHT SE SHUMIC\u00cbN N\u00cb PARLAMENT E KISHTE E MAJTA E JEPTE TOK\u00cbN VET\u00cbM N\u00cb P\u00cbRDORIM.<\/p>\n<p>Si\u00e7 shihet \u00e7do gj\u00eb \u00ebsht\u00eb e qart\u00eb, e si rrjedhoj\u00eb fraza t\u00eb tipit, se Ligji 7501 p\u00ebr tok\u00ebn \u00ebsht\u00eb miratuar n\u00eb koh\u00ebn e Partis\u00eb Socialiste, se ai \u00ebsht\u00eb ligj i ideuar nga Ramiz Alia, se Partia Demokratike nuk ka lidhje me t\u00eb, etj etj nuk jan\u00eb gj\u00eb tjet\u00ebr ve\u00e7se hi, q\u00eb disa element\u00eb, q\u00eb nga viti 1992 vazhdojn\u00eb t\u00eb hedhin n\u00eb n\u00eb syt\u00eb e shqiptar\u00ebve.<\/p>\n<p>Deklaratat e udh\u00ebheq\u00ebsit n\u00eb tubime politike, e podkaste, se ligji i tok\u00ebs \u00ebsht\u00eb pishmani m\u00eb i madh i jet\u00ebs tij e se ka votuar n\u00eb kund\u00ebrshtim me nd\u00ebrgjegjen e vehten etj, nuk jan\u00eb ve\u00e7se lot\u00eb t\u00eb kot\u00eb krokodili, pasi me kalimin e koh\u00ebs po v\u00ebrtetohet se asgj\u00eb nuk ka qen\u00eb e rast\u00ebsishme, por p\u00ebrkundrazi \u00ebsht\u00eb vepruar sipas nj\u00eb skenari t\u00eb studiuar e planifikuar m\u00eb s\u00eb miri n\u00eb \u00e7do detaj t\u00eb tij.<\/p>\n","protected":false},"excerpt":{"rendered":"<p>14 Tetor 2025 Nga Ervin Gjadri Duke par\u00eb lexuar e d\u00ebgjuar shum\u00eb shkrime e komente n\u00eb media e rrjete sociale gjat\u00eb k\u00ebtyre 10 dit\u00ebve t\u00eb fundit, madje edhe sot, nuk \u00ebsht\u00eb e v\u00ebshtir\u00eb p\u00ebr t\u2019u dalluar nj\u00eb tendenc\u00eb p\u00ebr t\u00eb hequr apo leht\u00ebsuar barr\u00ebn e p\u00ebrgjegj\u00ebsin\u00eb historike nga supet e Partis\u00eb Demokratike, n\u00eb lidhje me [&hellip;]<\/p>\n","protected":false},"author":9,"featured_media":94276,"comment_status":"open","ping_status":"open","sticky":false,"template":"","format":"standard","meta":{"jetpack_post_was_ever_published":false,"_jetpack_newsletter_access":"","_jetpack_dont_email_post_to_subs":false,"_jetpack_newsletter_tier_id":0,"_jetpack_memberships_contains_paywalled_content":false,"_jetpack_memberships_contains_paid_content":false,"footnotes":"","jetpack_publicize_message":"","jetpack_publicize_feature_enabled":true,"jetpack_social_post_already_shared":true,"jetpack_social_options":{"image_generator_settings":{"template":"highway","default_image_id":0,"font":"","enabled":false},"version":2}},"categories":[27,1,35],"tags":[],"class_list":["post-94275","post","type-post","status-publish","format-standard","has-post-thumbnail","hentry","category-blogu-i-udhetarit","category-njoftime-shtypi","category-shoqerore"],"jetpack_publicize_connections":[],"jetpack_featured_media_url":"https:\/\/i0.wp.com\/www.shqiperia.com\/blog\/wp-content\/uploads\/2025\/10\/tokat-1296x700-1.jpg?fit=1296%2C700&ssl=1","jetpack_sharing_enabled":true,"jetpack_shortlink":"https:\/\/wp.me\/p5Z6wp-owz","jetpack-related-posts":[{"id":87541,"url":"https:\/\/www.shqiperia.com\/blog\/ligjet-e-pronave-jane-perdorur-per-fushate-eksperti-begaj-ligji-7501-problematik-kemi-nevoje-per-harte-unike\/","url_meta":{"origin":94275,"position":0},"title":"\u201cLigjet e pronave jan\u00eb p\u00ebrdorur p\u00ebr fushat\u00eb\u201d\/ Eksperti Begaj: Ligji 7501 problematik, kemi nevoj\u00eb p\u00ebr hart\u00eb unike","author":"Kurt Farka","date":"December 18, 2024","format":false,"excerpt":"18 Dhjetor 2024 Eksperti i pronave Gjergji Begaj, i ftuar n\u00eb emisionin Koha p\u00ebr t\u2019u zgjuar n\u00eb News 24 t\u00eb moderatorit Klevin Muka, tha se qeverit\u00eb n\u00eb Shqip\u00ebri kan\u00eb aprovuar ligje p\u00ebr pronat sa p\u00ebr fushat\u00eb elektorale. Begaj theksoi se ligji 7501 \u00ebsht\u00eb problematik. Ai u shpreh se kemi nevoj\u00eb\u2026","rel":"","context":"In &quot;Blogu i Udh\u00ebtarit&quot;","block_context":{"text":"Blogu i Udh\u00ebtarit","link":"https:\/\/www.shqiperia.com\/blog\/category\/blogu-i-udhetarit\/"},"img":{"alt_text":"","src":"https:\/\/i0.wp.com\/www.shqiperia.com\/blog\/wp-content\/uploads\/2024\/12\/eksperti-1.jpg?fit=893%2C515&ssl=1&resize=350%2C200","width":350,"height":200,"srcset":"https:\/\/i0.wp.com\/www.shqiperia.com\/blog\/wp-content\/uploads\/2024\/12\/eksperti-1.jpg?fit=893%2C515&ssl=1&resize=350%2C200 1x, https:\/\/i0.wp.com\/www.shqiperia.com\/blog\/wp-content\/uploads\/2024\/12\/eksperti-1.jpg?fit=893%2C515&ssl=1&resize=525%2C300 1.5x, https:\/\/i0.wp.com\/www.shqiperia.com\/blog\/wp-content\/uploads\/2024\/12\/eksperti-1.jpg?fit=893%2C515&ssl=1&resize=700%2C400 2x"},"classes":[]},{"id":49880,"url":"https:\/\/www.shqiperia.com\/blog\/tokat-me-7501-3-dokumentet-qe-duhen-per-te-marre-tapine-ja-lehtesirat-qe-parashikon-ligji-i-ri\/","url_meta":{"origin":94275,"position":1},"title":"Tokat me \u201c7501\u201d: &#8211; 3 dokumentet q\u00eb duhen p\u00ebr t\u00eb marr\u00eb tapin\u00eb! Ja leht\u00ebsirat q\u00eb parashikon ligji i ri","author":"Kurt Farka","date":"September 15, 2021","format":false,"excerpt":"Tokat me \u201c7501\u201d: - 3 dokumentet q\u00eb duhen p\u00ebr t\u00eb marr\u00eb tapin\u00eb! Ja leht\u00ebsirat q\u00eb parashikon ligji i ri 15 shtator 2021 Kujtojm\u00eb q\u00eb me ndryshimet e b\u00ebra n\u00eb ligj, qytetar\u00ebt mund t\u00eb p\u00ebrfitojn\u00eb tok\u00eb m\u00eb tep\u00ebr deri n\u00eb 20 p\u00ebr qind t\u00eb sip\u00ebrfaqes Familjet q\u00eb jan\u00eb t\u00eb pajisura me\u2026","rel":"","context":"In &quot;Blogu i Udh\u00ebtarit&quot;","block_context":{"text":"Blogu i Udh\u00ebtarit","link":"https:\/\/www.shqiperia.com\/blog\/category\/blogu-i-udhetarit\/"},"img":{"alt_text":"","src":"https:\/\/i0.wp.com\/www.shqiperia.com\/blog\/wp-content\/uploads\/2021\/09\/pronat.jpg?fit=630%2C330&ssl=1&resize=350%2C200","width":350,"height":200,"srcset":"https:\/\/i0.wp.com\/www.shqiperia.com\/blog\/wp-content\/uploads\/2021\/09\/pronat.jpg?fit=630%2C330&ssl=1&resize=350%2C200 1x, https:\/\/i0.wp.com\/www.shqiperia.com\/blog\/wp-content\/uploads\/2021\/09\/pronat.jpg?fit=630%2C330&ssl=1&resize=525%2C300 1.5x"},"classes":[]},{"id":20766,"url":"https:\/\/www.shqiperia.com\/blog\/padi-kunder-bindjes-demokratike-u-shkel-ligji-kqz-ta-crregjistroje\/","url_meta":{"origin":94275,"position":2},"title":"Padi kund\u00ebr Bindjes Demokratike: U shkel ligji, KQZ ta \u00e7rregjistroj\u00eb. &#8211;","author":"Kurt Farka","date":"May 5, 2019","format":false,"excerpt":"Padi kund\u00ebr Bindjes Demokratike: U shkel ligji, KQZ ta \u00e7rregjistroj\u00eb. - Gazeta; mapo.al Partia Bashkimi Demokrat Shqiptar (PBDSH) ka depozituar nj\u00eb ankimim n\u00eb Kolegjin Zgjedhor kund\u00ebr regjistrimit t\u00eb Bindjes Demokratike n\u00eb zgjedhjet vendore t\u00eb 30 qershorit. PBDSH shprehet se vendimi i regjistrimit t\u00eb BD \u00ebsht\u00eb i paligjsh\u00ebm dhe politik. \u201cDuke\u2026","rel":"","context":"In &quot;Kultura&quot;","block_context":{"text":"Kultura","link":"https:\/\/www.shqiperia.com\/blog\/category\/kultura\/"},"img":{"alt_text":"","src":"https:\/\/i0.wp.com\/www.shqiperia.com\/blog\/wp-content\/uploads\/2019\/05\/bindja-demokratike.jpg?fit=700%2C351&ssl=1&resize=350%2C200","width":350,"height":200,"srcset":"https:\/\/i0.wp.com\/www.shqiperia.com\/blog\/wp-content\/uploads\/2019\/05\/bindja-demokratike.jpg?fit=700%2C351&ssl=1&resize=350%2C200 1x, https:\/\/i0.wp.com\/www.shqiperia.com\/blog\/wp-content\/uploads\/2019\/05\/bindja-demokratike.jpg?fit=700%2C351&ssl=1&resize=525%2C300 1.5x, https:\/\/i0.wp.com\/www.shqiperia.com\/blog\/wp-content\/uploads\/2019\/05\/bindja-demokratike.jpg?fit=700%2C351&ssl=1&resize=700%2C400 2x"},"classes":[]},{"id":27525,"url":"https:\/\/www.shqiperia.com\/blog\/zeri-i-amerikes-vendimi-i-gjykates-se-janines-nuk-e-shpeton-dot-kryebashkiakun-agim-kajmaku-ligji-qe-e-con-ne-shkarkim-te-menjehershem\/","url_meta":{"origin":94275,"position":3},"title":"Z\u00ebri i Amerik\u00ebs: &#8211; Vendimi i Gjykat\u00ebs s\u00eb Janin\u00ebs nuk e shp\u00ebton dot kryebashkiakun Agim Kajmaku. Ligji q\u00eb e \u00e7on n\u00eb shkarkim t\u00eb menj\u00ebhersh\u00ebm. &#8211;","author":"Kurt Farka","date":"October 30, 2019","format":false,"excerpt":"Z\u00ebri i Amerik\u00ebs: - Vendimi i Gjykat\u00ebs s\u00eb Janin\u00ebs nuk e shp\u00ebton dot kryebashkiakun Agim Kajmaku. Ligji q\u00eb e \u00e7on n\u00eb shkarkim t\u00eb menj\u00ebhersh\u00ebm. - 30 tetor 2019 N\u00eb Shqip\u00ebri Kryetari i Komisionit Q\u00ebndror t\u00eb Zgjedhjeve Klement Zguri njoftoi sot thirrjen p\u00ebr dit\u00ebn e premte t\u00eb mbledhjes p\u00ebr t\u00eb shqyrtuar\u2026","rel":"","context":"In &quot;Njoftime Shtypi&quot;","block_context":{"text":"Njoftime Shtypi","link":"https:\/\/www.shqiperia.com\/blog\/category\/njoftime-shtypi\/"},"img":{"alt_text":"","src":"https:\/\/i0.wp.com\/www.shqiperia.com\/blog\/wp-content\/uploads\/2019\/10\/kajmaku.jpg?fit=775%2C371&ssl=1&resize=350%2C200","width":350,"height":200,"srcset":"https:\/\/i0.wp.com\/www.shqiperia.com\/blog\/wp-content\/uploads\/2019\/10\/kajmaku.jpg?fit=775%2C371&ssl=1&resize=350%2C200 1x, https:\/\/i0.wp.com\/www.shqiperia.com\/blog\/wp-content\/uploads\/2019\/10\/kajmaku.jpg?fit=775%2C371&ssl=1&resize=525%2C300 1.5x, https:\/\/i0.wp.com\/www.shqiperia.com\/blog\/wp-content\/uploads\/2019\/10\/kajmaku.jpg?fit=775%2C371&ssl=1&resize=700%2C400 2x"},"classes":[]},{"id":25583,"url":"https:\/\/www.shqiperia.com\/blog\/prokuroria-genjeu-per-gjurmet-e-gishtave-te-agim-kajmakut-ja-3-pyetjet-per-te-cilat-duam-pergjigje\/","url_meta":{"origin":94275,"position":4},"title":"Prokuroria g\u00ebnjeu p\u00ebr gjurm\u00ebt e gishtave t\u00eb Agim Kajmakut, ja 3 pyetjet p\u00ebr t\u00eb cilat duam p\u00ebrgjigje","author":"Kurt Farka","date":"September 7, 2019","format":false,"excerpt":"Prokuroria g\u00ebnjeu p\u00ebr gjurm\u00ebt e gishtave t\u00eb Agim Kajmakut, ja 3 pyetjet p\u00ebr t\u00eb cilat duam p\u00ebrgjigje. - 7 shtator 2019 Partia Demokratike ka reaguar pas deklarates zyrtate te Prokurorise se Pergjithshme, lidhur me hetimet pas akuzave per Agim Kajmakun, te zgjedhurin e PS per bashkine e Vores. \u201cProkuroria g\u00ebnjeu\u2026","rel":"","context":"In &quot;Blogu i Udh\u00ebtarit&quot;","block_context":{"text":"Blogu i Udh\u00ebtarit","link":"https:\/\/www.shqiperia.com\/blog\/category\/blogu-i-udhetarit\/"},"img":{"alt_text":"","src":"https:\/\/i0.wp.com\/www.shqiperia.com\/blog\/wp-content\/uploads\/2019\/09\/Agim-Kajmaku-2.jpg?fit=433%2C223&ssl=1&resize=350%2C200","width":350,"height":200},"classes":[]},{"id":82622,"url":"https:\/\/www.shqiperia.com\/blog\/zbardhen-akuzat-mbi-kryebashkiakun-lezhjan-pjerin-ndreu-u-thirr-ne-spak\/","url_meta":{"origin":94275,"position":5},"title":"Zbardhen akuzat mbi kryebashkiakun lezhjan Pjerin Ndreu. &#8211; U thirr n\u00eb SPAK","author":"Kurt Farka","date":"July 10, 2024","format":false,"excerpt":"10 Korrik 2024 \"... Kall\u00ebzimi ndaj Ndreut \u00ebsht\u00eb b\u00ebr\u00eb nga Partia Demokratike n\u00eb Lezh\u00eb n\u00eb vitin 2023 n\u00eb lidhje me trotuarin e b\u00ebr\u00eb n\u00eb rrug\u00ebn Lezh\u00eb-Sh\u00ebngjin p\u00ebrgjat\u00eb lagjes Xhenjo. Ky aks rrugor \u00ebsht\u00eb n\u00eb var\u00ebsi t\u00eb ARRSH-s\u00eb dhe bashkia nuk kishte t\u00eb drejt\u00eb q\u00eb t\u00eb kryente punime, pasi nuk \u00ebsht\u00eb\u2026","rel":"","context":"In &quot;Blogu i Udh\u00ebtarit&quot;","block_context":{"text":"Blogu i Udh\u00ebtarit","link":"https:\/\/www.shqiperia.com\/blog\/category\/blogu-i-udhetarit\/"},"img":{"alt_text":"","src":"https:\/\/i0.wp.com\/www.shqiperia.com\/blog\/wp-content\/uploads\/2024\/07\/pjerini-ndreu.jpg?fit=960%2C640&ssl=1&resize=350%2C200","width":350,"height":200,"srcset":"https:\/\/i0.wp.com\/www.shqiperia.com\/blog\/wp-content\/uploads\/2024\/07\/pjerini-ndreu.jpg?fit=960%2C640&ssl=1&resize=350%2C200 1x, https:\/\/i0.wp.com\/www.shqiperia.com\/blog\/wp-content\/uploads\/2024\/07\/pjerini-ndreu.jpg?fit=960%2C640&ssl=1&resize=525%2C300 1.5x, https:\/\/i0.wp.com\/www.shqiperia.com\/blog\/wp-content\/uploads\/2024\/07\/pjerini-ndreu.jpg?fit=960%2C640&ssl=1&resize=700%2C400 2x"},"classes":[]}],"_links":{"self":[{"href":"https:\/\/www.shqiperia.com\/blog\/wp-json\/wp\/v2\/posts\/94275","targetHints":{"allow":["GET"]}}],"collection":[{"href":"https:\/\/www.shqiperia.com\/blog\/wp-json\/wp\/v2\/posts"}],"about":[{"href":"https:\/\/www.shqiperia.com\/blog\/wp-json\/wp\/v2\/types\/post"}],"author":[{"embeddable":true,"href":"https:\/\/www.shqiperia.com\/blog\/wp-json\/wp\/v2\/users\/9"}],"replies":[{"embeddable":true,"href":"https:\/\/www.shqiperia.com\/blog\/wp-json\/wp\/v2\/comments?post=94275"}],"version-history":[{"count":3,"href":"https:\/\/www.shqiperia.com\/blog\/wp-json\/wp\/v2\/posts\/94275\/revisions"}],"predecessor-version":[{"id":94286,"href":"https:\/\/www.shqiperia.com\/blog\/wp-json\/wp\/v2\/posts\/94275\/revisions\/94286"}],"wp:featuredmedia":[{"embeddable":true,"href":"https:\/\/www.shqiperia.com\/blog\/wp-json\/wp\/v2\/media\/94276"}],"wp:attachment":[{"href":"https:\/\/www.shqiperia.com\/blog\/wp-json\/wp\/v2\/media?parent=94275"}],"wp:term":[{"taxonomy":"category","embeddable":true,"href":"https:\/\/www.shqiperia.com\/blog\/wp-json\/wp\/v2\/categories?post=94275"},{"taxonomy":"post_tag","embeddable":true,"href":"https:\/\/www.shqiperia.com\/blog\/wp-json\/wp\/v2\/tags?post=94275"}],"curies":[{"name":"wp","href":"https:\/\/api.w.org\/{rel}","templated":true}]}}