{"id":94272,"date":"2025-10-14T03:24:52","date_gmt":"2025-10-14T03:24:52","guid":{"rendered":"https:\/\/www.shqiperia.com\/blog\/?p=94272"},"modified":"2025-10-14T03:24:52","modified_gmt":"2025-10-14T03:24:52","slug":"ndodh-edhe-kjo-nderroi-jete-pak-muaj-me-pare-merr-52-vota-kandidati-per-zgjedhjet-lokale-ne-gjakove","status":"publish","type":"post","link":"https:\/\/www.shqiperia.com\/blog\/ndodh-edhe-kjo-nderroi-jete-pak-muaj-me-pare-merr-52-vota-kandidati-per-zgjedhjet-lokale-ne-gjakove\/","title":{"rendered":"Ndodh edhe kjo! Nd\u00ebrroi jet\u00eb pak muaj m\u00eb par\u00eb, merr 52 vota kandidati p\u00ebr zgjedhjet lokale n\u00eb Gjakov\u00eb"},"content":{"rendered":"<p><img data-recalc-dims=\"1\" loading=\"lazy\" decoding=\"async\" data-attachment-id=\"94273\" data-permalink=\"https:\/\/www.shqiperia.com\/blog\/ndodh-edhe-kjo-nderroi-jete-pak-muaj-me-pare-merr-52-vota-kandidati-per-zgjedhjet-lokale-ne-gjakove\/auto_1-6-600x360-11760335976\/\" data-orig-file=\"https:\/\/i0.wp.com\/www.shqiperia.com\/blog\/wp-content\/uploads\/2025\/10\/auto_1-6-600x360-11760335976.webp?fit=600%2C360&amp;ssl=1\" data-orig-size=\"600,360\" data-comments-opened=\"1\" data-image-meta=\"{&quot;aperture&quot;:&quot;0&quot;,&quot;credit&quot;:&quot;&quot;,&quot;camera&quot;:&quot;&quot;,&quot;caption&quot;:&quot;&quot;,&quot;created_timestamp&quot;:&quot;0&quot;,&quot;copyright&quot;:&quot;&quot;,&quot;focal_length&quot;:&quot;0&quot;,&quot;iso&quot;:&quot;0&quot;,&quot;shutter_speed&quot;:&quot;0&quot;,&quot;title&quot;:&quot;&quot;,&quot;orientation&quot;:&quot;0&quot;}\" data-image-title=\"auto_1-6-600&#215;360-11760335976\" data-image-description=\"\" data-image-caption=\"\" data-medium-file=\"https:\/\/i0.wp.com\/www.shqiperia.com\/blog\/wp-content\/uploads\/2025\/10\/auto_1-6-600x360-11760335976.webp?fit=300%2C180&amp;ssl=1\" data-large-file=\"https:\/\/i0.wp.com\/www.shqiperia.com\/blog\/wp-content\/uploads\/2025\/10\/auto_1-6-600x360-11760335976.webp?fit=600%2C360&amp;ssl=1\" class=\"alignnone  wp-image-94273\" alt=\"\" src=\"https:\/\/i0.wp.com\/www.shqiperia.com\/blog\/wp-content\/uploads\/2025\/10\/auto_1-6-600x360-11760335976.webp?resize=645%2C387&#038;ssl=1\" width=\"645\" height=\"387\" srcset=\"https:\/\/i0.wp.com\/www.shqiperia.com\/blog\/wp-content\/uploads\/2025\/10\/auto_1-6-600x360-11760335976.webp?resize=300%2C180&amp;ssl=1 300w, https:\/\/i0.wp.com\/www.shqiperia.com\/blog\/wp-content\/uploads\/2025\/10\/auto_1-6-600x360-11760335976.webp?resize=450%2C270&amp;ssl=1 450w, https:\/\/i0.wp.com\/www.shqiperia.com\/blog\/wp-content\/uploads\/2025\/10\/auto_1-6-600x360-11760335976.webp?resize=400%2C240&amp;ssl=1 400w, https:\/\/i0.wp.com\/www.shqiperia.com\/blog\/wp-content\/uploads\/2025\/10\/auto_1-6-600x360-11760335976.webp?w=600&amp;ssl=1 600w\" sizes=\"auto, (max-width: 645px) 100vw, 645px\" \/><\/p>\n<p>14 Tetor 2025<\/p>\n<p>N\u00eb zgjedhjet lokale t\u00eb s\u00eb diel\u00ebs (12 tetor 2025) n\u00eb komun\u00ebn e Gjakov\u00ebs, qytetar\u00ebt kan\u00eb gjetur n\u00eb list\u00ebn e kandidat\u00ebve edhe emrin e t\u00eb ndjerit Nikoll\u00eb Perkaj, ish-kryetar i Ballit Komb\u00ebtar Demokrat Shqiptar.<\/p>\n<p>Sipas rezultateve t\u00eb publikuara nga Komisioni Qendror i Zgjedhjeve (KQZ), Nikoll\u00eb Perkaj ka marr\u00eb 52 vota n\u00eb k\u00ebto zgjedhje.<\/p>\n<p>Perkaj kishte nd\u00ebrruar jet\u00eb disa muaj m\u00eb par\u00eb pas nj\u00eb aksidenti trafiku, por p\u00ebr shkak t\u00eb afateve ligjore dhe procedurave zgjedhore, emri i tij kishte mbetur n\u00eb list\u00ebn zyrtare t\u00eb kandidat\u00ebve.<\/p>\n","protected":false},"excerpt":{"rendered":"<p>14 Tetor 2025 N\u00eb zgjedhjet lokale t\u00eb s\u00eb diel\u00ebs (12 tetor 2025) n\u00eb komun\u00ebn e Gjakov\u00ebs, qytetar\u00ebt kan\u00eb gjetur n\u00eb list\u00ebn e kandidat\u00ebve edhe emrin e t\u00eb ndjerit Nikoll\u00eb Perkaj, ish-kryetar i Ballit Komb\u00ebtar Demokrat Shqiptar. Sipas rezultateve t\u00eb publikuara nga Komisioni Qendror i Zgjedhjeve (KQZ), Nikoll\u00eb Perkaj ka marr\u00eb 52 vota n\u00eb k\u00ebto zgjedhje. [&hellip;]<\/p>\n","protected":false},"author":9,"featured_media":94273,"comment_status":"open","ping_status":"open","sticky":false,"template":"","format":"standard","meta":{"jetpack_post_was_ever_published":false,"_jetpack_newsletter_access":"","_jetpack_dont_email_post_to_subs":false,"_jetpack_newsletter_tier_id":0,"_jetpack_memberships_contains_paywalled_content":false,"_jetpack_memberships_contains_paid_content":false,"footnotes":"","jetpack_publicize_message":"","jetpack_publicize_feature_enabled":true,"jetpack_social_post_already_shared":true,"jetpack_social_options":{"image_generator_settings":{"template":"highway","default_image_id":0,"font":"","enabled":false},"version":2}},"categories":[27,1],"tags":[],"class_list":["post-94272","post","type-post","status-publish","format-standard","has-post-thumbnail","hentry","category-blogu-i-udhetarit","category-njoftime-shtypi"],"jetpack_publicize_connections":[],"jetpack_featured_media_url":"https:\/\/i0.wp.com\/www.shqiperia.com\/blog\/wp-content\/uploads\/2025\/10\/auto_1-6-600x360-11760335976.webp?fit=600%2C360&ssl=1","jetpack_sharing_enabled":true,"jetpack_shortlink":"https:\/\/wp.me\/p5Z6wp-oww","jetpack-related-posts":[{"id":63924,"url":"https:\/\/www.shqiperia.com\/blog\/zhupa-percarja-e-pd-se-eshte-nje-plan-i-parapergatitur-alibeaj-sdo-gjeje-dot-61-kandidate-per-bashkite\/","url_meta":{"origin":94272,"position":0},"title":"Zhupa: P\u00ebr\u00e7arja e PD-s\u00eb \u00ebsht\u00eb nj\u00eb plan i parap\u00ebrgatitur. &#8211; Alibeaj s\u2019do gjej\u00eb dot 61 kandidat\u00eb p\u00ebr bashkit\u00eb","author":"Kurt Farka","date":"November 3, 2022","format":false,"excerpt":"3 Nentor 2022 Ajo u shpreh se edhe vet\u00eb deputet\u00ebt bashk\u00eb me Enkelejd Alibeajn e din\u00eb shum\u00eb mir\u00eb q\u00eb nuk do t\u00eb fitojn\u00eb asgj\u00eb, por po e b\u00ebjn\u00eb t\u00eb gjith\u00ebn p\u00ebr t\u2019i prishur pun\u00eb PD-s\u00eb. Sipas Zhup\u00ebs, ky \u00ebsht\u00eb nj\u00eb plan i parap\u00ebrgatitur. Deputetja e Partis\u00eb Demokratike, Ina Zhupa deklaroi\u2026","rel":"","context":"In &quot;Blogu i Udh\u00ebtarit&quot;","block_context":{"text":"Blogu i Udh\u00ebtarit","link":"https:\/\/www.shqiperia.com\/blog\/category\/blogu-i-udhetarit\/"},"img":{"alt_text":"","src":"https:\/\/i0.wp.com\/www.shqiperia.com\/blog\/wp-content\/uploads\/2022\/11\/640-0-1667493148xina-zhupapng-738.png?fit=640%2C314&ssl=1&resize=350%2C200","width":350,"height":200,"srcset":"https:\/\/i0.wp.com\/www.shqiperia.com\/blog\/wp-content\/uploads\/2022\/11\/640-0-1667493148xina-zhupapng-738.png?fit=640%2C314&ssl=1&resize=350%2C200 1x, https:\/\/i0.wp.com\/www.shqiperia.com\/blog\/wp-content\/uploads\/2022\/11\/640-0-1667493148xina-zhupapng-738.png?fit=640%2C314&ssl=1&resize=525%2C300 1.5x"},"classes":[]},{"id":24132,"url":"https:\/\/www.shqiperia.com\/blog\/meta-zgjedhjet-kushtetuese-me-13-tetor-ligjerisht-te-pashmangshme\/","url_meta":{"origin":94272,"position":1},"title":"Meta: Zgjedhjet kushtetuese m\u00eb 13 tetor, ligj\u00ebrisht t\u00eb pashmangshme","author":"Kurt Farka","date":"August 1, 2019","format":false,"excerpt":"Meta: Zgjedhjet kushtetuese m\u00eb 13 tetor, ligj\u00ebrisht t\u00eb pashmangshme. - 1 gusht \u00a02019 Ashtu si u paralajm\u00ebrua m\u00eb par\u00eb nga burime zyrtare pran\u00eb Presidenc\u00ebs, Presidenti Ilir Meta doli n\u00eb nj\u00eb konferenc\u00eb p\u00ebr mediat dit\u00ebn e sotme n\u00eb or\u00ebn 13:30. Pasi ritha se hapja e negociatave p\u00ebr integrim n\u00eb BE k\u00ebrkonte\u2026","rel":"","context":"In &quot;Blogu i Udh\u00ebtarit&quot;","block_context":{"text":"Blogu i Udh\u00ebtarit","link":"https:\/\/www.shqiperia.com\/blog\/category\/blogu-i-udhetarit\/"},"img":{"alt_text":"","src":"https:\/\/i0.wp.com\/www.shqiperia.com\/blog\/wp-content\/uploads\/2019\/08\/auto_WhatsApp_Image_2019-08-01_at_13.41.541564660794-770x433-2-905x450.jpeg?fit=905%2C450&ssl=1&resize=350%2C200","width":350,"height":200,"srcset":"https:\/\/i0.wp.com\/www.shqiperia.com\/blog\/wp-content\/uploads\/2019\/08\/auto_WhatsApp_Image_2019-08-01_at_13.41.541564660794-770x433-2-905x450.jpeg?fit=905%2C450&ssl=1&resize=350%2C200 1x, https:\/\/i0.wp.com\/www.shqiperia.com\/blog\/wp-content\/uploads\/2019\/08\/auto_WhatsApp_Image_2019-08-01_at_13.41.541564660794-770x433-2-905x450.jpeg?fit=905%2C450&ssl=1&resize=525%2C300 1.5x, https:\/\/i0.wp.com\/www.shqiperia.com\/blog\/wp-content\/uploads\/2019\/08\/auto_WhatsApp_Image_2019-08-01_at_13.41.541564660794-770x433-2-905x450.jpeg?fit=905%2C450&ssl=1&resize=700%2C400 2x"},"classes":[]},{"id":44367,"url":"https:\/\/www.shqiperia.com\/blog\/deputeti-i-kuvendit-paralajmeron-termet-ne-politiken-shqiptare-ne-tetor-zgjedhjet-lokale\/","url_meta":{"origin":94272,"position":2},"title":"Deputeti i Kuvendit paralajm\u00ebron &#8216;t\u00ebrmet&#8217; n\u00eb politik\u00ebn shqiptare: &#8211; N\u00eb tetor zgjedhjet lokale.","author":"Kurt Farka","date":"February 17, 2021","format":false,"excerpt":"Deputeti i Kuvendit paralajm\u00ebron 't\u00ebrmet' n\u00eb politik\u00ebn shqiptare: - N\u00eb tetor zgjedhjet lokale. 17 SHKURT 2021 Deputeti Lefter Maliqi shprehet i sigurt se pas gjasht\u00eb muajsh nga zgjedhjet e p\u00ebrgjithshme t\u00eb 25 prillit, n\u00eb muajin tetor do t\u00eb zhvillohen dhe zgjedhjet lokale. K\u00ebt\u00eb deklarat\u00eb, ligjv\u00ebn\u00ebsi i Kuvendit t\u00eb Shqip\u00ebris\u00eb e\u2026","rel":"","context":"In &quot;Blogu i Udh\u00ebtarit&quot;","block_context":{"text":"Blogu i Udh\u00ebtarit","link":"https:\/\/www.shqiperia.com\/blog\/category\/blogu-i-udhetarit\/"},"img":{"alt_text":"","src":"https:\/\/i0.wp.com\/www.shqiperia.com\/blog\/wp-content\/uploads\/2021\/02\/800-0-602d497ff3f32.jpeg?fit=800%2C430&ssl=1&resize=350%2C200","width":350,"height":200,"srcset":"https:\/\/i0.wp.com\/www.shqiperia.com\/blog\/wp-content\/uploads\/2021\/02\/800-0-602d497ff3f32.jpeg?fit=800%2C430&ssl=1&resize=350%2C200 1x, https:\/\/i0.wp.com\/www.shqiperia.com\/blog\/wp-content\/uploads\/2021\/02\/800-0-602d497ff3f32.jpeg?fit=800%2C430&ssl=1&resize=525%2C300 1.5x, https:\/\/i0.wp.com\/www.shqiperia.com\/blog\/wp-content\/uploads\/2021\/02\/800-0-602d497ff3f32.jpeg?fit=800%2C430&ssl=1&resize=700%2C400 2x"},"classes":[]},{"id":21133,"url":"https:\/\/www.shqiperia.com\/blog\/fatos-klosi-zgjedhjet-lokale-behen-ne-tetor-palet-kane-rene-dakord-por-basha\/","url_meta":{"origin":94272,"position":3},"title":"Fatos Klosi: &#8211; Zgjedhjet lokale b\u00ebhen n\u00eb tetor, pal\u00ebt kan\u00eb r\u00ebn\u00eb dakord. Por Basha \u2026","author":"Kurt Farka","date":"May 14, 2019","format":false,"excerpt":"Fatos Klosi: - Zgjedhjet lokale b\u00ebhen n\u00eb tetor, pal\u00ebt kan\u00eb r\u00ebn\u00eb dakord. Por Basha \u2026 14 maji2019 Teksa pal\u00ebt politike nuk japin asnj\u00eb sinjal p\u00ebr dialog, ish-kreu i SHISH, Fatos Klosi, thot\u00eb se Basha dhe Rama kan\u00eb r\u00ebn\u00eb dakord dhe zgjedhjet lokale do t\u00eb shtyhen p\u00ebr n\u00eb vjesht\u00eb. N\u00eb studion\u2026","rel":"","context":"In &quot;Blogu i Udh\u00ebtarit&quot;","block_context":{"text":"Blogu i Udh\u00ebtarit","link":"https:\/\/www.shqiperia.com\/blog\/category\/blogu-i-udhetarit\/"},"img":{"alt_text":"","src":"https:\/\/i0.wp.com\/www.shqiperia.com\/blog\/wp-content\/uploads\/2019\/05\/klosi1.jpg?fit=725%2C355&ssl=1&resize=350%2C200","width":350,"height":200,"srcset":"https:\/\/i0.wp.com\/www.shqiperia.com\/blog\/wp-content\/uploads\/2019\/05\/klosi1.jpg?fit=725%2C355&ssl=1&resize=350%2C200 1x, https:\/\/i0.wp.com\/www.shqiperia.com\/blog\/wp-content\/uploads\/2019\/05\/klosi1.jpg?fit=725%2C355&ssl=1&resize=525%2C300 1.5x, https:\/\/i0.wp.com\/www.shqiperia.com\/blog\/wp-content\/uploads\/2019\/05\/klosi1.jpg?fit=725%2C355&ssl=1&resize=700%2C400 2x"},"classes":[]},{"id":91011,"url":"https:\/\/www.shqiperia.com\/blog\/ps-nuk-gjen-qetesi-thellohet-lufta-mes-kandidateve-per-mandate-futet-ne-loje-rama-per-te-shtypur\/","url_meta":{"origin":94272,"position":4},"title":"PS nuk gjen qet\u00ebsi, thellohet \u201clufta\u201d mes kandidat\u00ebve p\u00ebr mandate, futet n\u00eb loj\u00eb Rama p\u00ebr t\u00eb \u201cshtypur\u2026","author":"Kurt Farka","date":"April 2, 2025","format":false,"excerpt":"2 Prill 2025 Partia Socialiste duket se po p\u00ebrballet me nj\u00eb sfid\u00eb t\u00eb madhe, pasi gara p\u00ebr mandatin e deputetit sa i takon zgjedhjeve parlamentare t\u00eb 11 majit \u00ebsht\u00eb p\u00ebrshkall\u00ebzuar n\u00eb nj\u00eb luft\u00eb t\u00eb ashp\u00ebr mes kandidat\u00ebve. Pas ndryshimeve n\u00eb Kodin Zgjedhor, ku fituesi i nj\u00eb mandati mund t\u00eb jet\u00eb\u2026","rel":"","context":"In &quot;Blogu i Udh\u00ebtarit&quot;","block_context":{"text":"Blogu i Udh\u00ebtarit","link":"https:\/\/www.shqiperia.com\/blog\/category\/blogu-i-udhetarit\/"},"img":{"alt_text":"","src":"https:\/\/i0.wp.com\/www.shqiperia.com\/blog\/wp-content\/uploads\/2025\/04\/foto-faqe-6.png?fit=696%2C391&ssl=1&resize=350%2C200","width":350,"height":200,"srcset":"https:\/\/i0.wp.com\/www.shqiperia.com\/blog\/wp-content\/uploads\/2025\/04\/foto-faqe-6.png?fit=696%2C391&ssl=1&resize=350%2C200 1x, https:\/\/i0.wp.com\/www.shqiperia.com\/blog\/wp-content\/uploads\/2025\/04\/foto-faqe-6.png?fit=696%2C391&ssl=1&resize=525%2C300 1.5x"},"classes":[]},{"id":87576,"url":"https:\/\/www.shqiperia.com\/blog\/zgjedhjet-2025-rama-vota-e-diaspores-nje-proces-kompleks-per-here-te-pare-votohet-me-poste\/","url_meta":{"origin":94272,"position":5},"title":"Zgjedhjet 2025\/ Rama: &#8211; Vota e diaspor\u00ebs, nj\u00eb proces kompleks! P\u00ebr her\u00eb t\u00eb par\u00eb votohet me post\u00eb","author":"Kurt Farka","date":"December 19, 2024","format":false,"excerpt":"19 Dhjetor 2024 Kryeministri Edi Rama, n\u00eb fjal\u00ebn e tij n\u00eb takimin vjetor i K\u00ebshillit Koordinues t\u00eb Diaspor\u00ebs u ndal tek Zgjedhjet 2025. Ai u shpreh se vota e diaspor\u00ebs \u00ebsht\u00eb nj\u00eb proces kompleks q\u00eb paraqet shum\u00eb sfida, nd\u00ebrsa theksoi nevoj\u00ebn e bashk\u00ebpunimit edhe nga shqiptar\u00ebt q\u00eb jetojn\u00eb jasht\u00eb vendit,\u2026","rel":"","context":"In &quot;Blogu i Udh\u00ebtarit&quot;","block_context":{"text":"Blogu i Udh\u00ebtarit","link":"https:\/\/www.shqiperia.com\/blog\/category\/blogu-i-udhetarit\/"},"img":{"alt_text":"","src":"https:\/\/i0.wp.com\/www.shqiperia.com\/blog\/wp-content\/uploads\/2024\/12\/91641347_2686314304925189_8773302834813730816_n-1.jpg?fit=831%2C478&ssl=1&resize=350%2C200","width":350,"height":200,"srcset":"https:\/\/i0.wp.com\/www.shqiperia.com\/blog\/wp-content\/uploads\/2024\/12\/91641347_2686314304925189_8773302834813730816_n-1.jpg?fit=831%2C478&ssl=1&resize=350%2C200 1x, https:\/\/i0.wp.com\/www.shqiperia.com\/blog\/wp-content\/uploads\/2024\/12\/91641347_2686314304925189_8773302834813730816_n-1.jpg?fit=831%2C478&ssl=1&resize=525%2C300 1.5x, https:\/\/i0.wp.com\/www.shqiperia.com\/blog\/wp-content\/uploads\/2024\/12\/91641347_2686314304925189_8773302834813730816_n-1.jpg?fit=831%2C478&ssl=1&resize=700%2C400 2x"},"classes":[]}],"_links":{"self":[{"href":"https:\/\/www.shqiperia.com\/blog\/wp-json\/wp\/v2\/posts\/94272","targetHints":{"allow":["GET"]}}],"collection":[{"href":"https:\/\/www.shqiperia.com\/blog\/wp-json\/wp\/v2\/posts"}],"about":[{"href":"https:\/\/www.shqiperia.com\/blog\/wp-json\/wp\/v2\/types\/post"}],"author":[{"embeddable":true,"href":"https:\/\/www.shqiperia.com\/blog\/wp-json\/wp\/v2\/users\/9"}],"replies":[{"embeddable":true,"href":"https:\/\/www.shqiperia.com\/blog\/wp-json\/wp\/v2\/comments?post=94272"}],"version-history":[{"count":1,"href":"https:\/\/www.shqiperia.com\/blog\/wp-json\/wp\/v2\/posts\/94272\/revisions"}],"predecessor-version":[{"id":94274,"href":"https:\/\/www.shqiperia.com\/blog\/wp-json\/wp\/v2\/posts\/94272\/revisions\/94274"}],"wp:featuredmedia":[{"embeddable":true,"href":"https:\/\/www.shqiperia.com\/blog\/wp-json\/wp\/v2\/media\/94273"}],"wp:attachment":[{"href":"https:\/\/www.shqiperia.com\/blog\/wp-json\/wp\/v2\/media?parent=94272"}],"wp:term":[{"taxonomy":"category","embeddable":true,"href":"https:\/\/www.shqiperia.com\/blog\/wp-json\/wp\/v2\/categories?post=94272"},{"taxonomy":"post_tag","embeddable":true,"href":"https:\/\/www.shqiperia.com\/blog\/wp-json\/wp\/v2\/tags?post=94272"}],"curies":[{"name":"wp","href":"https:\/\/api.w.org\/{rel}","templated":true}]}}