{"id":94267,"date":"2025-10-14T03:17:10","date_gmt":"2025-10-14T03:17:10","guid":{"rendered":"https:\/\/www.shqiperia.com\/blog\/?p=94267"},"modified":"2025-10-14T03:17:10","modified_gmt":"2025-10-14T03:17:10","slug":"99-e-shqiptareve-mbeshtesin-familjen-tradicionale-96-kundershtojne-edhe-termat-prind-1-dhe-prind-2","status":"publish","type":"post","link":"https:\/\/www.shqiperia.com\/blog\/99-e-shqiptareve-mbeshtesin-familjen-tradicionale-96-kundershtojne-edhe-termat-prind-1-dhe-prind-2\/","title":{"rendered":"99% e shqiptar\u00ebve mb\u00ebshtesin familjen tradicionale! 96% kund\u00ebrshtojn\u00eb edhe termat \u201cPrind 1\u201d dhe \u201cPrind 2\u201d"},"content":{"rendered":"<p><img data-recalc-dims=\"1\" loading=\"lazy\" decoding=\"async\" data-attachment-id=\"94269\" data-permalink=\"https:\/\/www.shqiperia.com\/blog\/99-e-shqiptareve-mbeshtesin-familjen-tradicionale-96-kundershtojne-edhe-termat-prind-1-dhe-prind-2\/640-0-65dc2ee9da11e89e081740cc83e2643d\/\" data-orig-file=\"https:\/\/i0.wp.com\/www.shqiperia.com\/blog\/wp-content\/uploads\/2025\/10\/640-0-65dc2ee9da11e89e081740cc83e2643d.png?fit=640%2C360&amp;ssl=1\" data-orig-size=\"640,360\" data-comments-opened=\"1\" data-image-meta=\"{&quot;aperture&quot;:&quot;0&quot;,&quot;credit&quot;:&quot;&quot;,&quot;camera&quot;:&quot;&quot;,&quot;caption&quot;:&quot;&quot;,&quot;created_timestamp&quot;:&quot;0&quot;,&quot;copyright&quot;:&quot;&quot;,&quot;focal_length&quot;:&quot;0&quot;,&quot;iso&quot;:&quot;0&quot;,&quot;shutter_speed&quot;:&quot;0&quot;,&quot;title&quot;:&quot;&quot;,&quot;orientation&quot;:&quot;0&quot;}\" data-image-title=\"-640-0-65dc2ee9da11e89e081740cc83e2643d\" data-image-description=\"\" data-image-caption=\"\" data-medium-file=\"https:\/\/i0.wp.com\/www.shqiperia.com\/blog\/wp-content\/uploads\/2025\/10\/640-0-65dc2ee9da11e89e081740cc83e2643d.png?fit=300%2C169&amp;ssl=1\" data-large-file=\"https:\/\/i0.wp.com\/www.shqiperia.com\/blog\/wp-content\/uploads\/2025\/10\/640-0-65dc2ee9da11e89e081740cc83e2643d.png?fit=640%2C360&amp;ssl=1\" class=\"alignnone  wp-image-94269\" alt=\"\" src=\"https:\/\/i0.wp.com\/www.shqiperia.com\/blog\/wp-content\/uploads\/2025\/10\/640-0-65dc2ee9da11e89e081740cc83e2643d.png?resize=737%2C415&#038;ssl=1\" width=\"737\" height=\"415\" srcset=\"https:\/\/i0.wp.com\/www.shqiperia.com\/blog\/wp-content\/uploads\/2025\/10\/640-0-65dc2ee9da11e89e081740cc83e2643d.png?resize=300%2C169&amp;ssl=1 300w, https:\/\/i0.wp.com\/www.shqiperia.com\/blog\/wp-content\/uploads\/2025\/10\/640-0-65dc2ee9da11e89e081740cc83e2643d.png?resize=450%2C253&amp;ssl=1 450w, https:\/\/i0.wp.com\/www.shqiperia.com\/blog\/wp-content\/uploads\/2025\/10\/640-0-65dc2ee9da11e89e081740cc83e2643d.png?resize=600%2C338&amp;ssl=1 600w, https:\/\/i0.wp.com\/www.shqiperia.com\/blog\/wp-content\/uploads\/2025\/10\/640-0-65dc2ee9da11e89e081740cc83e2643d.png?resize=400%2C225&amp;ssl=1 400w, https:\/\/i0.wp.com\/www.shqiperia.com\/blog\/wp-content\/uploads\/2025\/10\/640-0-65dc2ee9da11e89e081740cc83e2643d.png?w=640&amp;ssl=1 640w\" sizes=\"auto, (max-width: 737px) 100vw, 737px\" \/><\/p>\n<p>14 Tetor 2025<\/p>\n<p>Instituti p\u00ebr Liri dhe Trash\u00ebgimi ka publikuar nj\u00eb raport p\u00ebrmbledh\u00ebs mbi q\u00ebndrimet e qytetar\u00ebve shqiptar\u00eb ndaj Projektligjit \u201cP\u00ebr Barazin\u00eb Gjinore\u201d, duke nxjerr\u00eb n\u00eb pah nj\u00eb mb\u00ebshtetje t\u00eb gjer\u00eb p\u00ebr modelin tradicional t\u00eb familjes.<\/p>\n<p>Sipas sondazhit, 99% e qytetar\u00ebve e shohin familjen e p\u00ebrb\u00ebr\u00eb nga burr\u00eb, grua dhe f\u00ebmij\u00eb si themelin e shoq\u00ebris\u00eb shqiptare.<\/p>\n<p>Nd\u00ebrkoh\u00eb, 97.6% e t\u00eb anketuarve e p\u00ebrcaktojn\u00eb gjinin\u00eb si mashkull dhe fem\u00ebr biologjik, duke refuzuar konceptet e reja mbi identitetet gjinore.<\/p>\n<p>N\u00eb raport theksohet gjithashtu se 95.7% e qytetar\u00ebve jan\u00eb kund\u00ebr futjes s\u00eb edukimit gjinor n\u00eb shkolla, t\u00eb cilin e konsiderojn\u00eb si form\u00eb t\u00eb indoktrinimit ideologjik. Po ashtu, 96% kund\u00ebrshtojn\u00eb z\u00ebvend\u00ebsimin e termave \u201cn\u00ebn\u00eb\u201d dhe \u201cbab\u00eb\u201d me \u201cPrind 1\u201d dhe \u201cPrind 2\u201d.<\/p>\n<p><img data-recalc-dims=\"1\" loading=\"lazy\" decoding=\"async\" data-attachment-id=\"94270\" data-permalink=\"https:\/\/www.shqiperia.com\/blog\/99-e-shqiptareve-mbeshtesin-familjen-tradicionale-96-kundershtojne-edhe-termat-prind-1-dhe-prind-2\/564201506_122128108508969517_2289224348140096701_n\/\" data-orig-file=\"https:\/\/i0.wp.com\/www.shqiperia.com\/blog\/wp-content\/uploads\/2025\/10\/564201506_122128108508969517_2289224348140096701_n.jpg?fit=1415%2C2000&amp;ssl=1\" data-orig-size=\"1415,2000\" data-comments-opened=\"1\" data-image-meta=\"{&quot;aperture&quot;:&quot;0&quot;,&quot;credit&quot;:&quot;&quot;,&quot;camera&quot;:&quot;&quot;,&quot;caption&quot;:&quot;&quot;,&quot;created_timestamp&quot;:&quot;0&quot;,&quot;copyright&quot;:&quot;&quot;,&quot;focal_length&quot;:&quot;0&quot;,&quot;iso&quot;:&quot;0&quot;,&quot;shutter_speed&quot;:&quot;0&quot;,&quot;title&quot;:&quot;&quot;,&quot;orientation&quot;:&quot;0&quot;}\" data-image-title=\"564201506_122128108508969517_2289224348140096701_n\" data-image-description=\"\" data-image-caption=\"\" data-medium-file=\"https:\/\/i0.wp.com\/www.shqiperia.com\/blog\/wp-content\/uploads\/2025\/10\/564201506_122128108508969517_2289224348140096701_n.jpg?fit=212%2C300&amp;ssl=1\" data-large-file=\"https:\/\/i0.wp.com\/www.shqiperia.com\/blog\/wp-content\/uploads\/2025\/10\/564201506_122128108508969517_2289224348140096701_n.jpg?fit=724%2C1024&amp;ssl=1\" class=\"alignnone  wp-image-94270\" alt=\"\" src=\"https:\/\/i0.wp.com\/www.shqiperia.com\/blog\/wp-content\/uploads\/2025\/10\/564201506_122128108508969517_2289224348140096701_n.jpg?resize=461%2C652&#038;ssl=1\" width=\"461\" height=\"652\" srcset=\"https:\/\/i0.wp.com\/www.shqiperia.com\/blog\/wp-content\/uploads\/2025\/10\/564201506_122128108508969517_2289224348140096701_n.jpg?resize=212%2C300&amp;ssl=1 212w, https:\/\/i0.wp.com\/www.shqiperia.com\/blog\/wp-content\/uploads\/2025\/10\/564201506_122128108508969517_2289224348140096701_n.jpg?resize=724%2C1024&amp;ssl=1 724w, https:\/\/i0.wp.com\/www.shqiperia.com\/blog\/wp-content\/uploads\/2025\/10\/564201506_122128108508969517_2289224348140096701_n.jpg?resize=768%2C1086&amp;ssl=1 768w, https:\/\/i0.wp.com\/www.shqiperia.com\/blog\/wp-content\/uploads\/2025\/10\/564201506_122128108508969517_2289224348140096701_n.jpg?resize=1087%2C1536&amp;ssl=1 1087w, https:\/\/i0.wp.com\/www.shqiperia.com\/blog\/wp-content\/uploads\/2025\/10\/564201506_122128108508969517_2289224348140096701_n.jpg?resize=450%2C636&amp;ssl=1 450w, https:\/\/i0.wp.com\/www.shqiperia.com\/blog\/wp-content\/uploads\/2025\/10\/564201506_122128108508969517_2289224348140096701_n.jpg?resize=600%2C848&amp;ssl=1 600w, https:\/\/i0.wp.com\/www.shqiperia.com\/blog\/wp-content\/uploads\/2025\/10\/564201506_122128108508969517_2289224348140096701_n.jpg?resize=1300%2C1837&amp;ssl=1 1300w, https:\/\/i0.wp.com\/www.shqiperia.com\/blog\/wp-content\/uploads\/2025\/10\/564201506_122128108508969517_2289224348140096701_n.jpg?resize=400%2C565&amp;ssl=1 400w, https:\/\/i0.wp.com\/www.shqiperia.com\/blog\/wp-content\/uploads\/2025\/10\/564201506_122128108508969517_2289224348140096701_n.jpg?w=1415&amp;ssl=1 1415w\" sizes=\"auto, (max-width: 461px) 100vw, 461px\" \/><\/p>\n<div class=\"xdj266r x14z9mp xat24cr x1lziwak x1vvkbs x126k92a\">\n<div>Publikim i ri nga Instituti p\u00ebr Liri dhe Trash\u00ebgimi<\/div>\n<\/div>\n<div class=\"x14z9mp xat24cr x1lziwak x1vvkbs xtlvy1s x126k92a\">\n<div>Sapo \u00ebsht\u00eb p\u00ebrfunduar Raporti P\u00ebrmbledh\u00ebs mbi Q\u00ebndrimet e Qytetar\u00ebve ndaj Projektligjit \u201cP\u00ebr Barazin\u00eb Gjinore\u201d (2025) \u2014 nj\u00eb studim komb\u00ebtar me 10,010 qytetar\u00eb nga t\u00eb gjitha qarqet e Shqip\u00ebris\u00eb.<\/div>\n<\/div>\n<div class=\"x14z9mp xat24cr x1lziwak x1vvkbs xtlvy1s x126k92a\">\n<div>Ky \u00ebsht\u00eb sondazhi m\u00eb i madh komb\u00ebtar mbi k\u00ebt\u00eb tem\u00eb, me nj\u00eb margjin\u00eb gabimi vet\u00ebm \u00b11.2% dhe nivel besueshm\u00ebrie 95%, duke reflektuar me sakt\u00ebsi z\u00ebrin e qytetar\u00ebve shqiptar\u00eb.<\/div>\n<\/div>\n<div class=\"x14z9mp xat24cr x1lziwak x1vvkbs xtlvy1s x126k92a\">\n<div><span class=\"html-span xexx8yu xyri2b x18d9i69 x1c1uobl x1hl2dhg x16tdsg8 x1vvkbs x3nfvp2 x1j61x8r x1fcty0u xdj266r xat24cr xm2jcoa x1mpyi22 xxymvpz xlup9mm x1kky2od\"><img loading=\"lazy\" decoding=\"async\" class=\"xz74otr x15mokao x1ga7v0g x16uus16 xbiv7yw\" alt=\"\ud83d\udcca\" src=\"https:\/\/static.xx.fbcdn.net\/images\/emoji.php\/v9\/te8\/3\/16\/1f4ca.png\" width=\"16\" height=\"16\" \/><\/span> Gjetjet kryesore t\u00eb studimit:<\/div>\n<\/div>\n<div class=\"x14z9mp xat24cr x1lziwak x1vvkbs xtlvy1s x126k92a\">\n<div>97.6% e shqiptar\u00ebve e p\u00ebrcaktojn\u00eb gjinin\u00eb si mashkull dhe fem\u00ebr biologjik, duke refuzuar konceptet e reja t\u00eb \u201cidentiteteve gjinore\u201d.<\/div>\n<\/div>\n<div class=\"x14z9mp xat24cr x1lziwak x1vvkbs xtlvy1s x126k92a\">\n<div>99% e shohin familjen tradicionale (burr\u00eb, grua, f\u00ebmij\u00eb) si themelin e shoq\u00ebris\u00eb shqiptare.<\/div>\n<\/div>\n<div class=\"x14z9mp xat24cr x1lziwak x1vvkbs xtlvy1s x126k92a\">\n<div>96% kund\u00ebrshtojn\u00eb z\u00ebvend\u00ebsimin e fjal\u00ebve \u201cn\u00ebn\u00eb\u201d dhe \u201cbab\u00eb\u201d me \u201cPrind 1 \/ Prind 2\u201d, duke e konsideruar at\u00eb si konfuzion p\u00ebr f\u00ebmij\u00ebt.<\/div>\n<\/div>\n<div class=\"x14z9mp xat24cr x1lziwak x1vvkbs xtlvy1s x126k92a\">\n<div>95.7% jan\u00eb kund\u00ebr futjes s\u00eb edukimit gjinor n\u00eb shkolla, duke e cil\u00ebsuar si indoktrinim ideologjik.<\/div>\n<\/div>\n<div class=\"x14z9mp xat24cr x1lziwak x1vvkbs xtlvy1s x126k92a\">\n<div>92.1% refuzojn\u00eb martes\u00ebn dhe adoptimin nga persona t\u00eb t\u00eb nj\u00ebjt\u00ebs gjini, edhe n\u00ebse kjo do t\u00eb ishte kusht p\u00ebr an\u00ebtar\u00ebsim n\u00eb BE.<\/div>\n<\/div>\n<div class=\"x14z9mp xat24cr x1lziwak x1vvkbs xtlvy1s x126k92a\">\n<div>85% k\u00ebrkojn\u00eb q\u00eb qeveria t\u00eb fokusohet n\u00eb mbrojtjen e familjes dhe rritjen e lindshm\u00ebris\u00eb, jo n\u00eb politikat gjinore.<\/div>\n<\/div>\n<div class=\"x14z9mp xat24cr x1lziwak x1vvkbs xtlvy1s x126k92a\">\n<div>94% k\u00ebrkojn\u00eb q\u00eb ligjet q\u00eb prekin vlerat morale dhe familjare t\u00eb miratohen me referendum, jo vet\u00ebm me vot\u00eb parlamentare.<\/div>\n<\/div>\n<div class=\"x14z9mp xat24cr x1lziwak x1vvkbs xtlvy1s x126k92a\">\n<div><span class=\"html-span xexx8yu xyri2b x18d9i69 x1c1uobl x1hl2dhg x16tdsg8 x1vvkbs x3nfvp2 x1j61x8r x1fcty0u xdj266r xat24cr xm2jcoa x1mpyi22 xxymvpz xlup9mm x1kky2od\"><img loading=\"lazy\" decoding=\"async\" class=\"xz74otr x15mokao x1ga7v0g x16uus16 xbiv7yw\" alt=\"\ud83c\udde6\ud83c\uddf1\" src=\"https:\/\/static.xx.fbcdn.net\/images\/emoji.php\/v9\/t0\/3\/16\/1f1e6_1f1f1.png\" width=\"16\" height=\"16\" \/><\/span> Mesazhi i qytetar\u00ebve shqiptar\u00eb \u00ebsht\u00eb i qart\u00eb:<\/div>\n<div>Po p\u00ebr barazi, jo p\u00ebr ideologji.<\/div>\n<div>Po p\u00ebr Evrop\u00ebn, jo p\u00ebr asimilim kulturor.<\/div>\n<div>Po p\u00ebr progres, por me rr\u00ebnj\u00eb n\u00eb vlerat tona komb\u00ebtare.<\/div>\n<\/div>\n","protected":false},"excerpt":{"rendered":"<p>14 Tetor 2025 Instituti p\u00ebr Liri dhe Trash\u00ebgimi ka publikuar nj\u00eb raport p\u00ebrmbledh\u00ebs mbi q\u00ebndrimet e qytetar\u00ebve shqiptar\u00eb ndaj Projektligjit \u201cP\u00ebr Barazin\u00eb Gjinore\u201d, duke nxjerr\u00eb n\u00eb pah nj\u00eb mb\u00ebshtetje t\u00eb gjer\u00eb p\u00ebr modelin tradicional t\u00eb familjes. Sipas sondazhit, 99% e qytetar\u00ebve e shohin familjen e p\u00ebrb\u00ebr\u00eb nga burr\u00eb, grua dhe f\u00ebmij\u00eb si themelin e shoq\u00ebris\u00eb [&hellip;]<\/p>\n","protected":false},"author":9,"featured_media":94269,"comment_status":"open","ping_status":"open","sticky":false,"template":"","format":"standard","meta":{"jetpack_post_was_ever_published":false,"_jetpack_newsletter_access":"","_jetpack_dont_email_post_to_subs":false,"_jetpack_newsletter_tier_id":0,"_jetpack_memberships_contains_paywalled_content":false,"_jetpack_memberships_contains_paid_content":false,"footnotes":"","jetpack_publicize_message":"","jetpack_publicize_feature_enabled":true,"jetpack_social_post_already_shared":true,"jetpack_social_options":{"image_generator_settings":{"template":"highway","default_image_id":0,"font":"","enabled":false},"version":2}},"categories":[27,85,10,1,35],"tags":[],"class_list":["post-94267","post","type-post","status-publish","format-standard","has-post-thumbnail","hentry","category-blogu-i-udhetarit","category-histori","category-kultura","category-njoftime-shtypi","category-shoqerore"],"jetpack_publicize_connections":[],"jetpack_featured_media_url":"https:\/\/i0.wp.com\/www.shqiperia.com\/blog\/wp-content\/uploads\/2025\/10\/640-0-65dc2ee9da11e89e081740cc83e2643d.png?fit=640%2C360&ssl=1","jetpack_sharing_enabled":true,"jetpack_shortlink":"https:\/\/wp.me\/p5Z6wp-owr","jetpack-related-posts":[{"id":37762,"url":"https:\/\/www.shqiperia.com\/blog\/raporti-i-isp-mbi-86-e-qytetareve-ndjehen-te-paperfaqesuar-ne-parlament-kunder-te-forteve-dhe-biznesmeneve\/","url_meta":{"origin":94267,"position":0},"title":"Raporti i ISP: Mbi 86% e qytetar\u00ebve ndjehen t\u00eb pap\u00ebrfaq\u00ebsuar n\u00eb parlament, kund\u00ebr t\u00eb \u201cfort\u00ebve\u201d dhe biznesmen\u00ebve","author":"Kurt Farka","date":"August 28, 2020","format":false,"excerpt":"Raporti i ISP: Mbi 86% e qytetar\u00ebve ndjehen t\u00eb pap\u00ebrfaq\u00ebsuar n\u00eb parlament, kund\u00ebr t\u00eb \u201cfort\u00ebve\u201d dhe biznesmen\u00ebve 28 gusht 2020 Sipas nj\u00eb anketimi t\u00eb zhvilluar nga Instituti i Studimeve Politike pjesa m\u00eb e madhe e shqiptar\u00ebve ndjehen t\u00eb pap\u00ebrfaq\u00ebsuar n\u00eb Parlamentin shqiptar dhe kjo ndodh p\u00ebr shkak se deputet\u00ebt jan\u00eb\u2026","rel":"","context":"In &quot;Blogu i Udh\u00ebtarit&quot;","block_context":{"text":"Blogu i Udh\u00ebtarit","link":"https:\/\/www.shqiperia.com\/blog\/category\/blogu-i-udhetarit\/"},"img":{"alt_text":"","src":"https:\/\/i0.wp.com\/www.shqiperia.com\/blog\/wp-content\/uploads\/2020\/08\/640-0-5f48b4b95ea95-905x450-2.jpg?fit=905%2C450&ssl=1&resize=350%2C200","width":350,"height":200,"srcset":"https:\/\/i0.wp.com\/www.shqiperia.com\/blog\/wp-content\/uploads\/2020\/08\/640-0-5f48b4b95ea95-905x450-2.jpg?fit=905%2C450&ssl=1&resize=350%2C200 1x, https:\/\/i0.wp.com\/www.shqiperia.com\/blog\/wp-content\/uploads\/2020\/08\/640-0-5f48b4b95ea95-905x450-2.jpg?fit=905%2C450&ssl=1&resize=525%2C300 1.5x, https:\/\/i0.wp.com\/www.shqiperia.com\/blog\/wp-content\/uploads\/2020\/08\/640-0-5f48b4b95ea95-905x450-2.jpg?fit=905%2C450&ssl=1&resize=700%2C400 2x"},"classes":[]},{"id":64767,"url":"https:\/\/www.shqiperia.com\/blog\/samiti-dhe-bllokimi-i-protestes-se-opozites-be-te-garantohet-siguria-duke-respektuar-lirite-e-ligjshme-te-qytetareve\/","url_meta":{"origin":94267,"position":1},"title":"Samiti dhe bllokimi i protest\u00ebs s\u00eb opozit\u00ebs, BE: &#8211; T\u00eb garantohet siguria duke respektuar lirit\u00eb e ligjshme t\u00eb qytetar\u00ebve","author":"Kurt Farka","date":"November 26, 2022","format":false,"excerpt":"26 Nentor 2022 Bashkimi Europian e konsideron protest\u00ebn e thirrur nga opozita n\u00eb 6 dhjetor si nj\u00eb ushtrim i lirive t\u00eb ligjshme t\u00eb qytetar\u00ebve, q\u00eb duhet t\u00eb respektohet nga autoritetet pavar\u00ebsisht se n\u00eb t\u00eb nj\u00ebjt\u00ebn dit\u00eb zhvillohet n\u00eb Tiran\u00eb samiti BE-Ballkani Per\u00ebndimor. N\u00eb p\u00ebrgjigje t\u00eb interesit t\u00eb A2 CNN, q\u00eb\u2026","rel":"","context":"In &quot;Blogu i Udh\u00ebtarit&quot;","block_context":{"text":"Blogu i Udh\u00ebtarit","link":"https:\/\/www.shqiperia.com\/blog\/category\/blogu-i-udhetarit\/"},"img":{"alt_text":"","src":"https:\/\/i0.wp.com\/www.shqiperia.com\/blog\/wp-content\/uploads\/2022\/11\/protesta-e-opozites-para-kryeministrise-3-770x433-1.jpeg?fit=770%2C433&ssl=1&resize=350%2C200","width":350,"height":200,"srcset":"https:\/\/i0.wp.com\/www.shqiperia.com\/blog\/wp-content\/uploads\/2022\/11\/protesta-e-opozites-para-kryeministrise-3-770x433-1.jpeg?fit=770%2C433&ssl=1&resize=350%2C200 1x, https:\/\/i0.wp.com\/www.shqiperia.com\/blog\/wp-content\/uploads\/2022\/11\/protesta-e-opozites-para-kryeministrise-3-770x433-1.jpeg?fit=770%2C433&ssl=1&resize=525%2C300 1.5x, https:\/\/i0.wp.com\/www.shqiperia.com\/blog\/wp-content\/uploads\/2022\/11\/protesta-e-opozites-para-kryeministrise-3-770x433-1.jpeg?fit=770%2C433&ssl=1&resize=700%2C400 2x"},"classes":[]},{"id":83151,"url":"https:\/\/www.shqiperia.com\/blog\/diktaturat-nuk-rrezohen-me-cmendet-avokati-i-berishes-ben-thirrje-per-revolte-dilni-rrihni-policet-vrisni\/","url_meta":{"origin":94267,"position":2},"title":"\u201cDiktaturat nuk rr\u00ebzohen me\u2026\u201d\/ \u2018\u00c7mendet\u2019 avokati i Berish\u00ebs, b\u00ebn thirrje p\u00ebr revolt\u00eb: Dilni &#8220;rrihni&#8221; polic\u00ebt, &#8220;vrisni&#8221;\u2026","author":"Kurt Farka","date":"July 27, 2024","format":false,"excerpt":"27 Korrik 2024 Mbr\u00ebmjen e djeshme n\u00eb Kuvend u miratuan ndryshimet n\u00eb Kodin Zgjedhor. Mbi ngjarjen ka reaguar avokati Gend Gjokutaj, i cili \u00ebsht\u00eb shprehur se diktaturat nuk rr\u00ebzohen me kode zgjedhore. N\u00eb nj\u00eb postim n\u00eb rrjetet sociale, ai ka b\u00ebr\u00eb thirrje p\u00ebr revolt\u00eb popullore, nd\u00ebrsa u ka k\u00ebrkuar qytetar\u00ebve\u2026","rel":"","context":"In &quot;Blogu i Udh\u00ebtarit&quot;","block_context":{"text":"Blogu i Udh\u00ebtarit","link":"https:\/\/www.shqiperia.com\/blog\/category\/blogu-i-udhetarit\/"},"img":{"alt_text":"","src":"https:\/\/i0.wp.com\/www.shqiperia.com\/blog\/wp-content\/uploads\/2024\/07\/GJokutaj-genc-Berisha-masa.jpg?fit=719%2C452&ssl=1&resize=350%2C200","width":350,"height":200,"srcset":"https:\/\/i0.wp.com\/www.shqiperia.com\/blog\/wp-content\/uploads\/2024\/07\/GJokutaj-genc-Berisha-masa.jpg?fit=719%2C452&ssl=1&resize=350%2C200 1x, https:\/\/i0.wp.com\/www.shqiperia.com\/blog\/wp-content\/uploads\/2024\/07\/GJokutaj-genc-Berisha-masa.jpg?fit=719%2C452&ssl=1&resize=525%2C300 1.5x, https:\/\/i0.wp.com\/www.shqiperia.com\/blog\/wp-content\/uploads\/2024\/07\/GJokutaj-genc-Berisha-masa.jpg?fit=719%2C452&ssl=1&resize=700%2C400 2x"},"classes":[]},{"id":5466,"url":"https:\/\/www.shqiperia.com\/blog\/ministria-e-arsimit-rrezikon-kombin-promovon-lgbt-ne-si-vlere-kombetare\/","url_meta":{"origin":94267,"position":3},"title":"Ministria e Arsimit rrezikon kombin, promovon LGBT-n\u00eb si vler\u00eb komb\u00ebtare\u2026-","author":"Kurt Farka","date":"March 23, 2018","format":false,"excerpt":"22 Mars, 2018 . - N\u00ebnkryetari i FRPD-s\u00eb, Lisand\u00ebr Hoxha, i ftuar n\u00eb studion e lajmeve t\u00eb Syri.net, ka hedhur akuza t\u00eb forta mbi ministrin\u00eb e Arsimit, lidhur me projektet q\u00eb po b\u00ebhen n\u00eb shkollat shqiptare. Sipas tij promovimi i Gayve dhe lesbikeve n\u00eb shkolla, \u00ebsht\u00eb nj\u00eb shkelje e past\u00ebr\u2026","rel":"","context":"In &quot;Kultura&quot;","block_context":{"text":"Kultura","link":"https:\/\/www.shqiperia.com\/blog\/category\/kultura\/"},"img":{"alt_text":"","src":"https:\/\/i0.wp.com\/www.shqiperia.com\/blog\/wp-content\/uploads\/2018\/03\/nikolli-Copy-2.jpg?fit=1200%2C985&ssl=1&resize=350%2C200","width":350,"height":200,"srcset":"https:\/\/i0.wp.com\/www.shqiperia.com\/blog\/wp-content\/uploads\/2018\/03\/nikolli-Copy-2.jpg?fit=1200%2C985&ssl=1&resize=350%2C200 1x, https:\/\/i0.wp.com\/www.shqiperia.com\/blog\/wp-content\/uploads\/2018\/03\/nikolli-Copy-2.jpg?fit=1200%2C985&ssl=1&resize=525%2C300 1.5x, https:\/\/i0.wp.com\/www.shqiperia.com\/blog\/wp-content\/uploads\/2018\/03\/nikolli-Copy-2.jpg?fit=1200%2C985&ssl=1&resize=700%2C400 2x, https:\/\/i0.wp.com\/www.shqiperia.com\/blog\/wp-content\/uploads\/2018\/03\/nikolli-Copy-2.jpg?fit=1200%2C985&ssl=1&resize=1050%2C600 3x"},"classes":[]},{"id":82314,"url":"https:\/\/www.shqiperia.com\/blog\/publikohet-raporti-liria-e-medias-ne-shqiperi-eshte-ne-rrezik-te-larte-te-fundit-ne-europe-per-pluralizmin-mediatik\/","url_meta":{"origin":94267,"position":4},"title":"Publikohet raporti: &#8211; Liria e medias n\u00eb Shqip\u00ebri \u00ebsht\u00eb n\u00eb rrezik t\u00eb lart\u00eb. &#8211; \u201cT\u00eb fundit n\u00eb Europ\u00eb p\u00ebr pluralizmin mediatik\u201d","author":"Kurt Farka","date":"June 29, 2024","format":false,"excerpt":"29 Qershor 2024 Raporti i p\u00ebrvitsh\u00ebm mbi pluralizmin n\u00eb media nga Qendra p\u00ebr Pluralizmin dhe Lirin\u00eb e Medias, CMPF, n\u00eb Institutin Evropian Universitar n\u00eb Firence p\u00ebr vitin 2023 e vendos Shqip\u00ebrin\u00eb n\u00eb list\u00ebn e vendeve me nj\u00eb media n\u00eb \u2018rrezik t\u00eb lart\u00eb\u2019. Raporti v\u00eb n\u00eb dukje se n\u00eb pjes\u00ebn m\u00eb\u2026","rel":"","context":"In &quot;Blogu i Udh\u00ebtarit&quot;","block_context":{"text":"Blogu i Udh\u00ebtarit","link":"https:\/\/www.shqiperia.com\/blog\/category\/blogu-i-udhetarit\/"},"img":{"alt_text":"","src":"https:\/\/i0.wp.com\/www.shqiperia.com\/blog\/wp-content\/uploads\/2024\/06\/liria-e-medias-770x437-1.jpg?fit=770%2C437&ssl=1&resize=350%2C200","width":350,"height":200,"srcset":"https:\/\/i0.wp.com\/www.shqiperia.com\/blog\/wp-content\/uploads\/2024\/06\/liria-e-medias-770x437-1.jpg?fit=770%2C437&ssl=1&resize=350%2C200 1x, https:\/\/i0.wp.com\/www.shqiperia.com\/blog\/wp-content\/uploads\/2024\/06\/liria-e-medias-770x437-1.jpg?fit=770%2C437&ssl=1&resize=525%2C300 1.5x, https:\/\/i0.wp.com\/www.shqiperia.com\/blog\/wp-content\/uploads\/2024\/06\/liria-e-medias-770x437-1.jpg?fit=770%2C437&ssl=1&resize=700%2C400 2x"},"classes":[]},{"id":58824,"url":"https:\/\/www.shqiperia.com\/blog\/qeveria-holandeze-kerkon-shqiperine-ne-be-por-qytetaret-dhe-parlamenti-i-dalin-kunder-kthese-e-papritur\/","url_meta":{"origin":94267,"position":5},"title":"Qeveria holandeze k\u00ebrkon Shqip\u00ebrin\u00eb n\u00eb BE, por qytetar\u00ebt dhe Parlamenti i dalin kund\u00ebr. &#8211; Kthese e Papritur&#8221;.","author":"Kurt Farka","date":"June 9, 2022","format":false,"excerpt":"\u00a0- 09.06.22 Qeveria e kryeministrit holandez Rutte \u00ebsht\u00eb duke ushtruar presion mbi parlamentin e vendit t\u00eb saj p\u00ebr t\u00eb mb\u00ebshtetur hapjen e negociatave me Shqip\u00ebrin\u00eb. Megjithat\u00eb, sipas\u00a0mediave holandeze\u00a0shumica e qytetar\u00ebve dhe nj\u00eb pjes\u00eb e Dhom\u00ebs s\u00eb P\u00ebrfaq\u00ebsuesve t\u00eb Parlamentit holandez nuk jan\u00eb dakord p\u00ebr t\u00eb zgjeruar familjen evropiane. Ata jan\u00eb\u2026","rel":"","context":"In &quot;Blogu i Udh\u00ebtarit&quot;","block_context":{"text":"Blogu i Udh\u00ebtarit","link":"https:\/\/www.shqiperia.com\/blog\/category\/blogu-i-udhetarit\/"},"img":{"alt_text":"","src":"https:\/\/i0.wp.com\/www.shqiperia.com\/blog\/wp-content\/uploads\/2022\/06\/Mark-Rutte-rama-770x433-1.jpg?fit=770%2C417&ssl=1&resize=350%2C200","width":350,"height":200,"srcset":"https:\/\/i0.wp.com\/www.shqiperia.com\/blog\/wp-content\/uploads\/2022\/06\/Mark-Rutte-rama-770x433-1.jpg?fit=770%2C417&ssl=1&resize=350%2C200 1x, https:\/\/i0.wp.com\/www.shqiperia.com\/blog\/wp-content\/uploads\/2022\/06\/Mark-Rutte-rama-770x433-1.jpg?fit=770%2C417&ssl=1&resize=525%2C300 1.5x, https:\/\/i0.wp.com\/www.shqiperia.com\/blog\/wp-content\/uploads\/2022\/06\/Mark-Rutte-rama-770x433-1.jpg?fit=770%2C417&ssl=1&resize=700%2C400 2x"},"classes":[]}],"_links":{"self":[{"href":"https:\/\/www.shqiperia.com\/blog\/wp-json\/wp\/v2\/posts\/94267","targetHints":{"allow":["GET"]}}],"collection":[{"href":"https:\/\/www.shqiperia.com\/blog\/wp-json\/wp\/v2\/posts"}],"about":[{"href":"https:\/\/www.shqiperia.com\/blog\/wp-json\/wp\/v2\/types\/post"}],"author":[{"embeddable":true,"href":"https:\/\/www.shqiperia.com\/blog\/wp-json\/wp\/v2\/users\/9"}],"replies":[{"embeddable":true,"href":"https:\/\/www.shqiperia.com\/blog\/wp-json\/wp\/v2\/comments?post=94267"}],"version-history":[{"count":1,"href":"https:\/\/www.shqiperia.com\/blog\/wp-json\/wp\/v2\/posts\/94267\/revisions"}],"predecessor-version":[{"id":94271,"href":"https:\/\/www.shqiperia.com\/blog\/wp-json\/wp\/v2\/posts\/94267\/revisions\/94271"}],"wp:featuredmedia":[{"embeddable":true,"href":"https:\/\/www.shqiperia.com\/blog\/wp-json\/wp\/v2\/media\/94269"}],"wp:attachment":[{"href":"https:\/\/www.shqiperia.com\/blog\/wp-json\/wp\/v2\/media?parent=94267"}],"wp:term":[{"taxonomy":"category","embeddable":true,"href":"https:\/\/www.shqiperia.com\/blog\/wp-json\/wp\/v2\/categories?post=94267"},{"taxonomy":"post_tag","embeddable":true,"href":"https:\/\/www.shqiperia.com\/blog\/wp-json\/wp\/v2\/tags?post=94267"}],"curies":[{"name":"wp","href":"https:\/\/api.w.org\/{rel}","templated":true}]}}