{"id":94261,"date":"2025-10-13T15:18:56","date_gmt":"2025-10-13T15:18:56","guid":{"rendered":"https:\/\/www.shqiperia.com\/blog\/?p=94261"},"modified":"2025-10-13T15:18:56","modified_gmt":"2025-10-13T15:18:56","slug":"jave-e-qendueshme-por-fundjava-sjell","status":"publish","type":"post","link":"https:\/\/www.shqiperia.com\/blog\/jave-e-qendueshme-por-fundjava-sjell\/","title":{"rendered":"\u201cJav\u00eb e q\u00ebndueshme, por fundjava sjell\u2026\u201d"},"content":{"rendered":"<p><img data-recalc-dims=\"1\" loading=\"lazy\" decoding=\"async\" data-attachment-id=\"94262\" data-permalink=\"https:\/\/www.shqiperia.com\/blog\/jave-e-qendueshme-por-fundjava-sjell\/900-0-1704729616xlajda-porja-3-802\/\" data-orig-file=\"https:\/\/i0.wp.com\/www.shqiperia.com\/blog\/wp-content\/uploads\/2025\/10\/900-0-1704729616xlajda-porja-3-802.jpg?fit=900%2C519&amp;ssl=1\" data-orig-size=\"900,519\" data-comments-opened=\"1\" data-image-meta=\"{&quot;aperture&quot;:&quot;0&quot;,&quot;credit&quot;:&quot;&quot;,&quot;camera&quot;:&quot;&quot;,&quot;caption&quot;:&quot;&quot;,&quot;created_timestamp&quot;:&quot;0&quot;,&quot;copyright&quot;:&quot;&quot;,&quot;focal_length&quot;:&quot;0&quot;,&quot;iso&quot;:&quot;0&quot;,&quot;shutter_speed&quot;:&quot;0&quot;,&quot;title&quot;:&quot;&quot;,&quot;orientation&quot;:&quot;0&quot;}\" data-image-title=\"900-0-1704729616xlajda-porja-3-802\" data-image-description=\"\" data-image-caption=\"\" data-medium-file=\"https:\/\/i0.wp.com\/www.shqiperia.com\/blog\/wp-content\/uploads\/2025\/10\/900-0-1704729616xlajda-porja-3-802.jpg?fit=300%2C173&amp;ssl=1\" data-large-file=\"https:\/\/i0.wp.com\/www.shqiperia.com\/blog\/wp-content\/uploads\/2025\/10\/900-0-1704729616xlajda-porja-3-802.jpg?fit=900%2C519&amp;ssl=1\" class=\"alignnone  wp-image-94262\" alt=\"\" src=\"https:\/\/i0.wp.com\/www.shqiperia.com\/blog\/wp-content\/uploads\/2025\/10\/900-0-1704729616xlajda-porja-3-802.jpg?resize=711%2C410&#038;ssl=1\" width=\"711\" height=\"410\" srcset=\"https:\/\/i0.wp.com\/www.shqiperia.com\/blog\/wp-content\/uploads\/2025\/10\/900-0-1704729616xlajda-porja-3-802.jpg?resize=300%2C173&amp;ssl=1 300w, https:\/\/i0.wp.com\/www.shqiperia.com\/blog\/wp-content\/uploads\/2025\/10\/900-0-1704729616xlajda-porja-3-802.jpg?resize=768%2C443&amp;ssl=1 768w, https:\/\/i0.wp.com\/www.shqiperia.com\/blog\/wp-content\/uploads\/2025\/10\/900-0-1704729616xlajda-porja-3-802.jpg?resize=450%2C260&amp;ssl=1 450w, https:\/\/i0.wp.com\/www.shqiperia.com\/blog\/wp-content\/uploads\/2025\/10\/900-0-1704729616xlajda-porja-3-802.jpg?resize=600%2C346&amp;ssl=1 600w, https:\/\/i0.wp.com\/www.shqiperia.com\/blog\/wp-content\/uploads\/2025\/10\/900-0-1704729616xlajda-porja-3-802.jpg?resize=400%2C231&amp;ssl=1 400w, https:\/\/i0.wp.com\/www.shqiperia.com\/blog\/wp-content\/uploads\/2025\/10\/900-0-1704729616xlajda-porja-3-802.jpg?w=900&amp;ssl=1 900w\" sizes=\"auto, (max-width: 711px) 100vw, 711px\" \/><\/p>\n<p>13 Tetor 2025<\/p>\n<p>Meteorologia, Lajda Porja, n\u00eb lidhje live, b\u00ebri parashikimin e motit, duke th\u00ebn\u00eb se kjo jav\u00eb do t\u00eb jet\u00eb nj\u00eb jav\u00eb e qet\u00eb, ku sot edhe nes\u00ebr moti do t\u00eb jet\u00eb kryesisht i kthjell\u00ebt me vran\u00ebsira t\u00eb lehta dhe kalimtare.<\/p>\n<p>Ajo tha se do t\u00eb jet\u00eb nj\u00eb jav\u00eb tipike vjeshte p\u00ebrsa i p\u00ebrket temperaturave, me minimale q\u00eb shkojn\u00eb n\u00eb 5 grad\u00eb Celsius dhe maksimalja 26 grad\u00eb Celsius, e gjith\u00eb java do t\u00eb jet\u00eb rreth k\u00ebsaj vlere.<\/p>\n<p>\u201cDita e m\u00ebrkur\u00eb parashikohet q\u00eb t\u00eb ket\u00eb m\u00eb shum\u00eb vran\u00ebsira n\u00eb territor, ku vet\u00ebm zonat malore do t\u00eb ken\u00eb reshje t\u00eb pakta. Dita e enjte dhe e premte do t\u00eb shtoj\u00eb mund\u00ebsin\u00eb p\u00ebr shi, kryesisht n\u00eb zonat jugore-juglindore, ku do t\u00eb ket\u00eb dhe rrebeshe t\u00eb izoluara\u201d, u shpreh Lajda.<\/p>\n<p>E shtuna dhe e diela do t\u00eb jen\u00eb me kthjellime, vran\u00ebsira dhe reshje n\u00eb zonat malore dhe n\u00eb ato qendrore, nd\u00ebrsa temperaturat do t\u00eb ken\u00eb luhatje nga dita n\u00eb dit\u00eb dhe reshjet do t\u00eb jen\u00eb shum\u00eb t\u00eb pakta. Pritet q\u00eb java tjet\u00ebr t\u00eb sjell\u00eb reshje m\u00eb t\u00eb shumta.<\/p>\n<p>\u201cSa i p\u00ebrket rajonit Kosov\u00eb dhe Maqedonia e Veriut, dita e h\u00ebn\u00eb dhe e marta do t\u00eb jen\u00eb me diell. Nd\u00ebrkoh\u00eb, e enjtja dhe e premtja do t\u00eb jen\u00eb me reshje. Fundjava do t\u00eb jet\u00eb me kthjellime dhe pika shiu\u201d, shtoi ajo.<\/p>\n","protected":false},"excerpt":{"rendered":"<p>13 Tetor 2025 Meteorologia, Lajda Porja, n\u00eb lidhje live, b\u00ebri parashikimin e motit, duke th\u00ebn\u00eb se kjo jav\u00eb do t\u00eb jet\u00eb nj\u00eb jav\u00eb e qet\u00eb, ku sot edhe nes\u00ebr moti do t\u00eb jet\u00eb kryesisht i kthjell\u00ebt me vran\u00ebsira t\u00eb lehta dhe kalimtare. Ajo tha se do t\u00eb jet\u00eb nj\u00eb jav\u00eb tipike vjeshte p\u00ebrsa i p\u00ebrket [&hellip;]<\/p>\n","protected":false},"author":9,"featured_media":94262,"comment_status":"open","ping_status":"open","sticky":false,"template":"","format":"standard","meta":{"jetpack_post_was_ever_published":false,"_jetpack_newsletter_access":"","_jetpack_dont_email_post_to_subs":false,"_jetpack_newsletter_tier_id":0,"_jetpack_memberships_contains_paywalled_content":false,"_jetpack_memberships_contains_paid_content":false,"footnotes":"","jetpack_publicize_message":"","jetpack_publicize_feature_enabled":true,"jetpack_social_post_already_shared":true,"jetpack_social_options":{"image_generator_settings":{"template":"highway","default_image_id":0,"font":"","enabled":false},"version":2}},"categories":[1],"tags":[],"class_list":["post-94261","post","type-post","status-publish","format-standard","has-post-thumbnail","hentry","category-njoftime-shtypi"],"jetpack_publicize_connections":[],"jetpack_featured_media_url":"https:\/\/i0.wp.com\/www.shqiperia.com\/blog\/wp-content\/uploads\/2025\/10\/900-0-1704729616xlajda-porja-3-802.jpg?fit=900%2C519&ssl=1","jetpack_sharing_enabled":true,"jetpack_shortlink":"https:\/\/wp.me\/p5Z6wp-owl","jetpack-related-posts":[{"id":84925,"url":"https:\/\/www.shqiperia.com\/blog\/a-do-goditet-shqiperia-nga-stuhia-boris\/","url_meta":{"origin":94261,"position":0},"title":"A do goditet Shqip\u00ebria nga stuhia Boris?","author":"Kurt Farka","date":"September 24, 2024","format":false,"excerpt":"24 Shtator 2024 Meteorologia Lajda Porja tha p\u00ebr \u201cEuronews Albania\u201d se kjo jav\u00eb do t\u00eb jet\u00eb dinamike sa i takon motit. Ajo parashikoi nj\u00eb nisje jave me mot vjeshtor, ku ndon\u00ebse temperaturat do t\u00eb jen\u00eb t\u00eb larta nuk do t\u00eb mungojn\u00eb as reshjet e shiut, nd\u00ebrsa nga mesi i jav\u00ebs\u2026","rel":"","context":"In &quot;Blogu i Udh\u00ebtarit&quot;","block_context":{"text":"Blogu i Udh\u00ebtarit","link":"https:\/\/www.shqiperia.com\/blog\/category\/blogu-i-udhetarit\/"},"img":{"alt_text":"","src":"https:\/\/i0.wp.com\/www.shqiperia.com\/blog\/wp-content\/uploads\/2024\/09\/faaaace6-boris-tsexia-ap.jpg?fit=1200%2C720&ssl=1&resize=350%2C200","width":350,"height":200,"srcset":"https:\/\/i0.wp.com\/www.shqiperia.com\/blog\/wp-content\/uploads\/2024\/09\/faaaace6-boris-tsexia-ap.jpg?fit=1200%2C720&ssl=1&resize=350%2C200 1x, https:\/\/i0.wp.com\/www.shqiperia.com\/blog\/wp-content\/uploads\/2024\/09\/faaaace6-boris-tsexia-ap.jpg?fit=1200%2C720&ssl=1&resize=525%2C300 1.5x, https:\/\/i0.wp.com\/www.shqiperia.com\/blog\/wp-content\/uploads\/2024\/09\/faaaace6-boris-tsexia-ap.jpg?fit=1200%2C720&ssl=1&resize=700%2C400 2x, https:\/\/i0.wp.com\/www.shqiperia.com\/blog\/wp-content\/uploads\/2024\/09\/faaaace6-boris-tsexia-ap.jpg?fit=1200%2C720&ssl=1&resize=1050%2C600 3x"},"classes":[]},{"id":38398,"url":"https:\/\/www.shqiperia.com\/blog\/moti-merr-kthesen-e-papritur-mesoni-si-pritet-te-jete-koha-gjate-gjithe-kesaj-jave-dhe-zonat-qe-do-te-perfshihen-nga-reshjet-e-shiut\/","url_meta":{"origin":94261,"position":1},"title":"Moti merr kthes\u00ebn e papritur, m\u00ebsoni si pritet t\u00eb jet\u00eb koha gjat\u00eb gjith\u00eb k\u00ebsaj jave dhe zonat q\u00eb do t\u00eb p\u00ebrfshihen nga reshjet e shiut","author":"Kurt Farka","date":"September 14, 2020","format":false,"excerpt":"Moti merr kthes\u00ebn e papritur, m\u00ebsoni si pritet t\u00eb jet\u00eb koha gjat\u00eb gjith\u00eb k\u00ebsaj jave dhe zonat q\u00eb do t\u00eb p\u00ebrfshihen nga reshjet e shiut 14 SHTATOR 2020 Dita e sotme do t\u00eb ket\u00eb mot me alternime kthjellimesh dhe vran\u00ebsira t\u00eb cilat n\u00eb or\u00ebt e mesdit\u00ebs n\u00eb relievet malore do\u2026","rel":"","context":"In &quot;Blogu i Udh\u00ebtarit&quot;","block_context":{"text":"Blogu i Udh\u00ebtarit","link":"https:\/\/www.shqiperia.com\/blog\/category\/blogu-i-udhetarit\/"},"img":{"alt_text":"","src":"https:\/\/i0.wp.com\/www.shqiperia.com\/blog\/wp-content\/uploads\/2020\/09\/800-0-5f5efbf7a34e1.jpg?fit=800%2C482&ssl=1&resize=350%2C200","width":350,"height":200,"srcset":"https:\/\/i0.wp.com\/www.shqiperia.com\/blog\/wp-content\/uploads\/2020\/09\/800-0-5f5efbf7a34e1.jpg?fit=800%2C482&ssl=1&resize=350%2C200 1x, https:\/\/i0.wp.com\/www.shqiperia.com\/blog\/wp-content\/uploads\/2020\/09\/800-0-5f5efbf7a34e1.jpg?fit=800%2C482&ssl=1&resize=525%2C300 1.5x, https:\/\/i0.wp.com\/www.shqiperia.com\/blog\/wp-content\/uploads\/2020\/09\/800-0-5f5efbf7a34e1.jpg?fit=800%2C482&ssl=1&resize=700%2C400 2x"},"classes":[]},{"id":68729,"url":"https:\/\/www.shqiperia.com\/blog\/e-gjithe-java-me-mot-te-paqendrueshem-reshje-te-shumta-shiu-temperaturat-do-pesojne-renie-graduale\/","url_meta":{"origin":94261,"position":2},"title":"E gjith\u00eb java me mot t\u00eb paq\u00ebndruesh\u00ebm! &#8211; Reshje t\u00eb shumta shiu, temperaturat do p\u00ebsojn\u00eb r\u00ebnie graduale","author":"Kurt Farka","date":"February 27, 2023","format":false,"excerpt":"27 Shkurt 2023 Kjo jav\u00eb do t\u00eb dominohet nga moti i paq\u00ebndruesh\u00ebm n\u00eb vend dhe n\u00eb mesjav\u00eb n\u00eb zonat malore nuk p\u00ebrjashtohen as reshjet e d\u00ebbor\u00ebs. Nga dita e m\u00ebrkur\u00eb e n\u00eb vijim parashikohet q\u00eb reshjet m\u00eb s\u00eb shumti t\u00eb fokusohen n\u00eb zonat malore. 'Gjat\u00eb k\u00ebsaj jave parashikohet t\u00eb kemi\u2026","rel":"","context":"In &quot;Blogu i Udh\u00ebtarit&quot;","block_context":{"text":"Blogu i Udh\u00ebtarit","link":"https:\/\/www.shqiperia.com\/blog\/category\/blogu-i-udhetarit\/"},"img":{"alt_text":"","src":"https:\/\/i0.wp.com\/www.shqiperia.com\/blog\/wp-content\/uploads\/2023\/02\/1567492790_moti2.jpg?fit=780%2C440&ssl=1&resize=350%2C200","width":350,"height":200,"srcset":"https:\/\/i0.wp.com\/www.shqiperia.com\/blog\/wp-content\/uploads\/2023\/02\/1567492790_moti2.jpg?fit=780%2C440&ssl=1&resize=350%2C200 1x, https:\/\/i0.wp.com\/www.shqiperia.com\/blog\/wp-content\/uploads\/2023\/02\/1567492790_moti2.jpg?fit=780%2C440&ssl=1&resize=525%2C300 1.5x, https:\/\/i0.wp.com\/www.shqiperia.com\/blog\/wp-content\/uploads\/2023\/02\/1567492790_moti2.jpg?fit=780%2C440&ssl=1&resize=700%2C400 2x"},"classes":[]},{"id":91305,"url":"https:\/\/www.shqiperia.com\/blog\/ikin-plakat-e-prillit-vjen-pranvera-keni-bere-plane\/","url_meta":{"origin":94261,"position":3},"title":"Ikin \u2018plakat e Prillit\u2019, vjen Pranvera. &#8211; Keni b\u00ebr\u00eb plane?","author":"Kurt Farka","date":"April 11, 2025","format":false,"excerpt":"11 Prill 2025 \u00c7menduria e nj\u00eb jave m\u00eb par\u00eb q\u00eb riktheu reshjet e bor\u00ebs dhe ulje drastike t\u00eb temperaturave, duket se ka marr\u00eb fund, duke i l\u00ebn\u00eb radh\u00ebs stin\u00ebs s\u00eb pranver\u00ebs. Metereologia Lajda Porja nga \u201cMeteoalb\u201d n\u00eb nj\u00eb lidhje me studion e lajmeve u shpreh se kjo jav\u00eb ka qen\u00eb\u2026","rel":"","context":"In &quot;Njoftime Shtypi&quot;","block_context":{"text":"Njoftime Shtypi","link":"https:\/\/www.shqiperia.com\/blog\/category\/njoftime-shtypi\/"},"img":{"alt_text":"","src":"https:\/\/i0.wp.com\/www.shqiperia.com\/blog\/wp-content\/uploads\/2025\/04\/640-0-38b08ccae03ef81cd3a64231f6ef5363.jpg?fit=640%2C360&ssl=1&resize=350%2C200","width":350,"height":200,"srcset":"https:\/\/i0.wp.com\/www.shqiperia.com\/blog\/wp-content\/uploads\/2025\/04\/640-0-38b08ccae03ef81cd3a64231f6ef5363.jpg?fit=640%2C360&ssl=1&resize=350%2C200 1x, https:\/\/i0.wp.com\/www.shqiperia.com\/blog\/wp-content\/uploads\/2025\/04\/640-0-38b08ccae03ef81cd3a64231f6ef5363.jpg?fit=640%2C360&ssl=1&resize=525%2C300 1.5x"},"classes":[]},{"id":38181,"url":"https:\/\/www.shqiperia.com\/blog\/cmendet-moti-paralajmerojne-meteorologet-kthesa-e-madha-qe-pritet-te-marrin-temperaturat-kete-jave\/","url_meta":{"origin":94261,"position":4},"title":"\u00c7mendet moti! Paralajm\u00ebrojn\u00eb meteorolog\u00ebt, kthesa e madha q\u00eb pritet t\u00eb marrin temperaturat k\u00ebt\u00eb jav\u00eb","author":"Kurt Farka","date":"September 7, 2020","format":false,"excerpt":"\u00c7mendet moti! Paralajm\u00ebrojn\u00eb meteorolog\u00ebt, kthesa e madha q\u00eb pritet t\u00eb marrin temperaturat k\u00ebt\u00eb jav\u00eb 7 SHTATOR 2020 Temperaturat n\u00eb dit\u00ebt n\u00eb vijim\u00a0do t\u00eb shkojn\u00eb deri n\u00eb 39 grad\u00eb celsius, t\u00eb cilat jan\u00eb tipike t\u00eb ver\u00ebs. \u201cKjo jav\u00eb q\u00eb ka nisur do t\u00eb jet\u00eb me kthjellime dhe jo vet\u00ebm, pasi do\u2026","rel":"","context":"In &quot;Blogu i Udh\u00ebtarit&quot;","block_context":{"text":"Blogu i Udh\u00ebtarit","link":"https:\/\/www.shqiperia.com\/blog\/category\/blogu-i-udhetarit\/"},"img":{"alt_text":"","src":"https:\/\/i0.wp.com\/www.shqiperia.com\/blog\/wp-content\/uploads\/2020\/09\/800-0-5f56443f8d19b.jpg?fit=800%2C436&ssl=1&resize=350%2C200","width":350,"height":200,"srcset":"https:\/\/i0.wp.com\/www.shqiperia.com\/blog\/wp-content\/uploads\/2020\/09\/800-0-5f56443f8d19b.jpg?fit=800%2C436&ssl=1&resize=350%2C200 1x, https:\/\/i0.wp.com\/www.shqiperia.com\/blog\/wp-content\/uploads\/2020\/09\/800-0-5f56443f8d19b.jpg?fit=800%2C436&ssl=1&resize=525%2C300 1.5x, https:\/\/i0.wp.com\/www.shqiperia.com\/blog\/wp-content\/uploads\/2020\/09\/800-0-5f56443f8d19b.jpg?fit=800%2C436&ssl=1&resize=700%2C400 2x"},"classes":[]},{"id":61582,"url":"https:\/\/www.shqiperia.com\/blog\/rrebeshe-shiu-ne-keto-zona-te-shqiperise-lajda-porja-parashikon-si-do-te-jete-moti-ne-ditet-ne-vijim-ja-cfare-na-pret-ne-shtator\/","url_meta":{"origin":94261,"position":5},"title":"Rrebeshe shiu n\u00eb k\u00ebto zona t\u00eb Shqip\u00ebris\u00eb, Lajda Porja parashikon si do t\u00eb jet\u00eb moti n\u00eb dit\u00ebt n\u00eb vijim: Ja \u00e7far\u00eb na pret n\u00eb shtator!","author":"Kurt Farka","date":"August 29, 2022","format":false,"excerpt":"29 GUSHT 2022 Meteorologia Lajda Porja parashikon se nga e h\u00ebna n\u00eb t\u00eb enjten pritet t\u00eb ket\u00eb vran\u00ebsira dhe reshje shiu kryesisht n\u00eb zonat malore t\u00eb vendit.\u00a0Ajo n\u00ebnvizoi se pritet t\u00eb ket\u00eb rrebeshe shiu n\u00eb zonat malore, n\u00eb juglindje dhe verilindje t\u00eb vendit.\u00a0Porja shtoi se do t\u00eb ket\u00eb reshje shiu\u2026","rel":"","context":"In &quot;Blogu i Udh\u00ebtarit&quot;","block_context":{"text":"Blogu i Udh\u00ebtarit","link":"https:\/\/www.shqiperia.com\/blog\/category\/blogu-i-udhetarit\/"},"img":{"alt_text":"","src":"https:\/\/i0.wp.com\/www.shqiperia.com\/blog\/wp-content\/uploads\/2022\/08\/fm.jpg?fit=845%2C400&ssl=1&resize=350%2C200","width":350,"height":200,"srcset":"https:\/\/i0.wp.com\/www.shqiperia.com\/blog\/wp-content\/uploads\/2022\/08\/fm.jpg?fit=845%2C400&ssl=1&resize=350%2C200 1x, https:\/\/i0.wp.com\/www.shqiperia.com\/blog\/wp-content\/uploads\/2022\/08\/fm.jpg?fit=845%2C400&ssl=1&resize=525%2C300 1.5x, https:\/\/i0.wp.com\/www.shqiperia.com\/blog\/wp-content\/uploads\/2022\/08\/fm.jpg?fit=845%2C400&ssl=1&resize=700%2C400 2x"},"classes":[]}],"_links":{"self":[{"href":"https:\/\/www.shqiperia.com\/blog\/wp-json\/wp\/v2\/posts\/94261","targetHints":{"allow":["GET"]}}],"collection":[{"href":"https:\/\/www.shqiperia.com\/blog\/wp-json\/wp\/v2\/posts"}],"about":[{"href":"https:\/\/www.shqiperia.com\/blog\/wp-json\/wp\/v2\/types\/post"}],"author":[{"embeddable":true,"href":"https:\/\/www.shqiperia.com\/blog\/wp-json\/wp\/v2\/users\/9"}],"replies":[{"embeddable":true,"href":"https:\/\/www.shqiperia.com\/blog\/wp-json\/wp\/v2\/comments?post=94261"}],"version-history":[{"count":1,"href":"https:\/\/www.shqiperia.com\/blog\/wp-json\/wp\/v2\/posts\/94261\/revisions"}],"predecessor-version":[{"id":94263,"href":"https:\/\/www.shqiperia.com\/blog\/wp-json\/wp\/v2\/posts\/94261\/revisions\/94263"}],"wp:featuredmedia":[{"embeddable":true,"href":"https:\/\/www.shqiperia.com\/blog\/wp-json\/wp\/v2\/media\/94262"}],"wp:attachment":[{"href":"https:\/\/www.shqiperia.com\/blog\/wp-json\/wp\/v2\/media?parent=94261"}],"wp:term":[{"taxonomy":"category","embeddable":true,"href":"https:\/\/www.shqiperia.com\/blog\/wp-json\/wp\/v2\/categories?post=94261"},{"taxonomy":"post_tag","embeddable":true,"href":"https:\/\/www.shqiperia.com\/blog\/wp-json\/wp\/v2\/tags?post=94261"}],"curies":[{"name":"wp","href":"https:\/\/api.w.org\/{rel}","templated":true}]}}