{"id":9398,"date":"2018-07-04T17:08:58","date_gmt":"2018-07-04T17:08:58","guid":{"rendered":"http:\/\/www.shqiperia.com\/blog\/?p=9398"},"modified":"2018-07-04T17:08:58","modified_gmt":"2018-07-04T17:08:58","slug":"shqiponja-dykrenare-zbret-ne-birren-zviceriane","status":"publish","type":"post","link":"https:\/\/www.shqiperia.com\/blog\/shqiponja-dykrenare-zbret-ne-birren-zviceriane\/","title":{"rendered":"Shqiponja dykrenare zbret n\u00eb birr\u00ebn zviceriane. &#8211;"},"content":{"rendered":"<p><img data-recalc-dims=\"1\" loading=\"lazy\" decoding=\"async\" data-attachment-id=\"9399\" data-permalink=\"https:\/\/www.shqiperia.com\/blog\/shqiponja-dykrenare-zbret-ne-birren-zviceriane\/shqiponja-ne-birre\/\" data-orig-file=\"https:\/\/i0.wp.com\/www.shqiperia.com\/blog\/wp-content\/uploads\/2018\/07\/Shqiponja-ne-Birre.jpg?fit=350%2C224&amp;ssl=1\" data-orig-size=\"350,224\" data-comments-opened=\"1\" data-image-meta=\"{&quot;aperture&quot;:&quot;0&quot;,&quot;credit&quot;:&quot;PATRICK LEHMANN&quot;,&quot;camera&quot;:&quot;&quot;,&quot;caption&quot;:&quot;&quot;,&quot;created_timestamp&quot;:&quot;0&quot;,&quot;copyright&quot;:&quot;patrick.lehmann77@hotmail.com +41798474450&quot;,&quot;focal_length&quot;:&quot;0&quot;,&quot;iso&quot;:&quot;0&quot;,&quot;shutter_speed&quot;:&quot;0&quot;,&quot;title&quot;:&quot;&quot;,&quot;orientation&quot;:&quot;0&quot;}\" data-image-title=\"Shqiponja ne Birre\" data-image-description=\"\" data-image-caption=\"\" data-medium-file=\"https:\/\/i0.wp.com\/www.shqiperia.com\/blog\/wp-content\/uploads\/2018\/07\/Shqiponja-ne-Birre.jpg?fit=300%2C192&amp;ssl=1\" data-large-file=\"https:\/\/i0.wp.com\/www.shqiperia.com\/blog\/wp-content\/uploads\/2018\/07\/Shqiponja-ne-Birre.jpg?fit=350%2C224&amp;ssl=1\" class=\"alignnone size-medium wp-image-9399\" alt=\"\" src=\"https:\/\/i0.wp.com\/www.shqiperia.com\/blog\/wp-content\/uploads\/2018\/07\/Shqiponja-ne-Birre-300x192.jpg?resize=300%2C192\" width=\"300\" height=\"192\" srcset=\"https:\/\/i0.wp.com\/www.shqiperia.com\/blog\/wp-content\/uploads\/2018\/07\/Shqiponja-ne-Birre.jpg?resize=300%2C192&amp;ssl=1 300w, https:\/\/i0.wp.com\/www.shqiperia.com\/blog\/wp-content\/uploads\/2018\/07\/Shqiponja-ne-Birre.jpg?w=350&amp;ssl=1 350w\" sizes=\"auto, (max-width: 300px) 100vw, 300px\" \/><\/p>\n<p><strong>Shqiponja dykrenare zbret n\u00eb birr\u00ebn zviceriane. &#8211;<br \/>\n<\/strong><\/p>\n<p>Shqiponja dykrenare \u00ebsht\u00eb b\u00ebr\u00eb frym\u00ebzim n\u00eb Zvic\u00ebr. Nj\u00eb fabrik\u00eb q\u00eb prodhon birr\u00eb n\u00eb Luzern ka vendosur t\u00eb ofroj\u00eb nj\u00eb ambalazh special n\u00eb mb\u00ebshtetje t\u00eb komb\u00ebtares n\u00eb p\u00ebrballjen e sotme ndaj Kosta Rik\u00ebs.<\/p>\n<p>Gjesti i festimit t\u00eb dy shqiptar\u00ebve q\u00eb luajn\u00eb p\u00ebr komb\u00ebtaren zviceriane, Granit Xhaka dhe Xherdan Shaqiri me simbolin e shqiponj\u00ebs, ka ngjallur reagime jo vet\u00ebm tek shqiptar\u00ebt por edhe tek populli zviceran.<\/p>\n<p>Lajmi m\u00eb i fundit p\u00ebr \u201cshqiponj\u00ebn\u201d vjen nga Luzerni, ku nj\u00eb fabrik\u00eb q\u00eb prodhon birr\u00eb ka vendosur t\u00eb ofroj\u00eb nj\u00eb ambalazh special n\u00eb mb\u00ebshtetje t\u00eb komb\u00ebtares n\u00eb p\u00ebrballjen e sotme ndaj Kosta Rik\u00ebs.<\/p>\n<p><img data-recalc-dims=\"1\" loading=\"lazy\" decoding=\"async\" data-attachment-id=\"9400\" data-permalink=\"https:\/\/www.shqiperia.com\/blog\/shqiponja-dykrenare-zbret-ne-birren-zviceriane\/shqiponja-ne-birre-copy\/\" data-orig-file=\"https:\/\/i0.wp.com\/www.shqiperia.com\/blog\/wp-content\/uploads\/2018\/07\/Shqiponja-ne-Birre-Copy.jpg?fit=350%2C534&amp;ssl=1\" data-orig-size=\"350,534\" data-comments-opened=\"1\" data-image-meta=\"{&quot;aperture&quot;:&quot;0&quot;,&quot;credit&quot;:&quot;PATRICK LEHMANN&quot;,&quot;camera&quot;:&quot;&quot;,&quot;caption&quot;:&quot;&quot;,&quot;created_timestamp&quot;:&quot;0&quot;,&quot;copyright&quot;:&quot;patrick.lehmann77@hotmail.com +41798474450&quot;,&quot;focal_length&quot;:&quot;0&quot;,&quot;iso&quot;:&quot;0&quot;,&quot;shutter_speed&quot;:&quot;0&quot;,&quot;title&quot;:&quot;&quot;,&quot;orientation&quot;:&quot;0&quot;}\" data-image-title=\"Shqiponja ne Birre &#8211; Copy\" data-image-description=\"\" data-image-caption=\"\" data-medium-file=\"https:\/\/i0.wp.com\/www.shqiperia.com\/blog\/wp-content\/uploads\/2018\/07\/Shqiponja-ne-Birre-Copy.jpg?fit=197%2C300&amp;ssl=1\" data-large-file=\"https:\/\/i0.wp.com\/www.shqiperia.com\/blog\/wp-content\/uploads\/2018\/07\/Shqiponja-ne-Birre-Copy.jpg?fit=350%2C534&amp;ssl=1\" class=\"alignnone  wp-image-9400\" alt=\"\" src=\"https:\/\/i0.wp.com\/www.shqiperia.com\/blog\/wp-content\/uploads\/2018\/07\/Shqiponja-ne-Birre-Copy-197x300.jpg?resize=499%2C760\" width=\"499\" height=\"760\" srcset=\"https:\/\/i0.wp.com\/www.shqiperia.com\/blog\/wp-content\/uploads\/2018\/07\/Shqiponja-ne-Birre-Copy.jpg?resize=197%2C300&amp;ssl=1 197w, https:\/\/i0.wp.com\/www.shqiperia.com\/blog\/wp-content\/uploads\/2018\/07\/Shqiponja-ne-Birre-Copy.jpg?w=350&amp;ssl=1 350w\" sizes=\"auto, (max-width: 499px) 100vw, 499px\" \/><\/p>\n<p>N\u00eb ambalazhin e birr\u00ebs Luzerner Bier, \u00ebsht\u00eb nj\u00eb fotografi e shqiponj\u00ebs dykrenare q\u00eb e p\u00ebrdor\u00ebn Xherdan Shaqiri dhe Granit Xhaka, pas golave n\u00eb ndeshjen ndaj Serbis\u00eb.<\/p>\n<p>N\u00eb p\u00ebrkrahje t\u00eb tyre, kjo fabrik\u00eb birre ka shkruar k\u00ebt\u00eb status:<\/p>\n<p><em>\u201cBirr\u00eb Luzern origjinal. E shk\u00eblqyeshme dhe freskuese, tamam si ekipi jon\u00eb komb\u00ebtar n\u00eb Kup\u00ebn e Bot\u00ebs. Sonte do t\u00eb sh\u00ebnojm\u00eb dhe do t\u00eb fluturojm\u00eb drejt 1\/8 s\u00eb finales\u201d.<\/em><\/p>\n<p><img data-recalc-dims=\"1\" loading=\"lazy\" decoding=\"async\" data-attachment-id=\"9401\" data-permalink=\"https:\/\/www.shqiperia.com\/blog\/shqiponja-dykrenare-zbret-ne-birren-zviceriane\/shqiponja-ne-birre-2\/\" data-orig-file=\"https:\/\/i0.wp.com\/www.shqiperia.com\/blog\/wp-content\/uploads\/2018\/07\/Shqiponja-ne-Birre-1.jpg?fit=350%2C224&amp;ssl=1\" data-orig-size=\"350,224\" data-comments-opened=\"1\" data-image-meta=\"{&quot;aperture&quot;:&quot;0&quot;,&quot;credit&quot;:&quot;PATRICK LEHMANN&quot;,&quot;camera&quot;:&quot;&quot;,&quot;caption&quot;:&quot;&quot;,&quot;created_timestamp&quot;:&quot;0&quot;,&quot;copyright&quot;:&quot;patrick.lehmann77@hotmail.com +41798474450&quot;,&quot;focal_length&quot;:&quot;0&quot;,&quot;iso&quot;:&quot;0&quot;,&quot;shutter_speed&quot;:&quot;0&quot;,&quot;title&quot;:&quot;&quot;,&quot;orientation&quot;:&quot;0&quot;}\" data-image-title=\"Shqiponja ne Birre\" data-image-description=\"\" data-image-caption=\"\" data-medium-file=\"https:\/\/i0.wp.com\/www.shqiperia.com\/blog\/wp-content\/uploads\/2018\/07\/Shqiponja-ne-Birre-1.jpg?fit=300%2C192&amp;ssl=1\" data-large-file=\"https:\/\/i0.wp.com\/www.shqiperia.com\/blog\/wp-content\/uploads\/2018\/07\/Shqiponja-ne-Birre-1.jpg?fit=350%2C224&amp;ssl=1\" class=\"alignnone  wp-image-9401\" alt=\"\" src=\"https:\/\/i0.wp.com\/www.shqiperia.com\/blog\/wp-content\/uploads\/2018\/07\/Shqiponja-ne-Birre-1-300x192.jpg?resize=611%2C391\" width=\"611\" height=\"391\" srcset=\"https:\/\/i0.wp.com\/www.shqiperia.com\/blog\/wp-content\/uploads\/2018\/07\/Shqiponja-ne-Birre-1.jpg?resize=300%2C192&amp;ssl=1 300w, https:\/\/i0.wp.com\/www.shqiperia.com\/blog\/wp-content\/uploads\/2018\/07\/Shqiponja-ne-Birre-1.jpg?w=350&amp;ssl=1 350w\" sizes=\"auto, (max-width: 611px) 100vw, 611px\" \/><\/p>\n<p>FIFA ka gjobitur dy futbollist\u00ebt shqiptar\u00eb dhe kapitenin e Zvicr\u00ebs me 10 mij\u00eb dollar\u00eb secili dhe duke iu ndaluar p\u00ebrdorimin e simbolit t\u00eb shqiponj\u00ebs gjat\u00eb k\u00ebtij bot\u00ebrori.<\/p>\n<p>Zvicr\u00ebs i duhet t\u00eb pakt\u00ebn nj\u00eb barazim p\u00ebrball\u00eb Kosta Rik\u00ebs p\u00ebr t\u00eb kaluar faz\u00ebn e grupeve.<\/p>\n","protected":false},"excerpt":{"rendered":"<p>Shqiponja dykrenare zbret n\u00eb birr\u00ebn zviceriane. &#8211; Shqiponja dykrenare \u00ebsht\u00eb b\u00ebr\u00eb frym\u00ebzim n\u00eb Zvic\u00ebr. Nj\u00eb fabrik\u00eb q\u00eb prodhon birr\u00eb n\u00eb Luzern ka vendosur t\u00eb ofroj\u00eb nj\u00eb ambalazh special n\u00eb mb\u00ebshtetje t\u00eb komb\u00ebtares n\u00eb p\u00ebrballjen e sotme ndaj Kosta Rik\u00ebs. Gjesti i festimit t\u00eb dy shqiptar\u00ebve q\u00eb luajn\u00eb p\u00ebr komb\u00ebtaren zviceriane, Granit Xhaka dhe Xherdan Shaqiri [&hellip;]<\/p>\n","protected":false},"author":9,"featured_media":9399,"comment_status":"open","ping_status":"open","sticky":false,"template":"","format":"standard","meta":{"jetpack_post_was_ever_published":false,"_jetpack_newsletter_access":"","_jetpack_dont_email_post_to_subs":false,"_jetpack_newsletter_tier_id":0,"_jetpack_memberships_contains_paywalled_content":false,"_jetpack_memberships_contains_paid_content":false,"footnotes":"","jetpack_publicize_message":"","jetpack_publicize_feature_enabled":true,"jetpack_social_post_already_shared":true,"jetpack_social_options":{"image_generator_settings":{"template":"highway","default_image_id":0,"font":"","enabled":false},"version":2}},"categories":[27,35],"tags":[],"class_list":["post-9398","post","type-post","status-publish","format-standard","has-post-thumbnail","hentry","category-blogu-i-udhetarit","category-shoqerore"],"jetpack_publicize_connections":[],"jetpack_featured_media_url":"https:\/\/i0.wp.com\/www.shqiperia.com\/blog\/wp-content\/uploads\/2018\/07\/Shqiponja-ne-Birre.jpg?fit=350%2C224&ssl=1","jetpack_sharing_enabled":true,"jetpack_shortlink":"https:\/\/wp.me\/p5Z6wp-2rA","jetpack-related-posts":[{"id":48947,"url":"https:\/\/www.shqiperia.com\/blog\/arti-tradicional-shqiponje-dykrenare-gdhendje-ne-nje-furke-te-laberise-kultet-qe-ajo-ka-te-trasheguara-ne-rrenjet-e-popullit-tone\/","url_meta":{"origin":9398,"position":0},"title":"Arti tradicional: &#8211; Shqiponje Dykrenare, gdhendje ne nje Furke te Laberise. &#8211; Kultet qe ajo ka te trasheguara ne rrenjet e popullit tone.","author":"Kurt Farka","date":"August 8, 2021","format":false,"excerpt":"Arti tradicional: - Shqiponje Dykrenare, gdhendje ne nje Furke te Laberise. - Kultet qe ajo ka te trasheguara ne rrenjet e popullit tone. Gdhendja eshte vetem nje fragment nga punimi i drurit me gdhendje me maje brisku (bicaku). Furka eshte mjet pune i grave per tjerrjen e fillit (perit) te\u2026","rel":"","context":"In &quot;Arte&quot;","block_context":{"text":"Arte","link":"https:\/\/www.shqiperia.com\/blog\/category\/arte\/"},"img":{"alt_text":"","src":"https:\/\/i0.wp.com\/www.shqiperia.com\/blog\/wp-content\/uploads\/2021\/08\/221308452_3093102730913009_1462002030562639151_n.jpg?fit=917%2C457&ssl=1&resize=350%2C200","width":350,"height":200,"srcset":"https:\/\/i0.wp.com\/www.shqiperia.com\/blog\/wp-content\/uploads\/2021\/08\/221308452_3093102730913009_1462002030562639151_n.jpg?fit=917%2C457&ssl=1&resize=350%2C200 1x, https:\/\/i0.wp.com\/www.shqiperia.com\/blog\/wp-content\/uploads\/2021\/08\/221308452_3093102730913009_1462002030562639151_n.jpg?fit=917%2C457&ssl=1&resize=525%2C300 1.5x, https:\/\/i0.wp.com\/www.shqiperia.com\/blog\/wp-content\/uploads\/2021\/08\/221308452_3093102730913009_1462002030562639151_n.jpg?fit=917%2C457&ssl=1&resize=700%2C400 2x"},"classes":[]},{"id":44182,"url":"https:\/\/www.shqiperia.com\/blog\/identitet-studiuesi-jaho-brahaj-flet-mbi-origjinen-e-shqiponjes-dykrenare-ishte-nje-ogur-shume-i-mire-nese-e-shikoje-kur\/","url_meta":{"origin":9398,"position":1},"title":"\u2018Identitet\u2019:- Studiuesi Jaho Brahaj flet mbi origjin\u00ebn e shqiponj\u00ebs dykrenare: Ishte nj\u00eb ogur shum\u00eb i mir\u00eb, n\u00ebse e shikoje kur\u2026","author":"Kurt Farka","date":"February 13, 2021","format":false,"excerpt":"\u2018Identitet\u2019:- Studiuesi Jaho Brahaj flet mbi origjin\u00ebn e shqiponj\u00ebs dykrenare: Ishte nj\u00eb ogur shum\u00eb i mir\u00eb, n\u00ebse e shikoje kur\u2026 Tv Faxweb.al Studiuesi Jaho Brahaj i ftuar n\u00eb emisionin \u2018Identitet\u2019 foli mbi origjin\u00ebn e simbolit komb\u00ebtar, shqiponj\u00ebn dykrenare. Sipas Brahajt, shqiponj\u00ebn e kemi t\u00eb dokumentuar n\u00eb motive grafike q\u00eb jan\u00eb\u2026","rel":"","context":"In &quot;Histori&quot;","block_context":{"text":"Histori","link":"https:\/\/www.shqiperia.com\/blog\/category\/histori\/"},"img":{"alt_text":"","src":"https:\/\/i0.wp.com\/www.shqiperia.com\/blog\/wp-content\/uploads\/2021\/02\/150532477_124990199439001_8203395020014351776_n.jpg?fit=1200%2C630&ssl=1&resize=350%2C200","width":350,"height":200,"srcset":"https:\/\/i0.wp.com\/www.shqiperia.com\/blog\/wp-content\/uploads\/2021\/02\/150532477_124990199439001_8203395020014351776_n.jpg?fit=1200%2C630&ssl=1&resize=350%2C200 1x, https:\/\/i0.wp.com\/www.shqiperia.com\/blog\/wp-content\/uploads\/2021\/02\/150532477_124990199439001_8203395020014351776_n.jpg?fit=1200%2C630&ssl=1&resize=525%2C300 1.5x, https:\/\/i0.wp.com\/www.shqiperia.com\/blog\/wp-content\/uploads\/2021\/02\/150532477_124990199439001_8203395020014351776_n.jpg?fit=1200%2C630&ssl=1&resize=700%2C400 2x, https:\/\/i0.wp.com\/www.shqiperia.com\/blog\/wp-content\/uploads\/2021\/02\/150532477_124990199439001_8203395020014351776_n.jpg?fit=1200%2C630&ssl=1&resize=1050%2C600 3x"},"classes":[]},{"id":51742,"url":"https:\/\/www.shqiperia.com\/blog\/objekt-kulti-dhe-bekues-i-trashegimise-tone-mitike-shqiponja-dykrenare-dhe-dielli\/","url_meta":{"origin":9398,"position":2},"title":"Objekt kulti dhe bekues i trashegimise tone mitike: Shqiponja Dykrenare dhe Dielli.","author":"Kurt Farka","date":"November 26, 2021","format":false,"excerpt":"Objekt kulti dhe bekues i Trashegimise tone mitike. Shqiponja dykrenare dhe Dielli. Ne vazhdimesine mijravjecare te Etnise Tone jane praktikuar vula (blata) per te shenjteruar Buken, ushqimin. Ne fondet e artefakteve arkeologjike te paraardhesve tone ruhen disa vula rituale (bekimi) ne forme \u00a0cilindrike prej balte qe u perdoren qe ne\u2026","rel":"","context":"In &quot;Histori&quot;","block_context":{"text":"Histori","link":"https:\/\/www.shqiperia.com\/blog\/category\/histori\/"},"img":{"alt_text":"","src":"https:\/\/i0.wp.com\/www.shqiperia.com\/blog\/wp-content\/uploads\/2021\/11\/412106_302110033166539_486740715_o.jpg?fit=1200%2C873&ssl=1&resize=350%2C200","width":350,"height":200,"srcset":"https:\/\/i0.wp.com\/www.shqiperia.com\/blog\/wp-content\/uploads\/2021\/11\/412106_302110033166539_486740715_o.jpg?fit=1200%2C873&ssl=1&resize=350%2C200 1x, https:\/\/i0.wp.com\/www.shqiperia.com\/blog\/wp-content\/uploads\/2021\/11\/412106_302110033166539_486740715_o.jpg?fit=1200%2C873&ssl=1&resize=525%2C300 1.5x, https:\/\/i0.wp.com\/www.shqiperia.com\/blog\/wp-content\/uploads\/2021\/11\/412106_302110033166539_486740715_o.jpg?fit=1200%2C873&ssl=1&resize=700%2C400 2x, https:\/\/i0.wp.com\/www.shqiperia.com\/blog\/wp-content\/uploads\/2021\/11\/412106_302110033166539_486740715_o.jpg?fit=1200%2C873&ssl=1&resize=1050%2C600 3x"},"classes":[]},{"id":14122,"url":"https:\/\/www.shqiperia.com\/blog\/flamuri-i-kombit-shqiptar-origjina-lashtesia-botim-i-studiuesit-jaho-brahaj-sjell-per-here-te-pare-te-dokumentuar-origjinen-e-simbolit-te-flamurit-tone\/","url_meta":{"origin":9398,"position":3},"title":"\u201cFlamuri i Kombit Shqiptar; Origjina, Lasht\u00ebsia\u201d, botim i studiuesit JAHO BRAHAJ sjell p\u00ebr her\u00eb t\u00eb par\u00eb t\u00eb dokumentuar origjin\u00ebn e simbolit t\u00eb flamurit ton\u00eb","author":"Kurt Farka","date":"November 26, 2018","format":false,"excerpt":"\u201cFlamuri i Kombit Shqiptar; Origjina, Lasht\u00ebsia\u201d, botim i studiuesit JAHO BRAHAJ sjell p\u00ebr her\u00eb t\u00eb par\u00eb t\u00eb dokumentuar origjin\u00ebn e simbolit t\u00eb flamurit ton\u00eb, p\u00ebrmes nj\u00eb pune m\u00eb se 10-vje\u00e7are.\u00a0 Nga: Oliverta Lila \u201cFlamuri i Kombit Shqiptar; Origjina, lasht\u00ebsia\u201d \u00ebsht\u00eb botimi \u00a0dhe nj\u00eb kontribut p\u00ebr simbolin komb\u00ebtar . Studiuesi Jaho\u2026","rel":"","context":"In &quot;Histori&quot;","block_context":{"text":"Histori","link":"https:\/\/www.shqiperia.com\/blog\/category\/histori\/"},"img":{"alt_text":"","src":"https:\/\/i0.wp.com\/www.shqiperia.com\/blog\/wp-content\/uploads\/2018\/11\/Libri-Flamuri-i-Kombit-Shqiptar-Copy.jpg?fit=620%2C410&ssl=1&resize=350%2C200","width":350,"height":200,"srcset":"https:\/\/i0.wp.com\/www.shqiperia.com\/blog\/wp-content\/uploads\/2018\/11\/Libri-Flamuri-i-Kombit-Shqiptar-Copy.jpg?fit=620%2C410&ssl=1&resize=350%2C200 1x, https:\/\/i0.wp.com\/www.shqiperia.com\/blog\/wp-content\/uploads\/2018\/11\/Libri-Flamuri-i-Kombit-Shqiptar-Copy.jpg?fit=620%2C410&ssl=1&resize=525%2C300 1.5x"},"classes":[]},{"id":48462,"url":"https:\/\/www.shqiperia.com\/blog\/muzeu-i-brooklynit-ia-kthen-kosta-rikes-me-shume-se-nje-mije-artefakte\/","url_meta":{"origin":9398,"position":4},"title":"Muzeu i Brooklynit ia kthen Kosta-Rik\u00ebs m\u00eb shum\u00eb se nj\u00eb mij\u00eb artefakte","author":"Kurt Farka","date":"July 14, 2021","format":false,"excerpt":"Sylvie Dur\u00e1n, ministre e Kultur\u00ebs e Kosta-Rik\u00ebs, duke ekzaminuar nga af\u00ebr artefaktet e ardhura nga Muzeu i Brooklynit Muzeu Komb\u00ebtar i Kosta-Rik\u00ebs n\u00eb San Jos\u00e9 ka b\u00ebr\u00eb t\u00eb ditur se ka pranuar 1 mij\u00eb e 305 artefakte parakolumbiane nga Muzeu i Brooklynit n\u00eb New York dhe nj\u00eb riatdhesim kaq i\u2026","rel":"","context":"In &quot;Histori&quot;","block_context":{"text":"Histori","link":"https:\/\/www.shqiperia.com\/blog\/category\/histori\/"},"img":{"alt_text":"","src":"https:\/\/i0.wp.com\/www.shqiperia.com\/blog\/wp-content\/uploads\/2021\/07\/Muzeu-i-Brooklynit-ia-kthen-Kosta-Rikes-me-shume-se-nje-mije-artefakte-2.jpg?fit=583%2C363&ssl=1&resize=350%2C200","width":350,"height":200,"srcset":"https:\/\/i0.wp.com\/www.shqiperia.com\/blog\/wp-content\/uploads\/2021\/07\/Muzeu-i-Brooklynit-ia-kthen-Kosta-Rikes-me-shume-se-nje-mije-artefakte-2.jpg?fit=583%2C363&ssl=1&resize=350%2C200 1x, https:\/\/i0.wp.com\/www.shqiperia.com\/blog\/wp-content\/uploads\/2021\/07\/Muzeu-i-Brooklynit-ia-kthen-Kosta-Rikes-me-shume-se-nje-mije-artefakte-2.jpg?fit=583%2C363&ssl=1&resize=525%2C300 1.5x"},"classes":[]},{"id":75866,"url":"https:\/\/www.shqiperia.com\/blog\/shenime-per-studimin-monografik-flamuri-i-kombit-shqiptar-i-autorit-jaho-brahaj-shqiponja-dykrenore-ne-strukturat-e-trasheguara-shpirterore-e-materiale-te-popullit-tone\/","url_meta":{"origin":9398,"position":5},"title":"Shenime p\u00ebr Studimin monografik \u201cFlamuri i Kombit Shqiptar\u201d i autorit Jaho Brahaj &#8211; &#8220;Shqiponja dykrenore n\u00eb strukturat e trash\u00ebguara shpirt\u00ebrore e materiale t\u00eb popullit ton\u00eb&#8221;.","author":"Kurt Farka","date":"November 27, 2023","format":false,"excerpt":"Shenime p\u00ebr Studimin Monografik \u201cFlamuri i Kombit Shqiptar\u201d i autorit Jaho Brahaj - \"Shqiponja dykrenore n\u00eb strukturat e trash\u00ebguara shpirt\u00ebrore e materiale t\u00eb popullit ton\u00eb\". Nga Prof. Dr. Zymer Neziri, Instituti Albanologjik i Prishtin\u00ebs Gazeta NACIONAL, 25 N\u00ebntor 2023. Shqiponja, e njohur si simbol i liris\u00eb dhe i trim\u00ebris\u00eb, e\u2026","rel":"","context":"In &quot;Arte&quot;","block_context":{"text":"Arte","link":"https:\/\/www.shqiperia.com\/blog\/category\/arte\/"},"img":{"alt_text":"","src":"https:\/\/i0.wp.com\/www.shqiperia.com\/blog\/wp-content\/uploads\/2023\/11\/256821662_3167529933470288_2737651346858079319_n.jpg?fit=1200%2C685&ssl=1&resize=350%2C200","width":350,"height":200,"srcset":"https:\/\/i0.wp.com\/www.shqiperia.com\/blog\/wp-content\/uploads\/2023\/11\/256821662_3167529933470288_2737651346858079319_n.jpg?fit=1200%2C685&ssl=1&resize=350%2C200 1x, https:\/\/i0.wp.com\/www.shqiperia.com\/blog\/wp-content\/uploads\/2023\/11\/256821662_3167529933470288_2737651346858079319_n.jpg?fit=1200%2C685&ssl=1&resize=525%2C300 1.5x, https:\/\/i0.wp.com\/www.shqiperia.com\/blog\/wp-content\/uploads\/2023\/11\/256821662_3167529933470288_2737651346858079319_n.jpg?fit=1200%2C685&ssl=1&resize=700%2C400 2x, https:\/\/i0.wp.com\/www.shqiperia.com\/blog\/wp-content\/uploads\/2023\/11\/256821662_3167529933470288_2737651346858079319_n.jpg?fit=1200%2C685&ssl=1&resize=1050%2C600 3x"},"classes":[]}],"_links":{"self":[{"href":"https:\/\/www.shqiperia.com\/blog\/wp-json\/wp\/v2\/posts\/9398","targetHints":{"allow":["GET"]}}],"collection":[{"href":"https:\/\/www.shqiperia.com\/blog\/wp-json\/wp\/v2\/posts"}],"about":[{"href":"https:\/\/www.shqiperia.com\/blog\/wp-json\/wp\/v2\/types\/post"}],"author":[{"embeddable":true,"href":"https:\/\/www.shqiperia.com\/blog\/wp-json\/wp\/v2\/users\/9"}],"replies":[{"embeddable":true,"href":"https:\/\/www.shqiperia.com\/blog\/wp-json\/wp\/v2\/comments?post=9398"}],"version-history":[{"count":1,"href":"https:\/\/www.shqiperia.com\/blog\/wp-json\/wp\/v2\/posts\/9398\/revisions"}],"predecessor-version":[{"id":9402,"href":"https:\/\/www.shqiperia.com\/blog\/wp-json\/wp\/v2\/posts\/9398\/revisions\/9402"}],"wp:featuredmedia":[{"embeddable":true,"href":"https:\/\/www.shqiperia.com\/blog\/wp-json\/wp\/v2\/media\/9399"}],"wp:attachment":[{"href":"https:\/\/www.shqiperia.com\/blog\/wp-json\/wp\/v2\/media?parent=9398"}],"wp:term":[{"taxonomy":"category","embeddable":true,"href":"https:\/\/www.shqiperia.com\/blog\/wp-json\/wp\/v2\/categories?post=9398"},{"taxonomy":"post_tag","embeddable":true,"href":"https:\/\/www.shqiperia.com\/blog\/wp-json\/wp\/v2\/tags?post=9398"}],"curies":[{"name":"wp","href":"https:\/\/api.w.org\/{rel}","templated":true}]}}