{"id":9389,"date":"2018-07-04T10:12:15","date_gmt":"2018-07-04T10:12:15","guid":{"rendered":"http:\/\/www.shqiperia.com\/blog\/?p=9389"},"modified":"2018-07-04T10:12:15","modified_gmt":"2018-07-04T10:12:15","slug":"ura-e-prokopit-himare","status":"publish","type":"post","link":"https:\/\/www.shqiperia.com\/blog\/ura-e-prokopit-himare\/","title":{"rendered":"\u201cUra e Prokopit &#8211; Himare. &#8211;"},"content":{"rendered":"<p><img data-recalc-dims=\"1\" loading=\"lazy\" decoding=\"async\" data-attachment-id=\"9391\" data-permalink=\"https:\/\/www.shqiperia.com\/blog\/ura-e-prokopit-himare\/ura-e-prokopit-himare\/\" data-orig-file=\"https:\/\/i0.wp.com\/www.shqiperia.com\/blog\/wp-content\/uploads\/2018\/07\/%E2%80%9CUra-e-Prokopit-Himare.jpg?fit=960%2C640&amp;ssl=1\" data-orig-size=\"960,640\" data-comments-opened=\"1\" data-image-meta=\"{&quot;aperture&quot;:&quot;0&quot;,&quot;credit&quot;:&quot;&quot;,&quot;camera&quot;:&quot;&quot;,&quot;caption&quot;:&quot;&quot;,&quot;created_timestamp&quot;:&quot;0&quot;,&quot;copyright&quot;:&quot;&quot;,&quot;focal_length&quot;:&quot;0&quot;,&quot;iso&quot;:&quot;0&quot;,&quot;shutter_speed&quot;:&quot;0&quot;,&quot;title&quot;:&quot;&quot;,&quot;orientation&quot;:&quot;0&quot;}\" data-image-title=\"\u201cUra e Prokopit Himare\" data-image-description=\"\" data-image-caption=\"\" data-medium-file=\"https:\/\/i0.wp.com\/www.shqiperia.com\/blog\/wp-content\/uploads\/2018\/07\/%E2%80%9CUra-e-Prokopit-Himare.jpg?fit=300%2C200&amp;ssl=1\" data-large-file=\"https:\/\/i0.wp.com\/www.shqiperia.com\/blog\/wp-content\/uploads\/2018\/07\/%E2%80%9CUra-e-Prokopit-Himare.jpg?fit=960%2C640&amp;ssl=1\" class=\"alignnone size-medium wp-image-9391\" alt=\"\" src=\"https:\/\/i0.wp.com\/www.shqiperia.com\/blog\/wp-content\/uploads\/2018\/07\/%E2%80%9CUra-e-Prokopit-Himare-300x200.jpg?resize=300%2C200\" width=\"300\" height=\"200\" srcset=\"https:\/\/i0.wp.com\/www.shqiperia.com\/blog\/wp-content\/uploads\/2018\/07\/%E2%80%9CUra-e-Prokopit-Himare.jpg?resize=300%2C200&amp;ssl=1 300w, https:\/\/i0.wp.com\/www.shqiperia.com\/blog\/wp-content\/uploads\/2018\/07\/%E2%80%9CUra-e-Prokopit-Himare.jpg?resize=768%2C512&amp;ssl=1 768w, https:\/\/i0.wp.com\/www.shqiperia.com\/blog\/wp-content\/uploads\/2018\/07\/%E2%80%9CUra-e-Prokopit-Himare.jpg?w=960&amp;ssl=1 960w\" sizes=\"auto, (max-width: 300px) 100vw, 300px\" \/><\/p>\n<p><span>\u201cUra e Prokopit &#8211; Himare. &#8211;<br \/>\n<\/span><\/p>\n<p><span>\u00a0\u201cUr\u00ebn e Prokopit\u201d, n\u00eb Bashkin\u00eb Himar\u00eb. Propozimi p\u00ebr shpalljen e k\u00ebsaj ure monument kulture u krye nga DRKK Vlor\u00eb dhe IMK, p\u00ebr vlerat arkitektonike q\u00eb ajo mbart dhe duke e konsideruar at\u0451 pjes\u0451 t\u0451 natyrshme t\u0451 historis\u0451 dhe dinamik\u0451s s\u0451 zhvillimit urbanistiko-arkitektonik t\u0451 Qendr\u0451s Historike t\u0451 Himar\u0451s.<\/span><\/p>\n<p><img data-recalc-dims=\"1\" loading=\"lazy\" decoding=\"async\" data-attachment-id=\"9391\" data-permalink=\"https:\/\/www.shqiperia.com\/blog\/ura-e-prokopit-himare\/ura-e-prokopit-himare\/\" data-orig-file=\"https:\/\/i0.wp.com\/www.shqiperia.com\/blog\/wp-content\/uploads\/2018\/07\/%E2%80%9CUra-e-Prokopit-Himare.jpg?fit=960%2C640&amp;ssl=1\" data-orig-size=\"960,640\" data-comments-opened=\"1\" data-image-meta=\"{&quot;aperture&quot;:&quot;0&quot;,&quot;credit&quot;:&quot;&quot;,&quot;camera&quot;:&quot;&quot;,&quot;caption&quot;:&quot;&quot;,&quot;created_timestamp&quot;:&quot;0&quot;,&quot;copyright&quot;:&quot;&quot;,&quot;focal_length&quot;:&quot;0&quot;,&quot;iso&quot;:&quot;0&quot;,&quot;shutter_speed&quot;:&quot;0&quot;,&quot;title&quot;:&quot;&quot;,&quot;orientation&quot;:&quot;0&quot;}\" data-image-title=\"\u201cUra e Prokopit Himare\" data-image-description=\"\" data-image-caption=\"\" data-medium-file=\"https:\/\/i0.wp.com\/www.shqiperia.com\/blog\/wp-content\/uploads\/2018\/07\/%E2%80%9CUra-e-Prokopit-Himare.jpg?fit=300%2C200&amp;ssl=1\" data-large-file=\"https:\/\/i0.wp.com\/www.shqiperia.com\/blog\/wp-content\/uploads\/2018\/07\/%E2%80%9CUra-e-Prokopit-Himare.jpg?fit=960%2C640&amp;ssl=1\" class=\"alignnone  wp-image-9391\" alt=\"\" src=\"https:\/\/i0.wp.com\/www.shqiperia.com\/blog\/wp-content\/uploads\/2018\/07\/%E2%80%9CUra-e-Prokopit-Himare-300x200.jpg?resize=578%2C385\" width=\"578\" height=\"385\" srcset=\"https:\/\/i0.wp.com\/www.shqiperia.com\/blog\/wp-content\/uploads\/2018\/07\/%E2%80%9CUra-e-Prokopit-Himare.jpg?resize=300%2C200&amp;ssl=1 300w, https:\/\/i0.wp.com\/www.shqiperia.com\/blog\/wp-content\/uploads\/2018\/07\/%E2%80%9CUra-e-Prokopit-Himare.jpg?resize=768%2C512&amp;ssl=1 768w, https:\/\/i0.wp.com\/www.shqiperia.com\/blog\/wp-content\/uploads\/2018\/07\/%E2%80%9CUra-e-Prokopit-Himare.jpg?w=960&amp;ssl=1 960w\" sizes=\"auto, (max-width: 578px) 100vw, 578px\" \/><\/p>\n","protected":false},"excerpt":{"rendered":"<p>\u201cUra e Prokopit &#8211; Himare. &#8211; \u00a0\u201cUr\u00ebn e Prokopit\u201d, n\u00eb Bashkin\u00eb Himar\u00eb. Propozimi p\u00ebr shpalljen e k\u00ebsaj ure monument kulture u krye nga DRKK Vlor\u00eb dhe IMK, p\u00ebr vlerat arkitektonike q\u00eb ajo mbart dhe duke e konsideruar at\u0451 pjes\u0451 t\u0451 natyrshme t\u0451 historis\u0451 dhe dinamik\u0451s s\u0451 zhvillimit urbanistiko-arkitektonik t\u0451 Qendr\u0451s Historike t\u0451 Himar\u0451s.<\/p>\n","protected":false},"author":9,"featured_media":9391,"comment_status":"open","ping_status":"open","sticky":false,"template":"","format":"standard","meta":{"jetpack_post_was_ever_published":false,"_jetpack_newsletter_access":"","_jetpack_dont_email_post_to_subs":false,"_jetpack_newsletter_tier_id":0,"_jetpack_memberships_contains_paywalled_content":false,"_jetpack_memberships_contains_paid_content":false,"footnotes":"","jetpack_publicize_message":"","jetpack_publicize_feature_enabled":true,"jetpack_social_post_already_shared":true,"jetpack_social_options":{"image_generator_settings":{"template":"highway","default_image_id":0,"font":"","enabled":false},"version":2}},"categories":[27,86],"tags":[],"class_list":["post-9389","post","type-post","status-publish","format-standard","has-post-thumbnail","hentry","category-blogu-i-udhetarit","category-trashegimi-kulturore"],"jetpack_publicize_connections":[],"jetpack_featured_media_url":"https:\/\/i0.wp.com\/www.shqiperia.com\/blog\/wp-content\/uploads\/2018\/07\/%E2%80%9CUra-e-Prokopit-Himare.jpg?fit=960%2C640&ssl=1","jetpack_sharing_enabled":true,"jetpack_shortlink":"https:\/\/wp.me\/p5Z6wp-2rr","jetpack-related-posts":[{"id":740,"url":"https:\/\/www.shqiperia.com\/blog\/ballkani-nga-legjendat-te-paragjykimet-e-sotme\/","url_meta":{"origin":9389,"position":0},"title":"Ballkani: Nga legjendat te paragjykimet e sotme","author":"Kurt Farka","date":"January 8, 2018","format":false,"excerpt":"Nj\u00eb udh\u00ebtim me Ballkanin q\u00eb nga legjenda deri \u00a0te paragjykimet e sotme mbi ne, vendin dhe rajonin ku jetojm\u00eb Nga: Ledia Dushi Po e nis nga legjenda, ajo flet p\u0451r koh\u0451n kur per\u0451ndit\u0451 dhe njer\u0451zit komunikonin. At\u0451here Agenori mbreti i fenikasve d\u0451rgoi djalin e tij Kadmin t\u0451 gjente t\u0451 motr\u0451n,\u2026","rel":"","context":"In &quot;Blogu i Udh\u00ebtarit&quot;","block_context":{"text":"Blogu i Udh\u00ebtarit","link":"https:\/\/www.shqiperia.com\/blog\/category\/blogu-i-udhetarit\/"},"img":{"alt_text":"","src":"https:\/\/i0.wp.com\/www.shqiperia.com\/blog\/wp-content\/uploads\/2018\/01\/Ledia-Dushku.jpg?resize=350%2C200","width":350,"height":200},"classes":[]},{"id":63407,"url":"https:\/\/www.shqiperia.com\/blog\/studimi-i-fundit-n%d1%91-hemisfer%d1%91n-veriore-parashikohen-thatesira-ekstreme-cdo-20-vjet\/","url_meta":{"origin":9389,"position":1},"title":"Studimi i fundit: &#8211; N\u0451 Hemisfer\u0451n Veriore parashikohen that\u00ebsira ekstreme \u00e7do 20 vjet","author":"Kurt Farka","date":"October 19, 2022","format":false,"excerpt":"19 Tetor 2022 Sipas k\u0451rkimeve t\u0451 nj\u0451 grupi nd\u0451rkomb\u0451tar shkenc\u00ebtar\u0451sh\u201a Hemisfera Veriore duhet t\u0451 b\u0451het gati p\u0451r that\u0451sira ekstreme \u00e7do 20 vjet. That\u0451sira t\u0451 ngjashme kan\u00eb ndodhur k\u0451t\u0451 vit n\u0451 Evrop\u0451\u201a Amerik\u0451n Veriore dhe Kin\u0451. Nj\u0451 grup shkenc\u00ebtar\u0451sh klimatik\u00eb nga SHBA, BM, Franca\u201a India dhe Holanda t\u0451 shoqat\u00ebs \u201dWorld Weather\u2026","rel":"","context":"In &quot;Blogu i Udh\u00ebtarit&quot;","block_context":{"text":"Blogu i Udh\u00ebtarit","link":"https:\/\/www.shqiperia.com\/blog\/category\/blogu-i-udhetarit\/"},"img":{"alt_text":"","src":"https:\/\/i0.wp.com\/www.shqiperia.com\/blog\/wp-content\/uploads\/2022\/10\/Climate-change.jpg?fit=540%2C320&ssl=1&resize=350%2C200","width":350,"height":200,"srcset":"https:\/\/i0.wp.com\/www.shqiperia.com\/blog\/wp-content\/uploads\/2022\/10\/Climate-change.jpg?fit=540%2C320&ssl=1&resize=350%2C200 1x, https:\/\/i0.wp.com\/www.shqiperia.com\/blog\/wp-content\/uploads\/2022\/10\/Climate-change.jpg?fit=540%2C320&ssl=1&resize=525%2C300 1.5x"},"classes":[]},{"id":46654,"url":"https:\/\/www.shqiperia.com\/blog\/frika-eshte-mjeti-media-zvicerane-shkruan-per-edi-ramen-po-lufton-per-te-ruajtur-pushtetin-sjellje-autoritariste-agresive-dhe\/","url_meta":{"origin":9389,"position":2},"title":"\u201cFrika \u00ebsht\u00eb mjeti\u201d\/ Media zvicerane shkruan p\u00ebr Edi Ram\u00ebn: Po lufton p\u00ebr t\u00eb ruajtur pushtetin! Sjellje autoritariste, agresive dhe\u2026","author":"Kurt Farka","date":"April 19, 2021","format":false,"excerpt":"\u201cFrika \u00ebsht\u00eb mjeti\u201d\/ Media zvicerane shkruan p\u00ebr Edi Ram\u00ebn: Po lufton p\u00ebr t\u00eb ruajtur pushtetin! Sjellje autoritariste, agresive dhe\u2026 18 prill 2021 Gazeta zvicerane \u201cNeue Z\u00fcrcher Zeitung\u201d disa dit\u00eb para zgjedhjeve i kushtoi nj\u00eb artikull kryeministrit Edi Rama, p\u00ebr m\u00ebnyr\u00ebn se si shihej si nj\u00eb fener shprese dhe tani ai\u2026","rel":"","context":"In &quot;Blogu i Udh\u00ebtarit&quot;","block_context":{"text":"Blogu i Udh\u00ebtarit","link":"https:\/\/www.shqiperia.com\/blog\/category\/blogu-i-udhetarit\/"},"img":{"alt_text":"","src":"https:\/\/i0.wp.com\/www.shqiperia.com\/blog\/wp-content\/uploads\/2021\/04\/edi-rama.jpeg?fit=1200%2C585&ssl=1&resize=350%2C200","width":350,"height":200,"srcset":"https:\/\/i0.wp.com\/www.shqiperia.com\/blog\/wp-content\/uploads\/2021\/04\/edi-rama.jpeg?fit=1200%2C585&ssl=1&resize=350%2C200 1x, https:\/\/i0.wp.com\/www.shqiperia.com\/blog\/wp-content\/uploads\/2021\/04\/edi-rama.jpeg?fit=1200%2C585&ssl=1&resize=525%2C300 1.5x, https:\/\/i0.wp.com\/www.shqiperia.com\/blog\/wp-content\/uploads\/2021\/04\/edi-rama.jpeg?fit=1200%2C585&ssl=1&resize=700%2C400 2x, https:\/\/i0.wp.com\/www.shqiperia.com\/blog\/wp-content\/uploads\/2021\/04\/edi-rama.jpeg?fit=1200%2C585&ssl=1&resize=1050%2C600 3x"},"classes":[]},{"id":92917,"url":"https:\/\/www.shqiperia.com\/blog\/zbulime-te-rendesishme-etruske-ne-itali\/","url_meta":{"origin":9389,"position":3},"title":"Zbulime t\u00eb r\u00ebnd\u00ebsishme etruske n\u00eb Itali","author":"shqiperia","date":"August 12, 2025","format":false,"excerpt":"P\u00ebr m\u00eb shum\u00eb se 20 vjet arkeolog\u00ebt kan\u00eb zhvilluar g\u00ebrmime n\u00eb vendin e shenjt\u00eb legjendar t\u00eb etrusk\u00ebve n\u00eb Orvieto t\u00eb Italis\u00eb. Tani me sa duket ata kan\u00eb gjetur objekte t\u00eb r\u00ebnd\u00ebsishme fetare. G\u00ebrmimet arkeologjike n\u00eb vendin e shenjt\u00eb qendror etrusk n\u00eb Itali, Fanum Voltumnae, kan\u00eb nxjerr\u00eb me sa duket n\u00eb\u2026","rel":"","context":"In &quot;Blogu i Udh\u00ebtarit&quot;","block_context":{"text":"Blogu i Udh\u00ebtarit","link":"https:\/\/www.shqiperia.com\/blog\/category\/blogu-i-udhetarit\/"},"img":{"alt_text":"","src":"https:\/\/i0.wp.com\/www.shqiperia.com\/blog\/wp-content\/uploads\/2025\/08\/etrusket.jpg?fit=1110%2C624&ssl=1&resize=350%2C200","width":350,"height":200,"srcset":"https:\/\/i0.wp.com\/www.shqiperia.com\/blog\/wp-content\/uploads\/2025\/08\/etrusket.jpg?fit=1110%2C624&ssl=1&resize=350%2C200 1x, https:\/\/i0.wp.com\/www.shqiperia.com\/blog\/wp-content\/uploads\/2025\/08\/etrusket.jpg?fit=1110%2C624&ssl=1&resize=525%2C300 1.5x, https:\/\/i0.wp.com\/www.shqiperia.com\/blog\/wp-content\/uploads\/2025\/08\/etrusket.jpg?fit=1110%2C624&ssl=1&resize=700%2C400 2x, https:\/\/i0.wp.com\/www.shqiperia.com\/blog\/wp-content\/uploads\/2025\/08\/etrusket.jpg?fit=1110%2C624&ssl=1&resize=1050%2C600 3x"},"classes":[]},{"id":26407,"url":"https:\/\/www.shqiperia.com\/blog\/papa-emeron-imzot-rrok-gjonlleshaj-administrator-apostolik-t%d1%91-kotorit\/","url_meta":{"origin":9389,"position":4},"title":"Papa em\u00ebron Imzot Rrok Gjonlleshaj Administrator Apostolik t\u0451 Kotorit","author":"Kurt Farka","date":"September 29, 2019","format":false,"excerpt":"Papa em\u00ebron Imzot Rrok Gjonlleshaj Administrator Apostolik t\u0451 Kotorit Ati i Shenjt\u00eb em\u00ebroi Administrator Apostolik sede vacante ( n\u0451 selin\u0451 vakante) t\u00eb dioqez\u00ebs s\u0451 Kotorit shk\u00eblqesin\u00eb e tij Imzot Rrok Gjonleshaj, kryeipeshk\u0451v i Tivari (Mal t\u0451 Zi) Nga: R.SH. \u2013 Vatikan 28 shtator 2019, Ati i Shenjt\u00eb pranoi dor\u00ebheqjen e\u2026","rel":"","context":"In &quot;Njoftime Shtypi&quot;","block_context":{"text":"Njoftime Shtypi","link":"https:\/\/www.shqiperia.com\/blog\/category\/njoftime-shtypi\/"},"img":{"alt_text":"","src":"https:\/\/i0.wp.com\/www.shqiperia.com\/blog\/wp-content\/uploads\/2019\/09\/cq5dam.thumbnail.cropped.750.422.jpeg?fit=750%2C421&ssl=1&resize=350%2C200","width":350,"height":200,"srcset":"https:\/\/i0.wp.com\/www.shqiperia.com\/blog\/wp-content\/uploads\/2019\/09\/cq5dam.thumbnail.cropped.750.422.jpeg?fit=750%2C421&ssl=1&resize=350%2C200 1x, https:\/\/i0.wp.com\/www.shqiperia.com\/blog\/wp-content\/uploads\/2019\/09\/cq5dam.thumbnail.cropped.750.422.jpeg?fit=750%2C421&ssl=1&resize=525%2C300 1.5x, https:\/\/i0.wp.com\/www.shqiperia.com\/blog\/wp-content\/uploads\/2019\/09\/cq5dam.thumbnail.cropped.750.422.jpeg?fit=750%2C421&ssl=1&resize=700%2C400 2x"},"classes":[]},{"id":72902,"url":"https:\/\/www.shqiperia.com\/blog\/nd%d1%91rron-jet%d1%91-mjeshteri-i-kabase-myzeqare-fatmir-toshkollari\/","url_meta":{"origin":9389,"position":5},"title":"Nd\u0451rron jet\u0451 mjesht\u00ebri i  Kabas\u00eb Myzeqare FATMIR TOSHKOLLARI.","author":"Kurt Farka","date":"July 24, 2023","format":false,"excerpt":"24 Korrik 2023 Nd\u0451rron jet\u0451 FATMIR TOSHKOLLARI, klarinetisti i Ansamblit Folklorik \u201cVa\u00e7e Zela\u201d, Fier-Shegan, Lushnj\u0451. Veprimtaria e tij \u0451sht\u0451 vler\u0451suar gjat\u0451 gjith\u0451 karrier\u0451s se tij mbi 30-t\u00eb vje\u00e7are n\u00eb formacionin e orkestrin\u00ebs popullore t\u00eb k\u0451tij ansambli, por edhe n\u0451 p\u0451rfaq\u0451simet n\u0451 festivale komb\u0451tare me ansamblin e Qarkut t\u0451 Fierit, si\u00e7\u2026","rel":"","context":"In &quot;Blogu i Udh\u00ebtarit&quot;","block_context":{"text":"Blogu i Udh\u00ebtarit","link":"https:\/\/www.shqiperia.com\/blog\/category\/blogu-i-udhetarit\/"},"img":{"alt_text":"","src":"https:\/\/i0.wp.com\/www.shqiperia.com\/blog\/wp-content\/uploads\/2023\/07\/361212858_3511112015826693_2828057915400004010_n-1.jpg?fit=1200%2C804&ssl=1&resize=350%2C200","width":350,"height":200,"srcset":"https:\/\/i0.wp.com\/www.shqiperia.com\/blog\/wp-content\/uploads\/2023\/07\/361212858_3511112015826693_2828057915400004010_n-1.jpg?fit=1200%2C804&ssl=1&resize=350%2C200 1x, https:\/\/i0.wp.com\/www.shqiperia.com\/blog\/wp-content\/uploads\/2023\/07\/361212858_3511112015826693_2828057915400004010_n-1.jpg?fit=1200%2C804&ssl=1&resize=525%2C300 1.5x, https:\/\/i0.wp.com\/www.shqiperia.com\/blog\/wp-content\/uploads\/2023\/07\/361212858_3511112015826693_2828057915400004010_n-1.jpg?fit=1200%2C804&ssl=1&resize=700%2C400 2x, https:\/\/i0.wp.com\/www.shqiperia.com\/blog\/wp-content\/uploads\/2023\/07\/361212858_3511112015826693_2828057915400004010_n-1.jpg?fit=1200%2C804&ssl=1&resize=1050%2C600 3x"},"classes":[]}],"_links":{"self":[{"href":"https:\/\/www.shqiperia.com\/blog\/wp-json\/wp\/v2\/posts\/9389","targetHints":{"allow":["GET"]}}],"collection":[{"href":"https:\/\/www.shqiperia.com\/blog\/wp-json\/wp\/v2\/posts"}],"about":[{"href":"https:\/\/www.shqiperia.com\/blog\/wp-json\/wp\/v2\/types\/post"}],"author":[{"embeddable":true,"href":"https:\/\/www.shqiperia.com\/blog\/wp-json\/wp\/v2\/users\/9"}],"replies":[{"embeddable":true,"href":"https:\/\/www.shqiperia.com\/blog\/wp-json\/wp\/v2\/comments?post=9389"}],"version-history":[{"count":1,"href":"https:\/\/www.shqiperia.com\/blog\/wp-json\/wp\/v2\/posts\/9389\/revisions"}],"predecessor-version":[{"id":9392,"href":"https:\/\/www.shqiperia.com\/blog\/wp-json\/wp\/v2\/posts\/9389\/revisions\/9392"}],"wp:featuredmedia":[{"embeddable":true,"href":"https:\/\/www.shqiperia.com\/blog\/wp-json\/wp\/v2\/media\/9391"}],"wp:attachment":[{"href":"https:\/\/www.shqiperia.com\/blog\/wp-json\/wp\/v2\/media?parent=9389"}],"wp:term":[{"taxonomy":"category","embeddable":true,"href":"https:\/\/www.shqiperia.com\/blog\/wp-json\/wp\/v2\/categories?post=9389"},{"taxonomy":"post_tag","embeddable":true,"href":"https:\/\/www.shqiperia.com\/blog\/wp-json\/wp\/v2\/tags?post=9389"}],"curies":[{"name":"wp","href":"https:\/\/api.w.org\/{rel}","templated":true}]}}