{"id":9385,"date":"2018-07-03T18:45:20","date_gmt":"2018-07-03T18:45:20","guid":{"rendered":"http:\/\/www.shqiperia.com\/blog\/?p=9385"},"modified":"2018-07-03T18:45:20","modified_gmt":"2018-07-03T18:45:20","slug":"zbulohet-statuja-qe-mendohet-te-jete-e-nje-personazhi-biblik","status":"publish","type":"post","link":"https:\/\/www.shqiperia.com\/blog\/zbulohet-statuja-qe-mendohet-te-jete-e-nje-personazhi-biblik\/","title":{"rendered":"Zbulohet statuja q\u00eb mendohet t\u00eb jet\u00eb e nj\u00eb personazhi biblik. &#8211;"},"content":{"rendered":"<p><img data-recalc-dims=\"1\" loading=\"lazy\" decoding=\"async\" data-attachment-id=\"9386\" data-permalink=\"https:\/\/www.shqiperia.com\/blog\/zbulohet-statuja-qe-mendohet-te-jete-e-nje-personazhi-biblik\/statuja-biblike\/\" data-orig-file=\"https:\/\/i0.wp.com\/www.shqiperia.com\/blog\/wp-content\/uploads\/2018\/07\/Statuja-Biblike.jpg?fit=517%2C365&amp;ssl=1\" data-orig-size=\"517,365\" data-comments-opened=\"1\" data-image-meta=\"{&quot;aperture&quot;:&quot;0&quot;,&quot;credit&quot;:&quot;&quot;,&quot;camera&quot;:&quot;&quot;,&quot;caption&quot;:&quot;&quot;,&quot;created_timestamp&quot;:&quot;0&quot;,&quot;copyright&quot;:&quot;&quot;,&quot;focal_length&quot;:&quot;0&quot;,&quot;iso&quot;:&quot;0&quot;,&quot;shutter_speed&quot;:&quot;0&quot;,&quot;title&quot;:&quot;&quot;,&quot;orientation&quot;:&quot;0&quot;}\" data-image-title=\"Statuja Biblike\" data-image-description=\"\" data-image-caption=\"\" data-medium-file=\"https:\/\/i0.wp.com\/www.shqiperia.com\/blog\/wp-content\/uploads\/2018\/07\/Statuja-Biblike.jpg?fit=300%2C212&amp;ssl=1\" data-large-file=\"https:\/\/i0.wp.com\/www.shqiperia.com\/blog\/wp-content\/uploads\/2018\/07\/Statuja-Biblike.jpg?fit=517%2C365&amp;ssl=1\" class=\"alignnone size-medium wp-image-9386\" alt=\"\" src=\"https:\/\/i0.wp.com\/www.shqiperia.com\/blog\/wp-content\/uploads\/2018\/07\/Statuja-Biblike-300x212.jpg?resize=300%2C212\" width=\"300\" height=\"212\" srcset=\"https:\/\/i0.wp.com\/www.shqiperia.com\/blog\/wp-content\/uploads\/2018\/07\/Statuja-Biblike.jpg?resize=300%2C212&amp;ssl=1 300w, https:\/\/i0.wp.com\/www.shqiperia.com\/blog\/wp-content\/uploads\/2018\/07\/Statuja-Biblike.jpg?w=517&amp;ssl=1 517w\" sizes=\"auto, (max-width: 300px) 100vw, 300px\" \/><\/p>\n<p><strong>Zbulohet statuja q\u00eb mendohet t\u00eb jet\u00eb e nj\u00eb personazhi biblik. &#8211;<br \/>\n<\/strong><\/p>\n<p>Inxhinieri, Mario Tobia zbuloi kok\u00ebn prej guri gjat\u00eb g\u00ebrmimeve t\u00eb realizuara n\u00eb nj\u00eb qytet antik hebre t\u00eb quajtur Abel Beth Maacah. Statuja tregon fytyr\u00ebn e nj\u00eb njeriu me mjek\u00ebr dhe me l\u00ebkur\u00eb t\u00eb zeshk\u00ebt dhe duhet t\u00eb ket\u00eb qen\u00eb 25 cm n\u00eb p\u00ebrmas\u00eb.<\/p>\n<p>Pjesa u gjet mes rr\u00ebnojave t\u00eb nj\u00eb nd\u00ebrtese administrative, \u00e7\u2019ka t\u00eb b\u00ebn t\u00eb mendosh se duhet t\u00eb b\u00ebhet fjal\u00eb p\u00ebr nj\u00eb portret guri t\u00eb ndonj\u00eb personazhi t\u00eb njohur; ndoshta nj\u00eb mbreti, por cilit. Analizat tregojn\u00eb se mund t\u00eb jet\u00eb prodhuar mes viteve 900 dhe 800 para krishtit. Sipas k\u00ebrkuesve n\u00eb at\u00eb periudh\u00eb, Abel Beth Maacah gjendej shum\u00eb af\u00ebr kufirit t\u00eb tri mbret\u00ebrive q\u00eb kontrollonin qytetin n\u00eb momente t\u00eb ndryshme.<\/p>\n<p><img data-recalc-dims=\"1\" loading=\"lazy\" decoding=\"async\" data-attachment-id=\"9387\" data-permalink=\"https:\/\/www.shqiperia.com\/blog\/zbulohet-statuja-qe-mendohet-te-jete-e-nje-personazhi-biblik\/statuja-biblike-2\/\" data-orig-file=\"https:\/\/i0.wp.com\/www.shqiperia.com\/blog\/wp-content\/uploads\/2018\/07\/Statuja-Biblike-1.jpg?fit=517%2C365&amp;ssl=1\" data-orig-size=\"517,365\" data-comments-opened=\"1\" data-image-meta=\"{&quot;aperture&quot;:&quot;0&quot;,&quot;credit&quot;:&quot;&quot;,&quot;camera&quot;:&quot;&quot;,&quot;caption&quot;:&quot;&quot;,&quot;created_timestamp&quot;:&quot;0&quot;,&quot;copyright&quot;:&quot;&quot;,&quot;focal_length&quot;:&quot;0&quot;,&quot;iso&quot;:&quot;0&quot;,&quot;shutter_speed&quot;:&quot;0&quot;,&quot;title&quot;:&quot;&quot;,&quot;orientation&quot;:&quot;0&quot;}\" data-image-title=\"Statuja Biblike\" data-image-description=\"\" data-image-caption=\"\" data-medium-file=\"https:\/\/i0.wp.com\/www.shqiperia.com\/blog\/wp-content\/uploads\/2018\/07\/Statuja-Biblike-1.jpg?fit=300%2C212&amp;ssl=1\" data-large-file=\"https:\/\/i0.wp.com\/www.shqiperia.com\/blog\/wp-content\/uploads\/2018\/07\/Statuja-Biblike-1.jpg?fit=517%2C365&amp;ssl=1\" class=\"alignnone  wp-image-9387\" alt=\"\" src=\"https:\/\/i0.wp.com\/www.shqiperia.com\/blog\/wp-content\/uploads\/2018\/07\/Statuja-Biblike-1-300x212.jpg?resize=599%2C423\" width=\"599\" height=\"423\" srcset=\"https:\/\/i0.wp.com\/www.shqiperia.com\/blog\/wp-content\/uploads\/2018\/07\/Statuja-Biblike-1.jpg?resize=300%2C212&amp;ssl=1 300w, https:\/\/i0.wp.com\/www.shqiperia.com\/blog\/wp-content\/uploads\/2018\/07\/Statuja-Biblike-1.jpg?w=517&amp;ssl=1 517w\" sizes=\"auto, (max-width: 599px) 100vw, 599px\" \/><\/p>\n","protected":false},"excerpt":{"rendered":"<p>Zbulohet statuja q\u00eb mendohet t\u00eb jet\u00eb e nj\u00eb personazhi biblik. &#8211; Inxhinieri, Mario Tobia zbuloi kok\u00ebn prej guri gjat\u00eb g\u00ebrmimeve t\u00eb realizuara n\u00eb nj\u00eb qytet antik hebre t\u00eb quajtur Abel Beth Maacah. Statuja tregon fytyr\u00ebn e nj\u00eb njeriu me mjek\u00ebr dhe me l\u00ebkur\u00eb t\u00eb zeshk\u00ebt dhe duhet t\u00eb ket\u00eb qen\u00eb 25 cm n\u00eb p\u00ebrmas\u00eb. Pjesa [&hellip;]<\/p>\n","protected":false},"author":9,"featured_media":9386,"comment_status":"open","ping_status":"open","sticky":false,"template":"","format":"standard","meta":{"jetpack_post_was_ever_published":false,"_jetpack_newsletter_access":"","_jetpack_dont_email_post_to_subs":false,"_jetpack_newsletter_tier_id":0,"_jetpack_memberships_contains_paywalled_content":false,"_jetpack_memberships_contains_paid_content":false,"footnotes":"","jetpack_publicize_message":"","jetpack_publicize_feature_enabled":true,"jetpack_social_post_already_shared":true,"jetpack_social_options":{"image_generator_settings":{"template":"highway","default_image_id":0,"font":"","enabled":false},"version":2}},"categories":[87,27,85],"tags":[],"class_list":["post-9385","post","type-post","status-publish","format-standard","has-post-thumbnail","hentry","category-arte","category-blogu-i-udhetarit","category-histori"],"jetpack_publicize_connections":[],"jetpack_featured_media_url":"https:\/\/i0.wp.com\/www.shqiperia.com\/blog\/wp-content\/uploads\/2018\/07\/Statuja-Biblike.jpg?fit=517%2C365&ssl=1","jetpack_sharing_enabled":true,"jetpack_shortlink":"https:\/\/wp.me\/p5Z6wp-2rn","jetpack-related-posts":[{"id":11950,"url":"https:\/\/www.shqiperia.com\/blog\/egjipt-zbulohet-statuja-me-koken-e-nje-njeriu-dhe-trupin-e-nje-luani\/","url_meta":{"origin":9385,"position":0},"title":"Egjipt, zbulohet statuja me kok\u00ebn e nj\u00eb njeriu dhe trupin e nj\u00eb luani. &#8211;","author":"Kurt Farka","date":"September 24, 2018","format":false,"excerpt":"Egjipt, zbulohet statuja me kok\u00ebn e nj\u00eb njeriu dhe trupin e nj\u00eb luani. - Arkeolog\u00ebt egjiptian\u00eb kan\u00eb zbuluar nj\u00eb statuj\u00eb me kok\u00ebn e nj\u00eb njeriu dhe me trupin e nj\u00eb luani n\u00eb tempullin faraonik t\u00eb Kom Ombo n\u00eb qytetin jugor As\u00eban. Ministria e antikiteteve tha se statuja e bish\u00ebs mitike\u2026","rel":"","context":"In &quot;Blogu i Udh\u00ebtarit&quot;","block_context":{"text":"Blogu i Udh\u00ebtarit","link":"https:\/\/www.shqiperia.com\/blog\/category\/blogu-i-udhetarit\/"},"img":{"alt_text":"","src":"https:\/\/i0.wp.com\/www.shqiperia.com\/blog\/wp-content\/uploads\/2018\/09\/statuje-1.jpg?fit=566%2C330&ssl=1&resize=350%2C200","width":350,"height":200,"srcset":"https:\/\/i0.wp.com\/www.shqiperia.com\/blog\/wp-content\/uploads\/2018\/09\/statuje-1.jpg?fit=566%2C330&ssl=1&resize=350%2C200 1x, https:\/\/i0.wp.com\/www.shqiperia.com\/blog\/wp-content\/uploads\/2018\/09\/statuje-1.jpg?fit=566%2C330&ssl=1&resize=525%2C300 1.5x"},"classes":[]},{"id":93120,"url":"https:\/\/www.shqiperia.com\/blog\/fenomeni-natyror-qe-zbuloi-qytetin-e-humbur-biblik-ku-linden-tre-nga-apostujt-e-jezusit\/","url_meta":{"origin":9385,"position":1},"title":"Fenomeni natyror q\u00eb zbuloi qytetin e humbur biblik ku lind\u00ebn tre nga apostujt e Jezusit","author":"Kurt Farka","date":"August 21, 2025","format":false,"excerpt":"21 Gusht 2025 Arkeolog\u00ebt kan\u00eb zbuluar gjurm\u00eb t\u00eb mundshme t\u00eb nd\u00ebrtesave t\u00eb lashta n\u00eb rezervatin natyror Betiha t\u00eb Izraelit. Nj\u00eb zjarr i madh, q\u00eb shp\u00ebrtheu n\u00eb fund t\u00eb korrikut n\u00eb bregun verior t\u00eb Detit t\u00eb Galiles\u00eb (Liqeni Tiberias), dogji nj\u00eb pjes\u00eb t\u00eb konsiderueshme t\u00eb rezervatit, por nj\u00ebkoh\u00ebsisht u hapi rrug\u00ebn\u2026","rel":"","context":"In &quot;Blogu i Udh\u00ebtarit&quot;","block_context":{"text":"Blogu i Udh\u00ebtarit","link":"https:\/\/www.shqiperia.com\/blog\/category\/blogu-i-udhetarit\/"},"img":{"alt_text":"","src":"https:\/\/i0.wp.com\/www.shqiperia.com\/blog\/wp-content\/uploads\/2025\/08\/auto_68a43ebce9ff71428c4231f61755608484.jpg?fit=900%2C507&ssl=1&resize=350%2C200","width":350,"height":200,"srcset":"https:\/\/i0.wp.com\/www.shqiperia.com\/blog\/wp-content\/uploads\/2025\/08\/auto_68a43ebce9ff71428c4231f61755608484.jpg?fit=900%2C507&ssl=1&resize=350%2C200 1x, https:\/\/i0.wp.com\/www.shqiperia.com\/blog\/wp-content\/uploads\/2025\/08\/auto_68a43ebce9ff71428c4231f61755608484.jpg?fit=900%2C507&ssl=1&resize=525%2C300 1.5x, https:\/\/i0.wp.com\/www.shqiperia.com\/blog\/wp-content\/uploads\/2025\/08\/auto_68a43ebce9ff71428c4231f61755608484.jpg?fit=900%2C507&ssl=1&resize=700%2C400 2x"},"classes":[]},{"id":36070,"url":"https:\/\/www.shqiperia.com\/blog\/zbulohet-statuja-antike-qe-u-vodh-ne-apoloni-e-do-trafikohej-ne-itali-dy-ne-pranga\/","url_meta":{"origin":9385,"position":2},"title":"Zbulohet statuja antike q\u00eb u vodh n\u00eb Apoloni e do trafikohej n\u00eb Itali, dy n\u00eb pranga","author":"Kurt Farka","date":"July 7, 2020","format":false,"excerpt":"Zbulohet statuja antike q\u00eb u vodh n\u00eb Apoloni e do trafikohej n\u00eb Itali, dy n\u00eb pranga Trafikonin vepra arti, dy t\u00eb arrestuar n\u00eb Durr\u00ebs, i sekuestrohet nj\u00eb statuj\u00eb dhe nj\u00eb vazo me vlera monumentale Nga Elton Qyno\u00a0 6 Korrik 2020 Report Tv ka siguruar foton e statuj\u00ebs q\u00eb besohet se\u2026","rel":"","context":"In &quot;Histori&quot;","block_context":{"text":"Histori","link":"https:\/\/www.shqiperia.com\/blog\/category\/histori\/"},"img":{"alt_text":"","src":"https:\/\/i0.wp.com\/www.shqiperia.com\/blog\/wp-content\/uploads\/2020\/07\/107630651_2669021596674769_6601220660743184712_n.jpg?fit=562%2C279&ssl=1&resize=350%2C200","width":350,"height":200,"srcset":"https:\/\/i0.wp.com\/www.shqiperia.com\/blog\/wp-content\/uploads\/2020\/07\/107630651_2669021596674769_6601220660743184712_n.jpg?fit=562%2C279&ssl=1&resize=350%2C200 1x, https:\/\/i0.wp.com\/www.shqiperia.com\/blog\/wp-content\/uploads\/2020\/07\/107630651_2669021596674769_6601220660743184712_n.jpg?fit=562%2C279&ssl=1&resize=525%2C300 1.5x"},"classes":[]},{"id":70774,"url":"https:\/\/www.shqiperia.com\/blog\/vandalizohet-statuja-230-vjecare-skulptura-e-sabrines-zhgarravitet-me-shkumes-blu\/","url_meta":{"origin":9385,"position":3},"title":"Vandalizohet statuja 230 vjecare:  &#8211; Skulptura e Sabrin\u00ebs zhgarravitet me shkum\u00ebs blu","author":"Kurt Farka","date":"April 14, 2023","format":false,"excerpt":"14 Prill 2023 N\u00eb Britanin\u00eb e Madhe, n\u00eb nj\u00eb rezidenc\u00eb historike t\u00eb shek t\u00eb XVIII, \u00ebsht\u00eb vandalizuar nj\u00eb skulptur\u00eb 230-vje\u00e7are. E krijuar n\u00eb vitin 1802, statuja q\u00eb p\u00ebrshkruan Naiaden romake, Sabrina, \u00ebsht\u00eb zhgarravitur me shkum\u00ebs blu. Nj\u00eb statuj\u00eb historike n\u00eb Worcester n\u00eb Mbret\u00ebrin\u00eb e Bashkuar ka r\u00ebn\u00eb pre e akteve\u2026","rel":"","context":"In &quot;Arte&quot;","block_context":{"text":"Arte","link":"https:\/\/www.shqiperia.com\/blog\/category\/arte\/"},"img":{"alt_text":"","src":"https:\/\/i0.wp.com\/www.shqiperia.com\/blog\/wp-content\/uploads\/2023\/04\/640-0-statujajpg-1681476374.jpg?fit=640%2C372&ssl=1&resize=350%2C200","width":350,"height":200,"srcset":"https:\/\/i0.wp.com\/www.shqiperia.com\/blog\/wp-content\/uploads\/2023\/04\/640-0-statujajpg-1681476374.jpg?fit=640%2C372&ssl=1&resize=350%2C200 1x, https:\/\/i0.wp.com\/www.shqiperia.com\/blog\/wp-content\/uploads\/2023\/04\/640-0-statujajpg-1681476374.jpg?fit=640%2C372&ssl=1&resize=525%2C300 1.5x"},"classes":[]},{"id":69688,"url":"https:\/\/www.shqiperia.com\/blog\/sfinksi-i-buzeqeshur-arkeologet-besojne-se-perfaqeson-perandorin-romak-klaudin\/","url_meta":{"origin":9385,"position":4},"title":"Sfinksi i buz\u00ebqeshur: &#8211; Arkeolog\u00ebt besojn\u00eb se p\u00ebrfaq\u00ebson perandorin romak, Klaudin","author":"Kurt Farka","date":"March 15, 2023","format":false,"excerpt":"15 Mars 2023 Zbulohet n\u00eb nj\u00eb tempull t\u00eb lasht\u00eb t\u00eb Egjiptit, statuja e perandorit romak, Klaud, i cili sundoi n\u00eb Afrik\u00ebn e Veriut midis viteve 41 dhe 54 pas Krishtit. \u201cSfinksi i buz\u00ebqeshur\u201d s\u00eb bashku me disa artefakte t\u00eb tjera u gjet\u00ebn n\u00eb jug t\u00eb Kajros. Arkeolog\u00ebt egjiptian\u00eb kan\u00eb zbuluar\u2026","rel":"","context":"In &quot;Arte&quot;","block_context":{"text":"Arte","link":"https:\/\/www.shqiperia.com\/blog\/category\/arte\/"},"img":{"alt_text":"","src":"https:\/\/i0.wp.com\/www.shqiperia.com\/blog\/wp-content\/uploads\/2023\/03\/640-0-w3etgrfjpg-1678190912.jpg?fit=640%2C360&ssl=1&resize=350%2C200","width":350,"height":200,"srcset":"https:\/\/i0.wp.com\/www.shqiperia.com\/blog\/wp-content\/uploads\/2023\/03\/640-0-w3etgrfjpg-1678190912.jpg?fit=640%2C360&ssl=1&resize=350%2C200 1x, https:\/\/i0.wp.com\/www.shqiperia.com\/blog\/wp-content\/uploads\/2023\/03\/640-0-w3etgrfjpg-1678190912.jpg?fit=640%2C360&ssl=1&resize=525%2C300 1.5x"},"classes":[]},{"id":70871,"url":"https:\/\/www.shqiperia.com\/blog\/zbulime-te-reja-ne-tempullin-paestum-statuja-dhe-altare-qe-rishkruajne-historine-per-poseidonin-e-lashte\/","url_meta":{"origin":9385,"position":5},"title":"Zbulime t\u00eb reja n\u00eb tempullin Paestum. &#8211; Statuja dhe altar\u00eb q\u00eb rishkruajn\u00eb historin\u00eb p\u00ebr Poseidonin e lasht\u00eb","author":"Kurt Farka","date":"April 18, 2023","format":false,"excerpt":"18 Prill 2023 N\u00eb parkun Arkeologjik Pestum dhe Velia n\u00eb Itali, kan\u00eb dal\u00eb n\u00eb drit\u00eb zbulime t\u00eb reja q\u00eb pritet t\u00eb ndryshojn\u00eb historin\u00eb e njohur t\u00eb Poseidonis\u00eb s\u00eb lasht\u00eb. Materiali ju njeh me detajet.\u00a0 G\u00ebrmimet n\u00eb Parkun Arkeologjik Paestum dhe Velia n\u00eb Itali, kan\u00eb nxjerr\u00eb zbulime t\u00eb shumta q\u00eb pritet\u2026","rel":"","context":"In &quot;Blogu i Udh\u00ebtarit&quot;","block_context":{"text":"Blogu i Udh\u00ebtarit","link":"https:\/\/www.shqiperia.com\/blog\/category\/blogu-i-udhetarit\/"},"img":{"alt_text":"","src":"https:\/\/i0.wp.com\/www.shqiperia.com\/blog\/wp-content\/uploads\/2023\/04\/640-0-poseidon-1681659430.jpg?fit=640%2C369&ssl=1&resize=350%2C200","width":350,"height":200,"srcset":"https:\/\/i0.wp.com\/www.shqiperia.com\/blog\/wp-content\/uploads\/2023\/04\/640-0-poseidon-1681659430.jpg?fit=640%2C369&ssl=1&resize=350%2C200 1x, https:\/\/i0.wp.com\/www.shqiperia.com\/blog\/wp-content\/uploads\/2023\/04\/640-0-poseidon-1681659430.jpg?fit=640%2C369&ssl=1&resize=525%2C300 1.5x"},"classes":[]}],"_links":{"self":[{"href":"https:\/\/www.shqiperia.com\/blog\/wp-json\/wp\/v2\/posts\/9385","targetHints":{"allow":["GET"]}}],"collection":[{"href":"https:\/\/www.shqiperia.com\/blog\/wp-json\/wp\/v2\/posts"}],"about":[{"href":"https:\/\/www.shqiperia.com\/blog\/wp-json\/wp\/v2\/types\/post"}],"author":[{"embeddable":true,"href":"https:\/\/www.shqiperia.com\/blog\/wp-json\/wp\/v2\/users\/9"}],"replies":[{"embeddable":true,"href":"https:\/\/www.shqiperia.com\/blog\/wp-json\/wp\/v2\/comments?post=9385"}],"version-history":[{"count":1,"href":"https:\/\/www.shqiperia.com\/blog\/wp-json\/wp\/v2\/posts\/9385\/revisions"}],"predecessor-version":[{"id":9388,"href":"https:\/\/www.shqiperia.com\/blog\/wp-json\/wp\/v2\/posts\/9385\/revisions\/9388"}],"wp:featuredmedia":[{"embeddable":true,"href":"https:\/\/www.shqiperia.com\/blog\/wp-json\/wp\/v2\/media\/9386"}],"wp:attachment":[{"href":"https:\/\/www.shqiperia.com\/blog\/wp-json\/wp\/v2\/media?parent=9385"}],"wp:term":[{"taxonomy":"category","embeddable":true,"href":"https:\/\/www.shqiperia.com\/blog\/wp-json\/wp\/v2\/categories?post=9385"},{"taxonomy":"post_tag","embeddable":true,"href":"https:\/\/www.shqiperia.com\/blog\/wp-json\/wp\/v2\/tags?post=9385"}],"curies":[{"name":"wp","href":"https:\/\/api.w.org\/{rel}","templated":true}]}}