{"id":9381,"date":"2018-07-03T14:57:24","date_gmt":"2018-07-03T14:57:24","guid":{"rendered":"http:\/\/www.shqiperia.com\/blog\/?p=9381"},"modified":"2018-07-03T14:57:24","modified_gmt":"2018-07-03T14:57:24","slug":"nje-fshat-ne-qarkun-e-elbasanit-fsheh-thesaret-e-humbura-te-turqve","status":"publish","type":"post","link":"https:\/\/www.shqiperia.com\/blog\/nje-fshat-ne-qarkun-e-elbasanit-fsheh-thesaret-e-humbura-te-turqve\/","title":{"rendered":"Nje Fshat ne Qarkun e Elbasanit fsheh thesaret e humbura te turqve. &#8211;"},"content":{"rendered":"<p><img data-recalc-dims=\"1\" loading=\"lazy\" decoding=\"async\" data-attachment-id=\"9382\" data-permalink=\"https:\/\/www.shqiperia.com\/blog\/nje-fshat-ne-qarkun-e-elbasanit-fsheh-thesaret-e-humbura-te-turqve\/img_0723-696x445\/\" data-orig-file=\"https:\/\/i0.wp.com\/www.shqiperia.com\/blog\/wp-content\/uploads\/2018\/07\/IMG_0723-696x445.jpg?fit=696%2C445&amp;ssl=1\" data-orig-size=\"696,445\" data-comments-opened=\"1\" data-image-meta=\"{&quot;aperture&quot;:&quot;0&quot;,&quot;credit&quot;:&quot;&quot;,&quot;camera&quot;:&quot;&quot;,&quot;caption&quot;:&quot;&quot;,&quot;created_timestamp&quot;:&quot;0&quot;,&quot;copyright&quot;:&quot;&quot;,&quot;focal_length&quot;:&quot;0&quot;,&quot;iso&quot;:&quot;0&quot;,&quot;shutter_speed&quot;:&quot;0&quot;,&quot;title&quot;:&quot;&quot;,&quot;orientation&quot;:&quot;0&quot;}\" data-image-title=\"IMG_0723-696&#215;445\" data-image-description=\"\" data-image-caption=\"\" data-medium-file=\"https:\/\/i0.wp.com\/www.shqiperia.com\/blog\/wp-content\/uploads\/2018\/07\/IMG_0723-696x445.jpg?fit=300%2C192&amp;ssl=1\" data-large-file=\"https:\/\/i0.wp.com\/www.shqiperia.com\/blog\/wp-content\/uploads\/2018\/07\/IMG_0723-696x445.jpg?fit=696%2C445&amp;ssl=1\" class=\"alignnone size-medium wp-image-9382\" alt=\"\" src=\"https:\/\/i0.wp.com\/www.shqiperia.com\/blog\/wp-content\/uploads\/2018\/07\/IMG_0723-696x445-300x192.jpg?resize=300%2C192\" width=\"300\" height=\"192\" srcset=\"https:\/\/i0.wp.com\/www.shqiperia.com\/blog\/wp-content\/uploads\/2018\/07\/IMG_0723-696x445.jpg?resize=300%2C192&amp;ssl=1 300w, https:\/\/i0.wp.com\/www.shqiperia.com\/blog\/wp-content\/uploads\/2018\/07\/IMG_0723-696x445.jpg?resize=696%2C445&amp;ssl=1 696w\" sizes=\"auto, (max-width: 300px) 100vw, 300px\" \/><\/p>\n<p><strong>Nje Fshat ne Qarkun e Elbasanit fsheh thesaret e humbura te turqve. &#8211; <\/strong><\/p>\n<p>Shqip\u00ebria \u00ebsht\u00eb nj\u00eb vend i vog\u00ebl por me pasuri t\u00eb m\u00ebdha n\u00eb n\u00ebntok\u00ebn e saj.<\/p>\n<p>Por si duket vendi jon\u00eb s\u2019\u00ebsht\u00eb eksploruar si\u00e7 duhet p\u00ebr shkak se n\u00eb nj\u00eb fshat t\u00eb Librazhdit gjendet \u201cthesari i Turqis\u00eb\u201d.<\/p>\n<p>Xhyra, \u00ebsht\u00eb nj\u00eb fshat, ndoshta shum\u00eb i njohur, i cili ka 99 minare, por q\u00eb mbi t\u00eb gjitha fsheh thesare t\u00eb panum\u00ebrta.<\/p>\n<p>Me fshatin e Xhyr\u00ebs jan\u00eb lidhur shum\u00eb goj\u00ebdh\u00ebna dhe histori t\u00eb ndryshme aq kulturore, por edhe misterioze q\u00eb askush deri m\u00eb sot nuk ja ka gjetur kuptimin.<\/p>\n<p>Ai ndodhet n\u00eb pjes\u00ebn jugper\u00ebndimore t\u00eb rrethit t\u00eb Librazhdit, pran\u00eb rrug\u00ebs komb\u00ebtare q\u00eb lidh Shqip\u00ebrin\u00eb me shtete t\u00eb tjera me Greqin\u00eb, Maqedonin\u00eb, si dhe me qytetet e vendit ton\u00eb.<\/p>\n<p>A e dini se guri i \u201cBlet\u00ebs\u201d nj\u00eb shk\u00ebmb me lart\u00ebsi 1409m ka nxitur zbulues nga e gjith\u00eb bota kryesisht turq, maqedonas, edhe grek, por edhe nga \u201cPuglia Grotte\u201d dhe \u201cDauno\u201d, shkruan Librazhdi News.<\/p>\n<p><strong>A fsheh me t\u00eb v\u00ebrtet\u00eb ky shk\u00ebmb nj\u00eb pasuri t\u00eb madhe?<\/strong><\/p>\n<p>Mendohet se pik\u00ebrisht n\u00eb k\u00ebt\u00eb gur fshiheshin grabitjet q\u00eb ka\u00e7ak\u00ebt (hajdutet) b\u00ebnin karvan\u00ebve t\u00eb ushtris\u00eb turke dhe tregtarve nga Roma.<\/p>\n<p>Jo m\u00eb larg s\u00eb disa muaj nj\u00eb turist nga Turqia eksploronte bashk\u00eb me grupin e tij e shoq\u00ebruar m\u00eb nj\u00eb hart\u00eb shum\u00ebvje\u00e7are e cila tregonte me holl\u00ebsi se ku fshihej thesari i turqve. Kushtet litologjike si\u00e7 dukej ua kishte v\u00ebshtir\u00ebsuar k\u00ebrkimet.<\/p>\n<p>Banor\u00ebt e fshatit tregojn\u00eb se shum\u00eb k\u00ebrkime jan\u00eb b\u00ebr\u00eb, aq shum\u00eb saq\u00eb detyruan q\u00eb emigrant\u00ebt t\u00eb ktheshin kudo q\u00eb ishin edhe t\u00eb g\u00ebrmonin p\u00ebr ta gjetur di\u00e7ka p\u00ebrpara se ta gjenin te turist\u00ebt e huaj. Ja si shprehet nj\u00eb banor i fshatit Xhyr\u00eb A.M:\u201cNuk e mbaj mend sa veta kan\u00eb ardhur e kan\u00eb hapur gropa pafund me q\u00ebllimin se ka flori apo gj\u00ebra t\u00eb tjera si k\u00ebto.<\/p>\n<p>N\u00eb fakt vet\u00eb nga legjenda e gurit t\u00eb blet\u00ebs mjalti i shumt\u00eb i blet\u00ebve simbolizon floririn, nd\u00ebrsa blet\u00ebt puntore hajdut t\u00eb cil\u00ebt vidhnin floririn e ushtris\u00eb Osmane.<\/p>\n<p>Mendoj se \u00ebsht\u00eb vet\u00ebm nj\u00eb legjend\u00eb, por her\u00eb pas her\u00eb mendoj se mund t\u00eb jet\u00eb edhe e v\u00ebrtet\u00eb. Jo m\u00eb larg se disa muajsh nj\u00eb grup turist\u00ebsh nga gjuha q\u00eb flisnin mendoj se ishin turq, kishin nj\u00eb hart\u00eb t\u00eb vjet\u00ebr e cila n\u00eb t\u00eb ishte t\u00eb vizatuar shk\u00ebmbinjt\u00eb edhe vet\u00ebm nj\u00eb shk\u00ebmb ishte m\u00eb kryq vet\u00ebm guri i \u201cBlet\u00ebs\u201d.<\/p>\n<p>Njer\u00ebzit jan\u00eb t\u00eb \u00e7uditsh\u00ebm n\u00eb k\u00ebt\u00eb fshat saq\u00eb marrin kazma edhe lopata edhe g\u00ebrmojn\u00eb pa lidhje, duke prishur n\u00eb shumic\u00ebn e rasteve edhe rrug\u00ebn \u201cEgnatia\u201d e cila kalon mes p\u00ebr mes fshatit\u201d.<\/p>\n<p><img data-recalc-dims=\"1\" loading=\"lazy\" decoding=\"async\" data-attachment-id=\"9383\" data-permalink=\"https:\/\/www.shqiperia.com\/blog\/nje-fshat-ne-qarkun-e-elbasanit-fsheh-thesaret-e-humbura-te-turqve\/img_0723-696x445-2\/\" data-orig-file=\"https:\/\/i0.wp.com\/www.shqiperia.com\/blog\/wp-content\/uploads\/2018\/07\/IMG_0723-696x445-1.jpg?fit=696%2C445&amp;ssl=1\" data-orig-size=\"696,445\" data-comments-opened=\"1\" data-image-meta=\"{&quot;aperture&quot;:&quot;0&quot;,&quot;credit&quot;:&quot;&quot;,&quot;camera&quot;:&quot;&quot;,&quot;caption&quot;:&quot;&quot;,&quot;created_timestamp&quot;:&quot;0&quot;,&quot;copyright&quot;:&quot;&quot;,&quot;focal_length&quot;:&quot;0&quot;,&quot;iso&quot;:&quot;0&quot;,&quot;shutter_speed&quot;:&quot;0&quot;,&quot;title&quot;:&quot;&quot;,&quot;orientation&quot;:&quot;0&quot;}\" data-image-title=\"IMG_0723-696&#215;445\" data-image-description=\"\" data-image-caption=\"\" data-medium-file=\"https:\/\/i0.wp.com\/www.shqiperia.com\/blog\/wp-content\/uploads\/2018\/07\/IMG_0723-696x445-1.jpg?fit=300%2C192&amp;ssl=1\" data-large-file=\"https:\/\/i0.wp.com\/www.shqiperia.com\/blog\/wp-content\/uploads\/2018\/07\/IMG_0723-696x445-1.jpg?fit=696%2C445&amp;ssl=1\" class=\"alignnone  wp-image-9383\" alt=\"\" src=\"https:\/\/i0.wp.com\/www.shqiperia.com\/blog\/wp-content\/uploads\/2018\/07\/IMG_0723-696x445-1-300x192.jpg?resize=552%2C353\" width=\"552\" height=\"353\" srcset=\"https:\/\/i0.wp.com\/www.shqiperia.com\/blog\/wp-content\/uploads\/2018\/07\/IMG_0723-696x445-1.jpg?resize=300%2C192&amp;ssl=1 300w, https:\/\/i0.wp.com\/www.shqiperia.com\/blog\/wp-content\/uploads\/2018\/07\/IMG_0723-696x445-1.jpg?w=696&amp;ssl=1 696w\" sizes=\"auto, (max-width: 552px) 100vw, 552px\" \/><\/p>\n<p><strong>Po kush \u00ebsht\u00eb me t\u00eb v\u00ebrtet\u00eb legjenda e gurit t\u00eb \u201cBlet\u00ebs\u201d e cila ka b\u00ebr\u00eb buj\u00eb n\u00eb t\u00eb gjith\u00eb Shqip\u00ebrin\u00eb?<\/strong><\/p>\n<p>Sipas legjend\u00ebs thuhet se: \u201cDikur nj\u00eb djal\u00eb i ri nga fshati shkon tek guri i \u201cBlet\u00ebs\u201d p\u00ebr t\u00eb marr\u00eb mjalt\u00eb. Aty kishte shum\u00eb blet\u00eb dhe mjalti ishte n\u00eb sasi t\u00eb madhe. I riu futet brenda n\u00eb gur dhe fillon t\u00eb mbush\u00eb en\u00ebt me mjalt\u00eb.<\/p>\n<p>Guri i thot\u00eb djalit se duhet t\u00eb marr\u00ebsh mjalt\u00eb vet\u00ebm aq sa t\u00eb takon. Por ai nuk e d\u00ebgjon duke vazhduar t\u00eb marr\u00eb mjalt\u00eb pa u ndalur. At\u00ebher\u00eb guri mbyllet duke e z\u00ebn\u00eb brenda.<\/p>\n<p>Djali fillon e r\u00ebnkon. Z\u00ebri i tij d\u00ebgjohet dhe njer\u00ebz nga fshati i shkojn\u00eb n\u00eb ndihm\u00eb p\u00ebr ta nxjerr\u00eb nga guri. Ata p\u00ebrdorin mjete t\u00eb ndryshme si pyka prej thane p\u00ebr t\u00eb hapur gurin, por pa mundur ta nxjerrin dot.<\/p>\n<p>Pykat e than\u00ebs ( kat\u00ebr cop\u00eb) gjenden edhe sot e k\u00ebsaj dite n\u00eb mesin e gurit. Pik\u00ebrisht n\u00eb at\u00eb vend guri \u00ebsht\u00eb i lagur p\u00ebr shkak t\u00eb lot\u00ebve t\u00eb njeriut brenda tij. Madje edhe sot thuhet se; sa her\u00eb q\u00eb bie shi, po t\u00eb q\u00ebndrosh af\u00ebr gurit n\u00eb heshtje dhe t\u00eb d\u00ebgjosh me kujdes, do t\u00eb ndiesh z\u00ebrin e t\u00eb riut q\u00eb vjen nga brenda duke r\u00ebnkuar\u201d.<\/p>\n<p>Nj\u00eb shprehje thot\u00eb: \u201cKu ka z\u00eb s\u00ebsht\u00eb pa gj\u00eb\u201d, thuhet se n\u00eb varrezat e turqve jan\u00eb gjetur qypa nga florinj edhe kjo v\u00ebrtetohet nga vet\u00eb banor\u00ebt e fshatit.<\/p>\n<p>Vet\u00eb struktura e gurit t\u00eb \u201cBlet\u00ebs\u201d \u00ebsht\u00eb e \u00e7uditshme saq\u00eb nuk e kupton nga hyre edhe ku dole. Kjo strategji \u00ebsht\u00eb ndjekur q\u00eb deri sot e k\u00ebsaj dite ajo e fsheht\u00eb e thesarit t\u00eb blet\u00ebs t\u00eb mos gjendet kurr\u00eb.<\/p>\n<p>Disa banor\u00eb t\u00eb fshatit jan\u00eb shum\u00eb t\u00eb sigurt q\u00eb brenda shk\u00ebmbit ka dicka, ja si shprehet nj\u00eb i moshuar B.H i cili na tregon me holl\u00ebsi \u00e7far\u00eb ka ndodhur vite m\u00eb par\u00eb:<\/p>\n<p>Un\u00eb jam 86-vje\u00e7 edhe t\u00eb them t\u00eb drejt\u00ebn more djal\u00eb guri i blet\u00ebs edhe \u201cGryka e Shkall\u00ebs\u201d fshehin thesare shum\u00eb t\u00eb m\u00ebdha. Babai im para se t\u00eb vdiste m\u00eb tha q\u00eb lart\u00eb n\u00eb k\u00ebto male fshihet nj\u00eb thesar shum\u00eb i madh i cili nuk \u00ebsht\u00eb gjendur kurr\u00eb.<\/p>\n<p>Ndoshta un\u00eb nuk e kam v\u00ebrtetuar por \u00e7\u00ebsht\u00eb e v\u00ebrteta k\u00ebt\u00eb histori nuk e tregon vet\u00ebm moshar\u00ebt e mi por edhe t\u00eb par\u00ebt e mi.<\/p>\n<p>Shum\u00eb koh\u00eb m\u00eb p\u00ebrpara k\u00ebtu n\u00eb k\u00ebt\u00eb zon\u00eb, q\u00eb p\u00ebrdorej nga Turqit p\u00ebr vet faktin q\u00eb ishim t\u00eb pushtuar nga ata, nj\u00eb tjet\u00ebr ana pozitive p\u00ebr ne ishte edhe rruga \u201cEgnatia\u201d doje apo s\u2019doje ishe i detyruar t\u00eb kaloje sepse ishte e vetmia rrug\u00eb q\u00eb lidhte per\u00ebndimin me lindjen.<\/p>\n<p>Thuhet se Carin\u00eb ka\u00e7ak\u00ebt vidhnin t\u00eb gjith\u00eb karvan\u00ebt t\u00eb cil\u00ebt vinin nga Roma, por kishte nj\u00eb problem shum\u00eb t\u00eb madh p\u00ebr ta sepse nuk ja dilnin dot asnj\u00ebher\u00eb n\u00eb Xhyr\u00eb.<\/p>\n<p>Sipas t\u00eb par\u00ebve t\u00eb mi thesari \u00ebsht\u00eb fshehur n\u00eb Xhyr\u00eb edhe \u00ebsht\u00eb pothuajse 100% e sigurt, edhe jam i bindur.<\/p>\n<p>Pastaj nuk e di t\u00eb them tek guri i \u201cBlet\u00ebs\u201d apo me ndonj\u00eb vend tjet\u00ebr sepse po ta dija do ta kisha marr\u00eb vet\u00eb\u201d. \/albeu\/<\/p>\n","protected":false},"excerpt":{"rendered":"<p>Nje Fshat ne Qarkun e Elbasanit fsheh thesaret e humbura te turqve. &#8211; Shqip\u00ebria \u00ebsht\u00eb nj\u00eb vend i vog\u00ebl por me pasuri t\u00eb m\u00ebdha n\u00eb n\u00ebntok\u00ebn e saj. Por si duket vendi jon\u00eb s\u2019\u00ebsht\u00eb eksploruar si\u00e7 duhet p\u00ebr shkak se n\u00eb nj\u00eb fshat t\u00eb Librazhdit gjendet \u201cthesari i Turqis\u00eb\u201d. Xhyra, \u00ebsht\u00eb nj\u00eb fshat, ndoshta shum\u00eb [&hellip;]<\/p>\n","protected":false},"author":9,"featured_media":9382,"comment_status":"open","ping_status":"open","sticky":false,"template":"","format":"standard","meta":{"jetpack_post_was_ever_published":false,"_jetpack_newsletter_access":"","_jetpack_dont_email_post_to_subs":false,"_jetpack_newsletter_tier_id":0,"_jetpack_memberships_contains_paywalled_content":false,"_jetpack_memberships_contains_paid_content":false,"footnotes":"","jetpack_publicize_message":"","jetpack_publicize_feature_enabled":true,"jetpack_social_post_already_shared":true,"jetpack_social_options":{"image_generator_settings":{"template":"highway","default_image_id":0,"font":"","enabled":false},"version":2}},"categories":[27,35],"tags":[],"class_list":["post-9381","post","type-post","status-publish","format-standard","has-post-thumbnail","hentry","category-blogu-i-udhetarit","category-shoqerore"],"jetpack_publicize_connections":[],"jetpack_featured_media_url":"https:\/\/i0.wp.com\/www.shqiperia.com\/blog\/wp-content\/uploads\/2018\/07\/IMG_0723-696x445.jpg?fit=696%2C445&ssl=1","jetpack_sharing_enabled":true,"jetpack_shortlink":"https:\/\/wp.me\/p5Z6wp-2rj","jetpack-related-posts":[{"id":75808,"url":"https:\/\/www.shqiperia.com\/blog\/fshati-qe-mbahet-nga-geshtenjat-ne-gurakuq-te-librazhdit-cdo-vit-mblidhen-mbi-500-ton\/","url_meta":{"origin":9381,"position":0},"title":"Fshati q\u00eb mbahet nga g\u00ebshtenjat\/ N\u00eb Gurakuq t\u00eb Librazhdit \u00e7do vit mblidhen mbi 500 ton","author":"Kurt Farka","date":"November 25, 2023","format":false,"excerpt":"25 Nentor 2023 Ngado t\u00eb hedh\u00ebsh v\u00ebshtrimin, ka vet\u00ebm g\u00ebshtenja. Banor\u00ebt e fshatit Gurakuq jetojn\u00eb me frutat e k\u00ebsaj peme prej shekujsh. Dikur, kjo zon\u00eb e thell\u00eb e Librazhdit prodhonte moll\u00eb, patate e deri grur\u00eb, nd\u00ebrsa koh\u00ebt e fundit banor\u00ebt mbahen vet\u00ebm me g\u00ebshtenjat. N\u00eb fshat mblidhen mbi 500 ton\u00eb.\u2026","rel":"","context":"In &quot;Blogu i Udh\u00ebtarit&quot;","block_context":{"text":"Blogu i Udh\u00ebtarit","link":"https:\/\/www.shqiperia.com\/blog\/category\/blogu-i-udhetarit\/"},"img":{"alt_text":"","src":"https:\/\/i0.wp.com\/www.shqiperia.com\/blog\/wp-content\/uploads\/2023\/11\/images-2.jpg?resize=350%2C200&ssl=1","width":350,"height":200,"srcset":"https:\/\/i0.wp.com\/www.shqiperia.com\/blog\/wp-content\/uploads\/2023\/11\/images-2.jpg?resize=350%2C200&ssl=1 1x, https:\/\/i0.wp.com\/www.shqiperia.com\/blog\/wp-content\/uploads\/2023\/11\/images-2.jpg?resize=525%2C300&ssl=1 1.5x"},"classes":[]},{"id":6494,"url":"https:\/\/www.shqiperia.com\/blog\/librazhd-nderton-nje-minihidrocentral-per-nevojat-e-familjes-se-tij\/","url_meta":{"origin":9381,"position":1},"title":"Librazhd &#8211; Nd\u00ebrton nj\u00eb minihidrocentral p\u00ebr nevojat e familjes s\u00eb tij. &#8211;","author":"Kurt Farka","date":"April 16, 2018","format":false,"excerpt":"Nj\u00eb banor n\u00eb rrethin e Librazhdit ka ngritur nj\u00eb minihidrocentral. T\u00eb gjith\u00eb b\u00ebjn\u00eb \u00e7udi, por ai \u00ebsht\u00eb i k\u00ebnaqur me investimin dhe djers\u00ebn q\u00eb ka derdhur. Teksa m\u00ebsohet ky fakt , nj\u00eb s\u00ebr\u00eb pyetjesh dalin vetvetiu. E ngriti se nuk kishte drita?! \u00a0E ngriti p\u00ebr karshill\u00ebk ndaj shtetit ?! Apo\u2026","rel":"","context":"In &quot;Blogu i Udh\u00ebtarit&quot;","block_context":{"text":"Blogu i Udh\u00ebtarit","link":"https:\/\/www.shqiperia.com\/blog\/category\/blogu-i-udhetarit\/"},"img":{"alt_text":"","src":"https:\/\/i0.wp.com\/www.shqiperia.com\/blog\/wp-content\/uploads\/2018\/04\/Minihidrocentral-Librazhd.jpg?fit=370%2C262&ssl=1&resize=350%2C200","width":350,"height":200},"classes":[]},{"id":25900,"url":"https:\/\/www.shqiperia.com\/blog\/arkeologet-zbulojne-nje-fshat-japonez-ne-mes-te-kanadase\/","url_meta":{"origin":9381,"position":2},"title":"Arkeolog\u00ebt zbulojn\u00eb nj\u00eb fshat japonez n\u00eb mes t\u00eb Kanadas\u00eb.","author":"Kurt Farka","date":"September 14, 2019","format":false,"excerpt":"Arkeolog\u00ebt zbulojn\u00eb nj\u00eb fshat japonez n\u00eb mes t\u00eb Kanadas\u00eb. Nj\u00eb fshat japonez i braktisur n\u00eb shekullin e nj\u00ebzet\u00eb \u00ebsht\u00eb gjetur n\u00eb pyjet e British Kolumbias, n\u00eb Kanada. Zbulimi \u00ebsht\u00eb b\u00ebr\u00eb nga arkeologu Bob Mak\u00ebll dhe ekipi i tij. Mak\u00ebll ka koh\u00eb q\u00eb p\u00ebrpiqet t\u00eb gjej\u00eb sa m\u00eb shum\u00eb kampe t\u00eb\u2026","rel":"","context":"In &quot;Blogu i Udh\u00ebtarit&quot;","block_context":{"text":"Blogu i Udh\u00ebtarit","link":"https:\/\/www.shqiperia.com\/blog\/category\/blogu-i-udhetarit\/"},"img":{"alt_text":"","src":"https:\/\/i0.wp.com\/www.shqiperia.com\/blog\/wp-content\/uploads\/2019\/09\/download-10-905x450.jpg?fit=905%2C450&ssl=1&resize=350%2C200","width":350,"height":200,"srcset":"https:\/\/i0.wp.com\/www.shqiperia.com\/blog\/wp-content\/uploads\/2019\/09\/download-10-905x450.jpg?fit=905%2C450&ssl=1&resize=350%2C200 1x, https:\/\/i0.wp.com\/www.shqiperia.com\/blog\/wp-content\/uploads\/2019\/09\/download-10-905x450.jpg?fit=905%2C450&ssl=1&resize=525%2C300 1.5x, https:\/\/i0.wp.com\/www.shqiperia.com\/blog\/wp-content\/uploads\/2019\/09\/download-10-905x450.jpg?fit=905%2C450&ssl=1&resize=700%2C400 2x"},"classes":[]},{"id":11107,"url":"https:\/\/www.shqiperia.com\/blog\/rrefimi-i-nje-kaloresi-pelegrin-per-shqiptaret-e-mesjetes\/","url_meta":{"origin":9381,"position":3},"title":"Rr\u00ebfimi i nj\u00eb kalor\u00ebsi pelegrin, p\u00ebr shqiptar\u00ebt e Mesjet\u00ebs. &#8211;","author":"Kurt Farka","date":"August 29, 2018","format":false,"excerpt":"Rr\u00ebfimi i nj\u00eb kalor\u00ebsi pelegrin, p\u00ebr shqiptar\u00ebt e Mesjet\u00ebs. - Arnold von Harff, nj\u00eb kalor\u00ebs, udh\u00ebtar dhe shkrimtar gjerman, u lind rreth vitit 1471 n\u00eb nj\u00eb familje fisnik\u00ebsh n\u00eb Rhinelandin e posht\u00ebm (Harffi mbi Erft, nj\u00eb fshat n\u00eb veriper\u00ebndim t\u00eb K\u00eblnit). N\u00eb vjesht\u00ebn e vitit 1496, ai u nis n\u00eb\u2026","rel":"","context":"In &quot;Histori&quot;","block_context":{"text":"Histori","link":"https:\/\/www.shqiperia.com\/blog\/category\/histori\/"},"img":{"alt_text":"","src":"https:\/\/i0.wp.com\/www.shqiperia.com\/blog\/wp-content\/uploads\/2018\/08\/auto_Mesjeta-780x4391511737624.jpg?fit=850%2C478&ssl=1&resize=350%2C200","width":350,"height":200,"srcset":"https:\/\/i0.wp.com\/www.shqiperia.com\/blog\/wp-content\/uploads\/2018\/08\/auto_Mesjeta-780x4391511737624.jpg?fit=850%2C478&ssl=1&resize=350%2C200 1x, https:\/\/i0.wp.com\/www.shqiperia.com\/blog\/wp-content\/uploads\/2018\/08\/auto_Mesjeta-780x4391511737624.jpg?fit=850%2C478&ssl=1&resize=525%2C300 1.5x, https:\/\/i0.wp.com\/www.shqiperia.com\/blog\/wp-content\/uploads\/2018\/08\/auto_Mesjeta-780x4391511737624.jpg?fit=850%2C478&ssl=1&resize=700%2C400 2x"},"classes":[]},{"id":44194,"url":"https:\/\/www.shqiperia.com\/blog\/ne-nje-fshat-te-korces-debora-ka-arritur-ne-rreth-2-metra-ndersa-temperaturat-kane-rene-deri-ne-minus\/","url_meta":{"origin":9381,"position":4},"title":"N\u00eb nj\u00eb fshat t\u00eb Kor\u00e7\u00ebs, d\u00ebbora ka arritur n\u00eb rreth 2 metra nd\u00ebrsa temperaturat kan\u00eb r\u00ebn\u00eb deri n\u00eb minus\u2026","author":"Kurt Farka","date":"February 14, 2021","format":false,"excerpt":"N\u00eb nj\u00eb fshat t\u00eb Kor\u00e7\u00ebs, d\u00ebbora ka arritur n\u00eb rreth 2 metra nd\u00ebrsa temperaturat kan\u00eb r\u00ebn\u00eb deri n\u00eb minus\u2026 14 shkurt\u00a0 2021 Moti i keq q\u00eb ka p\u00ebrfshir\u00eb vendin ton\u00eb q\u00eb prej dit\u00ebs s\u00eb shtun\u00eb, ka sjell\u00eb sasi t\u00eb m\u00ebdha d\u00ebbore n\u00eb rajonin e Kor\u00e7\u00ebs. Trash\u00ebsia m\u00eb e madhe e\u2026","rel":"","context":"In &quot;Blogu i Udh\u00ebtarit&quot;","block_context":{"text":"Blogu i Udh\u00ebtarit","link":"https:\/\/www.shqiperia.com\/blog\/category\/blogu-i-udhetarit\/"},"img":{"alt_text":"","src":"https:\/\/i0.wp.com\/www.shqiperia.com\/blog\/wp-content\/uploads\/2021\/02\/debore-e1519631475869.jpeg?fit=667%2C363&ssl=1&resize=350%2C200","width":350,"height":200,"srcset":"https:\/\/i0.wp.com\/www.shqiperia.com\/blog\/wp-content\/uploads\/2021\/02\/debore-e1519631475869.jpeg?fit=667%2C363&ssl=1&resize=350%2C200 1x, https:\/\/i0.wp.com\/www.shqiperia.com\/blog\/wp-content\/uploads\/2021\/02\/debore-e1519631475869.jpeg?fit=667%2C363&ssl=1&resize=525%2C300 1.5x"},"classes":[]},{"id":20053,"url":"https:\/\/www.shqiperia.com\/blog\/kur-new-yorku-ishte-nje-fshat\/","url_meta":{"origin":9381,"position":5},"title":"\u201cKur New Yorku ishte nj\u00eb fshat\u201d. &#8211;","author":"Kurt Farka","date":"April 22, 2019","format":false,"excerpt":"\u201cKur New Yorku ishte nj\u00eb fshat\u201d. - New Yorku sot \u00ebsht\u00eb nj\u00eb nga vendet m\u00eb t\u00eb zhvilluara n\u00eb bot\u00eb. Shum\u00eb vite m\u00eb par\u00eb, ky vend ka qen\u00eb thjesht tok\u00eb bujq\u00ebsore ku funksiononin disa ferma. Muzeu i koleksionit online t\u00eb Qytetit t\u00eb New Yorkut zbulon nj\u00eb s\u00ebr\u00eb fotosh q\u00eb tregojn\u00eb se\u2026","rel":"","context":"In &quot;Blogu i Udh\u00ebtarit&quot;","block_context":{"text":"Blogu i Udh\u00ebtarit","link":"https:\/\/www.shqiperia.com\/blog\/category\/blogu-i-udhetarit\/"},"img":{"alt_text":"","src":"https:\/\/i0.wp.com\/www.shqiperia.com\/blog\/wp-content\/uploads\/2019\/04\/1-00-4-768x424.jpg?fit=617%2C294&ssl=1&resize=350%2C200","width":350,"height":200,"srcset":"https:\/\/i0.wp.com\/www.shqiperia.com\/blog\/wp-content\/uploads\/2019\/04\/1-00-4-768x424.jpg?fit=617%2C294&ssl=1&resize=350%2C200 1x, https:\/\/i0.wp.com\/www.shqiperia.com\/blog\/wp-content\/uploads\/2019\/04\/1-00-4-768x424.jpg?fit=617%2C294&ssl=1&resize=525%2C300 1.5x"},"classes":[]}],"_links":{"self":[{"href":"https:\/\/www.shqiperia.com\/blog\/wp-json\/wp\/v2\/posts\/9381","targetHints":{"allow":["GET"]}}],"collection":[{"href":"https:\/\/www.shqiperia.com\/blog\/wp-json\/wp\/v2\/posts"}],"about":[{"href":"https:\/\/www.shqiperia.com\/blog\/wp-json\/wp\/v2\/types\/post"}],"author":[{"embeddable":true,"href":"https:\/\/www.shqiperia.com\/blog\/wp-json\/wp\/v2\/users\/9"}],"replies":[{"embeddable":true,"href":"https:\/\/www.shqiperia.com\/blog\/wp-json\/wp\/v2\/comments?post=9381"}],"version-history":[{"count":1,"href":"https:\/\/www.shqiperia.com\/blog\/wp-json\/wp\/v2\/posts\/9381\/revisions"}],"predecessor-version":[{"id":9384,"href":"https:\/\/www.shqiperia.com\/blog\/wp-json\/wp\/v2\/posts\/9381\/revisions\/9384"}],"wp:featuredmedia":[{"embeddable":true,"href":"https:\/\/www.shqiperia.com\/blog\/wp-json\/wp\/v2\/media\/9382"}],"wp:attachment":[{"href":"https:\/\/www.shqiperia.com\/blog\/wp-json\/wp\/v2\/media?parent=9381"}],"wp:term":[{"taxonomy":"category","embeddable":true,"href":"https:\/\/www.shqiperia.com\/blog\/wp-json\/wp\/v2\/categories?post=9381"},{"taxonomy":"post_tag","embeddable":true,"href":"https:\/\/www.shqiperia.com\/blog\/wp-json\/wp\/v2\/tags?post=9381"}],"curies":[{"name":"wp","href":"https:\/\/api.w.org\/{rel}","templated":true}]}}