{"id":9376,"date":"2018-07-03T13:24:26","date_gmt":"2018-07-03T13:24:26","guid":{"rendered":"http:\/\/www.shqiperia.com\/blog\/?p=9376"},"modified":"2018-07-03T13:24:26","modified_gmt":"2018-07-03T13:24:26","slug":"personat-me-mastera-e-univrsitete-hedhin-librin-ne-plehra","status":"publish","type":"post","link":"https:\/\/www.shqiperia.com\/blog\/personat-me-mastera-e-univrsitete-hedhin-librin-ne-plehra\/","title":{"rendered":"Personat me Mastera e Univrsitete hedhin librin ne Plehra. &#8211;"},"content":{"rendered":"<p><img data-recalc-dims=\"1\" loading=\"lazy\" decoding=\"async\" data-attachment-id=\"9377\" data-permalink=\"https:\/\/www.shqiperia.com\/blog\/personat-me-mastera-e-univrsitete-hedhin-librin-ne-plehra\/36474412_2136709779908118_3938297487864889344_n\/\" data-orig-file=\"https:\/\/i0.wp.com\/www.shqiperia.com\/blog\/wp-content\/uploads\/2018\/07\/36474412_2136709779908118_3938297487864889344_n.jpg?fit=960%2C720&amp;ssl=1\" data-orig-size=\"960,720\" data-comments-opened=\"1\" data-image-meta=\"{&quot;aperture&quot;:&quot;0&quot;,&quot;credit&quot;:&quot;&quot;,&quot;camera&quot;:&quot;&quot;,&quot;caption&quot;:&quot;&quot;,&quot;created_timestamp&quot;:&quot;0&quot;,&quot;copyright&quot;:&quot;&quot;,&quot;focal_length&quot;:&quot;0&quot;,&quot;iso&quot;:&quot;0&quot;,&quot;shutter_speed&quot;:&quot;0&quot;,&quot;title&quot;:&quot;&quot;,&quot;orientation&quot;:&quot;0&quot;}\" data-image-title=\"36474412_2136709779908118_3938297487864889344_n\" data-image-description=\"\" data-image-caption=\"\" data-medium-file=\"https:\/\/i0.wp.com\/www.shqiperia.com\/blog\/wp-content\/uploads\/2018\/07\/36474412_2136709779908118_3938297487864889344_n.jpg?fit=300%2C225&amp;ssl=1\" data-large-file=\"https:\/\/i0.wp.com\/www.shqiperia.com\/blog\/wp-content\/uploads\/2018\/07\/36474412_2136709779908118_3938297487864889344_n.jpg?fit=960%2C720&amp;ssl=1\" class=\"alignnone size-medium wp-image-9377\" alt=\"\" src=\"https:\/\/i0.wp.com\/www.shqiperia.com\/blog\/wp-content\/uploads\/2018\/07\/36474412_2136709779908118_3938297487864889344_n-300x225.jpg?resize=300%2C225\" width=\"300\" height=\"225\" srcset=\"https:\/\/i0.wp.com\/www.shqiperia.com\/blog\/wp-content\/uploads\/2018\/07\/36474412_2136709779908118_3938297487864889344_n.jpg?resize=300%2C225&amp;ssl=1 300w, https:\/\/i0.wp.com\/www.shqiperia.com\/blog\/wp-content\/uploads\/2018\/07\/36474412_2136709779908118_3938297487864889344_n.jpg?resize=768%2C576&amp;ssl=1 768w, https:\/\/i0.wp.com\/www.shqiperia.com\/blog\/wp-content\/uploads\/2018\/07\/36474412_2136709779908118_3938297487864889344_n.jpg?w=960&amp;ssl=1 960w\" sizes=\"auto, (max-width: 300px) 100vw, 300px\" \/><\/p>\n<p>Personat me Mastera e Univrsitete hedhin librin ne Plehra. &#8211;<\/p>\n<p>Nga Ismete Selmanaj Leba.<\/p>\n<p>Sapo dola nga sht\u00ebpia sot n\u00eb m\u00ebngjes dhe hodha plehrat n\u00eb kazanin q\u00eb ndodhet posht\u00eb pallatit ku banoj, pash\u00eb k\u00ebto dy gra q\u00eb kishin mbledhur shishe qelqi, bidona plastik\u00eb, kanace alumini dhe ishin ulur n\u00eb hije n\u00eb bordin e nj\u00eb trotuari duke lexuar. Ju afrova dhe i thash\u00eb:<br \/>\n&#8220;Mir\u00ebm\u00ebngjesi&#8221;<br \/>\nGruaja ngriti syt\u00eb nga libri dhe m\u00eb tha:<br \/>\n&#8220;Mirmjes t&#8217;keqen nona&#8221;, edhe pse duhet t\u00eb ishte m\u00eb e re se un\u00eb.<br \/>\n&#8220;A mund ta di \u00e7far\u00eb po lexoni&#8221;? e pyeta e mrekulluar nga ajo q\u00eb po shihja. Dy gra, n\u00ebn\u00eb e bij\u00eb q\u00eb kishin marr\u00eb nga kazani i plehrave nja dhjet\u00eb libra dhe po i lexonin!<br \/>\n&#8220;Po lexoj nj\u00eb roman t\u00eb Ismail Kadares\u00eb, mi non! M&#8217;p\u00eblqen shum\u00eb! Njer\u00ebzit i hedhin n&#8217;plehna, ne i marrim dhe i lexojm\u00eb. E kam mbushur sht\u00ebpin\u00eb plot! Nuk e ke iden\u00eb sa shum\u00eb libra hedhin njer\u00ebzit q\u00eb ne s&#8217;i blejm\u00eb dot&#8221;, m&#8217;u p\u00ebrgjigj gruaja.<br \/>\n&#8220;A mund t&#8217;i shoh pak?&#8221; e pyeta zonj\u00ebn.<br \/>\n&#8220;Po si jo mi non!&#8221; m\u00eb tha gruaja.<br \/>\nI mora n\u00eb dor\u00eb nj\u00eb e nga nj\u00eb dhe s&#8217;po i besoja syve teksa lexova emrat e autor\u00ebve; Ismail Kadare, Petro Marku, Fatos Kongoli, Drit\u00ebro Agolli&#8230;<br \/>\n&#8220;Mamit tim i p\u00eblqen shum\u00eb t\u00eb lexoj\u00eb&#8221;, nd\u00ebrhyri vajza q\u00eb s&#8217;ishte m\u00eb shum\u00eb se 14 &#8211; 15 vjec.<br \/>\n&#8220;A e dini sa m\u00eb keni mall\u00ebngjyer me k\u00ebt\u00eb veprim?&#8221;, i pyeta dhe ndjeva lot\u00ebt t\u00eb m\u00eb dilnin nga syt\u00eb.<br \/>\nMendova me trishtim q\u00eb jetojm\u00eb n\u00eb nj\u00eb vend t\u00eb cuditsh\u00ebm. Ato libra q\u00eb me aq dashuri i mbanin n\u00eb duar k\u00ebto dy gra, ndoshta-ndoshta i kishte hedhur n\u00eb plehra ndonj\u00eb injorante me kat\u00ebr- pes\u00eb mastera, por q\u00eb s&#8217;kishte lexuar ndonj\u00eb lib\u00ebr gjat\u00eb gjith\u00eb jet\u00ebs, e cila kishte nd\u00ebrruar mobilimim e sht\u00ebpis\u00eb dhe nuk i shkonin ngjyrat e librave me divanin apo bufen\u00eb! Kam d\u00ebgjuar me vesh\u00ebt e mi histori t\u00eb tilla absurde! Ne jemi ai vend ku drejtoresha e Bibliotek\u00ebs Komb\u00ebtare, pasi digjet nj\u00eb sasi e konsiderueshme librash, deklaron se jan\u00eb djegur libra t\u00eb par\u00ebnd\u00ebsish\u00ebm! Ne jemi ai vend q\u00eb e p\u00ebrmbysim me uj\u00eb Bibliotek\u00ebn Komb\u00ebtare dhe themi &#8220;h\u00eb mo s&#8217;ka gj\u00eb se po i thajm\u00eb sipas standarteve!<\/p>\n<p><img data-recalc-dims=\"1\" loading=\"lazy\" decoding=\"async\" data-attachment-id=\"9378\" data-permalink=\"https:\/\/www.shqiperia.com\/blog\/personat-me-mastera-e-univrsitete-hedhin-librin-ne-plehra\/36483932_2136707193241710_1435757693892558848_n\/\" data-orig-file=\"https:\/\/i0.wp.com\/www.shqiperia.com\/blog\/wp-content\/uploads\/2018\/07\/36483932_2136707193241710_1435757693892558848_n.jpg?fit=960%2C720&amp;ssl=1\" data-orig-size=\"960,720\" data-comments-opened=\"1\" data-image-meta=\"{&quot;aperture&quot;:&quot;0&quot;,&quot;credit&quot;:&quot;&quot;,&quot;camera&quot;:&quot;&quot;,&quot;caption&quot;:&quot;&quot;,&quot;created_timestamp&quot;:&quot;0&quot;,&quot;copyright&quot;:&quot;&quot;,&quot;focal_length&quot;:&quot;0&quot;,&quot;iso&quot;:&quot;0&quot;,&quot;shutter_speed&quot;:&quot;0&quot;,&quot;title&quot;:&quot;&quot;,&quot;orientation&quot;:&quot;0&quot;}\" data-image-title=\"36483932_2136707193241710_1435757693892558848_n\" data-image-description=\"\" data-image-caption=\"\" data-medium-file=\"https:\/\/i0.wp.com\/www.shqiperia.com\/blog\/wp-content\/uploads\/2018\/07\/36483932_2136707193241710_1435757693892558848_n.jpg?fit=300%2C225&amp;ssl=1\" data-large-file=\"https:\/\/i0.wp.com\/www.shqiperia.com\/blog\/wp-content\/uploads\/2018\/07\/36483932_2136707193241710_1435757693892558848_n.jpg?fit=960%2C720&amp;ssl=1\" class=\"alignnone  wp-image-9378\" alt=\"\" src=\"https:\/\/i0.wp.com\/www.shqiperia.com\/blog\/wp-content\/uploads\/2018\/07\/36483932_2136707193241710_1435757693892558848_n-300x225.jpg?resize=567%2C425\" width=\"567\" height=\"425\" srcset=\"https:\/\/i0.wp.com\/www.shqiperia.com\/blog\/wp-content\/uploads\/2018\/07\/36483932_2136707193241710_1435757693892558848_n.jpg?resize=300%2C225&amp;ssl=1 300w, https:\/\/i0.wp.com\/www.shqiperia.com\/blog\/wp-content\/uploads\/2018\/07\/36483932_2136707193241710_1435757693892558848_n.jpg?resize=768%2C576&amp;ssl=1 768w, https:\/\/i0.wp.com\/www.shqiperia.com\/blog\/wp-content\/uploads\/2018\/07\/36483932_2136707193241710_1435757693892558848_n.jpg?w=960&amp;ssl=1 960w\" sizes=\"auto, (max-width: 567px) 100vw, 567px\" \/><br \/>\nPor ky \u00ebsht\u00eb atdheu edhe i k\u00ebtyre dy grave t\u00eb thjeshta e t\u00eb varf\u00ebra, por me mij\u00ebra her\u00eb m\u00eb t\u00eb pasura nga shpirti se sharlatan\u00ebt dhe injorant\u00ebt q\u00eb po e drejtojn\u00eb dhe po e mbajn\u00eb peng t\u00eb err\u00ebsir\u00ebs k\u00ebt\u00eb vend!<\/p>\n<p><img data-recalc-dims=\"1\" loading=\"lazy\" decoding=\"async\" data-attachment-id=\"9379\" data-permalink=\"https:\/\/www.shqiperia.com\/blog\/personat-me-mastera-e-univrsitete-hedhin-librin-ne-plehra\/36603203_2136709016574861_9153632037234540544_n\/\" data-orig-file=\"https:\/\/i0.wp.com\/www.shqiperia.com\/blog\/wp-content\/uploads\/2018\/07\/36603203_2136709016574861_9153632037234540544_n.jpg?fit=960%2C720&amp;ssl=1\" data-orig-size=\"960,720\" data-comments-opened=\"1\" data-image-meta=\"{&quot;aperture&quot;:&quot;0&quot;,&quot;credit&quot;:&quot;&quot;,&quot;camera&quot;:&quot;&quot;,&quot;caption&quot;:&quot;&quot;,&quot;created_timestamp&quot;:&quot;0&quot;,&quot;copyright&quot;:&quot;&quot;,&quot;focal_length&quot;:&quot;0&quot;,&quot;iso&quot;:&quot;0&quot;,&quot;shutter_speed&quot;:&quot;0&quot;,&quot;title&quot;:&quot;&quot;,&quot;orientation&quot;:&quot;0&quot;}\" data-image-title=\"36603203_2136709016574861_9153632037234540544_n\" data-image-description=\"\" data-image-caption=\"\" data-medium-file=\"https:\/\/i0.wp.com\/www.shqiperia.com\/blog\/wp-content\/uploads\/2018\/07\/36603203_2136709016574861_9153632037234540544_n.jpg?fit=300%2C225&amp;ssl=1\" data-large-file=\"https:\/\/i0.wp.com\/www.shqiperia.com\/blog\/wp-content\/uploads\/2018\/07\/36603203_2136709016574861_9153632037234540544_n.jpg?fit=960%2C720&amp;ssl=1\" class=\"alignnone  wp-image-9379\" alt=\"\" src=\"https:\/\/i0.wp.com\/www.shqiperia.com\/blog\/wp-content\/uploads\/2018\/07\/36603203_2136709016574861_9153632037234540544_n-300x225.jpg?resize=584%2C438\" width=\"584\" height=\"438\" srcset=\"https:\/\/i0.wp.com\/www.shqiperia.com\/blog\/wp-content\/uploads\/2018\/07\/36603203_2136709016574861_9153632037234540544_n.jpg?resize=300%2C225&amp;ssl=1 300w, https:\/\/i0.wp.com\/www.shqiperia.com\/blog\/wp-content\/uploads\/2018\/07\/36603203_2136709016574861_9153632037234540544_n.jpg?resize=768%2C576&amp;ssl=1 768w, https:\/\/i0.wp.com\/www.shqiperia.com\/blog\/wp-content\/uploads\/2018\/07\/36603203_2136709016574861_9153632037234540544_n.jpg?w=960&amp;ssl=1 960w\" sizes=\"auto, (max-width: 584px) 100vw, 584px\" \/><\/p>\n","protected":false},"excerpt":{"rendered":"<p>Personat me Mastera e Univrsitete hedhin librin ne Plehra. &#8211; Nga Ismete Selmanaj Leba. Sapo dola nga sht\u00ebpia sot n\u00eb m\u00ebngjes dhe hodha plehrat n\u00eb kazanin q\u00eb ndodhet posht\u00eb pallatit ku banoj, pash\u00eb k\u00ebto dy gra q\u00eb kishin mbledhur shishe qelqi, bidona plastik\u00eb, kanace alumini dhe ishin ulur n\u00eb hije n\u00eb bordin e nj\u00eb trotuari [&hellip;]<\/p>\n","protected":false},"author":9,"featured_media":9377,"comment_status":"open","ping_status":"open","sticky":false,"template":"","format":"standard","meta":{"jetpack_post_was_ever_published":false,"_jetpack_newsletter_access":"","_jetpack_dont_email_post_to_subs":false,"_jetpack_newsletter_tier_id":0,"_jetpack_memberships_contains_paywalled_content":false,"_jetpack_memberships_contains_paid_content":false,"footnotes":"","jetpack_publicize_message":"","jetpack_publicize_feature_enabled":true,"jetpack_social_post_already_shared":true,"jetpack_social_options":{"image_generator_settings":{"template":"highway","default_image_id":0,"font":"","enabled":false},"version":2}},"categories":[27,10,35],"tags":[],"class_list":["post-9376","post","type-post","status-publish","format-standard","has-post-thumbnail","hentry","category-blogu-i-udhetarit","category-kultura","category-shoqerore"],"jetpack_publicize_connections":[],"jetpack_featured_media_url":"https:\/\/i0.wp.com\/www.shqiperia.com\/blog\/wp-content\/uploads\/2018\/07\/36474412_2136709779908118_3938297487864889344_n.jpg?fit=960%2C720&ssl=1","jetpack_sharing_enabled":true,"jetpack_shortlink":"https:\/\/wp.me\/p5Z6wp-2re","jetpack-related-posts":[{"id":101598,"url":"https:\/\/www.shqiperia.com\/blog\/skandali-i-marines-se-durresit-dokumenti-qe-fundos-qeverine-ndryshoi-projektin-ne-dhjetor-2025\/","url_meta":{"origin":9376,"position":0},"title":"Skandali i Marin\u00ebs s\u00eb Durr\u00ebsit\/ Dokumenti q\u00eb fundos qeverin\u00eb, ndryshoi projektin n\u00eb dhjetor 2025!","author":"Kurt Farka","date":"June 18, 2026","format":false,"excerpt":"Fundosja e Marin\u00ebs s\u00eb Durr\u00ebsit merr nj\u00eb spirale t\u00eb re, pavar\u00ebsisht ndodhive m\u00eb t\u00eb fundit n\u00eb vendin ton\u00eb, ku skandalet kapin nj\u00ebra tjetr\u00ebn. Projekti q\u00eb nisi si nj\u00eb risi n\u00eb Shqip\u00ebri, po kthehet dal\u00ebngadal\u00eb n\u00eb nj\u00eb d\u00ebshtim, pasi dy nga shum\u00eb godinat q\u00eb do t\u00eb nd\u00ebrtohen n\u00eb at\u00eb territor kan\u00eb\u2026","rel":"","context":"In &quot;Blogu i Udh\u00ebtarit&quot;","block_context":{"text":"Blogu i Udh\u00ebtarit","link":"https:\/\/www.shqiperia.com\/blog\/category\/blogu-i-udhetarit\/"},"img":{"alt_text":"","src":"https:\/\/i0.wp.com\/www.shqiperia.com\/blog\/wp-content\/uploads\/2026\/06\/download-12-1.png?fit=600%2C400&ssl=1&resize=350%2C200","width":350,"height":200,"srcset":"https:\/\/i0.wp.com\/www.shqiperia.com\/blog\/wp-content\/uploads\/2026\/06\/download-12-1.png?fit=600%2C400&ssl=1&resize=350%2C200 1x, https:\/\/i0.wp.com\/www.shqiperia.com\/blog\/wp-content\/uploads\/2026\/06\/download-12-1.png?fit=600%2C400&ssl=1&resize=525%2C300 1.5x"},"classes":[]},{"id":101762,"url":"https:\/\/www.shqiperia.com\/blog\/detaje-te-reja-nga-dosja-aruba-spak-zbardh-rolin-e-besnik-myftarit-si-mbulese-per-fshehjen-e-pasurive-te\/","url_meta":{"origin":9376,"position":1},"title":"Detaje t\u00eb reja nga dosja \u201cAruba\u201d, SPAK zbardh rolin e Besnik Myftarit si \u201cmbules\u00eb\u201d p\u00ebr fshehjen e pasurive t\u00eb\u2026","author":"Kurt Farka","date":"June 24, 2026","format":false,"excerpt":"Hetimet e Prokuroris\u00eb s\u00eb Posa\u00e7me Kund\u00ebr Korrupsionit dhe Krimit t\u00eb Organizuar (SPAK) p\u00ebr dosjen e njohur si \u201cAruba\u201d kan\u00eb \u00e7uar n\u00eb ekzekutimin e disa masave t\u00eb siguris\u00eb, nd\u00ebrsa mes personave p\u00ebr t\u00eb cil\u00ebt \u00ebsht\u00eb caktuar masa e arrestit n\u00eb munges\u00eb figuron edhe Besnik Myftari, ish-z\u00ebvend\u00ebsdrejtor i \u201cTop Channel\u201d. Sipas materialeve\u2026","rel":"","context":"In &quot;Blogu i Udh\u00ebtarit&quot;","block_context":{"text":"Blogu i Udh\u00ebtarit","link":"https:\/\/www.shqiperia.com\/blog\/category\/blogu-i-udhetarit\/"},"img":{"alt_text":"","src":"https:\/\/i0.wp.com\/www.shqiperia.com\/blog\/wp-content\/uploads\/2026\/06\/besnik-myftari.jpg?fit=795%2C429&ssl=1&resize=350%2C200","width":350,"height":200,"srcset":"https:\/\/i0.wp.com\/www.shqiperia.com\/blog\/wp-content\/uploads\/2026\/06\/besnik-myftari.jpg?fit=795%2C429&ssl=1&resize=350%2C200 1x, https:\/\/i0.wp.com\/www.shqiperia.com\/blog\/wp-content\/uploads\/2026\/06\/besnik-myftari.jpg?fit=795%2C429&ssl=1&resize=525%2C300 1.5x, https:\/\/i0.wp.com\/www.shqiperia.com\/blog\/wp-content\/uploads\/2026\/06\/besnik-myftari.jpg?fit=795%2C429&ssl=1&resize=700%2C400 2x"},"classes":[]},{"id":103943,"url":"https:\/\/www.shqiperia.com\/blog\/ai-po-ve-ne-gjume-trurin-studimi-ngre-shqetesime-per-kujtesen-dhe-mendimin-kritik\/","url_meta":{"origin":9376,"position":2},"title":"AI po \u201cv\u00eb n\u00eb gjum\u00eb\u201d trurin? Studimi ngre shqet\u00ebsime p\u00ebr kujtes\u00ebn dhe mendimin kritik","author":"Kurt Farka","date":"August 7, 2026","format":false,"excerpt":"7 Gusht 2026 P\u00ebrdorimi i inteligjenc\u00ebs artificiale dob\u00ebson kujtes\u00ebn, p\u00ebrq\u00ebndrimin dhe mendimin kritik. Nj\u00eb studim i fundit tregon se pjes\u00ebmarr\u00ebsit q\u00eb p\u00ebrdor\u00ebn ChatGPT gjat\u00eb shkrimit t\u00eb nj\u00eb eseje shfaq\u00ebn aktivitet m\u00eb t\u00eb ul\u00ebt cerebral dhe mbanin mend shum\u00eb m\u00eb pak nga ajo q\u00eb kishin shkruar. AI fik memorjen dhe sensin\u2026","rel":"","context":"In &quot;Blogu i Udh\u00ebtarit&quot;","block_context":{"text":"Blogu i Udh\u00ebtarit","link":"https:\/\/www.shqiperia.com\/blog\/category\/blogu-i-udhetarit\/"},"img":{"alt_text":"","src":"https:\/\/i0.wp.com\/www.shqiperia.com\/blog\/wp-content\/uploads\/2026\/08\/800-0-inteligjenca-artificiale-879-171-1.jpg?fit=800%2C533&ssl=1&resize=350%2C200","width":350,"height":200,"srcset":"https:\/\/i0.wp.com\/www.shqiperia.com\/blog\/wp-content\/uploads\/2026\/08\/800-0-inteligjenca-artificiale-879-171-1.jpg?fit=800%2C533&ssl=1&resize=350%2C200 1x, https:\/\/i0.wp.com\/www.shqiperia.com\/blog\/wp-content\/uploads\/2026\/08\/800-0-inteligjenca-artificiale-879-171-1.jpg?fit=800%2C533&ssl=1&resize=525%2C300 1.5x, https:\/\/i0.wp.com\/www.shqiperia.com\/blog\/wp-content\/uploads\/2026\/08\/800-0-inteligjenca-artificiale-879-171-1.jpg?fit=800%2C533&ssl=1&resize=700%2C400 2x"},"classes":[]},{"id":101581,"url":"https:\/\/www.shqiperia.com\/blog\/nga-partia-socialiste-te-partia-e-resorteve-2\/","url_meta":{"origin":9376,"position":3},"title":"Nga Partia Socialiste te Partia e Resorteve","author":"Kurt Farka","date":"June 18, 2026","format":false,"excerpt":"Nga Adrian Thano \u200bA ka ndonj\u00eb qasje socialiste n\u00eb vendimet, ligjet, lejet e nd\u00ebrtimit q\u00eb po jepen p\u00ebr Zv\u00ebrnecin, Vlor\u00ebn dhe mbar\u00eb bregdetin? P\u00ebrgjigja shkurt \u00ebsht\u00eb JO. Shtylla e par\u00eb e socializmit \u00ebsht\u00eb mbrojtja e pasuris\u00eb publike dhe garantimi q\u00eb burimet natyrore t\u2019i sh\u00ebrbejn\u00eb t\u00eb gjith\u00eb shoq\u00ebris\u00eb. E dyta, p\u00ebr\u2026","rel":"","context":"In &quot;Blogu i Udh\u00ebtarit&quot;","block_context":{"text":"Blogu i Udh\u00ebtarit","link":"https:\/\/www.shqiperia.com\/blog\/category\/blogu-i-udhetarit\/"},"img":{"alt_text":"","src":"https:\/\/i0.wp.com\/www.shqiperia.com\/blog\/wp-content\/uploads\/2026\/06\/Screenshot_20260601_010402_Gallery.jpg?fit=720%2C620&ssl=1&resize=350%2C200","width":350,"height":200,"srcset":"https:\/\/i0.wp.com\/www.shqiperia.com\/blog\/wp-content\/uploads\/2026\/06\/Screenshot_20260601_010402_Gallery.jpg?fit=720%2C620&ssl=1&resize=350%2C200 1x, https:\/\/i0.wp.com\/www.shqiperia.com\/blog\/wp-content\/uploads\/2026\/06\/Screenshot_20260601_010402_Gallery.jpg?fit=720%2C620&ssl=1&resize=525%2C300 1.5x, https:\/\/i0.wp.com\/www.shqiperia.com\/blog\/wp-content\/uploads\/2026\/06\/Screenshot_20260601_010402_Gallery.jpg?fit=720%2C620&ssl=1&resize=700%2C400 2x"},"classes":[]},{"id":105573,"url":"https:\/\/www.shqiperia.com\/blog\/pajisjet-izraelite-qe-bllokuan-tiktok-un-dyshohet-se-pergjuan-spak-un-nen-hetim-igli-tafa-dhe-gentian-sala\/","url_meta":{"origin":9376,"position":4},"title":"Pajisjet izraelite q\u00eb bllokuan TikTok-un dyshohet se p\u00ebrgjuan SPAK-un, n\u00ebn hetim Igli Tafa dhe Gentian Sala","author":"Kurt Farka","date":"August 31, 2026","format":false,"excerpt":"31 Gusht 2026 Nj\u00eb hetim i fort\u00eb \u00a0i Prokuroris\u00eb s\u00eb Posa\u00e7me po zhvillohet mbi instalimin dhe p\u00ebrdorimin e pajisjeve izraelite \u201cDeep Packet Inspection\u201d n\u00eb rrjetet e komunikimeve elektronike shqiptare gjat\u00eb vitit 2025. Burime konfidenciale brenda Byros\u00eb Komb\u00ebtare t\u00eb Hetimit i than\u00eb redaktorit t\u00eb Publik.al se SPAK ka regjistruar nj\u00eb \u00e7\u00ebshtje\u2026","rel":"","context":"In &quot;Blogu i Udh\u00ebtarit&quot;","block_context":{"text":"Blogu i Udh\u00ebtarit","link":"https:\/\/www.shqiperia.com\/blog\/category\/blogu-i-udhetarit\/"},"img":{"alt_text":"","src":"https:\/\/i0.wp.com\/www.shqiperia.com\/blog\/wp-content\/uploads\/2026\/08\/640-0-f0f9f5fdd848216169a3b5ae991e4098.png?fit=640%2C336&ssl=1&resize=350%2C200","width":350,"height":200,"srcset":"https:\/\/i0.wp.com\/www.shqiperia.com\/blog\/wp-content\/uploads\/2026\/08\/640-0-f0f9f5fdd848216169a3b5ae991e4098.png?fit=640%2C336&ssl=1&resize=350%2C200 1x, https:\/\/i0.wp.com\/www.shqiperia.com\/blog\/wp-content\/uploads\/2026\/08\/640-0-f0f9f5fdd848216169a3b5ae991e4098.png?fit=640%2C336&ssl=1&resize=525%2C300 1.5x"},"classes":[]},{"id":102860,"url":"https:\/\/www.shqiperia.com\/blog\/artan-hoxha-zbardh-prapaskenat-e-takimit-ne-aruba-ja-si-pergjimet-e-autoriteteve-belge-nxoren-ne-drite-planet-e\/","url_meta":{"origin":9376,"position":5},"title":"Artan Hoxha zbardh prapaskenat e takimit n\u00eb Aruba, ja si p\u00ebrgjimet e autoriteteve belge nxor\u00ebn n\u00eb drit\u00eb planet e\u2026","author":"Kurt Farka","date":"July 18, 2026","format":false,"excerpt":"18 Korrik 2026 Gazetari investigativ, Artan Hoxha ka zbardhur detaje t\u00eb reja n\u00eb \u201cRadar\u201d rreth takimit misterioz n\u00eb ishullin e Arub\u00ebs, duke treguar se si autoritetet belge ran\u00eb n\u00eb gjurm\u00ebt e nj\u00eb skeme gjigante q\u00eb synonte pastrimin e parave t\u00eb krimit p\u00ebrmes investimeve n\u00eb turiz\u00ebm dhe nd\u00ebrtim n\u00eb Shqip\u00ebri. Hoxha\u2026","rel":"","context":"In &quot;Blogu i Udh\u00ebtarit&quot;","block_context":{"text":"Blogu i Udh\u00ebtarit","link":"https:\/\/www.shqiperia.com\/blog\/category\/blogu-i-udhetarit\/"},"img":{"alt_text":"","src":"https:\/\/i0.wp.com\/www.shqiperia.com\/blog\/wp-content\/uploads\/2026\/07\/foto-4-5.jpg?fit=1200%2C800&ssl=1&resize=350%2C200","width":350,"height":200,"srcset":"https:\/\/i0.wp.com\/www.shqiperia.com\/blog\/wp-content\/uploads\/2026\/07\/foto-4-5.jpg?fit=1200%2C800&ssl=1&resize=350%2C200 1x, https:\/\/i0.wp.com\/www.shqiperia.com\/blog\/wp-content\/uploads\/2026\/07\/foto-4-5.jpg?fit=1200%2C800&ssl=1&resize=525%2C300 1.5x, https:\/\/i0.wp.com\/www.shqiperia.com\/blog\/wp-content\/uploads\/2026\/07\/foto-4-5.jpg?fit=1200%2C800&ssl=1&resize=700%2C400 2x, https:\/\/i0.wp.com\/www.shqiperia.com\/blog\/wp-content\/uploads\/2026\/07\/foto-4-5.jpg?fit=1200%2C800&ssl=1&resize=1050%2C600 3x"},"classes":[]}],"_links":{"self":[{"href":"https:\/\/www.shqiperia.com\/blog\/wp-json\/wp\/v2\/posts\/9376","targetHints":{"allow":["GET"]}}],"collection":[{"href":"https:\/\/www.shqiperia.com\/blog\/wp-json\/wp\/v2\/posts"}],"about":[{"href":"https:\/\/www.shqiperia.com\/blog\/wp-json\/wp\/v2\/types\/post"}],"author":[{"embeddable":true,"href":"https:\/\/www.shqiperia.com\/blog\/wp-json\/wp\/v2\/users\/9"}],"replies":[{"embeddable":true,"href":"https:\/\/www.shqiperia.com\/blog\/wp-json\/wp\/v2\/comments?post=9376"}],"version-history":[{"count":1,"href":"https:\/\/www.shqiperia.com\/blog\/wp-json\/wp\/v2\/posts\/9376\/revisions"}],"predecessor-version":[{"id":9380,"href":"https:\/\/www.shqiperia.com\/blog\/wp-json\/wp\/v2\/posts\/9376\/revisions\/9380"}],"wp:featuredmedia":[{"embeddable":true,"href":"https:\/\/www.shqiperia.com\/blog\/wp-json\/wp\/v2\/media\/9377"}],"wp:attachment":[{"href":"https:\/\/www.shqiperia.com\/blog\/wp-json\/wp\/v2\/media?parent=9376"}],"wp:term":[{"taxonomy":"category","embeddable":true,"href":"https:\/\/www.shqiperia.com\/blog\/wp-json\/wp\/v2\/categories?post=9376"},{"taxonomy":"post_tag","embeddable":true,"href":"https:\/\/www.shqiperia.com\/blog\/wp-json\/wp\/v2\/tags?post=9376"}],"curies":[{"name":"wp","href":"https:\/\/api.w.org\/{rel}","templated":true}]}}