{"id":9371,"date":"2018-07-03T08:55:36","date_gmt":"2018-07-03T08:55:36","guid":{"rendered":"http:\/\/www.shqiperia.com\/blog\/?p=9371"},"modified":"2018-07-03T08:55:36","modified_gmt":"2018-07-03T08:55:36","slug":"turpi-i-tiranes-xhaka-e-shaqiri-denohen-per-shqiponje-e-ne-qendra-tregtare-te-tiranes-vendosen-flamujt-e-serbise","status":"publish","type":"post","link":"https:\/\/www.shqiperia.com\/blog\/turpi-i-tiranes-xhaka-e-shaqiri-denohen-per-shqiponje-e-ne-qendra-tregtare-te-tiranes-vendosen-flamujt-e-serbise\/","title":{"rendered":"Turpi i Tiran\u00ebs: Xhaka e Shaqiri d\u00ebnohen p\u00ebr shqiponj\u00eb e n\u00eb qendra tregtare t\u00eb Tiran\u00ebs vendosen flamujt e Serbis\u00eb. &#8211;"},"content":{"rendered":"<p><img data-recalc-dims=\"1\" loading=\"lazy\" decoding=\"async\" data-attachment-id=\"9372\" data-permalink=\"https:\/\/www.shqiperia.com\/blog\/turpi-i-tiranes-xhaka-e-shaqiri-denohen-per-shqiponje-e-ne-qendra-tregtare-te-tiranes-vendosen-flamujt-e-serbise\/untitled-design-9-1-768x576-696x522\/\" data-orig-file=\"https:\/\/i0.wp.com\/www.shqiperia.com\/blog\/wp-content\/uploads\/2018\/07\/Untitled-design-9-1-768x576-696x522.jpg?fit=494%2C328&amp;ssl=1\" data-orig-size=\"494,328\" data-comments-opened=\"1\" data-image-meta=\"{&quot;aperture&quot;:&quot;0&quot;,&quot;credit&quot;:&quot;&quot;,&quot;camera&quot;:&quot;&quot;,&quot;caption&quot;:&quot;?????????????????????????????????????????????????????????&quot;,&quot;created_timestamp&quot;:&quot;0&quot;,&quot;copyright&quot;:&quot;&quot;,&quot;focal_length&quot;:&quot;0&quot;,&quot;iso&quot;:&quot;0&quot;,&quot;shutter_speed&quot;:&quot;0&quot;,&quot;title&quot;:&quot;&quot;,&quot;orientation&quot;:&quot;0&quot;}\" data-image-title=\"Untitled-design-9-1-768&#215;576-696&#215;522\" data-image-description=\"\" data-image-caption=\"&lt;p&gt;?????????????????????????????????????????????????????????&lt;\/p&gt;\n\" data-medium-file=\"https:\/\/i0.wp.com\/www.shqiperia.com\/blog\/wp-content\/uploads\/2018\/07\/Untitled-design-9-1-768x576-696x522.jpg?fit=300%2C199&amp;ssl=1\" data-large-file=\"https:\/\/i0.wp.com\/www.shqiperia.com\/blog\/wp-content\/uploads\/2018\/07\/Untitled-design-9-1-768x576-696x522.jpg?fit=494%2C328&amp;ssl=1\" class=\"size-medium wp-image-9372\" alt=\"\" src=\"https:\/\/i0.wp.com\/www.shqiperia.com\/blog\/wp-content\/uploads\/2018\/07\/Untitled-design-9-1-768x576-696x522-300x199.jpg?resize=300%2C199\" width=\"300\" height=\"199\" srcset=\"https:\/\/i0.wp.com\/www.shqiperia.com\/blog\/wp-content\/uploads\/2018\/07\/Untitled-design-9-1-768x576-696x522.jpg?resize=300%2C199&amp;ssl=1 300w, https:\/\/i0.wp.com\/www.shqiperia.com\/blog\/wp-content\/uploads\/2018\/07\/Untitled-design-9-1-768x576-696x522.jpg?w=494&amp;ssl=1 494w\" sizes=\"auto, (max-width: 300px) 100vw, 300px\" \/><\/p>\n<p><strong>Turpi i Tiran\u00ebs: Xhaka e Shaqiri d\u00ebnohen p\u00ebr shqiponj\u00eb e n\u00eb qendra tregtare t\u00eb Tiran\u00ebs vendosen flamujt e Serbis\u00eb. &#8211;<br \/>\n<\/strong><\/p>\n<p>29 Qershor, 2018<\/p>\n<p><strong>Pik\u00ebrisht n\u00eb dit\u00ebn kur dy futbollist\u00ebt kosovar\u00eb, Granit Xhaka e Xherdan Shaqiri paguan 20 mij\u00eb euro gjob\u00eb se lart\u00ebsuan shqiponj\u00ebn e flamurit komb\u00ebtar\u00eb midis Rusis\u00eb, nj\u00eb qend\u00ebr tregtare n\u00eb Tiran\u00eb po e lart\u00ebson flamurin e Serbis\u00eb n\u00eb ambientet e saj.<\/strong><\/p>\n<p><img data-recalc-dims=\"1\" loading=\"lazy\" decoding=\"async\" data-attachment-id=\"9373\" data-permalink=\"https:\/\/www.shqiperia.com\/blog\/turpi-i-tiranes-xhaka-e-shaqiri-denohen-per-shqiponje-e-ne-qendra-tregtare-te-tiranes-vendosen-flamujt-e-serbise\/untitled-design-10-1-768x1024-696x928\/\" data-orig-file=\"https:\/\/i0.wp.com\/www.shqiperia.com\/blog\/wp-content\/uploads\/2018\/07\/Untitled-design-10-1-768x1024-696x928.jpg?fit=696%2C928&amp;ssl=1\" data-orig-size=\"696,928\" data-comments-opened=\"1\" data-image-meta=\"{&quot;aperture&quot;:&quot;0&quot;,&quot;credit&quot;:&quot;&quot;,&quot;camera&quot;:&quot;&quot;,&quot;caption&quot;:&quot;&quot;,&quot;created_timestamp&quot;:&quot;0&quot;,&quot;copyright&quot;:&quot;&quot;,&quot;focal_length&quot;:&quot;0&quot;,&quot;iso&quot;:&quot;0&quot;,&quot;shutter_speed&quot;:&quot;0&quot;,&quot;title&quot;:&quot;&quot;,&quot;orientation&quot;:&quot;0&quot;}\" data-image-title=\"Untitled-design-10-1-768&#215;1024-696&#215;928\" data-image-description=\"\" data-image-caption=\"\" data-medium-file=\"https:\/\/i0.wp.com\/www.shqiperia.com\/blog\/wp-content\/uploads\/2018\/07\/Untitled-design-10-1-768x1024-696x928.jpg?fit=225%2C300&amp;ssl=1\" data-large-file=\"https:\/\/i0.wp.com\/www.shqiperia.com\/blog\/wp-content\/uploads\/2018\/07\/Untitled-design-10-1-768x1024-696x928.jpg?fit=696%2C928&amp;ssl=1\" class=\"alignnone  wp-image-9373\" alt=\"\" src=\"https:\/\/i0.wp.com\/www.shqiperia.com\/blog\/wp-content\/uploads\/2018\/07\/Untitled-design-10-1-768x1024-696x928-225x300.jpg?resize=443%2C591\" width=\"443\" height=\"591\" srcset=\"https:\/\/i0.wp.com\/www.shqiperia.com\/blog\/wp-content\/uploads\/2018\/07\/Untitled-design-10-1-768x1024-696x928.jpg?resize=225%2C300&amp;ssl=1 225w, https:\/\/i0.wp.com\/www.shqiperia.com\/blog\/wp-content\/uploads\/2018\/07\/Untitled-design-10-1-768x1024-696x928.jpg?resize=696%2C928&amp;ssl=1 696w\" sizes=\"auto, (max-width: 443px) 100vw, 443px\" \/><\/p>\n<p>Si\u00e7 edhe shihet n\u00eb fotot dhe videon e siguruar nga Gazeta Fokus, qendra tregetare \u201cRings\u201d, m\u00eb e madhja n\u00eb kryeqytetin e Shqip\u00ebris\u00eb, ku m\u00eb s\u00eb shumti e frekuentojn\u00eb kosovar\u00ebt, ka varur n\u00eb mes t\u00eb objektit t\u00eb saj flamuj gjigant t\u00eb shtetit q\u00eb deri para pak vitesh vrau dhe tentoi t\u00eb shfaros\u00eb kosovar\u00ebt.<\/p>\n<p>Edhe t\u00eb premten kur jan\u00eb realizuar fotografit\u00eb shumica e klient\u00ebve n\u00eb k\u00ebt\u00eb qend\u00ebr ishin kosovar\u00eb.<\/p>\n<p>Ata jan\u00eb shprehur t\u00eb shqet\u00ebsuar p\u00ebr k\u00ebt\u00eb gjest pik\u00ebrisht n\u00eb dit\u00ebn kur shqiptar\u00ebt kan\u00eb paguar gjob\u00ebn prej 25 mij\u00eb euro p\u00ebr shkak t\u00eb d\u00ebnimit q\u00eb FIFA i b\u00ebri dy futbollist\u00ebve kosovar\u00eb dhe nj\u00eb zviceran.<\/p>\n<p><img data-recalc-dims=\"1\" loading=\"lazy\" decoding=\"async\" data-attachment-id=\"9374\" data-permalink=\"https:\/\/www.shqiperia.com\/blog\/turpi-i-tiranes-xhaka-e-shaqiri-denohen-per-shqiponje-e-ne-qendra-tregtare-te-tiranes-vendosen-flamujt-e-serbise\/untitled-design-12-1-768x1024-696x928\/\" data-orig-file=\"https:\/\/i0.wp.com\/www.shqiperia.com\/blog\/wp-content\/uploads\/2018\/07\/Untitled-design-12-1-768x1024-696x928.jpg?fit=696%2C692&amp;ssl=1\" data-orig-size=\"696,692\" data-comments-opened=\"1\" data-image-meta=\"{&quot;aperture&quot;:&quot;0&quot;,&quot;credit&quot;:&quot;&quot;,&quot;camera&quot;:&quot;&quot;,&quot;caption&quot;:&quot;&quot;,&quot;created_timestamp&quot;:&quot;0&quot;,&quot;copyright&quot;:&quot;&quot;,&quot;focal_length&quot;:&quot;0&quot;,&quot;iso&quot;:&quot;0&quot;,&quot;shutter_speed&quot;:&quot;0&quot;,&quot;title&quot;:&quot;&quot;,&quot;orientation&quot;:&quot;0&quot;}\" data-image-title=\"Untitled-design-12-1-768&#215;1024-696&#215;928\" data-image-description=\"\" data-image-caption=\"\" data-medium-file=\"https:\/\/i0.wp.com\/www.shqiperia.com\/blog\/wp-content\/uploads\/2018\/07\/Untitled-design-12-1-768x1024-696x928.jpg?fit=300%2C298&amp;ssl=1\" data-large-file=\"https:\/\/i0.wp.com\/www.shqiperia.com\/blog\/wp-content\/uploads\/2018\/07\/Untitled-design-12-1-768x1024-696x928.jpg?fit=696%2C692&amp;ssl=1\" class=\"alignnone  wp-image-9374\" alt=\"\" src=\"https:\/\/i0.wp.com\/www.shqiperia.com\/blog\/wp-content\/uploads\/2018\/07\/Untitled-design-12-1-768x1024-696x928-300x298.jpg?resize=477%2C474\" width=\"477\" height=\"474\" srcset=\"https:\/\/i0.wp.com\/www.shqiperia.com\/blog\/wp-content\/uploads\/2018\/07\/Untitled-design-12-1-768x1024-696x928.jpg?resize=300%2C298&amp;ssl=1 300w, https:\/\/i0.wp.com\/www.shqiperia.com\/blog\/wp-content\/uploads\/2018\/07\/Untitled-design-12-1-768x1024-696x928.jpg?resize=150%2C150&amp;ssl=1 150w, https:\/\/i0.wp.com\/www.shqiperia.com\/blog\/wp-content\/uploads\/2018\/07\/Untitled-design-12-1-768x1024-696x928.jpg?resize=696%2C928&amp;ssl=1 696w\" sizes=\"auto, (max-width: 477px) 100vw, 477px\" \/><\/p>\n<p>E kjo pas ankes\u00ebs q\u00eb Serbia b\u00ebri n\u00eb FIFA pasi kosovar\u00ebt dhe zvicerani b\u00ebn\u00eb simbolin e shqiponj\u00ebs n\u00eb ndeshjes Zvic\u00ebr-Serbi e cila p\u00ebrfundoj me rezultat 2 me 0.<\/p>\n<p>Simpati e disa qytetar\u00ebve t\u00eb Shqip\u00ebris\u00eb p\u00ebr Serbin\u00eb \u00ebsht\u00eb d\u00ebshmuar edhe dit\u00eb m\u00eb par\u00eb nga komanetatori i TVSH-s\u00eb, Konstandin Grillo, i cili deklaroj se n\u00eb k\u00ebt\u00eb kampionat p\u00ebrkrah\u00eb Serbin\u00eb e jo shtetet ku luajn\u00eb shqiptar\u00ebt, shkruan GazetaFokus.<\/p>\n<p>Nga: INFO KOSOVA<\/p>\n","protected":false},"excerpt":{"rendered":"<p>Turpi i Tiran\u00ebs: Xhaka e Shaqiri d\u00ebnohen p\u00ebr shqiponj\u00eb e n\u00eb qendra tregtare t\u00eb Tiran\u00ebs vendosen flamujt e Serbis\u00eb. &#8211; 29 Qershor, 2018 Pik\u00ebrisht n\u00eb dit\u00ebn kur dy futbollist\u00ebt kosovar\u00eb, Granit Xhaka e Xherdan Shaqiri paguan 20 mij\u00eb euro gjob\u00eb se lart\u00ebsuan shqiponj\u00ebn e flamurit komb\u00ebtar\u00eb midis Rusis\u00eb, nj\u00eb qend\u00ebr tregtare n\u00eb Tiran\u00eb po e [&hellip;]<\/p>\n","protected":false},"author":9,"featured_media":9372,"comment_status":"open","ping_status":"open","sticky":false,"template":"","format":"standard","meta":{"jetpack_post_was_ever_published":false,"_jetpack_newsletter_access":"","_jetpack_dont_email_post_to_subs":false,"_jetpack_newsletter_tier_id":0,"_jetpack_memberships_contains_paywalled_content":false,"_jetpack_memberships_contains_paid_content":false,"footnotes":"","jetpack_publicize_message":"","jetpack_publicize_feature_enabled":true,"jetpack_social_post_already_shared":true,"jetpack_social_options":{"image_generator_settings":{"template":"highway","default_image_id":0,"font":"","enabled":false},"version":2}},"categories":[10,1,35],"tags":[],"class_list":["post-9371","post","type-post","status-publish","format-standard","has-post-thumbnail","hentry","category-kultura","category-njoftime-shtypi","category-shoqerore"],"jetpack_publicize_connections":[],"jetpack_featured_media_url":"https:\/\/i0.wp.com\/www.shqiperia.com\/blog\/wp-content\/uploads\/2018\/07\/Untitled-design-9-1-768x576-696x522.jpg?fit=494%2C328&ssl=1","jetpack_sharing_enabled":true,"jetpack_shortlink":"https:\/\/wp.me\/p5Z6wp-2r9","jetpack-related-posts":[{"id":103878,"url":"https:\/\/www.shqiperia.com\/blog\/alarme-per-bombe-ne-milano-evakuohen-gjashte-qendra-tregtare-pas-nje-emaili-kercenues\/","url_meta":{"origin":9371,"position":0},"title":"Alarme p\u00ebr bomb\u00eb n\u00eb Milano, evakuohen gjasht\u00eb qendra tregtare pas nj\u00eb emaili k\u00ebrc\u00ebnues","author":"Kurt Farka","date":"August 6, 2026","format":false,"excerpt":"6 Gusht 2026 Gjasht\u00eb qendra tregtare n\u00eb zon\u00ebn e Milanos jan\u00eb evakuuar pasditen e s\u00eb m\u00ebrkur\u00ebs, 5 gusht, pas nj\u00eb k\u00ebrc\u00ebnimi me bomb\u00eb t\u00eb marr\u00eb p\u00ebrmes emailit. Ngjarja u raportua rreth or\u00ebs 17:30, kur drejtuesit e qendrave tregtare mor\u00ebn nj\u00eb mesazh me t\u00eb nj\u00ebjt\u00ebn p\u00ebrmbajtje dhe me subjektin \u201cLexo urgjentisht\u201d.\u2026","rel":"","context":"In &quot;Blogu i Udh\u00ebtarit&quot;","block_context":{"text":"Blogu i Udh\u00ebtarit","link":"https:\/\/www.shqiperia.com\/blog\/category\/blogu-i-udhetarit\/"},"img":{"alt_text":"","src":"https:\/\/i0.wp.com\/www.shqiperia.com\/blog\/wp-content\/uploads\/2026\/08\/f8255376ef27e4f1e0ba830faef97e6a_sd.webp?fit=1200%2C675&ssl=1&resize=350%2C200","width":350,"height":200,"srcset":"https:\/\/i0.wp.com\/www.shqiperia.com\/blog\/wp-content\/uploads\/2026\/08\/f8255376ef27e4f1e0ba830faef97e6a_sd.webp?fit=1200%2C675&ssl=1&resize=350%2C200 1x, https:\/\/i0.wp.com\/www.shqiperia.com\/blog\/wp-content\/uploads\/2026\/08\/f8255376ef27e4f1e0ba830faef97e6a_sd.webp?fit=1200%2C675&ssl=1&resize=525%2C300 1.5x, https:\/\/i0.wp.com\/www.shqiperia.com\/blog\/wp-content\/uploads\/2026\/08\/f8255376ef27e4f1e0ba830faef97e6a_sd.webp?fit=1200%2C675&ssl=1&resize=700%2C400 2x, https:\/\/i0.wp.com\/www.shqiperia.com\/blog\/wp-content\/uploads\/2026\/08\/f8255376ef27e4f1e0ba830faef97e6a_sd.webp?fit=1200%2C675&ssl=1&resize=1050%2C600 3x"},"classes":[]},{"id":100192,"url":"https:\/\/www.shqiperia.com\/blog\/ganimete-cuka-bukuroshja-e-tiranes-qe-diktatura-e-coi-ne-vetevarje-letra-qe-la-varja-ne-litar-me-nenen-me-1967\/","url_meta":{"origin":9371,"position":1},"title":"Ganimete Cuka, bukuroshja e Tiran\u00ebs q\u00eb diktatura e \u00e7oi n\u00eb vet\u00ebvarje, letra q\u00eb la! &#8211; Varja n\u00eb litar me n\u00ebn\u00ebn m\u00eb 1967","author":"Kurt Farka","date":"May 13, 2026","format":false,"excerpt":"13 Maji 2026 Ka histori q\u00eb nuk mbeten vet\u00ebm kujtime t\u00eb err\u00ebta t\u00eb komunizmit shqiptar, por kthehen n\u00eb plag\u00eb kolektive t\u00eb nj\u00eb shoq\u00ebrie q\u00eb ende nuk ka arritur t\u00eb p\u00ebrballet plot\u00ebsisht me t\u00eb shkuar\u00ebn e saj. Historia e Ganimete Cuk\u00ebs \u00ebsht\u00eb nj\u00eb prej tyre. Nj\u00eb histori e dhimbshme, trondit\u00ebse, ku\u2026","rel":"","context":"In &quot;Blogu i Udh\u00ebtarit&quot;","block_context":{"text":"Blogu i Udh\u00ebtarit","link":"https:\/\/www.shqiperia.com\/blog\/category\/blogu-i-udhetarit\/"},"img":{"alt_text":"","src":"https:\/\/i0.wp.com\/www.shqiperia.com\/blog\/wp-content\/uploads\/2026\/05\/Ganimete-Cuka.jpg?fit=809%2C539&ssl=1&resize=350%2C200","width":350,"height":200,"srcset":"https:\/\/i0.wp.com\/www.shqiperia.com\/blog\/wp-content\/uploads\/2026\/05\/Ganimete-Cuka.jpg?fit=809%2C539&ssl=1&resize=350%2C200 1x, https:\/\/i0.wp.com\/www.shqiperia.com\/blog\/wp-content\/uploads\/2026\/05\/Ganimete-Cuka.jpg?fit=809%2C539&ssl=1&resize=525%2C300 1.5x, https:\/\/i0.wp.com\/www.shqiperia.com\/blog\/wp-content\/uploads\/2026\/05\/Ganimete-Cuka.jpg?fit=809%2C539&ssl=1&resize=700%2C400 2x"},"classes":[]},{"id":104274,"url":"https:\/\/www.shqiperia.com\/blog\/shqiptari-do-hidhte-ne-ere-qendren-tregtare-mediat-italiane-plani-u-zbulua-nga-postimet-ne-rrjetet-sociale\/","url_meta":{"origin":9371,"position":2},"title":"Shqiptari do hidhte n\u00eb er\u00eb qendr\u00ebn tregtare\/ Mediat italiane: &#8211; Plani u zbulua nga postimet n\u00eb rrjetet sociale","author":"Kurt Farka","date":"August 12, 2026","format":false,"excerpt":"12 Gusht 2026 Nga Nicola Rotari,\u00a0CORRIERE DEL VENETO \u00cbsht\u00eb nj\u00eb nga qendrat tregtare m\u00eb t\u00eb njohura dhe m\u00eb t\u00eb m\u00ebdha t\u00eb Venetos, Adigeo n\u00eb Verona. Ajo q\u00eb \u00e7oi n\u00eb zbulimin e nj\u00eb 22-vje\u00e7ari me origjin\u00eb shqiptare, i ndaluar n\u00eb aeroportin Canova t\u00eb Trevisos, ishin nd\u00ebrhyrjet e tij me p\u00ebrmbajtje ekstremiste\u2026","rel":"","context":"In &quot;Blogu i Udh\u00ebtarit&quot;","block_context":{"text":"Blogu i Udh\u00ebtarit","link":"https:\/\/www.shqiperia.com\/blog\/category\/blogu-i-udhetarit\/"},"img":{"alt_text":"","src":"https:\/\/i0.wp.com\/www.shqiperia.com\/blog\/wp-content\/uploads\/2026\/08\/auto_shqiptari1786522539.png?fit=900%2C673&ssl=1&resize=350%2C200","width":350,"height":200,"srcset":"https:\/\/i0.wp.com\/www.shqiperia.com\/blog\/wp-content\/uploads\/2026\/08\/auto_shqiptari1786522539.png?fit=900%2C673&ssl=1&resize=350%2C200 1x, https:\/\/i0.wp.com\/www.shqiperia.com\/blog\/wp-content\/uploads\/2026\/08\/auto_shqiptari1786522539.png?fit=900%2C673&ssl=1&resize=525%2C300 1.5x, https:\/\/i0.wp.com\/www.shqiperia.com\/blog\/wp-content\/uploads\/2026\/08\/auto_shqiptari1786522539.png?fit=900%2C673&ssl=1&resize=700%2C400 2x"},"classes":[]},{"id":101332,"url":"https:\/\/www.shqiperia.com\/blog\/populli-vendos-a-jeni-dakord-qe-kryeministri-rama-te-jape-doreheqjen-protestuesit-ulen-aprovojne-kartonet-jeshile-2240-09-06-2026-a-a-populli-vendos-a-jeni-dakord\/","url_meta":{"origin":9371,"position":3},"title":"POPULLI VENDOS\/ \u201cA jeni dakord q\u00eb kryeministri Rama t\u00eb jap\u00eb dor\u00ebheqjen?\u201d, protestuesit ulen, aprovojn\u00eb karton\u00ebt jeshil\u00eb","author":"Kurt Farka","date":"June 9, 2026","format":false,"excerpt":"9 Qershor 2026 Vijon qendra e protestuesve para Bulevardit \u201cD\u00ebshmor\u00ebt e Kombit\u201d. Me thirrjen \u2018populli vendos!\u2019 dhe thirrjet p\u00ebr dor\u00ebheqje t\u00eb Ram\u00ebs, protesta vijon prej disa or\u00ebsh n\u00eb sheshin kryesor t\u00eb Tiran\u00ebs. Protestuesit kan\u00eb ngritur dhe kartonat jeshil\u00eb, duke dh\u00ebn\u00eb k\u00ebshtu \u2018ok\u2019 q\u00eb Rama t\u00eb jap\u00eb dor\u00ebheqjen. Me nj\u00eb tubim\u2026","rel":"","context":"In &quot;Histori&quot;","block_context":{"text":"Histori","link":"https:\/\/www.shqiperia.com\/blog\/category\/histori\/"},"img":{"alt_text":"","src":"https:\/\/i0.wp.com\/www.shqiperia.com\/blog\/wp-content\/uploads\/2026\/06\/IMG_9861.jpeg?fit=359%2C208&ssl=1&resize=350%2C200","width":350,"height":200},"classes":[]},{"id":100214,"url":"https:\/\/www.shqiperia.com\/blog\/i-mohuan-kandidimin-per-kryetare-te-pd-dhe-ngriti-padi-gjykata-e-tiranes-refuzon-mjeken-mereme-sela\/","url_meta":{"origin":9371,"position":4},"title":"I mohuan kandidimin p\u00ebr kryetare t\u00eb PD dhe ngriti padi, Gjykata e Tiran\u00ebs refuzon mjeken Mereme Sela","author":"Kurt Farka","date":"May 13, 2026","format":false,"excerpt":"13 Maji 2026 Padia e Mereme Sel\u00ebs mbi kandidimin e mohuar p\u00ebr zgjedhjet p\u00ebr kreun e PD \u00ebsht\u00eb refuzuar nga Gjykata e Tiran\u00ebs me argumentin se \u201cmungojn\u00eb dokumentet sho\u00ebrues\u201d. Vendimi m\u00ebsohet t\u00eb jet\u00eb marr\u00eb m\u00eb 8 maj nga gjyqtarja Suela Xhani. Mjekja pati dor\u00ebzuar aplikimin p\u00ebr t\u00eb kandiduar p\u00ebr postin\u2026","rel":"","context":"In &quot;Blogu i Udh\u00ebtarit&quot;","block_context":{"text":"Blogu i Udh\u00ebtarit","link":"https:\/\/www.shqiperia.com\/blog\/category\/blogu-i-udhetarit\/"},"img":{"alt_text":"","src":"https:\/\/i0.wp.com\/www.shqiperia.com\/blog\/wp-content\/uploads\/2026\/05\/image_870x_69f5d7feaefbb.webp?fit=870%2C462&ssl=1&resize=350%2C200","width":350,"height":200,"srcset":"https:\/\/i0.wp.com\/www.shqiperia.com\/blog\/wp-content\/uploads\/2026\/05\/image_870x_69f5d7feaefbb.webp?fit=870%2C462&ssl=1&resize=350%2C200 1x, https:\/\/i0.wp.com\/www.shqiperia.com\/blog\/wp-content\/uploads\/2026\/05\/image_870x_69f5d7feaefbb.webp?fit=870%2C462&ssl=1&resize=525%2C300 1.5x, https:\/\/i0.wp.com\/www.shqiperia.com\/blog\/wp-content\/uploads\/2026\/05\/image_870x_69f5d7feaefbb.webp?fit=870%2C462&ssl=1&resize=700%2C400 2x"},"classes":[]},{"id":102869,"url":"https:\/\/www.shqiperia.com\/blog\/neomalsorja-niset-drejt-tiranes-do-ti-bashkohem-protestes\/","url_meta":{"origin":9371,"position":5},"title":"\u2018Neomalsorja\u2019 niset drejt Tiran\u00ebs: &#8211; Do t\u2019i bashkohem protest\u00ebs.","author":"Kurt Farka","date":"July 18, 2026","format":false,"excerpt":"18 Korrik 2026 Deputetja e pavarur, Marjana Ko\u00e7eku e njohur edhe si \u2018Neomalsorja\u2019, \u00ebsht\u00eb nisur drejt Tiran\u00ebs. Ajo shprehet n\u00eb nj\u00eb video t\u00eb publikuar n\u00eb rrjetet e saj sociale se do t\u2019i bashkohet protest\u00ebs para Kryeministris\u00eb e cila sot \u00ebsht\u00eb n\u00eb dit\u00ebn e 49-t\u00eb. \u201cDo t\u2019i bashkohem protest\u00ebs e cila\u2026","rel":"","context":"In &quot;Blogu i Udh\u00ebtarit&quot;","block_context":{"text":"Blogu i Udh\u00ebtarit","link":"https:\/\/www.shqiperia.com\/blog\/category\/blogu-i-udhetarit\/"},"img":{"alt_text":"","src":"https:\/\/i0.wp.com\/www.shqiperia.com\/blog\/wp-content\/uploads\/2026\/07\/Mariana-Koceku.jpg?fit=1200%2C988&ssl=1&resize=350%2C200","width":350,"height":200,"srcset":"https:\/\/i0.wp.com\/www.shqiperia.com\/blog\/wp-content\/uploads\/2026\/07\/Mariana-Koceku.jpg?fit=1200%2C988&ssl=1&resize=350%2C200 1x, https:\/\/i0.wp.com\/www.shqiperia.com\/blog\/wp-content\/uploads\/2026\/07\/Mariana-Koceku.jpg?fit=1200%2C988&ssl=1&resize=525%2C300 1.5x, https:\/\/i0.wp.com\/www.shqiperia.com\/blog\/wp-content\/uploads\/2026\/07\/Mariana-Koceku.jpg?fit=1200%2C988&ssl=1&resize=700%2C400 2x, https:\/\/i0.wp.com\/www.shqiperia.com\/blog\/wp-content\/uploads\/2026\/07\/Mariana-Koceku.jpg?fit=1200%2C988&ssl=1&resize=1050%2C600 3x"},"classes":[]}],"_links":{"self":[{"href":"https:\/\/www.shqiperia.com\/blog\/wp-json\/wp\/v2\/posts\/9371","targetHints":{"allow":["GET"]}}],"collection":[{"href":"https:\/\/www.shqiperia.com\/blog\/wp-json\/wp\/v2\/posts"}],"about":[{"href":"https:\/\/www.shqiperia.com\/blog\/wp-json\/wp\/v2\/types\/post"}],"author":[{"embeddable":true,"href":"https:\/\/www.shqiperia.com\/blog\/wp-json\/wp\/v2\/users\/9"}],"replies":[{"embeddable":true,"href":"https:\/\/www.shqiperia.com\/blog\/wp-json\/wp\/v2\/comments?post=9371"}],"version-history":[{"count":1,"href":"https:\/\/www.shqiperia.com\/blog\/wp-json\/wp\/v2\/posts\/9371\/revisions"}],"predecessor-version":[{"id":9375,"href":"https:\/\/www.shqiperia.com\/blog\/wp-json\/wp\/v2\/posts\/9371\/revisions\/9375"}],"wp:featuredmedia":[{"embeddable":true,"href":"https:\/\/www.shqiperia.com\/blog\/wp-json\/wp\/v2\/media\/9372"}],"wp:attachment":[{"href":"https:\/\/www.shqiperia.com\/blog\/wp-json\/wp\/v2\/media?parent=9371"}],"wp:term":[{"taxonomy":"category","embeddable":true,"href":"https:\/\/www.shqiperia.com\/blog\/wp-json\/wp\/v2\/categories?post=9371"},{"taxonomy":"post_tag","embeddable":true,"href":"https:\/\/www.shqiperia.com\/blog\/wp-json\/wp\/v2\/tags?post=9371"}],"curies":[{"name":"wp","href":"https:\/\/api.w.org\/{rel}","templated":true}]}}