{"id":9366,"date":"2018-07-02T18:47:22","date_gmt":"2018-07-02T18:47:22","guid":{"rendered":"http:\/\/www.shqiperia.com\/blog\/?p=9366"},"modified":"2018-07-02T18:47:22","modified_gmt":"2018-07-02T18:47:22","slug":"buka-shitet-pasi-i-hedhin-ngjyrues-eksperimenti-tregon-ngjyruesit-kancerogjen-ne-shqiperi","status":"publish","type":"post","link":"https:\/\/www.shqiperia.com\/blog\/buka-shitet-pasi-i-hedhin-ngjyrues-eksperimenti-tregon-ngjyruesit-kancerogjen-ne-shqiperi\/","title":{"rendered":"Buka shitet pasi i hedhin ngjyrues.. Eksperimenti tregon ngjyruesit kancerogjen n\u00eb Shqip\u00ebri.-"},"content":{"rendered":"<p><img data-recalc-dims=\"1\" loading=\"lazy\" decoding=\"async\" data-attachment-id=\"9367\" data-permalink=\"https:\/\/www.shqiperia.com\/blog\/buka-shitet-pasi-i-hedhin-ngjyrues-eksperimenti-tregon-ngjyruesit-kancerogjen-ne-shqiperi\/buk\/\" data-orig-file=\"https:\/\/i0.wp.com\/www.shqiperia.com\/blog\/wp-content\/uploads\/2018\/07\/buk.jpg?fit=830%2C530&amp;ssl=1\" data-orig-size=\"830,530\" data-comments-opened=\"1\" data-image-meta=\"{&quot;aperture&quot;:&quot;0&quot;,&quot;credit&quot;:&quot;&quot;,&quot;camera&quot;:&quot;&quot;,&quot;caption&quot;:&quot;&quot;,&quot;created_timestamp&quot;:&quot;0&quot;,&quot;copyright&quot;:&quot;&quot;,&quot;focal_length&quot;:&quot;0&quot;,&quot;iso&quot;:&quot;0&quot;,&quot;shutter_speed&quot;:&quot;0&quot;,&quot;title&quot;:&quot;&quot;,&quot;orientation&quot;:&quot;0&quot;}\" data-image-title=\"buk\" data-image-description=\"\" data-image-caption=\"\" data-medium-file=\"https:\/\/i0.wp.com\/www.shqiperia.com\/blog\/wp-content\/uploads\/2018\/07\/buk.jpg?fit=300%2C192&amp;ssl=1\" data-large-file=\"https:\/\/i0.wp.com\/www.shqiperia.com\/blog\/wp-content\/uploads\/2018\/07\/buk.jpg?fit=830%2C530&amp;ssl=1\" class=\"alignnone size-medium wp-image-9367\" alt=\"\" src=\"https:\/\/i0.wp.com\/www.shqiperia.com\/blog\/wp-content\/uploads\/2018\/07\/buk-300x192.jpg?resize=300%2C192\" width=\"300\" height=\"192\" srcset=\"https:\/\/i0.wp.com\/www.shqiperia.com\/blog\/wp-content\/uploads\/2018\/07\/buk.jpg?resize=300%2C192&amp;ssl=1 300w, https:\/\/i0.wp.com\/www.shqiperia.com\/blog\/wp-content\/uploads\/2018\/07\/buk.jpg?resize=768%2C490&amp;ssl=1 768w, https:\/\/i0.wp.com\/www.shqiperia.com\/blog\/wp-content\/uploads\/2018\/07\/buk.jpg?w=830&amp;ssl=1 830w\" sizes=\"auto, (max-width: 300px) 100vw, 300px\" \/><\/p>\n<p><strong>Buka <\/strong><strong>shitet pasi i hedhin ngjyrues.. Eksperimenti tregon ngjyruesit kancerogjen n\u00eb Shqip\u00ebri.-<\/strong><\/p>\n<p>Buka \u00ebsht\u00eb ajo q\u00eb konsumojm\u00eb \u00e7do dit\u00eb dhe n\u00eb tre vakte, por duket edhe k\u00ebtu jemi t\u00eb mashtruar dhe t\u00eb pasigurt. Top Channel kryen eksperiment me buk\u00ebn e zez\u00eb dhe at\u00eb integrale.<\/p>\n<p>E futur n\u00eb uj\u00eb p\u00ebr 60 minuta ajo l\u00ebshon ngjyr\u00eb, \u00e7ka do t\u00eb thot\u00eb se gjat\u00eb p\u00ebrgatitjes \u00ebsht\u00eb p\u00ebrdorur ngjyrues ushqimor. K\u00ebt\u00eb rezultat e konfirmon edhe eksperti i ushqimit Abdyl Sinani.<\/p>\n<p><img data-recalc-dims=\"1\" loading=\"lazy\" decoding=\"async\" data-attachment-id=\"9368\" data-permalink=\"https:\/\/www.shqiperia.com\/blog\/buka-shitet-pasi-i-hedhin-ngjyrues-eksperimenti-tregon-ngjyruesit-kancerogjen-ne-shqiperi\/buk-2\/\" data-orig-file=\"https:\/\/i0.wp.com\/www.shqiperia.com\/blog\/wp-content\/uploads\/2018\/07\/buk-1.jpg?fit=830%2C530&amp;ssl=1\" data-orig-size=\"830,530\" data-comments-opened=\"1\" data-image-meta=\"{&quot;aperture&quot;:&quot;0&quot;,&quot;credit&quot;:&quot;&quot;,&quot;camera&quot;:&quot;&quot;,&quot;caption&quot;:&quot;&quot;,&quot;created_timestamp&quot;:&quot;0&quot;,&quot;copyright&quot;:&quot;&quot;,&quot;focal_length&quot;:&quot;0&quot;,&quot;iso&quot;:&quot;0&quot;,&quot;shutter_speed&quot;:&quot;0&quot;,&quot;title&quot;:&quot;&quot;,&quot;orientation&quot;:&quot;0&quot;}\" data-image-title=\"buk\" data-image-description=\"\" data-image-caption=\"\" data-medium-file=\"https:\/\/i0.wp.com\/www.shqiperia.com\/blog\/wp-content\/uploads\/2018\/07\/buk-1.jpg?fit=300%2C192&amp;ssl=1\" data-large-file=\"https:\/\/i0.wp.com\/www.shqiperia.com\/blog\/wp-content\/uploads\/2018\/07\/buk-1.jpg?fit=830%2C530&amp;ssl=1\" class=\"alignnone  wp-image-9368\" alt=\"\" src=\"https:\/\/i0.wp.com\/www.shqiperia.com\/blog\/wp-content\/uploads\/2018\/07\/buk-1-300x192.jpg?resize=573%2C367\" width=\"573\" height=\"367\" srcset=\"https:\/\/i0.wp.com\/www.shqiperia.com\/blog\/wp-content\/uploads\/2018\/07\/buk-1.jpg?resize=300%2C192&amp;ssl=1 300w, https:\/\/i0.wp.com\/www.shqiperia.com\/blog\/wp-content\/uploads\/2018\/07\/buk-1.jpg?resize=768%2C490&amp;ssl=1 768w, https:\/\/i0.wp.com\/www.shqiperia.com\/blog\/wp-content\/uploads\/2018\/07\/buk-1.jpg?w=830&amp;ssl=1 830w\" sizes=\"auto, (max-width: 573px) 100vw, 573px\" \/><\/p>\n<p>\u201cBuka nuk duhet t\u00eb l\u00ebshoj\u00eb ngjyr\u00eb. Kjo tregon se ata marri miellin e bardh\u00eb dhe i hedhin ngjyrues\u201d, shprehet Abdyl Sinani, q\u00eb thekson se ka edhe ngjyrues q\u00eb d\u00ebmtojn\u00eb r\u00ebnd\u00eb sh\u00ebndetin e njeriut, deri n\u00eb kancer.<\/p>\n","protected":false},"excerpt":{"rendered":"<p>Buka shitet pasi i hedhin ngjyrues.. Eksperimenti tregon ngjyruesit kancerogjen n\u00eb Shqip\u00ebri.- Buka \u00ebsht\u00eb ajo q\u00eb konsumojm\u00eb \u00e7do dit\u00eb dhe n\u00eb tre vakte, por duket edhe k\u00ebtu jemi t\u00eb mashtruar dhe t\u00eb pasigurt. Top Channel kryen eksperiment me buk\u00ebn e zez\u00eb dhe at\u00eb integrale. E futur n\u00eb uj\u00eb p\u00ebr 60 minuta ajo l\u00ebshon ngjyr\u00eb, \u00e7ka [&hellip;]<\/p>\n","protected":false},"author":9,"featured_media":9367,"comment_status":"open","ping_status":"open","sticky":false,"template":"","format":"standard","meta":{"jetpack_post_was_ever_published":false,"_jetpack_newsletter_access":"","_jetpack_dont_email_post_to_subs":false,"_jetpack_newsletter_tier_id":0,"_jetpack_memberships_contains_paywalled_content":false,"_jetpack_memberships_contains_paid_content":false,"footnotes":"","jetpack_publicize_message":"","jetpack_publicize_feature_enabled":true,"jetpack_social_post_already_shared":true,"jetpack_social_options":{"image_generator_settings":{"template":"highway","default_image_id":0,"font":"","enabled":false},"version":2}},"categories":[10,35],"tags":[],"class_list":["post-9366","post","type-post","status-publish","format-standard","has-post-thumbnail","hentry","category-kultura","category-shoqerore"],"jetpack_publicize_connections":[],"jetpack_featured_media_url":"https:\/\/i0.wp.com\/www.shqiperia.com\/blog\/wp-content\/uploads\/2018\/07\/buk.jpg?fit=830%2C530&ssl=1","jetpack_sharing_enabled":true,"jetpack_shortlink":"https:\/\/wp.me\/p5Z6wp-2r4","jetpack-related-posts":[{"id":20585,"url":"https:\/\/www.shqiperia.com\/blog\/skandal-stimulante-dhe-hormone-te-frutat-dhe-perimet-fshataret-femijeve-tane-nuk-ua-japim\/","url_meta":{"origin":9366,"position":0},"title":"Skandal\/ Stimulant\u00eb dhe hormone te frutat dhe perimet, fshatar\u00ebt: F\u00ebmij\u00ebve tan\u00eb nuk ua japim. &#8211;","author":"Kurt Farka","date":"May 1, 2019","format":false,"excerpt":"Skandal\/ Stimulant\u00eb dhe hormone te frutat dhe perimet, fshatar\u00ebt: F\u00ebmij\u00ebve tan\u00eb nuk ua japim. - 23 Prill, 2019 \u201cFiks Fare\u201d zbuloi se fermer\u00ebt p\u00ebrdorin stimulant\u00eb dhe hormone n\u00eb rritjen dhe pjekjen e fruta-perimeve. N\u00eb nj\u00eb v\u00ebzhgim n\u00eb Ku\u00e7ov\u00eb dhe Berat, \u201chambarin\u201d e fruta-perimeve n\u00eb Shqip\u00ebri, gazetar\u00ebt zbuluan se domateve dhe\u2026","rel":"","context":"In &quot;Blogu i Udh\u00ebtarit&quot;","block_context":{"text":"Blogu i Udh\u00ebtarit","link":"https:\/\/www.shqiperia.com\/blog\/category\/blogu-i-udhetarit\/"},"img":{"alt_text":"","src":"https:\/\/i0.wp.com\/www.shqiperia.com\/blog\/wp-content\/uploads\/2019\/05\/safe_image.jpg?fit=540%2C282&ssl=1&resize=350%2C200","width":350,"height":200,"srcset":"https:\/\/i0.wp.com\/www.shqiperia.com\/blog\/wp-content\/uploads\/2019\/05\/safe_image.jpg?fit=540%2C282&ssl=1&resize=350%2C200 1x, https:\/\/i0.wp.com\/www.shqiperia.com\/blog\/wp-content\/uploads\/2019\/05\/safe_image.jpg?fit=540%2C282&ssl=1&resize=525%2C300 1.5x"},"classes":[]},{"id":100846,"url":"https:\/\/www.shqiperia.com\/blog\/muralet-ne-ish-fabriken-e-sodes-dhe-zverneci-ne-daren-e-atyre-qe-cdo-gjeje-ia-dine-cmimin-por-asgjeje-vleren\/","url_meta":{"origin":9366,"position":1},"title":"Muralet n\u00eb ish-fabrik\u00ebn e Sod\u00ebs dhe Zv\u00ebrneci n\u00eb dar\u00ebn e atyre q\u00eb \u00e7do gj\u00ebje ia din\u00eb \u00e7mimin, por asgj\u00ebje vler\u00ebn","author":"Kurt Farka","date":"June 1, 2026","format":false,"excerpt":"1 Qershor 2026 Nga Bojken Sinaj Ndoshta nuk \u00ebsht\u00eb rast\u00ebsi q\u00eb muralet e sindikalistit dhe ambientalistit brazilian Chico Mendes (i ekzekutuar n\u00eb fund t\u00eb viteve \u201980 nga interesat e m\u00ebdha t\u00eb korporatave shum\u00ebkomb\u00ebshe t\u00eb blegtoris\u00eb q\u00eb po shpyll\u00ebzonin Amazon\u00ebn p\u00ebr m\u00eb shum\u00eb tok\u00eb e fitim) gjenden n\u00eb fasadat e ish\u2026","rel":"","context":"In &quot;Blogu i Udh\u00ebtarit&quot;","block_context":{"text":"Blogu i Udh\u00ebtarit","link":"https:\/\/www.shqiperia.com\/blog\/category\/blogu-i-udhetarit\/"},"img":{"alt_text":"","src":"https:\/\/i0.wp.com\/www.shqiperia.com\/blog\/wp-content\/uploads\/2026\/06\/Screenshot_20260531_232734_Gmail-1-1536x1277-1.jpg?fit=1200%2C998&ssl=1&resize=350%2C200","width":350,"height":200,"srcset":"https:\/\/i0.wp.com\/www.shqiperia.com\/blog\/wp-content\/uploads\/2026\/06\/Screenshot_20260531_232734_Gmail-1-1536x1277-1.jpg?fit=1200%2C998&ssl=1&resize=350%2C200 1x, https:\/\/i0.wp.com\/www.shqiperia.com\/blog\/wp-content\/uploads\/2026\/06\/Screenshot_20260531_232734_Gmail-1-1536x1277-1.jpg?fit=1200%2C998&ssl=1&resize=525%2C300 1.5x, https:\/\/i0.wp.com\/www.shqiperia.com\/blog\/wp-content\/uploads\/2026\/06\/Screenshot_20260531_232734_Gmail-1-1536x1277-1.jpg?fit=1200%2C998&ssl=1&resize=700%2C400 2x, https:\/\/i0.wp.com\/www.shqiperia.com\/blog\/wp-content\/uploads\/2026\/06\/Screenshot_20260531_232734_Gmail-1-1536x1277-1.jpg?fit=1200%2C998&ssl=1&resize=1050%2C600 3x"},"classes":[]},{"id":103014,"url":"https:\/\/www.shqiperia.com\/blog\/marjana-koceku-shqiptaret-jane-kunder-qeverise-dhe-pro-be-se\/","url_meta":{"origin":9366,"position":2},"title":"Marjana Ko\u00e7eku: &#8211; Shqiptar\u00ebt jan\u00eb kund\u00ebr qeveris\u00eb dhe pro BE-s\u00eb","author":"Kurt Farka","date":"July 21, 2026","format":false,"excerpt":"21 Korrik 2026 Deputetja e pavarur Marjana Ko\u00e7eku, e njohur edhe si \u201cNeomalsore\u201d, ka rr\u00ebfyer arsyet e largimit nga Partia Socialiste, vizionin e saj p\u00ebr zhvillimin e Shqip\u00ebris\u00eb dhe q\u00ebndrimin ndaj protestave qytetare, n\u00eb nj\u00eb intervist\u00eb p\u00ebr\u00a0Osservatorio Balcani e Caucaso Transeuropa. Ko\u00e7eku tregon se u kthye n\u00eb Shqip\u00ebri n\u00eb vitin\u2026","rel":"","context":"In &quot;Blogu i Udh\u00ebtarit&quot;","block_context":{"text":"Blogu i Udh\u00ebtarit","link":"https:\/\/www.shqiperia.com\/blog\/category\/blogu-i-udhetarit\/"},"img":{"alt_text":"","src":"https:\/\/i0.wp.com\/www.shqiperia.com\/blog\/wp-content\/uploads\/2026\/07\/WhatsApp-Image-2026-07-17-at-09.59.50-800x533-1.webp?fit=800%2C533&ssl=1&resize=350%2C200","width":350,"height":200,"srcset":"https:\/\/i0.wp.com\/www.shqiperia.com\/blog\/wp-content\/uploads\/2026\/07\/WhatsApp-Image-2026-07-17-at-09.59.50-800x533-1.webp?fit=800%2C533&ssl=1&resize=350%2C200 1x, https:\/\/i0.wp.com\/www.shqiperia.com\/blog\/wp-content\/uploads\/2026\/07\/WhatsApp-Image-2026-07-17-at-09.59.50-800x533-1.webp?fit=800%2C533&ssl=1&resize=525%2C300 1.5x, https:\/\/i0.wp.com\/www.shqiperia.com\/blog\/wp-content\/uploads\/2026\/07\/WhatsApp-Image-2026-07-17-at-09.59.50-800x533-1.webp?fit=800%2C533&ssl=1&resize=700%2C400 2x"},"classes":[]},{"id":104746,"url":"https:\/\/www.shqiperia.com\/blog\/instat-inflacioni-ne-korrik-arriti-ne-3-4\/","url_meta":{"origin":9366,"position":3},"title":"INSTAT: Inflacioni n\u00eb korrik arriti n\u00eb 3.4%","author":"Kurt Farka","date":"August 19, 2026","format":false,"excerpt":"19 Gusht 2026 3.4% \u00ebsht\u00eb rritja vjetore e \u00e7mimeve t\u00eb konsumit n\u00eb korrik, sipas Indeksit t\u00eb Harmonizuar t\u00eb \u00c7mimeve, por pas k\u00ebsaj shifre fshihet nj\u00eb ndryshim i r\u00ebnd\u00ebsish\u00ebm n\u00eb m\u00ebnyr\u00ebn se si po formohet inflacioni. Pesha m\u00eb e madhe vijon t\u00eb jet\u00eb ajo e ushqimeve dhe pijeve joalkoolike, t\u00eb cilat\u2026","rel":"","context":"In &quot;Blogu i Udh\u00ebtarit&quot;","block_context":{"text":"Blogu i Udh\u00ebtarit","link":"https:\/\/www.shqiperia.com\/blog\/category\/blogu-i-udhetarit\/"},"img":{"alt_text":"","src":"https:\/\/i0.wp.com\/www.shqiperia.com\/blog\/wp-content\/uploads\/2026\/08\/shqiperi-1024x576-1.jpg?fit=1024%2C576&ssl=1&resize=350%2C200","width":350,"height":200,"srcset":"https:\/\/i0.wp.com\/www.shqiperia.com\/blog\/wp-content\/uploads\/2026\/08\/shqiperi-1024x576-1.jpg?fit=1024%2C576&ssl=1&resize=350%2C200 1x, https:\/\/i0.wp.com\/www.shqiperia.com\/blog\/wp-content\/uploads\/2026\/08\/shqiperi-1024x576-1.jpg?fit=1024%2C576&ssl=1&resize=525%2C300 1.5x, https:\/\/i0.wp.com\/www.shqiperia.com\/blog\/wp-content\/uploads\/2026\/08\/shqiperi-1024x576-1.jpg?fit=1024%2C576&ssl=1&resize=700%2C400 2x"},"classes":[]},{"id":102599,"url":"https:\/\/www.shqiperia.com\/blog\/der-standard-rama-ka-rikthyer-hijet-e-diktatures-ne-shqiperi\/","url_meta":{"origin":9366,"position":4},"title":"\u2018Der Standard\u2019: &#8211; Rama ka rikthyer hijet e diktatur\u00ebs n\u00eb Shqip\u00ebri","author":"Kurt Farka","date":"July 13, 2026","format":false,"excerpt":"13 Korrik 2026 Mbik\u00ebqyrje e popullsis\u00eb, frik\u00ebsim dhe abuzim me strukturat publike. Vendi nuk \u00ebsht\u00eb ende i lir\u00eb. Shkruan nga Tirana Adelheid W\u00f6lfl\/ Patroni jo vet\u00ebm q\u00eb kontrollon pun\u00ebt e vendit, por edhe ato t\u00eb kryeqytetit, Tiran\u00ebs. Meqen\u00ebse kryetari i bashkis\u00eb, Erion Veliaj, \u00ebsht\u00eb burgosur q\u00eb nga shkurti i vitit\u2026","rel":"","context":"In &quot;Blogu i Udh\u00ebtarit&quot;","block_context":{"text":"Blogu i Udh\u00ebtarit","link":"https:\/\/www.shqiperia.com\/blog\/category\/blogu-i-udhetarit\/"},"img":{"alt_text":"","src":"https:\/\/i0.wp.com\/www.shqiperia.com\/blog\/wp-content\/uploads\/2026\/07\/auto_sxsxsxeeeeeeee-6a53c1a9bf3e71783928270.jpg?fit=900%2C597&ssl=1&resize=350%2C200","width":350,"height":200,"srcset":"https:\/\/i0.wp.com\/www.shqiperia.com\/blog\/wp-content\/uploads\/2026\/07\/auto_sxsxsxeeeeeeee-6a53c1a9bf3e71783928270.jpg?fit=900%2C597&ssl=1&resize=350%2C200 1x, https:\/\/i0.wp.com\/www.shqiperia.com\/blog\/wp-content\/uploads\/2026\/07\/auto_sxsxsxeeeeeeee-6a53c1a9bf3e71783928270.jpg?fit=900%2C597&ssl=1&resize=525%2C300 1.5x, https:\/\/i0.wp.com\/www.shqiperia.com\/blog\/wp-content\/uploads\/2026\/07\/auto_sxsxsxeeeeeeee-6a53c1a9bf3e71783928270.jpg?fit=900%2C597&ssl=1&resize=700%2C400 2x"},"classes":[]},{"id":74969,"url":"https:\/\/www.shqiperia.com\/blog\/njihuni-me-pemen-me-unike-ne-bote-sapo-pritet-rrjedh-gjak\/","url_meta":{"origin":9366,"position":5},"title":"Njihuni me pem\u00ebn m\u00eb unike n\u00eb bot\u00eb: &#8211; Sapo pritet rrjedh \u201cgjak\u201d","author":"Kurt Farka","date":"October 23, 2023","format":false,"excerpt":"23 Tetor 2023 Prej vitesh, n\u00eb fokus t\u00eb diskutimeve mes ekspert\u00ebve ka qen\u00eb pema q\u00eb \u201cderdhgjak\u201d sapo pritet. Misteri ka mbetur i pazgjidhur p\u00ebr dekada. Pterocarpus angolensis, i njohur zakonisht si dru gjaku, \u00ebsht\u00eb nj\u00eb pem\u00eb magjeps\u00ebse vendase n\u00eb Afrik\u00ebn Jugore. Ajo ka fituar nj\u00eb reputacion p\u00ebr l\u00ebngun e saj\u2026","rel":"","context":"In &quot;Blogu i Udh\u00ebtarit&quot;","block_context":{"text":"Blogu i Udh\u00ebtarit","link":"https:\/\/www.shqiperia.com\/blog\/category\/blogu-i-udhetarit\/"},"img":{"alt_text":"","src":"https:\/\/i0.wp.com\/www.shqiperia.com\/blog\/wp-content\/uploads\/2023\/10\/pema-qe-rrjedh-gjak-770x433-1.jpg?fit=770%2C433&ssl=1&resize=350%2C200","width":350,"height":200,"srcset":"https:\/\/i0.wp.com\/www.shqiperia.com\/blog\/wp-content\/uploads\/2023\/10\/pema-qe-rrjedh-gjak-770x433-1.jpg?fit=770%2C433&ssl=1&resize=350%2C200 1x, https:\/\/i0.wp.com\/www.shqiperia.com\/blog\/wp-content\/uploads\/2023\/10\/pema-qe-rrjedh-gjak-770x433-1.jpg?fit=770%2C433&ssl=1&resize=525%2C300 1.5x, https:\/\/i0.wp.com\/www.shqiperia.com\/blog\/wp-content\/uploads\/2023\/10\/pema-qe-rrjedh-gjak-770x433-1.jpg?fit=770%2C433&ssl=1&resize=700%2C400 2x"},"classes":[]}],"_links":{"self":[{"href":"https:\/\/www.shqiperia.com\/blog\/wp-json\/wp\/v2\/posts\/9366","targetHints":{"allow":["GET"]}}],"collection":[{"href":"https:\/\/www.shqiperia.com\/blog\/wp-json\/wp\/v2\/posts"}],"about":[{"href":"https:\/\/www.shqiperia.com\/blog\/wp-json\/wp\/v2\/types\/post"}],"author":[{"embeddable":true,"href":"https:\/\/www.shqiperia.com\/blog\/wp-json\/wp\/v2\/users\/9"}],"replies":[{"embeddable":true,"href":"https:\/\/www.shqiperia.com\/blog\/wp-json\/wp\/v2\/comments?post=9366"}],"version-history":[{"count":1,"href":"https:\/\/www.shqiperia.com\/blog\/wp-json\/wp\/v2\/posts\/9366\/revisions"}],"predecessor-version":[{"id":9369,"href":"https:\/\/www.shqiperia.com\/blog\/wp-json\/wp\/v2\/posts\/9366\/revisions\/9369"}],"wp:featuredmedia":[{"embeddable":true,"href":"https:\/\/www.shqiperia.com\/blog\/wp-json\/wp\/v2\/media\/9367"}],"wp:attachment":[{"href":"https:\/\/www.shqiperia.com\/blog\/wp-json\/wp\/v2\/media?parent=9366"}],"wp:term":[{"taxonomy":"category","embeddable":true,"href":"https:\/\/www.shqiperia.com\/blog\/wp-json\/wp\/v2\/categories?post=9366"},{"taxonomy":"post_tag","embeddable":true,"href":"https:\/\/www.shqiperia.com\/blog\/wp-json\/wp\/v2\/tags?post=9366"}],"curies":[{"name":"wp","href":"https:\/\/api.w.org\/{rel}","templated":true}]}}