{"id":9363,"date":"2018-07-02T18:11:43","date_gmt":"2018-07-02T18:11:43","guid":{"rendered":"http:\/\/www.shqiperia.com\/blog\/?p=9363"},"modified":"2018-07-02T18:11:43","modified_gmt":"2018-07-02T18:11:43","slug":"teatri-si-monumenti-i-fundit-i-qytetit-dhe-lirive-tona","status":"publish","type":"post","link":"https:\/\/www.shqiperia.com\/blog\/teatri-si-monumenti-i-fundit-i-qytetit-dhe-lirive-tona\/","title":{"rendered":"Teatri si monumenti i fundit i qytetit dhe lirive tona. &#8211;"},"content":{"rendered":"<p><img data-recalc-dims=\"1\" loading=\"lazy\" decoding=\"async\" data-attachment-id=\"9364\" data-permalink=\"https:\/\/www.shqiperia.com\/blog\/teatri-si-monumenti-i-fundit-i-qytetit-dhe-lirive-tona\/bushati-teatri\/\" data-orig-file=\"https:\/\/i0.wp.com\/www.shqiperia.com\/blog\/wp-content\/uploads\/2018\/07\/bushati-teatri.jpg?fit=800%2C500&amp;ssl=1\" data-orig-size=\"800,500\" data-comments-opened=\"1\" data-image-meta=\"{&quot;aperture&quot;:&quot;0&quot;,&quot;credit&quot;:&quot;&quot;,&quot;camera&quot;:&quot;&quot;,&quot;caption&quot;:&quot;&quot;,&quot;created_timestamp&quot;:&quot;0&quot;,&quot;copyright&quot;:&quot;&quot;,&quot;focal_length&quot;:&quot;0&quot;,&quot;iso&quot;:&quot;0&quot;,&quot;shutter_speed&quot;:&quot;0&quot;,&quot;title&quot;:&quot;&quot;,&quot;orientation&quot;:&quot;1&quot;}\" data-image-title=\"bushati-teatri\" data-image-description=\"\" data-image-caption=\"\" data-medium-file=\"https:\/\/i0.wp.com\/www.shqiperia.com\/blog\/wp-content\/uploads\/2018\/07\/bushati-teatri.jpg?fit=300%2C188&amp;ssl=1\" data-large-file=\"https:\/\/i0.wp.com\/www.shqiperia.com\/blog\/wp-content\/uploads\/2018\/07\/bushati-teatri.jpg?fit=800%2C500&amp;ssl=1\" class=\"alignnone size-medium wp-image-9364\" alt=\"\" src=\"https:\/\/i0.wp.com\/www.shqiperia.com\/blog\/wp-content\/uploads\/2018\/07\/bushati-teatri-300x188.jpg?resize=300%2C188\" width=\"300\" height=\"188\" srcset=\"https:\/\/i0.wp.com\/www.shqiperia.com\/blog\/wp-content\/uploads\/2018\/07\/bushati-teatri.jpg?resize=300%2C188&amp;ssl=1 300w, https:\/\/i0.wp.com\/www.shqiperia.com\/blog\/wp-content\/uploads\/2018\/07\/bushati-teatri.jpg?resize=768%2C480&amp;ssl=1 768w, https:\/\/i0.wp.com\/www.shqiperia.com\/blog\/wp-content\/uploads\/2018\/07\/bushati-teatri.jpg?w=800&amp;ssl=1 800w\" sizes=\"auto, (max-width: 300px) 100vw, 300px\" \/><\/p>\n<p><strong>Teatri si monumenti i fundit i qytetit dhe lirive tona<\/strong><\/p>\n<p><strong>Nga: Andi Bushati\/Lapsi.al<\/strong><\/p>\n<p><strong>\u00a0<\/strong><\/p>\n<p>P\u00ebrpjekja e pak z\u00ebrave cil\u00ebsor\u00eb dhe autoritar\u00eb, po fatkeq\u00ebsisht t\u00eb pak\u00ebt n\u00eb num\u00ebr, n\u00eb mbrojte t\u00eb godin\u00ebs s\u00eb Teatrit komb\u00ebtar \u00ebsht\u00eb nj\u00eb nga betejat m\u00eb t\u00eb r\u00ebnd\u00ebsishme q\u00eb po zhvillohen p\u00ebr t\u00eb ardhmen.<\/p>\n<p>Ajo nuk mund t\u00eb shihet vet\u00ebm si nj\u00eb \u00e7\u00ebshtje aktor\u00ebsh lapangjoz\u00eb q\u00eb shiten dhe blien.<\/p>\n<p>Ajo nuk mund t\u00eb paraqitet vet\u00ebm si nj\u00eb debat mes atyre q\u00eb duan t\u00eb ren\u00eb apo t\u00eb vjetr\u00ebn.<\/p>\n<p>Ajo nuk mund t\u00eb ket\u00eb vet\u00ebm dimensionin e nj\u00eb ndeshjeje mes mbrojt\u00ebsve fanatik\u00eb t\u00eb trashigimis\u00eb dhe kund\u00ebrshtar\u00ebve t\u00eb tyre.<\/p>\n<p>Ajo nuk mund t\u00eb pasqyrohet vet\u00ebm si pez\u00ebm i nostalgjik\u00ebve q\u00eb duan t\u00eb p\u00ebrjet\u00ebsojn\u00eb nostalgjin\u00eb p\u00ebr Naim Frash\u00ebrin, Sand\u00ebr Prosin, Violeta Manushin dhe s\u00eb fundi Bujar Lakon.<\/p>\n<p>Pro apo kund\u00ebr saj, nuk mund t\u00eb jesh vet\u00ebm n\u00ebse admiron aft\u00ebsin\u00eb p\u00ebrej sekseri t\u00eb paskrupullt t\u00eb Veliajt, as se mb\u00ebshtet delirin e nd\u00ebrthurur me gryk\u00ebsi t\u00eb Edi Ram\u00ebs, as se nuk honeps dot Lulin apo Saliun e 21 janarit, apo se s\u2019ke shpres\u00eb tel blloku i Ilirit apo Monik\u00ebs.<\/p>\n<p><img data-recalc-dims=\"1\" loading=\"lazy\" decoding=\"async\" data-attachment-id=\"9364\" data-permalink=\"https:\/\/www.shqiperia.com\/blog\/teatri-si-monumenti-i-fundit-i-qytetit-dhe-lirive-tona\/bushati-teatri\/\" data-orig-file=\"https:\/\/i0.wp.com\/www.shqiperia.com\/blog\/wp-content\/uploads\/2018\/07\/bushati-teatri.jpg?fit=800%2C500&amp;ssl=1\" data-orig-size=\"800,500\" data-comments-opened=\"1\" data-image-meta=\"{&quot;aperture&quot;:&quot;0&quot;,&quot;credit&quot;:&quot;&quot;,&quot;camera&quot;:&quot;&quot;,&quot;caption&quot;:&quot;&quot;,&quot;created_timestamp&quot;:&quot;0&quot;,&quot;copyright&quot;:&quot;&quot;,&quot;focal_length&quot;:&quot;0&quot;,&quot;iso&quot;:&quot;0&quot;,&quot;shutter_speed&quot;:&quot;0&quot;,&quot;title&quot;:&quot;&quot;,&quot;orientation&quot;:&quot;1&quot;}\" data-image-title=\"bushati-teatri\" data-image-description=\"\" data-image-caption=\"\" data-medium-file=\"https:\/\/i0.wp.com\/www.shqiperia.com\/blog\/wp-content\/uploads\/2018\/07\/bushati-teatri.jpg?fit=300%2C188&amp;ssl=1\" data-large-file=\"https:\/\/i0.wp.com\/www.shqiperia.com\/blog\/wp-content\/uploads\/2018\/07\/bushati-teatri.jpg?fit=800%2C500&amp;ssl=1\" class=\"alignnone  wp-image-9364\" alt=\"\" src=\"https:\/\/i0.wp.com\/www.shqiperia.com\/blog\/wp-content\/uploads\/2018\/07\/bushati-teatri-300x188.jpg?resize=582%2C365\" width=\"582\" height=\"365\" srcset=\"https:\/\/i0.wp.com\/www.shqiperia.com\/blog\/wp-content\/uploads\/2018\/07\/bushati-teatri.jpg?resize=300%2C188&amp;ssl=1 300w, https:\/\/i0.wp.com\/www.shqiperia.com\/blog\/wp-content\/uploads\/2018\/07\/bushati-teatri.jpg?resize=768%2C480&amp;ssl=1 768w, https:\/\/i0.wp.com\/www.shqiperia.com\/blog\/wp-content\/uploads\/2018\/07\/bushati-teatri.jpg?w=800&amp;ssl=1 800w\" sizes=\"auto, (max-width: 582px) 100vw, 582px\" \/><\/p>\n<p>P\u00ebrtej k\u00ebtyre dasive apo bindjeve q\u00ebndron historia e nj\u00eb grabitjeje t\u00eb madhe. Pas tyre q\u00ebndron vjedhja e afro 200 milion\u00eb eurove, nga nj\u00eb kompanie private, kliente e kryeministrit, me an\u00eb t\u00eb nj\u00eb ligji antikushtetues t\u00eb parlamentit. Pas saj q\u00ebndron vjedhja, dit\u00ebn p\u00ebr diell, e nj\u00eb trualli publik, pa gar\u00eb dhe pa tender dhe ngritja e nj\u00eb mostre pa konkurenc\u00eb dhe pa konkurs nd\u00ebrkomb\u00ebtar.<\/p>\n<p>Kush do q\u00eb do ta d\u00ebgjonte k\u00ebt\u00eb argument mund t\u00eb ngrinte supet i \u00e7uditur: e pse duhet t\u00eb n\u2019a revoltoka nj\u00eb vjedhje m\u00eb shum\u00eb: a nuk ka ndodhur e nj\u00ebjta histori n\u00eb rrug\u00ebn e kombit, n\u00eb G\u00ebrdec, n\u00eb privatizimin ne ARMO-s dhe t\u00eb CEZ?<\/p>\n<p>A nuk ka ndodhur k\u00ebshtu me incenerator\u00ebt, me lojrat e fatit, me Chec Upin, me sa e sa koncesione dhe PPP skandaloze?<\/p>\n<p>Edhe ky ciniz\u00ebm esktrem sado i p\u00ebrligjur t\u00eb duket p\u00ebr m\u00ebkatet q\u00eb konsumohen p\u00ebrpara syve tan\u00eb, nuk \u00ebsht\u00eb i mjaft\u00eb p\u00ebr t\u00eb justifikuar indiferenc\u00ebn n\u00eb betej\u00ebn p\u00ebr teatrin.<\/p>\n<p>Sepse sado i rr\u00ebnqethsh\u00ebm t\u00eb duket krimi ekonomiko \u2013kulturor i shembjes s\u00eb tij, ai \u00ebsht\u00eb edhe m\u00eb shum\u00eb sesa kaq.<\/p>\n<p>Sepse godina e dikurshme e rrethit italo shqiptar \u201cSkanderbeg\u201d \u00ebsht\u00eb barrikada e fundit e p\u00ebr shkat\u00ebrrimin p\u00ebrfundimtar t\u00eb kryeqytetit.<\/p>\n<p>N\u00ebse Teatri shembet, pas tij do t\u00eb bien nj\u00ebri pas tjetrit sheshi N\u00ebn\u00eb Tereza q\u00eb do t\u00eb mbushet me dyqane dhe kulla t\u00eb larta p\u00ebrkrah universitetit, hapsira e gjelb\u00ebr pas ish Sheratonit dhe pylli q\u00eb ka pas, diga e liqenit q\u00eb do t\u00eb jet\u00eb e pafuqishme t\u00eb mbaj\u00eb presionin e grata\u00e7ielave e n\u00eb fund edhe hapsira p\u00ebrrreth sheshit \u201cSk\u00ebnderbej\u201d, q\u00eb \u00ebsht\u00eb konceptuar q\u00eb tani si shfyrje p\u00ebr rokaqiejt e oligark\u00ebve.<\/p>\n<p>Ky skenar ouruellian nuk do t\u00eb p\u00ebrfundoj\u00eb vet\u00ebm me vdekjen e Tiran\u00ebs s\u00eb jetueshme. Ai do t\u00eb sanksiononj\u00eb nj\u00ebkoh\u00ebsisht fundin e zbatimit t\u00eb ligjit prej pushteteve n\u00eb k\u00ebt\u00eb vend, ai do t\u00eb fark\u00ebtoj\u00eb nj\u00eb aleanc\u00eb kriminale mes kryeministrit dhe biznesmen\u00ebve q\u00eb jan\u00eb t\u00eb gatsh\u00ebm t\u00eb b\u00ebjn\u00eb \u00e7menduri n\u00ebn mbrojtjen e tij, ai do t\u00eb kal\u00e7ifikoj\u00eb n\u00eb nj\u00eb t\u00eb vetme (ashtu si\u00e7 jan\u00eb t\u00eb gjitha lidhjet e ngjizura n\u00eb krim) pushtetin e paras\u00eb dhe at\u00eb t\u00eb politik\u00ebs.<\/p>\n<p>Shembja e atij monumenti p\u00ebr t\u00eb cilin kan\u00eb 20 vjet q\u00eb i parathon\u00eb shembjen, q\u00eb e kan\u00eb shpallur vdekjeprur\u00ebs dhe kanceroz, p\u00ebrtej \u00e7do dasie, \u00ebsht\u00eb nj\u00eb test p\u00ebr shoq\u00ebrin\u00eb ton\u00eb. \u00a0N\u00ebse ai bie, gjith\u00e7ka nga kryeqyteti i vjet\u00ebr q\u00eb konceptuan italian\u00ebt do t\u00eb zhbhet me shpejt\u00ebsi, por m\u00eb shum\u00eb sesa godinat, nj\u00eb nga nj\u00eb do t\u00eb rrezohen nj\u00ebra pas tjetr\u00ebs edhe garancit\u00eb q\u00eb na mbrojn\u00eb nga lidhja fshistoide e mes biznesit dhe politik\u00ebs.<\/p>\n","protected":false},"excerpt":{"rendered":"<p>Teatri si monumenti i fundit i qytetit dhe lirive tona Nga: Andi Bushati\/Lapsi.al \u00a0 P\u00ebrpjekja e pak z\u00ebrave cil\u00ebsor\u00eb dhe autoritar\u00eb, po fatkeq\u00ebsisht t\u00eb pak\u00ebt n\u00eb num\u00ebr, n\u00eb mbrojte t\u00eb godin\u00ebs s\u00eb Teatrit komb\u00ebtar \u00ebsht\u00eb nj\u00eb nga betejat m\u00eb t\u00eb r\u00ebnd\u00ebsishme q\u00eb po zhvillohen p\u00ebr t\u00eb ardhmen. Ajo nuk mund t\u00eb shihet vet\u00ebm si nj\u00eb [&hellip;]<\/p>\n","protected":false},"author":9,"featured_media":9364,"comment_status":"open","ping_status":"open","sticky":false,"template":"","format":"standard","meta":{"jetpack_post_was_ever_published":false,"_jetpack_newsletter_access":"","_jetpack_dont_email_post_to_subs":false,"_jetpack_newsletter_tier_id":0,"_jetpack_memberships_contains_paywalled_content":false,"_jetpack_memberships_contains_paid_content":false,"footnotes":"","jetpack_publicize_message":"","jetpack_publicize_feature_enabled":true,"jetpack_social_post_already_shared":true,"jetpack_social_options":{"image_generator_settings":{"template":"highway","default_image_id":0,"font":"","enabled":false},"version":2}},"categories":[85,10,86],"tags":[],"class_list":["post-9363","post","type-post","status-publish","format-standard","has-post-thumbnail","hentry","category-histori","category-kultura","category-trashegimi-kulturore"],"jetpack_publicize_connections":[],"jetpack_featured_media_url":"https:\/\/i0.wp.com\/www.shqiperia.com\/blog\/wp-content\/uploads\/2018\/07\/bushati-teatri.jpg?fit=800%2C500&ssl=1","jetpack_sharing_enabled":true,"jetpack_shortlink":"https:\/\/wp.me\/p5Z6wp-2r1","jetpack-related-posts":[{"id":102918,"url":"https:\/\/www.shqiperia.com\/blog\/auron-tare-shpella-e-ciklopit-ne-himare-mes-filmit-te-nolan-dhe-lavazhit-te-makinave\/","url_meta":{"origin":9363,"position":0},"title":"Auron Tare: &#8211; Shpella e Ciklopit n\u00eb Himar\u00eb, mes filmit t\u00eb Nolan dhe lavazhit t\u00eb makinave","author":"Kurt Farka","date":"July 19, 2026","format":false,"excerpt":"19 Korrik 2026 Nga Auron Tare Shfaqja e filmit \u201cOdiseu\u201d nga regjisori Christopher Nolan ka hapur nj\u00eb debat t\u00eb gjer\u00eb n\u00eb t\u00eb dy an\u00ebt e Atlantikut mbi nj\u00eb nga veprat m\u00eb identifikuese t\u00eb let\u00ebrsis\u00eb bot\u00ebrore \u201cOdisea\u201d e Homerit. N\u00eb podcast-et m\u00eb t\u00eb njohura, studiues dhe ekspert\u00eb me fam\u00eb bot\u00ebrore kan\u00eb\u2026","rel":"","context":"In &quot;Blogu i Udh\u00ebtarit&quot;","block_context":{"text":"Blogu i Udh\u00ebtarit","link":"https:\/\/www.shqiperia.com\/blog\/category\/blogu-i-udhetarit\/"},"img":{"alt_text":"","src":"https:\/\/i0.wp.com\/www.shqiperia.com\/blog\/wp-content\/uploads\/2026\/07\/WhatsApp-Image-2026-07-19-at-11.08.08.jpeg?fit=780%2C440&ssl=1&resize=350%2C200","width":350,"height":200,"srcset":"https:\/\/i0.wp.com\/www.shqiperia.com\/blog\/wp-content\/uploads\/2026\/07\/WhatsApp-Image-2026-07-19-at-11.08.08.jpeg?fit=780%2C440&ssl=1&resize=350%2C200 1x, https:\/\/i0.wp.com\/www.shqiperia.com\/blog\/wp-content\/uploads\/2026\/07\/WhatsApp-Image-2026-07-19-at-11.08.08.jpeg?fit=780%2C440&ssl=1&resize=525%2C300 1.5x, https:\/\/i0.wp.com\/www.shqiperia.com\/blog\/wp-content\/uploads\/2026\/07\/WhatsApp-Image-2026-07-19-at-11.08.08.jpeg?fit=780%2C440&ssl=1&resize=700%2C400 2x"},"classes":[]},{"id":105236,"url":"https:\/\/www.shqiperia.com\/blog\/grate-e-martuara-si-i-kontrollonin-burrat-dhe-mbronin-martesen-nje-histori-nga-mesjeta\/","url_meta":{"origin":9363,"position":1},"title":"Grat\u00eb e martuara, si i \u201ckontrollonin\u201d burrat dhe mbronin martes\u00ebn? Nj\u00eb histori nga mesjeta","author":"Kurt Farka","date":"August 26, 2026","format":false,"excerpt":"26 Gusht 2026 Ka histori q\u00eb mbijetojn\u00eb jo sepse jan\u00eb domosdoshm\u00ebrisht t\u00eb v\u00ebrteta, por sepse jan\u00eb tep\u00ebr t\u00eb bukura, t\u00eb \u00e7uditshme ose ironike p\u00ebr t\u2019u harruar. Mes tyre qarkullon edhe nj\u00eb rr\u00ebfim i pazakont\u00eb, q\u00eb pretendon se disa gra n\u00eb Mesjet\u00eb p\u00ebrdornin nj\u00eb m\u00ebnyr\u00eb t\u00eb fsheht\u00eb p\u00ebr t\u2019i mbajtur burrat\u2026","rel":"","context":"In &quot;Blogu i Udh\u00ebtarit&quot;","block_context":{"text":"Blogu i Udh\u00ebtarit","link":"https:\/\/www.shqiperia.com\/blog\/category\/blogu-i-udhetarit\/"},"img":{"alt_text":"","src":"https:\/\/i0.wp.com\/www.shqiperia.com\/blog\/wp-content\/uploads\/2026\/08\/640-0-gr-1787642714.jpg?fit=640%2C515&ssl=1&resize=350%2C200","width":350,"height":200,"srcset":"https:\/\/i0.wp.com\/www.shqiperia.com\/blog\/wp-content\/uploads\/2026\/08\/640-0-gr-1787642714.jpg?fit=640%2C515&ssl=1&resize=350%2C200 1x, https:\/\/i0.wp.com\/www.shqiperia.com\/blog\/wp-content\/uploads\/2026\/08\/640-0-gr-1787642714.jpg?fit=640%2C515&ssl=1&resize=525%2C300 1.5x"},"classes":[]},{"id":102547,"url":"https:\/\/www.shqiperia.com\/blog\/protesta-sfidon-tubimet-partiake-shtresa-mesme-dhe-e-personave-me-karriere-te-konsoliduar\/","url_meta":{"origin":9363,"position":2},"title":"Protesta sfidon tubimet partiake, Shtresa mesme dhe e personave me \u2018karrier\u00eb t\u00eb konsoliduar\u2019.","author":"Kurt Farka","date":"July 12, 2026","format":false,"excerpt":"12 Korrik 2026 N\u00eb tre dekadat e fundit, Shqip\u00ebria ka par\u00eb me qindra protesta p\u00ebrball\u00eb zyr\u00ebs s\u00eb Kryeministris\u00eb \u2013 godina q\u00eb simbolizon pushtetin e vrazhd\u00eb n\u00eb Shqip\u00ebri. Por asnj\u00ebra prej tyre nuk ngjason me l\u00ebvizjen maraton\u00eb t\u00eb muajit t\u00eb fundit, t\u00eb pag\u00ebzuar si \u201cRevolucioni i Flamingove\u201d, ku arti dhe kreativiteti\u2026","rel":"","context":"In &quot;Blogu i Udh\u00ebtarit&quot;","block_context":{"text":"Blogu i Udh\u00ebtarit","link":"https:\/\/www.shqiperia.com\/blog\/category\/blogu-i-udhetarit\/"},"img":{"alt_text":"","src":"https:\/\/i0.wp.com\/www.shqiperia.com\/blog\/wp-content\/uploads\/2026\/07\/b7c67458-453d-4456-abdf-55721022dced-1140x570-1.jpg?fit=566%2C384&ssl=1&resize=350%2C200","width":350,"height":200,"srcset":"https:\/\/i0.wp.com\/www.shqiperia.com\/blog\/wp-content\/uploads\/2026\/07\/b7c67458-453d-4456-abdf-55721022dced-1140x570-1.jpg?fit=566%2C384&ssl=1&resize=350%2C200 1x, https:\/\/i0.wp.com\/www.shqiperia.com\/blog\/wp-content\/uploads\/2026\/07\/b7c67458-453d-4456-abdf-55721022dced-1140x570-1.jpg?fit=566%2C384&ssl=1&resize=525%2C300 1.5x"},"classes":[]},{"id":102467,"url":"https:\/\/www.shqiperia.com\/blog\/fytyrat-e-protestes-13-nga-agjentet-me-te-rrezikshem-ankohen-per-korrupsionin-sistemin-shendetesor-arsimor-te-dobet-mungesen-e-lirise-se-medias-dhe-nje-sistem-drejtesie-jofunksi\/","url_meta":{"origin":9363,"position":3},"title":"Fytyrat e protest\u00ebs: 13 nga \u201cagjent\u00ebt m\u00eb t\u00eb rreziksh\u00ebm\u201c  ankohen p\u00ebr korrupsionin, sistemin sh\u00ebndet\u00ebsor, arsimor t\u00eb dob\u00ebt, munges\u00ebn e liris\u00eb s\u00eb medias dhe nj\u00eb sistem drejt\u00ebsie jofunksional.","author":"Kurt Farka","date":"July 10, 2026","format":false,"excerpt":"10 Korrik 2026 Kryeministri Rama pretendon se protestat e p\u00ebrditshme q\u00eb po tronditin Tiran\u00ebn jan\u00eb t\u00eb gabuara ose t\u00eb manipuluara nga jasht\u00eb. BIRN bisedoi me disa nga protestuesit m\u00eb t\u00eb p\u00ebrkushtuar p\u00ebr t\u00eb m\u00ebsuar m\u00eb shum\u00eb rreth shpresave t\u00eb tyre p\u00ebr ndryshim Ajo q\u00eb nisi si nj\u00eb protest\u00eb kund\u00ebr nd\u00ebrtimit\u2026","rel":"","context":"In &quot;Blogu i Udh\u00ebtarit&quot;","block_context":{"text":"Blogu i Udh\u00ebtarit","link":"https:\/\/www.shqiperia.com\/blog\/category\/blogu-i-udhetarit\/"},"img":{"alt_text":"","src":"https:\/\/i0.wp.com\/www.shqiperia.com\/blog\/wp-content\/uploads\/2026\/07\/v2-cover-750x450-1.webp?fit=750%2C450&ssl=1&resize=350%2C200","width":350,"height":200,"srcset":"https:\/\/i0.wp.com\/www.shqiperia.com\/blog\/wp-content\/uploads\/2026\/07\/v2-cover-750x450-1.webp?fit=750%2C450&ssl=1&resize=350%2C200 1x, https:\/\/i0.wp.com\/www.shqiperia.com\/blog\/wp-content\/uploads\/2026\/07\/v2-cover-750x450-1.webp?fit=750%2C450&ssl=1&resize=525%2C300 1.5x, https:\/\/i0.wp.com\/www.shqiperia.com\/blog\/wp-content\/uploads\/2026\/07\/v2-cover-750x450-1.webp?fit=750%2C450&ssl=1&resize=700%2C400 2x"},"classes":[]},{"id":105612,"url":"https:\/\/www.shqiperia.com\/blog\/analiza-lorenc-vangjeli-shtatori-i-ankthit-per-qeverine-paralajmeron-nje-tjeter-vjeshte-te-gjate\/","url_meta":{"origin":9363,"position":4},"title":"Analiza\/ Lorenc Vangjeli: &#8211; Shtatori i ankthit p\u00ebr qeverin\u00eb, paralajm\u00ebron nj\u00eb tjet\u00ebr vjesht\u00eb t\u00eb gjat\u00eb!","author":"Kurt Farka","date":"August 31, 2026","format":false,"excerpt":"1 Shtator 2026 Edi Rama mund ta shenjoj\u00eb k\u00ebt\u00eb periudh\u00eb si ver\u00ebn m\u00eb p\u00ebrv\u00ebluese t\u00eb kat\u00ebr mandateve t\u00eb tij qeveris\u00ebs. Kriza arriti pikun n\u00eb fillim t\u00eb jav\u00ebs s\u00eb dyt\u00eb t\u00eb qershorit, at\u00ebher\u00eb kur protesta q\u00eb u duk se u shpik nga hi\u00e7i, sh\u00ebnjoi edhe mksimumin e saj. Nervozimi i kryeministrit\u2026","rel":"","context":"In &quot;Blogu i Udh\u00ebtarit&quot;","block_context":{"text":"Blogu i Udh\u00ebtarit","link":"https:\/\/www.shqiperia.com\/blog\/category\/blogu-i-udhetarit\/"},"img":{"alt_text":"","src":"https:\/\/i0.wp.com\/www.shqiperia.com\/blog\/wp-content\/uploads\/2026\/08\/edi-rama-lorenc-vangjeli-protestat.jpg?fit=927%2C639&ssl=1&resize=350%2C200","width":350,"height":200,"srcset":"https:\/\/i0.wp.com\/www.shqiperia.com\/blog\/wp-content\/uploads\/2026\/08\/edi-rama-lorenc-vangjeli-protestat.jpg?fit=927%2C639&ssl=1&resize=350%2C200 1x, https:\/\/i0.wp.com\/www.shqiperia.com\/blog\/wp-content\/uploads\/2026\/08\/edi-rama-lorenc-vangjeli-protestat.jpg?fit=927%2C639&ssl=1&resize=525%2C300 1.5x, https:\/\/i0.wp.com\/www.shqiperia.com\/blog\/wp-content\/uploads\/2026\/08\/edi-rama-lorenc-vangjeli-protestat.jpg?fit=927%2C639&ssl=1&resize=700%2C400 2x"},"classes":[]},{"id":101460,"url":"https:\/\/www.shqiperia.com\/blog\/miku-i-rames-dhe-njeriu-i-soros-portretizon-shqiperine-si-narkoshtet-paralajmeron\/","url_meta":{"origin":9363,"position":5},"title":"Miku i Ram\u00ebs dhe njeriu i Soros portretizon Shqip\u00ebrin\u00eb si narkoshtet, paralajm\u00ebron\u2026","author":"Kurt Farka","date":"June 13, 2026","format":false,"excerpt":"=\u00a0 \u00a0N\u00eb nj\u00eb nga pasazhet m\u00eb t\u00eb forta t\u00eb artikullit, Abrahams shkruan se: \"Sistemi aktual ekonomik n\u00eb Shqip\u00ebri mund t\u00eb jet\u00eb n\u00eb fakt m\u00eb i keq\" sesa ai q\u00eb \u00e7oi n\u00eb katastrof\u00ebn e vitit 1997. Artikulli i fundit i Fred Abrahams, \u201cShqip\u00ebria, kur fluturojn\u00eb flamingot\u201d, ka nj\u00eb dometh\u00ebnie jo vet\u00ebm\u2026","rel":"","context":"In &quot;Blogu i Udh\u00ebtarit&quot;","block_context":{"text":"Blogu i Udh\u00ebtarit","link":"https:\/\/www.shqiperia.com\/blog\/category\/blogu-i-udhetarit\/"},"img":{"alt_text":"","src":"https:\/\/i0.wp.com\/www.shqiperia.com\/blog\/wp-content\/uploads\/2026\/06\/auto_IMG_08161781336624.jpeg?fit=900%2C662&ssl=1&resize=350%2C200","width":350,"height":200,"srcset":"https:\/\/i0.wp.com\/www.shqiperia.com\/blog\/wp-content\/uploads\/2026\/06\/auto_IMG_08161781336624.jpeg?fit=900%2C662&ssl=1&resize=350%2C200 1x, https:\/\/i0.wp.com\/www.shqiperia.com\/blog\/wp-content\/uploads\/2026\/06\/auto_IMG_08161781336624.jpeg?fit=900%2C662&ssl=1&resize=525%2C300 1.5x, https:\/\/i0.wp.com\/www.shqiperia.com\/blog\/wp-content\/uploads\/2026\/06\/auto_IMG_08161781336624.jpeg?fit=900%2C662&ssl=1&resize=700%2C400 2x"},"classes":[]}],"_links":{"self":[{"href":"https:\/\/www.shqiperia.com\/blog\/wp-json\/wp\/v2\/posts\/9363","targetHints":{"allow":["GET"]}}],"collection":[{"href":"https:\/\/www.shqiperia.com\/blog\/wp-json\/wp\/v2\/posts"}],"about":[{"href":"https:\/\/www.shqiperia.com\/blog\/wp-json\/wp\/v2\/types\/post"}],"author":[{"embeddable":true,"href":"https:\/\/www.shqiperia.com\/blog\/wp-json\/wp\/v2\/users\/9"}],"replies":[{"embeddable":true,"href":"https:\/\/www.shqiperia.com\/blog\/wp-json\/wp\/v2\/comments?post=9363"}],"version-history":[{"count":1,"href":"https:\/\/www.shqiperia.com\/blog\/wp-json\/wp\/v2\/posts\/9363\/revisions"}],"predecessor-version":[{"id":9365,"href":"https:\/\/www.shqiperia.com\/blog\/wp-json\/wp\/v2\/posts\/9363\/revisions\/9365"}],"wp:featuredmedia":[{"embeddable":true,"href":"https:\/\/www.shqiperia.com\/blog\/wp-json\/wp\/v2\/media\/9364"}],"wp:attachment":[{"href":"https:\/\/www.shqiperia.com\/blog\/wp-json\/wp\/v2\/media?parent=9363"}],"wp:term":[{"taxonomy":"category","embeddable":true,"href":"https:\/\/www.shqiperia.com\/blog\/wp-json\/wp\/v2\/categories?post=9363"},{"taxonomy":"post_tag","embeddable":true,"href":"https:\/\/www.shqiperia.com\/blog\/wp-json\/wp\/v2\/tags?post=9363"}],"curies":[{"name":"wp","href":"https:\/\/api.w.org\/{rel}","templated":true}]}}