{"id":9360,"date":"2018-07-02T13:43:34","date_gmt":"2018-07-02T13:43:34","guid":{"rendered":"http:\/\/www.shqiperia.com\/blog\/?p=9360"},"modified":"2018-07-02T18:50:45","modified_gmt":"2018-07-02T18:50:45","slug":"gjermania-na-merr-4-500-infermiere-2-500-kane-gjetur-pune-2-000-po-aplikojne","status":"publish","type":"post","link":"https:\/\/www.shqiperia.com\/blog\/gjermania-na-merr-4-500-infermiere-2-500-kane-gjetur-pune-2-000-po-aplikojne\/","title":{"rendered":"Gjermania na merr 4.500 infermier\u00ebvetem brenda gjashte muajsh: 2.500 kan\u00eb gjetur pun\u00eb, 2.000 po aplikojn\u00eb.-"},"content":{"rendered":"<p><img data-recalc-dims=\"1\" loading=\"lazy\" decoding=\"async\" data-attachment-id=\"9361\" data-permalink=\"https:\/\/www.shqiperia.com\/blog\/gjermania-na-merr-4-500-infermiere-2-500-kane-gjetur-pune-2-000-po-aplikojne\/auto_mjeket-proteste1510041759\/\" data-orig-file=\"https:\/\/i0.wp.com\/www.shqiperia.com\/blog\/wp-content\/uploads\/2018\/07\/auto_mjeket-proteste1510041759.jpg?fit=850%2C589&amp;ssl=1\" data-orig-size=\"850,589\" data-comments-opened=\"1\" data-image-meta=\"{&quot;aperture&quot;:&quot;0&quot;,&quot;credit&quot;:&quot;&quot;,&quot;camera&quot;:&quot;&quot;,&quot;caption&quot;:&quot;&quot;,&quot;created_timestamp&quot;:&quot;0&quot;,&quot;copyright&quot;:&quot;&quot;,&quot;focal_length&quot;:&quot;0&quot;,&quot;iso&quot;:&quot;0&quot;,&quot;shutter_speed&quot;:&quot;0&quot;,&quot;title&quot;:&quot;&quot;,&quot;orientation&quot;:&quot;0&quot;}\" data-image-title=\"auto_mjeket-proteste1510041759\" data-image-description=\"\" data-image-caption=\"\" data-medium-file=\"https:\/\/i0.wp.com\/www.shqiperia.com\/blog\/wp-content\/uploads\/2018\/07\/auto_mjeket-proteste1510041759.jpg?fit=300%2C208&amp;ssl=1\" data-large-file=\"https:\/\/i0.wp.com\/www.shqiperia.com\/blog\/wp-content\/uploads\/2018\/07\/auto_mjeket-proteste1510041759.jpg?fit=850%2C589&amp;ssl=1\" class=\"alignnone size-medium wp-image-9361\" alt=\"\" src=\"https:\/\/i0.wp.com\/www.shqiperia.com\/blog\/wp-content\/uploads\/2018\/07\/auto_mjeket-proteste1510041759-300x208.jpg?resize=300%2C208\" width=\"300\" height=\"208\" srcset=\"https:\/\/i0.wp.com\/www.shqiperia.com\/blog\/wp-content\/uploads\/2018\/07\/auto_mjeket-proteste1510041759.jpg?resize=300%2C208&amp;ssl=1 300w, https:\/\/i0.wp.com\/www.shqiperia.com\/blog\/wp-content\/uploads\/2018\/07\/auto_mjeket-proteste1510041759.jpg?resize=768%2C532&amp;ssl=1 768w, https:\/\/i0.wp.com\/www.shqiperia.com\/blog\/wp-content\/uploads\/2018\/07\/auto_mjeket-proteste1510041759.jpg?resize=135%2C93&amp;ssl=1 135w, https:\/\/i0.wp.com\/www.shqiperia.com\/blog\/wp-content\/uploads\/2018\/07\/auto_mjeket-proteste1510041759.jpg?w=850&amp;ssl=1 850w\" sizes=\"auto, (max-width: 300px) 100vw, 300px\" \/><\/p>\n<p><strong>Gjermania na merr 4.500 infermier\u00eb: 2.500 kan\u00eb gjetur pun\u00eb, 2.000 po aplikojn\u00eb.-<\/strong><\/p>\n<p>02\/07\/2018.<\/p>\n<p>Prej rreth dy vitesh, mjek\u00ebt dhe infermier\u00ebt shqiptar\u00eb jan\u00eb masivisht me sy e vesh\u00eb nga Gjermania. Shoqata e Infermier\u00ebve deklaron shifra alarmante p\u00ebr mjek\u00ebt e larguar dhe ve\u00e7an\u00ebrisht p\u00ebr ata q\u00eb presin t\u00eb ikin.<\/p>\n<p>\u201cN\u00eb Gjermani kan\u00eb ikur rreth 2.500 infermier\u00eb aktualisht, q\u00eb nga koha e portalit. Gjithashtu ne kemi informacion se rreth 2.000 t\u00eb tjer\u00eb jan\u00eb n\u00eb proces p\u00ebr t\u00eb ikur. 2.500 jan\u00eb q\u00eb nga janari deri n\u00eb qershor. Shumica e tyre jan\u00eb profesionist\u00eb q\u00eb kan\u00eb vite pun\u00eb, nuk \u00ebsht\u00eb se jan\u00eb t\u00eb sapodiplomuar. Profilet q\u00eb k\u00ebrkohen m\u00eb tep\u00ebr jan\u00eb kujdesi n\u00eb familje, n\u00eb spitalet gereatrike, q\u00eb e ka m\u00eb t\u00eb theksuar Gjermania, Pediatria dhe Reanimacioni\u201d, thot\u00eb Elson Ja\u00e7aj, president i Shoqat\u00ebs s\u00eb Infermier\u00ebve.<\/p>\n<p><img data-recalc-dims=\"1\" loading=\"lazy\" decoding=\"async\" data-attachment-id=\"9361\" data-permalink=\"https:\/\/www.shqiperia.com\/blog\/gjermania-na-merr-4-500-infermiere-2-500-kane-gjetur-pune-2-000-po-aplikojne\/auto_mjeket-proteste1510041759\/\" data-orig-file=\"https:\/\/i0.wp.com\/www.shqiperia.com\/blog\/wp-content\/uploads\/2018\/07\/auto_mjeket-proteste1510041759.jpg?fit=850%2C589&amp;ssl=1\" data-orig-size=\"850,589\" data-comments-opened=\"1\" data-image-meta=\"{&quot;aperture&quot;:&quot;0&quot;,&quot;credit&quot;:&quot;&quot;,&quot;camera&quot;:&quot;&quot;,&quot;caption&quot;:&quot;&quot;,&quot;created_timestamp&quot;:&quot;0&quot;,&quot;copyright&quot;:&quot;&quot;,&quot;focal_length&quot;:&quot;0&quot;,&quot;iso&quot;:&quot;0&quot;,&quot;shutter_speed&quot;:&quot;0&quot;,&quot;title&quot;:&quot;&quot;,&quot;orientation&quot;:&quot;0&quot;}\" data-image-title=\"auto_mjeket-proteste1510041759\" data-image-description=\"\" data-image-caption=\"\" data-medium-file=\"https:\/\/i0.wp.com\/www.shqiperia.com\/blog\/wp-content\/uploads\/2018\/07\/auto_mjeket-proteste1510041759.jpg?fit=300%2C208&amp;ssl=1\" data-large-file=\"https:\/\/i0.wp.com\/www.shqiperia.com\/blog\/wp-content\/uploads\/2018\/07\/auto_mjeket-proteste1510041759.jpg?fit=850%2C589&amp;ssl=1\" class=\"alignnone wp-image-9361\" alt=\"\" src=\"https:\/\/i0.wp.com\/www.shqiperia.com\/blog\/wp-content\/uploads\/2018\/07\/auto_mjeket-proteste1510041759-300x208.jpg?resize=570%2C395\" width=\"570\" height=\"395\" srcset=\"https:\/\/i0.wp.com\/www.shqiperia.com\/blog\/wp-content\/uploads\/2018\/07\/auto_mjeket-proteste1510041759.jpg?resize=300%2C208&amp;ssl=1 300w, https:\/\/i0.wp.com\/www.shqiperia.com\/blog\/wp-content\/uploads\/2018\/07\/auto_mjeket-proteste1510041759.jpg?resize=768%2C532&amp;ssl=1 768w, https:\/\/i0.wp.com\/www.shqiperia.com\/blog\/wp-content\/uploads\/2018\/07\/auto_mjeket-proteste1510041759.jpg?resize=135%2C93&amp;ssl=1 135w, https:\/\/i0.wp.com\/www.shqiperia.com\/blog\/wp-content\/uploads\/2018\/07\/auto_mjeket-proteste1510041759.jpg?w=850&amp;ssl=1 850w\" sizes=\"auto, (max-width: 570px) 100vw, 570px\" \/><\/p>\n<p>P\u00ebr Shoqat\u00ebn e Infermier\u00ebve, problemi me k\u00ebta profesionist\u00eb nis q\u00eb n\u00eb universitet. N\u00eb Shqip\u00ebri num\u00ebrohen mbi 10 fakultete, ku secili ofron 300 kuota pranimi, pra 3.000 t\u00eb diplomuar p\u00ebr infermier n\u00eb vit, nd\u00ebrkoh\u00eb q\u00eb portali ofron pun\u00eb vet\u00ebm p\u00ebr 400 infermier\u00eb. Por, shkaktar\u00ebt kryesor\u00eb q\u00eb i detyrojn\u00eb infermier\u00ebt t\u00eb ikin jan\u00eb t\u00eb tjera:<\/p>\n<p>\u201cI gjith\u00eb personeli sh\u00ebndet\u00ebsor, jo vet\u00ebm infermier\u00ebt, kan\u00eb nj\u00eb stres shum\u00eb t\u00eb madh aty ku punojn\u00eb. Flas t\u00eb pakt\u00ebn p\u00ebr QSUT-n\u00eb ku un\u00eb punoj. Infermieri b\u00ebn shum\u00eb pun\u00eb, b\u00ebn pun\u00ebn e psikologut, t\u00eb recepsionistit, t\u00eb sekretarit, sepse duhet t\u2019i sh\u00ebrbej\u00eb pacientit, duhet t\u00eb hape kartel\u00ebn q\u00eb \u00ebsht\u00eb pun\u00eb e mjekut, ta regjistroj\u00eb n\u00eb sistem q\u00eb \u00ebsht\u00eb pun\u00eb e nj\u00eb sekretari dhe e gjith\u00eb barra bie mbi infermierin. S\u00eb fundmi privati ka filluar t\u00eb ul\u00eb pagat, i merr infermier\u00ebt n\u00eb prov\u00eb 3 muaj. Kur baza n\u00eb Shqip\u00ebri \u00ebsht\u00eb 40 mij\u00eb lek\u00eb p\u00ebr infermier\u00ebt dhe rreth 65, 70 mij\u00eb p\u00ebr mjek\u00ebt, jasht\u00eb paga minimale \u00ebsht\u00eb \u00ebsht\u00eb 1.800 euro p\u00ebr infermier\u00ebt dhe 2.800 apo 3.000 euro p\u00ebr mjek\u00ebt\u201d, shprehet m\u00eb tej Elson Ja\u00e7aj.<\/p>\n<p>Infermier\u00ebt dhe mjek\u00ebt shqiptar\u00eb ikin p\u00ebr nj\u00eb pun\u00eb m\u00eb dinjitoze p\u00ebr veten, por l\u00ebn\u00eb pas pik\u00ebpyetje t\u00eb m\u00ebdha p\u00ebr sh\u00ebndet\u00ebsin\u00eb q\u00eb na pret nes\u00ebr.<\/p>\n<p>\u201cNuk e di ku do jemi pas disa muajsh, jo koh\u00ebsh. N\u00ebse me k\u00ebt\u00eb rit\u00ebm t\u00eb gjith\u00eb do t\u00eb largohen, kush do t\u00eb ngelet k\u00ebtu? Sa profesionist\u00eb do t\u00eb jen\u00eb dhe si do t\u00eb jet\u00eb sh\u00ebrbimi sh\u00ebndet\u00ebsor n\u00eb vend?\u201d, deklaron Ja\u00e7aj.<\/p>\n<p><strong>Top Channel <\/strong><\/p>\n","protected":false},"excerpt":{"rendered":"<p>Gjermania na merr 4.500 infermier\u00eb: 2.500 kan\u00eb gjetur pun\u00eb, 2.000 po aplikojn\u00eb.- 02\/07\/2018. Prej rreth dy vitesh, mjek\u00ebt dhe infermier\u00ebt shqiptar\u00eb jan\u00eb masivisht me sy e vesh\u00eb nga Gjermania. Shoqata e Infermier\u00ebve deklaron shifra alarmante p\u00ebr mjek\u00ebt e larguar dhe ve\u00e7an\u00ebrisht p\u00ebr ata q\u00eb presin t\u00eb ikin. \u201cN\u00eb Gjermani kan\u00eb ikur rreth 2.500 infermier\u00eb aktualisht, [&hellip;]<\/p>\n","protected":false},"author":9,"featured_media":9361,"comment_status":"open","ping_status":"open","sticky":false,"template":"","format":"standard","meta":{"jetpack_post_was_ever_published":false,"_jetpack_newsletter_access":"","_jetpack_dont_email_post_to_subs":false,"_jetpack_newsletter_tier_id":0,"_jetpack_memberships_contains_paywalled_content":false,"_jetpack_memberships_contains_paid_content":false,"footnotes":"","jetpack_publicize_message":"","jetpack_publicize_feature_enabled":true,"jetpack_social_post_already_shared":true,"jetpack_social_options":{"image_generator_settings":{"template":"highway","default_image_id":0,"font":"","enabled":false},"version":2}},"categories":[27,1,35],"tags":[],"class_list":["post-9360","post","type-post","status-publish","format-standard","has-post-thumbnail","hentry","category-blogu-i-udhetarit","category-njoftime-shtypi","category-shoqerore"],"jetpack_publicize_connections":[],"jetpack_featured_media_url":"https:\/\/i0.wp.com\/www.shqiperia.com\/blog\/wp-content\/uploads\/2018\/07\/auto_mjeket-proteste1510041759.jpg?fit=850%2C589&ssl=1","jetpack_sharing_enabled":true,"jetpack_shortlink":"https:\/\/wp.me\/p5Z6wp-2qY","jetpack-related-posts":[{"id":101642,"url":"https:\/\/www.shqiperia.com\/blog\/shqiptaret-nga-anglia-franca-dhe-gjermania-jane-nisur-ketu\/","url_meta":{"origin":9360,"position":0},"title":"Shqiptar\u00ebt nga Anglia, Franca dhe Gjermania jan\u00eb nisur k\u00ebtu","author":"Kurt Farka","date":"June 19, 2026","format":false,"excerpt":"Aktivistja Lu\u00e7iana Kokaj foli nga protesta para Kryeministris\u00eb n\u00eb dit\u00ebn e 19-t\u00eb, ku u shpreh se shqiptar\u00ebt e diaspor\u00ebs nga Anglia, Gjermania, Franca, Belgjika jan\u00eb nisur p\u00ebr n\u00eb atdhe.Sakaq, ftoi protestuesit t\u00eb rezistojn\u00eb pasi betejat tha ajo i fitojn\u00eb ata q\u00eb rezistojn\u00eb. Lu\u00e7iana Kokaj:\u00a0Shqiptar\u00eb nga Anglia, nga Franca, Belgjika e\u2026","rel":"","context":"In &quot;Blogu i Udh\u00ebtarit&quot;","block_context":{"text":"Blogu i Udh\u00ebtarit","link":"https:\/\/www.shqiperia.com\/blog\/category\/blogu-i-udhetarit\/"},"img":{"alt_text":"","src":"https:\/\/i0.wp.com\/www.shqiperia.com\/blog\/wp-content\/uploads\/2026\/06\/IMG_9907-1-300x173.jpeg?resize=350%2C200&ssl=1","width":350,"height":200,"srcset":"https:\/\/i0.wp.com\/www.shqiperia.com\/blog\/wp-content\/uploads\/2026\/06\/IMG_9907-1-300x173.jpeg?resize=350%2C200&ssl=1 1x, https:\/\/i0.wp.com\/www.shqiperia.com\/blog\/wp-content\/uploads\/2026\/06\/IMG_9907-1-300x173.jpeg?resize=525%2C300&ssl=1 1.5x"},"classes":[]},{"id":100616,"url":"https:\/\/www.shqiperia.com\/blog\/laboratore-copy-paste-i-njejti-mjek-firmos-analiza-ne-disa-pika-skema-qe-ngre-pikepyetje\/","url_meta":{"origin":9360,"position":1},"title":"Laborator\u00eb \u2018copy-paste\u2019: &#8211; I nj\u00ebjti mjek firmos analiza n\u00eb disa pika\/ Skema q\u00eb ngre pik\u00ebpyetje","author":"Kurt Farka","date":"May 24, 2026","format":false,"excerpt":"24 Maji 2026 Sipas Qendr\u00ebs Komb\u00ebtare t\u00eb Licensimit, n\u00eb Shqip\u00ebri operojn\u00eb rreth 957 laborator\u00eb klinik\u00eb, ku \u00e7do dit\u00eb analizohen mostra biologjike t\u00eb pacient\u00ebve, gjak, urin\u00eb, fe\u00e7e dhe l\u00ebngje t\u00eb tjera trupore, me q\u00ebllim diagnostikimin, monitorimin dhe ndjekjen e s\u00ebmundjeve. Por kur nj\u00eb analiz\u00eb interpretohet gabim, kostot p\u00ebr pacientin mund t\u00eb\u2026","rel":"","context":"In &quot;Blogu i Udh\u00ebtarit&quot;","block_context":{"text":"Blogu i Udh\u00ebtarit","link":"https:\/\/www.shqiperia.com\/blog\/category\/blogu-i-udhetarit\/"},"img":{"alt_text":"","src":"https:\/\/i0.wp.com\/www.shqiperia.com\/blog\/wp-content\/uploads\/2026\/05\/maxresdefault-2-1.jpg?fit=1200%2C675&ssl=1&resize=350%2C200","width":350,"height":200,"srcset":"https:\/\/i0.wp.com\/www.shqiperia.com\/blog\/wp-content\/uploads\/2026\/05\/maxresdefault-2-1.jpg?fit=1200%2C675&ssl=1&resize=350%2C200 1x, https:\/\/i0.wp.com\/www.shqiperia.com\/blog\/wp-content\/uploads\/2026\/05\/maxresdefault-2-1.jpg?fit=1200%2C675&ssl=1&resize=525%2C300 1.5x, https:\/\/i0.wp.com\/www.shqiperia.com\/blog\/wp-content\/uploads\/2026\/05\/maxresdefault-2-1.jpg?fit=1200%2C675&ssl=1&resize=700%2C400 2x, https:\/\/i0.wp.com\/www.shqiperia.com\/blog\/wp-content\/uploads\/2026\/05\/maxresdefault-2-1.jpg?fit=1200%2C675&ssl=1&resize=1050%2C600 3x"},"classes":[]},{"id":101587,"url":"https:\/\/www.shqiperia.com\/blog\/euro-shkaterron-fasonin-eksportet-bien-14-ne-maj-fabrikat-po-mbyllen-lene-punonjesit-pa-pune\/","url_meta":{"origin":9360,"position":2},"title":"Euro \u201cshkat\u00ebrron\u201d fasonin, eksportet bien 14% n\u00eb maj, fabrikat po mbyllen, l\u00ebn\u00eb punonj\u00ebsit pa pun\u00eb","author":"Kurt Farka","date":"June 18, 2026","format":false,"excerpt":"Pas nj\u00eb rritjeje t\u00eb fort\u00eb n\u00eb prill (16.9%), eksportet kan\u00eb ngadal\u00ebsuar ndjesh\u00ebm ritmet n\u00eb maj, duke u zgjeruar me 2.8% n\u00eb maj, sipas t\u00eb dh\u00ebnave t\u00eb INSTAT. Sektori me ecurin\u00eb m\u00eb negative n\u00eb maj ishte ai i tekstile e k\u00ebpuc\u00ebve, q\u00eb punon me sistemin fason (material porosit\u00ebsi), q\u00eb sh\u00ebnoi tkurrje\u2026","rel":"","context":"In &quot;Blogu i Udh\u00ebtarit&quot;","block_context":{"text":"Blogu i Udh\u00ebtarit","link":"https:\/\/www.shqiperia.com\/blog\/category\/blogu-i-udhetarit\/"},"img":{"alt_text":"","src":"https:\/\/i0.wp.com\/www.shqiperia.com\/blog\/wp-content\/uploads\/2026\/06\/640-0-475d282bfb55ca10fbdb583b6fbde0cc.jpg?fit=640%2C360&ssl=1&resize=350%2C200","width":350,"height":200,"srcset":"https:\/\/i0.wp.com\/www.shqiperia.com\/blog\/wp-content\/uploads\/2026\/06\/640-0-475d282bfb55ca10fbdb583b6fbde0cc.jpg?fit=640%2C360&ssl=1&resize=350%2C200 1x, https:\/\/i0.wp.com\/www.shqiperia.com\/blog\/wp-content\/uploads\/2026\/06\/640-0-475d282bfb55ca10fbdb583b6fbde0cc.jpg?fit=640%2C360&ssl=1&resize=525%2C300 1.5x"},"classes":[]},{"id":102296,"url":"https:\/\/www.shqiperia.com\/blog\/pergjimet-mos-dil-sot-na-njoftuan-keta-te-shtetit-kush-e-dekonspiroi-aksionin-e-spak-kunder-call-center-ave\/","url_meta":{"origin":9360,"position":3},"title":"P\u00cbRGJIMET: \u201cMos dil sot, na njoftuan k\u00ebta t\u00eb shtetit\u201d! Kush e dekonspiroi aksionin e SPAK kund\u00ebr Call Center-ave?","author":"Kurt Farka","date":"July 6, 2026","format":false,"excerpt":"6 Korrik 2026 SPAK \u00ebsht\u00eb duke goditur n\u00eb m\u00ebnyr\u00eb t\u00eb nj\u00ebpasnj\u00ebshme aktivitetin e paligjsh\u00ebm t\u00eb Call Centerave mashtrues, t\u00eb cil\u00ebt p\u00ebrmes skemave t\u00eb mashtrimit kan\u00eb futur n\u00eb kurth nj\u00eb num\u00ebr t\u00eb madh qytetar\u00ebsh nga vendet e BE-s\u00eb dhe m\u00eb gjer\u00eb, duke u marr\u00eb para. K\u00ebto para m\u00eb pas dyshohet se\u2026","rel":"","context":"In &quot;Blogu i Udh\u00ebtarit&quot;","block_context":{"text":"Blogu i Udh\u00ebtarit","link":"https:\/\/www.shqiperia.com\/blog\/category\/blogu-i-udhetarit\/"},"img":{"alt_text":"","src":"https:\/\/i0.wp.com\/www.shqiperia.com\/blog\/wp-content\/uploads\/2026\/07\/640-0-image-1783337311.webp?fit=640%2C428&ssl=1&resize=350%2C200","width":350,"height":200,"srcset":"https:\/\/i0.wp.com\/www.shqiperia.com\/blog\/wp-content\/uploads\/2026\/07\/640-0-image-1783337311.webp?fit=640%2C428&ssl=1&resize=350%2C200 1x, https:\/\/i0.wp.com\/www.shqiperia.com\/blog\/wp-content\/uploads\/2026\/07\/640-0-image-1783337311.webp?fit=640%2C428&ssl=1&resize=525%2C300 1.5x"},"classes":[]},{"id":103966,"url":"https:\/\/www.shqiperia.com\/blog\/shqiptari-nga-gjermania-ia-numeron-rames-na-ka-vjedhur-kjo-eshte-mundesia-e-fundit-per-ndryshim\/","url_meta":{"origin":9360,"position":4},"title":"Shqiptari nga Gjermania ia num\u00ebron Ram\u00ebs: = Na ka vjedhur! Kjo \u00ebsht\u00eb mund\u00ebsia e fundit p\u00ebr ndryshim","author":"Kurt Farka","date":"August 7, 2026","format":false,"excerpt":"7 Gusht 2026 \u201cPo mos t\u00eb ishte News24, protesta do t\u00eb ishte shuar\u201d. Nj\u00eb qytetar shqiptar q\u00eb jeton n\u00eb Gjermani i \u00ebsht\u00eb bashkuar protest\u00ebs s\u00eb zhvilluar n\u00eb Sheshin Sk\u00ebnderbej, duke e cil\u00ebsuar at\u00eb si nj\u00eb nga momentet m\u00eb t\u00eb r\u00ebnd\u00ebsishme p\u00ebr vendin gjat\u00eb dekadave t\u00eb fundit. Ai tha se protesta\u2026","rel":"","context":"In &quot;Blogu i Udh\u00ebtarit&quot;","block_context":{"text":"Blogu i Udh\u00ebtarit","link":"https:\/\/www.shqiperia.com\/blog\/category\/blogu-i-udhetarit\/"},"img":{"alt_text":"","src":"https:\/\/i0.wp.com\/www.shqiperia.com\/blog\/wp-content\/uploads\/2026\/08\/diaspora-1.jpg?fit=1200%2C549&ssl=1&resize=350%2C200","width":350,"height":200,"srcset":"https:\/\/i0.wp.com\/www.shqiperia.com\/blog\/wp-content\/uploads\/2026\/08\/diaspora-1.jpg?fit=1200%2C549&ssl=1&resize=350%2C200 1x, https:\/\/i0.wp.com\/www.shqiperia.com\/blog\/wp-content\/uploads\/2026\/08\/diaspora-1.jpg?fit=1200%2C549&ssl=1&resize=525%2C300 1.5x, https:\/\/i0.wp.com\/www.shqiperia.com\/blog\/wp-content\/uploads\/2026\/08\/diaspora-1.jpg?fit=1200%2C549&ssl=1&resize=700%2C400 2x, https:\/\/i0.wp.com\/www.shqiperia.com\/blog\/wp-content\/uploads\/2026\/08\/diaspora-1.jpg?fit=1200%2C549&ssl=1&resize=1050%2C600 3x"},"classes":[]},{"id":100674,"url":"https:\/\/www.shqiperia.com\/blog\/gjermania-dhe-holanda-i-kerkojne-edi-rames-koken-e-belinda-balluku-ska-integrim-ne-be-nese-nuk-i-hapet-drita\/","url_meta":{"origin":9360,"position":5},"title":"Gjermania dhe Holanda i k\u00ebrkojn\u00eb Edi Ram\u00ebs \u201ckok\u00ebn\u201d e Belinda Balluku, s\u2019ka integrim n\u00eb BE n\u00ebse nuk i hapet drita\u2026","author":"Kurt Farka","date":"May 27, 2026","format":false,"excerpt":"27 Maji 2026 Nj\u00eb \u201ct\u00ebrmet\u201d i v\u00ebrtet\u00eb diplomatik ka tronditur themelet e qeveris\u00eb shqiptare, teksa dje po mbahej Konferenca e 8-t\u00eb Nd\u00ebrqeveritare mes Shqip\u00ebris\u00eb dhe Bashkimit Europian n\u00eb Bruksel. Dy nga shtetet m\u00eb skeptike dhe me pesh\u00ebn kryesore n\u00eb vendimmarrjen e BE-s\u00eb, Gjermania dhe Holanda, kan\u00eb kusht\u00ebzuar hapur avancimin e\u2026","rel":"","context":"In &quot;Blogu i Udh\u00ebtarit&quot;","block_context":{"text":"Blogu i Udh\u00ebtarit","link":"https:\/\/www.shqiperia.com\/blog\/category\/blogu-i-udhetarit\/"},"img":{"alt_text":"","src":"https:\/\/i0.wp.com\/www.shqiperia.com\/blog\/wp-content\/uploads\/2026\/05\/foto-3-1-900x570-1.png?fit=900%2C570&ssl=1&resize=350%2C200","width":350,"height":200,"srcset":"https:\/\/i0.wp.com\/www.shqiperia.com\/blog\/wp-content\/uploads\/2026\/05\/foto-3-1-900x570-1.png?fit=900%2C570&ssl=1&resize=350%2C200 1x, https:\/\/i0.wp.com\/www.shqiperia.com\/blog\/wp-content\/uploads\/2026\/05\/foto-3-1-900x570-1.png?fit=900%2C570&ssl=1&resize=525%2C300 1.5x, https:\/\/i0.wp.com\/www.shqiperia.com\/blog\/wp-content\/uploads\/2026\/05\/foto-3-1-900x570-1.png?fit=900%2C570&ssl=1&resize=700%2C400 2x"},"classes":[]}],"_links":{"self":[{"href":"https:\/\/www.shqiperia.com\/blog\/wp-json\/wp\/v2\/posts\/9360","targetHints":{"allow":["GET"]}}],"collection":[{"href":"https:\/\/www.shqiperia.com\/blog\/wp-json\/wp\/v2\/posts"}],"about":[{"href":"https:\/\/www.shqiperia.com\/blog\/wp-json\/wp\/v2\/types\/post"}],"author":[{"embeddable":true,"href":"https:\/\/www.shqiperia.com\/blog\/wp-json\/wp\/v2\/users\/9"}],"replies":[{"embeddable":true,"href":"https:\/\/www.shqiperia.com\/blog\/wp-json\/wp\/v2\/comments?post=9360"}],"version-history":[{"count":2,"href":"https:\/\/www.shqiperia.com\/blog\/wp-json\/wp\/v2\/posts\/9360\/revisions"}],"predecessor-version":[{"id":9370,"href":"https:\/\/www.shqiperia.com\/blog\/wp-json\/wp\/v2\/posts\/9360\/revisions\/9370"}],"wp:featuredmedia":[{"embeddable":true,"href":"https:\/\/www.shqiperia.com\/blog\/wp-json\/wp\/v2\/media\/9361"}],"wp:attachment":[{"href":"https:\/\/www.shqiperia.com\/blog\/wp-json\/wp\/v2\/media?parent=9360"}],"wp:term":[{"taxonomy":"category","embeddable":true,"href":"https:\/\/www.shqiperia.com\/blog\/wp-json\/wp\/v2\/categories?post=9360"},{"taxonomy":"post_tag","embeddable":true,"href":"https:\/\/www.shqiperia.com\/blog\/wp-json\/wp\/v2\/tags?post=9360"}],"curies":[{"name":"wp","href":"https:\/\/api.w.org\/{rel}","templated":true}]}}